{"id":85360,"date":"2024-05-24T12:30:14","date_gmt":"2024-05-24T11:30:14","guid":{"rendered":"https:\/\/jornaldasoficinas.com\/pt\/?p=85360"},"modified":"2024-05-24T11:42:55","modified_gmt":"2024-05-24T10:42:55","slug":"mapfre-recicla-cerca-de-3-567-toneladas-de-residuos-a-nivel-global","status":"publish","type":"post","link":"https:\/\/jornaldasoficinas.com\/pt\/mapfre-recicla-cerca-de-3-567-toneladas-de-residuos-a-nivel-global\/","title":{"rendered":"MAPFRE recicla cerca de 3.567 toneladas de res\u00edduos a n\u00edvel global"},"content":{"rendered":"<p><strong><img loading=\"lazy\" decoding=\"async\" class=\"alignnone size-full wp-image-85364\" src=\"https:\/\/jornaldasoficinas.com\/pt\/wp-content\/uploads\/2024\/05\/MAPFRE-recicla-cerca-de-3.567-toneladas-de-residuos-a-nivel-global.jpg\" alt=\"05 - MAPFRE recicla cerca de 3.567 toneladas de residuos a nivel global\" width=\"1024\" height=\"581\" srcset=\"https:\/\/jornaldasoficinas.com\/pt\/wp-content\/uploads\/2024\/05\/MAPFRE-recicla-cerca-de-3.567-toneladas-de-residuos-a-nivel-global.jpg 1024w, https:\/\/jornaldasoficinas.com\/pt\/wp-content\/uploads\/2024\/05\/MAPFRE-recicla-cerca-de-3.567-toneladas-de-residuos-a-nivel-global-300x170.jpg 300w, https:\/\/jornaldasoficinas.com\/pt\/wp-content\/uploads\/2024\/05\/MAPFRE-recicla-cerca-de-3.567-toneladas-de-residuos-a-nivel-global-150x85.jpg 150w, https:\/\/jornaldasoficinas.com\/pt\/wp-content\/uploads\/2024\/05\/MAPFRE-recicla-cerca-de-3.567-toneladas-de-residuos-a-nivel-global-768x436.jpg 768w\" sizes=\"auto, (max-width: 1024px) 100vw, 1024px\" \/><\/strong><\/p>\n<p><strong>O Dia Mundial da Reciclagem celebrou-se no passado dia 17 de maio e como tal, o Jornal das Oficinas, assistiu de perto \u00e0 reutiliza\u00e7\u00e3o de pe\u00e7as que t\u00eam mais do que uma vida, nas instala\u00e7\u00f5es do <a href=\"https:\/\/www.cesvimap.com\/\">CESVIMAP<\/a>, na <a href=\"https:\/\/www.mapfre.pt\/particulares\/\">MAPFRE <\/a><\/strong><\/p>\n<p>A MAPFRE demonstra o seu compromisso com a sustentabilidade e a economia circular, um dos principais desafios globais, gerindo cerca de 3.567 toneladas de res\u00edduos a n\u00edvel global, em 2023, dos quais 92%, 3.200 toneladas, passaram por processos de valoriza\u00e7\u00e3o.<\/p>\n<p>A empresa Espanhola, recuperou o ano passado, atrav\u00e9s do <a href=\"https:\/\/www.cesvirecambios.com\/\">CESVIrecambios<\/a>, 673 toneladas de pe\u00e7as de ve\u00edculos sinistrados para reutiliza\u00e7\u00e3o ap\u00f3s o tratamento de 1.887 ve\u00edculos em Espanha. Este centro tecnol\u00f3gico global \u00e9 especializado em repara\u00e7\u00e3o e reciclagem de ve\u00edculos, entre outros servi\u00e7os, e \u00e9 refer\u00eancia em como descartar ve\u00edculos de forma sustent\u00e1vel, prolongando a vida \u00fatil das pe\u00e7as, facilitando o reaproveitamento de mat\u00e9rias-primas, como pl\u00e1stico e vidro e reduzindo o consumo de energia.<\/p>\n<p>Desde o seu lan\u00e7amento, h\u00e1 mais de 40 anos, que o centro tamb\u00e9m realiza testes de colis\u00e3o em baixa velocidade com mais de 800 ve\u00edculos, incluindo carros, vans, motociclos e scooters el\u00e9tricas, para avaliar os seus danos e identificar m\u00e9todos de recupera\u00e7\u00e3o sustent\u00e1veis \u200b\u200bque evitem os danos causados.<\/p>\n<p>Para al\u00e9m destes, tamb\u00e9m utilizam baterias usadas de ve\u00edculos el\u00e9tricos para armazenar a energia produzida pela sua central fotovoltaica de autoconsumo localizada em \u00c1vila. Gra\u00e7as a isso, o CESVIMAP produziu 75 MWh de energia fotovoltaica, aumentando em 21% a gera\u00e7\u00e3o desta fonte de energia renov\u00e1vel. Al\u00e9m disso, o centro alcan\u00e7ou autoconsumo direto de 62 MWh, bem como 13 MWh para armazenamento e consumo diferido.<\/p>\n<p>At\u00e9 2030, a MAPFRE, aspira tornar-se uma empresa neutra em carbono, compromisso com o qual promove o consumo respons\u00e1vel de recursos, a redu\u00e7\u00e3o, reutiliza\u00e7\u00e3o e reciclagem de res\u00edduos, entre outras medidas.<\/p>\n<div class=\"wonderplugingallery-container\" id=\"wonderplugingallery-container-201\" style=\"max-width:960px;margin:0 auto;\"><div class=\"wonderplugingallery\" id=\"wonderplugingallery-201\" data-galleryid=\"201\" data-width=\"960\" data-height=\"540\" data-skin=\"gallery\" data-playsinline=\"false\" data-mutevideo=\"false\" data-random=\"false\" data-autoslide=\"false\" data-autoplayvideo=\"false\" data-schemamarkup=\"false\" data-stopallplaying=\"false\" data-reloadonvideoend=\"false\" data-donotuseposter=\"false\" data-enabletabindex=\"false\" data-loadnextonvideoend=\"false\" data-hidetitlewhenvideoisplaying=\"false\" data-disablehovereventontouch=\"false\" data-autoslideandplayafterfirstplayed=\"false\" data-html5player=\"true\" data-responsive=\"true\" data-fullwidth=\"false\" data-showtitle=\"true\" data-showdescription=\"true\" data-showplaybutton=\"true\" data-showfullscreenbutton=\"true\" data-showtimer=\"true\" data-showcarousel=\"true\" data-galleryshadow=\"false\" data-slideshadow=\"true\" data-thumbshowtitle=\"false\" data-thumbshowimage=\"true\" data-thumbshadow=\"true\" data-lightboxshowtitle=\"true\" data-lightboxshowdescription=\"true\" data-specifyid=\"true\" data-donotinit=\"false\" data-addinitscript=\"false\" data-triggerresize=\"false\" data-thumbcolumnsresponsive=\"false\" data-thumbverticalmiddle=\"true\" data-removeinlinecss=\"true\" data-switchonmouseover=\"false\" data-showcategory=\"true\" data-carouselpagination=\"false\" data-showimgtitle=\"false\" data-titlesmallscreen=\"false\" data-initsocial=\"true\" data-showsocial=\"false\" data-showemail=\"false\" data-showfacebook=\"true\" data-showtwitter=\"true\" data-showpinterest=\"true\" data-socialrotateeffect=\"true\" data-doshortcodeontext=\"false\" data-loop=\"0\" data-duration=\"1500\" data-slideduration=\"1000\" data-slideshowinterval=\"6000\" data-googleanalyticsaccount=\"\" data-ga4account=\"\" data-resizemode=\"fill\" data-imagetoolboxmode=\"mouseover\" data-effect=\"fade\" data-padding=\"12\" data-bgcolor=\"\" data-bgimage=\"\" data-thumbwidth=\"120\" data-thumbheight=\"60\" data-thumbgap=\"8\" data-thumbrowgap=\"16\" data-lightboxtextheight=\"72\" data-lightboxtitlecss=\"{color:#333333; font:bold 12px Arial,Helvetica,sans-serif; overflow:hidden; white-space:normal; line-height:18px;}\" data-lightboxdescriptioncss=\"{color:#333333; font:normal 12px Arial,Helvetica,sans-serif; overflow:hidden; white-space:normal; line-height:14px;}\" data-titlecss=\"{color:#ffffff; font-size:14px; font-family:Armata, sans-serif, Arial; overflow:hidden; text-align:left; padding:10px 0px 10px 10px; background:rgb(102, 102, 102) transparent; background:rgba(102, 102, 102, 0.6);}\" data-descriptioncss=\"{color:#ffffff; font-size:13px; font-family:Armata, sans-serif, Arial; overflow:hidden; text-align:left; padding:0px 0px 10px 10px; background:rgb(102, 102, 102) transparent; background:rgba(102, 102, 102, 0.6);}\" data-titleheight=\"72\" data-titlesmallscreenwidth=\"640\" data-titleheightsmallscreen=\"148\" data-socialmode=\"mouseover\" data-socialposition=\"position:absolute;top:8px;right:8px;\" data-socialpositionlightbox=\"position:absolute;top:8px;right:8px;\" data-socialdirection=\"horizontal\" data-socialbuttonsize=\"32\" data-socialbuttonfontsize=\"18\" data-defaultvideovolume=\"1\" data-thumbtitleheight=\"24\" data-thumbmediumtitleheight=\"48\" data-thumbsmalltitleheight=\"72\" data-categoryheight=\"48\" data-categorydefault=\"all\" data-triggerresizedelay=\"100\" data-thumbmediumsize=\"800\" data-thumbsmallsize=\"480\" data-thumbmediumwidth=\"64\" data-thumbmediumheight=\"64\" data-thumbsmallwidth=\"48\" data-thumbsmallheight=\"48\" data-imgtitle=\"title\" data-carouselpaginationrow=\"3\" data-categorystyle=\"dropdown\" data-categorylist=\"[{&quot;slug&quot;:&quot;all&quot;,&quot;caption&quot;:&quot;Show All&quot;}]\" data-jsfolder=\"https:\/\/jornaldasoficinas.com\/pt\/wp-content\/plugins\/wonderplugin-gallery\/engine\/\" style=\"display:none;\" ><a class=\"html5galleryimglink\" href=\"https:\/\/jornaldasoficinas.com\/pt\/wp-content\/uploads\/2024\/05\/MAPFRE-recicla-cerca-de-3.567\/DSC0021.jpg\" data-mediatype=1><img decoding=\"async\" class=\"html5galleryimg html5gallery-tn-image\" src=\"https:\/\/jornaldasoficinas.com\/pt\/wp-content\/uploads\/2024\/05\/MAPFRE-recicla-cerca-de-3.567\/DSC0021.jpg\" alt=\"\"><\/a><div class=\"html5gallery-info\"><\/div><a class=\"html5galleryimglink\" href=\"https:\/\/jornaldasoficinas.com\/pt\/wp-content\/uploads\/2024\/05\/MAPFRE-recicla-cerca-de-3.567\/DSC0028.jpg\" data-mediatype=1><img decoding=\"async\" class=\"html5galleryimg html5gallery-tn-image\" src=\"https:\/\/jornaldasoficinas.com\/pt\/wp-content\/uploads\/2024\/05\/MAPFRE-recicla-cerca-de-3.567\/DSC0028.jpg\" alt=\"\"><\/a><div class=\"html5gallery-info\"><\/div><a class=\"html5galleryimglink\" href=\"https:\/\/jornaldasoficinas.com\/pt\/wp-content\/uploads\/2024\/05\/MAPFRE-recicla-cerca-de-3.567\/DSC0031.jpg\" data-mediatype=1><img decoding=\"async\" class=\"html5galleryimg html5gallery-tn-image\" src=\"https:\/\/jornaldasoficinas.com\/pt\/wp-content\/uploads\/2024\/05\/MAPFRE-recicla-cerca-de-3.567\/DSC0031.jpg\" alt=\"\"><\/a><div class=\"html5gallery-info\"><\/div><a class=\"html5galleryimglink\" href=\"https:\/\/jornaldasoficinas.com\/pt\/wp-content\/uploads\/2024\/05\/MAPFRE-recicla-cerca-de-3.567\/DSC0039.jpg\" data-mediatype=1><img decoding=\"async\" class=\"html5galleryimg html5gallery-tn-image\" src=\"https:\/\/jornaldasoficinas.com\/pt\/wp-content\/uploads\/2024\/05\/MAPFRE-recicla-cerca-de-3.567\/DSC0039.jpg\" alt=\"\"><\/a><div class=\"html5gallery-info\"><\/div><a class=\"html5galleryimglink\" href=\"https:\/\/jornaldasoficinas.com\/pt\/wp-content\/uploads\/2024\/05\/MAPFRE-recicla-cerca-de-3.567\/DSC0040.jpg\" data-mediatype=1><img decoding=\"async\" class=\"html5galleryimg html5gallery-tn-image\" src=\"https:\/\/jornaldasoficinas.com\/pt\/wp-content\/uploads\/2024\/05\/MAPFRE-recicla-cerca-de-3.567\/DSC0040.jpg\" alt=\"\"><\/a><div class=\"html5gallery-info\"><\/div><a class=\"html5galleryimglink\" href=\"https:\/\/jornaldasoficinas.com\/pt\/wp-content\/uploads\/2024\/05\/MAPFRE-recicla-cerca-de-3.567\/DSC0041.jpg\" data-mediatype=1><img decoding=\"async\" class=\"html5galleryimg html5gallery-tn-image\" src=\"https:\/\/jornaldasoficinas.com\/pt\/wp-content\/uploads\/2024\/05\/MAPFRE-recicla-cerca-de-3.567\/DSC0041.jpg\" alt=\"\"><\/a><div class=\"html5gallery-info\"><\/div><a class=\"html5galleryimglink\" href=\"https:\/\/jornaldasoficinas.com\/pt\/wp-content\/uploads\/2024\/05\/MAPFRE-recicla-cerca-de-3.567\/DSC0057.jpg\" data-mediatype=1><img decoding=\"async\" class=\"html5galleryimg html5gallery-tn-image\" src=\"https:\/\/jornaldasoficinas.com\/pt\/wp-content\/uploads\/2024\/05\/MAPFRE-recicla-cerca-de-3.567\/DSC0057.jpg\" alt=\"\"><\/a><div class=\"html5gallery-info\"><\/div><\/div><\/div><script>function wondergallery_201_appendcss(csscode) {var head=document.head || document.getElementsByTagName(\"head\")[0];var style=document.createElement(\"style\");head.appendChild(style);style.type=\"text\/css\";if (style.styleSheet){style.styleSheet.cssText=csscode;} else {style.appendChild(document.createTextNode(csscode));}};wondergallery_201_appendcss(\"#wonderplugingallery-201 .html5gallery-cat-selection-201 { \tbox-sizing: border-box; \ttext-align: center; }  #wonderplugingallery-201 .html5gallery-cat-selection-201 select { \tbox-sizing: border-box; \tmargin: 4px auto; }\");<\/script>\n<p>&nbsp;<\/p>\n<p>&nbsp;<\/p>\n","protected":false},"excerpt":{"rendered":"<p>O Dia Mundial da Reciclagem celebrou-se&#8230;<\/p>\n","protected":false},"author":15,"featured_media":85364,"comment_status":"closed","ping_status":"closed","sticky":false,"template":"","format":"standard","meta":{"footnotes":""},"categories":[29],"tags":[738,9256,9258,387,2960,9259,9257,1767],"class_list":["post-85360","post","type-post","status-publish","format-standard","has-post-thumbnail","hentry","category-empresas","tag-cesvimap","tag-cesvirecambios","tag-dia-mundial-da-reciclagem","tag-economia-circular","tag-mapfre","tag-reaproveitamento-materias-primas","tag-reciclagem-pecas","tag-sustentabilidade"],"yoast_head":"<!-- This site is optimized with the Yoast SEO plugin v27.5 - https:\/\/yoast.com\/product\/yoast-seo-wordpress\/ -->\n<title>MAPFRE recicla cerca de 3.567 toneladas de res\u00edduos a n\u00edvel global - Jornal das Oficinas<\/title>\n<meta name=\"description\" content=\"A MAPFRE geriu cerca de 3.567 toneladas de res\u00edduos a n\u00edvel global, dos quais 92%, 3.200 toneladas, passaram por processos de valoriza\u00e7\u00e3o\" \/>\n<meta name=\"robots\" content=\"index, follow, max-snippet:-1, max-image-preview:large, max-video-preview:-1\" \/>\n<link rel=\"canonical\" href=\"https:\/\/jornaldasoficinas.com\/pt\/mapfre-recicla-cerca-de-3-567-toneladas-de-residuos-a-nivel-global\/\" \/>\n<meta property=\"og:locale\" content=\"pt_PT\" \/>\n<meta property=\"og:type\" content=\"article\" \/>\n<meta property=\"og:title\" content=\"MAPFRE recicla cerca de 3.567 toneladas de res\u00edduos a n\u00edvel global - Jornal das Oficinas\" \/>\n<meta property=\"og:description\" content=\"A MAPFRE geriu cerca de 3.567 toneladas de res\u00edduos a n\u00edvel global, dos quais 92%, 3.200 toneladas, passaram por processos de valoriza\u00e7\u00e3o\" \/>\n<meta property=\"og:url\" content=\"https:\/\/jornaldasoficinas.com\/pt\/mapfre-recicla-cerca-de-3-567-toneladas-de-residuos-a-nivel-global\/\" \/>\n<meta property=\"og:site_name\" content=\"Jornal das Oficinas\" \/>\n<meta property=\"article:publisher\" content=\"https:\/\/www.facebook.com\/jornaloficinas\" \/>\n<meta property=\"article:published_time\" content=\"2024-05-24T11:30:14+00:00\" \/>\n<meta property=\"og:image\" content=\"https:\/\/jornaldasoficinas.com\/pt\/wp-content\/uploads\/2024\/05\/MAPFRE-recicla-cerca-de-3.567-toneladas-de-residuos-a-nivel-global.jpg\" \/>\n\t<meta property=\"og:image:width\" content=\"1024\" \/>\n\t<meta property=\"og:image:height\" content=\"581\" \/>\n\t<meta property=\"og:image:type\" content=\"image\/jpeg\" \/>\n<meta name=\"author\" content=\"Reda\u00e7\u00e3o JO\" \/>\n<meta name=\"twitter:card\" content=\"summary_large_image\" \/>\n<meta name=\"twitter:creator\" content=\"@jornaloficinas\" \/>\n<meta name=\"twitter:site\" content=\"@jornaloficinas\" \/>\n<meta name=\"twitter:label1\" content=\"Escrito por\" \/>\n\t<meta name=\"twitter:data1\" content=\"Reda\u00e7\u00e3o JO\" \/>\n\t<meta name=\"twitter:label2\" content=\"Tempo estimado de leitura\" \/>\n\t<meta name=\"twitter:data2\" content=\"3 minutos\" \/>\n<script type=\"application\/ld+json\" class=\"yoast-schema-graph\">{\"@context\":\"https:\\\/\\\/schema.org\",\"@graph\":[{\"@type\":\"Article\",\"@id\":\"https:\\\/\\\/jornaldasoficinas.com\\\/pt\\\/mapfre-recicla-cerca-de-3-567-toneladas-de-residuos-a-nivel-global\\\/#article\",\"isPartOf\":{\"@id\":\"https:\\\/\\\/jornaldasoficinas.com\\\/pt\\\/mapfre-recicla-cerca-de-3-567-toneladas-de-residuos-a-nivel-global\\\/\"},\"author\":{\"name\":\"Reda\u00e7\u00e3o JO\",\"@id\":\"https:\\\/\\\/jornaldasoficinas.com\\\/pt\\\/#\\\/schema\\\/person\\\/a38eef5de2c41d9e7c9ac10141afddf3\"},\"headline\":\"MAPFRE recicla cerca de 3.567 toneladas de res\u00edduos a n\u00edvel global\",\"datePublished\":\"2024-05-24T11:30:14+00:00\",\"mainEntityOfPage\":{\"@id\":\"https:\\\/\\\/jornaldasoficinas.com\\\/pt\\\/mapfre-recicla-cerca-de-3-567-toneladas-de-residuos-a-nivel-global\\\/\"},\"wordCount\":339,\"publisher\":{\"@id\":\"https:\\\/\\\/jornaldasoficinas.com\\\/pt\\\/#organization\"},\"image\":{\"@id\":\"https:\\\/\\\/jornaldasoficinas.com\\\/pt\\\/mapfre-recicla-cerca-de-3-567-toneladas-de-residuos-a-nivel-global\\\/#primaryimage\"},\"thumbnailUrl\":\"https:\\\/\\\/jornaldasoficinas.com\\\/pt\\\/wp-content\\\/uploads\\\/2024\\\/05\\\/MAPFRE-recicla-cerca-de-3.567-toneladas-de-residuos-a-nivel-global.jpg\",\"keywords\":[\"CESVIMAP\",\"CESVIrecambios\",\"Dia Mundial da Reciclagem\",\"Economia Circular\",\"MAPFRE\",\"reaproveitamento mat\u00e9rias-primas\",\"reciclagem pe\u00e7as\",\"Sustentabilidade\"],\"articleSection\":[\"Empresas\"],\"inLanguage\":\"pt-PT\"},{\"@type\":\"WebPage\",\"@id\":\"https:\\\/\\\/jornaldasoficinas.com\\\/pt\\\/mapfre-recicla-cerca-de-3-567-toneladas-de-residuos-a-nivel-global\\\/\",\"url\":\"https:\\\/\\\/jornaldasoficinas.com\\\/pt\\\/mapfre-recicla-cerca-de-3-567-toneladas-de-residuos-a-nivel-global\\\/\",\"name\":\"MAPFRE recicla cerca de 3.567 toneladas de res\u00edduos a n\u00edvel global - Jornal das Oficinas\",\"isPartOf\":{\"@id\":\"https:\\\/\\\/jornaldasoficinas.com\\\/pt\\\/#website\"},\"primaryImageOfPage\":{\"@id\":\"https:\\\/\\\/jornaldasoficinas.com\\\/pt\\\/mapfre-recicla-cerca-de-3-567-toneladas-de-residuos-a-nivel-global\\\/#primaryimage\"},\"image\":{\"@id\":\"https:\\\/\\\/jornaldasoficinas.com\\\/pt\\\/mapfre-recicla-cerca-de-3-567-toneladas-de-residuos-a-nivel-global\\\/#primaryimage\"},\"thumbnailUrl\":\"https:\\\/\\\/jornaldasoficinas.com\\\/pt\\\/wp-content\\\/uploads\\\/2024\\\/05\\\/MAPFRE-recicla-cerca-de-3.567-toneladas-de-residuos-a-nivel-global.jpg\",\"datePublished\":\"2024-05-24T11:30:14+00:00\",\"description\":\"A MAPFRE geriu cerca de 3.567 toneladas de res\u00edduos a n\u00edvel global, dos quais 92%, 3.200 toneladas, passaram por processos de valoriza\u00e7\u00e3o\",\"breadcrumb\":{\"@id\":\"https:\\\/\\\/jornaldasoficinas.com\\\/pt\\\/mapfre-recicla-cerca-de-3-567-toneladas-de-residuos-a-nivel-global\\\/#breadcrumb\"},\"inLanguage\":\"pt-PT\",\"potentialAction\":[{\"@type\":\"ReadAction\",\"target\":[\"https:\\\/\\\/jornaldasoficinas.com\\\/pt\\\/mapfre-recicla-cerca-de-3-567-toneladas-de-residuos-a-nivel-global\\\/\"]}]},{\"@type\":\"ImageObject\",\"inLanguage\":\"pt-PT\",\"@id\":\"https:\\\/\\\/jornaldasoficinas.com\\\/pt\\\/mapfre-recicla-cerca-de-3-567-toneladas-de-residuos-a-nivel-global\\\/#primaryimage\",\"url\":\"https:\\\/\\\/jornaldasoficinas.com\\\/pt\\\/wp-content\\\/uploads\\\/2024\\\/05\\\/MAPFRE-recicla-cerca-de-3.567-toneladas-de-residuos-a-nivel-global.jpg\",\"contentUrl\":\"https:\\\/\\\/jornaldasoficinas.com\\\/pt\\\/wp-content\\\/uploads\\\/2024\\\/05\\\/MAPFRE-recicla-cerca-de-3.567-toneladas-de-residuos-a-nivel-global.jpg\",\"width\":1024,\"height\":581,\"caption\":\"05 - MAPFRE recicla cerca de 3.567 toneladas de residuos a nivel global\"},{\"@type\":\"BreadcrumbList\",\"@id\":\"https:\\\/\\\/jornaldasoficinas.com\\\/pt\\\/mapfre-recicla-cerca-de-3-567-toneladas-de-residuos-a-nivel-global\\\/#breadcrumb\",\"itemListElement\":[{\"@type\":\"ListItem\",\"position\":1,\"name\":\"In\u00edcio\",\"item\":\"https:\\\/\\\/jornaldasoficinas.com\\\/pt\\\/\"},{\"@type\":\"ListItem\",\"position\":2,\"name\":\"MAPFRE recicla cerca de 3.567 toneladas de res\u00edduos a n\u00edvel global\"}]},{\"@type\":\"WebSite\",\"@id\":\"https:\\\/\\\/jornaldasoficinas.com\\\/pt\\\/#website\",\"url\":\"https:\\\/\\\/jornaldasoficinas.com\\\/pt\\\/\",\"name\":\"Jornal das Oficinas\",\"description\":\"Jornal independente do Aftermarket Autom\u00f3vel em Portugal\",\"publisher\":{\"@id\":\"https:\\\/\\\/jornaldasoficinas.com\\\/pt\\\/#organization\"},\"potentialAction\":[{\"@type\":\"SearchAction\",\"target\":{\"@type\":\"EntryPoint\",\"urlTemplate\":\"https:\\\/\\\/jornaldasoficinas.com\\\/pt\\\/?s={search_term_string}\"},\"query-input\":{\"@type\":\"PropertyValueSpecification\",\"valueRequired\":true,\"valueName\":\"search_term_string\"}}],\"inLanguage\":\"pt-PT\"},{\"@type\":\"Organization\",\"@id\":\"https:\\\/\\\/jornaldasoficinas.com\\\/pt\\\/#organization\",\"name\":\"Jornal das Oficinas\",\"url\":\"https:\\\/\\\/jornaldasoficinas.com\\\/pt\\\/\",\"logo\":{\"@type\":\"ImageObject\",\"inLanguage\":\"pt-PT\",\"@id\":\"https:\\\/\\\/jornaldasoficinas.com\\\/pt\\\/#\\\/schema\\\/logo\\\/image\\\/\",\"url\":\"https:\\\/\\\/jornaldasoficinas.com\\\/pt\\\/wp-content\\\/uploads\\\/logoJO-SEO.png\",\"contentUrl\":\"https:\\\/\\\/jornaldasoficinas.com\\\/pt\\\/wp-content\\\/uploads\\\/logoJO-SEO.png\",\"width\":285,\"height\":450,\"caption\":\"Jornal das Oficinas\"},\"image\":{\"@id\":\"https:\\\/\\\/jornaldasoficinas.com\\\/pt\\\/#\\\/schema\\\/logo\\\/image\\\/\"},\"sameAs\":[\"https:\\\/\\\/www.facebook.com\\\/jornaloficinas\",\"https:\\\/\\\/x.com\\\/jornaloficinas\",\"https:\\\/\\\/www.instagram.com\\\/jornal_oficinas\\\/\",\"https:\\\/\\\/www.linkedin.com\\\/company\\\/jornal-das-oficinas\\\/\",\"https:\\\/\\\/www.youtube.com\\\/channel\\\/UCbQZBqtcvV-oSQrr7RzINGg\"]},{\"@type\":\"Person\",\"@id\":\"https:\\\/\\\/jornaldasoficinas.com\\\/pt\\\/#\\\/schema\\\/person\\\/a38eef5de2c41d9e7c9ac10141afddf3\",\"name\":\"Reda\u00e7\u00e3o JO\",\"image\":{\"@type\":\"ImageObject\",\"inLanguage\":\"pt-PT\",\"@id\":\"https:\\\/\\\/secure.gravatar.com\\\/avatar\\\/71f2fa71737ad68a84fea94bc708ddac8ea5b0c4788dc2ad202f3ccb2887742f?s=96&d=wp_user_avatar&r=g\",\"url\":\"https:\\\/\\\/secure.gravatar.com\\\/avatar\\\/71f2fa71737ad68a84fea94bc708ddac8ea5b0c4788dc2ad202f3ccb2887742f?s=96&d=wp_user_avatar&r=g\",\"contentUrl\":\"https:\\\/\\\/secure.gravatar.com\\\/avatar\\\/71f2fa71737ad68a84fea94bc708ddac8ea5b0c4788dc2ad202f3ccb2887742f?s=96&d=wp_user_avatar&r=g\",\"caption\":\"Reda\u00e7\u00e3o JO\"},\"url\":\"https:\\\/\\\/jornaldasoficinas.com\\\/pt\\\/author\\\/joredacao\\\/\"}]}<\/script>\n<!-- \/ Yoast SEO plugin. -->","yoast_head_json":{"title":"MAPFRE recicla cerca de 3.567 toneladas de res\u00edduos a n\u00edvel global - Jornal das Oficinas","description":"A MAPFRE geriu cerca de 3.567 toneladas de res\u00edduos a n\u00edvel global, dos quais 92%, 3.200 toneladas, passaram por processos de valoriza\u00e7\u00e3o","robots":{"index":"index","follow":"follow","max-snippet":"max-snippet:-1","max-image-preview":"max-image-preview:large","max-video-preview":"max-video-preview:-1"},"canonical":"https:\/\/jornaldasoficinas.com\/pt\/mapfre-recicla-cerca-de-3-567-toneladas-de-residuos-a-nivel-global\/","og_locale":"pt_PT","og_type":"article","og_title":"MAPFRE recicla cerca de 3.567 toneladas de res\u00edduos a n\u00edvel global - Jornal das Oficinas","og_description":"A MAPFRE geriu cerca de 3.567 toneladas de res\u00edduos a n\u00edvel global, dos quais 92%, 3.200 toneladas, passaram por processos de valoriza\u00e7\u00e3o","og_url":"https:\/\/jornaldasoficinas.com\/pt\/mapfre-recicla-cerca-de-3-567-toneladas-de-residuos-a-nivel-global\/","og_site_name":"Jornal das Oficinas","article_publisher":"https:\/\/www.facebook.com\/jornaloficinas","article_published_time":"2024-05-24T11:30:14+00:00","og_image":[{"width":1024,"height":581,"url":"https:\/\/jornaldasoficinas.com\/pt\/wp-content\/uploads\/2024\/05\/MAPFRE-recicla-cerca-de-3.567-toneladas-de-residuos-a-nivel-global.jpg","type":"image\/jpeg"}],"author":"Reda\u00e7\u00e3o JO","twitter_card":"summary_large_image","twitter_creator":"@jornaloficinas","twitter_site":"@jornaloficinas","twitter_misc":{"Escrito por":"Reda\u00e7\u00e3o JO","Tempo estimado de leitura":"3 minutos"},"schema":{"@context":"https:\/\/schema.org","@graph":[{"@type":"Article","@id":"https:\/\/jornaldasoficinas.com\/pt\/mapfre-recicla-cerca-de-3-567-toneladas-de-residuos-a-nivel-global\/#article","isPartOf":{"@id":"https:\/\/jornaldasoficinas.com\/pt\/mapfre-recicla-cerca-de-3-567-toneladas-de-residuos-a-nivel-global\/"},"author":{"name":"Reda\u00e7\u00e3o JO","@id":"https:\/\/jornaldasoficinas.com\/pt\/#\/schema\/person\/a38eef5de2c41d9e7c9ac10141afddf3"},"headline":"MAPFRE recicla cerca de 3.567 toneladas de res\u00edduos a n\u00edvel global","datePublished":"2024-05-24T11:30:14+00:00","mainEntityOfPage":{"@id":"https:\/\/jornaldasoficinas.com\/pt\/mapfre-recicla-cerca-de-3-567-toneladas-de-residuos-a-nivel-global\/"},"wordCount":339,"publisher":{"@id":"https:\/\/jornaldasoficinas.com\/pt\/#organization"},"image":{"@id":"https:\/\/jornaldasoficinas.com\/pt\/mapfre-recicla-cerca-de-3-567-toneladas-de-residuos-a-nivel-global\/#primaryimage"},"thumbnailUrl":"https:\/\/jornaldasoficinas.com\/pt\/wp-content\/uploads\/2024\/05\/MAPFRE-recicla-cerca-de-3.567-toneladas-de-residuos-a-nivel-global.jpg","keywords":["CESVIMAP","CESVIrecambios","Dia Mundial da Reciclagem","Economia Circular","MAPFRE","reaproveitamento mat\u00e9rias-primas","reciclagem pe\u00e7as","Sustentabilidade"],"articleSection":["Empresas"],"inLanguage":"pt-PT"},{"@type":"WebPage","@id":"https:\/\/jornaldasoficinas.com\/pt\/mapfre-recicla-cerca-de-3-567-toneladas-de-residuos-a-nivel-global\/","url":"https:\/\/jornaldasoficinas.com\/pt\/mapfre-recicla-cerca-de-3-567-toneladas-de-residuos-a-nivel-global\/","name":"MAPFRE recicla cerca de 3.567 toneladas de res\u00edduos a n\u00edvel global - Jornal das Oficinas","isPartOf":{"@id":"https:\/\/jornaldasoficinas.com\/pt\/#website"},"primaryImageOfPage":{"@id":"https:\/\/jornaldasoficinas.com\/pt\/mapfre-recicla-cerca-de-3-567-toneladas-de-residuos-a-nivel-global\/#primaryimage"},"image":{"@id":"https:\/\/jornaldasoficinas.com\/pt\/mapfre-recicla-cerca-de-3-567-toneladas-de-residuos-a-nivel-global\/#primaryimage"},"thumbnailUrl":"https:\/\/jornaldasoficinas.com\/pt\/wp-content\/uploads\/2024\/05\/MAPFRE-recicla-cerca-de-3.567-toneladas-de-residuos-a-nivel-global.jpg","datePublished":"2024-05-24T11:30:14+00:00","description":"A MAPFRE geriu cerca de 3.567 toneladas de res\u00edduos a n\u00edvel global, dos quais 92%, 3.200 toneladas, passaram por processos de valoriza\u00e7\u00e3o","breadcrumb":{"@id":"https:\/\/jornaldasoficinas.com\/pt\/mapfre-recicla-cerca-de-3-567-toneladas-de-residuos-a-nivel-global\/#breadcrumb"},"inLanguage":"pt-PT","potentialAction":[{"@type":"ReadAction","target":["https:\/\/jornaldasoficinas.com\/pt\/mapfre-recicla-cerca-de-3-567-toneladas-de-residuos-a-nivel-global\/"]}]},{"@type":"ImageObject","inLanguage":"pt-PT","@id":"https:\/\/jornaldasoficinas.com\/pt\/mapfre-recicla-cerca-de-3-567-toneladas-de-residuos-a-nivel-global\/#primaryimage","url":"https:\/\/jornaldasoficinas.com\/pt\/wp-content\/uploads\/2024\/05\/MAPFRE-recicla-cerca-de-3.567-toneladas-de-residuos-a-nivel-global.jpg","contentUrl":"https:\/\/jornaldasoficinas.com\/pt\/wp-content\/uploads\/2024\/05\/MAPFRE-recicla-cerca-de-3.567-toneladas-de-residuos-a-nivel-global.jpg","width":1024,"height":581,"caption":"05 - MAPFRE recicla cerca de 3.567 toneladas de residuos a nivel global"},{"@type":"BreadcrumbList","@id":"https:\/\/jornaldasoficinas.com\/pt\/mapfre-recicla-cerca-de-3-567-toneladas-de-residuos-a-nivel-global\/#breadcrumb","itemListElement":[{"@type":"ListItem","position":1,"name":"In\u00edcio","item":"https:\/\/jornaldasoficinas.com\/pt\/"},{"@type":"ListItem","position":2,"name":"MAPFRE recicla cerca de 3.567 toneladas de res\u00edduos a n\u00edvel global"}]},{"@type":"WebSite","@id":"https:\/\/jornaldasoficinas.com\/pt\/#website","url":"https:\/\/jornaldasoficinas.com\/pt\/","name":"Jornal das Oficinas","description":"Jornal independente do Aftermarket Autom\u00f3vel em Portugal","publisher":{"@id":"https:\/\/jornaldasoficinas.com\/pt\/#organization"},"potentialAction":[{"@type":"SearchAction","target":{"@type":"EntryPoint","urlTemplate":"https:\/\/jornaldasoficinas.com\/pt\/?s={search_term_string}"},"query-input":{"@type":"PropertyValueSpecification","valueRequired":true,"valueName":"search_term_string"}}],"inLanguage":"pt-PT"},{"@type":"Organization","@id":"https:\/\/jornaldasoficinas.com\/pt\/#organization","name":"Jornal das Oficinas","url":"https:\/\/jornaldasoficinas.com\/pt\/","logo":{"@type":"ImageObject","inLanguage":"pt-PT","@id":"https:\/\/jornaldasoficinas.com\/pt\/#\/schema\/logo\/image\/","url":"https:\/\/jornaldasoficinas.com\/pt\/wp-content\/uploads\/logoJO-SEO.png","contentUrl":"https:\/\/jornaldasoficinas.com\/pt\/wp-content\/uploads\/logoJO-SEO.png","width":285,"height":450,"caption":"Jornal das Oficinas"},"image":{"@id":"https:\/\/jornaldasoficinas.com\/pt\/#\/schema\/logo\/image\/"},"sameAs":["https:\/\/www.facebook.com\/jornaloficinas","https:\/\/x.com\/jornaloficinas","https:\/\/www.instagram.com\/jornal_oficinas\/","https:\/\/www.linkedin.com\/company\/jornal-das-oficinas\/","https:\/\/www.youtube.com\/channel\/UCbQZBqtcvV-oSQrr7RzINGg"]},{"@type":"Person","@id":"https:\/\/jornaldasoficinas.com\/pt\/#\/schema\/person\/a38eef5de2c41d9e7c9ac10141afddf3","name":"Reda\u00e7\u00e3o JO","image":{"@type":"ImageObject","inLanguage":"pt-PT","@id":"https:\/\/secure.gravatar.com\/avatar\/71f2fa71737ad68a84fea94bc708ddac8ea5b0c4788dc2ad202f3ccb2887742f?s=96&d=wp_user_avatar&r=g","url":"https:\/\/secure.gravatar.com\/avatar\/71f2fa71737ad68a84fea94bc708ddac8ea5b0c4788dc2ad202f3ccb2887742f?s=96&d=wp_user_avatar&r=g","contentUrl":"https:\/\/secure.gravatar.com\/avatar\/71f2fa71737ad68a84fea94bc708ddac8ea5b0c4788dc2ad202f3ccb2887742f?s=96&d=wp_user_avatar&r=g","caption":"Reda\u00e7\u00e3o JO"},"url":"https:\/\/jornaldasoficinas.com\/pt\/author\/joredacao\/"}]}},"_links":{"self":[{"href":"https:\/\/jornaldasoficinas.com\/pt\/wp-json\/wp\/v2\/posts\/85360","targetHints":{"allow":["GET"]}}],"collection":[{"href":"https:\/\/jornaldasoficinas.com\/pt\/wp-json\/wp\/v2\/posts"}],"about":[{"href":"https:\/\/jornaldasoficinas.com\/pt\/wp-json\/wp\/v2\/types\/post"}],"author":[{"embeddable":true,"href":"https:\/\/jornaldasoficinas.com\/pt\/wp-json\/wp\/v2\/users\/15"}],"replies":[{"embeddable":true,"href":"https:\/\/jornaldasoficinas.com\/pt\/wp-json\/wp\/v2\/comments?post=85360"}],"version-history":[{"count":0,"href":"https:\/\/jornaldasoficinas.com\/pt\/wp-json\/wp\/v2\/posts\/85360\/revisions"}],"wp:featuredmedia":[{"embeddable":true,"href":"https:\/\/jornaldasoficinas.com\/pt\/wp-json\/wp\/v2\/media\/85364"}],"wp:attachment":[{"href":"https:\/\/jornaldasoficinas.com\/pt\/wp-json\/wp\/v2\/media?parent=85360"}],"wp:term":[{"taxonomy":"category","embeddable":true,"href":"https:\/\/jornaldasoficinas.com\/pt\/wp-json\/wp\/v2\/categories?post=85360"},{"taxonomy":"post_tag","embeddable":true,"href":"https:\/\/jornaldasoficinas.com\/pt\/wp-json\/wp\/v2\/tags?post=85360"}],"curies":[{"name":"wp","href":"https:\/\/api.w.org\/{rel}","templated":true}]}}