{"id":85605,"date":"2024-05-29T10:00:22","date_gmt":"2024-05-29T09:00:22","guid":{"rendered":"https:\/\/jornaldasoficinas.com\/pt\/?p=85605"},"modified":"2024-05-28T16:33:05","modified_gmt":"2024-05-28T15:33:05","slug":"anecra-reune-300-profissionais-do-setor-automovel-em-coimbra","status":"publish","type":"post","link":"https:\/\/jornaldasoficinas.com\/pt\/anecra-reune-300-profissionais-do-setor-automovel-em-coimbra\/","title":{"rendered":"ANECRA re\u00fane 300 profissionais do setor autom\u00f3vel em Coimbra"},"content":{"rendered":"<p><strong><img loading=\"lazy\" decoding=\"async\" class=\"alignnone size-full wp-image-85628\" src=\"https:\/\/jornaldasoficinas.com\/pt\/wp-content\/uploads\/2024\/05\/ANECRA-reune-300-profissionais-do-setor-automovel-em-Coimbra.jpg\" alt=\"05 - ANECRA reune 300 profissionais do setor automovel em Coimbra\" width=\"1024\" height=\"581\" srcset=\"https:\/\/jornaldasoficinas.com\/pt\/wp-content\/uploads\/2024\/05\/ANECRA-reune-300-profissionais-do-setor-automovel-em-Coimbra.jpg 1024w, https:\/\/jornaldasoficinas.com\/pt\/wp-content\/uploads\/2024\/05\/ANECRA-reune-300-profissionais-do-setor-automovel-em-Coimbra-300x170.jpg 300w, https:\/\/jornaldasoficinas.com\/pt\/wp-content\/uploads\/2024\/05\/ANECRA-reune-300-profissionais-do-setor-automovel-em-Coimbra-150x85.jpg 150w, https:\/\/jornaldasoficinas.com\/pt\/wp-content\/uploads\/2024\/05\/ANECRA-reune-300-profissionais-do-setor-automovel-em-Coimbra-768x436.jpg 768w\" sizes=\"auto, (max-width: 1024px) 100vw, 1024px\" \/><\/strong><\/p>\n<p><strong>A <a href=\"https:\/\/www.anecra.pt\/\">ANECRA<\/a> reuniu perto de tr\u00eas centenas de profissionais do setor autom\u00f3vel sexta-feira passada, em Coimbra, no\u00a017\u00ba Encontro Nacional de Com\u00e9rcio de Autom\u00f3veis Usados\u00a0para abordar os principais desafios deste segmento<\/strong><\/p>\n<p>No evento Roberto Gaspar, Secret\u00e1rio-Geral da ANECRA, fez um enquadramento ao setor referindo a sua relev\u00e2ncia:<strong>\u00a0<\/strong>\u201ca ind\u00fastria autom\u00f3vel europeia gera todos os anos um superavit de quase 100 mil milh\u00f5es de euros na balan\u00e7a comercial da Uni\u00e3o Europeia, emprega 7% da popula\u00e7\u00e3o e \u00e9 o setor que mais investe nas \u00e1reas de investiga\u00e7\u00e3o e desenvolvimento\u201d,<strong><em>\u00a0<\/em><\/strong>referiu Roberto Gaspar, que ressalvou o trabalho realizado pela ANECRA na \u00e1rea da<strong><em>\u00a0<\/em><\/strong>sustentabilidade: ambiental, econ\u00f3mica e social.<\/p>\n<p>Sob o tema\u00a0\u201cAs Grandes Tend\u00eancias do Retalho Autom\u00f3vel em Portugal\u201d, Daniel Rocha, Strategy &amp; Analyst Manager do <a href=\"https:\/\/www.standvirtual.com\/\">Standvirtual<\/a>, enumerou quatro tend\u00eancias do setor: as vendas online continuam a ser reduzidas (apesar do consumidor pesquisar online o fecho do neg\u00f3cio \u00e9 feito presencialmente); h\u00e1 um crescimento das vendas de ve\u00edculos novos para empresas; uma descida nos pre\u00e7os dos ve\u00edculos usados e uma maior deprecia\u00e7\u00e3o dos ve\u00edculos el\u00e9tricos.<\/p>\n<p>Seguiu-se o primeiro painel sobre o tema\u00a0\u201cUm Sector em Profunda Transforma\u00e7\u00e3o\u201d:\u00a0iniciou com uma apresenta\u00e7\u00e3o de Duarte Gomes Pereira, Secret\u00e1rio-Geral da <a href=\"https:\/\/www.asfac.pt\/\">ASFAC<\/a>, que referiu que o cr\u00e9dito ao consumo e o cr\u00e9dito autom\u00f3vel aumentaram em 2023.<\/p>\n<p>Pedro Nuno Ferreira, Head of Automotive Business do <a href=\"https:\/\/www.cetelem.pt\/sobre-o-cetelem\">CETELEM BNP Paribas<\/a>, referiu as tend\u00eancias atuais no cr\u00e9dito, dizendo que estas t\u00eam aumentado as taxas de juro nos cr\u00e9ditos, reduzido as comiss\u00f5es de financiamento.<\/p>\n<p>Por sua vez, Henrique Henriques, Director Comercial Autom\u00f3vel, <a href=\"https:\/\/www.credibom.pt\/\">Banco Credibom<\/a>, disse que podem existir boas expetativas no cr\u00e9dito, com um al\u00edvio esperado das taxas de juro. Miguel Mendes, Director of Consumer do Santander Consumer, entende que o conceito de mobilidade deve ser visto com cautela porque o mercado n\u00e3o entrou na mobilidade com a rapidez com que se previa no in\u00edcio da d\u00e9cada.<\/p>\n<p>Jos\u00e9 Carreira, North Commercial Coordinator, <a href=\"https:\/\/www.cofidis.pt\/\">Cofidis Portugal<\/a> congratulou-se com a parceria realizada com o Standvirtual, o que permitiu \u00e0 empresa compreender a forma\u00e7\u00e3o e distribui\u00e7\u00e3o dos produtos de cr\u00e9dito junto do mercado de usados.<\/p>\n<p>Ap\u00f3s o coffee break, Nuno Castel-Branco fez um enquadramento ao segundo painel sob o tema\u00a0\u201cOs Desafios Imediatos do Com\u00e9rcio dos Autom\u00f3veis Usados\u201d, referindo que em 2024 o mercado de ve\u00edculos novos ainda n\u00e3o deve chegar aos valores de vendas pr\u00e9-pandemia. Neste painel, Am\u00e9rico Barroso, Diretor da ANECRA e Administrador da S\u00f3 Barroso, falou da import\u00e2ncia que a descida das taxas de juro pode vir a ter na dinamiza\u00e7\u00e3o das vendas.<\/p>\n<p>Nuno Braga, Administrador da <a href=\"https:\/\/www.caetanoauto.pt\/\">Caetano Auto<\/a>, referiu que a empresa est\u00e1 em contraciclo no mercado ao n\u00edvel das vendas de usados (com um crescimento muito significativo nos \u00faltimos meses), referindo a especializa\u00e7\u00e3o como um fator relevante.<\/p>\n<p>Segundo Alexandra Santos, Marketing Manager da <a href=\"https:\/\/www.googleadservices.com\/pagead\/aclk?sa=L&amp;ai=DChcSEwj7idfTxbCGAxVylGgJHVqXBA4YABAAGgJ3Zg&amp;ase=2&amp;gclid=CjwKCAjwgdayBhBQEiwAXhMxtrQleRwpgGxaCPFpl2jTP-OCbA5bboV_Q1j0X4hfd3cFqcF_2FXlyxoCSxEQAvD_BwE&amp;ohost=www.google.com&amp;cid=CAESVuD2W8El5jTLlMpeQ2k9eZRpqnm1wC8Ej8iP0gqy2imnC5pNlAuE-6aMj4Gl66HNF9Lw7rIhAU9Bd3urP_3dAyNDAE5T_7ccsa_Dn1ESFNOTM7XaxtiF&amp;sig=AOD64_02Swji8WYmfXneEIObLH3XFSt7Eg&amp;q&amp;nis=4&amp;adurl&amp;ved=2ahUKEwjJgtDTxbCGAxVXR_EDHZqCCc8Q0Qx6BAgSEAE\">AM Confraria<\/a>, tem havido cada vez mais procura de usados com mais idade e, por isso, mais baratos.<\/p>\n<p>Manuel Coutinho, Vice-Presidente da ANECRA e CEO <a href=\"https:\/\/motorpor.pt\/\">Grupo Motorpor<\/a>, refere que poder\u00e1 existir brevemente um excesso de carros usados no mercado devido a um poss\u00edvel ajustamento a efetuar pelas grandes rent-a-car.<\/p>\n<p>Por sua vez, Nuno Carvalho, CFO da <a href=\"https:\/\/www.brincarautomoveis.pt\/\">Brincar Autom\u00f3veis<\/a>, falou da venda de ve\u00edculos el\u00e9tricos, atualmente estarem assentes nos benef\u00edcios fiscais, pelo que o comportamento do mercado ser\u00e1 uma incerteza quando acabarem os benef\u00edcios fiscais.<\/p>\n<p>Entre v\u00e1rias interven\u00e7\u00f5es ficou claro que o setor autom\u00f3vel vive atualmente um momento \u00edmpar na sua hist\u00f3ria, com v\u00e1rios processos de car\u00e1ter disruptivo em curso, no entanto, apesar das in\u00fameras transforma\u00e7\u00f5es, o segmento do com\u00e9rcio de autom\u00f3veis usados \u00e9, cada vez mais, uma \u00e1rea de neg\u00f3cio que tem vindo a ganhar peso e relev\u00e2ncia de forma absolutamente transversal aos diferentes operadores de mercado.<\/p>\n<p>&nbsp;<\/p>\n<p>&nbsp;<\/p>\n","protected":false},"excerpt":{"rendered":"<p>A ANECRA reuniu perto de tr\u00eas&#8230;<\/p>\n","protected":false},"author":15,"featured_media":85628,"comment_status":"closed","ping_status":"closed","sticky":false,"template":"","format":"standard","meta":{"footnotes":""},"categories":[37],"tags":[9307,9309,137,5540,1737,9007,3359,2628,2794,4575,7039,9308,6904,1497,2198],"class_list":["post-85605","post","type-post","status-publish","format-standard","has-post-thumbnail","hentry","category-mercado","tag-17o-encontro-nacional-de-comercio-de-automoveis-usados","tag-am-confraria","tag-anecra","tag-asfac","tag-banco-credibom","tag-brincar-automoveis","tag-caetano-auto","tag-cetelem","tag-cofidis","tag-coimbra","tag-grupo-motorpor","tag-industria-automovel-europeia","tag-roberto-gaspar","tag-setor-automovel","tag-standvirtual"],"yoast_head":"<!-- This site is optimized with the Yoast SEO plugin v27.4 - https:\/\/yoast.com\/product\/yoast-seo-wordpress\/ -->\n<title>ANECRA re\u00fane 300 profissionais do setor autom\u00f3vel em Coimbra - Jornal das Oficinas<\/title>\n<meta name=\"description\" content=\"A ANECRA reuniu 300 profissionais do setor autom\u00f3vel, em Coimbra, no\u00a017\u00ba Encontro Nacional de Com\u00e9rcio de Autom\u00f3veis Usados\" \/>\n<meta name=\"robots\" content=\"index, follow, max-snippet:-1, max-image-preview:large, max-video-preview:-1\" \/>\n<link rel=\"canonical\" href=\"https:\/\/jornaldasoficinas.com\/pt\/anecra-reune-300-profissionais-do-setor-automovel-em-coimbra\/\" \/>\n<meta property=\"og:locale\" content=\"pt_PT\" \/>\n<meta property=\"og:type\" content=\"article\" \/>\n<meta property=\"og:title\" content=\"ANECRA re\u00fane 300 profissionais do setor autom\u00f3vel em Coimbra - Jornal das Oficinas\" \/>\n<meta property=\"og:description\" content=\"A ANECRA reuniu 300 profissionais do setor autom\u00f3vel, em Coimbra, no\u00a017\u00ba Encontro Nacional de Com\u00e9rcio de Autom\u00f3veis Usados\" \/>\n<meta property=\"og:url\" content=\"https:\/\/jornaldasoficinas.com\/pt\/anecra-reune-300-profissionais-do-setor-automovel-em-coimbra\/\" \/>\n<meta property=\"og:site_name\" content=\"Jornal das Oficinas\" \/>\n<meta property=\"article:publisher\" content=\"https:\/\/www.facebook.com\/jornaloficinas\" \/>\n<meta property=\"article:published_time\" content=\"2024-05-29T09:00:22+00:00\" \/>\n<meta property=\"og:image\" content=\"https:\/\/jornaldasoficinas.com\/pt\/wp-content\/uploads\/2024\/05\/ANECRA-reune-300-profissionais-do-setor-automovel-em-Coimbra.jpg\" \/>\n\t<meta property=\"og:image:width\" content=\"1024\" \/>\n\t<meta property=\"og:image:height\" content=\"581\" \/>\n\t<meta property=\"og:image:type\" content=\"image\/jpeg\" \/>\n<meta name=\"author\" content=\"Reda\u00e7\u00e3o JO\" \/>\n<meta name=\"twitter:card\" content=\"summary_large_image\" \/>\n<meta name=\"twitter:creator\" content=\"@jornaloficinas\" \/>\n<meta name=\"twitter:site\" content=\"@jornaloficinas\" \/>\n<meta name=\"twitter:label1\" content=\"Escrito por\" \/>\n\t<meta name=\"twitter:data1\" content=\"Reda\u00e7\u00e3o JO\" \/>\n\t<meta name=\"twitter:label2\" content=\"Tempo estimado de leitura\" \/>\n\t<meta name=\"twitter:data2\" content=\"4 minutos\" \/>\n<script type=\"application\/ld+json\" class=\"yoast-schema-graph\">{\"@context\":\"https:\\\/\\\/schema.org\",\"@graph\":[{\"@type\":\"Article\",\"@id\":\"https:\\\/\\\/jornaldasoficinas.com\\\/pt\\\/anecra-reune-300-profissionais-do-setor-automovel-em-coimbra\\\/#article\",\"isPartOf\":{\"@id\":\"https:\\\/\\\/jornaldasoficinas.com\\\/pt\\\/anecra-reune-300-profissionais-do-setor-automovel-em-coimbra\\\/\"},\"author\":{\"name\":\"Reda\u00e7\u00e3o JO\",\"@id\":\"https:\\\/\\\/jornaldasoficinas.com\\\/pt\\\/#\\\/schema\\\/person\\\/a38eef5de2c41d9e7c9ac10141afddf3\"},\"headline\":\"ANECRA re\u00fane 300 profissionais do setor autom\u00f3vel em Coimbra\",\"datePublished\":\"2024-05-29T09:00:22+00:00\",\"mainEntityOfPage\":{\"@id\":\"https:\\\/\\\/jornaldasoficinas.com\\\/pt\\\/anecra-reune-300-profissionais-do-setor-automovel-em-coimbra\\\/\"},\"wordCount\":676,\"publisher\":{\"@id\":\"https:\\\/\\\/jornaldasoficinas.com\\\/pt\\\/#organization\"},\"image\":{\"@id\":\"https:\\\/\\\/jornaldasoficinas.com\\\/pt\\\/anecra-reune-300-profissionais-do-setor-automovel-em-coimbra\\\/#primaryimage\"},\"thumbnailUrl\":\"https:\\\/\\\/jornaldasoficinas.com\\\/pt\\\/wp-content\\\/uploads\\\/2024\\\/05\\\/ANECRA-reune-300-profissionais-do-setor-automovel-em-Coimbra.jpg\",\"keywords\":[\"17\u00ba Encontro Nacional de Com\u00e9rcio de Autom\u00f3veis Usados\",\"AM Confraria\",\"ANECRA\",\"ASFAC\",\"Banco Credibom\",\"Brincar Autom\u00f3veis\",\"Caetano Auto\",\"Cetelem\",\"Cofidis\",\"Coimbra\",\"Grupo Motorpor\",\"ind\u00fastria autom\u00f3vel europeia\",\"Roberto Gaspar\",\"Setor Autom\u00f3vel\",\"Standvirtual\"],\"articleSection\":[\"Mercado\"],\"inLanguage\":\"pt-PT\"},{\"@type\":\"WebPage\",\"@id\":\"https:\\\/\\\/jornaldasoficinas.com\\\/pt\\\/anecra-reune-300-profissionais-do-setor-automovel-em-coimbra\\\/\",\"url\":\"https:\\\/\\\/jornaldasoficinas.com\\\/pt\\\/anecra-reune-300-profissionais-do-setor-automovel-em-coimbra\\\/\",\"name\":\"ANECRA re\u00fane 300 profissionais do setor autom\u00f3vel em Coimbra - Jornal das Oficinas\",\"isPartOf\":{\"@id\":\"https:\\\/\\\/jornaldasoficinas.com\\\/pt\\\/#website\"},\"primaryImageOfPage\":{\"@id\":\"https:\\\/\\\/jornaldasoficinas.com\\\/pt\\\/anecra-reune-300-profissionais-do-setor-automovel-em-coimbra\\\/#primaryimage\"},\"image\":{\"@id\":\"https:\\\/\\\/jornaldasoficinas.com\\\/pt\\\/anecra-reune-300-profissionais-do-setor-automovel-em-coimbra\\\/#primaryimage\"},\"thumbnailUrl\":\"https:\\\/\\\/jornaldasoficinas.com\\\/pt\\\/wp-content\\\/uploads\\\/2024\\\/05\\\/ANECRA-reune-300-profissionais-do-setor-automovel-em-Coimbra.jpg\",\"datePublished\":\"2024-05-29T09:00:22+00:00\",\"description\":\"A ANECRA reuniu 300 profissionais do setor autom\u00f3vel, em Coimbra, no\u00a017\u00ba Encontro Nacional de Com\u00e9rcio de Autom\u00f3veis Usados\",\"breadcrumb\":{\"@id\":\"https:\\\/\\\/jornaldasoficinas.com\\\/pt\\\/anecra-reune-300-profissionais-do-setor-automovel-em-coimbra\\\/#breadcrumb\"},\"inLanguage\":\"pt-PT\",\"potentialAction\":[{\"@type\":\"ReadAction\",\"target\":[\"https:\\\/\\\/jornaldasoficinas.com\\\/pt\\\/anecra-reune-300-profissionais-do-setor-automovel-em-coimbra\\\/\"]}]},{\"@type\":\"ImageObject\",\"inLanguage\":\"pt-PT\",\"@id\":\"https:\\\/\\\/jornaldasoficinas.com\\\/pt\\\/anecra-reune-300-profissionais-do-setor-automovel-em-coimbra\\\/#primaryimage\",\"url\":\"https:\\\/\\\/jornaldasoficinas.com\\\/pt\\\/wp-content\\\/uploads\\\/2024\\\/05\\\/ANECRA-reune-300-profissionais-do-setor-automovel-em-Coimbra.jpg\",\"contentUrl\":\"https:\\\/\\\/jornaldasoficinas.com\\\/pt\\\/wp-content\\\/uploads\\\/2024\\\/05\\\/ANECRA-reune-300-profissionais-do-setor-automovel-em-Coimbra.jpg\",\"width\":1024,\"height\":581,\"caption\":\"05 - ANECRA reune 300 profissionais do setor automovel em Coimbra\"},{\"@type\":\"BreadcrumbList\",\"@id\":\"https:\\\/\\\/jornaldasoficinas.com\\\/pt\\\/anecra-reune-300-profissionais-do-setor-automovel-em-coimbra\\\/#breadcrumb\",\"itemListElement\":[{\"@type\":\"ListItem\",\"position\":1,\"name\":\"In\u00edcio\",\"item\":\"https:\\\/\\\/jornaldasoficinas.com\\\/pt\\\/\"},{\"@type\":\"ListItem\",\"position\":2,\"name\":\"ANECRA re\u00fane 300 profissionais do setor autom\u00f3vel em Coimbra\"}]},{\"@type\":\"WebSite\",\"@id\":\"https:\\\/\\\/jornaldasoficinas.com\\\/pt\\\/#website\",\"url\":\"https:\\\/\\\/jornaldasoficinas.com\\\/pt\\\/\",\"name\":\"Jornal das Oficinas\",\"description\":\"Jornal independente do Aftermarket Autom\u00f3vel em Portugal\",\"publisher\":{\"@id\":\"https:\\\/\\\/jornaldasoficinas.com\\\/pt\\\/#organization\"},\"potentialAction\":[{\"@type\":\"SearchAction\",\"target\":{\"@type\":\"EntryPoint\",\"urlTemplate\":\"https:\\\/\\\/jornaldasoficinas.com\\\/pt\\\/?s={search_term_string}\"},\"query-input\":{\"@type\":\"PropertyValueSpecification\",\"valueRequired\":true,\"valueName\":\"search_term_string\"}}],\"inLanguage\":\"pt-PT\"},{\"@type\":\"Organization\",\"@id\":\"https:\\\/\\\/jornaldasoficinas.com\\\/pt\\\/#organization\",\"name\":\"Jornal das Oficinas\",\"url\":\"https:\\\/\\\/jornaldasoficinas.com\\\/pt\\\/\",\"logo\":{\"@type\":\"ImageObject\",\"inLanguage\":\"pt-PT\",\"@id\":\"https:\\\/\\\/jornaldasoficinas.com\\\/pt\\\/#\\\/schema\\\/logo\\\/image\\\/\",\"url\":\"https:\\\/\\\/jornaldasoficinas.com\\\/pt\\\/wp-content\\\/uploads\\\/logoJO-SEO.png\",\"contentUrl\":\"https:\\\/\\\/jornaldasoficinas.com\\\/pt\\\/wp-content\\\/uploads\\\/logoJO-SEO.png\",\"width\":285,\"height\":450,\"caption\":\"Jornal das Oficinas\"},\"image\":{\"@id\":\"https:\\\/\\\/jornaldasoficinas.com\\\/pt\\\/#\\\/schema\\\/logo\\\/image\\\/\"},\"sameAs\":[\"https:\\\/\\\/www.facebook.com\\\/jornaloficinas\",\"https:\\\/\\\/x.com\\\/jornaloficinas\",\"https:\\\/\\\/www.instagram.com\\\/jornal_oficinas\\\/\",\"https:\\\/\\\/www.linkedin.com\\\/company\\\/jornal-das-oficinas\\\/\",\"https:\\\/\\\/www.youtube.com\\\/channel\\\/UCbQZBqtcvV-oSQrr7RzINGg\"]},{\"@type\":\"Person\",\"@id\":\"https:\\\/\\\/jornaldasoficinas.com\\\/pt\\\/#\\\/schema\\\/person\\\/a38eef5de2c41d9e7c9ac10141afddf3\",\"name\":\"Reda\u00e7\u00e3o JO\",\"image\":{\"@type\":\"ImageObject\",\"inLanguage\":\"pt-PT\",\"@id\":\"https:\\\/\\\/secure.gravatar.com\\\/avatar\\\/71f2fa71737ad68a84fea94bc708ddac8ea5b0c4788dc2ad202f3ccb2887742f?s=96&d=wp_user_avatar&r=g\",\"url\":\"https:\\\/\\\/secure.gravatar.com\\\/avatar\\\/71f2fa71737ad68a84fea94bc708ddac8ea5b0c4788dc2ad202f3ccb2887742f?s=96&d=wp_user_avatar&r=g\",\"contentUrl\":\"https:\\\/\\\/secure.gravatar.com\\\/avatar\\\/71f2fa71737ad68a84fea94bc708ddac8ea5b0c4788dc2ad202f3ccb2887742f?s=96&d=wp_user_avatar&r=g\",\"caption\":\"Reda\u00e7\u00e3o JO\"},\"url\":\"https:\\\/\\\/jornaldasoficinas.com\\\/pt\\\/author\\\/joredacao\\\/\"}]}<\/script>\n<!-- \/ Yoast SEO plugin. -->","yoast_head_json":{"title":"ANECRA re\u00fane 300 profissionais do setor autom\u00f3vel em Coimbra - Jornal das Oficinas","description":"A ANECRA reuniu 300 profissionais do setor autom\u00f3vel, em Coimbra, no\u00a017\u00ba Encontro Nacional de Com\u00e9rcio de Autom\u00f3veis Usados","robots":{"index":"index","follow":"follow","max-snippet":"max-snippet:-1","max-image-preview":"max-image-preview:large","max-video-preview":"max-video-preview:-1"},"canonical":"https:\/\/jornaldasoficinas.com\/pt\/anecra-reune-300-profissionais-do-setor-automovel-em-coimbra\/","og_locale":"pt_PT","og_type":"article","og_title":"ANECRA re\u00fane 300 profissionais do setor autom\u00f3vel em Coimbra - Jornal das Oficinas","og_description":"A ANECRA reuniu 300 profissionais do setor autom\u00f3vel, em Coimbra, no\u00a017\u00ba Encontro Nacional de Com\u00e9rcio de Autom\u00f3veis Usados","og_url":"https:\/\/jornaldasoficinas.com\/pt\/anecra-reune-300-profissionais-do-setor-automovel-em-coimbra\/","og_site_name":"Jornal das Oficinas","article_publisher":"https:\/\/www.facebook.com\/jornaloficinas","article_published_time":"2024-05-29T09:00:22+00:00","og_image":[{"width":1024,"height":581,"url":"https:\/\/jornaldasoficinas.com\/pt\/wp-content\/uploads\/2024\/05\/ANECRA-reune-300-profissionais-do-setor-automovel-em-Coimbra.jpg","type":"image\/jpeg"}],"author":"Reda\u00e7\u00e3o JO","twitter_card":"summary_large_image","twitter_creator":"@jornaloficinas","twitter_site":"@jornaloficinas","twitter_misc":{"Escrito por":"Reda\u00e7\u00e3o JO","Tempo estimado de leitura":"4 minutos"},"schema":{"@context":"https:\/\/schema.org","@graph":[{"@type":"Article","@id":"https:\/\/jornaldasoficinas.com\/pt\/anecra-reune-300-profissionais-do-setor-automovel-em-coimbra\/#article","isPartOf":{"@id":"https:\/\/jornaldasoficinas.com\/pt\/anecra-reune-300-profissionais-do-setor-automovel-em-coimbra\/"},"author":{"name":"Reda\u00e7\u00e3o JO","@id":"https:\/\/jornaldasoficinas.com\/pt\/#\/schema\/person\/a38eef5de2c41d9e7c9ac10141afddf3"},"headline":"ANECRA re\u00fane 300 profissionais do setor autom\u00f3vel em Coimbra","datePublished":"2024-05-29T09:00:22+00:00","mainEntityOfPage":{"@id":"https:\/\/jornaldasoficinas.com\/pt\/anecra-reune-300-profissionais-do-setor-automovel-em-coimbra\/"},"wordCount":676,"publisher":{"@id":"https:\/\/jornaldasoficinas.com\/pt\/#organization"},"image":{"@id":"https:\/\/jornaldasoficinas.com\/pt\/anecra-reune-300-profissionais-do-setor-automovel-em-coimbra\/#primaryimage"},"thumbnailUrl":"https:\/\/jornaldasoficinas.com\/pt\/wp-content\/uploads\/2024\/05\/ANECRA-reune-300-profissionais-do-setor-automovel-em-Coimbra.jpg","keywords":["17\u00ba Encontro Nacional de Com\u00e9rcio de Autom\u00f3veis Usados","AM Confraria","ANECRA","ASFAC","Banco Credibom","Brincar Autom\u00f3veis","Caetano Auto","Cetelem","Cofidis","Coimbra","Grupo Motorpor","ind\u00fastria autom\u00f3vel europeia","Roberto Gaspar","Setor Autom\u00f3vel","Standvirtual"],"articleSection":["Mercado"],"inLanguage":"pt-PT"},{"@type":"WebPage","@id":"https:\/\/jornaldasoficinas.com\/pt\/anecra-reune-300-profissionais-do-setor-automovel-em-coimbra\/","url":"https:\/\/jornaldasoficinas.com\/pt\/anecra-reune-300-profissionais-do-setor-automovel-em-coimbra\/","name":"ANECRA re\u00fane 300 profissionais do setor autom\u00f3vel em Coimbra - Jornal das Oficinas","isPartOf":{"@id":"https:\/\/jornaldasoficinas.com\/pt\/#website"},"primaryImageOfPage":{"@id":"https:\/\/jornaldasoficinas.com\/pt\/anecra-reune-300-profissionais-do-setor-automovel-em-coimbra\/#primaryimage"},"image":{"@id":"https:\/\/jornaldasoficinas.com\/pt\/anecra-reune-300-profissionais-do-setor-automovel-em-coimbra\/#primaryimage"},"thumbnailUrl":"https:\/\/jornaldasoficinas.com\/pt\/wp-content\/uploads\/2024\/05\/ANECRA-reune-300-profissionais-do-setor-automovel-em-Coimbra.jpg","datePublished":"2024-05-29T09:00:22+00:00","description":"A ANECRA reuniu 300 profissionais do setor autom\u00f3vel, em Coimbra, no\u00a017\u00ba Encontro Nacional de Com\u00e9rcio de Autom\u00f3veis Usados","breadcrumb":{"@id":"https:\/\/jornaldasoficinas.com\/pt\/anecra-reune-300-profissionais-do-setor-automovel-em-coimbra\/#breadcrumb"},"inLanguage":"pt-PT","potentialAction":[{"@type":"ReadAction","target":["https:\/\/jornaldasoficinas.com\/pt\/anecra-reune-300-profissionais-do-setor-automovel-em-coimbra\/"]}]},{"@type":"ImageObject","inLanguage":"pt-PT","@id":"https:\/\/jornaldasoficinas.com\/pt\/anecra-reune-300-profissionais-do-setor-automovel-em-coimbra\/#primaryimage","url":"https:\/\/jornaldasoficinas.com\/pt\/wp-content\/uploads\/2024\/05\/ANECRA-reune-300-profissionais-do-setor-automovel-em-Coimbra.jpg","contentUrl":"https:\/\/jornaldasoficinas.com\/pt\/wp-content\/uploads\/2024\/05\/ANECRA-reune-300-profissionais-do-setor-automovel-em-Coimbra.jpg","width":1024,"height":581,"caption":"05 - ANECRA reune 300 profissionais do setor automovel em Coimbra"},{"@type":"BreadcrumbList","@id":"https:\/\/jornaldasoficinas.com\/pt\/anecra-reune-300-profissionais-do-setor-automovel-em-coimbra\/#breadcrumb","itemListElement":[{"@type":"ListItem","position":1,"name":"In\u00edcio","item":"https:\/\/jornaldasoficinas.com\/pt\/"},{"@type":"ListItem","position":2,"name":"ANECRA re\u00fane 300 profissionais do setor autom\u00f3vel em Coimbra"}]},{"@type":"WebSite","@id":"https:\/\/jornaldasoficinas.com\/pt\/#website","url":"https:\/\/jornaldasoficinas.com\/pt\/","name":"Jornal das Oficinas","description":"Jornal independente do Aftermarket Autom\u00f3vel em Portugal","publisher":{"@id":"https:\/\/jornaldasoficinas.com\/pt\/#organization"},"potentialAction":[{"@type":"SearchAction","target":{"@type":"EntryPoint","urlTemplate":"https:\/\/jornaldasoficinas.com\/pt\/?s={search_term_string}"},"query-input":{"@type":"PropertyValueSpecification","valueRequired":true,"valueName":"search_term_string"}}],"inLanguage":"pt-PT"},{"@type":"Organization","@id":"https:\/\/jornaldasoficinas.com\/pt\/#organization","name":"Jornal das Oficinas","url":"https:\/\/jornaldasoficinas.com\/pt\/","logo":{"@type":"ImageObject","inLanguage":"pt-PT","@id":"https:\/\/jornaldasoficinas.com\/pt\/#\/schema\/logo\/image\/","url":"https:\/\/jornaldasoficinas.com\/pt\/wp-content\/uploads\/logoJO-SEO.png","contentUrl":"https:\/\/jornaldasoficinas.com\/pt\/wp-content\/uploads\/logoJO-SEO.png","width":285,"height":450,"caption":"Jornal das Oficinas"},"image":{"@id":"https:\/\/jornaldasoficinas.com\/pt\/#\/schema\/logo\/image\/"},"sameAs":["https:\/\/www.facebook.com\/jornaloficinas","https:\/\/x.com\/jornaloficinas","https:\/\/www.instagram.com\/jornal_oficinas\/","https:\/\/www.linkedin.com\/company\/jornal-das-oficinas\/","https:\/\/www.youtube.com\/channel\/UCbQZBqtcvV-oSQrr7RzINGg"]},{"@type":"Person","@id":"https:\/\/jornaldasoficinas.com\/pt\/#\/schema\/person\/a38eef5de2c41d9e7c9ac10141afddf3","name":"Reda\u00e7\u00e3o JO","image":{"@type":"ImageObject","inLanguage":"pt-PT","@id":"https:\/\/secure.gravatar.com\/avatar\/71f2fa71737ad68a84fea94bc708ddac8ea5b0c4788dc2ad202f3ccb2887742f?s=96&d=wp_user_avatar&r=g","url":"https:\/\/secure.gravatar.com\/avatar\/71f2fa71737ad68a84fea94bc708ddac8ea5b0c4788dc2ad202f3ccb2887742f?s=96&d=wp_user_avatar&r=g","contentUrl":"https:\/\/secure.gravatar.com\/avatar\/71f2fa71737ad68a84fea94bc708ddac8ea5b0c4788dc2ad202f3ccb2887742f?s=96&d=wp_user_avatar&r=g","caption":"Reda\u00e7\u00e3o JO"},"url":"https:\/\/jornaldasoficinas.com\/pt\/author\/joredacao\/"}]}},"_links":{"self":[{"href":"https:\/\/jornaldasoficinas.com\/pt\/wp-json\/wp\/v2\/posts\/85605","targetHints":{"allow":["GET"]}}],"collection":[{"href":"https:\/\/jornaldasoficinas.com\/pt\/wp-json\/wp\/v2\/posts"}],"about":[{"href":"https:\/\/jornaldasoficinas.com\/pt\/wp-json\/wp\/v2\/types\/post"}],"author":[{"embeddable":true,"href":"https:\/\/jornaldasoficinas.com\/pt\/wp-json\/wp\/v2\/users\/15"}],"replies":[{"embeddable":true,"href":"https:\/\/jornaldasoficinas.com\/pt\/wp-json\/wp\/v2\/comments?post=85605"}],"version-history":[{"count":0,"href":"https:\/\/jornaldasoficinas.com\/pt\/wp-json\/wp\/v2\/posts\/85605\/revisions"}],"wp:featuredmedia":[{"embeddable":true,"href":"https:\/\/jornaldasoficinas.com\/pt\/wp-json\/wp\/v2\/media\/85628"}],"wp:attachment":[{"href":"https:\/\/jornaldasoficinas.com\/pt\/wp-json\/wp\/v2\/media?parent=85605"}],"wp:term":[{"taxonomy":"category","embeddable":true,"href":"https:\/\/jornaldasoficinas.com\/pt\/wp-json\/wp\/v2\/categories?post=85605"},{"taxonomy":"post_tag","embeddable":true,"href":"https:\/\/jornaldasoficinas.com\/pt\/wp-json\/wp\/v2\/tags?post=85605"}],"curies":[{"name":"wp","href":"https:\/\/api.w.org\/{rel}","templated":true}]}}