{"id":85624,"date":"2024-05-31T12:30:01","date_gmt":"2024-05-31T11:30:01","guid":{"rendered":"https:\/\/jornaldasoficinas.com\/pt\/?p=85624"},"modified":"2024-05-29T16:40:01","modified_gmt":"2024-05-29T15:40:01","slug":"clarios-e-altris-juntas-pelo-futuro-das-baterias","status":"publish","type":"post","link":"https:\/\/jornaldasoficinas.com\/pt\/clarios-e-altris-juntas-pelo-futuro-das-baterias\/","title":{"rendered":"Clarios e Altris juntas pelo futuro das baterias"},"content":{"rendered":"<p><strong><img loading=\"lazy\" decoding=\"async\" class=\"alignnone size-full wp-image-85634\" src=\"https:\/\/jornaldasoficinas.com\/pt\/wp-content\/uploads\/2024\/05\/Clarios-e-Altris-juntas-pelo-futuro-das-baterias.jpg\" alt=\"05 - Clarios e Altris juntas pelo futuro das baterias\" width=\"1024\" height=\"581\" srcset=\"https:\/\/jornaldasoficinas.com\/pt\/wp-content\/uploads\/2024\/05\/Clarios-e-Altris-juntas-pelo-futuro-das-baterias.jpg 1024w, https:\/\/jornaldasoficinas.com\/pt\/wp-content\/uploads\/2024\/05\/Clarios-e-Altris-juntas-pelo-futuro-das-baterias-300x170.jpg 300w, https:\/\/jornaldasoficinas.com\/pt\/wp-content\/uploads\/2024\/05\/Clarios-e-Altris-juntas-pelo-futuro-das-baterias-150x85.jpg 150w, https:\/\/jornaldasoficinas.com\/pt\/wp-content\/uploads\/2024\/05\/Clarios-e-Altris-juntas-pelo-futuro-das-baterias-768x436.jpg 768w\" sizes=\"auto, (max-width: 1024px) 100vw, 1024px\" \/><\/strong><\/p>\n<p><strong>A <a href=\"https:\/\/www.clarios.com\/\">Clarios<\/a> e a <a href=\"https:\/\/www.altris.se\/\">Altris<\/a>, empresa sueca e fabricante de prot\u00f3tipos de baterias de \u00edons de s\u00f3dio, anunciaram um acordo exclusivo de desenvolvimento conjunto de aplica\u00e7\u00f5es de mobilidade de baixa tens\u00e3o<\/strong><\/p>\n<p>A Altris vai concentrar-se no desenvolvimento de tecnologia de c\u00e9lulas de \u00edons de s\u00f3dio para aplica\u00e7\u00f5es de baixa tens\u00e3o, enquanto a Clarios aproveitar\u00e1 a sua experi\u00eancia em sistemas de gerenciamento de baterias, software e integra\u00e7\u00e3o de sistemas, para projetar o sistema de baterias.<\/p>\n<p>Este acordo de desenvolvimento refor\u00e7a uma alian\u00e7a colaborativa iniciada no in\u00edcio deste ano, que lan\u00e7ou o desenvolvimento de um plano detalhado de produ\u00e7\u00e3o de baterias utilizando c\u00e9lulas de \u00edons de s\u00f3dio para ve\u00edculos de baixa tens\u00e3o. Esta iniciativa \u00e9 especialmente oportuna porque coincide com um momento crucial na transforma\u00e7\u00e3o da ind\u00fastria autom\u00f3vel global.<\/p>\n<p>Todos os ve\u00edculos, incluindo modelos h\u00edbridos e 100% el\u00e9tricos, precisam de uma fonte de energia confi\u00e1vel de baixa tens\u00e3o para alimentar sistemas e fun\u00e7\u00f5es cr\u00edticas. \u00c0 medida que a complexidade dos ve\u00edculos aumenta, a rede de baixa tens\u00e3o deve adaptar-se para suportar um conjunto crescente de fun\u00e7\u00f5es baseadas em software, tais como dire\u00e7\u00e3o por fio, trav\u00f5es por fio, fun\u00e7\u00f5es aut\u00f3nomas e experi\u00eancias aprimoradas no habit\u00e1culo do ve\u00edculo.<\/p>\n<p>As baterias de \u00edon de s\u00f3dio (Na-ion) s\u00e3o adequadas para atender a essa crescente procura de energia, ao mesmo tempo em que s\u00e3o inerentemente sustent\u00e1veis \u200b\u200be f\u00e1ceis de reciclar. A tecnologia de \u00edons oferece uma densidade de energia compar\u00e1vel \u00e0 das tecnologias de baterias LFP e \u00e9 altamente sustent\u00e1vel gra\u00e7as aos seus materiais ecologicamente corretos e f\u00e1ceis de reciclar. Os materiais utilizados para produzir baterias de i\u00f5es de s\u00f3dio \u2013 sal, madeira, ferro e ar \u2013 s\u00e3o abundantes e n\u00e3o cont\u00eam minerais de conflito ou elementos t\u00f3xicos.<\/p>\n<p>O desenvolvimento de baterias de i\u00f5es de s\u00f3dio para ve\u00edculos representar\u00e1 um avan\u00e7o significativo na tecnologia de baterias autom\u00f3veis e impulsionar\u00e1 os objetivos de circularidade da ind\u00fastria autom\u00f3vel. \u201cEste acordo de desenvolvimento conjunto com a Altris permite \u00e0 Clarios expandir ainda mais a sua posi\u00e7\u00e3o de lideran\u00e7a na cria\u00e7\u00e3o de solu\u00e7\u00f5es inovadoras de baterias e satisfazer a crescente procura por sistemas de armazenamento de energia sustent\u00e1veis. Este \u00e9 um passo importante na nossa estrat\u00e9gia de sermos agn\u00f3sticos qu\u00edmicos na produ\u00e7\u00e3o de baterias de baixa tens\u00e3o\u201d, disse Federico Morales Zimmermann, vice-presidente da Clarios e gerente geral de clientes globais, produtos e engenharia. &#8220;Agora temos a capacidade de fabricar uma variedade de tipos de baterias avan\u00e7adas, como fibra de vidro absorvente, \u00edons de l\u00edtio e \u00edons de s\u00f3dio, para atender \u00e0s procuras de baixa tens\u00e3o criadas por tecnologias avan\u00e7adas de baterias\u201d, acrescentou.<\/p>\n<p>&#8220;A Altris quer trazer ao mundo baterias de \u00edon de s\u00f3dio melhores, mais seguras e verdadeiramente sustent\u00e1veis. Este acordo conjunto com a Clarios permite-nos continuar a focar no desenvolvimento e fabrica\u00e7\u00e3o de baterias de \u00edon de s\u00f3dio especificamente adaptadas para o mercado de baterias automotivas. A nossa qu\u00edmica tem a vantagem \u00fanica de combinar desempenho em baixas temperaturas com a capacidade de fornecer altas correntes, ao mesmo tempo em que mant\u00e9m uma densidade de energia competitiva. Isso o torna uma solu\u00e7\u00e3o perfeita para mobilidade&#8221;, afirmou Bj\u00f6rn M\u00e5rlid, CEO da Altris.<\/p>\n<p><strong>\u00a0<\/strong><\/p>\n<p>&nbsp;<\/p>\n","protected":false},"excerpt":{"rendered":"<p>A Clarios e a Altris, empresa&#8230;<\/p>\n","protected":false},"author":15,"featured_media":85634,"comment_status":"closed","ping_status":"closed","sticky":false,"template":"","format":"standard","meta":{"footnotes":""},"categories":[29],"tags":[9321,9326,9323,9322,514,9325,9324],"class_list":["post-85624","post","type-post","status-publish","format-standard","has-post-thumbnail","hentry","category-empresas","tag-altris","tag-aplicacoes-de-baixa-tensao","tag-baterias-automoveis","tag-baterias-de-ioes-de-sodio","tag-clarios","tag-modelos-eletricos","tag-modelos-hibridos"],"yoast_head":"<!-- This site is optimized with the Yoast SEO plugin v27.4 - https:\/\/yoast.com\/product\/yoast-seo-wordpress\/ -->\n<title>Clarios e Altris juntas pelo futuro das baterias - Jornal das Oficinas<\/title>\n<meta name=\"description\" content=\"A Clarios e a Altris, anunciaram um acordo exclusivo de desenvolvimento conjunto de aplica\u00e7\u00f5es de mobilidade de baixa tens\u00e3o\" \/>\n<meta name=\"robots\" content=\"index, follow, max-snippet:-1, max-image-preview:large, max-video-preview:-1\" \/>\n<link rel=\"canonical\" href=\"https:\/\/jornaldasoficinas.com\/pt\/clarios-e-altris-juntas-pelo-futuro-das-baterias\/\" \/>\n<meta property=\"og:locale\" content=\"pt_PT\" \/>\n<meta property=\"og:type\" content=\"article\" \/>\n<meta property=\"og:title\" content=\"Clarios e Altris juntas pelo futuro das baterias - Jornal das Oficinas\" \/>\n<meta property=\"og:description\" content=\"A Clarios e a Altris, anunciaram um acordo exclusivo de desenvolvimento conjunto de aplica\u00e7\u00f5es de mobilidade de baixa tens\u00e3o\" \/>\n<meta property=\"og:url\" content=\"https:\/\/jornaldasoficinas.com\/pt\/clarios-e-altris-juntas-pelo-futuro-das-baterias\/\" \/>\n<meta property=\"og:site_name\" content=\"Jornal das Oficinas\" \/>\n<meta property=\"article:publisher\" content=\"https:\/\/www.facebook.com\/jornaloficinas\" \/>\n<meta property=\"article:published_time\" content=\"2024-05-31T11:30:01+00:00\" \/>\n<meta property=\"og:image\" content=\"https:\/\/jornaldasoficinas.com\/pt\/wp-content\/uploads\/2024\/05\/Clarios-e-Altris-juntas-pelo-futuro-das-baterias.jpg\" \/>\n\t<meta property=\"og:image:width\" content=\"1024\" \/>\n\t<meta property=\"og:image:height\" content=\"581\" \/>\n\t<meta property=\"og:image:type\" content=\"image\/jpeg\" \/>\n<meta name=\"author\" content=\"Reda\u00e7\u00e3o JO\" \/>\n<meta name=\"twitter:card\" content=\"summary_large_image\" \/>\n<meta name=\"twitter:creator\" content=\"@jornaloficinas\" \/>\n<meta name=\"twitter:site\" content=\"@jornaloficinas\" \/>\n<meta name=\"twitter:label1\" content=\"Escrito por\" \/>\n\t<meta name=\"twitter:data1\" content=\"Reda\u00e7\u00e3o JO\" \/>\n\t<meta name=\"twitter:label2\" content=\"Tempo estimado de leitura\" \/>\n\t<meta name=\"twitter:data2\" content=\"4 minutos\" \/>\n<script type=\"application\/ld+json\" class=\"yoast-schema-graph\">{\"@context\":\"https:\\\/\\\/schema.org\",\"@graph\":[{\"@type\":\"Article\",\"@id\":\"https:\\\/\\\/jornaldasoficinas.com\\\/pt\\\/clarios-e-altris-juntas-pelo-futuro-das-baterias\\\/#article\",\"isPartOf\":{\"@id\":\"https:\\\/\\\/jornaldasoficinas.com\\\/pt\\\/clarios-e-altris-juntas-pelo-futuro-das-baterias\\\/\"},\"author\":{\"name\":\"Reda\u00e7\u00e3o JO\",\"@id\":\"https:\\\/\\\/jornaldasoficinas.com\\\/pt\\\/#\\\/schema\\\/person\\\/a38eef5de2c41d9e7c9ac10141afddf3\"},\"headline\":\"Clarios e Altris juntas pelo futuro das baterias\",\"datePublished\":\"2024-05-31T11:30:01+00:00\",\"mainEntityOfPage\":{\"@id\":\"https:\\\/\\\/jornaldasoficinas.com\\\/pt\\\/clarios-e-altris-juntas-pelo-futuro-das-baterias\\\/\"},\"wordCount\":596,\"publisher\":{\"@id\":\"https:\\\/\\\/jornaldasoficinas.com\\\/pt\\\/#organization\"},\"image\":{\"@id\":\"https:\\\/\\\/jornaldasoficinas.com\\\/pt\\\/clarios-e-altris-juntas-pelo-futuro-das-baterias\\\/#primaryimage\"},\"thumbnailUrl\":\"https:\\\/\\\/jornaldasoficinas.com\\\/pt\\\/wp-content\\\/uploads\\\/2024\\\/05\\\/Clarios-e-Altris-juntas-pelo-futuro-das-baterias.jpg\",\"keywords\":[\"Altris\",\"aplica\u00e7\u00f5es de baixa tens\u00e3o\",\"baterias autom\u00f3veis\",\"baterias de i\u00f5es de s\u00f3dio\",\"Clarios\",\"modelos el\u00e9tricos\",\"modelos h\u00edbridos\"],\"articleSection\":[\"Empresas\"],\"inLanguage\":\"pt-PT\"},{\"@type\":\"WebPage\",\"@id\":\"https:\\\/\\\/jornaldasoficinas.com\\\/pt\\\/clarios-e-altris-juntas-pelo-futuro-das-baterias\\\/\",\"url\":\"https:\\\/\\\/jornaldasoficinas.com\\\/pt\\\/clarios-e-altris-juntas-pelo-futuro-das-baterias\\\/\",\"name\":\"Clarios e Altris juntas pelo futuro das baterias - Jornal das Oficinas\",\"isPartOf\":{\"@id\":\"https:\\\/\\\/jornaldasoficinas.com\\\/pt\\\/#website\"},\"primaryImageOfPage\":{\"@id\":\"https:\\\/\\\/jornaldasoficinas.com\\\/pt\\\/clarios-e-altris-juntas-pelo-futuro-das-baterias\\\/#primaryimage\"},\"image\":{\"@id\":\"https:\\\/\\\/jornaldasoficinas.com\\\/pt\\\/clarios-e-altris-juntas-pelo-futuro-das-baterias\\\/#primaryimage\"},\"thumbnailUrl\":\"https:\\\/\\\/jornaldasoficinas.com\\\/pt\\\/wp-content\\\/uploads\\\/2024\\\/05\\\/Clarios-e-Altris-juntas-pelo-futuro-das-baterias.jpg\",\"datePublished\":\"2024-05-31T11:30:01+00:00\",\"description\":\"A Clarios e a Altris, anunciaram um acordo exclusivo de desenvolvimento conjunto de aplica\u00e7\u00f5es de mobilidade de baixa tens\u00e3o\",\"breadcrumb\":{\"@id\":\"https:\\\/\\\/jornaldasoficinas.com\\\/pt\\\/clarios-e-altris-juntas-pelo-futuro-das-baterias\\\/#breadcrumb\"},\"inLanguage\":\"pt-PT\",\"potentialAction\":[{\"@type\":\"ReadAction\",\"target\":[\"https:\\\/\\\/jornaldasoficinas.com\\\/pt\\\/clarios-e-altris-juntas-pelo-futuro-das-baterias\\\/\"]}]},{\"@type\":\"ImageObject\",\"inLanguage\":\"pt-PT\",\"@id\":\"https:\\\/\\\/jornaldasoficinas.com\\\/pt\\\/clarios-e-altris-juntas-pelo-futuro-das-baterias\\\/#primaryimage\",\"url\":\"https:\\\/\\\/jornaldasoficinas.com\\\/pt\\\/wp-content\\\/uploads\\\/2024\\\/05\\\/Clarios-e-Altris-juntas-pelo-futuro-das-baterias.jpg\",\"contentUrl\":\"https:\\\/\\\/jornaldasoficinas.com\\\/pt\\\/wp-content\\\/uploads\\\/2024\\\/05\\\/Clarios-e-Altris-juntas-pelo-futuro-das-baterias.jpg\",\"width\":1024,\"height\":581,\"caption\":\"05 - Clarios e Altris juntas pelo futuro das baterias\"},{\"@type\":\"BreadcrumbList\",\"@id\":\"https:\\\/\\\/jornaldasoficinas.com\\\/pt\\\/clarios-e-altris-juntas-pelo-futuro-das-baterias\\\/#breadcrumb\",\"itemListElement\":[{\"@type\":\"ListItem\",\"position\":1,\"name\":\"In\u00edcio\",\"item\":\"https:\\\/\\\/jornaldasoficinas.com\\\/pt\\\/\"},{\"@type\":\"ListItem\",\"position\":2,\"name\":\"Clarios e Altris juntas pelo futuro das baterias\"}]},{\"@type\":\"WebSite\",\"@id\":\"https:\\\/\\\/jornaldasoficinas.com\\\/pt\\\/#website\",\"url\":\"https:\\\/\\\/jornaldasoficinas.com\\\/pt\\\/\",\"name\":\"Jornal das Oficinas\",\"description\":\"Jornal independente do Aftermarket Autom\u00f3vel em Portugal\",\"publisher\":{\"@id\":\"https:\\\/\\\/jornaldasoficinas.com\\\/pt\\\/#organization\"},\"potentialAction\":[{\"@type\":\"SearchAction\",\"target\":{\"@type\":\"EntryPoint\",\"urlTemplate\":\"https:\\\/\\\/jornaldasoficinas.com\\\/pt\\\/?s={search_term_string}\"},\"query-input\":{\"@type\":\"PropertyValueSpecification\",\"valueRequired\":true,\"valueName\":\"search_term_string\"}}],\"inLanguage\":\"pt-PT\"},{\"@type\":\"Organization\",\"@id\":\"https:\\\/\\\/jornaldasoficinas.com\\\/pt\\\/#organization\",\"name\":\"Jornal das Oficinas\",\"url\":\"https:\\\/\\\/jornaldasoficinas.com\\\/pt\\\/\",\"logo\":{\"@type\":\"ImageObject\",\"inLanguage\":\"pt-PT\",\"@id\":\"https:\\\/\\\/jornaldasoficinas.com\\\/pt\\\/#\\\/schema\\\/logo\\\/image\\\/\",\"url\":\"https:\\\/\\\/jornaldasoficinas.com\\\/pt\\\/wp-content\\\/uploads\\\/logoJO-SEO.png\",\"contentUrl\":\"https:\\\/\\\/jornaldasoficinas.com\\\/pt\\\/wp-content\\\/uploads\\\/logoJO-SEO.png\",\"width\":285,\"height\":450,\"caption\":\"Jornal das Oficinas\"},\"image\":{\"@id\":\"https:\\\/\\\/jornaldasoficinas.com\\\/pt\\\/#\\\/schema\\\/logo\\\/image\\\/\"},\"sameAs\":[\"https:\\\/\\\/www.facebook.com\\\/jornaloficinas\",\"https:\\\/\\\/x.com\\\/jornaloficinas\",\"https:\\\/\\\/www.instagram.com\\\/jornal_oficinas\\\/\",\"https:\\\/\\\/www.linkedin.com\\\/company\\\/jornal-das-oficinas\\\/\",\"https:\\\/\\\/www.youtube.com\\\/channel\\\/UCbQZBqtcvV-oSQrr7RzINGg\"]},{\"@type\":\"Person\",\"@id\":\"https:\\\/\\\/jornaldasoficinas.com\\\/pt\\\/#\\\/schema\\\/person\\\/a38eef5de2c41d9e7c9ac10141afddf3\",\"name\":\"Reda\u00e7\u00e3o JO\",\"image\":{\"@type\":\"ImageObject\",\"inLanguage\":\"pt-PT\",\"@id\":\"https:\\\/\\\/secure.gravatar.com\\\/avatar\\\/71f2fa71737ad68a84fea94bc708ddac8ea5b0c4788dc2ad202f3ccb2887742f?s=96&d=wp_user_avatar&r=g\",\"url\":\"https:\\\/\\\/secure.gravatar.com\\\/avatar\\\/71f2fa71737ad68a84fea94bc708ddac8ea5b0c4788dc2ad202f3ccb2887742f?s=96&d=wp_user_avatar&r=g\",\"contentUrl\":\"https:\\\/\\\/secure.gravatar.com\\\/avatar\\\/71f2fa71737ad68a84fea94bc708ddac8ea5b0c4788dc2ad202f3ccb2887742f?s=96&d=wp_user_avatar&r=g\",\"caption\":\"Reda\u00e7\u00e3o JO\"},\"url\":\"https:\\\/\\\/jornaldasoficinas.com\\\/pt\\\/author\\\/joredacao\\\/\"}]}<\/script>\n<!-- \/ Yoast SEO plugin. -->","yoast_head_json":{"title":"Clarios e Altris juntas pelo futuro das baterias - Jornal das Oficinas","description":"A Clarios e a Altris, anunciaram um acordo exclusivo de desenvolvimento conjunto de aplica\u00e7\u00f5es de mobilidade de baixa tens\u00e3o","robots":{"index":"index","follow":"follow","max-snippet":"max-snippet:-1","max-image-preview":"max-image-preview:large","max-video-preview":"max-video-preview:-1"},"canonical":"https:\/\/jornaldasoficinas.com\/pt\/clarios-e-altris-juntas-pelo-futuro-das-baterias\/","og_locale":"pt_PT","og_type":"article","og_title":"Clarios e Altris juntas pelo futuro das baterias - Jornal das Oficinas","og_description":"A Clarios e a Altris, anunciaram um acordo exclusivo de desenvolvimento conjunto de aplica\u00e7\u00f5es de mobilidade de baixa tens\u00e3o","og_url":"https:\/\/jornaldasoficinas.com\/pt\/clarios-e-altris-juntas-pelo-futuro-das-baterias\/","og_site_name":"Jornal das Oficinas","article_publisher":"https:\/\/www.facebook.com\/jornaloficinas","article_published_time":"2024-05-31T11:30:01+00:00","og_image":[{"width":1024,"height":581,"url":"https:\/\/jornaldasoficinas.com\/pt\/wp-content\/uploads\/2024\/05\/Clarios-e-Altris-juntas-pelo-futuro-das-baterias.jpg","type":"image\/jpeg"}],"author":"Reda\u00e7\u00e3o JO","twitter_card":"summary_large_image","twitter_creator":"@jornaloficinas","twitter_site":"@jornaloficinas","twitter_misc":{"Escrito por":"Reda\u00e7\u00e3o JO","Tempo estimado de leitura":"4 minutos"},"schema":{"@context":"https:\/\/schema.org","@graph":[{"@type":"Article","@id":"https:\/\/jornaldasoficinas.com\/pt\/clarios-e-altris-juntas-pelo-futuro-das-baterias\/#article","isPartOf":{"@id":"https:\/\/jornaldasoficinas.com\/pt\/clarios-e-altris-juntas-pelo-futuro-das-baterias\/"},"author":{"name":"Reda\u00e7\u00e3o JO","@id":"https:\/\/jornaldasoficinas.com\/pt\/#\/schema\/person\/a38eef5de2c41d9e7c9ac10141afddf3"},"headline":"Clarios e Altris juntas pelo futuro das baterias","datePublished":"2024-05-31T11:30:01+00:00","mainEntityOfPage":{"@id":"https:\/\/jornaldasoficinas.com\/pt\/clarios-e-altris-juntas-pelo-futuro-das-baterias\/"},"wordCount":596,"publisher":{"@id":"https:\/\/jornaldasoficinas.com\/pt\/#organization"},"image":{"@id":"https:\/\/jornaldasoficinas.com\/pt\/clarios-e-altris-juntas-pelo-futuro-das-baterias\/#primaryimage"},"thumbnailUrl":"https:\/\/jornaldasoficinas.com\/pt\/wp-content\/uploads\/2024\/05\/Clarios-e-Altris-juntas-pelo-futuro-das-baterias.jpg","keywords":["Altris","aplica\u00e7\u00f5es de baixa tens\u00e3o","baterias autom\u00f3veis","baterias de i\u00f5es de s\u00f3dio","Clarios","modelos el\u00e9tricos","modelos h\u00edbridos"],"articleSection":["Empresas"],"inLanguage":"pt-PT"},{"@type":"WebPage","@id":"https:\/\/jornaldasoficinas.com\/pt\/clarios-e-altris-juntas-pelo-futuro-das-baterias\/","url":"https:\/\/jornaldasoficinas.com\/pt\/clarios-e-altris-juntas-pelo-futuro-das-baterias\/","name":"Clarios e Altris juntas pelo futuro das baterias - Jornal das Oficinas","isPartOf":{"@id":"https:\/\/jornaldasoficinas.com\/pt\/#website"},"primaryImageOfPage":{"@id":"https:\/\/jornaldasoficinas.com\/pt\/clarios-e-altris-juntas-pelo-futuro-das-baterias\/#primaryimage"},"image":{"@id":"https:\/\/jornaldasoficinas.com\/pt\/clarios-e-altris-juntas-pelo-futuro-das-baterias\/#primaryimage"},"thumbnailUrl":"https:\/\/jornaldasoficinas.com\/pt\/wp-content\/uploads\/2024\/05\/Clarios-e-Altris-juntas-pelo-futuro-das-baterias.jpg","datePublished":"2024-05-31T11:30:01+00:00","description":"A Clarios e a Altris, anunciaram um acordo exclusivo de desenvolvimento conjunto de aplica\u00e7\u00f5es de mobilidade de baixa tens\u00e3o","breadcrumb":{"@id":"https:\/\/jornaldasoficinas.com\/pt\/clarios-e-altris-juntas-pelo-futuro-das-baterias\/#breadcrumb"},"inLanguage":"pt-PT","potentialAction":[{"@type":"ReadAction","target":["https:\/\/jornaldasoficinas.com\/pt\/clarios-e-altris-juntas-pelo-futuro-das-baterias\/"]}]},{"@type":"ImageObject","inLanguage":"pt-PT","@id":"https:\/\/jornaldasoficinas.com\/pt\/clarios-e-altris-juntas-pelo-futuro-das-baterias\/#primaryimage","url":"https:\/\/jornaldasoficinas.com\/pt\/wp-content\/uploads\/2024\/05\/Clarios-e-Altris-juntas-pelo-futuro-das-baterias.jpg","contentUrl":"https:\/\/jornaldasoficinas.com\/pt\/wp-content\/uploads\/2024\/05\/Clarios-e-Altris-juntas-pelo-futuro-das-baterias.jpg","width":1024,"height":581,"caption":"05 - Clarios e Altris juntas pelo futuro das baterias"},{"@type":"BreadcrumbList","@id":"https:\/\/jornaldasoficinas.com\/pt\/clarios-e-altris-juntas-pelo-futuro-das-baterias\/#breadcrumb","itemListElement":[{"@type":"ListItem","position":1,"name":"In\u00edcio","item":"https:\/\/jornaldasoficinas.com\/pt\/"},{"@type":"ListItem","position":2,"name":"Clarios e Altris juntas pelo futuro das baterias"}]},{"@type":"WebSite","@id":"https:\/\/jornaldasoficinas.com\/pt\/#website","url":"https:\/\/jornaldasoficinas.com\/pt\/","name":"Jornal das Oficinas","description":"Jornal independente do Aftermarket Autom\u00f3vel em Portugal","publisher":{"@id":"https:\/\/jornaldasoficinas.com\/pt\/#organization"},"potentialAction":[{"@type":"SearchAction","target":{"@type":"EntryPoint","urlTemplate":"https:\/\/jornaldasoficinas.com\/pt\/?s={search_term_string}"},"query-input":{"@type":"PropertyValueSpecification","valueRequired":true,"valueName":"search_term_string"}}],"inLanguage":"pt-PT"},{"@type":"Organization","@id":"https:\/\/jornaldasoficinas.com\/pt\/#organization","name":"Jornal das Oficinas","url":"https:\/\/jornaldasoficinas.com\/pt\/","logo":{"@type":"ImageObject","inLanguage":"pt-PT","@id":"https:\/\/jornaldasoficinas.com\/pt\/#\/schema\/logo\/image\/","url":"https:\/\/jornaldasoficinas.com\/pt\/wp-content\/uploads\/logoJO-SEO.png","contentUrl":"https:\/\/jornaldasoficinas.com\/pt\/wp-content\/uploads\/logoJO-SEO.png","width":285,"height":450,"caption":"Jornal das Oficinas"},"image":{"@id":"https:\/\/jornaldasoficinas.com\/pt\/#\/schema\/logo\/image\/"},"sameAs":["https:\/\/www.facebook.com\/jornaloficinas","https:\/\/x.com\/jornaloficinas","https:\/\/www.instagram.com\/jornal_oficinas\/","https:\/\/www.linkedin.com\/company\/jornal-das-oficinas\/","https:\/\/www.youtube.com\/channel\/UCbQZBqtcvV-oSQrr7RzINGg"]},{"@type":"Person","@id":"https:\/\/jornaldasoficinas.com\/pt\/#\/schema\/person\/a38eef5de2c41d9e7c9ac10141afddf3","name":"Reda\u00e7\u00e3o JO","image":{"@type":"ImageObject","inLanguage":"pt-PT","@id":"https:\/\/secure.gravatar.com\/avatar\/71f2fa71737ad68a84fea94bc708ddac8ea5b0c4788dc2ad202f3ccb2887742f?s=96&d=wp_user_avatar&r=g","url":"https:\/\/secure.gravatar.com\/avatar\/71f2fa71737ad68a84fea94bc708ddac8ea5b0c4788dc2ad202f3ccb2887742f?s=96&d=wp_user_avatar&r=g","contentUrl":"https:\/\/secure.gravatar.com\/avatar\/71f2fa71737ad68a84fea94bc708ddac8ea5b0c4788dc2ad202f3ccb2887742f?s=96&d=wp_user_avatar&r=g","caption":"Reda\u00e7\u00e3o JO"},"url":"https:\/\/jornaldasoficinas.com\/pt\/author\/joredacao\/"}]}},"_links":{"self":[{"href":"https:\/\/jornaldasoficinas.com\/pt\/wp-json\/wp\/v2\/posts\/85624","targetHints":{"allow":["GET"]}}],"collection":[{"href":"https:\/\/jornaldasoficinas.com\/pt\/wp-json\/wp\/v2\/posts"}],"about":[{"href":"https:\/\/jornaldasoficinas.com\/pt\/wp-json\/wp\/v2\/types\/post"}],"author":[{"embeddable":true,"href":"https:\/\/jornaldasoficinas.com\/pt\/wp-json\/wp\/v2\/users\/15"}],"replies":[{"embeddable":true,"href":"https:\/\/jornaldasoficinas.com\/pt\/wp-json\/wp\/v2\/comments?post=85624"}],"version-history":[{"count":0,"href":"https:\/\/jornaldasoficinas.com\/pt\/wp-json\/wp\/v2\/posts\/85624\/revisions"}],"wp:featuredmedia":[{"embeddable":true,"href":"https:\/\/jornaldasoficinas.com\/pt\/wp-json\/wp\/v2\/media\/85634"}],"wp:attachment":[{"href":"https:\/\/jornaldasoficinas.com\/pt\/wp-json\/wp\/v2\/media?parent=85624"}],"wp:term":[{"taxonomy":"category","embeddable":true,"href":"https:\/\/jornaldasoficinas.com\/pt\/wp-json\/wp\/v2\/categories?post=85624"},{"taxonomy":"post_tag","embeddable":true,"href":"https:\/\/jornaldasoficinas.com\/pt\/wp-json\/wp\/v2\/tags?post=85624"}],"curies":[{"name":"wp","href":"https:\/\/api.w.org\/{rel}","templated":true}]}}