{"id":85706,"date":"2024-05-31T16:00:09","date_gmt":"2024-05-31T15:00:09","guid":{"rendered":"https:\/\/jornaldasoficinas.com\/pt\/?p=85706"},"modified":"2024-05-31T16:53:37","modified_gmt":"2024-05-31T15:53:37","slug":"grupo-alves-bandeira-patrocina-mxgp-2024","status":"publish","type":"post","link":"https:\/\/jornaldasoficinas.com\/pt\/grupo-alves-bandeira-patrocina-mxgp-2024\/","title":{"rendered":"Grupo Alves Bandeira patrocina MXGP 2024"},"content":{"rendered":"<p><strong><img loading=\"lazy\" decoding=\"async\" class=\"alignnone size-full wp-image-85719\" src=\"https:\/\/jornaldasoficinas.com\/pt\/wp-content\/uploads\/2024\/05\/Grupo-Alves-Bandeira-patrocina-MXGP-2024.jpeg\" alt=\"05 - Grupo Alves Bandeira patrocina MXGP 2024\" width=\"1024\" height=\"581\" srcset=\"https:\/\/jornaldasoficinas.com\/pt\/wp-content\/uploads\/2024\/05\/Grupo-Alves-Bandeira-patrocina-MXGP-2024.jpeg 1024w, https:\/\/jornaldasoficinas.com\/pt\/wp-content\/uploads\/2024\/05\/Grupo-Alves-Bandeira-patrocina-MXGP-2024-300x170.jpeg 300w, https:\/\/jornaldasoficinas.com\/pt\/wp-content\/uploads\/2024\/05\/Grupo-Alves-Bandeira-patrocina-MXGP-2024-150x85.jpeg 150w, https:\/\/jornaldasoficinas.com\/pt\/wp-content\/uploads\/2024\/05\/Grupo-Alves-Bandeira-patrocina-MXGP-2024-768x436.jpeg 768w\" sizes=\"auto, (max-width: 1024px) 100vw, 1024px\" \/><\/strong><\/p>\n<p><strong>O Campeonato Mundial de Motocross, o MXGP, realizou-se na cidade de \u00c1gueda, e contou com o apoio da marca <a href=\"https:\/\/www.grupoalvesbandeira.com\/pt\/\" target=\"_blank\" rel=\"noopener\">Alves Bandeira<\/a><\/strong><\/p>\n<p>No in\u00edcio do m\u00eas de maio, a cidade de \u00c1gueda transformou-se no centro das aten\u00e7\u00f5es do motocross mundial ao tornar-se a sede uma das etapas mais aguardadas do Campeonato Mundial de Motocross, o MXGP.<\/p>\n<p>O evento, realizado num dos mais emblem\u00e1ticos circuitos mundiais, trouxe consigo um fim de semana repleto de velocidade, emo\u00e7\u00e3o e competi\u00e7\u00e3o de alto n\u00edvel.<\/p>\n<p>Para fornecer a energia que moveu o MXGP durante estes dois dias, a organiza\u00e7\u00e3o do evento escolheu a marca Alves Bandeira, que, para al\u00e9m de assegurar o fornecimento do combust\u00edvel, ainda se juntou como uma das principais marcas patrocinadoras deste verdadeiro espet\u00e1culo.<\/p>\n<p>No total estiveram presentes mais de 100 pilotos de elite, em representa\u00e7\u00e3o de diversos pa\u00edses, trazendo consigo uma grande diversidade de estilos e estrat\u00e9gias apenas ao alcance dos melhores do mundo.<\/p>\n<p>Entre os participantes estavam os principais nomes do motocross mundial, que fizeram quest\u00e3o de realizar um verdadeiro espet\u00e1culo de habilidade e, por consequ\u00eancia, elevar os os \u00edndices de adrenalina e entusiasmo das mais de 30 mil pessoas que marcaram presen\u00e7a no evento.<\/p>\n<p>Durante dois dias, os f\u00e3s vibraram a cada salto, a cada curva e a cada ultrapassagem, criando uma atmosfera eletrizante que contagiou todos os presentes.<\/p>\n<p>O evento foi amplamente transmitido, tanto por canais de televis\u00e3o especializados quanto por plataformas de streaming, alcan\u00e7ando mais de um milh\u00e3o de pessoas em todo o mundo.<\/p>\n<p>A cobertura internacional ajudou a solidificar a reputa\u00e7\u00e3o de \u00c1gueda e Portugal como um destino de excel\u00eancia para a realiza\u00e7\u00e3o e organiza\u00e7\u00e3o de eventos motorizados.<\/p>\n<p>Pedro Mascarenhas, Diretor de Marketing do Grupo Alves Bandeira n\u00e3o tem d\u00favidas em afirmar que &#8220;foi um orgulho enorme voltar a ser o patrocinador e fornecedor de energia do MXGP de \u00c1gueda. A associa\u00e7\u00e3o a um evento mundial de prest\u00edgio, realizado e organizado em Portugal, em especial num concelho onde temos v\u00e1rios postos, \u00e9 demonstrativo do nosso compromisso, por um lado, em estarmos pr\u00f3ximos e envolvidos com a comunidade local e, por outro, em continuarmos a apoiar ao desenvolvimento do desporto em Portugal&#8221;.<\/p>\n","protected":false},"excerpt":{"rendered":"<p>O Campeonato Mundial de Motocross, o&#8230;<\/p>\n","protected":false},"author":15,"featured_media":85719,"comment_status":"closed","ping_status":"closed","sticky":false,"template":"","format":"standard","meta":{"footnotes":""},"categories":[29],"tags":[9346,2913,9347,9345,9290],"class_list":["post-85706","post","type-post","status-publish","format-standard","has-post-thumbnail","hentry","category-empresas","tag-campeonato-mundial-de-motocross","tag-grupo-alves-bandeira","tag-mais-de-30-mil-pessoas","tag-mxgp-2024","tag-pedro-mascarenhas"],"yoast_head":"<!-- This site is optimized with the Yoast SEO plugin v27.5 - https:\/\/yoast.com\/product\/yoast-seo-wordpress\/ -->\n<title>Grupo Alves Bandeira patrocina MXGP 2024 - Jornal das Oficinas<\/title>\n<meta name=\"description\" content=\"O Campeonato Mundial de Motocross, o MXGP, realizou-se na cidade de \u00c1gueda, e contou com o apoio da marca Alves Bandeira\" \/>\n<meta name=\"robots\" content=\"index, follow, max-snippet:-1, max-image-preview:large, max-video-preview:-1\" \/>\n<link rel=\"canonical\" href=\"https:\/\/jornaldasoficinas.com\/pt\/grupo-alves-bandeira-patrocina-mxgp-2024\/\" \/>\n<meta property=\"og:locale\" content=\"pt_PT\" \/>\n<meta property=\"og:type\" content=\"article\" \/>\n<meta property=\"og:title\" content=\"Grupo Alves Bandeira patrocina MXGP 2024 - Jornal das Oficinas\" \/>\n<meta property=\"og:description\" content=\"O Campeonato Mundial de Motocross, o MXGP, realizou-se na cidade de \u00c1gueda, e contou com o apoio da marca Alves Bandeira\" \/>\n<meta property=\"og:url\" content=\"https:\/\/jornaldasoficinas.com\/pt\/grupo-alves-bandeira-patrocina-mxgp-2024\/\" \/>\n<meta property=\"og:site_name\" content=\"Jornal das Oficinas\" \/>\n<meta property=\"article:publisher\" content=\"https:\/\/www.facebook.com\/jornaloficinas\" \/>\n<meta property=\"article:published_time\" content=\"2024-05-31T15:00:09+00:00\" \/>\n<meta property=\"article:modified_time\" content=\"2024-05-31T15:53:37+00:00\" \/>\n<meta property=\"og:image\" content=\"https:\/\/jornaldasoficinas.com\/pt\/wp-content\/uploads\/2024\/05\/Grupo-Alves-Bandeira-patrocina-MXGP-2024.jpeg\" \/>\n\t<meta property=\"og:image:width\" content=\"1024\" \/>\n\t<meta property=\"og:image:height\" content=\"581\" \/>\n\t<meta property=\"og:image:type\" content=\"image\/jpeg\" \/>\n<meta name=\"author\" content=\"Reda\u00e7\u00e3o JO\" \/>\n<meta name=\"twitter:card\" content=\"summary_large_image\" \/>\n<meta name=\"twitter:creator\" content=\"@jornaloficinas\" \/>\n<meta name=\"twitter:site\" content=\"@jornaloficinas\" \/>\n<meta name=\"twitter:label1\" content=\"Escrito por\" \/>\n\t<meta name=\"twitter:data1\" content=\"Reda\u00e7\u00e3o JO\" \/>\n\t<meta name=\"twitter:label2\" content=\"Tempo estimado de leitura\" \/>\n\t<meta name=\"twitter:data2\" content=\"3 minutos\" \/>\n<script type=\"application\/ld+json\" class=\"yoast-schema-graph\">{\"@context\":\"https:\\\/\\\/schema.org\",\"@graph\":[{\"@type\":\"Article\",\"@id\":\"https:\\\/\\\/jornaldasoficinas.com\\\/pt\\\/grupo-alves-bandeira-patrocina-mxgp-2024\\\/#article\",\"isPartOf\":{\"@id\":\"https:\\\/\\\/jornaldasoficinas.com\\\/pt\\\/grupo-alves-bandeira-patrocina-mxgp-2024\\\/\"},\"author\":{\"name\":\"Reda\u00e7\u00e3o JO\",\"@id\":\"https:\\\/\\\/jornaldasoficinas.com\\\/pt\\\/#\\\/schema\\\/person\\\/a38eef5de2c41d9e7c9ac10141afddf3\"},\"headline\":\"Grupo Alves Bandeira patrocina MXGP 2024\",\"datePublished\":\"2024-05-31T15:00:09+00:00\",\"dateModified\":\"2024-05-31T15:53:37+00:00\",\"mainEntityOfPage\":{\"@id\":\"https:\\\/\\\/jornaldasoficinas.com\\\/pt\\\/grupo-alves-bandeira-patrocina-mxgp-2024\\\/\"},\"wordCount\":388,\"publisher\":{\"@id\":\"https:\\\/\\\/jornaldasoficinas.com\\\/pt\\\/#organization\"},\"image\":{\"@id\":\"https:\\\/\\\/jornaldasoficinas.com\\\/pt\\\/grupo-alves-bandeira-patrocina-mxgp-2024\\\/#primaryimage\"},\"thumbnailUrl\":\"https:\\\/\\\/jornaldasoficinas.com\\\/pt\\\/wp-content\\\/uploads\\\/2024\\\/05\\\/Grupo-Alves-Bandeira-patrocina-MXGP-2024.jpeg\",\"keywords\":[\"Campeonato Mundial de Motocross\",\"Grupo Alves Bandeira\",\"mais de 30 mil pessoas\",\"MXGP 2024\",\"Pedro Mascarenhas\"],\"articleSection\":[\"Empresas\"],\"inLanguage\":\"pt-PT\"},{\"@type\":\"WebPage\",\"@id\":\"https:\\\/\\\/jornaldasoficinas.com\\\/pt\\\/grupo-alves-bandeira-patrocina-mxgp-2024\\\/\",\"url\":\"https:\\\/\\\/jornaldasoficinas.com\\\/pt\\\/grupo-alves-bandeira-patrocina-mxgp-2024\\\/\",\"name\":\"Grupo Alves Bandeira patrocina MXGP 2024 - Jornal das Oficinas\",\"isPartOf\":{\"@id\":\"https:\\\/\\\/jornaldasoficinas.com\\\/pt\\\/#website\"},\"primaryImageOfPage\":{\"@id\":\"https:\\\/\\\/jornaldasoficinas.com\\\/pt\\\/grupo-alves-bandeira-patrocina-mxgp-2024\\\/#primaryimage\"},\"image\":{\"@id\":\"https:\\\/\\\/jornaldasoficinas.com\\\/pt\\\/grupo-alves-bandeira-patrocina-mxgp-2024\\\/#primaryimage\"},\"thumbnailUrl\":\"https:\\\/\\\/jornaldasoficinas.com\\\/pt\\\/wp-content\\\/uploads\\\/2024\\\/05\\\/Grupo-Alves-Bandeira-patrocina-MXGP-2024.jpeg\",\"datePublished\":\"2024-05-31T15:00:09+00:00\",\"dateModified\":\"2024-05-31T15:53:37+00:00\",\"description\":\"O Campeonato Mundial de Motocross, o MXGP, realizou-se na cidade de \u00c1gueda, e contou com o apoio da marca Alves Bandeira\",\"breadcrumb\":{\"@id\":\"https:\\\/\\\/jornaldasoficinas.com\\\/pt\\\/grupo-alves-bandeira-patrocina-mxgp-2024\\\/#breadcrumb\"},\"inLanguage\":\"pt-PT\",\"potentialAction\":[{\"@type\":\"ReadAction\",\"target\":[\"https:\\\/\\\/jornaldasoficinas.com\\\/pt\\\/grupo-alves-bandeira-patrocina-mxgp-2024\\\/\"]}]},{\"@type\":\"ImageObject\",\"inLanguage\":\"pt-PT\",\"@id\":\"https:\\\/\\\/jornaldasoficinas.com\\\/pt\\\/grupo-alves-bandeira-patrocina-mxgp-2024\\\/#primaryimage\",\"url\":\"https:\\\/\\\/jornaldasoficinas.com\\\/pt\\\/wp-content\\\/uploads\\\/2024\\\/05\\\/Grupo-Alves-Bandeira-patrocina-MXGP-2024.jpeg\",\"contentUrl\":\"https:\\\/\\\/jornaldasoficinas.com\\\/pt\\\/wp-content\\\/uploads\\\/2024\\\/05\\\/Grupo-Alves-Bandeira-patrocina-MXGP-2024.jpeg\",\"width\":1024,\"height\":581,\"caption\":\"05 - Grupo Alves Bandeira patrocina MXGP 2024\"},{\"@type\":\"BreadcrumbList\",\"@id\":\"https:\\\/\\\/jornaldasoficinas.com\\\/pt\\\/grupo-alves-bandeira-patrocina-mxgp-2024\\\/#breadcrumb\",\"itemListElement\":[{\"@type\":\"ListItem\",\"position\":1,\"name\":\"In\u00edcio\",\"item\":\"https:\\\/\\\/jornaldasoficinas.com\\\/pt\\\/\"},{\"@type\":\"ListItem\",\"position\":2,\"name\":\"Grupo Alves Bandeira patrocina MXGP 2024\"}]},{\"@type\":\"WebSite\",\"@id\":\"https:\\\/\\\/jornaldasoficinas.com\\\/pt\\\/#website\",\"url\":\"https:\\\/\\\/jornaldasoficinas.com\\\/pt\\\/\",\"name\":\"Jornal das Oficinas\",\"description\":\"Jornal independente do Aftermarket Autom\u00f3vel em Portugal\",\"publisher\":{\"@id\":\"https:\\\/\\\/jornaldasoficinas.com\\\/pt\\\/#organization\"},\"potentialAction\":[{\"@type\":\"SearchAction\",\"target\":{\"@type\":\"EntryPoint\",\"urlTemplate\":\"https:\\\/\\\/jornaldasoficinas.com\\\/pt\\\/?s={search_term_string}\"},\"query-input\":{\"@type\":\"PropertyValueSpecification\",\"valueRequired\":true,\"valueName\":\"search_term_string\"}}],\"inLanguage\":\"pt-PT\"},{\"@type\":\"Organization\",\"@id\":\"https:\\\/\\\/jornaldasoficinas.com\\\/pt\\\/#organization\",\"name\":\"Jornal das Oficinas\",\"url\":\"https:\\\/\\\/jornaldasoficinas.com\\\/pt\\\/\",\"logo\":{\"@type\":\"ImageObject\",\"inLanguage\":\"pt-PT\",\"@id\":\"https:\\\/\\\/jornaldasoficinas.com\\\/pt\\\/#\\\/schema\\\/logo\\\/image\\\/\",\"url\":\"https:\\\/\\\/jornaldasoficinas.com\\\/pt\\\/wp-content\\\/uploads\\\/logoJO-SEO.png\",\"contentUrl\":\"https:\\\/\\\/jornaldasoficinas.com\\\/pt\\\/wp-content\\\/uploads\\\/logoJO-SEO.png\",\"width\":285,\"height\":450,\"caption\":\"Jornal das Oficinas\"},\"image\":{\"@id\":\"https:\\\/\\\/jornaldasoficinas.com\\\/pt\\\/#\\\/schema\\\/logo\\\/image\\\/\"},\"sameAs\":[\"https:\\\/\\\/www.facebook.com\\\/jornaloficinas\",\"https:\\\/\\\/x.com\\\/jornaloficinas\",\"https:\\\/\\\/www.instagram.com\\\/jornal_oficinas\\\/\",\"https:\\\/\\\/www.linkedin.com\\\/company\\\/jornal-das-oficinas\\\/\",\"https:\\\/\\\/www.youtube.com\\\/channel\\\/UCbQZBqtcvV-oSQrr7RzINGg\"]},{\"@type\":\"Person\",\"@id\":\"https:\\\/\\\/jornaldasoficinas.com\\\/pt\\\/#\\\/schema\\\/person\\\/a38eef5de2c41d9e7c9ac10141afddf3\",\"name\":\"Reda\u00e7\u00e3o JO\",\"image\":{\"@type\":\"ImageObject\",\"inLanguage\":\"pt-PT\",\"@id\":\"https:\\\/\\\/secure.gravatar.com\\\/avatar\\\/71f2fa71737ad68a84fea94bc708ddac8ea5b0c4788dc2ad202f3ccb2887742f?s=96&d=wp_user_avatar&r=g\",\"url\":\"https:\\\/\\\/secure.gravatar.com\\\/avatar\\\/71f2fa71737ad68a84fea94bc708ddac8ea5b0c4788dc2ad202f3ccb2887742f?s=96&d=wp_user_avatar&r=g\",\"contentUrl\":\"https:\\\/\\\/secure.gravatar.com\\\/avatar\\\/71f2fa71737ad68a84fea94bc708ddac8ea5b0c4788dc2ad202f3ccb2887742f?s=96&d=wp_user_avatar&r=g\",\"caption\":\"Reda\u00e7\u00e3o JO\"},\"url\":\"https:\\\/\\\/jornaldasoficinas.com\\\/pt\\\/author\\\/joredacao\\\/\"}]}<\/script>\n<!-- \/ Yoast SEO plugin. -->","yoast_head_json":{"title":"Grupo Alves Bandeira patrocina MXGP 2024 - Jornal das Oficinas","description":"O Campeonato Mundial de Motocross, o MXGP, realizou-se na cidade de \u00c1gueda, e contou com o apoio da marca Alves Bandeira","robots":{"index":"index","follow":"follow","max-snippet":"max-snippet:-1","max-image-preview":"max-image-preview:large","max-video-preview":"max-video-preview:-1"},"canonical":"https:\/\/jornaldasoficinas.com\/pt\/grupo-alves-bandeira-patrocina-mxgp-2024\/","og_locale":"pt_PT","og_type":"article","og_title":"Grupo Alves Bandeira patrocina MXGP 2024 - Jornal das Oficinas","og_description":"O Campeonato Mundial de Motocross, o MXGP, realizou-se na cidade de \u00c1gueda, e contou com o apoio da marca Alves Bandeira","og_url":"https:\/\/jornaldasoficinas.com\/pt\/grupo-alves-bandeira-patrocina-mxgp-2024\/","og_site_name":"Jornal das Oficinas","article_publisher":"https:\/\/www.facebook.com\/jornaloficinas","article_published_time":"2024-05-31T15:00:09+00:00","article_modified_time":"2024-05-31T15:53:37+00:00","og_image":[{"width":1024,"height":581,"url":"https:\/\/jornaldasoficinas.com\/pt\/wp-content\/uploads\/2024\/05\/Grupo-Alves-Bandeira-patrocina-MXGP-2024.jpeg","type":"image\/jpeg"}],"author":"Reda\u00e7\u00e3o JO","twitter_card":"summary_large_image","twitter_creator":"@jornaloficinas","twitter_site":"@jornaloficinas","twitter_misc":{"Escrito por":"Reda\u00e7\u00e3o JO","Tempo estimado de leitura":"3 minutos"},"schema":{"@context":"https:\/\/schema.org","@graph":[{"@type":"Article","@id":"https:\/\/jornaldasoficinas.com\/pt\/grupo-alves-bandeira-patrocina-mxgp-2024\/#article","isPartOf":{"@id":"https:\/\/jornaldasoficinas.com\/pt\/grupo-alves-bandeira-patrocina-mxgp-2024\/"},"author":{"name":"Reda\u00e7\u00e3o JO","@id":"https:\/\/jornaldasoficinas.com\/pt\/#\/schema\/person\/a38eef5de2c41d9e7c9ac10141afddf3"},"headline":"Grupo Alves Bandeira patrocina MXGP 2024","datePublished":"2024-05-31T15:00:09+00:00","dateModified":"2024-05-31T15:53:37+00:00","mainEntityOfPage":{"@id":"https:\/\/jornaldasoficinas.com\/pt\/grupo-alves-bandeira-patrocina-mxgp-2024\/"},"wordCount":388,"publisher":{"@id":"https:\/\/jornaldasoficinas.com\/pt\/#organization"},"image":{"@id":"https:\/\/jornaldasoficinas.com\/pt\/grupo-alves-bandeira-patrocina-mxgp-2024\/#primaryimage"},"thumbnailUrl":"https:\/\/jornaldasoficinas.com\/pt\/wp-content\/uploads\/2024\/05\/Grupo-Alves-Bandeira-patrocina-MXGP-2024.jpeg","keywords":["Campeonato Mundial de Motocross","Grupo Alves Bandeira","mais de 30 mil pessoas","MXGP 2024","Pedro Mascarenhas"],"articleSection":["Empresas"],"inLanguage":"pt-PT"},{"@type":"WebPage","@id":"https:\/\/jornaldasoficinas.com\/pt\/grupo-alves-bandeira-patrocina-mxgp-2024\/","url":"https:\/\/jornaldasoficinas.com\/pt\/grupo-alves-bandeira-patrocina-mxgp-2024\/","name":"Grupo Alves Bandeira patrocina MXGP 2024 - Jornal das Oficinas","isPartOf":{"@id":"https:\/\/jornaldasoficinas.com\/pt\/#website"},"primaryImageOfPage":{"@id":"https:\/\/jornaldasoficinas.com\/pt\/grupo-alves-bandeira-patrocina-mxgp-2024\/#primaryimage"},"image":{"@id":"https:\/\/jornaldasoficinas.com\/pt\/grupo-alves-bandeira-patrocina-mxgp-2024\/#primaryimage"},"thumbnailUrl":"https:\/\/jornaldasoficinas.com\/pt\/wp-content\/uploads\/2024\/05\/Grupo-Alves-Bandeira-patrocina-MXGP-2024.jpeg","datePublished":"2024-05-31T15:00:09+00:00","dateModified":"2024-05-31T15:53:37+00:00","description":"O Campeonato Mundial de Motocross, o MXGP, realizou-se na cidade de \u00c1gueda, e contou com o apoio da marca Alves Bandeira","breadcrumb":{"@id":"https:\/\/jornaldasoficinas.com\/pt\/grupo-alves-bandeira-patrocina-mxgp-2024\/#breadcrumb"},"inLanguage":"pt-PT","potentialAction":[{"@type":"ReadAction","target":["https:\/\/jornaldasoficinas.com\/pt\/grupo-alves-bandeira-patrocina-mxgp-2024\/"]}]},{"@type":"ImageObject","inLanguage":"pt-PT","@id":"https:\/\/jornaldasoficinas.com\/pt\/grupo-alves-bandeira-patrocina-mxgp-2024\/#primaryimage","url":"https:\/\/jornaldasoficinas.com\/pt\/wp-content\/uploads\/2024\/05\/Grupo-Alves-Bandeira-patrocina-MXGP-2024.jpeg","contentUrl":"https:\/\/jornaldasoficinas.com\/pt\/wp-content\/uploads\/2024\/05\/Grupo-Alves-Bandeira-patrocina-MXGP-2024.jpeg","width":1024,"height":581,"caption":"05 - Grupo Alves Bandeira patrocina MXGP 2024"},{"@type":"BreadcrumbList","@id":"https:\/\/jornaldasoficinas.com\/pt\/grupo-alves-bandeira-patrocina-mxgp-2024\/#breadcrumb","itemListElement":[{"@type":"ListItem","position":1,"name":"In\u00edcio","item":"https:\/\/jornaldasoficinas.com\/pt\/"},{"@type":"ListItem","position":2,"name":"Grupo Alves Bandeira patrocina MXGP 2024"}]},{"@type":"WebSite","@id":"https:\/\/jornaldasoficinas.com\/pt\/#website","url":"https:\/\/jornaldasoficinas.com\/pt\/","name":"Jornal das Oficinas","description":"Jornal independente do Aftermarket Autom\u00f3vel em Portugal","publisher":{"@id":"https:\/\/jornaldasoficinas.com\/pt\/#organization"},"potentialAction":[{"@type":"SearchAction","target":{"@type":"EntryPoint","urlTemplate":"https:\/\/jornaldasoficinas.com\/pt\/?s={search_term_string}"},"query-input":{"@type":"PropertyValueSpecification","valueRequired":true,"valueName":"search_term_string"}}],"inLanguage":"pt-PT"},{"@type":"Organization","@id":"https:\/\/jornaldasoficinas.com\/pt\/#organization","name":"Jornal das Oficinas","url":"https:\/\/jornaldasoficinas.com\/pt\/","logo":{"@type":"ImageObject","inLanguage":"pt-PT","@id":"https:\/\/jornaldasoficinas.com\/pt\/#\/schema\/logo\/image\/","url":"https:\/\/jornaldasoficinas.com\/pt\/wp-content\/uploads\/logoJO-SEO.png","contentUrl":"https:\/\/jornaldasoficinas.com\/pt\/wp-content\/uploads\/logoJO-SEO.png","width":285,"height":450,"caption":"Jornal das Oficinas"},"image":{"@id":"https:\/\/jornaldasoficinas.com\/pt\/#\/schema\/logo\/image\/"},"sameAs":["https:\/\/www.facebook.com\/jornaloficinas","https:\/\/x.com\/jornaloficinas","https:\/\/www.instagram.com\/jornal_oficinas\/","https:\/\/www.linkedin.com\/company\/jornal-das-oficinas\/","https:\/\/www.youtube.com\/channel\/UCbQZBqtcvV-oSQrr7RzINGg"]},{"@type":"Person","@id":"https:\/\/jornaldasoficinas.com\/pt\/#\/schema\/person\/a38eef5de2c41d9e7c9ac10141afddf3","name":"Reda\u00e7\u00e3o JO","image":{"@type":"ImageObject","inLanguage":"pt-PT","@id":"https:\/\/secure.gravatar.com\/avatar\/71f2fa71737ad68a84fea94bc708ddac8ea5b0c4788dc2ad202f3ccb2887742f?s=96&d=wp_user_avatar&r=g","url":"https:\/\/secure.gravatar.com\/avatar\/71f2fa71737ad68a84fea94bc708ddac8ea5b0c4788dc2ad202f3ccb2887742f?s=96&d=wp_user_avatar&r=g","contentUrl":"https:\/\/secure.gravatar.com\/avatar\/71f2fa71737ad68a84fea94bc708ddac8ea5b0c4788dc2ad202f3ccb2887742f?s=96&d=wp_user_avatar&r=g","caption":"Reda\u00e7\u00e3o JO"},"url":"https:\/\/jornaldasoficinas.com\/pt\/author\/joredacao\/"}]}},"_links":{"self":[{"href":"https:\/\/jornaldasoficinas.com\/pt\/wp-json\/wp\/v2\/posts\/85706","targetHints":{"allow":["GET"]}}],"collection":[{"href":"https:\/\/jornaldasoficinas.com\/pt\/wp-json\/wp\/v2\/posts"}],"about":[{"href":"https:\/\/jornaldasoficinas.com\/pt\/wp-json\/wp\/v2\/types\/post"}],"author":[{"embeddable":true,"href":"https:\/\/jornaldasoficinas.com\/pt\/wp-json\/wp\/v2\/users\/15"}],"replies":[{"embeddable":true,"href":"https:\/\/jornaldasoficinas.com\/pt\/wp-json\/wp\/v2\/comments?post=85706"}],"version-history":[{"count":0,"href":"https:\/\/jornaldasoficinas.com\/pt\/wp-json\/wp\/v2\/posts\/85706\/revisions"}],"wp:featuredmedia":[{"embeddable":true,"href":"https:\/\/jornaldasoficinas.com\/pt\/wp-json\/wp\/v2\/media\/85719"}],"wp:attachment":[{"href":"https:\/\/jornaldasoficinas.com\/pt\/wp-json\/wp\/v2\/media?parent=85706"}],"wp:term":[{"taxonomy":"category","embeddable":true,"href":"https:\/\/jornaldasoficinas.com\/pt\/wp-json\/wp\/v2\/categories?post=85706"},{"taxonomy":"post_tag","embeddable":true,"href":"https:\/\/jornaldasoficinas.com\/pt\/wp-json\/wp\/v2\/tags?post=85706"}],"curies":[{"name":"wp","href":"https:\/\/api.w.org\/{rel}","templated":true}]}}