{"id":85871,"date":"2024-06-03T14:00:51","date_gmt":"2024-06-03T13:00:51","guid":{"rendered":"https:\/\/jornaldasoficinas.com\/pt\/?p=85871"},"modified":"2024-06-03T12:48:46","modified_gmt":"2024-06-03T11:48:46","slug":"arnott-adiciona-novos-produtos-ao-portfolio","status":"publish","type":"post","link":"https:\/\/jornaldasoficinas.com\/pt\/arnott-adiciona-novos-produtos-ao-portfolio\/","title":{"rendered":"Arnott adiciona novos produtos ao portf\u00f3lio"},"content":{"rendered":"<p><strong><img loading=\"lazy\" decoding=\"async\" class=\"alignnone size-full wp-image-85886\" src=\"https:\/\/jornaldasoficinas.com\/pt\/wp-content\/uploads\/2024\/05\/Arnott-adiciona-novos-produtos-ao-portfolio.jpeg\" alt=\"\" width=\"1024\" height=\"581\" srcset=\"https:\/\/jornaldasoficinas.com\/pt\/wp-content\/uploads\/2024\/05\/Arnott-adiciona-novos-produtos-ao-portfolio.jpeg 1024w, https:\/\/jornaldasoficinas.com\/pt\/wp-content\/uploads\/2024\/05\/Arnott-adiciona-novos-produtos-ao-portfolio-300x170.jpeg 300w, https:\/\/jornaldasoficinas.com\/pt\/wp-content\/uploads\/2024\/05\/Arnott-adiciona-novos-produtos-ao-portfolio-150x85.jpeg 150w, https:\/\/jornaldasoficinas.com\/pt\/wp-content\/uploads\/2024\/05\/Arnott-adiciona-novos-produtos-ao-portfolio-768x436.jpeg 768w\" sizes=\"auto, (max-width: 1024px) 100vw, 1024px\" \/><\/strong><\/p>\n<p><strong>Para o m\u00eas de junho, a <a href=\"https:\/\/www.arnotteurope.com\/\" target=\"_blank\" rel=\"noopener\">Arnott<\/a> preparou novos lan\u00e7amentos para complementar a sua oferta no segmento de suspens\u00e3o<\/strong><\/p>\n<p>Um dos novos lan\u00e7amentos da Arnott s\u00e3o os amortecedores eletr\u00f3nicos, que vieram substituir diretamente os amortecedores originais, mantendo as funcionalidades do seu antecessor. Com uma tecnologia E-Ride, garantem um &#8220;desempenho ideal&#8221;, que se adapta \u00e0s entradas digitais de cada ve\u00edculo.<\/p>\n<p>&#8220;Estes amortecedores eletr\u00f3nicos s\u00e3o rigorosamente testados para resistir a temperaturas extremas, condi\u00e7\u00f5es de estrada e ciclos de compress\u00e3o. Os amortecedores eletr\u00f3nicos da Arnott s\u00e3o 100% novos, projetados e fabricados nos EUA. Todos os choques eletr\u00f3nicos s\u00e3o pr\u00e9-montados para uma f\u00e1cil instala\u00e7\u00e3o e possuem manuais de instala\u00e7\u00e3o detalhados dispon\u00edveis&#8221;, explicou a Arnott em comunicado.<\/p>\n<p><strong>Amortecedores magn\u00e9ticos<\/strong><\/p>\n<p>Os novos amortecedores magn\u00e9ticos fornecem o mesmo deslocamento adaptado para OE e conectam-se aos ve\u00edculos sem modifica\u00e7\u00f5es.<\/p>\n<p>O amortecedor \u00e9 preenchido com fluido magnetoreol\u00f3gico, que \u00e9 um \u00f3leo de hidrocarboneto sint\u00e9tico que cont\u00e9m part\u00edculas de ferro facilmente magnetizadas. As duas bobinas eletromagn\u00e9ticas dentro do amortecedor alteram instantaneamente as liga\u00e7\u00f5es entre as part\u00edculas de ferro magnetizadas, alterando a viscosidade e a rigidez da suspens\u00e3o quando ligadas.<\/p>\n<p><strong>MR-4262<\/strong><\/p>\n<p>MR-4262 \u00e9 um suporte de bobina magn\u00e9tica frontal Arnott, para o Cadillac Escalade 2015-2020 e o Chevrolet Silverado 1500 \/ Chevrolet Suburban \/ GMC Sierra 1500 \/ GMC Yukon XL.<\/p>\n<p><strong>Novo kit de convers\u00e3o de mola de bobina: C-3633<\/strong><\/p>\n<p>Os kits de convers\u00e3o de molas helicoidais apresentam amortecedores com v\u00e1lvulas personalizadas de forma a fornecer aos ve\u00edculos conforto e facilidade de manuseamento. Tamb\u00e9m incluem um M\u00f3dulo de Bypass Eletr\u00f4nico (EBM) patenteado para eliminar luzes de erro do painel. Todos os kits de convers\u00e3o de molas helicoidais Arnott s\u00e3o projetados nos EUA e pr\u00e9-montados para uma f\u00e1cil instala\u00e7\u00e3o.<\/p>\n<p><strong>Extens\u00f5es de liga\u00e7\u00e3o: VB-3427<\/strong><\/p>\n<p>VB-3427 \u00e9 um bloco de v\u00e1lvula Arnott, para v\u00e1rios Mercedes-Benz 2013-2024.<\/p>\n<p>Agora tamb\u00e9m nos seguintes modelos da Mercedes-Benz:<\/p>\n<p>&#8211; CLS (C257) (excluindo AMG);<br \/>\n&#8211; VITO (W447);<br \/>\n&#8211; CLASSE V (W447\/W448);<br \/>\n&#8211; Campista MARCO-POLO (W447);<br \/>\n&#8211; E-CLASS (W213) \/ E-CLASS T-Model (S213) \/ E-CLASS Cabriolet\/Coupe (C238) \/ E-CLASS convers\u00edvel (A-238) \/ E-CLASS Long Wheelbase (V213) &#8211; China.<\/p>\n","protected":false},"excerpt":{"rendered":"<p>Para o m\u00eas de junho, a&#8230;<\/p>\n","protected":false},"author":15,"featured_media":85886,"comment_status":"closed","ping_status":"closed","sticky":false,"template":"","format":"standard","meta":{"footnotes":""},"categories":[6],"tags":[9378,529,8584,2771,9379],"class_list":["post-85871","post","type-post","status-publish","format-standard","has-post-thumbnail","hentry","category-equipamentos","tag-amortecedores-magneticos","tag-arnott","tag-novo-lancamento","tag-novos-produtos","tag-segmento-de-suspensao"],"yoast_head":"<!-- This site is optimized with the Yoast SEO plugin v27.5 - https:\/\/yoast.com\/product\/yoast-seo-wordpress\/ -->\n<title>Arnott adiciona novos produtos ao portf\u00f3lio - Jornal das Oficinas<\/title>\n<meta name=\"description\" content=\"Para o m\u00eas de junho, a Arnott preparou novos lan\u00e7amentos para complementar a sua oferta no segmento de suspens\u00e3o\" \/>\n<meta name=\"robots\" content=\"index, follow, max-snippet:-1, max-image-preview:large, max-video-preview:-1\" \/>\n<link rel=\"canonical\" href=\"https:\/\/jornaldasoficinas.com\/pt\/arnott-adiciona-novos-produtos-ao-portfolio\/\" \/>\n<meta property=\"og:locale\" content=\"pt_PT\" \/>\n<meta property=\"og:type\" content=\"article\" \/>\n<meta property=\"og:title\" content=\"Arnott adiciona novos produtos ao portf\u00f3lio - Jornal das Oficinas\" \/>\n<meta property=\"og:description\" content=\"Para o m\u00eas de junho, a Arnott preparou novos lan\u00e7amentos para complementar a sua oferta no segmento de suspens\u00e3o\" \/>\n<meta property=\"og:url\" content=\"https:\/\/jornaldasoficinas.com\/pt\/arnott-adiciona-novos-produtos-ao-portfolio\/\" \/>\n<meta property=\"og:site_name\" content=\"Jornal das Oficinas\" \/>\n<meta property=\"article:publisher\" content=\"https:\/\/www.facebook.com\/jornaloficinas\" \/>\n<meta property=\"article:published_time\" content=\"2024-06-03T13:00:51+00:00\" \/>\n<meta property=\"og:image\" content=\"https:\/\/jornaldasoficinas.com\/pt\/wp-content\/uploads\/2024\/05\/Arnott-adiciona-novos-produtos-ao-portfolio.jpeg\" \/>\n\t<meta property=\"og:image:width\" content=\"1024\" \/>\n\t<meta property=\"og:image:height\" content=\"581\" \/>\n\t<meta property=\"og:image:type\" content=\"image\/jpeg\" \/>\n<meta name=\"author\" content=\"Reda\u00e7\u00e3o JO\" \/>\n<meta name=\"twitter:card\" content=\"summary_large_image\" \/>\n<meta name=\"twitter:creator\" content=\"@jornaloficinas\" \/>\n<meta name=\"twitter:site\" content=\"@jornaloficinas\" \/>\n<meta name=\"twitter:label1\" content=\"Escrito por\" \/>\n\t<meta name=\"twitter:data1\" content=\"Reda\u00e7\u00e3o JO\" \/>\n\t<meta name=\"twitter:label2\" content=\"Tempo estimado de leitura\" \/>\n\t<meta name=\"twitter:data2\" content=\"3 minutos\" \/>\n<script type=\"application\/ld+json\" class=\"yoast-schema-graph\">{\"@context\":\"https:\\\/\\\/schema.org\",\"@graph\":[{\"@type\":\"Article\",\"@id\":\"https:\\\/\\\/jornaldasoficinas.com\\\/pt\\\/arnott-adiciona-novos-produtos-ao-portfolio\\\/#article\",\"isPartOf\":{\"@id\":\"https:\\\/\\\/jornaldasoficinas.com\\\/pt\\\/arnott-adiciona-novos-produtos-ao-portfolio\\\/\"},\"author\":{\"name\":\"Reda\u00e7\u00e3o JO\",\"@id\":\"https:\\\/\\\/jornaldasoficinas.com\\\/pt\\\/#\\\/schema\\\/person\\\/a38eef5de2c41d9e7c9ac10141afddf3\"},\"headline\":\"Arnott adiciona novos produtos ao portf\u00f3lio\",\"datePublished\":\"2024-06-03T13:00:51+00:00\",\"mainEntityOfPage\":{\"@id\":\"https:\\\/\\\/jornaldasoficinas.com\\\/pt\\\/arnott-adiciona-novos-produtos-ao-portfolio\\\/\"},\"wordCount\":383,\"publisher\":{\"@id\":\"https:\\\/\\\/jornaldasoficinas.com\\\/pt\\\/#organization\"},\"image\":{\"@id\":\"https:\\\/\\\/jornaldasoficinas.com\\\/pt\\\/arnott-adiciona-novos-produtos-ao-portfolio\\\/#primaryimage\"},\"thumbnailUrl\":\"https:\\\/\\\/jornaldasoficinas.com\\\/pt\\\/wp-content\\\/uploads\\\/2024\\\/05\\\/Arnott-adiciona-novos-produtos-ao-portfolio.jpeg\",\"keywords\":[\"Amortecedores magn\u00e9ticos\",\"Arnott\",\"novo lan\u00e7amento\",\"novos produtos\",\"segmento de suspens\u00e3o\"],\"articleSection\":[\"Equipamentos\"],\"inLanguage\":\"pt-PT\"},{\"@type\":\"WebPage\",\"@id\":\"https:\\\/\\\/jornaldasoficinas.com\\\/pt\\\/arnott-adiciona-novos-produtos-ao-portfolio\\\/\",\"url\":\"https:\\\/\\\/jornaldasoficinas.com\\\/pt\\\/arnott-adiciona-novos-produtos-ao-portfolio\\\/\",\"name\":\"Arnott adiciona novos produtos ao portf\u00f3lio - Jornal das Oficinas\",\"isPartOf\":{\"@id\":\"https:\\\/\\\/jornaldasoficinas.com\\\/pt\\\/#website\"},\"primaryImageOfPage\":{\"@id\":\"https:\\\/\\\/jornaldasoficinas.com\\\/pt\\\/arnott-adiciona-novos-produtos-ao-portfolio\\\/#primaryimage\"},\"image\":{\"@id\":\"https:\\\/\\\/jornaldasoficinas.com\\\/pt\\\/arnott-adiciona-novos-produtos-ao-portfolio\\\/#primaryimage\"},\"thumbnailUrl\":\"https:\\\/\\\/jornaldasoficinas.com\\\/pt\\\/wp-content\\\/uploads\\\/2024\\\/05\\\/Arnott-adiciona-novos-produtos-ao-portfolio.jpeg\",\"datePublished\":\"2024-06-03T13:00:51+00:00\",\"description\":\"Para o m\u00eas de junho, a Arnott preparou novos lan\u00e7amentos para complementar a sua oferta no segmento de suspens\u00e3o\",\"breadcrumb\":{\"@id\":\"https:\\\/\\\/jornaldasoficinas.com\\\/pt\\\/arnott-adiciona-novos-produtos-ao-portfolio\\\/#breadcrumb\"},\"inLanguage\":\"pt-PT\",\"potentialAction\":[{\"@type\":\"ReadAction\",\"target\":[\"https:\\\/\\\/jornaldasoficinas.com\\\/pt\\\/arnott-adiciona-novos-produtos-ao-portfolio\\\/\"]}]},{\"@type\":\"ImageObject\",\"inLanguage\":\"pt-PT\",\"@id\":\"https:\\\/\\\/jornaldasoficinas.com\\\/pt\\\/arnott-adiciona-novos-produtos-ao-portfolio\\\/#primaryimage\",\"url\":\"https:\\\/\\\/jornaldasoficinas.com\\\/pt\\\/wp-content\\\/uploads\\\/2024\\\/05\\\/Arnott-adiciona-novos-produtos-ao-portfolio.jpeg\",\"contentUrl\":\"https:\\\/\\\/jornaldasoficinas.com\\\/pt\\\/wp-content\\\/uploads\\\/2024\\\/05\\\/Arnott-adiciona-novos-produtos-ao-portfolio.jpeg\",\"width\":1024,\"height\":581},{\"@type\":\"BreadcrumbList\",\"@id\":\"https:\\\/\\\/jornaldasoficinas.com\\\/pt\\\/arnott-adiciona-novos-produtos-ao-portfolio\\\/#breadcrumb\",\"itemListElement\":[{\"@type\":\"ListItem\",\"position\":1,\"name\":\"In\u00edcio\",\"item\":\"https:\\\/\\\/jornaldasoficinas.com\\\/pt\\\/\"},{\"@type\":\"ListItem\",\"position\":2,\"name\":\"Arnott adiciona novos produtos ao portf\u00f3lio\"}]},{\"@type\":\"WebSite\",\"@id\":\"https:\\\/\\\/jornaldasoficinas.com\\\/pt\\\/#website\",\"url\":\"https:\\\/\\\/jornaldasoficinas.com\\\/pt\\\/\",\"name\":\"Jornal das Oficinas\",\"description\":\"Jornal independente do Aftermarket Autom\u00f3vel em Portugal\",\"publisher\":{\"@id\":\"https:\\\/\\\/jornaldasoficinas.com\\\/pt\\\/#organization\"},\"potentialAction\":[{\"@type\":\"SearchAction\",\"target\":{\"@type\":\"EntryPoint\",\"urlTemplate\":\"https:\\\/\\\/jornaldasoficinas.com\\\/pt\\\/?s={search_term_string}\"},\"query-input\":{\"@type\":\"PropertyValueSpecification\",\"valueRequired\":true,\"valueName\":\"search_term_string\"}}],\"inLanguage\":\"pt-PT\"},{\"@type\":\"Organization\",\"@id\":\"https:\\\/\\\/jornaldasoficinas.com\\\/pt\\\/#organization\",\"name\":\"Jornal das Oficinas\",\"url\":\"https:\\\/\\\/jornaldasoficinas.com\\\/pt\\\/\",\"logo\":{\"@type\":\"ImageObject\",\"inLanguage\":\"pt-PT\",\"@id\":\"https:\\\/\\\/jornaldasoficinas.com\\\/pt\\\/#\\\/schema\\\/logo\\\/image\\\/\",\"url\":\"https:\\\/\\\/jornaldasoficinas.com\\\/pt\\\/wp-content\\\/uploads\\\/logoJO-SEO.png\",\"contentUrl\":\"https:\\\/\\\/jornaldasoficinas.com\\\/pt\\\/wp-content\\\/uploads\\\/logoJO-SEO.png\",\"width\":285,\"height\":450,\"caption\":\"Jornal das Oficinas\"},\"image\":{\"@id\":\"https:\\\/\\\/jornaldasoficinas.com\\\/pt\\\/#\\\/schema\\\/logo\\\/image\\\/\"},\"sameAs\":[\"https:\\\/\\\/www.facebook.com\\\/jornaloficinas\",\"https:\\\/\\\/x.com\\\/jornaloficinas\",\"https:\\\/\\\/www.instagram.com\\\/jornal_oficinas\\\/\",\"https:\\\/\\\/www.linkedin.com\\\/company\\\/jornal-das-oficinas\\\/\",\"https:\\\/\\\/www.youtube.com\\\/channel\\\/UCbQZBqtcvV-oSQrr7RzINGg\"]},{\"@type\":\"Person\",\"@id\":\"https:\\\/\\\/jornaldasoficinas.com\\\/pt\\\/#\\\/schema\\\/person\\\/a38eef5de2c41d9e7c9ac10141afddf3\",\"name\":\"Reda\u00e7\u00e3o JO\",\"image\":{\"@type\":\"ImageObject\",\"inLanguage\":\"pt-PT\",\"@id\":\"https:\\\/\\\/secure.gravatar.com\\\/avatar\\\/71f2fa71737ad68a84fea94bc708ddac8ea5b0c4788dc2ad202f3ccb2887742f?s=96&d=wp_user_avatar&r=g\",\"url\":\"https:\\\/\\\/secure.gravatar.com\\\/avatar\\\/71f2fa71737ad68a84fea94bc708ddac8ea5b0c4788dc2ad202f3ccb2887742f?s=96&d=wp_user_avatar&r=g\",\"contentUrl\":\"https:\\\/\\\/secure.gravatar.com\\\/avatar\\\/71f2fa71737ad68a84fea94bc708ddac8ea5b0c4788dc2ad202f3ccb2887742f?s=96&d=wp_user_avatar&r=g\",\"caption\":\"Reda\u00e7\u00e3o JO\"},\"url\":\"https:\\\/\\\/jornaldasoficinas.com\\\/pt\\\/author\\\/joredacao\\\/\"}]}<\/script>\n<!-- \/ Yoast SEO plugin. -->","yoast_head_json":{"title":"Arnott adiciona novos produtos ao portf\u00f3lio - Jornal das Oficinas","description":"Para o m\u00eas de junho, a Arnott preparou novos lan\u00e7amentos para complementar a sua oferta no segmento de suspens\u00e3o","robots":{"index":"index","follow":"follow","max-snippet":"max-snippet:-1","max-image-preview":"max-image-preview:large","max-video-preview":"max-video-preview:-1"},"canonical":"https:\/\/jornaldasoficinas.com\/pt\/arnott-adiciona-novos-produtos-ao-portfolio\/","og_locale":"pt_PT","og_type":"article","og_title":"Arnott adiciona novos produtos ao portf\u00f3lio - Jornal das Oficinas","og_description":"Para o m\u00eas de junho, a Arnott preparou novos lan\u00e7amentos para complementar a sua oferta no segmento de suspens\u00e3o","og_url":"https:\/\/jornaldasoficinas.com\/pt\/arnott-adiciona-novos-produtos-ao-portfolio\/","og_site_name":"Jornal das Oficinas","article_publisher":"https:\/\/www.facebook.com\/jornaloficinas","article_published_time":"2024-06-03T13:00:51+00:00","og_image":[{"width":1024,"height":581,"url":"https:\/\/jornaldasoficinas.com\/pt\/wp-content\/uploads\/2024\/05\/Arnott-adiciona-novos-produtos-ao-portfolio.jpeg","type":"image\/jpeg"}],"author":"Reda\u00e7\u00e3o JO","twitter_card":"summary_large_image","twitter_creator":"@jornaloficinas","twitter_site":"@jornaloficinas","twitter_misc":{"Escrito por":"Reda\u00e7\u00e3o JO","Tempo estimado de leitura":"3 minutos"},"schema":{"@context":"https:\/\/schema.org","@graph":[{"@type":"Article","@id":"https:\/\/jornaldasoficinas.com\/pt\/arnott-adiciona-novos-produtos-ao-portfolio\/#article","isPartOf":{"@id":"https:\/\/jornaldasoficinas.com\/pt\/arnott-adiciona-novos-produtos-ao-portfolio\/"},"author":{"name":"Reda\u00e7\u00e3o JO","@id":"https:\/\/jornaldasoficinas.com\/pt\/#\/schema\/person\/a38eef5de2c41d9e7c9ac10141afddf3"},"headline":"Arnott adiciona novos produtos ao portf\u00f3lio","datePublished":"2024-06-03T13:00:51+00:00","mainEntityOfPage":{"@id":"https:\/\/jornaldasoficinas.com\/pt\/arnott-adiciona-novos-produtos-ao-portfolio\/"},"wordCount":383,"publisher":{"@id":"https:\/\/jornaldasoficinas.com\/pt\/#organization"},"image":{"@id":"https:\/\/jornaldasoficinas.com\/pt\/arnott-adiciona-novos-produtos-ao-portfolio\/#primaryimage"},"thumbnailUrl":"https:\/\/jornaldasoficinas.com\/pt\/wp-content\/uploads\/2024\/05\/Arnott-adiciona-novos-produtos-ao-portfolio.jpeg","keywords":["Amortecedores magn\u00e9ticos","Arnott","novo lan\u00e7amento","novos produtos","segmento de suspens\u00e3o"],"articleSection":["Equipamentos"],"inLanguage":"pt-PT"},{"@type":"WebPage","@id":"https:\/\/jornaldasoficinas.com\/pt\/arnott-adiciona-novos-produtos-ao-portfolio\/","url":"https:\/\/jornaldasoficinas.com\/pt\/arnott-adiciona-novos-produtos-ao-portfolio\/","name":"Arnott adiciona novos produtos ao portf\u00f3lio - Jornal das Oficinas","isPartOf":{"@id":"https:\/\/jornaldasoficinas.com\/pt\/#website"},"primaryImageOfPage":{"@id":"https:\/\/jornaldasoficinas.com\/pt\/arnott-adiciona-novos-produtos-ao-portfolio\/#primaryimage"},"image":{"@id":"https:\/\/jornaldasoficinas.com\/pt\/arnott-adiciona-novos-produtos-ao-portfolio\/#primaryimage"},"thumbnailUrl":"https:\/\/jornaldasoficinas.com\/pt\/wp-content\/uploads\/2024\/05\/Arnott-adiciona-novos-produtos-ao-portfolio.jpeg","datePublished":"2024-06-03T13:00:51+00:00","description":"Para o m\u00eas de junho, a Arnott preparou novos lan\u00e7amentos para complementar a sua oferta no segmento de suspens\u00e3o","breadcrumb":{"@id":"https:\/\/jornaldasoficinas.com\/pt\/arnott-adiciona-novos-produtos-ao-portfolio\/#breadcrumb"},"inLanguage":"pt-PT","potentialAction":[{"@type":"ReadAction","target":["https:\/\/jornaldasoficinas.com\/pt\/arnott-adiciona-novos-produtos-ao-portfolio\/"]}]},{"@type":"ImageObject","inLanguage":"pt-PT","@id":"https:\/\/jornaldasoficinas.com\/pt\/arnott-adiciona-novos-produtos-ao-portfolio\/#primaryimage","url":"https:\/\/jornaldasoficinas.com\/pt\/wp-content\/uploads\/2024\/05\/Arnott-adiciona-novos-produtos-ao-portfolio.jpeg","contentUrl":"https:\/\/jornaldasoficinas.com\/pt\/wp-content\/uploads\/2024\/05\/Arnott-adiciona-novos-produtos-ao-portfolio.jpeg","width":1024,"height":581},{"@type":"BreadcrumbList","@id":"https:\/\/jornaldasoficinas.com\/pt\/arnott-adiciona-novos-produtos-ao-portfolio\/#breadcrumb","itemListElement":[{"@type":"ListItem","position":1,"name":"In\u00edcio","item":"https:\/\/jornaldasoficinas.com\/pt\/"},{"@type":"ListItem","position":2,"name":"Arnott adiciona novos produtos ao portf\u00f3lio"}]},{"@type":"WebSite","@id":"https:\/\/jornaldasoficinas.com\/pt\/#website","url":"https:\/\/jornaldasoficinas.com\/pt\/","name":"Jornal das Oficinas","description":"Jornal independente do Aftermarket Autom\u00f3vel em Portugal","publisher":{"@id":"https:\/\/jornaldasoficinas.com\/pt\/#organization"},"potentialAction":[{"@type":"SearchAction","target":{"@type":"EntryPoint","urlTemplate":"https:\/\/jornaldasoficinas.com\/pt\/?s={search_term_string}"},"query-input":{"@type":"PropertyValueSpecification","valueRequired":true,"valueName":"search_term_string"}}],"inLanguage":"pt-PT"},{"@type":"Organization","@id":"https:\/\/jornaldasoficinas.com\/pt\/#organization","name":"Jornal das Oficinas","url":"https:\/\/jornaldasoficinas.com\/pt\/","logo":{"@type":"ImageObject","inLanguage":"pt-PT","@id":"https:\/\/jornaldasoficinas.com\/pt\/#\/schema\/logo\/image\/","url":"https:\/\/jornaldasoficinas.com\/pt\/wp-content\/uploads\/logoJO-SEO.png","contentUrl":"https:\/\/jornaldasoficinas.com\/pt\/wp-content\/uploads\/logoJO-SEO.png","width":285,"height":450,"caption":"Jornal das Oficinas"},"image":{"@id":"https:\/\/jornaldasoficinas.com\/pt\/#\/schema\/logo\/image\/"},"sameAs":["https:\/\/www.facebook.com\/jornaloficinas","https:\/\/x.com\/jornaloficinas","https:\/\/www.instagram.com\/jornal_oficinas\/","https:\/\/www.linkedin.com\/company\/jornal-das-oficinas\/","https:\/\/www.youtube.com\/channel\/UCbQZBqtcvV-oSQrr7RzINGg"]},{"@type":"Person","@id":"https:\/\/jornaldasoficinas.com\/pt\/#\/schema\/person\/a38eef5de2c41d9e7c9ac10141afddf3","name":"Reda\u00e7\u00e3o JO","image":{"@type":"ImageObject","inLanguage":"pt-PT","@id":"https:\/\/secure.gravatar.com\/avatar\/71f2fa71737ad68a84fea94bc708ddac8ea5b0c4788dc2ad202f3ccb2887742f?s=96&d=wp_user_avatar&r=g","url":"https:\/\/secure.gravatar.com\/avatar\/71f2fa71737ad68a84fea94bc708ddac8ea5b0c4788dc2ad202f3ccb2887742f?s=96&d=wp_user_avatar&r=g","contentUrl":"https:\/\/secure.gravatar.com\/avatar\/71f2fa71737ad68a84fea94bc708ddac8ea5b0c4788dc2ad202f3ccb2887742f?s=96&d=wp_user_avatar&r=g","caption":"Reda\u00e7\u00e3o JO"},"url":"https:\/\/jornaldasoficinas.com\/pt\/author\/joredacao\/"}]}},"_links":{"self":[{"href":"https:\/\/jornaldasoficinas.com\/pt\/wp-json\/wp\/v2\/posts\/85871","targetHints":{"allow":["GET"]}}],"collection":[{"href":"https:\/\/jornaldasoficinas.com\/pt\/wp-json\/wp\/v2\/posts"}],"about":[{"href":"https:\/\/jornaldasoficinas.com\/pt\/wp-json\/wp\/v2\/types\/post"}],"author":[{"embeddable":true,"href":"https:\/\/jornaldasoficinas.com\/pt\/wp-json\/wp\/v2\/users\/15"}],"replies":[{"embeddable":true,"href":"https:\/\/jornaldasoficinas.com\/pt\/wp-json\/wp\/v2\/comments?post=85871"}],"version-history":[{"count":0,"href":"https:\/\/jornaldasoficinas.com\/pt\/wp-json\/wp\/v2\/posts\/85871\/revisions"}],"wp:featuredmedia":[{"embeddable":true,"href":"https:\/\/jornaldasoficinas.com\/pt\/wp-json\/wp\/v2\/media\/85886"}],"wp:attachment":[{"href":"https:\/\/jornaldasoficinas.com\/pt\/wp-json\/wp\/v2\/media?parent=85871"}],"wp:term":[{"taxonomy":"category","embeddable":true,"href":"https:\/\/jornaldasoficinas.com\/pt\/wp-json\/wp\/v2\/categories?post=85871"},{"taxonomy":"post_tag","embeddable":true,"href":"https:\/\/jornaldasoficinas.com\/pt\/wp-json\/wp\/v2\/tags?post=85871"}],"curies":[{"name":"wp","href":"https:\/\/api.w.org\/{rel}","templated":true}]}}