{"id":8605,"date":"2020-01-15T18:10:35","date_gmt":"2020-01-15T18:10:35","guid":{"rendered":"https:\/\/jornaldasoficinas.com\/pt\/?p=8605"},"modified":"2020-01-15T18:10:35","modified_gmt":"2020-01-15T18:10:35","slug":"cga-car-service-chega-a-regiao-oeste-atraves-de-joao-paulo-faria-gomes","status":"publish","type":"post","link":"https:\/\/jornaldasoficinas.com\/pt\/cga-car-service-chega-a-regiao-oeste-atraves-de-joao-paulo-faria-gomes\/","title":{"rendered":"CGA Car Service chega \u00e0 regi\u00e3o oeste atrav\u00e9s de Jo\u00e3o Paulo Faria Gomes"},"content":{"rendered":"<p><img loading=\"lazy\" decoding=\"async\" class=\"alignnone wp-image-8604 size-full\" src=\"https:\/\/jornaldasoficinas.com\/pt\/wp-content\/uploads\/2020\/01\/cgajoaopaulofariagomes.png\" alt=\"01 - cgajoaopaulofariagomes\" width=\"1024\" height=\"581\" srcset=\"https:\/\/jornaldasoficinas.com\/pt\/wp-content\/uploads\/2020\/01\/cgajoaopaulofariagomes.png 1024w, https:\/\/jornaldasoficinas.com\/pt\/wp-content\/uploads\/2020\/01\/cgajoaopaulofariagomes-300x170.png 300w, https:\/\/jornaldasoficinas.com\/pt\/wp-content\/uploads\/2020\/01\/cgajoaopaulofariagomes-150x85.png 150w, https:\/\/jornaldasoficinas.com\/pt\/wp-content\/uploads\/2020\/01\/cgajoaopaulofariagomes-768x436.png 768w\" sizes=\"auto, (max-width: 1024px) 100vw, 1024px\" \/><\/p>\n<p><strong>A Jo\u00e3o Paulo Faria Gomes \u00e9 a mais recente entrada na rede CGA Car Service. Com sede em Salir de Matos, concelho de Caldas da Rainha, esta ades\u00e3o tem uma import\u00e2ncia acrescida fruto da sua localiza\u00e7\u00e3o numa \u00e1rea geogr\u00e1fica, a regi\u00e3o oeste, onde a maior rede oficinal da Pen\u00ednsula Ib\u00e9rica n\u00e3o estava presente at\u00e9 aqui.<\/strong><\/p>\n<p>A regi\u00e3o oeste do territ\u00f3rio nacional tem sido figura pela din\u00e2mica econ\u00f3mica que a\u00ed se verifica, contribuindo para o crescimento do seu parque autom\u00f3vel e sua diversidade.<\/p>\n<p>Esta caracter\u00edstica tamb\u00e9m \u00e9 vis\u00edvel atrav\u00e9s do aumento de viaturas recentes, pontuadas por necessidades tecnol\u00f3gicas mais prementes e, em suma, necessitando de servi\u00e7os de repara\u00e7\u00e3o e manuten\u00e7\u00e3o mais capazes e eficientes.<\/p>\n<p>A Jo\u00e3o Paulo Faria Gomes, sendo uma oficina de renome na \u00e1rea geogr\u00e1fica em que est\u00e1 implantada, \u00e9 a aposta certeira para este alargamento.<\/p>\n<p>Manuel Pena afirma que esta oficina conta com \u201cuma equipa jovem que presta um servi\u00e7o de proximidade e est\u00e1 cheia de vontade de enfrentar e ultrapassar novos desafios, como seja a crescente complexidade da tecnologia autom\u00f3vel\u201d.<\/p>\n<p>O gestor de rede de oficinas da Auto Delta conclui que a CGA Car Service \u201cfoi, uma vez mais, a escolha que permitir\u00e1 o acesso a informa\u00e7\u00e3o t\u00e9cnica atualizada e a ferramentas que permitir\u00e3o o crescimento sustentado desta oficina\u201d.<\/p>\n<p>\u201c<a href=\"https:\/\/www.autodelta.pt\/\" target=\"_blank\" rel=\"noopener noreferrer\">Auto Delta<\/a>, CGA &amp; Jo\u00e3o Paulo Faria Gomes &#8211; Com os Melhores, a Caminho do Futuro!\u201d, pode ler-se no comunicado enviado \u00e0 nossa reda\u00e7\u00e3o.<\/p>\n","protected":false},"excerpt":{"rendered":"<p>A Jo\u00e3o Paulo Faria Gomes \u00e9&#8230;<\/p>\n","protected":false},"author":15,"featured_media":8604,"comment_status":"closed","ping_status":"closed","sticky":false,"template":"","format":"standard","meta":{"footnotes":""},"categories":[29],"tags":[187,188,1195],"class_list":["post-8605","post","type-post","status-publish","format-standard","has-post-thumbnail","hentry","category-empresas","tag-auto-delta","tag-cga-car-service","tag-joao-paulo-faria-gomes"],"yoast_head":"<!-- This site is optimized with the Yoast SEO plugin v27.4 - https:\/\/yoast.com\/product\/yoast-seo-wordpress\/ -->\n<title>CGA Car Service chega \u00e0 regi\u00e3o oeste atrav\u00e9s de Jo\u00e3o Paulo Faria Gomes - Jornal das Oficinas<\/title>\n<meta name=\"robots\" content=\"index, follow, max-snippet:-1, max-image-preview:large, max-video-preview:-1\" \/>\n<link rel=\"canonical\" href=\"https:\/\/jornaldasoficinas.com\/pt\/cga-car-service-chega-a-regiao-oeste-atraves-de-joao-paulo-faria-gomes\/\" \/>\n<meta property=\"og:locale\" content=\"pt_PT\" \/>\n<meta property=\"og:type\" content=\"article\" \/>\n<meta property=\"og:title\" content=\"CGA Car Service chega \u00e0 regi\u00e3o oeste atrav\u00e9s de Jo\u00e3o Paulo Faria Gomes - Jornal das Oficinas\" \/>\n<meta property=\"og:description\" content=\"A Jo\u00e3o Paulo Faria Gomes \u00e9...\" \/>\n<meta property=\"og:url\" content=\"https:\/\/jornaldasoficinas.com\/pt\/cga-car-service-chega-a-regiao-oeste-atraves-de-joao-paulo-faria-gomes\/\" \/>\n<meta property=\"og:site_name\" content=\"Jornal das Oficinas\" \/>\n<meta property=\"article:publisher\" content=\"https:\/\/www.facebook.com\/jornaloficinas\" \/>\n<meta property=\"article:published_time\" content=\"2020-01-15T18:10:35+00:00\" \/>\n<meta property=\"og:image\" content=\"https:\/\/jornaldasoficinas.com\/pt\/wp-content\/uploads\/2020\/01\/cgajoaopaulofariagomes.png\" \/>\n\t<meta property=\"og:image:width\" content=\"1024\" \/>\n\t<meta property=\"og:image:height\" content=\"581\" \/>\n\t<meta property=\"og:image:type\" content=\"image\/png\" \/>\n<meta name=\"author\" content=\"Reda\u00e7\u00e3o JO\" \/>\n<meta name=\"twitter:card\" content=\"summary_large_image\" \/>\n<meta name=\"twitter:creator\" content=\"@jornaloficinas\" \/>\n<meta name=\"twitter:site\" content=\"@jornaloficinas\" \/>\n<meta name=\"twitter:label1\" content=\"Escrito por\" \/>\n\t<meta name=\"twitter:data1\" content=\"Reda\u00e7\u00e3o JO\" \/>\n\t<meta name=\"twitter:label2\" content=\"Tempo estimado de leitura\" \/>\n\t<meta name=\"twitter:data2\" content=\"1 minuto\" \/>\n<script type=\"application\/ld+json\" class=\"yoast-schema-graph\">{\"@context\":\"https:\\\/\\\/schema.org\",\"@graph\":[{\"@type\":\"Article\",\"@id\":\"https:\\\/\\\/jornaldasoficinas.com\\\/pt\\\/cga-car-service-chega-a-regiao-oeste-atraves-de-joao-paulo-faria-gomes\\\/#article\",\"isPartOf\":{\"@id\":\"https:\\\/\\\/jornaldasoficinas.com\\\/pt\\\/cga-car-service-chega-a-regiao-oeste-atraves-de-joao-paulo-faria-gomes\\\/\"},\"author\":{\"name\":\"Reda\u00e7\u00e3o JO\",\"@id\":\"https:\\\/\\\/jornaldasoficinas.com\\\/pt\\\/#\\\/schema\\\/person\\\/a38eef5de2c41d9e7c9ac10141afddf3\"},\"headline\":\"CGA Car Service chega \u00e0 regi\u00e3o oeste atrav\u00e9s de Jo\u00e3o Paulo Faria Gomes\",\"datePublished\":\"2020-01-15T18:10:35+00:00\",\"mainEntityOfPage\":{\"@id\":\"https:\\\/\\\/jornaldasoficinas.com\\\/pt\\\/cga-car-service-chega-a-regiao-oeste-atraves-de-joao-paulo-faria-gomes\\\/\"},\"wordCount\":278,\"publisher\":{\"@id\":\"https:\\\/\\\/jornaldasoficinas.com\\\/pt\\\/#organization\"},\"image\":{\"@id\":\"https:\\\/\\\/jornaldasoficinas.com\\\/pt\\\/cga-car-service-chega-a-regiao-oeste-atraves-de-joao-paulo-faria-gomes\\\/#primaryimage\"},\"thumbnailUrl\":\"https:\\\/\\\/jornaldasoficinas.com\\\/pt\\\/wp-content\\\/uploads\\\/2020\\\/01\\\/cgajoaopaulofariagomes.png\",\"keywords\":[\"Auto Delta\",\"CGA Car Service\",\"Jo\u00e3o Paulo Faria Gomes\"],\"articleSection\":[\"Empresas\"],\"inLanguage\":\"pt-PT\"},{\"@type\":\"WebPage\",\"@id\":\"https:\\\/\\\/jornaldasoficinas.com\\\/pt\\\/cga-car-service-chega-a-regiao-oeste-atraves-de-joao-paulo-faria-gomes\\\/\",\"url\":\"https:\\\/\\\/jornaldasoficinas.com\\\/pt\\\/cga-car-service-chega-a-regiao-oeste-atraves-de-joao-paulo-faria-gomes\\\/\",\"name\":\"CGA Car Service chega \u00e0 regi\u00e3o oeste atrav\u00e9s de Jo\u00e3o Paulo Faria Gomes - Jornal das Oficinas\",\"isPartOf\":{\"@id\":\"https:\\\/\\\/jornaldasoficinas.com\\\/pt\\\/#website\"},\"primaryImageOfPage\":{\"@id\":\"https:\\\/\\\/jornaldasoficinas.com\\\/pt\\\/cga-car-service-chega-a-regiao-oeste-atraves-de-joao-paulo-faria-gomes\\\/#primaryimage\"},\"image\":{\"@id\":\"https:\\\/\\\/jornaldasoficinas.com\\\/pt\\\/cga-car-service-chega-a-regiao-oeste-atraves-de-joao-paulo-faria-gomes\\\/#primaryimage\"},\"thumbnailUrl\":\"https:\\\/\\\/jornaldasoficinas.com\\\/pt\\\/wp-content\\\/uploads\\\/2020\\\/01\\\/cgajoaopaulofariagomes.png\",\"datePublished\":\"2020-01-15T18:10:35+00:00\",\"breadcrumb\":{\"@id\":\"https:\\\/\\\/jornaldasoficinas.com\\\/pt\\\/cga-car-service-chega-a-regiao-oeste-atraves-de-joao-paulo-faria-gomes\\\/#breadcrumb\"},\"inLanguage\":\"pt-PT\",\"potentialAction\":[{\"@type\":\"ReadAction\",\"target\":[\"https:\\\/\\\/jornaldasoficinas.com\\\/pt\\\/cga-car-service-chega-a-regiao-oeste-atraves-de-joao-paulo-faria-gomes\\\/\"]}]},{\"@type\":\"ImageObject\",\"inLanguage\":\"pt-PT\",\"@id\":\"https:\\\/\\\/jornaldasoficinas.com\\\/pt\\\/cga-car-service-chega-a-regiao-oeste-atraves-de-joao-paulo-faria-gomes\\\/#primaryimage\",\"url\":\"https:\\\/\\\/jornaldasoficinas.com\\\/pt\\\/wp-content\\\/uploads\\\/2020\\\/01\\\/cgajoaopaulofariagomes.png\",\"contentUrl\":\"https:\\\/\\\/jornaldasoficinas.com\\\/pt\\\/wp-content\\\/uploads\\\/2020\\\/01\\\/cgajoaopaulofariagomes.png\",\"width\":1024,\"height\":581,\"caption\":\"01 - cgajoaopaulofariagomes\"},{\"@type\":\"BreadcrumbList\",\"@id\":\"https:\\\/\\\/jornaldasoficinas.com\\\/pt\\\/cga-car-service-chega-a-regiao-oeste-atraves-de-joao-paulo-faria-gomes\\\/#breadcrumb\",\"itemListElement\":[{\"@type\":\"ListItem\",\"position\":1,\"name\":\"In\u00edcio\",\"item\":\"https:\\\/\\\/jornaldasoficinas.com\\\/pt\\\/\"},{\"@type\":\"ListItem\",\"position\":2,\"name\":\"CGA Car Service chega \u00e0 regi\u00e3o oeste atrav\u00e9s de Jo\u00e3o Paulo Faria Gomes\"}]},{\"@type\":\"WebSite\",\"@id\":\"https:\\\/\\\/jornaldasoficinas.com\\\/pt\\\/#website\",\"url\":\"https:\\\/\\\/jornaldasoficinas.com\\\/pt\\\/\",\"name\":\"Jornal das Oficinas\",\"description\":\"Jornal independente do Aftermarket Autom\u00f3vel em Portugal\",\"publisher\":{\"@id\":\"https:\\\/\\\/jornaldasoficinas.com\\\/pt\\\/#organization\"},\"potentialAction\":[{\"@type\":\"SearchAction\",\"target\":{\"@type\":\"EntryPoint\",\"urlTemplate\":\"https:\\\/\\\/jornaldasoficinas.com\\\/pt\\\/?s={search_term_string}\"},\"query-input\":{\"@type\":\"PropertyValueSpecification\",\"valueRequired\":true,\"valueName\":\"search_term_string\"}}],\"inLanguage\":\"pt-PT\"},{\"@type\":\"Organization\",\"@id\":\"https:\\\/\\\/jornaldasoficinas.com\\\/pt\\\/#organization\",\"name\":\"Jornal das Oficinas\",\"url\":\"https:\\\/\\\/jornaldasoficinas.com\\\/pt\\\/\",\"logo\":{\"@type\":\"ImageObject\",\"inLanguage\":\"pt-PT\",\"@id\":\"https:\\\/\\\/jornaldasoficinas.com\\\/pt\\\/#\\\/schema\\\/logo\\\/image\\\/\",\"url\":\"https:\\\/\\\/jornaldasoficinas.com\\\/pt\\\/wp-content\\\/uploads\\\/logoJO-SEO.png\",\"contentUrl\":\"https:\\\/\\\/jornaldasoficinas.com\\\/pt\\\/wp-content\\\/uploads\\\/logoJO-SEO.png\",\"width\":285,\"height\":450,\"caption\":\"Jornal das Oficinas\"},\"image\":{\"@id\":\"https:\\\/\\\/jornaldasoficinas.com\\\/pt\\\/#\\\/schema\\\/logo\\\/image\\\/\"},\"sameAs\":[\"https:\\\/\\\/www.facebook.com\\\/jornaloficinas\",\"https:\\\/\\\/x.com\\\/jornaloficinas\",\"https:\\\/\\\/www.instagram.com\\\/jornal_oficinas\\\/\",\"https:\\\/\\\/www.linkedin.com\\\/company\\\/jornal-das-oficinas\\\/\",\"https:\\\/\\\/www.youtube.com\\\/channel\\\/UCbQZBqtcvV-oSQrr7RzINGg\"]},{\"@type\":\"Person\",\"@id\":\"https:\\\/\\\/jornaldasoficinas.com\\\/pt\\\/#\\\/schema\\\/person\\\/a38eef5de2c41d9e7c9ac10141afddf3\",\"name\":\"Reda\u00e7\u00e3o JO\",\"image\":{\"@type\":\"ImageObject\",\"inLanguage\":\"pt-PT\",\"@id\":\"https:\\\/\\\/secure.gravatar.com\\\/avatar\\\/71f2fa71737ad68a84fea94bc708ddac8ea5b0c4788dc2ad202f3ccb2887742f?s=96&d=wp_user_avatar&r=g\",\"url\":\"https:\\\/\\\/secure.gravatar.com\\\/avatar\\\/71f2fa71737ad68a84fea94bc708ddac8ea5b0c4788dc2ad202f3ccb2887742f?s=96&d=wp_user_avatar&r=g\",\"contentUrl\":\"https:\\\/\\\/secure.gravatar.com\\\/avatar\\\/71f2fa71737ad68a84fea94bc708ddac8ea5b0c4788dc2ad202f3ccb2887742f?s=96&d=wp_user_avatar&r=g\",\"caption\":\"Reda\u00e7\u00e3o JO\"},\"url\":\"https:\\\/\\\/jornaldasoficinas.com\\\/pt\\\/author\\\/joredacao\\\/\"}]}<\/script>\n<!-- \/ Yoast SEO plugin. -->","yoast_head_json":{"title":"CGA Car Service chega \u00e0 regi\u00e3o oeste atrav\u00e9s de Jo\u00e3o Paulo Faria Gomes - Jornal das Oficinas","robots":{"index":"index","follow":"follow","max-snippet":"max-snippet:-1","max-image-preview":"max-image-preview:large","max-video-preview":"max-video-preview:-1"},"canonical":"https:\/\/jornaldasoficinas.com\/pt\/cga-car-service-chega-a-regiao-oeste-atraves-de-joao-paulo-faria-gomes\/","og_locale":"pt_PT","og_type":"article","og_title":"CGA Car Service chega \u00e0 regi\u00e3o oeste atrav\u00e9s de Jo\u00e3o Paulo Faria Gomes - Jornal das Oficinas","og_description":"A Jo\u00e3o Paulo Faria Gomes \u00e9...","og_url":"https:\/\/jornaldasoficinas.com\/pt\/cga-car-service-chega-a-regiao-oeste-atraves-de-joao-paulo-faria-gomes\/","og_site_name":"Jornal das Oficinas","article_publisher":"https:\/\/www.facebook.com\/jornaloficinas","article_published_time":"2020-01-15T18:10:35+00:00","og_image":[{"width":1024,"height":581,"url":"https:\/\/jornaldasoficinas.com\/pt\/wp-content\/uploads\/2020\/01\/cgajoaopaulofariagomes.png","type":"image\/png"}],"author":"Reda\u00e7\u00e3o JO","twitter_card":"summary_large_image","twitter_creator":"@jornaloficinas","twitter_site":"@jornaloficinas","twitter_misc":{"Escrito por":"Reda\u00e7\u00e3o JO","Tempo estimado de leitura":"1 minuto"},"schema":{"@context":"https:\/\/schema.org","@graph":[{"@type":"Article","@id":"https:\/\/jornaldasoficinas.com\/pt\/cga-car-service-chega-a-regiao-oeste-atraves-de-joao-paulo-faria-gomes\/#article","isPartOf":{"@id":"https:\/\/jornaldasoficinas.com\/pt\/cga-car-service-chega-a-regiao-oeste-atraves-de-joao-paulo-faria-gomes\/"},"author":{"name":"Reda\u00e7\u00e3o JO","@id":"https:\/\/jornaldasoficinas.com\/pt\/#\/schema\/person\/a38eef5de2c41d9e7c9ac10141afddf3"},"headline":"CGA Car Service chega \u00e0 regi\u00e3o oeste atrav\u00e9s de Jo\u00e3o Paulo Faria Gomes","datePublished":"2020-01-15T18:10:35+00:00","mainEntityOfPage":{"@id":"https:\/\/jornaldasoficinas.com\/pt\/cga-car-service-chega-a-regiao-oeste-atraves-de-joao-paulo-faria-gomes\/"},"wordCount":278,"publisher":{"@id":"https:\/\/jornaldasoficinas.com\/pt\/#organization"},"image":{"@id":"https:\/\/jornaldasoficinas.com\/pt\/cga-car-service-chega-a-regiao-oeste-atraves-de-joao-paulo-faria-gomes\/#primaryimage"},"thumbnailUrl":"https:\/\/jornaldasoficinas.com\/pt\/wp-content\/uploads\/2020\/01\/cgajoaopaulofariagomes.png","keywords":["Auto Delta","CGA Car Service","Jo\u00e3o Paulo Faria Gomes"],"articleSection":["Empresas"],"inLanguage":"pt-PT"},{"@type":"WebPage","@id":"https:\/\/jornaldasoficinas.com\/pt\/cga-car-service-chega-a-regiao-oeste-atraves-de-joao-paulo-faria-gomes\/","url":"https:\/\/jornaldasoficinas.com\/pt\/cga-car-service-chega-a-regiao-oeste-atraves-de-joao-paulo-faria-gomes\/","name":"CGA Car Service chega \u00e0 regi\u00e3o oeste atrav\u00e9s de Jo\u00e3o Paulo Faria Gomes - Jornal das Oficinas","isPartOf":{"@id":"https:\/\/jornaldasoficinas.com\/pt\/#website"},"primaryImageOfPage":{"@id":"https:\/\/jornaldasoficinas.com\/pt\/cga-car-service-chega-a-regiao-oeste-atraves-de-joao-paulo-faria-gomes\/#primaryimage"},"image":{"@id":"https:\/\/jornaldasoficinas.com\/pt\/cga-car-service-chega-a-regiao-oeste-atraves-de-joao-paulo-faria-gomes\/#primaryimage"},"thumbnailUrl":"https:\/\/jornaldasoficinas.com\/pt\/wp-content\/uploads\/2020\/01\/cgajoaopaulofariagomes.png","datePublished":"2020-01-15T18:10:35+00:00","breadcrumb":{"@id":"https:\/\/jornaldasoficinas.com\/pt\/cga-car-service-chega-a-regiao-oeste-atraves-de-joao-paulo-faria-gomes\/#breadcrumb"},"inLanguage":"pt-PT","potentialAction":[{"@type":"ReadAction","target":["https:\/\/jornaldasoficinas.com\/pt\/cga-car-service-chega-a-regiao-oeste-atraves-de-joao-paulo-faria-gomes\/"]}]},{"@type":"ImageObject","inLanguage":"pt-PT","@id":"https:\/\/jornaldasoficinas.com\/pt\/cga-car-service-chega-a-regiao-oeste-atraves-de-joao-paulo-faria-gomes\/#primaryimage","url":"https:\/\/jornaldasoficinas.com\/pt\/wp-content\/uploads\/2020\/01\/cgajoaopaulofariagomes.png","contentUrl":"https:\/\/jornaldasoficinas.com\/pt\/wp-content\/uploads\/2020\/01\/cgajoaopaulofariagomes.png","width":1024,"height":581,"caption":"01 - cgajoaopaulofariagomes"},{"@type":"BreadcrumbList","@id":"https:\/\/jornaldasoficinas.com\/pt\/cga-car-service-chega-a-regiao-oeste-atraves-de-joao-paulo-faria-gomes\/#breadcrumb","itemListElement":[{"@type":"ListItem","position":1,"name":"In\u00edcio","item":"https:\/\/jornaldasoficinas.com\/pt\/"},{"@type":"ListItem","position":2,"name":"CGA Car Service chega \u00e0 regi\u00e3o oeste atrav\u00e9s de Jo\u00e3o Paulo Faria Gomes"}]},{"@type":"WebSite","@id":"https:\/\/jornaldasoficinas.com\/pt\/#website","url":"https:\/\/jornaldasoficinas.com\/pt\/","name":"Jornal das Oficinas","description":"Jornal independente do Aftermarket Autom\u00f3vel em Portugal","publisher":{"@id":"https:\/\/jornaldasoficinas.com\/pt\/#organization"},"potentialAction":[{"@type":"SearchAction","target":{"@type":"EntryPoint","urlTemplate":"https:\/\/jornaldasoficinas.com\/pt\/?s={search_term_string}"},"query-input":{"@type":"PropertyValueSpecification","valueRequired":true,"valueName":"search_term_string"}}],"inLanguage":"pt-PT"},{"@type":"Organization","@id":"https:\/\/jornaldasoficinas.com\/pt\/#organization","name":"Jornal das Oficinas","url":"https:\/\/jornaldasoficinas.com\/pt\/","logo":{"@type":"ImageObject","inLanguage":"pt-PT","@id":"https:\/\/jornaldasoficinas.com\/pt\/#\/schema\/logo\/image\/","url":"https:\/\/jornaldasoficinas.com\/pt\/wp-content\/uploads\/logoJO-SEO.png","contentUrl":"https:\/\/jornaldasoficinas.com\/pt\/wp-content\/uploads\/logoJO-SEO.png","width":285,"height":450,"caption":"Jornal das Oficinas"},"image":{"@id":"https:\/\/jornaldasoficinas.com\/pt\/#\/schema\/logo\/image\/"},"sameAs":["https:\/\/www.facebook.com\/jornaloficinas","https:\/\/x.com\/jornaloficinas","https:\/\/www.instagram.com\/jornal_oficinas\/","https:\/\/www.linkedin.com\/company\/jornal-das-oficinas\/","https:\/\/www.youtube.com\/channel\/UCbQZBqtcvV-oSQrr7RzINGg"]},{"@type":"Person","@id":"https:\/\/jornaldasoficinas.com\/pt\/#\/schema\/person\/a38eef5de2c41d9e7c9ac10141afddf3","name":"Reda\u00e7\u00e3o JO","image":{"@type":"ImageObject","inLanguage":"pt-PT","@id":"https:\/\/secure.gravatar.com\/avatar\/71f2fa71737ad68a84fea94bc708ddac8ea5b0c4788dc2ad202f3ccb2887742f?s=96&d=wp_user_avatar&r=g","url":"https:\/\/secure.gravatar.com\/avatar\/71f2fa71737ad68a84fea94bc708ddac8ea5b0c4788dc2ad202f3ccb2887742f?s=96&d=wp_user_avatar&r=g","contentUrl":"https:\/\/secure.gravatar.com\/avatar\/71f2fa71737ad68a84fea94bc708ddac8ea5b0c4788dc2ad202f3ccb2887742f?s=96&d=wp_user_avatar&r=g","caption":"Reda\u00e7\u00e3o JO"},"url":"https:\/\/jornaldasoficinas.com\/pt\/author\/joredacao\/"}]}},"_links":{"self":[{"href":"https:\/\/jornaldasoficinas.com\/pt\/wp-json\/wp\/v2\/posts\/8605","targetHints":{"allow":["GET"]}}],"collection":[{"href":"https:\/\/jornaldasoficinas.com\/pt\/wp-json\/wp\/v2\/posts"}],"about":[{"href":"https:\/\/jornaldasoficinas.com\/pt\/wp-json\/wp\/v2\/types\/post"}],"author":[{"embeddable":true,"href":"https:\/\/jornaldasoficinas.com\/pt\/wp-json\/wp\/v2\/users\/15"}],"replies":[{"embeddable":true,"href":"https:\/\/jornaldasoficinas.com\/pt\/wp-json\/wp\/v2\/comments?post=8605"}],"version-history":[{"count":0,"href":"https:\/\/jornaldasoficinas.com\/pt\/wp-json\/wp\/v2\/posts\/8605\/revisions"}],"wp:featuredmedia":[{"embeddable":true,"href":"https:\/\/jornaldasoficinas.com\/pt\/wp-json\/wp\/v2\/media\/8604"}],"wp:attachment":[{"href":"https:\/\/jornaldasoficinas.com\/pt\/wp-json\/wp\/v2\/media?parent=8605"}],"wp:term":[{"taxonomy":"category","embeddable":true,"href":"https:\/\/jornaldasoficinas.com\/pt\/wp-json\/wp\/v2\/categories?post=8605"},{"taxonomy":"post_tag","embeddable":true,"href":"https:\/\/jornaldasoficinas.com\/pt\/wp-json\/wp\/v2\/tags?post=8605"}],"curies":[{"name":"wp","href":"https:\/\/api.w.org\/{rel}","templated":true}]}}