{"id":86108,"date":"2024-06-07T10:00:45","date_gmt":"2024-06-07T09:00:45","guid":{"rendered":"https:\/\/jornaldasoficinas.com\/pt\/?p=86108"},"modified":"2024-06-07T00:00:36","modified_gmt":"2024-06-06T23:00:36","slug":"continental-corre-nos-festejos-de-s-joao","status":"publish","type":"post","link":"https:\/\/jornaldasoficinas.com\/pt\/continental-corre-nos-festejos-de-s-joao\/","title":{"rendered":"Continental corre nos festejos de S.Jo\u00e3o"},"content":{"rendered":"<p><strong><img loading=\"lazy\" decoding=\"async\" class=\"alignnone size-full wp-image-86112\" src=\"https:\/\/jornaldasoficinas.com\/pt\/wp-content\/uploads\/2024\/05\/Continental-corre-nos-festejos-de-S.Joao_.jpg\" alt=\"05 - Continental corre nos festejos de S.Joao_\" width=\"1024\" height=\"581\" srcset=\"https:\/\/jornaldasoficinas.com\/pt\/wp-content\/uploads\/2024\/05\/Continental-corre-nos-festejos-de-S.Joao_.jpg 1024w, https:\/\/jornaldasoficinas.com\/pt\/wp-content\/uploads\/2024\/05\/Continental-corre-nos-festejos-de-S.Joao_-300x170.jpg 300w, https:\/\/jornaldasoficinas.com\/pt\/wp-content\/uploads\/2024\/05\/Continental-corre-nos-festejos-de-S.Joao_-150x85.jpg 150w, https:\/\/jornaldasoficinas.com\/pt\/wp-content\/uploads\/2024\/05\/Continental-corre-nos-festejos-de-S.Joao_-768x436.jpg 768w\" sizes=\"auto, (max-width: 1024px) 100vw, 1024px\" \/><\/strong><\/p>\n<p><strong>A <a href=\"https:\/\/www.continental-tires.com\/pt\/pt\/\">Continental<\/a> volta a ser a principal patrocinadora da Corrida de S\u00e3o Jo\u00e3o que tem lugar no pr\u00f3ximo dia 16 de junho, com partida \u00e0s 09h00, da zona pedonal de Canidelo, em Vila Nova de Gaia<\/strong><\/p>\n<p>Organizada pela <a href=\"https:\/\/www.runporto.com\/\">RunPorto<\/a>, e numa atmosfera de celebra\u00e7\u00e3o desportiva que re\u00fane fam\u00edlias, amigos e atletas, a Continental Corrida de S\u00e3o Jo\u00e3o inclui duas provas, a corrida de 10km e a caminhada de 7 km sem fins competitivos, e promete antecipar os famosos festejos de S. Jo\u00e3o.<\/p>\n<p>A Continental mant\u00e9m o apoio \u00e0quela que \u00e9 uma das mais emblem\u00e1ticas corridas em Portugal. \u201cO programa ideal para reunir fam\u00edlia e amigos e que pretende incentivar \u00e0 pr\u00e1tica do exerc\u00edcio f\u00edsico, como um fator essencial numa rotina de sa\u00fade e bem-estar. Esta parceria celebrada com a Runporto, que j\u00e1 conta com sete edi\u00e7\u00f5es, tem sido um sucesso e tem-nos permitido, a partir desta modalidade que conta com milhares de apaixonados e praticantes, estar mais pr\u00f3ximos dos nossos consumidores e de uma forma divertida\u201d, destaca Nuno Rebelo, diretor de marketing da Continental Pneus Portugal.<\/p>\n<p><strong>Refloresta\u00e7\u00e3o, rPET e tecido reciclado, c\u00famplices numa corrida cada vez mais verde<\/strong><br \/>\nPara al\u00e9m de sensibilizar para a import\u00e2ncia de um estilo de vida saud\u00e1vel, a Continental Corrida de S\u00e3o Jo\u00e3o \u00e9 tamb\u00e9m amiga do ambiente. E \u00e9 com este prop\u00f3sito que nos dias 14 e 15 de junho, durante a entrega de dorsais no Alameda Shopping, a Continental vai convidar todos os participantes a percorrerem um minuto de passadeira (em registo de corrida ou caminhada) e a contribuir para uma a\u00e7\u00e3o de refloresta\u00e7\u00e3o. Por cada 100 metros percorridos, a Continental compromete-se a plantar uma \u00e1rvore.<\/p>\n<p>Em 2023, com a iniciativa \u201c1 Minuto para Reflorestar Portugal\u201d, a Continental Pneus Portugal entregou um donativo \u00e0 Quercus, que permitiu a planta\u00e7\u00e3o de 500 \u00e1rvores.<\/p>\n<p>Para al\u00e9m da iniciativa \u201c1 Minuto para Reflorestar Portugal\u201d, todos os atletas que participam na Continental Corrida de S. Jo\u00e3o estar\u00e3o equipados com uma t-shirt que se destaca por ser produzida em tecido reciclado, destacando a import\u00e2ncia da reutiliza\u00e7\u00e3o de materiais. No final da prova, todos os participantes ir\u00e3o receber uns \u00f3culos de sol totalmente produzidos em rPET e acondicionados numa bolsa de papel natural.<\/p>\n<p>Nuno Rebelo destaca que estes \u201cpequenos gestos\u201d fazem parte de uma estrat\u00e9gia integrada da Continental para reduzir o seu impacto ambiental, demonstrando que a empresa est\u00e1 atenta \u00e0s quest\u00f5es da sustentabilidade e empenhada em contribuir para um planeta mais verde.<\/p>\n<p>&nbsp;<\/p>\n<p>&nbsp;<\/p>\n","protected":false},"excerpt":{"rendered":"<p>A Continental volta a ser a&#8230;<\/p>\n","protected":false},"author":15,"featured_media":86112,"comment_status":"closed","ping_status":"closed","sticky":false,"template":"","format":"standard","meta":{"footnotes":""},"categories":[29],"tags":[9447,58,8083,9445,9446,5258,5592],"class_list":["post-86108","post","type-post","status-publish","format-standard","has-post-thumbnail","hentry","category-empresas","tag-16-junho","tag-continental","tag-corrida","tag-corrida-s-joao","tag-corrida-verde","tag-patrocinio","tag-vila-nova-de-gaia"],"yoast_head":"<!-- This site is optimized with the Yoast SEO plugin v27.4 - https:\/\/yoast.com\/product\/yoast-seo-wordpress\/ -->\n<title>Continental corre nos festejos de S.Jo\u00e3o - Jornal das Oficinas<\/title>\n<meta name=\"description\" content=\"A Continental volta a ser a principal patrocinadora da Corrida de S\u00e3o Jo\u00e3o que tem lugar no pr\u00f3ximo dia 16 de junho, em Vila Nova de Gaia\" \/>\n<meta name=\"robots\" content=\"index, follow, max-snippet:-1, max-image-preview:large, max-video-preview:-1\" \/>\n<link rel=\"canonical\" href=\"https:\/\/jornaldasoficinas.com\/pt\/continental-corre-nos-festejos-de-s-joao\/\" \/>\n<meta property=\"og:locale\" content=\"pt_PT\" \/>\n<meta property=\"og:type\" content=\"article\" \/>\n<meta property=\"og:title\" content=\"Continental corre nos festejos de S.Jo\u00e3o - Jornal das Oficinas\" \/>\n<meta property=\"og:description\" content=\"A Continental volta a ser a principal patrocinadora da Corrida de S\u00e3o Jo\u00e3o que tem lugar no pr\u00f3ximo dia 16 de junho, em Vila Nova de Gaia\" \/>\n<meta property=\"og:url\" content=\"https:\/\/jornaldasoficinas.com\/pt\/continental-corre-nos-festejos-de-s-joao\/\" \/>\n<meta property=\"og:site_name\" content=\"Jornal das Oficinas\" \/>\n<meta property=\"article:publisher\" content=\"https:\/\/www.facebook.com\/jornaloficinas\" \/>\n<meta property=\"article:published_time\" content=\"2024-06-07T09:00:45+00:00\" \/>\n<meta property=\"og:image\" content=\"https:\/\/jornaldasoficinas.com\/pt\/wp-content\/uploads\/2024\/05\/Continental-corre-nos-festejos-de-S.Joao_.jpg\" \/>\n\t<meta property=\"og:image:width\" content=\"1024\" \/>\n\t<meta property=\"og:image:height\" content=\"581\" \/>\n\t<meta property=\"og:image:type\" content=\"image\/jpeg\" \/>\n<meta name=\"author\" content=\"Reda\u00e7\u00e3o JO\" \/>\n<meta name=\"twitter:card\" content=\"summary_large_image\" \/>\n<meta name=\"twitter:creator\" content=\"@jornaloficinas\" \/>\n<meta name=\"twitter:site\" content=\"@jornaloficinas\" \/>\n<meta name=\"twitter:label1\" content=\"Escrito por\" \/>\n\t<meta name=\"twitter:data1\" content=\"Reda\u00e7\u00e3o JO\" \/>\n\t<meta name=\"twitter:label2\" content=\"Tempo estimado de leitura\" \/>\n\t<meta name=\"twitter:data2\" content=\"3 minutos\" \/>\n<script type=\"application\/ld+json\" class=\"yoast-schema-graph\">{\"@context\":\"https:\\\/\\\/schema.org\",\"@graph\":[{\"@type\":\"Article\",\"@id\":\"https:\\\/\\\/jornaldasoficinas.com\\\/pt\\\/continental-corre-nos-festejos-de-s-joao\\\/#article\",\"isPartOf\":{\"@id\":\"https:\\\/\\\/jornaldasoficinas.com\\\/pt\\\/continental-corre-nos-festejos-de-s-joao\\\/\"},\"author\":{\"name\":\"Reda\u00e7\u00e3o JO\",\"@id\":\"https:\\\/\\\/jornaldasoficinas.com\\\/pt\\\/#\\\/schema\\\/person\\\/a38eef5de2c41d9e7c9ac10141afddf3\"},\"headline\":\"Continental corre nos festejos de S.Jo\u00e3o\",\"datePublished\":\"2024-06-07T09:00:45+00:00\",\"mainEntityOfPage\":{\"@id\":\"https:\\\/\\\/jornaldasoficinas.com\\\/pt\\\/continental-corre-nos-festejos-de-s-joao\\\/\"},\"wordCount\":437,\"publisher\":{\"@id\":\"https:\\\/\\\/jornaldasoficinas.com\\\/pt\\\/#organization\"},\"image\":{\"@id\":\"https:\\\/\\\/jornaldasoficinas.com\\\/pt\\\/continental-corre-nos-festejos-de-s-joao\\\/#primaryimage\"},\"thumbnailUrl\":\"https:\\\/\\\/jornaldasoficinas.com\\\/pt\\\/wp-content\\\/uploads\\\/2024\\\/05\\\/Continental-corre-nos-festejos-de-S.Joao_.jpg\",\"keywords\":[\"16 junho\",\"Continental\",\"corrida\",\"corrida S.Jo\u00e3o\",\"corrida verde\",\"Patroc\u00ednio\",\"Vila Nova de Gaia\"],\"articleSection\":[\"Empresas\"],\"inLanguage\":\"pt-PT\"},{\"@type\":\"WebPage\",\"@id\":\"https:\\\/\\\/jornaldasoficinas.com\\\/pt\\\/continental-corre-nos-festejos-de-s-joao\\\/\",\"url\":\"https:\\\/\\\/jornaldasoficinas.com\\\/pt\\\/continental-corre-nos-festejos-de-s-joao\\\/\",\"name\":\"Continental corre nos festejos de S.Jo\u00e3o - Jornal das Oficinas\",\"isPartOf\":{\"@id\":\"https:\\\/\\\/jornaldasoficinas.com\\\/pt\\\/#website\"},\"primaryImageOfPage\":{\"@id\":\"https:\\\/\\\/jornaldasoficinas.com\\\/pt\\\/continental-corre-nos-festejos-de-s-joao\\\/#primaryimage\"},\"image\":{\"@id\":\"https:\\\/\\\/jornaldasoficinas.com\\\/pt\\\/continental-corre-nos-festejos-de-s-joao\\\/#primaryimage\"},\"thumbnailUrl\":\"https:\\\/\\\/jornaldasoficinas.com\\\/pt\\\/wp-content\\\/uploads\\\/2024\\\/05\\\/Continental-corre-nos-festejos-de-S.Joao_.jpg\",\"datePublished\":\"2024-06-07T09:00:45+00:00\",\"description\":\"A Continental volta a ser a principal patrocinadora da Corrida de S\u00e3o Jo\u00e3o que tem lugar no pr\u00f3ximo dia 16 de junho, em Vila Nova de Gaia\",\"breadcrumb\":{\"@id\":\"https:\\\/\\\/jornaldasoficinas.com\\\/pt\\\/continental-corre-nos-festejos-de-s-joao\\\/#breadcrumb\"},\"inLanguage\":\"pt-PT\",\"potentialAction\":[{\"@type\":\"ReadAction\",\"target\":[\"https:\\\/\\\/jornaldasoficinas.com\\\/pt\\\/continental-corre-nos-festejos-de-s-joao\\\/\"]}]},{\"@type\":\"ImageObject\",\"inLanguage\":\"pt-PT\",\"@id\":\"https:\\\/\\\/jornaldasoficinas.com\\\/pt\\\/continental-corre-nos-festejos-de-s-joao\\\/#primaryimage\",\"url\":\"https:\\\/\\\/jornaldasoficinas.com\\\/pt\\\/wp-content\\\/uploads\\\/2024\\\/05\\\/Continental-corre-nos-festejos-de-S.Joao_.jpg\",\"contentUrl\":\"https:\\\/\\\/jornaldasoficinas.com\\\/pt\\\/wp-content\\\/uploads\\\/2024\\\/05\\\/Continental-corre-nos-festejos-de-S.Joao_.jpg\",\"width\":1024,\"height\":581,\"caption\":\"05 - Continental corre nos festejos de S.Joao_\"},{\"@type\":\"BreadcrumbList\",\"@id\":\"https:\\\/\\\/jornaldasoficinas.com\\\/pt\\\/continental-corre-nos-festejos-de-s-joao\\\/#breadcrumb\",\"itemListElement\":[{\"@type\":\"ListItem\",\"position\":1,\"name\":\"In\u00edcio\",\"item\":\"https:\\\/\\\/jornaldasoficinas.com\\\/pt\\\/\"},{\"@type\":\"ListItem\",\"position\":2,\"name\":\"Continental corre nos festejos de S.Jo\u00e3o\"}]},{\"@type\":\"WebSite\",\"@id\":\"https:\\\/\\\/jornaldasoficinas.com\\\/pt\\\/#website\",\"url\":\"https:\\\/\\\/jornaldasoficinas.com\\\/pt\\\/\",\"name\":\"Jornal das Oficinas\",\"description\":\"Jornal independente do Aftermarket Autom\u00f3vel em Portugal\",\"publisher\":{\"@id\":\"https:\\\/\\\/jornaldasoficinas.com\\\/pt\\\/#organization\"},\"potentialAction\":[{\"@type\":\"SearchAction\",\"target\":{\"@type\":\"EntryPoint\",\"urlTemplate\":\"https:\\\/\\\/jornaldasoficinas.com\\\/pt\\\/?s={search_term_string}\"},\"query-input\":{\"@type\":\"PropertyValueSpecification\",\"valueRequired\":true,\"valueName\":\"search_term_string\"}}],\"inLanguage\":\"pt-PT\"},{\"@type\":\"Organization\",\"@id\":\"https:\\\/\\\/jornaldasoficinas.com\\\/pt\\\/#organization\",\"name\":\"Jornal das Oficinas\",\"url\":\"https:\\\/\\\/jornaldasoficinas.com\\\/pt\\\/\",\"logo\":{\"@type\":\"ImageObject\",\"inLanguage\":\"pt-PT\",\"@id\":\"https:\\\/\\\/jornaldasoficinas.com\\\/pt\\\/#\\\/schema\\\/logo\\\/image\\\/\",\"url\":\"https:\\\/\\\/jornaldasoficinas.com\\\/pt\\\/wp-content\\\/uploads\\\/logoJO-SEO.png\",\"contentUrl\":\"https:\\\/\\\/jornaldasoficinas.com\\\/pt\\\/wp-content\\\/uploads\\\/logoJO-SEO.png\",\"width\":285,\"height\":450,\"caption\":\"Jornal das Oficinas\"},\"image\":{\"@id\":\"https:\\\/\\\/jornaldasoficinas.com\\\/pt\\\/#\\\/schema\\\/logo\\\/image\\\/\"},\"sameAs\":[\"https:\\\/\\\/www.facebook.com\\\/jornaloficinas\",\"https:\\\/\\\/x.com\\\/jornaloficinas\",\"https:\\\/\\\/www.instagram.com\\\/jornal_oficinas\\\/\",\"https:\\\/\\\/www.linkedin.com\\\/company\\\/jornal-das-oficinas\\\/\",\"https:\\\/\\\/www.youtube.com\\\/channel\\\/UCbQZBqtcvV-oSQrr7RzINGg\"]},{\"@type\":\"Person\",\"@id\":\"https:\\\/\\\/jornaldasoficinas.com\\\/pt\\\/#\\\/schema\\\/person\\\/a38eef5de2c41d9e7c9ac10141afddf3\",\"name\":\"Reda\u00e7\u00e3o JO\",\"image\":{\"@type\":\"ImageObject\",\"inLanguage\":\"pt-PT\",\"@id\":\"https:\\\/\\\/secure.gravatar.com\\\/avatar\\\/71f2fa71737ad68a84fea94bc708ddac8ea5b0c4788dc2ad202f3ccb2887742f?s=96&d=wp_user_avatar&r=g\",\"url\":\"https:\\\/\\\/secure.gravatar.com\\\/avatar\\\/71f2fa71737ad68a84fea94bc708ddac8ea5b0c4788dc2ad202f3ccb2887742f?s=96&d=wp_user_avatar&r=g\",\"contentUrl\":\"https:\\\/\\\/secure.gravatar.com\\\/avatar\\\/71f2fa71737ad68a84fea94bc708ddac8ea5b0c4788dc2ad202f3ccb2887742f?s=96&d=wp_user_avatar&r=g\",\"caption\":\"Reda\u00e7\u00e3o JO\"},\"url\":\"https:\\\/\\\/jornaldasoficinas.com\\\/pt\\\/author\\\/joredacao\\\/\"}]}<\/script>\n<!-- \/ Yoast SEO plugin. -->","yoast_head_json":{"title":"Continental corre nos festejos de S.Jo\u00e3o - Jornal das Oficinas","description":"A Continental volta a ser a principal patrocinadora da Corrida de S\u00e3o Jo\u00e3o que tem lugar no pr\u00f3ximo dia 16 de junho, em Vila Nova de Gaia","robots":{"index":"index","follow":"follow","max-snippet":"max-snippet:-1","max-image-preview":"max-image-preview:large","max-video-preview":"max-video-preview:-1"},"canonical":"https:\/\/jornaldasoficinas.com\/pt\/continental-corre-nos-festejos-de-s-joao\/","og_locale":"pt_PT","og_type":"article","og_title":"Continental corre nos festejos de S.Jo\u00e3o - Jornal das Oficinas","og_description":"A Continental volta a ser a principal patrocinadora da Corrida de S\u00e3o Jo\u00e3o que tem lugar no pr\u00f3ximo dia 16 de junho, em Vila Nova de Gaia","og_url":"https:\/\/jornaldasoficinas.com\/pt\/continental-corre-nos-festejos-de-s-joao\/","og_site_name":"Jornal das Oficinas","article_publisher":"https:\/\/www.facebook.com\/jornaloficinas","article_published_time":"2024-06-07T09:00:45+00:00","og_image":[{"width":1024,"height":581,"url":"https:\/\/jornaldasoficinas.com\/pt\/wp-content\/uploads\/2024\/05\/Continental-corre-nos-festejos-de-S.Joao_.jpg","type":"image\/jpeg"}],"author":"Reda\u00e7\u00e3o JO","twitter_card":"summary_large_image","twitter_creator":"@jornaloficinas","twitter_site":"@jornaloficinas","twitter_misc":{"Escrito por":"Reda\u00e7\u00e3o JO","Tempo estimado de leitura":"3 minutos"},"schema":{"@context":"https:\/\/schema.org","@graph":[{"@type":"Article","@id":"https:\/\/jornaldasoficinas.com\/pt\/continental-corre-nos-festejos-de-s-joao\/#article","isPartOf":{"@id":"https:\/\/jornaldasoficinas.com\/pt\/continental-corre-nos-festejos-de-s-joao\/"},"author":{"name":"Reda\u00e7\u00e3o JO","@id":"https:\/\/jornaldasoficinas.com\/pt\/#\/schema\/person\/a38eef5de2c41d9e7c9ac10141afddf3"},"headline":"Continental corre nos festejos de S.Jo\u00e3o","datePublished":"2024-06-07T09:00:45+00:00","mainEntityOfPage":{"@id":"https:\/\/jornaldasoficinas.com\/pt\/continental-corre-nos-festejos-de-s-joao\/"},"wordCount":437,"publisher":{"@id":"https:\/\/jornaldasoficinas.com\/pt\/#organization"},"image":{"@id":"https:\/\/jornaldasoficinas.com\/pt\/continental-corre-nos-festejos-de-s-joao\/#primaryimage"},"thumbnailUrl":"https:\/\/jornaldasoficinas.com\/pt\/wp-content\/uploads\/2024\/05\/Continental-corre-nos-festejos-de-S.Joao_.jpg","keywords":["16 junho","Continental","corrida","corrida S.Jo\u00e3o","corrida verde","Patroc\u00ednio","Vila Nova de Gaia"],"articleSection":["Empresas"],"inLanguage":"pt-PT"},{"@type":"WebPage","@id":"https:\/\/jornaldasoficinas.com\/pt\/continental-corre-nos-festejos-de-s-joao\/","url":"https:\/\/jornaldasoficinas.com\/pt\/continental-corre-nos-festejos-de-s-joao\/","name":"Continental corre nos festejos de S.Jo\u00e3o - Jornal das Oficinas","isPartOf":{"@id":"https:\/\/jornaldasoficinas.com\/pt\/#website"},"primaryImageOfPage":{"@id":"https:\/\/jornaldasoficinas.com\/pt\/continental-corre-nos-festejos-de-s-joao\/#primaryimage"},"image":{"@id":"https:\/\/jornaldasoficinas.com\/pt\/continental-corre-nos-festejos-de-s-joao\/#primaryimage"},"thumbnailUrl":"https:\/\/jornaldasoficinas.com\/pt\/wp-content\/uploads\/2024\/05\/Continental-corre-nos-festejos-de-S.Joao_.jpg","datePublished":"2024-06-07T09:00:45+00:00","description":"A Continental volta a ser a principal patrocinadora da Corrida de S\u00e3o Jo\u00e3o que tem lugar no pr\u00f3ximo dia 16 de junho, em Vila Nova de Gaia","breadcrumb":{"@id":"https:\/\/jornaldasoficinas.com\/pt\/continental-corre-nos-festejos-de-s-joao\/#breadcrumb"},"inLanguage":"pt-PT","potentialAction":[{"@type":"ReadAction","target":["https:\/\/jornaldasoficinas.com\/pt\/continental-corre-nos-festejos-de-s-joao\/"]}]},{"@type":"ImageObject","inLanguage":"pt-PT","@id":"https:\/\/jornaldasoficinas.com\/pt\/continental-corre-nos-festejos-de-s-joao\/#primaryimage","url":"https:\/\/jornaldasoficinas.com\/pt\/wp-content\/uploads\/2024\/05\/Continental-corre-nos-festejos-de-S.Joao_.jpg","contentUrl":"https:\/\/jornaldasoficinas.com\/pt\/wp-content\/uploads\/2024\/05\/Continental-corre-nos-festejos-de-S.Joao_.jpg","width":1024,"height":581,"caption":"05 - Continental corre nos festejos de S.Joao_"},{"@type":"BreadcrumbList","@id":"https:\/\/jornaldasoficinas.com\/pt\/continental-corre-nos-festejos-de-s-joao\/#breadcrumb","itemListElement":[{"@type":"ListItem","position":1,"name":"In\u00edcio","item":"https:\/\/jornaldasoficinas.com\/pt\/"},{"@type":"ListItem","position":2,"name":"Continental corre nos festejos de S.Jo\u00e3o"}]},{"@type":"WebSite","@id":"https:\/\/jornaldasoficinas.com\/pt\/#website","url":"https:\/\/jornaldasoficinas.com\/pt\/","name":"Jornal das Oficinas","description":"Jornal independente do Aftermarket Autom\u00f3vel em Portugal","publisher":{"@id":"https:\/\/jornaldasoficinas.com\/pt\/#organization"},"potentialAction":[{"@type":"SearchAction","target":{"@type":"EntryPoint","urlTemplate":"https:\/\/jornaldasoficinas.com\/pt\/?s={search_term_string}"},"query-input":{"@type":"PropertyValueSpecification","valueRequired":true,"valueName":"search_term_string"}}],"inLanguage":"pt-PT"},{"@type":"Organization","@id":"https:\/\/jornaldasoficinas.com\/pt\/#organization","name":"Jornal das Oficinas","url":"https:\/\/jornaldasoficinas.com\/pt\/","logo":{"@type":"ImageObject","inLanguage":"pt-PT","@id":"https:\/\/jornaldasoficinas.com\/pt\/#\/schema\/logo\/image\/","url":"https:\/\/jornaldasoficinas.com\/pt\/wp-content\/uploads\/logoJO-SEO.png","contentUrl":"https:\/\/jornaldasoficinas.com\/pt\/wp-content\/uploads\/logoJO-SEO.png","width":285,"height":450,"caption":"Jornal das Oficinas"},"image":{"@id":"https:\/\/jornaldasoficinas.com\/pt\/#\/schema\/logo\/image\/"},"sameAs":["https:\/\/www.facebook.com\/jornaloficinas","https:\/\/x.com\/jornaloficinas","https:\/\/www.instagram.com\/jornal_oficinas\/","https:\/\/www.linkedin.com\/company\/jornal-das-oficinas\/","https:\/\/www.youtube.com\/channel\/UCbQZBqtcvV-oSQrr7RzINGg"]},{"@type":"Person","@id":"https:\/\/jornaldasoficinas.com\/pt\/#\/schema\/person\/a38eef5de2c41d9e7c9ac10141afddf3","name":"Reda\u00e7\u00e3o JO","image":{"@type":"ImageObject","inLanguage":"pt-PT","@id":"https:\/\/secure.gravatar.com\/avatar\/71f2fa71737ad68a84fea94bc708ddac8ea5b0c4788dc2ad202f3ccb2887742f?s=96&d=wp_user_avatar&r=g","url":"https:\/\/secure.gravatar.com\/avatar\/71f2fa71737ad68a84fea94bc708ddac8ea5b0c4788dc2ad202f3ccb2887742f?s=96&d=wp_user_avatar&r=g","contentUrl":"https:\/\/secure.gravatar.com\/avatar\/71f2fa71737ad68a84fea94bc708ddac8ea5b0c4788dc2ad202f3ccb2887742f?s=96&d=wp_user_avatar&r=g","caption":"Reda\u00e7\u00e3o JO"},"url":"https:\/\/jornaldasoficinas.com\/pt\/author\/joredacao\/"}]}},"_links":{"self":[{"href":"https:\/\/jornaldasoficinas.com\/pt\/wp-json\/wp\/v2\/posts\/86108","targetHints":{"allow":["GET"]}}],"collection":[{"href":"https:\/\/jornaldasoficinas.com\/pt\/wp-json\/wp\/v2\/posts"}],"about":[{"href":"https:\/\/jornaldasoficinas.com\/pt\/wp-json\/wp\/v2\/types\/post"}],"author":[{"embeddable":true,"href":"https:\/\/jornaldasoficinas.com\/pt\/wp-json\/wp\/v2\/users\/15"}],"replies":[{"embeddable":true,"href":"https:\/\/jornaldasoficinas.com\/pt\/wp-json\/wp\/v2\/comments?post=86108"}],"version-history":[{"count":0,"href":"https:\/\/jornaldasoficinas.com\/pt\/wp-json\/wp\/v2\/posts\/86108\/revisions"}],"wp:featuredmedia":[{"embeddable":true,"href":"https:\/\/jornaldasoficinas.com\/pt\/wp-json\/wp\/v2\/media\/86112"}],"wp:attachment":[{"href":"https:\/\/jornaldasoficinas.com\/pt\/wp-json\/wp\/v2\/media?parent=86108"}],"wp:term":[{"taxonomy":"category","embeddable":true,"href":"https:\/\/jornaldasoficinas.com\/pt\/wp-json\/wp\/v2\/categories?post=86108"},{"taxonomy":"post_tag","embeddable":true,"href":"https:\/\/jornaldasoficinas.com\/pt\/wp-json\/wp\/v2\/tags?post=86108"}],"curies":[{"name":"wp","href":"https:\/\/api.w.org\/{rel}","templated":true}]}}