{"id":86139,"date":"2024-06-09T21:30:34","date_gmt":"2024-06-09T20:30:34","guid":{"rendered":"https:\/\/jornaldasoficinas.com\/pt\/?p=86139"},"modified":"2024-07-15T09:27:15","modified_gmt":"2024-07-15T08:27:15","slug":"vamos-manter-o-legado-de-proximidade-lucia-tripa-gerente-da-nelson-tripa","status":"publish","type":"post","link":"https:\/\/jornaldasoficinas.com\/pt\/vamos-manter-o-legado-de-proximidade-lucia-tripa-gerente-da-nelson-tripa\/","title":{"rendered":"&#8220;Vamos manter o legado de proximidade&#8221;, L\u00facia Tripa, gerente da Nelson Tripa"},"content":{"rendered":"<p><img loading=\"lazy\" decoding=\"async\" class=\"alignnone size-full wp-image-86427\" src=\"https:\/\/jornaldasoficinas.com\/pt\/wp-content\/uploads\/2024\/05\/22Vamos-manter-o-legado-de-proximidade22-Lucia-Tripa-gerente-da-Nelson-Tripa-1.jpg\" alt=\"05 - 22Vamos manter o legado de proximidade22 Lucia Tripa gerente da Nelson Tripa 1\" width=\"1024\" height=\"581\" srcset=\"https:\/\/jornaldasoficinas.com\/pt\/wp-content\/uploads\/2024\/05\/22Vamos-manter-o-legado-de-proximidade22-Lucia-Tripa-gerente-da-Nelson-Tripa-1.jpg 1024w, https:\/\/jornaldasoficinas.com\/pt\/wp-content\/uploads\/2024\/05\/22Vamos-manter-o-legado-de-proximidade22-Lucia-Tripa-gerente-da-Nelson-Tripa-1-300x170.jpg 300w, https:\/\/jornaldasoficinas.com\/pt\/wp-content\/uploads\/2024\/05\/22Vamos-manter-o-legado-de-proximidade22-Lucia-Tripa-gerente-da-Nelson-Tripa-1-150x85.jpg 150w, https:\/\/jornaldasoficinas.com\/pt\/wp-content\/uploads\/2024\/05\/22Vamos-manter-o-legado-de-proximidade22-Lucia-Tripa-gerente-da-Nelson-Tripa-1-768x436.jpg 768w\" sizes=\"auto, (max-width: 1024px) 100vw, 1024px\" \/><\/p>\n<p><strong>H\u00e1 mais de 35 anos, surgiu a <a href=\"https:\/\/nelsontripa.pt\/\" target=\"_blank\" rel=\"noopener\">Nelson Tripa, Lda<\/a>., uma empresa de refer\u00eancia especializada em climatiza\u00e7\u00e3o autom\u00f3vel, refrigera\u00e7\u00e3o e venda de eletrodom\u00e9sticos. Recentemente, a ger\u00eancia passou para as m\u00e3os de L\u00facia Tripa, filha do fundador, determinada em continuar a destacar-se neste setor e a seguir os passos do pai<\/strong><\/p>\n<p>Tal como prometido em 2021, numa entrevista ao JO, Nelson Tripa, fundador da Nelson Tripa, Lda., confiou o futuro da empresa \u00e0 sua filha, L\u00facia Tripa. Acarinhado por muitos, o respons\u00e1vel era conhecido por tratar todos os seus clientes e fornecedores com igual simpatia e respeito. L\u00facia Tripa enaltece: \u201cele tratava bem tanto o bem vestido como o mal vestido, n\u00e3o fazia distin\u00e7\u00f5es entre as pessoas\u201d.<\/p>\n<p>Al\u00e9m da proximidade com os clientes, tamb\u00e9m conseguia garantir a satisfa\u00e7\u00e3o de 90% dos pedidos que lhe chegavam, com um stock de produtos infind\u00e1vel que conseguia atender a quase \u201ctodos os gostos e feitios\u201d. Atualmente, \u00e9 L\u00facia Tripa quem lidera a empresa, comprometida em preservar o legado familiar.<\/p>\n<p><strong>J\u00e1 diz o velho ditado, \u201ctal pai tal filho\/a\u201d<\/strong><br \/>\nApesar de ainda se considerar \u201cverde\u201d na gest\u00e3o global da empresa, L\u00facia Tripa acredita que o caminho para o sucesso passa por colocar em pr\u00e1tica tudo aquilo que o seu pai lhe ensinou. \u201cAprendi tudo o que sei com o meu pai. E, o que ainda n\u00e3o sei, estou a aprender com a Susana, que est\u00e1 na empresa h\u00e1 38 anos e era quase como uma filha para ele\u201d, contou. Tal como o pai, L\u00facia tamb\u00e9m sabe colocar as \u201cm\u00e3os na massa\u201d sempre que assim seja necess\u00e1rio. \u201cEu fa\u00e7o de tudo um pouco. Se estiver algu\u00e9m de f\u00e9rias ou tiver que sair para fazer um recado, eu n\u00e3o vou deixar o cliente \u00e0 espera. Vou at\u00e9 \u00e0 oficina e fa\u00e7o o tubo ou mudo a traseira do compressor. Alguns clientes ficam surpreendidos, mas eu n\u00e3o me importo de sujar as m\u00e3os\u201d, explicou.<\/p>\n<p><strong>Linha de produtos<\/strong><br \/>\nAs marcas s\u00e3o variadas, desde a marca branca (asi\u00e1tica) at\u00e9 a outras conhecidas do p\u00fablico, como \u00e9 o caso da Sanden, Delphi, Denso, Zexel, York e Waeco\/Dometic \u201cN\u00f3s temos muito p\u00fablico, e as pessoas que c\u00e1 v\u00eam dizem sempre que h\u00e1 poucas lojas com tanta variedade como a nossa\u201d, revelou, orgulhosa. Salvo raras exce\u00e7\u00f5es em que s\u00e3o solicitados compressores muito espec\u00edficos, o per\u00edodo de entrega \u00e9 consideravelmente r\u00e1pido \u2013 logo de um dia para o outro, ou no m\u00e1ximo dois dias. Caso o cliente opte por uma marca branca ou reconstru\u00eddo, o per\u00edodo poder\u00e1 estender-se para uma semana. Mas uma coisa \u00e9 certa, \u201cs\u00f3 n\u00e3o conseguimos satisfazer mesmo quando o produto j\u00e1 est\u00e1 obsoleto\u201d, garantiu.<\/p>\n<p>Conhe\u00e7a todas as marcas detalhadamente e leia a entrevista completa na edi\u00e7\u00e3o impressa do Jornal das Oficinas de <a href=\"https:\/\/www.yumpu.com\/pt\/document\/read\/68682686\/jornal-das-oficinas-126\/70\" target=\"_blank\" rel=\"noopener\">Maio\/Junho<\/a>.<\/p>\n","protected":false},"excerpt":{"rendered":"<p>H\u00e1 mais de 35 anos, surgiu&#8230;<\/p>\n","protected":false},"author":35,"featured_media":86427,"comment_status":"closed","ping_status":"closed","sticky":false,"template":"","format":"standard","meta":{"footnotes":""},"categories":[38],"tags":[9455,1758,9454,3867,9452,9453,2601,660],"class_list":["post-86139","post","type-post","status-publish","format-standard","has-post-thumbnail","hentry","category-entrevistas","tag-acompanhar-a-evolucao","tag-automechanika","tag-clientes-satisfeitos","tag-climatizacao-automovel","tag-lucia-tripa","tag-negocio-familiar","tag-nelson-tripa","tag-refrigeracao"],"yoast_head":"<!-- This site is optimized with the Yoast SEO plugin v27.5 - https:\/\/yoast.com\/product\/yoast-seo-wordpress\/ -->\n<title>&quot;Vamos manter o legado de proximidade&quot;, L\u00facia Tripa, gerente da Nelson Tripa - Jornal das Oficinas<\/title>\n<meta name=\"description\" content=\"H\u00e1 mais de 35 anos, surgiu a Nelson Tripa, Lda., uma empresa de refer\u00eancia especializada em climatiza\u00e7\u00e3o autom\u00f3vel\" \/>\n<meta name=\"robots\" content=\"index, follow, max-snippet:-1, max-image-preview:large, max-video-preview:-1\" \/>\n<link rel=\"canonical\" href=\"https:\/\/jornaldasoficinas.com\/pt\/vamos-manter-o-legado-de-proximidade-lucia-tripa-gerente-da-nelson-tripa\/\" \/>\n<meta property=\"og:locale\" content=\"pt_PT\" \/>\n<meta property=\"og:type\" content=\"article\" \/>\n<meta property=\"og:title\" content=\"&quot;Vamos manter o legado de proximidade&quot;, L\u00facia Tripa, gerente da Nelson Tripa - Jornal das Oficinas\" \/>\n<meta property=\"og:description\" content=\"H\u00e1 mais de 35 anos, surgiu a Nelson Tripa, Lda., uma empresa de refer\u00eancia especializada em climatiza\u00e7\u00e3o autom\u00f3vel\" \/>\n<meta property=\"og:url\" content=\"https:\/\/jornaldasoficinas.com\/pt\/vamos-manter-o-legado-de-proximidade-lucia-tripa-gerente-da-nelson-tripa\/\" \/>\n<meta property=\"og:site_name\" content=\"Jornal das Oficinas\" \/>\n<meta property=\"article:publisher\" content=\"https:\/\/www.facebook.com\/jornaloficinas\" \/>\n<meta property=\"article:published_time\" content=\"2024-06-09T20:30:34+00:00\" \/>\n<meta property=\"article:modified_time\" content=\"2024-07-15T08:27:15+00:00\" \/>\n<meta property=\"og:image\" content=\"https:\/\/jornaldasoficinas.com\/pt\/wp-content\/uploads\/2024\/05\/22Vamos-manter-o-legado-de-proximidade22-Lucia-Tripa-gerente-da-Nelson-Tripa-1.jpg\" \/>\n\t<meta property=\"og:image:width\" content=\"1024\" \/>\n\t<meta property=\"og:image:height\" content=\"581\" \/>\n\t<meta property=\"og:image:type\" content=\"image\/jpeg\" \/>\n<meta name=\"author\" content=\"In\u00eas Dias\" \/>\n<meta name=\"twitter:card\" content=\"summary_large_image\" \/>\n<meta name=\"twitter:creator\" content=\"@jornaloficinas\" \/>\n<meta name=\"twitter:site\" content=\"@jornaloficinas\" \/>\n<meta name=\"twitter:label1\" content=\"Escrito por\" \/>\n\t<meta name=\"twitter:data1\" content=\"In\u00eas Dias\" \/>\n\t<meta name=\"twitter:label2\" content=\"Tempo estimado de leitura\" \/>\n\t<meta name=\"twitter:data2\" content=\"3 minutos\" \/>\n<script type=\"application\/ld+json\" class=\"yoast-schema-graph\">{\"@context\":\"https:\\\/\\\/schema.org\",\"@graph\":[{\"@type\":\"Article\",\"@id\":\"https:\\\/\\\/jornaldasoficinas.com\\\/pt\\\/vamos-manter-o-legado-de-proximidade-lucia-tripa-gerente-da-nelson-tripa\\\/#article\",\"isPartOf\":{\"@id\":\"https:\\\/\\\/jornaldasoficinas.com\\\/pt\\\/vamos-manter-o-legado-de-proximidade-lucia-tripa-gerente-da-nelson-tripa\\\/\"},\"author\":{\"name\":\"In\u00eas Dias\",\"@id\":\"https:\\\/\\\/jornaldasoficinas.com\\\/pt\\\/#\\\/schema\\\/person\\\/a3eeffae8f4797e838c07e16b686856c\"},\"headline\":\"&#8220;Vamos manter o legado de proximidade&#8221;, L\u00facia Tripa, gerente da Nelson Tripa\",\"datePublished\":\"2024-06-09T20:30:34+00:00\",\"dateModified\":\"2024-07-15T08:27:15+00:00\",\"mainEntityOfPage\":{\"@id\":\"https:\\\/\\\/jornaldasoficinas.com\\\/pt\\\/vamos-manter-o-legado-de-proximidade-lucia-tripa-gerente-da-nelson-tripa\\\/\"},\"wordCount\":506,\"publisher\":{\"@id\":\"https:\\\/\\\/jornaldasoficinas.com\\\/pt\\\/#organization\"},\"image\":{\"@id\":\"https:\\\/\\\/jornaldasoficinas.com\\\/pt\\\/vamos-manter-o-legado-de-proximidade-lucia-tripa-gerente-da-nelson-tripa\\\/#primaryimage\"},\"thumbnailUrl\":\"https:\\\/\\\/jornaldasoficinas.com\\\/pt\\\/wp-content\\\/uploads\\\/2024\\\/05\\\/22Vamos-manter-o-legado-de-proximidade22-Lucia-Tripa-gerente-da-Nelson-Tripa-1.jpg\",\"keywords\":[\"Acompanhar a evolu\u00e7\u00e3o\",\"Automechanika\",\"Clientes satisfeitos\",\"Climatiza\u00e7\u00e3o autom\u00f3vel\",\"L\u00facia Tripa\",\"Neg\u00f3cio Familiar\",\"Nelson Tripa\",\"refrigera\u00e7\u00e3o\"],\"articleSection\":[\"Entrevistas\"],\"inLanguage\":\"pt-PT\"},{\"@type\":\"WebPage\",\"@id\":\"https:\\\/\\\/jornaldasoficinas.com\\\/pt\\\/vamos-manter-o-legado-de-proximidade-lucia-tripa-gerente-da-nelson-tripa\\\/\",\"url\":\"https:\\\/\\\/jornaldasoficinas.com\\\/pt\\\/vamos-manter-o-legado-de-proximidade-lucia-tripa-gerente-da-nelson-tripa\\\/\",\"name\":\"\\\"Vamos manter o legado de proximidade\\\", L\u00facia Tripa, gerente da Nelson Tripa - Jornal das Oficinas\",\"isPartOf\":{\"@id\":\"https:\\\/\\\/jornaldasoficinas.com\\\/pt\\\/#website\"},\"primaryImageOfPage\":{\"@id\":\"https:\\\/\\\/jornaldasoficinas.com\\\/pt\\\/vamos-manter-o-legado-de-proximidade-lucia-tripa-gerente-da-nelson-tripa\\\/#primaryimage\"},\"image\":{\"@id\":\"https:\\\/\\\/jornaldasoficinas.com\\\/pt\\\/vamos-manter-o-legado-de-proximidade-lucia-tripa-gerente-da-nelson-tripa\\\/#primaryimage\"},\"thumbnailUrl\":\"https:\\\/\\\/jornaldasoficinas.com\\\/pt\\\/wp-content\\\/uploads\\\/2024\\\/05\\\/22Vamos-manter-o-legado-de-proximidade22-Lucia-Tripa-gerente-da-Nelson-Tripa-1.jpg\",\"datePublished\":\"2024-06-09T20:30:34+00:00\",\"dateModified\":\"2024-07-15T08:27:15+00:00\",\"description\":\"H\u00e1 mais de 35 anos, surgiu a Nelson Tripa, Lda., uma empresa de refer\u00eancia especializada em climatiza\u00e7\u00e3o autom\u00f3vel\",\"breadcrumb\":{\"@id\":\"https:\\\/\\\/jornaldasoficinas.com\\\/pt\\\/vamos-manter-o-legado-de-proximidade-lucia-tripa-gerente-da-nelson-tripa\\\/#breadcrumb\"},\"inLanguage\":\"pt-PT\",\"potentialAction\":[{\"@type\":\"ReadAction\",\"target\":[\"https:\\\/\\\/jornaldasoficinas.com\\\/pt\\\/vamos-manter-o-legado-de-proximidade-lucia-tripa-gerente-da-nelson-tripa\\\/\"]}]},{\"@type\":\"ImageObject\",\"inLanguage\":\"pt-PT\",\"@id\":\"https:\\\/\\\/jornaldasoficinas.com\\\/pt\\\/vamos-manter-o-legado-de-proximidade-lucia-tripa-gerente-da-nelson-tripa\\\/#primaryimage\",\"url\":\"https:\\\/\\\/jornaldasoficinas.com\\\/pt\\\/wp-content\\\/uploads\\\/2024\\\/05\\\/22Vamos-manter-o-legado-de-proximidade22-Lucia-Tripa-gerente-da-Nelson-Tripa-1.jpg\",\"contentUrl\":\"https:\\\/\\\/jornaldasoficinas.com\\\/pt\\\/wp-content\\\/uploads\\\/2024\\\/05\\\/22Vamos-manter-o-legado-de-proximidade22-Lucia-Tripa-gerente-da-Nelson-Tripa-1.jpg\",\"width\":1024,\"height\":581,\"caption\":\"05 - 22Vamos manter o legado de proximidade22 Lucia Tripa gerente da Nelson Tripa 1\"},{\"@type\":\"BreadcrumbList\",\"@id\":\"https:\\\/\\\/jornaldasoficinas.com\\\/pt\\\/vamos-manter-o-legado-de-proximidade-lucia-tripa-gerente-da-nelson-tripa\\\/#breadcrumb\",\"itemListElement\":[{\"@type\":\"ListItem\",\"position\":1,\"name\":\"In\u00edcio\",\"item\":\"https:\\\/\\\/jornaldasoficinas.com\\\/pt\\\/\"},{\"@type\":\"ListItem\",\"position\":2,\"name\":\"&#8220;Vamos manter o legado de proximidade&#8221;, L\u00facia Tripa, gerente da Nelson Tripa\"}]},{\"@type\":\"WebSite\",\"@id\":\"https:\\\/\\\/jornaldasoficinas.com\\\/pt\\\/#website\",\"url\":\"https:\\\/\\\/jornaldasoficinas.com\\\/pt\\\/\",\"name\":\"Jornal das Oficinas\",\"description\":\"Jornal independente do Aftermarket Autom\u00f3vel em Portugal\",\"publisher\":{\"@id\":\"https:\\\/\\\/jornaldasoficinas.com\\\/pt\\\/#organization\"},\"potentialAction\":[{\"@type\":\"SearchAction\",\"target\":{\"@type\":\"EntryPoint\",\"urlTemplate\":\"https:\\\/\\\/jornaldasoficinas.com\\\/pt\\\/?s={search_term_string}\"},\"query-input\":{\"@type\":\"PropertyValueSpecification\",\"valueRequired\":true,\"valueName\":\"search_term_string\"}}],\"inLanguage\":\"pt-PT\"},{\"@type\":\"Organization\",\"@id\":\"https:\\\/\\\/jornaldasoficinas.com\\\/pt\\\/#organization\",\"name\":\"Jornal das Oficinas\",\"url\":\"https:\\\/\\\/jornaldasoficinas.com\\\/pt\\\/\",\"logo\":{\"@type\":\"ImageObject\",\"inLanguage\":\"pt-PT\",\"@id\":\"https:\\\/\\\/jornaldasoficinas.com\\\/pt\\\/#\\\/schema\\\/logo\\\/image\\\/\",\"url\":\"https:\\\/\\\/jornaldasoficinas.com\\\/pt\\\/wp-content\\\/uploads\\\/logoJO-SEO.png\",\"contentUrl\":\"https:\\\/\\\/jornaldasoficinas.com\\\/pt\\\/wp-content\\\/uploads\\\/logoJO-SEO.png\",\"width\":285,\"height\":450,\"caption\":\"Jornal das Oficinas\"},\"image\":{\"@id\":\"https:\\\/\\\/jornaldasoficinas.com\\\/pt\\\/#\\\/schema\\\/logo\\\/image\\\/\"},\"sameAs\":[\"https:\\\/\\\/www.facebook.com\\\/jornaloficinas\",\"https:\\\/\\\/x.com\\\/jornaloficinas\",\"https:\\\/\\\/www.instagram.com\\\/jornal_oficinas\\\/\",\"https:\\\/\\\/www.linkedin.com\\\/company\\\/jornal-das-oficinas\\\/\",\"https:\\\/\\\/www.youtube.com\\\/channel\\\/UCbQZBqtcvV-oSQrr7RzINGg\"]},{\"@type\":\"Person\",\"@id\":\"https:\\\/\\\/jornaldasoficinas.com\\\/pt\\\/#\\\/schema\\\/person\\\/a3eeffae8f4797e838c07e16b686856c\",\"name\":\"In\u00eas Dias\",\"image\":{\"@type\":\"ImageObject\",\"inLanguage\":\"pt-PT\",\"@id\":\"https:\\\/\\\/secure.gravatar.com\\\/avatar\\\/3370efe0b24dced70605ea52147615a53aa3971cfd46973403f3896acc1b95db?s=96&d=wp_user_avatar&r=g\",\"url\":\"https:\\\/\\\/secure.gravatar.com\\\/avatar\\\/3370efe0b24dced70605ea52147615a53aa3971cfd46973403f3896acc1b95db?s=96&d=wp_user_avatar&r=g\",\"contentUrl\":\"https:\\\/\\\/secure.gravatar.com\\\/avatar\\\/3370efe0b24dced70605ea52147615a53aa3971cfd46973403f3896acc1b95db?s=96&d=wp_user_avatar&r=g\",\"caption\":\"In\u00eas Dias\"},\"url\":\"https:\\\/\\\/jornaldasoficinas.com\\\/pt\\\/author\\\/inesdias\\\/\"}]}<\/script>\n<!-- \/ Yoast SEO plugin. -->","yoast_head_json":{"title":"\"Vamos manter o legado de proximidade\", L\u00facia Tripa, gerente da Nelson Tripa - Jornal das Oficinas","description":"H\u00e1 mais de 35 anos, surgiu a Nelson Tripa, Lda., uma empresa de refer\u00eancia especializada em climatiza\u00e7\u00e3o autom\u00f3vel","robots":{"index":"index","follow":"follow","max-snippet":"max-snippet:-1","max-image-preview":"max-image-preview:large","max-video-preview":"max-video-preview:-1"},"canonical":"https:\/\/jornaldasoficinas.com\/pt\/vamos-manter-o-legado-de-proximidade-lucia-tripa-gerente-da-nelson-tripa\/","og_locale":"pt_PT","og_type":"article","og_title":"\"Vamos manter o legado de proximidade\", L\u00facia Tripa, gerente da Nelson Tripa - Jornal das Oficinas","og_description":"H\u00e1 mais de 35 anos, surgiu a Nelson Tripa, Lda., uma empresa de refer\u00eancia especializada em climatiza\u00e7\u00e3o autom\u00f3vel","og_url":"https:\/\/jornaldasoficinas.com\/pt\/vamos-manter-o-legado-de-proximidade-lucia-tripa-gerente-da-nelson-tripa\/","og_site_name":"Jornal das Oficinas","article_publisher":"https:\/\/www.facebook.com\/jornaloficinas","article_published_time":"2024-06-09T20:30:34+00:00","article_modified_time":"2024-07-15T08:27:15+00:00","og_image":[{"width":1024,"height":581,"url":"https:\/\/jornaldasoficinas.com\/pt\/wp-content\/uploads\/2024\/05\/22Vamos-manter-o-legado-de-proximidade22-Lucia-Tripa-gerente-da-Nelson-Tripa-1.jpg","type":"image\/jpeg"}],"author":"In\u00eas Dias","twitter_card":"summary_large_image","twitter_creator":"@jornaloficinas","twitter_site":"@jornaloficinas","twitter_misc":{"Escrito por":"In\u00eas Dias","Tempo estimado de leitura":"3 minutos"},"schema":{"@context":"https:\/\/schema.org","@graph":[{"@type":"Article","@id":"https:\/\/jornaldasoficinas.com\/pt\/vamos-manter-o-legado-de-proximidade-lucia-tripa-gerente-da-nelson-tripa\/#article","isPartOf":{"@id":"https:\/\/jornaldasoficinas.com\/pt\/vamos-manter-o-legado-de-proximidade-lucia-tripa-gerente-da-nelson-tripa\/"},"author":{"name":"In\u00eas Dias","@id":"https:\/\/jornaldasoficinas.com\/pt\/#\/schema\/person\/a3eeffae8f4797e838c07e16b686856c"},"headline":"&#8220;Vamos manter o legado de proximidade&#8221;, L\u00facia Tripa, gerente da Nelson Tripa","datePublished":"2024-06-09T20:30:34+00:00","dateModified":"2024-07-15T08:27:15+00:00","mainEntityOfPage":{"@id":"https:\/\/jornaldasoficinas.com\/pt\/vamos-manter-o-legado-de-proximidade-lucia-tripa-gerente-da-nelson-tripa\/"},"wordCount":506,"publisher":{"@id":"https:\/\/jornaldasoficinas.com\/pt\/#organization"},"image":{"@id":"https:\/\/jornaldasoficinas.com\/pt\/vamos-manter-o-legado-de-proximidade-lucia-tripa-gerente-da-nelson-tripa\/#primaryimage"},"thumbnailUrl":"https:\/\/jornaldasoficinas.com\/pt\/wp-content\/uploads\/2024\/05\/22Vamos-manter-o-legado-de-proximidade22-Lucia-Tripa-gerente-da-Nelson-Tripa-1.jpg","keywords":["Acompanhar a evolu\u00e7\u00e3o","Automechanika","Clientes satisfeitos","Climatiza\u00e7\u00e3o autom\u00f3vel","L\u00facia Tripa","Neg\u00f3cio Familiar","Nelson Tripa","refrigera\u00e7\u00e3o"],"articleSection":["Entrevistas"],"inLanguage":"pt-PT"},{"@type":"WebPage","@id":"https:\/\/jornaldasoficinas.com\/pt\/vamos-manter-o-legado-de-proximidade-lucia-tripa-gerente-da-nelson-tripa\/","url":"https:\/\/jornaldasoficinas.com\/pt\/vamos-manter-o-legado-de-proximidade-lucia-tripa-gerente-da-nelson-tripa\/","name":"\"Vamos manter o legado de proximidade\", L\u00facia Tripa, gerente da Nelson Tripa - Jornal das Oficinas","isPartOf":{"@id":"https:\/\/jornaldasoficinas.com\/pt\/#website"},"primaryImageOfPage":{"@id":"https:\/\/jornaldasoficinas.com\/pt\/vamos-manter-o-legado-de-proximidade-lucia-tripa-gerente-da-nelson-tripa\/#primaryimage"},"image":{"@id":"https:\/\/jornaldasoficinas.com\/pt\/vamos-manter-o-legado-de-proximidade-lucia-tripa-gerente-da-nelson-tripa\/#primaryimage"},"thumbnailUrl":"https:\/\/jornaldasoficinas.com\/pt\/wp-content\/uploads\/2024\/05\/22Vamos-manter-o-legado-de-proximidade22-Lucia-Tripa-gerente-da-Nelson-Tripa-1.jpg","datePublished":"2024-06-09T20:30:34+00:00","dateModified":"2024-07-15T08:27:15+00:00","description":"H\u00e1 mais de 35 anos, surgiu a Nelson Tripa, Lda., uma empresa de refer\u00eancia especializada em climatiza\u00e7\u00e3o autom\u00f3vel","breadcrumb":{"@id":"https:\/\/jornaldasoficinas.com\/pt\/vamos-manter-o-legado-de-proximidade-lucia-tripa-gerente-da-nelson-tripa\/#breadcrumb"},"inLanguage":"pt-PT","potentialAction":[{"@type":"ReadAction","target":["https:\/\/jornaldasoficinas.com\/pt\/vamos-manter-o-legado-de-proximidade-lucia-tripa-gerente-da-nelson-tripa\/"]}]},{"@type":"ImageObject","inLanguage":"pt-PT","@id":"https:\/\/jornaldasoficinas.com\/pt\/vamos-manter-o-legado-de-proximidade-lucia-tripa-gerente-da-nelson-tripa\/#primaryimage","url":"https:\/\/jornaldasoficinas.com\/pt\/wp-content\/uploads\/2024\/05\/22Vamos-manter-o-legado-de-proximidade22-Lucia-Tripa-gerente-da-Nelson-Tripa-1.jpg","contentUrl":"https:\/\/jornaldasoficinas.com\/pt\/wp-content\/uploads\/2024\/05\/22Vamos-manter-o-legado-de-proximidade22-Lucia-Tripa-gerente-da-Nelson-Tripa-1.jpg","width":1024,"height":581,"caption":"05 - 22Vamos manter o legado de proximidade22 Lucia Tripa gerente da Nelson Tripa 1"},{"@type":"BreadcrumbList","@id":"https:\/\/jornaldasoficinas.com\/pt\/vamos-manter-o-legado-de-proximidade-lucia-tripa-gerente-da-nelson-tripa\/#breadcrumb","itemListElement":[{"@type":"ListItem","position":1,"name":"In\u00edcio","item":"https:\/\/jornaldasoficinas.com\/pt\/"},{"@type":"ListItem","position":2,"name":"&#8220;Vamos manter o legado de proximidade&#8221;, L\u00facia Tripa, gerente da Nelson Tripa"}]},{"@type":"WebSite","@id":"https:\/\/jornaldasoficinas.com\/pt\/#website","url":"https:\/\/jornaldasoficinas.com\/pt\/","name":"Jornal das Oficinas","description":"Jornal independente do Aftermarket Autom\u00f3vel em Portugal","publisher":{"@id":"https:\/\/jornaldasoficinas.com\/pt\/#organization"},"potentialAction":[{"@type":"SearchAction","target":{"@type":"EntryPoint","urlTemplate":"https:\/\/jornaldasoficinas.com\/pt\/?s={search_term_string}"},"query-input":{"@type":"PropertyValueSpecification","valueRequired":true,"valueName":"search_term_string"}}],"inLanguage":"pt-PT"},{"@type":"Organization","@id":"https:\/\/jornaldasoficinas.com\/pt\/#organization","name":"Jornal das Oficinas","url":"https:\/\/jornaldasoficinas.com\/pt\/","logo":{"@type":"ImageObject","inLanguage":"pt-PT","@id":"https:\/\/jornaldasoficinas.com\/pt\/#\/schema\/logo\/image\/","url":"https:\/\/jornaldasoficinas.com\/pt\/wp-content\/uploads\/logoJO-SEO.png","contentUrl":"https:\/\/jornaldasoficinas.com\/pt\/wp-content\/uploads\/logoJO-SEO.png","width":285,"height":450,"caption":"Jornal das Oficinas"},"image":{"@id":"https:\/\/jornaldasoficinas.com\/pt\/#\/schema\/logo\/image\/"},"sameAs":["https:\/\/www.facebook.com\/jornaloficinas","https:\/\/x.com\/jornaloficinas","https:\/\/www.instagram.com\/jornal_oficinas\/","https:\/\/www.linkedin.com\/company\/jornal-das-oficinas\/","https:\/\/www.youtube.com\/channel\/UCbQZBqtcvV-oSQrr7RzINGg"]},{"@type":"Person","@id":"https:\/\/jornaldasoficinas.com\/pt\/#\/schema\/person\/a3eeffae8f4797e838c07e16b686856c","name":"In\u00eas Dias","image":{"@type":"ImageObject","inLanguage":"pt-PT","@id":"https:\/\/secure.gravatar.com\/avatar\/3370efe0b24dced70605ea52147615a53aa3971cfd46973403f3896acc1b95db?s=96&d=wp_user_avatar&r=g","url":"https:\/\/secure.gravatar.com\/avatar\/3370efe0b24dced70605ea52147615a53aa3971cfd46973403f3896acc1b95db?s=96&d=wp_user_avatar&r=g","contentUrl":"https:\/\/secure.gravatar.com\/avatar\/3370efe0b24dced70605ea52147615a53aa3971cfd46973403f3896acc1b95db?s=96&d=wp_user_avatar&r=g","caption":"In\u00eas Dias"},"url":"https:\/\/jornaldasoficinas.com\/pt\/author\/inesdias\/"}]}},"_links":{"self":[{"href":"https:\/\/jornaldasoficinas.com\/pt\/wp-json\/wp\/v2\/posts\/86139","targetHints":{"allow":["GET"]}}],"collection":[{"href":"https:\/\/jornaldasoficinas.com\/pt\/wp-json\/wp\/v2\/posts"}],"about":[{"href":"https:\/\/jornaldasoficinas.com\/pt\/wp-json\/wp\/v2\/types\/post"}],"author":[{"embeddable":true,"href":"https:\/\/jornaldasoficinas.com\/pt\/wp-json\/wp\/v2\/users\/35"}],"replies":[{"embeddable":true,"href":"https:\/\/jornaldasoficinas.com\/pt\/wp-json\/wp\/v2\/comments?post=86139"}],"version-history":[{"count":0,"href":"https:\/\/jornaldasoficinas.com\/pt\/wp-json\/wp\/v2\/posts\/86139\/revisions"}],"wp:featuredmedia":[{"embeddable":true,"href":"https:\/\/jornaldasoficinas.com\/pt\/wp-json\/wp\/v2\/media\/86427"}],"wp:attachment":[{"href":"https:\/\/jornaldasoficinas.com\/pt\/wp-json\/wp\/v2\/media?parent=86139"}],"wp:term":[{"taxonomy":"category","embeddable":true,"href":"https:\/\/jornaldasoficinas.com\/pt\/wp-json\/wp\/v2\/categories?post=86139"},{"taxonomy":"post_tag","embeddable":true,"href":"https:\/\/jornaldasoficinas.com\/pt\/wp-json\/wp\/v2\/tags?post=86139"}],"curies":[{"name":"wp","href":"https:\/\/api.w.org\/{rel}","templated":true}]}}