{"id":86141,"date":"2024-06-09T21:00:58","date_gmt":"2024-06-09T20:00:58","guid":{"rendered":"https:\/\/jornaldasoficinas.com\/pt\/?p=86141"},"modified":"2024-06-14T11:51:43","modified_gmt":"2024-06-14T10:51:43","slug":"os-profissionais-preferem-o-equipamento-certificado-joao-silva-luzdeairbag","status":"publish","type":"post","link":"https:\/\/jornaldasoficinas.com\/pt\/os-profissionais-preferem-o-equipamento-certificado-joao-silva-luzdeairbag\/","title":{"rendered":"&#8220;Os profissionais preferem o equipamento certificado&#8221;, Jo\u00e3o Silva, LuzDeAirbag"},"content":{"rendered":"<p><img loading=\"lazy\" decoding=\"async\" class=\"alignnone size-full wp-image-86432\" src=\"https:\/\/jornaldasoficinas.com\/pt\/wp-content\/uploads\/2024\/05\/22Os-profissionais-preferem-o-equipamento-certificado22-Joao-Silva-LuzDeAirbag.jpg\" alt=\"05 - 22Os profissionais preferem o equipamento certificado22 Joao Silva LuzDeAirbag\" width=\"1024\" height=\"581\" srcset=\"https:\/\/jornaldasoficinas.com\/pt\/wp-content\/uploads\/2024\/05\/22Os-profissionais-preferem-o-equipamento-certificado22-Joao-Silva-LuzDeAirbag.jpg 1024w, https:\/\/jornaldasoficinas.com\/pt\/wp-content\/uploads\/2024\/05\/22Os-profissionais-preferem-o-equipamento-certificado22-Joao-Silva-LuzDeAirbag-300x170.jpg 300w, https:\/\/jornaldasoficinas.com\/pt\/wp-content\/uploads\/2024\/05\/22Os-profissionais-preferem-o-equipamento-certificado22-Joao-Silva-LuzDeAirbag-150x85.jpg 150w, https:\/\/jornaldasoficinas.com\/pt\/wp-content\/uploads\/2024\/05\/22Os-profissionais-preferem-o-equipamento-certificado22-Joao-Silva-LuzDeAirbag-768x436.jpg 768w\" sizes=\"auto, (max-width: 1024px) 100vw, 1024px\" \/><\/p>\n<p><strong><a href=\"https:\/\/www.autelportugal.pt\/\" target=\"_blank\" rel=\"noopener\">Autel<\/a> \u00e9 a marca bandeira da empresa leiriense <a href=\"https:\/\/luzdeairbag.com\/\" target=\"_blank\" rel=\"noopener\">LuzDeAirbag<\/a>, que se dedica \u00e0 comercializa\u00e7\u00e3o de equipamentos de diagn\u00f3stico. Fundada em 2017, a casa tem crescido em m\u00e9dia 30 a 40% a cada ano e Jo\u00e3o Silva, o CEO, deu-nos conta do percurso que tem sido trilhado pela empresa at\u00e9 aos dias de hoje, com v\u00e1rios projetos na calha<\/strong><\/p>\n<p>A hist\u00f3ria da LuzDeAirbag come\u00e7a precisamente com uma luz de airbag acesa no painel de instrumentos de um BMW E46, de um familiar de Jo\u00e3o Silva. \u201cEu sempre estive muito relacionado com a eletr\u00f3nica e a inform\u00e1tica e, na altura, tentei pesquisar uma solu\u00e7\u00e3o e encontrei-a. Depois, pensei que poderia tornar isto num neg\u00f3cio, porque, de certa forma j\u00e1 havia pessoas que andavam a vender isto online. Com o passar do tempo consegui aumentar o portef\u00f3lio, n\u00e3o s\u00f3 para o tal BMW do meu familiar, mas tamb\u00e9m para Mercedes, Audi e outras marcas\u201d, conta, revelando que, desde logo se deparou com um problema, \u201cao ligarmos estes dispositivos, era sempre necess\u00e1rio utilizar uma m\u00e1quina de diagn\u00f3stico para eliminar os erros. Comprei a primeira m\u00e1quina, para testar e tornou-se \u00abnuma bola de neve\u00bb e hoje em dia somos o que somos, muito tamb\u00e9m \u00e0 conta disso\u201d.<\/p>\n<p><strong>Autel Portugal<\/strong><br \/>\nA sede da LuzDeAirbag est\u00e1 situada na Estrada Nacional 113, ao KM6, e \u00e9 l\u00e1 que tem o servi\u00e7o de assist\u00eancia t\u00e9cnica e o armaz\u00e9m, que j\u00e1 come\u00e7a a ser pequeno para todo o stock, pelo que h\u00e1 o projeto de construir outro nas redondezas, para apoiar a log\u00edstica. \u201cTamb\u00e9m vai passar a ser o centro de repara\u00e7\u00f5es da Autel para Portugal, porque desde este ano que a marca decidiu que todas as repara\u00e7\u00f5es passam estar na m\u00e3o do importador de cada pa\u00eds, para garantir uma maior celeridade nos processos\u201d, explica-nos Jo\u00e3o Silva. O CEO esclarece que, apesar de a f\u00e1brica ser na China, grande parte do desenvolvimento \u00e9 feito nos v\u00e1rios pa\u00edses onde est\u00e3o as viaturas, em conjunto com o pessoal alocado \u00e0 assist\u00eancia t\u00e9cnica. Com a designa\u00e7\u00e3o de LuzDeAirbag Autel Premium Partner desde 2023, \u201cpass\u00e1mos a ser o importador e representante da marca para Portugal, ou seja, tudo o que diz respeito \u00e0s linhas da marca tem a ver connosco\u201d, afirma o respons\u00e1vel, n\u00e3o sem mencionar que continua a existir um mercado paralelo.<\/p>\n<p>\u201cH\u00e1 aquelas oficinas que adquirem equipamentos Autel que n\u00e3o s\u00e3o certificados para o mercado europeu\u2026 n\u00f3s estamos a tentar informar o mercado o melhor que podemos e, de facto, o mercado j\u00e1 come\u00e7a a estar consciencializado para essas quest\u00f5es, os profissionais preferem o equipamento certificado e isso nota-se nas vendas\u201d, revela.<\/p>\n<p>A empresa vende diretamente \u00e0s oficinas e, no caso das que t\u00eam parceiros, limitam-se a fazer \u201cum trabalho de consultadoria, para perceber quais as necessidades a n\u00edvel de diagn\u00f3stico, e \u00e9 isso que tamb\u00e9m nos faz crescer\u201d, assegura Jo\u00e3o Silva.<\/p>\n<p>A LuzDeAirbag tem um call center e sempre que algu\u00e9m tem uma d\u00favida pode v\u00ea-la esclarecida atrav\u00e9s deste servi\u00e7o: \u201cos colegas ligam remotamente via TeamViewer e conseguem fazer tudo em conjunto com o cliente. \u00c9 um apoio \u00e0 m\u00e1quina de diagn\u00f3stico e \u00e0 repara\u00e7\u00e3o do carro, porque muitas vezes n\u00e3o \u00e9 s\u00f3 ler o erro que nos aparece. \u00c9 necess\u00e1rio identificar e avaliar dados reais, comparar com situa\u00e7\u00f5es id\u00eanticas, e garantir que temos uma solu\u00e7\u00e3o para aquele cliente. Ali\u00e1s, acho que isto \u00e9 um dos nossos segredos, uma das nossas bandeiras\u201d, comenta, com satisfa\u00e7\u00e3o.<\/p>\n<p><strong>Solu\u00e7\u00e3o 360\u00b0<\/strong><br \/>\nJo\u00e3o Silva assegura que a LuzDeAirbag tem dispon\u00edvel uma solu\u00e7\u00e3o 360\u00b0, conhe\u00e7a aqui.<\/p>\n<p>Leia a entrevista completa na edi\u00e7\u00e3o impressa do Jornal das Oficinas de <a href=\"https:\/\/www.yumpu.com\/pt\/document\/read\/68682686\/jornal-das-oficinas-126\/80\" target=\"_blank\" rel=\"noopener\">Maio\/Junho<\/a>.<\/p>\n","protected":false},"excerpt":{"rendered":"<p>Autel \u00e9 a marca bandeira da&#8230;<\/p>\n","protected":false},"author":15,"featured_media":86432,"comment_status":"closed","ping_status":"closed","sticky":false,"template":"","format":"standard","meta":{"footnotes":""},"categories":[38],"tags":[1643,9460,9459,9458,9457,1642,395,9456],"class_list":["post-86141","post","type-post","status-publish","format-standard","has-post-thumbnail","hentry","category-entrevistas","tag-autel","tag-autel-premium-partner","tag-crescimento-30-a-40","tag-equipamentos-de-diagnostico","tag-joao-silva","tag-luzdeairbag","tag-redes-sociais","tag-solucao-360"],"yoast_head":"<!-- This site is optimized with the Yoast SEO plugin v27.5 - https:\/\/yoast.com\/product\/yoast-seo-wordpress\/ -->\n<title>&quot;Os profissionais preferem o equipamento certificado&quot;, Jo\u00e3o Silva, LuzDeAirbag - Jornal das Oficinas<\/title>\n<meta name=\"description\" content=\"Autel \u00e9 a marca bandeira da empresa leiriense LuzDeAirbag, que se dedica \u00e0 comercializa\u00e7\u00e3o de equipamentos de diagn\u00f3stico\" \/>\n<meta name=\"robots\" content=\"index, follow, max-snippet:-1, max-image-preview:large, max-video-preview:-1\" \/>\n<link rel=\"canonical\" href=\"https:\/\/jornaldasoficinas.com\/pt\/os-profissionais-preferem-o-equipamento-certificado-joao-silva-luzdeairbag\/\" \/>\n<meta property=\"og:locale\" content=\"pt_PT\" \/>\n<meta property=\"og:type\" content=\"article\" \/>\n<meta property=\"og:title\" content=\"&quot;Os profissionais preferem o equipamento certificado&quot;, Jo\u00e3o Silva, LuzDeAirbag - Jornal das Oficinas\" \/>\n<meta property=\"og:description\" content=\"Autel \u00e9 a marca bandeira da empresa leiriense LuzDeAirbag, que se dedica \u00e0 comercializa\u00e7\u00e3o de equipamentos de diagn\u00f3stico\" \/>\n<meta property=\"og:url\" content=\"https:\/\/jornaldasoficinas.com\/pt\/os-profissionais-preferem-o-equipamento-certificado-joao-silva-luzdeairbag\/\" \/>\n<meta property=\"og:site_name\" content=\"Jornal das Oficinas\" \/>\n<meta property=\"article:publisher\" content=\"https:\/\/www.facebook.com\/jornaloficinas\" \/>\n<meta property=\"article:published_time\" content=\"2024-06-09T20:00:58+00:00\" \/>\n<meta property=\"article:modified_time\" content=\"2024-06-14T10:51:43+00:00\" \/>\n<meta property=\"og:image\" content=\"https:\/\/jornaldasoficinas.com\/pt\/wp-content\/uploads\/2024\/05\/22Os-profissionais-preferem-o-equipamento-certificado22-Joao-Silva-LuzDeAirbag.jpg\" \/>\n\t<meta property=\"og:image:width\" content=\"1024\" \/>\n\t<meta property=\"og:image:height\" content=\"581\" \/>\n\t<meta property=\"og:image:type\" content=\"image\/jpeg\" \/>\n<meta name=\"author\" content=\"Reda\u00e7\u00e3o JO\" \/>\n<meta name=\"twitter:card\" content=\"summary_large_image\" \/>\n<meta name=\"twitter:creator\" content=\"@jornaloficinas\" \/>\n<meta name=\"twitter:site\" content=\"@jornaloficinas\" \/>\n<meta name=\"twitter:label1\" content=\"Escrito por\" \/>\n\t<meta name=\"twitter:data1\" content=\"Reda\u00e7\u00e3o JO\" \/>\n\t<meta name=\"twitter:label2\" content=\"Tempo estimado de leitura\" \/>\n\t<meta name=\"twitter:data2\" content=\"4 minutos\" \/>\n<script type=\"application\/ld+json\" class=\"yoast-schema-graph\">{\"@context\":\"https:\\\/\\\/schema.org\",\"@graph\":[{\"@type\":\"Article\",\"@id\":\"https:\\\/\\\/jornaldasoficinas.com\\\/pt\\\/os-profissionais-preferem-o-equipamento-certificado-joao-silva-luzdeairbag\\\/#article\",\"isPartOf\":{\"@id\":\"https:\\\/\\\/jornaldasoficinas.com\\\/pt\\\/os-profissionais-preferem-o-equipamento-certificado-joao-silva-luzdeairbag\\\/\"},\"author\":{\"name\":\"Reda\u00e7\u00e3o JO\",\"@id\":\"https:\\\/\\\/jornaldasoficinas.com\\\/pt\\\/#\\\/schema\\\/person\\\/a38eef5de2c41d9e7c9ac10141afddf3\"},\"headline\":\"&#8220;Os profissionais preferem o equipamento certificado&#8221;, Jo\u00e3o Silva, LuzDeAirbag\",\"datePublished\":\"2024-06-09T20:00:58+00:00\",\"dateModified\":\"2024-06-14T10:51:43+00:00\",\"mainEntityOfPage\":{\"@id\":\"https:\\\/\\\/jornaldasoficinas.com\\\/pt\\\/os-profissionais-preferem-o-equipamento-certificado-joao-silva-luzdeairbag\\\/\"},\"wordCount\":656,\"publisher\":{\"@id\":\"https:\\\/\\\/jornaldasoficinas.com\\\/pt\\\/#organization\"},\"image\":{\"@id\":\"https:\\\/\\\/jornaldasoficinas.com\\\/pt\\\/os-profissionais-preferem-o-equipamento-certificado-joao-silva-luzdeairbag\\\/#primaryimage\"},\"thumbnailUrl\":\"https:\\\/\\\/jornaldasoficinas.com\\\/pt\\\/wp-content\\\/uploads\\\/2024\\\/05\\\/22Os-profissionais-preferem-o-equipamento-certificado22-Joao-Silva-LuzDeAirbag.jpg\",\"keywords\":[\"Autel\",\"Autel Premium Partner\",\"crescimento 30 a 40%\",\"equipamentos de diagn\u00f3stico\",\"Jo\u00e3o Silva\",\"LuzDeAirbag\",\"Redes sociais\",\"Solu\u00e7\u00e3o 360\u00b0\"],\"articleSection\":[\"Entrevistas\"],\"inLanguage\":\"pt-PT\"},{\"@type\":\"WebPage\",\"@id\":\"https:\\\/\\\/jornaldasoficinas.com\\\/pt\\\/os-profissionais-preferem-o-equipamento-certificado-joao-silva-luzdeairbag\\\/\",\"url\":\"https:\\\/\\\/jornaldasoficinas.com\\\/pt\\\/os-profissionais-preferem-o-equipamento-certificado-joao-silva-luzdeairbag\\\/\",\"name\":\"\\\"Os profissionais preferem o equipamento certificado\\\", Jo\u00e3o Silva, LuzDeAirbag - Jornal das Oficinas\",\"isPartOf\":{\"@id\":\"https:\\\/\\\/jornaldasoficinas.com\\\/pt\\\/#website\"},\"primaryImageOfPage\":{\"@id\":\"https:\\\/\\\/jornaldasoficinas.com\\\/pt\\\/os-profissionais-preferem-o-equipamento-certificado-joao-silva-luzdeairbag\\\/#primaryimage\"},\"image\":{\"@id\":\"https:\\\/\\\/jornaldasoficinas.com\\\/pt\\\/os-profissionais-preferem-o-equipamento-certificado-joao-silva-luzdeairbag\\\/#primaryimage\"},\"thumbnailUrl\":\"https:\\\/\\\/jornaldasoficinas.com\\\/pt\\\/wp-content\\\/uploads\\\/2024\\\/05\\\/22Os-profissionais-preferem-o-equipamento-certificado22-Joao-Silva-LuzDeAirbag.jpg\",\"datePublished\":\"2024-06-09T20:00:58+00:00\",\"dateModified\":\"2024-06-14T10:51:43+00:00\",\"description\":\"Autel \u00e9 a marca bandeira da empresa leiriense LuzDeAirbag, que se dedica \u00e0 comercializa\u00e7\u00e3o de equipamentos de diagn\u00f3stico\",\"breadcrumb\":{\"@id\":\"https:\\\/\\\/jornaldasoficinas.com\\\/pt\\\/os-profissionais-preferem-o-equipamento-certificado-joao-silva-luzdeairbag\\\/#breadcrumb\"},\"inLanguage\":\"pt-PT\",\"potentialAction\":[{\"@type\":\"ReadAction\",\"target\":[\"https:\\\/\\\/jornaldasoficinas.com\\\/pt\\\/os-profissionais-preferem-o-equipamento-certificado-joao-silva-luzdeairbag\\\/\"]}]},{\"@type\":\"ImageObject\",\"inLanguage\":\"pt-PT\",\"@id\":\"https:\\\/\\\/jornaldasoficinas.com\\\/pt\\\/os-profissionais-preferem-o-equipamento-certificado-joao-silva-luzdeairbag\\\/#primaryimage\",\"url\":\"https:\\\/\\\/jornaldasoficinas.com\\\/pt\\\/wp-content\\\/uploads\\\/2024\\\/05\\\/22Os-profissionais-preferem-o-equipamento-certificado22-Joao-Silva-LuzDeAirbag.jpg\",\"contentUrl\":\"https:\\\/\\\/jornaldasoficinas.com\\\/pt\\\/wp-content\\\/uploads\\\/2024\\\/05\\\/22Os-profissionais-preferem-o-equipamento-certificado22-Joao-Silva-LuzDeAirbag.jpg\",\"width\":1024,\"height\":581,\"caption\":\"05 - 22Os profissionais preferem o equipamento certificado22 Joao Silva LuzDeAirbag\"},{\"@type\":\"BreadcrumbList\",\"@id\":\"https:\\\/\\\/jornaldasoficinas.com\\\/pt\\\/os-profissionais-preferem-o-equipamento-certificado-joao-silva-luzdeairbag\\\/#breadcrumb\",\"itemListElement\":[{\"@type\":\"ListItem\",\"position\":1,\"name\":\"In\u00edcio\",\"item\":\"https:\\\/\\\/jornaldasoficinas.com\\\/pt\\\/\"},{\"@type\":\"ListItem\",\"position\":2,\"name\":\"&#8220;Os profissionais preferem o equipamento certificado&#8221;, Jo\u00e3o Silva, LuzDeAirbag\"}]},{\"@type\":\"WebSite\",\"@id\":\"https:\\\/\\\/jornaldasoficinas.com\\\/pt\\\/#website\",\"url\":\"https:\\\/\\\/jornaldasoficinas.com\\\/pt\\\/\",\"name\":\"Jornal das Oficinas\",\"description\":\"Jornal independente do Aftermarket Autom\u00f3vel em Portugal\",\"publisher\":{\"@id\":\"https:\\\/\\\/jornaldasoficinas.com\\\/pt\\\/#organization\"},\"potentialAction\":[{\"@type\":\"SearchAction\",\"target\":{\"@type\":\"EntryPoint\",\"urlTemplate\":\"https:\\\/\\\/jornaldasoficinas.com\\\/pt\\\/?s={search_term_string}\"},\"query-input\":{\"@type\":\"PropertyValueSpecification\",\"valueRequired\":true,\"valueName\":\"search_term_string\"}}],\"inLanguage\":\"pt-PT\"},{\"@type\":\"Organization\",\"@id\":\"https:\\\/\\\/jornaldasoficinas.com\\\/pt\\\/#organization\",\"name\":\"Jornal das Oficinas\",\"url\":\"https:\\\/\\\/jornaldasoficinas.com\\\/pt\\\/\",\"logo\":{\"@type\":\"ImageObject\",\"inLanguage\":\"pt-PT\",\"@id\":\"https:\\\/\\\/jornaldasoficinas.com\\\/pt\\\/#\\\/schema\\\/logo\\\/image\\\/\",\"url\":\"https:\\\/\\\/jornaldasoficinas.com\\\/pt\\\/wp-content\\\/uploads\\\/logoJO-SEO.png\",\"contentUrl\":\"https:\\\/\\\/jornaldasoficinas.com\\\/pt\\\/wp-content\\\/uploads\\\/logoJO-SEO.png\",\"width\":285,\"height\":450,\"caption\":\"Jornal das Oficinas\"},\"image\":{\"@id\":\"https:\\\/\\\/jornaldasoficinas.com\\\/pt\\\/#\\\/schema\\\/logo\\\/image\\\/\"},\"sameAs\":[\"https:\\\/\\\/www.facebook.com\\\/jornaloficinas\",\"https:\\\/\\\/x.com\\\/jornaloficinas\",\"https:\\\/\\\/www.instagram.com\\\/jornal_oficinas\\\/\",\"https:\\\/\\\/www.linkedin.com\\\/company\\\/jornal-das-oficinas\\\/\",\"https:\\\/\\\/www.youtube.com\\\/channel\\\/UCbQZBqtcvV-oSQrr7RzINGg\"]},{\"@type\":\"Person\",\"@id\":\"https:\\\/\\\/jornaldasoficinas.com\\\/pt\\\/#\\\/schema\\\/person\\\/a38eef5de2c41d9e7c9ac10141afddf3\",\"name\":\"Reda\u00e7\u00e3o JO\",\"image\":{\"@type\":\"ImageObject\",\"inLanguage\":\"pt-PT\",\"@id\":\"https:\\\/\\\/secure.gravatar.com\\\/avatar\\\/71f2fa71737ad68a84fea94bc708ddac8ea5b0c4788dc2ad202f3ccb2887742f?s=96&d=wp_user_avatar&r=g\",\"url\":\"https:\\\/\\\/secure.gravatar.com\\\/avatar\\\/71f2fa71737ad68a84fea94bc708ddac8ea5b0c4788dc2ad202f3ccb2887742f?s=96&d=wp_user_avatar&r=g\",\"contentUrl\":\"https:\\\/\\\/secure.gravatar.com\\\/avatar\\\/71f2fa71737ad68a84fea94bc708ddac8ea5b0c4788dc2ad202f3ccb2887742f?s=96&d=wp_user_avatar&r=g\",\"caption\":\"Reda\u00e7\u00e3o JO\"},\"url\":\"https:\\\/\\\/jornaldasoficinas.com\\\/pt\\\/author\\\/joredacao\\\/\"}]}<\/script>\n<!-- \/ Yoast SEO plugin. -->","yoast_head_json":{"title":"\"Os profissionais preferem o equipamento certificado\", Jo\u00e3o Silva, LuzDeAirbag - Jornal das Oficinas","description":"Autel \u00e9 a marca bandeira da empresa leiriense LuzDeAirbag, que se dedica \u00e0 comercializa\u00e7\u00e3o de equipamentos de diagn\u00f3stico","robots":{"index":"index","follow":"follow","max-snippet":"max-snippet:-1","max-image-preview":"max-image-preview:large","max-video-preview":"max-video-preview:-1"},"canonical":"https:\/\/jornaldasoficinas.com\/pt\/os-profissionais-preferem-o-equipamento-certificado-joao-silva-luzdeairbag\/","og_locale":"pt_PT","og_type":"article","og_title":"\"Os profissionais preferem o equipamento certificado\", Jo\u00e3o Silva, LuzDeAirbag - Jornal das Oficinas","og_description":"Autel \u00e9 a marca bandeira da empresa leiriense LuzDeAirbag, que se dedica \u00e0 comercializa\u00e7\u00e3o de equipamentos de diagn\u00f3stico","og_url":"https:\/\/jornaldasoficinas.com\/pt\/os-profissionais-preferem-o-equipamento-certificado-joao-silva-luzdeairbag\/","og_site_name":"Jornal das Oficinas","article_publisher":"https:\/\/www.facebook.com\/jornaloficinas","article_published_time":"2024-06-09T20:00:58+00:00","article_modified_time":"2024-06-14T10:51:43+00:00","og_image":[{"width":1024,"height":581,"url":"https:\/\/jornaldasoficinas.com\/pt\/wp-content\/uploads\/2024\/05\/22Os-profissionais-preferem-o-equipamento-certificado22-Joao-Silva-LuzDeAirbag.jpg","type":"image\/jpeg"}],"author":"Reda\u00e7\u00e3o JO","twitter_card":"summary_large_image","twitter_creator":"@jornaloficinas","twitter_site":"@jornaloficinas","twitter_misc":{"Escrito por":"Reda\u00e7\u00e3o JO","Tempo estimado de leitura":"4 minutos"},"schema":{"@context":"https:\/\/schema.org","@graph":[{"@type":"Article","@id":"https:\/\/jornaldasoficinas.com\/pt\/os-profissionais-preferem-o-equipamento-certificado-joao-silva-luzdeairbag\/#article","isPartOf":{"@id":"https:\/\/jornaldasoficinas.com\/pt\/os-profissionais-preferem-o-equipamento-certificado-joao-silva-luzdeairbag\/"},"author":{"name":"Reda\u00e7\u00e3o JO","@id":"https:\/\/jornaldasoficinas.com\/pt\/#\/schema\/person\/a38eef5de2c41d9e7c9ac10141afddf3"},"headline":"&#8220;Os profissionais preferem o equipamento certificado&#8221;, Jo\u00e3o Silva, LuzDeAirbag","datePublished":"2024-06-09T20:00:58+00:00","dateModified":"2024-06-14T10:51:43+00:00","mainEntityOfPage":{"@id":"https:\/\/jornaldasoficinas.com\/pt\/os-profissionais-preferem-o-equipamento-certificado-joao-silva-luzdeairbag\/"},"wordCount":656,"publisher":{"@id":"https:\/\/jornaldasoficinas.com\/pt\/#organization"},"image":{"@id":"https:\/\/jornaldasoficinas.com\/pt\/os-profissionais-preferem-o-equipamento-certificado-joao-silva-luzdeairbag\/#primaryimage"},"thumbnailUrl":"https:\/\/jornaldasoficinas.com\/pt\/wp-content\/uploads\/2024\/05\/22Os-profissionais-preferem-o-equipamento-certificado22-Joao-Silva-LuzDeAirbag.jpg","keywords":["Autel","Autel Premium Partner","crescimento 30 a 40%","equipamentos de diagn\u00f3stico","Jo\u00e3o Silva","LuzDeAirbag","Redes sociais","Solu\u00e7\u00e3o 360\u00b0"],"articleSection":["Entrevistas"],"inLanguage":"pt-PT"},{"@type":"WebPage","@id":"https:\/\/jornaldasoficinas.com\/pt\/os-profissionais-preferem-o-equipamento-certificado-joao-silva-luzdeairbag\/","url":"https:\/\/jornaldasoficinas.com\/pt\/os-profissionais-preferem-o-equipamento-certificado-joao-silva-luzdeairbag\/","name":"\"Os profissionais preferem o equipamento certificado\", Jo\u00e3o Silva, LuzDeAirbag - Jornal das Oficinas","isPartOf":{"@id":"https:\/\/jornaldasoficinas.com\/pt\/#website"},"primaryImageOfPage":{"@id":"https:\/\/jornaldasoficinas.com\/pt\/os-profissionais-preferem-o-equipamento-certificado-joao-silva-luzdeairbag\/#primaryimage"},"image":{"@id":"https:\/\/jornaldasoficinas.com\/pt\/os-profissionais-preferem-o-equipamento-certificado-joao-silva-luzdeairbag\/#primaryimage"},"thumbnailUrl":"https:\/\/jornaldasoficinas.com\/pt\/wp-content\/uploads\/2024\/05\/22Os-profissionais-preferem-o-equipamento-certificado22-Joao-Silva-LuzDeAirbag.jpg","datePublished":"2024-06-09T20:00:58+00:00","dateModified":"2024-06-14T10:51:43+00:00","description":"Autel \u00e9 a marca bandeira da empresa leiriense LuzDeAirbag, que se dedica \u00e0 comercializa\u00e7\u00e3o de equipamentos de diagn\u00f3stico","breadcrumb":{"@id":"https:\/\/jornaldasoficinas.com\/pt\/os-profissionais-preferem-o-equipamento-certificado-joao-silva-luzdeairbag\/#breadcrumb"},"inLanguage":"pt-PT","potentialAction":[{"@type":"ReadAction","target":["https:\/\/jornaldasoficinas.com\/pt\/os-profissionais-preferem-o-equipamento-certificado-joao-silva-luzdeairbag\/"]}]},{"@type":"ImageObject","inLanguage":"pt-PT","@id":"https:\/\/jornaldasoficinas.com\/pt\/os-profissionais-preferem-o-equipamento-certificado-joao-silva-luzdeairbag\/#primaryimage","url":"https:\/\/jornaldasoficinas.com\/pt\/wp-content\/uploads\/2024\/05\/22Os-profissionais-preferem-o-equipamento-certificado22-Joao-Silva-LuzDeAirbag.jpg","contentUrl":"https:\/\/jornaldasoficinas.com\/pt\/wp-content\/uploads\/2024\/05\/22Os-profissionais-preferem-o-equipamento-certificado22-Joao-Silva-LuzDeAirbag.jpg","width":1024,"height":581,"caption":"05 - 22Os profissionais preferem o equipamento certificado22 Joao Silva LuzDeAirbag"},{"@type":"BreadcrumbList","@id":"https:\/\/jornaldasoficinas.com\/pt\/os-profissionais-preferem-o-equipamento-certificado-joao-silva-luzdeairbag\/#breadcrumb","itemListElement":[{"@type":"ListItem","position":1,"name":"In\u00edcio","item":"https:\/\/jornaldasoficinas.com\/pt\/"},{"@type":"ListItem","position":2,"name":"&#8220;Os profissionais preferem o equipamento certificado&#8221;, Jo\u00e3o Silva, LuzDeAirbag"}]},{"@type":"WebSite","@id":"https:\/\/jornaldasoficinas.com\/pt\/#website","url":"https:\/\/jornaldasoficinas.com\/pt\/","name":"Jornal das Oficinas","description":"Jornal independente do Aftermarket Autom\u00f3vel em Portugal","publisher":{"@id":"https:\/\/jornaldasoficinas.com\/pt\/#organization"},"potentialAction":[{"@type":"SearchAction","target":{"@type":"EntryPoint","urlTemplate":"https:\/\/jornaldasoficinas.com\/pt\/?s={search_term_string}"},"query-input":{"@type":"PropertyValueSpecification","valueRequired":true,"valueName":"search_term_string"}}],"inLanguage":"pt-PT"},{"@type":"Organization","@id":"https:\/\/jornaldasoficinas.com\/pt\/#organization","name":"Jornal das Oficinas","url":"https:\/\/jornaldasoficinas.com\/pt\/","logo":{"@type":"ImageObject","inLanguage":"pt-PT","@id":"https:\/\/jornaldasoficinas.com\/pt\/#\/schema\/logo\/image\/","url":"https:\/\/jornaldasoficinas.com\/pt\/wp-content\/uploads\/logoJO-SEO.png","contentUrl":"https:\/\/jornaldasoficinas.com\/pt\/wp-content\/uploads\/logoJO-SEO.png","width":285,"height":450,"caption":"Jornal das Oficinas"},"image":{"@id":"https:\/\/jornaldasoficinas.com\/pt\/#\/schema\/logo\/image\/"},"sameAs":["https:\/\/www.facebook.com\/jornaloficinas","https:\/\/x.com\/jornaloficinas","https:\/\/www.instagram.com\/jornal_oficinas\/","https:\/\/www.linkedin.com\/company\/jornal-das-oficinas\/","https:\/\/www.youtube.com\/channel\/UCbQZBqtcvV-oSQrr7RzINGg"]},{"@type":"Person","@id":"https:\/\/jornaldasoficinas.com\/pt\/#\/schema\/person\/a38eef5de2c41d9e7c9ac10141afddf3","name":"Reda\u00e7\u00e3o JO","image":{"@type":"ImageObject","inLanguage":"pt-PT","@id":"https:\/\/secure.gravatar.com\/avatar\/71f2fa71737ad68a84fea94bc708ddac8ea5b0c4788dc2ad202f3ccb2887742f?s=96&d=wp_user_avatar&r=g","url":"https:\/\/secure.gravatar.com\/avatar\/71f2fa71737ad68a84fea94bc708ddac8ea5b0c4788dc2ad202f3ccb2887742f?s=96&d=wp_user_avatar&r=g","contentUrl":"https:\/\/secure.gravatar.com\/avatar\/71f2fa71737ad68a84fea94bc708ddac8ea5b0c4788dc2ad202f3ccb2887742f?s=96&d=wp_user_avatar&r=g","caption":"Reda\u00e7\u00e3o JO"},"url":"https:\/\/jornaldasoficinas.com\/pt\/author\/joredacao\/"}]}},"_links":{"self":[{"href":"https:\/\/jornaldasoficinas.com\/pt\/wp-json\/wp\/v2\/posts\/86141","targetHints":{"allow":["GET"]}}],"collection":[{"href":"https:\/\/jornaldasoficinas.com\/pt\/wp-json\/wp\/v2\/posts"}],"about":[{"href":"https:\/\/jornaldasoficinas.com\/pt\/wp-json\/wp\/v2\/types\/post"}],"author":[{"embeddable":true,"href":"https:\/\/jornaldasoficinas.com\/pt\/wp-json\/wp\/v2\/users\/15"}],"replies":[{"embeddable":true,"href":"https:\/\/jornaldasoficinas.com\/pt\/wp-json\/wp\/v2\/comments?post=86141"}],"version-history":[{"count":0,"href":"https:\/\/jornaldasoficinas.com\/pt\/wp-json\/wp\/v2\/posts\/86141\/revisions"}],"wp:featuredmedia":[{"embeddable":true,"href":"https:\/\/jornaldasoficinas.com\/pt\/wp-json\/wp\/v2\/media\/86432"}],"wp:attachment":[{"href":"https:\/\/jornaldasoficinas.com\/pt\/wp-json\/wp\/v2\/media?parent=86141"}],"wp:term":[{"taxonomy":"category","embeddable":true,"href":"https:\/\/jornaldasoficinas.com\/pt\/wp-json\/wp\/v2\/categories?post=86141"},{"taxonomy":"post_tag","embeddable":true,"href":"https:\/\/jornaldasoficinas.com\/pt\/wp-json\/wp\/v2\/tags?post=86141"}],"curies":[{"name":"wp","href":"https:\/\/api.w.org\/{rel}","templated":true}]}}