{"id":86282,"date":"2024-06-14T14:00:09","date_gmt":"2024-06-14T13:00:09","guid":{"rendered":"https:\/\/jornaldasoficinas.com\/pt\/?p=86282"},"modified":"2024-06-14T09:04:30","modified_gmt":"2024-06-14T08:04:30","slug":"guerin-lanca-campanha-com-os-alugueres-mais-rapidos-do-verao","status":"publish","type":"post","link":"https:\/\/jornaldasoficinas.com\/pt\/guerin-lanca-campanha-com-os-alugueres-mais-rapidos-do-verao\/","title":{"rendered":"Guerin lan\u00e7a campanha com os alugueres mais r\u00e1pidos do ver\u00e3o"},"content":{"rendered":"<p><strong><img loading=\"lazy\" decoding=\"async\" class=\"alignnone size-full wp-image-86296\" src=\"https:\/\/jornaldasoficinas.com\/pt\/wp-content\/uploads\/2024\/05\/Guerin-lanca-campanha-com-os-alugueres-mais-rapidos-do-verao.jpg\" alt=\"05 - Guerin lanca campanha com os alugueres mais rapidos do verao\" width=\"1024\" height=\"581\" srcset=\"https:\/\/jornaldasoficinas.com\/pt\/wp-content\/uploads\/2024\/05\/Guerin-lanca-campanha-com-os-alugueres-mais-rapidos-do-verao.jpg 1024w, https:\/\/jornaldasoficinas.com\/pt\/wp-content\/uploads\/2024\/05\/Guerin-lanca-campanha-com-os-alugueres-mais-rapidos-do-verao-300x170.jpg 300w, https:\/\/jornaldasoficinas.com\/pt\/wp-content\/uploads\/2024\/05\/Guerin-lanca-campanha-com-os-alugueres-mais-rapidos-do-verao-150x85.jpg 150w, https:\/\/jornaldasoficinas.com\/pt\/wp-content\/uploads\/2024\/05\/Guerin-lanca-campanha-com-os-alugueres-mais-rapidos-do-verao-768x436.jpg 768w\" sizes=\"auto, (max-width: 1024px) 100vw, 1024px\" \/><\/strong><\/p>\n<p><strong>Sob o mote &#8220;Conte 9 minutos para arrancar para as f\u00e9rias&#8221;, a <a href=\"https:\/\/www.guerin.pt\/pt\/\" target=\"_blank\" rel=\"noopener\">Guerin<\/a> desafia os clientes a testarem o seu servi\u00e7o de aluguer de ve\u00edculos digital em apenas 9 minutos<\/strong><\/p>\n<p>A Guerin lan\u00e7ou uma nova campanha publicit\u00e1ria de ver\u00e3o, sob o mote &#8220;Conte 9 minutos para arrancar para as f\u00e9rias&#8221;, que desafia os clientes a testarem o avan\u00e7ado servi\u00e7o inteiramente digital de aluguer de ve\u00edculos da empresa de rent-a-car.<\/p>\n<p>Mais r\u00e1pido, mais eficiente e mais sustent\u00e1vel, o servi\u00e7o digital da Guerin &#8220;promete um processo simples de apenas 9 minutos desde a chegada a uma esta\u00e7\u00e3o Guerin, at\u00e9 ao levantamento do ve\u00edculo&#8221;, pode ler-se no comunicado.<\/p>\n<p>A nova campanha da Guerin inclui ainda a oferta de 15% de desconto direto para reservas no website at\u00e9 dia 31 de julho (com levantamento at\u00e9 30 de setembro) e mais 5% de desconto extra para alugueres de dois ou mais dias, nas mesmas datas.<\/p>\n<p>A campanha digital baseia-se numa &#8220;promessa arrojada&#8221;, sustentada na crescente aposta da marca na inova\u00e7\u00e3o digital e na consequente implementa\u00e7\u00e3o de mais de 40 KIOSK\u2019s que reduzem drasticamente os tempos de espera e as filas, principalmente nos aeroportos.<\/p>\n<p>&#8220;O tempo dos nossos clientes \u00e9 deles e n\u00e3o nosso&#8221;, afirmou Delfina Ac\u00e1cio, diretora geral da Guerin.<\/p>\n<p>&#8220;Com a Guerin, o processo \u00e9 r\u00e1pido e f\u00e1cil, permitindo que os nossos clientes aproveitem melhor o seu tempo de f\u00e9rias&#8221;, acrescentou.<\/p>\n<p>&#8220;A Guerin foi pioneira no mercado portugu\u00eas com um processo de aluguer 100% digital, acess\u00edvel e sem custos adicionais para os clientes e segue empenhada em continuar a liderar o mercado nacional com solu\u00e7\u00f5es de mobilidade inovadoras, estando a preparar um futuro integralmente digital e online, onde os clientes poder\u00e3o aceder \u00e0s suas viaturas, reserv\u00e1-las e devolv\u00ea-las num circuito 100% digital atrav\u00e9s dos seus dispositivos m\u00f3veis, 24 horas por dia, 7 dias por semana&#8221;, explicou a empresa em comunicado.<\/p>\n<p>&#8220;Com uma ampla gama de viaturas, desde modelos convencionais a autom\u00e1ticos e h\u00edbridos, a Guerin atende tanto a necessidades de lazer quanto empresariais, garantindo um servi\u00e7o de excel\u00eancia em todo o territ\u00f3rio nacional&#8221;, concluiu.<\/p>\n<p>&nbsp;<\/p>\n","protected":false},"excerpt":{"rendered":"<p>Sob o mote &#8220;Conte 9 minutos&#8230;<\/p>\n","protected":false},"author":15,"featured_media":86296,"comment_status":"closed","ping_status":"closed","sticky":false,"template":"","format":"standard","meta":{"footnotes":""},"categories":[29],"tags":[9485,9484,9487,1992,9486],"class_list":["post-86282","post","type-post","status-publish","format-standard","has-post-thumbnail","hentry","category-empresas","tag-aluguer-de-carros","tag-campanha-de-verao","tag-em-apenas-9-minutos","tag-guerin","tag-servico-digital"],"yoast_head":"<!-- This site is optimized with the Yoast SEO plugin v27.5 - https:\/\/yoast.com\/product\/yoast-seo-wordpress\/ -->\n<title>Guerin lan\u00e7a campanha com os alugueres mais r\u00e1pidos do ver\u00e3o - Jornal das Oficinas<\/title>\n<meta name=\"description\" content=\"A nova campanha publicit\u00e1ria da Guerin desafia os clientes a testarem o seu servi\u00e7o de aluguer de ve\u00edculos digital em apenas 9 minutos\" \/>\n<meta name=\"robots\" content=\"index, follow, max-snippet:-1, max-image-preview:large, max-video-preview:-1\" \/>\n<link rel=\"canonical\" href=\"https:\/\/jornaldasoficinas.com\/pt\/guerin-lanca-campanha-com-os-alugueres-mais-rapidos-do-verao\/\" \/>\n<meta property=\"og:locale\" content=\"pt_PT\" \/>\n<meta property=\"og:type\" content=\"article\" \/>\n<meta property=\"og:title\" content=\"Guerin lan\u00e7a campanha com os alugueres mais r\u00e1pidos do ver\u00e3o - Jornal das Oficinas\" \/>\n<meta property=\"og:description\" content=\"A nova campanha publicit\u00e1ria da Guerin desafia os clientes a testarem o seu servi\u00e7o de aluguer de ve\u00edculos digital em apenas 9 minutos\" \/>\n<meta property=\"og:url\" content=\"https:\/\/jornaldasoficinas.com\/pt\/guerin-lanca-campanha-com-os-alugueres-mais-rapidos-do-verao\/\" \/>\n<meta property=\"og:site_name\" content=\"Jornal das Oficinas\" \/>\n<meta property=\"article:publisher\" content=\"https:\/\/www.facebook.com\/jornaloficinas\" \/>\n<meta property=\"article:published_time\" content=\"2024-06-14T13:00:09+00:00\" \/>\n<meta property=\"og:image\" content=\"https:\/\/jornaldasoficinas.com\/pt\/wp-content\/uploads\/2024\/05\/Guerin-lanca-campanha-com-os-alugueres-mais-rapidos-do-verao.jpg\" \/>\n\t<meta property=\"og:image:width\" content=\"1024\" \/>\n\t<meta property=\"og:image:height\" content=\"581\" \/>\n\t<meta property=\"og:image:type\" content=\"image\/jpeg\" \/>\n<meta name=\"author\" content=\"Reda\u00e7\u00e3o JO\" \/>\n<meta name=\"twitter:card\" content=\"summary_large_image\" \/>\n<meta name=\"twitter:creator\" content=\"@jornaloficinas\" \/>\n<meta name=\"twitter:site\" content=\"@jornaloficinas\" \/>\n<meta name=\"twitter:label1\" content=\"Escrito por\" \/>\n\t<meta name=\"twitter:data1\" content=\"Reda\u00e7\u00e3o JO\" \/>\n\t<meta name=\"twitter:label2\" content=\"Tempo estimado de leitura\" \/>\n\t<meta name=\"twitter:data2\" content=\"3 minutos\" \/>\n<script type=\"application\/ld+json\" class=\"yoast-schema-graph\">{\"@context\":\"https:\\\/\\\/schema.org\",\"@graph\":[{\"@type\":\"Article\",\"@id\":\"https:\\\/\\\/jornaldasoficinas.com\\\/pt\\\/guerin-lanca-campanha-com-os-alugueres-mais-rapidos-do-verao\\\/#article\",\"isPartOf\":{\"@id\":\"https:\\\/\\\/jornaldasoficinas.com\\\/pt\\\/guerin-lanca-campanha-com-os-alugueres-mais-rapidos-do-verao\\\/\"},\"author\":{\"name\":\"Reda\u00e7\u00e3o JO\",\"@id\":\"https:\\\/\\\/jornaldasoficinas.com\\\/pt\\\/#\\\/schema\\\/person\\\/a38eef5de2c41d9e7c9ac10141afddf3\"},\"headline\":\"Guerin lan\u00e7a campanha com os alugueres mais r\u00e1pidos do ver\u00e3o\",\"datePublished\":\"2024-06-14T13:00:09+00:00\",\"mainEntityOfPage\":{\"@id\":\"https:\\\/\\\/jornaldasoficinas.com\\\/pt\\\/guerin-lanca-campanha-com-os-alugueres-mais-rapidos-do-verao\\\/\"},\"wordCount\":375,\"publisher\":{\"@id\":\"https:\\\/\\\/jornaldasoficinas.com\\\/pt\\\/#organization\"},\"image\":{\"@id\":\"https:\\\/\\\/jornaldasoficinas.com\\\/pt\\\/guerin-lanca-campanha-com-os-alugueres-mais-rapidos-do-verao\\\/#primaryimage\"},\"thumbnailUrl\":\"https:\\\/\\\/jornaldasoficinas.com\\\/pt\\\/wp-content\\\/uploads\\\/2024\\\/05\\\/Guerin-lanca-campanha-com-os-alugueres-mais-rapidos-do-verao.jpg\",\"keywords\":[\"aluguer de carros\",\"campanha de ver\u00e3o\",\"em apenas 9 minutos\",\"Guerin\",\"servi\u00e7o digital\"],\"articleSection\":[\"Empresas\"],\"inLanguage\":\"pt-PT\"},{\"@type\":\"WebPage\",\"@id\":\"https:\\\/\\\/jornaldasoficinas.com\\\/pt\\\/guerin-lanca-campanha-com-os-alugueres-mais-rapidos-do-verao\\\/\",\"url\":\"https:\\\/\\\/jornaldasoficinas.com\\\/pt\\\/guerin-lanca-campanha-com-os-alugueres-mais-rapidos-do-verao\\\/\",\"name\":\"Guerin lan\u00e7a campanha com os alugueres mais r\u00e1pidos do ver\u00e3o - Jornal das Oficinas\",\"isPartOf\":{\"@id\":\"https:\\\/\\\/jornaldasoficinas.com\\\/pt\\\/#website\"},\"primaryImageOfPage\":{\"@id\":\"https:\\\/\\\/jornaldasoficinas.com\\\/pt\\\/guerin-lanca-campanha-com-os-alugueres-mais-rapidos-do-verao\\\/#primaryimage\"},\"image\":{\"@id\":\"https:\\\/\\\/jornaldasoficinas.com\\\/pt\\\/guerin-lanca-campanha-com-os-alugueres-mais-rapidos-do-verao\\\/#primaryimage\"},\"thumbnailUrl\":\"https:\\\/\\\/jornaldasoficinas.com\\\/pt\\\/wp-content\\\/uploads\\\/2024\\\/05\\\/Guerin-lanca-campanha-com-os-alugueres-mais-rapidos-do-verao.jpg\",\"datePublished\":\"2024-06-14T13:00:09+00:00\",\"description\":\"A nova campanha publicit\u00e1ria da Guerin desafia os clientes a testarem o seu servi\u00e7o de aluguer de ve\u00edculos digital em apenas 9 minutos\",\"breadcrumb\":{\"@id\":\"https:\\\/\\\/jornaldasoficinas.com\\\/pt\\\/guerin-lanca-campanha-com-os-alugueres-mais-rapidos-do-verao\\\/#breadcrumb\"},\"inLanguage\":\"pt-PT\",\"potentialAction\":[{\"@type\":\"ReadAction\",\"target\":[\"https:\\\/\\\/jornaldasoficinas.com\\\/pt\\\/guerin-lanca-campanha-com-os-alugueres-mais-rapidos-do-verao\\\/\"]}]},{\"@type\":\"ImageObject\",\"inLanguage\":\"pt-PT\",\"@id\":\"https:\\\/\\\/jornaldasoficinas.com\\\/pt\\\/guerin-lanca-campanha-com-os-alugueres-mais-rapidos-do-verao\\\/#primaryimage\",\"url\":\"https:\\\/\\\/jornaldasoficinas.com\\\/pt\\\/wp-content\\\/uploads\\\/2024\\\/05\\\/Guerin-lanca-campanha-com-os-alugueres-mais-rapidos-do-verao.jpg\",\"contentUrl\":\"https:\\\/\\\/jornaldasoficinas.com\\\/pt\\\/wp-content\\\/uploads\\\/2024\\\/05\\\/Guerin-lanca-campanha-com-os-alugueres-mais-rapidos-do-verao.jpg\",\"width\":1024,\"height\":581,\"caption\":\"05 - Guerin lanca campanha com os alugueres mais rapidos do verao\"},{\"@type\":\"BreadcrumbList\",\"@id\":\"https:\\\/\\\/jornaldasoficinas.com\\\/pt\\\/guerin-lanca-campanha-com-os-alugueres-mais-rapidos-do-verao\\\/#breadcrumb\",\"itemListElement\":[{\"@type\":\"ListItem\",\"position\":1,\"name\":\"In\u00edcio\",\"item\":\"https:\\\/\\\/jornaldasoficinas.com\\\/pt\\\/\"},{\"@type\":\"ListItem\",\"position\":2,\"name\":\"Guerin lan\u00e7a campanha com os alugueres mais r\u00e1pidos do ver\u00e3o\"}]},{\"@type\":\"WebSite\",\"@id\":\"https:\\\/\\\/jornaldasoficinas.com\\\/pt\\\/#website\",\"url\":\"https:\\\/\\\/jornaldasoficinas.com\\\/pt\\\/\",\"name\":\"Jornal das Oficinas\",\"description\":\"Jornal independente do Aftermarket Autom\u00f3vel em Portugal\",\"publisher\":{\"@id\":\"https:\\\/\\\/jornaldasoficinas.com\\\/pt\\\/#organization\"},\"potentialAction\":[{\"@type\":\"SearchAction\",\"target\":{\"@type\":\"EntryPoint\",\"urlTemplate\":\"https:\\\/\\\/jornaldasoficinas.com\\\/pt\\\/?s={search_term_string}\"},\"query-input\":{\"@type\":\"PropertyValueSpecification\",\"valueRequired\":true,\"valueName\":\"search_term_string\"}}],\"inLanguage\":\"pt-PT\"},{\"@type\":\"Organization\",\"@id\":\"https:\\\/\\\/jornaldasoficinas.com\\\/pt\\\/#organization\",\"name\":\"Jornal das Oficinas\",\"url\":\"https:\\\/\\\/jornaldasoficinas.com\\\/pt\\\/\",\"logo\":{\"@type\":\"ImageObject\",\"inLanguage\":\"pt-PT\",\"@id\":\"https:\\\/\\\/jornaldasoficinas.com\\\/pt\\\/#\\\/schema\\\/logo\\\/image\\\/\",\"url\":\"https:\\\/\\\/jornaldasoficinas.com\\\/pt\\\/wp-content\\\/uploads\\\/logoJO-SEO.png\",\"contentUrl\":\"https:\\\/\\\/jornaldasoficinas.com\\\/pt\\\/wp-content\\\/uploads\\\/logoJO-SEO.png\",\"width\":285,\"height\":450,\"caption\":\"Jornal das Oficinas\"},\"image\":{\"@id\":\"https:\\\/\\\/jornaldasoficinas.com\\\/pt\\\/#\\\/schema\\\/logo\\\/image\\\/\"},\"sameAs\":[\"https:\\\/\\\/www.facebook.com\\\/jornaloficinas\",\"https:\\\/\\\/x.com\\\/jornaloficinas\",\"https:\\\/\\\/www.instagram.com\\\/jornal_oficinas\\\/\",\"https:\\\/\\\/www.linkedin.com\\\/company\\\/jornal-das-oficinas\\\/\",\"https:\\\/\\\/www.youtube.com\\\/channel\\\/UCbQZBqtcvV-oSQrr7RzINGg\"]},{\"@type\":\"Person\",\"@id\":\"https:\\\/\\\/jornaldasoficinas.com\\\/pt\\\/#\\\/schema\\\/person\\\/a38eef5de2c41d9e7c9ac10141afddf3\",\"name\":\"Reda\u00e7\u00e3o JO\",\"image\":{\"@type\":\"ImageObject\",\"inLanguage\":\"pt-PT\",\"@id\":\"https:\\\/\\\/secure.gravatar.com\\\/avatar\\\/71f2fa71737ad68a84fea94bc708ddac8ea5b0c4788dc2ad202f3ccb2887742f?s=96&d=wp_user_avatar&r=g\",\"url\":\"https:\\\/\\\/secure.gravatar.com\\\/avatar\\\/71f2fa71737ad68a84fea94bc708ddac8ea5b0c4788dc2ad202f3ccb2887742f?s=96&d=wp_user_avatar&r=g\",\"contentUrl\":\"https:\\\/\\\/secure.gravatar.com\\\/avatar\\\/71f2fa71737ad68a84fea94bc708ddac8ea5b0c4788dc2ad202f3ccb2887742f?s=96&d=wp_user_avatar&r=g\",\"caption\":\"Reda\u00e7\u00e3o JO\"},\"url\":\"https:\\\/\\\/jornaldasoficinas.com\\\/pt\\\/author\\\/joredacao\\\/\"}]}<\/script>\n<!-- \/ Yoast SEO plugin. -->","yoast_head_json":{"title":"Guerin lan\u00e7a campanha com os alugueres mais r\u00e1pidos do ver\u00e3o - Jornal das Oficinas","description":"A nova campanha publicit\u00e1ria da Guerin desafia os clientes a testarem o seu servi\u00e7o de aluguer de ve\u00edculos digital em apenas 9 minutos","robots":{"index":"index","follow":"follow","max-snippet":"max-snippet:-1","max-image-preview":"max-image-preview:large","max-video-preview":"max-video-preview:-1"},"canonical":"https:\/\/jornaldasoficinas.com\/pt\/guerin-lanca-campanha-com-os-alugueres-mais-rapidos-do-verao\/","og_locale":"pt_PT","og_type":"article","og_title":"Guerin lan\u00e7a campanha com os alugueres mais r\u00e1pidos do ver\u00e3o - Jornal das Oficinas","og_description":"A nova campanha publicit\u00e1ria da Guerin desafia os clientes a testarem o seu servi\u00e7o de aluguer de ve\u00edculos digital em apenas 9 minutos","og_url":"https:\/\/jornaldasoficinas.com\/pt\/guerin-lanca-campanha-com-os-alugueres-mais-rapidos-do-verao\/","og_site_name":"Jornal das Oficinas","article_publisher":"https:\/\/www.facebook.com\/jornaloficinas","article_published_time":"2024-06-14T13:00:09+00:00","og_image":[{"width":1024,"height":581,"url":"https:\/\/jornaldasoficinas.com\/pt\/wp-content\/uploads\/2024\/05\/Guerin-lanca-campanha-com-os-alugueres-mais-rapidos-do-verao.jpg","type":"image\/jpeg"}],"author":"Reda\u00e7\u00e3o JO","twitter_card":"summary_large_image","twitter_creator":"@jornaloficinas","twitter_site":"@jornaloficinas","twitter_misc":{"Escrito por":"Reda\u00e7\u00e3o JO","Tempo estimado de leitura":"3 minutos"},"schema":{"@context":"https:\/\/schema.org","@graph":[{"@type":"Article","@id":"https:\/\/jornaldasoficinas.com\/pt\/guerin-lanca-campanha-com-os-alugueres-mais-rapidos-do-verao\/#article","isPartOf":{"@id":"https:\/\/jornaldasoficinas.com\/pt\/guerin-lanca-campanha-com-os-alugueres-mais-rapidos-do-verao\/"},"author":{"name":"Reda\u00e7\u00e3o JO","@id":"https:\/\/jornaldasoficinas.com\/pt\/#\/schema\/person\/a38eef5de2c41d9e7c9ac10141afddf3"},"headline":"Guerin lan\u00e7a campanha com os alugueres mais r\u00e1pidos do ver\u00e3o","datePublished":"2024-06-14T13:00:09+00:00","mainEntityOfPage":{"@id":"https:\/\/jornaldasoficinas.com\/pt\/guerin-lanca-campanha-com-os-alugueres-mais-rapidos-do-verao\/"},"wordCount":375,"publisher":{"@id":"https:\/\/jornaldasoficinas.com\/pt\/#organization"},"image":{"@id":"https:\/\/jornaldasoficinas.com\/pt\/guerin-lanca-campanha-com-os-alugueres-mais-rapidos-do-verao\/#primaryimage"},"thumbnailUrl":"https:\/\/jornaldasoficinas.com\/pt\/wp-content\/uploads\/2024\/05\/Guerin-lanca-campanha-com-os-alugueres-mais-rapidos-do-verao.jpg","keywords":["aluguer de carros","campanha de ver\u00e3o","em apenas 9 minutos","Guerin","servi\u00e7o digital"],"articleSection":["Empresas"],"inLanguage":"pt-PT"},{"@type":"WebPage","@id":"https:\/\/jornaldasoficinas.com\/pt\/guerin-lanca-campanha-com-os-alugueres-mais-rapidos-do-verao\/","url":"https:\/\/jornaldasoficinas.com\/pt\/guerin-lanca-campanha-com-os-alugueres-mais-rapidos-do-verao\/","name":"Guerin lan\u00e7a campanha com os alugueres mais r\u00e1pidos do ver\u00e3o - Jornal das Oficinas","isPartOf":{"@id":"https:\/\/jornaldasoficinas.com\/pt\/#website"},"primaryImageOfPage":{"@id":"https:\/\/jornaldasoficinas.com\/pt\/guerin-lanca-campanha-com-os-alugueres-mais-rapidos-do-verao\/#primaryimage"},"image":{"@id":"https:\/\/jornaldasoficinas.com\/pt\/guerin-lanca-campanha-com-os-alugueres-mais-rapidos-do-verao\/#primaryimage"},"thumbnailUrl":"https:\/\/jornaldasoficinas.com\/pt\/wp-content\/uploads\/2024\/05\/Guerin-lanca-campanha-com-os-alugueres-mais-rapidos-do-verao.jpg","datePublished":"2024-06-14T13:00:09+00:00","description":"A nova campanha publicit\u00e1ria da Guerin desafia os clientes a testarem o seu servi\u00e7o de aluguer de ve\u00edculos digital em apenas 9 minutos","breadcrumb":{"@id":"https:\/\/jornaldasoficinas.com\/pt\/guerin-lanca-campanha-com-os-alugueres-mais-rapidos-do-verao\/#breadcrumb"},"inLanguage":"pt-PT","potentialAction":[{"@type":"ReadAction","target":["https:\/\/jornaldasoficinas.com\/pt\/guerin-lanca-campanha-com-os-alugueres-mais-rapidos-do-verao\/"]}]},{"@type":"ImageObject","inLanguage":"pt-PT","@id":"https:\/\/jornaldasoficinas.com\/pt\/guerin-lanca-campanha-com-os-alugueres-mais-rapidos-do-verao\/#primaryimage","url":"https:\/\/jornaldasoficinas.com\/pt\/wp-content\/uploads\/2024\/05\/Guerin-lanca-campanha-com-os-alugueres-mais-rapidos-do-verao.jpg","contentUrl":"https:\/\/jornaldasoficinas.com\/pt\/wp-content\/uploads\/2024\/05\/Guerin-lanca-campanha-com-os-alugueres-mais-rapidos-do-verao.jpg","width":1024,"height":581,"caption":"05 - Guerin lanca campanha com os alugueres mais rapidos do verao"},{"@type":"BreadcrumbList","@id":"https:\/\/jornaldasoficinas.com\/pt\/guerin-lanca-campanha-com-os-alugueres-mais-rapidos-do-verao\/#breadcrumb","itemListElement":[{"@type":"ListItem","position":1,"name":"In\u00edcio","item":"https:\/\/jornaldasoficinas.com\/pt\/"},{"@type":"ListItem","position":2,"name":"Guerin lan\u00e7a campanha com os alugueres mais r\u00e1pidos do ver\u00e3o"}]},{"@type":"WebSite","@id":"https:\/\/jornaldasoficinas.com\/pt\/#website","url":"https:\/\/jornaldasoficinas.com\/pt\/","name":"Jornal das Oficinas","description":"Jornal independente do Aftermarket Autom\u00f3vel em Portugal","publisher":{"@id":"https:\/\/jornaldasoficinas.com\/pt\/#organization"},"potentialAction":[{"@type":"SearchAction","target":{"@type":"EntryPoint","urlTemplate":"https:\/\/jornaldasoficinas.com\/pt\/?s={search_term_string}"},"query-input":{"@type":"PropertyValueSpecification","valueRequired":true,"valueName":"search_term_string"}}],"inLanguage":"pt-PT"},{"@type":"Organization","@id":"https:\/\/jornaldasoficinas.com\/pt\/#organization","name":"Jornal das Oficinas","url":"https:\/\/jornaldasoficinas.com\/pt\/","logo":{"@type":"ImageObject","inLanguage":"pt-PT","@id":"https:\/\/jornaldasoficinas.com\/pt\/#\/schema\/logo\/image\/","url":"https:\/\/jornaldasoficinas.com\/pt\/wp-content\/uploads\/logoJO-SEO.png","contentUrl":"https:\/\/jornaldasoficinas.com\/pt\/wp-content\/uploads\/logoJO-SEO.png","width":285,"height":450,"caption":"Jornal das Oficinas"},"image":{"@id":"https:\/\/jornaldasoficinas.com\/pt\/#\/schema\/logo\/image\/"},"sameAs":["https:\/\/www.facebook.com\/jornaloficinas","https:\/\/x.com\/jornaloficinas","https:\/\/www.instagram.com\/jornal_oficinas\/","https:\/\/www.linkedin.com\/company\/jornal-das-oficinas\/","https:\/\/www.youtube.com\/channel\/UCbQZBqtcvV-oSQrr7RzINGg"]},{"@type":"Person","@id":"https:\/\/jornaldasoficinas.com\/pt\/#\/schema\/person\/a38eef5de2c41d9e7c9ac10141afddf3","name":"Reda\u00e7\u00e3o JO","image":{"@type":"ImageObject","inLanguage":"pt-PT","@id":"https:\/\/secure.gravatar.com\/avatar\/71f2fa71737ad68a84fea94bc708ddac8ea5b0c4788dc2ad202f3ccb2887742f?s=96&d=wp_user_avatar&r=g","url":"https:\/\/secure.gravatar.com\/avatar\/71f2fa71737ad68a84fea94bc708ddac8ea5b0c4788dc2ad202f3ccb2887742f?s=96&d=wp_user_avatar&r=g","contentUrl":"https:\/\/secure.gravatar.com\/avatar\/71f2fa71737ad68a84fea94bc708ddac8ea5b0c4788dc2ad202f3ccb2887742f?s=96&d=wp_user_avatar&r=g","caption":"Reda\u00e7\u00e3o JO"},"url":"https:\/\/jornaldasoficinas.com\/pt\/author\/joredacao\/"}]}},"_links":{"self":[{"href":"https:\/\/jornaldasoficinas.com\/pt\/wp-json\/wp\/v2\/posts\/86282","targetHints":{"allow":["GET"]}}],"collection":[{"href":"https:\/\/jornaldasoficinas.com\/pt\/wp-json\/wp\/v2\/posts"}],"about":[{"href":"https:\/\/jornaldasoficinas.com\/pt\/wp-json\/wp\/v2\/types\/post"}],"author":[{"embeddable":true,"href":"https:\/\/jornaldasoficinas.com\/pt\/wp-json\/wp\/v2\/users\/15"}],"replies":[{"embeddable":true,"href":"https:\/\/jornaldasoficinas.com\/pt\/wp-json\/wp\/v2\/comments?post=86282"}],"version-history":[{"count":0,"href":"https:\/\/jornaldasoficinas.com\/pt\/wp-json\/wp\/v2\/posts\/86282\/revisions"}],"wp:featuredmedia":[{"embeddable":true,"href":"https:\/\/jornaldasoficinas.com\/pt\/wp-json\/wp\/v2\/media\/86296"}],"wp:attachment":[{"href":"https:\/\/jornaldasoficinas.com\/pt\/wp-json\/wp\/v2\/media?parent=86282"}],"wp:term":[{"taxonomy":"category","embeddable":true,"href":"https:\/\/jornaldasoficinas.com\/pt\/wp-json\/wp\/v2\/categories?post=86282"},{"taxonomy":"post_tag","embeddable":true,"href":"https:\/\/jornaldasoficinas.com\/pt\/wp-json\/wp\/v2\/tags?post=86282"}],"curies":[{"name":"wp","href":"https:\/\/api.w.org\/{rel}","templated":true}]}}