{"id":86424,"date":"2024-06-14T18:00:22","date_gmt":"2024-06-14T17:00:22","guid":{"rendered":"https:\/\/jornaldasoficinas.com\/pt\/?p=86424"},"modified":"2024-06-14T11:59:15","modified_gmt":"2024-06-14T10:59:15","slug":"tab-batteries-prepara-novidades-para-a-ess-europe-2024","status":"publish","type":"post","link":"https:\/\/jornaldasoficinas.com\/pt\/tab-batteries-prepara-novidades-para-a-ess-europe-2024\/","title":{"rendered":"TAB Batteries prepara novidades para a ESS Europe 2024"},"content":{"rendered":"<p><strong><img loading=\"lazy\" decoding=\"async\" class=\"alignnone size-full wp-image-86434\" src=\"https:\/\/jornaldasoficinas.com\/pt\/wp-content\/uploads\/2024\/05\/TAB-Batteries-prepara-novidades-para-a-ESS-Europe-2024.jpeg\" alt=\"05 - TAB Batteries prepara novidades para a ESS Europe 2024\" width=\"1024\" height=\"581\" srcset=\"https:\/\/jornaldasoficinas.com\/pt\/wp-content\/uploads\/2024\/05\/TAB-Batteries-prepara-novidades-para-a-ESS-Europe-2024.jpeg 1024w, https:\/\/jornaldasoficinas.com\/pt\/wp-content\/uploads\/2024\/05\/TAB-Batteries-prepara-novidades-para-a-ESS-Europe-2024-300x170.jpeg 300w, https:\/\/jornaldasoficinas.com\/pt\/wp-content\/uploads\/2024\/05\/TAB-Batteries-prepara-novidades-para-a-ESS-Europe-2024-150x85.jpeg 150w, https:\/\/jornaldasoficinas.com\/pt\/wp-content\/uploads\/2024\/05\/TAB-Batteries-prepara-novidades-para-a-ESS-Europe-2024-768x436.jpeg 768w\" sizes=\"auto, (max-width: 1024px) 100vw, 1024px\" \/><\/strong><\/p>\n<p><strong>A <a href=\"https:\/\/www.tabspain.com\/\" target=\"_blank\" rel=\"noopener\">TAB Batteries<\/a> ir\u00e1 estar presente mais um ano na feira ESS Europe 2024, que acontecer\u00e1 de 19 a 21 de junho em Munique, na Alemanha<\/strong><\/p>\n<p>O Grupo TAB ir\u00e1 aproveitar a exposi\u00e7\u00e3o internacional para apresentar as suas mais recentes inova\u00e7\u00f5es em sistemas de armazenamento de energia, como o seu programa completo de produ\u00e7\u00e3o TAB BESS, que oferece solu\u00e7\u00f5es de armazenamento de energia para aplica\u00e7\u00f5es residenciais, comerciais e industriais.<\/p>\n<p>Entre os seus principais desenvolvimentos destaca-se o recente lan\u00e7amento da primeira Gigafactory de produ\u00e7\u00e3o de m\u00f3dulos de bateria na Eslov\u00e9nia, um dos poucos que podem ser encontrados em solo europeu. Esta instala\u00e7\u00e3o possui uma linha autom\u00e1tica de \u00faltima gera\u00e7\u00e3o que inclui soldagem a laser e intelig\u00eancia artificial nos controlos de qualidade. A sua implementa\u00e7\u00e3o permitiu \u00e0 TAB Batteries melhorar a qualidade dos seus produtos e reduzir significativamente os custos, resultando em produtos altamente competitivos.<\/p>\n<p>A f\u00e1brica j\u00e1 iniciou a produ\u00e7\u00e3o em s\u00e9rie do m\u00f3dulo L5.1, projetado para aplica\u00e7\u00f5es residenciais e comerciais e industriais (C&amp;I) de at\u00e9 40 kWh. Esses m\u00f3dulos est\u00e3o dispon\u00edveis para integra\u00e7\u00e3o em produtos de terceiros ou nas linhas TAB Family e Clever Lithium. Por outro lado, e no que diz respeito aos m\u00f3dulos de alta tens\u00e3o, grande parte do processo de fabrico foi automatizado, prevendo-se que a produ\u00e7\u00e3o seja totalmente automatizada nos pr\u00f3ximos meses.<\/p>\n<p>Do ponto de vista do produto, a TAB Batteries lan\u00e7ou o m\u00f3dulo ESS C183 para aplica\u00e7\u00f5es externas de C&amp;I de m\u00e9dio e grande porte, com capacidade de at\u00e9 2MWh e conex\u00e3o \u00e0 rede de 400VAC. Tamb\u00e9m foi apresentado o m\u00f3dulo ESS I2200, desta vez voltado para aplica\u00e7\u00f5es externas de C&amp;I de grande escala e utilidade p\u00fablica, com capacidade de 2,2MWh e conex\u00e3o a uma rede de m\u00e9dia tens\u00e3o.<\/p>\n<p>O ESS Europe 2024 \u00e9 um dos principais eventos internacionais do setor, concebido para profissionais partilharem conhecimentos sobre sistemas de armazenamento de energia, baterias, inversores e outros temas relacionados. A TAB Baterias estar\u00e1 presente nesta edi\u00e7\u00e3o no stand 260 do pavilh\u00e3o C2.<\/p>\n","protected":false},"excerpt":{"rendered":"<p>A TAB Batteries ir\u00e1 estar presente&#8230;<\/p>\n","protected":false},"author":15,"featured_media":86434,"comment_status":"closed","ping_status":"closed","sticky":false,"template":"","format":"standard","meta":{"footnotes":""},"categories":[29],"tags":[9505,9504,9506,1087,6929,565],"class_list":["post-86424","post","type-post","status-publish","format-standard","has-post-thumbnail","hentry","category-empresas","tag-de-19-a-21-de-junho","tag-ess-europe-2024","tag-gigafactory","tag-inteligencia-artificial","tag-novidades","tag-tab-batteries"],"yoast_head":"<!-- This site is optimized with the Yoast SEO plugin v27.4 - https:\/\/yoast.com\/product\/yoast-seo-wordpress\/ -->\n<title>TAB Batteries prepara novidades para a ESS Europe 2024 - Jornal das Oficinas<\/title>\n<meta name=\"description\" content=\"A TAB Batteries ir\u00e1 estar presente mais um ano na feira ESS Europe 2024, que acontecer\u00e1 de 19 a 21 de junho em Munique, na Alemanha\" \/>\n<meta name=\"robots\" content=\"index, follow, max-snippet:-1, max-image-preview:large, max-video-preview:-1\" \/>\n<link rel=\"canonical\" href=\"https:\/\/jornaldasoficinas.com\/pt\/tab-batteries-prepara-novidades-para-a-ess-europe-2024\/\" \/>\n<meta property=\"og:locale\" content=\"pt_PT\" \/>\n<meta property=\"og:type\" content=\"article\" \/>\n<meta property=\"og:title\" content=\"TAB Batteries prepara novidades para a ESS Europe 2024 - Jornal das Oficinas\" \/>\n<meta property=\"og:description\" content=\"A TAB Batteries ir\u00e1 estar presente mais um ano na feira ESS Europe 2024, que acontecer\u00e1 de 19 a 21 de junho em Munique, na Alemanha\" \/>\n<meta property=\"og:url\" content=\"https:\/\/jornaldasoficinas.com\/pt\/tab-batteries-prepara-novidades-para-a-ess-europe-2024\/\" \/>\n<meta property=\"og:site_name\" content=\"Jornal das Oficinas\" \/>\n<meta property=\"article:publisher\" content=\"https:\/\/www.facebook.com\/jornaloficinas\" \/>\n<meta property=\"article:published_time\" content=\"2024-06-14T17:00:22+00:00\" \/>\n<meta property=\"og:image\" content=\"https:\/\/jornaldasoficinas.com\/pt\/wp-content\/uploads\/2024\/05\/TAB-Batteries-prepara-novidades-para-a-ESS-Europe-2024.jpeg\" \/>\n\t<meta property=\"og:image:width\" content=\"1024\" \/>\n\t<meta property=\"og:image:height\" content=\"581\" \/>\n\t<meta property=\"og:image:type\" content=\"image\/jpeg\" \/>\n<meta name=\"author\" content=\"Reda\u00e7\u00e3o JO\" \/>\n<meta name=\"twitter:card\" content=\"summary_large_image\" \/>\n<meta name=\"twitter:creator\" content=\"@jornaloficinas\" \/>\n<meta name=\"twitter:site\" content=\"@jornaloficinas\" \/>\n<meta name=\"twitter:label1\" content=\"Escrito por\" \/>\n\t<meta name=\"twitter:data1\" content=\"Reda\u00e7\u00e3o JO\" \/>\n\t<meta name=\"twitter:label2\" content=\"Tempo estimado de leitura\" \/>\n\t<meta name=\"twitter:data2\" content=\"3 minutos\" \/>\n<script type=\"application\/ld+json\" class=\"yoast-schema-graph\">{\"@context\":\"https:\\\/\\\/schema.org\",\"@graph\":[{\"@type\":\"Article\",\"@id\":\"https:\\\/\\\/jornaldasoficinas.com\\\/pt\\\/tab-batteries-prepara-novidades-para-a-ess-europe-2024\\\/#article\",\"isPartOf\":{\"@id\":\"https:\\\/\\\/jornaldasoficinas.com\\\/pt\\\/tab-batteries-prepara-novidades-para-a-ess-europe-2024\\\/\"},\"author\":{\"name\":\"Reda\u00e7\u00e3o JO\",\"@id\":\"https:\\\/\\\/jornaldasoficinas.com\\\/pt\\\/#\\\/schema\\\/person\\\/a38eef5de2c41d9e7c9ac10141afddf3\"},\"headline\":\"TAB Batteries prepara novidades para a ESS Europe 2024\",\"datePublished\":\"2024-06-14T17:00:22+00:00\",\"mainEntityOfPage\":{\"@id\":\"https:\\\/\\\/jornaldasoficinas.com\\\/pt\\\/tab-batteries-prepara-novidades-para-a-ess-europe-2024\\\/\"},\"wordCount\":372,\"publisher\":{\"@id\":\"https:\\\/\\\/jornaldasoficinas.com\\\/pt\\\/#organization\"},\"image\":{\"@id\":\"https:\\\/\\\/jornaldasoficinas.com\\\/pt\\\/tab-batteries-prepara-novidades-para-a-ess-europe-2024\\\/#primaryimage\"},\"thumbnailUrl\":\"https:\\\/\\\/jornaldasoficinas.com\\\/pt\\\/wp-content\\\/uploads\\\/2024\\\/05\\\/TAB-Batteries-prepara-novidades-para-a-ESS-Europe-2024.jpeg\",\"keywords\":[\"de 19 a 21 de junho\",\"ESS Europe 2024\",\"Gigafactory\",\"Intelig\u00eancia artificial\",\"Novidades\",\"TAB Batteries\"],\"articleSection\":[\"Empresas\"],\"inLanguage\":\"pt-PT\"},{\"@type\":\"WebPage\",\"@id\":\"https:\\\/\\\/jornaldasoficinas.com\\\/pt\\\/tab-batteries-prepara-novidades-para-a-ess-europe-2024\\\/\",\"url\":\"https:\\\/\\\/jornaldasoficinas.com\\\/pt\\\/tab-batteries-prepara-novidades-para-a-ess-europe-2024\\\/\",\"name\":\"TAB Batteries prepara novidades para a ESS Europe 2024 - Jornal das Oficinas\",\"isPartOf\":{\"@id\":\"https:\\\/\\\/jornaldasoficinas.com\\\/pt\\\/#website\"},\"primaryImageOfPage\":{\"@id\":\"https:\\\/\\\/jornaldasoficinas.com\\\/pt\\\/tab-batteries-prepara-novidades-para-a-ess-europe-2024\\\/#primaryimage\"},\"image\":{\"@id\":\"https:\\\/\\\/jornaldasoficinas.com\\\/pt\\\/tab-batteries-prepara-novidades-para-a-ess-europe-2024\\\/#primaryimage\"},\"thumbnailUrl\":\"https:\\\/\\\/jornaldasoficinas.com\\\/pt\\\/wp-content\\\/uploads\\\/2024\\\/05\\\/TAB-Batteries-prepara-novidades-para-a-ESS-Europe-2024.jpeg\",\"datePublished\":\"2024-06-14T17:00:22+00:00\",\"description\":\"A TAB Batteries ir\u00e1 estar presente mais um ano na feira ESS Europe 2024, que acontecer\u00e1 de 19 a 21 de junho em Munique, na Alemanha\",\"breadcrumb\":{\"@id\":\"https:\\\/\\\/jornaldasoficinas.com\\\/pt\\\/tab-batteries-prepara-novidades-para-a-ess-europe-2024\\\/#breadcrumb\"},\"inLanguage\":\"pt-PT\",\"potentialAction\":[{\"@type\":\"ReadAction\",\"target\":[\"https:\\\/\\\/jornaldasoficinas.com\\\/pt\\\/tab-batteries-prepara-novidades-para-a-ess-europe-2024\\\/\"]}]},{\"@type\":\"ImageObject\",\"inLanguage\":\"pt-PT\",\"@id\":\"https:\\\/\\\/jornaldasoficinas.com\\\/pt\\\/tab-batteries-prepara-novidades-para-a-ess-europe-2024\\\/#primaryimage\",\"url\":\"https:\\\/\\\/jornaldasoficinas.com\\\/pt\\\/wp-content\\\/uploads\\\/2024\\\/05\\\/TAB-Batteries-prepara-novidades-para-a-ESS-Europe-2024.jpeg\",\"contentUrl\":\"https:\\\/\\\/jornaldasoficinas.com\\\/pt\\\/wp-content\\\/uploads\\\/2024\\\/05\\\/TAB-Batteries-prepara-novidades-para-a-ESS-Europe-2024.jpeg\",\"width\":1024,\"height\":581,\"caption\":\"05 - TAB Batteries prepara novidades para a ESS Europe 2024\"},{\"@type\":\"BreadcrumbList\",\"@id\":\"https:\\\/\\\/jornaldasoficinas.com\\\/pt\\\/tab-batteries-prepara-novidades-para-a-ess-europe-2024\\\/#breadcrumb\",\"itemListElement\":[{\"@type\":\"ListItem\",\"position\":1,\"name\":\"In\u00edcio\",\"item\":\"https:\\\/\\\/jornaldasoficinas.com\\\/pt\\\/\"},{\"@type\":\"ListItem\",\"position\":2,\"name\":\"TAB Batteries prepara novidades para a ESS Europe 2024\"}]},{\"@type\":\"WebSite\",\"@id\":\"https:\\\/\\\/jornaldasoficinas.com\\\/pt\\\/#website\",\"url\":\"https:\\\/\\\/jornaldasoficinas.com\\\/pt\\\/\",\"name\":\"Jornal das Oficinas\",\"description\":\"Jornal independente do Aftermarket Autom\u00f3vel em Portugal\",\"publisher\":{\"@id\":\"https:\\\/\\\/jornaldasoficinas.com\\\/pt\\\/#organization\"},\"potentialAction\":[{\"@type\":\"SearchAction\",\"target\":{\"@type\":\"EntryPoint\",\"urlTemplate\":\"https:\\\/\\\/jornaldasoficinas.com\\\/pt\\\/?s={search_term_string}\"},\"query-input\":{\"@type\":\"PropertyValueSpecification\",\"valueRequired\":true,\"valueName\":\"search_term_string\"}}],\"inLanguage\":\"pt-PT\"},{\"@type\":\"Organization\",\"@id\":\"https:\\\/\\\/jornaldasoficinas.com\\\/pt\\\/#organization\",\"name\":\"Jornal das Oficinas\",\"url\":\"https:\\\/\\\/jornaldasoficinas.com\\\/pt\\\/\",\"logo\":{\"@type\":\"ImageObject\",\"inLanguage\":\"pt-PT\",\"@id\":\"https:\\\/\\\/jornaldasoficinas.com\\\/pt\\\/#\\\/schema\\\/logo\\\/image\\\/\",\"url\":\"https:\\\/\\\/jornaldasoficinas.com\\\/pt\\\/wp-content\\\/uploads\\\/logoJO-SEO.png\",\"contentUrl\":\"https:\\\/\\\/jornaldasoficinas.com\\\/pt\\\/wp-content\\\/uploads\\\/logoJO-SEO.png\",\"width\":285,\"height\":450,\"caption\":\"Jornal das Oficinas\"},\"image\":{\"@id\":\"https:\\\/\\\/jornaldasoficinas.com\\\/pt\\\/#\\\/schema\\\/logo\\\/image\\\/\"},\"sameAs\":[\"https:\\\/\\\/www.facebook.com\\\/jornaloficinas\",\"https:\\\/\\\/x.com\\\/jornaloficinas\",\"https:\\\/\\\/www.instagram.com\\\/jornal_oficinas\\\/\",\"https:\\\/\\\/www.linkedin.com\\\/company\\\/jornal-das-oficinas\\\/\",\"https:\\\/\\\/www.youtube.com\\\/channel\\\/UCbQZBqtcvV-oSQrr7RzINGg\"]},{\"@type\":\"Person\",\"@id\":\"https:\\\/\\\/jornaldasoficinas.com\\\/pt\\\/#\\\/schema\\\/person\\\/a38eef5de2c41d9e7c9ac10141afddf3\",\"name\":\"Reda\u00e7\u00e3o JO\",\"image\":{\"@type\":\"ImageObject\",\"inLanguage\":\"pt-PT\",\"@id\":\"https:\\\/\\\/secure.gravatar.com\\\/avatar\\\/71f2fa71737ad68a84fea94bc708ddac8ea5b0c4788dc2ad202f3ccb2887742f?s=96&d=wp_user_avatar&r=g\",\"url\":\"https:\\\/\\\/secure.gravatar.com\\\/avatar\\\/71f2fa71737ad68a84fea94bc708ddac8ea5b0c4788dc2ad202f3ccb2887742f?s=96&d=wp_user_avatar&r=g\",\"contentUrl\":\"https:\\\/\\\/secure.gravatar.com\\\/avatar\\\/71f2fa71737ad68a84fea94bc708ddac8ea5b0c4788dc2ad202f3ccb2887742f?s=96&d=wp_user_avatar&r=g\",\"caption\":\"Reda\u00e7\u00e3o JO\"},\"url\":\"https:\\\/\\\/jornaldasoficinas.com\\\/pt\\\/author\\\/joredacao\\\/\"}]}<\/script>\n<!-- \/ Yoast SEO plugin. -->","yoast_head_json":{"title":"TAB Batteries prepara novidades para a ESS Europe 2024 - Jornal das Oficinas","description":"A TAB Batteries ir\u00e1 estar presente mais um ano na feira ESS Europe 2024, que acontecer\u00e1 de 19 a 21 de junho em Munique, na Alemanha","robots":{"index":"index","follow":"follow","max-snippet":"max-snippet:-1","max-image-preview":"max-image-preview:large","max-video-preview":"max-video-preview:-1"},"canonical":"https:\/\/jornaldasoficinas.com\/pt\/tab-batteries-prepara-novidades-para-a-ess-europe-2024\/","og_locale":"pt_PT","og_type":"article","og_title":"TAB Batteries prepara novidades para a ESS Europe 2024 - Jornal das Oficinas","og_description":"A TAB Batteries ir\u00e1 estar presente mais um ano na feira ESS Europe 2024, que acontecer\u00e1 de 19 a 21 de junho em Munique, na Alemanha","og_url":"https:\/\/jornaldasoficinas.com\/pt\/tab-batteries-prepara-novidades-para-a-ess-europe-2024\/","og_site_name":"Jornal das Oficinas","article_publisher":"https:\/\/www.facebook.com\/jornaloficinas","article_published_time":"2024-06-14T17:00:22+00:00","og_image":[{"width":1024,"height":581,"url":"https:\/\/jornaldasoficinas.com\/pt\/wp-content\/uploads\/2024\/05\/TAB-Batteries-prepara-novidades-para-a-ESS-Europe-2024.jpeg","type":"image\/jpeg"}],"author":"Reda\u00e7\u00e3o JO","twitter_card":"summary_large_image","twitter_creator":"@jornaloficinas","twitter_site":"@jornaloficinas","twitter_misc":{"Escrito por":"Reda\u00e7\u00e3o JO","Tempo estimado de leitura":"3 minutos"},"schema":{"@context":"https:\/\/schema.org","@graph":[{"@type":"Article","@id":"https:\/\/jornaldasoficinas.com\/pt\/tab-batteries-prepara-novidades-para-a-ess-europe-2024\/#article","isPartOf":{"@id":"https:\/\/jornaldasoficinas.com\/pt\/tab-batteries-prepara-novidades-para-a-ess-europe-2024\/"},"author":{"name":"Reda\u00e7\u00e3o JO","@id":"https:\/\/jornaldasoficinas.com\/pt\/#\/schema\/person\/a38eef5de2c41d9e7c9ac10141afddf3"},"headline":"TAB Batteries prepara novidades para a ESS Europe 2024","datePublished":"2024-06-14T17:00:22+00:00","mainEntityOfPage":{"@id":"https:\/\/jornaldasoficinas.com\/pt\/tab-batteries-prepara-novidades-para-a-ess-europe-2024\/"},"wordCount":372,"publisher":{"@id":"https:\/\/jornaldasoficinas.com\/pt\/#organization"},"image":{"@id":"https:\/\/jornaldasoficinas.com\/pt\/tab-batteries-prepara-novidades-para-a-ess-europe-2024\/#primaryimage"},"thumbnailUrl":"https:\/\/jornaldasoficinas.com\/pt\/wp-content\/uploads\/2024\/05\/TAB-Batteries-prepara-novidades-para-a-ESS-Europe-2024.jpeg","keywords":["de 19 a 21 de junho","ESS Europe 2024","Gigafactory","Intelig\u00eancia artificial","Novidades","TAB Batteries"],"articleSection":["Empresas"],"inLanguage":"pt-PT"},{"@type":"WebPage","@id":"https:\/\/jornaldasoficinas.com\/pt\/tab-batteries-prepara-novidades-para-a-ess-europe-2024\/","url":"https:\/\/jornaldasoficinas.com\/pt\/tab-batteries-prepara-novidades-para-a-ess-europe-2024\/","name":"TAB Batteries prepara novidades para a ESS Europe 2024 - Jornal das Oficinas","isPartOf":{"@id":"https:\/\/jornaldasoficinas.com\/pt\/#website"},"primaryImageOfPage":{"@id":"https:\/\/jornaldasoficinas.com\/pt\/tab-batteries-prepara-novidades-para-a-ess-europe-2024\/#primaryimage"},"image":{"@id":"https:\/\/jornaldasoficinas.com\/pt\/tab-batteries-prepara-novidades-para-a-ess-europe-2024\/#primaryimage"},"thumbnailUrl":"https:\/\/jornaldasoficinas.com\/pt\/wp-content\/uploads\/2024\/05\/TAB-Batteries-prepara-novidades-para-a-ESS-Europe-2024.jpeg","datePublished":"2024-06-14T17:00:22+00:00","description":"A TAB Batteries ir\u00e1 estar presente mais um ano na feira ESS Europe 2024, que acontecer\u00e1 de 19 a 21 de junho em Munique, na Alemanha","breadcrumb":{"@id":"https:\/\/jornaldasoficinas.com\/pt\/tab-batteries-prepara-novidades-para-a-ess-europe-2024\/#breadcrumb"},"inLanguage":"pt-PT","potentialAction":[{"@type":"ReadAction","target":["https:\/\/jornaldasoficinas.com\/pt\/tab-batteries-prepara-novidades-para-a-ess-europe-2024\/"]}]},{"@type":"ImageObject","inLanguage":"pt-PT","@id":"https:\/\/jornaldasoficinas.com\/pt\/tab-batteries-prepara-novidades-para-a-ess-europe-2024\/#primaryimage","url":"https:\/\/jornaldasoficinas.com\/pt\/wp-content\/uploads\/2024\/05\/TAB-Batteries-prepara-novidades-para-a-ESS-Europe-2024.jpeg","contentUrl":"https:\/\/jornaldasoficinas.com\/pt\/wp-content\/uploads\/2024\/05\/TAB-Batteries-prepara-novidades-para-a-ESS-Europe-2024.jpeg","width":1024,"height":581,"caption":"05 - TAB Batteries prepara novidades para a ESS Europe 2024"},{"@type":"BreadcrumbList","@id":"https:\/\/jornaldasoficinas.com\/pt\/tab-batteries-prepara-novidades-para-a-ess-europe-2024\/#breadcrumb","itemListElement":[{"@type":"ListItem","position":1,"name":"In\u00edcio","item":"https:\/\/jornaldasoficinas.com\/pt\/"},{"@type":"ListItem","position":2,"name":"TAB Batteries prepara novidades para a ESS Europe 2024"}]},{"@type":"WebSite","@id":"https:\/\/jornaldasoficinas.com\/pt\/#website","url":"https:\/\/jornaldasoficinas.com\/pt\/","name":"Jornal das Oficinas","description":"Jornal independente do Aftermarket Autom\u00f3vel em Portugal","publisher":{"@id":"https:\/\/jornaldasoficinas.com\/pt\/#organization"},"potentialAction":[{"@type":"SearchAction","target":{"@type":"EntryPoint","urlTemplate":"https:\/\/jornaldasoficinas.com\/pt\/?s={search_term_string}"},"query-input":{"@type":"PropertyValueSpecification","valueRequired":true,"valueName":"search_term_string"}}],"inLanguage":"pt-PT"},{"@type":"Organization","@id":"https:\/\/jornaldasoficinas.com\/pt\/#organization","name":"Jornal das Oficinas","url":"https:\/\/jornaldasoficinas.com\/pt\/","logo":{"@type":"ImageObject","inLanguage":"pt-PT","@id":"https:\/\/jornaldasoficinas.com\/pt\/#\/schema\/logo\/image\/","url":"https:\/\/jornaldasoficinas.com\/pt\/wp-content\/uploads\/logoJO-SEO.png","contentUrl":"https:\/\/jornaldasoficinas.com\/pt\/wp-content\/uploads\/logoJO-SEO.png","width":285,"height":450,"caption":"Jornal das Oficinas"},"image":{"@id":"https:\/\/jornaldasoficinas.com\/pt\/#\/schema\/logo\/image\/"},"sameAs":["https:\/\/www.facebook.com\/jornaloficinas","https:\/\/x.com\/jornaloficinas","https:\/\/www.instagram.com\/jornal_oficinas\/","https:\/\/www.linkedin.com\/company\/jornal-das-oficinas\/","https:\/\/www.youtube.com\/channel\/UCbQZBqtcvV-oSQrr7RzINGg"]},{"@type":"Person","@id":"https:\/\/jornaldasoficinas.com\/pt\/#\/schema\/person\/a38eef5de2c41d9e7c9ac10141afddf3","name":"Reda\u00e7\u00e3o JO","image":{"@type":"ImageObject","inLanguage":"pt-PT","@id":"https:\/\/secure.gravatar.com\/avatar\/71f2fa71737ad68a84fea94bc708ddac8ea5b0c4788dc2ad202f3ccb2887742f?s=96&d=wp_user_avatar&r=g","url":"https:\/\/secure.gravatar.com\/avatar\/71f2fa71737ad68a84fea94bc708ddac8ea5b0c4788dc2ad202f3ccb2887742f?s=96&d=wp_user_avatar&r=g","contentUrl":"https:\/\/secure.gravatar.com\/avatar\/71f2fa71737ad68a84fea94bc708ddac8ea5b0c4788dc2ad202f3ccb2887742f?s=96&d=wp_user_avatar&r=g","caption":"Reda\u00e7\u00e3o JO"},"url":"https:\/\/jornaldasoficinas.com\/pt\/author\/joredacao\/"}]}},"_links":{"self":[{"href":"https:\/\/jornaldasoficinas.com\/pt\/wp-json\/wp\/v2\/posts\/86424","targetHints":{"allow":["GET"]}}],"collection":[{"href":"https:\/\/jornaldasoficinas.com\/pt\/wp-json\/wp\/v2\/posts"}],"about":[{"href":"https:\/\/jornaldasoficinas.com\/pt\/wp-json\/wp\/v2\/types\/post"}],"author":[{"embeddable":true,"href":"https:\/\/jornaldasoficinas.com\/pt\/wp-json\/wp\/v2\/users\/15"}],"replies":[{"embeddable":true,"href":"https:\/\/jornaldasoficinas.com\/pt\/wp-json\/wp\/v2\/comments?post=86424"}],"version-history":[{"count":0,"href":"https:\/\/jornaldasoficinas.com\/pt\/wp-json\/wp\/v2\/posts\/86424\/revisions"}],"wp:featuredmedia":[{"embeddable":true,"href":"https:\/\/jornaldasoficinas.com\/pt\/wp-json\/wp\/v2\/media\/86434"}],"wp:attachment":[{"href":"https:\/\/jornaldasoficinas.com\/pt\/wp-json\/wp\/v2\/media?parent=86424"}],"wp:term":[{"taxonomy":"category","embeddable":true,"href":"https:\/\/jornaldasoficinas.com\/pt\/wp-json\/wp\/v2\/categories?post=86424"},{"taxonomy":"post_tag","embeddable":true,"href":"https:\/\/jornaldasoficinas.com\/pt\/wp-json\/wp\/v2\/tags?post=86424"}],"curies":[{"name":"wp","href":"https:\/\/api.w.org\/{rel}","templated":true}]}}