{"id":86670,"date":"2024-06-19T18:00:08","date_gmt":"2024-06-19T17:00:08","guid":{"rendered":"https:\/\/jornaldasoficinas.com\/pt\/?p=86670"},"modified":"2024-06-19T13:22:36","modified_gmt":"2024-06-19T12:22:36","slug":"napa-racing-weekend-reuniu-cerca-de-3-mil-convidados","status":"publish","type":"post","link":"https:\/\/jornaldasoficinas.com\/pt\/napa-racing-weekend-reuniu-cerca-de-3-mil-convidados\/","title":{"rendered":"NAPA RACING WEEKEND reuniu cerca de 3 mil convidados"},"content":{"rendered":"<p><strong><img loading=\"lazy\" decoding=\"async\" class=\"alignnone size-full wp-image-86683\" src=\"https:\/\/jornaldasoficinas.com\/pt\/wp-content\/uploads\/2024\/05\/NAPA-RACING-WEEKEND-reuniu-cerca-de-3-mil-convidados.jpg\" alt=\"05 - NAPA RACING WEEKEND reuniu cerca de 3 mil convidados\" width=\"1024\" height=\"581\" srcset=\"https:\/\/jornaldasoficinas.com\/pt\/wp-content\/uploads\/2024\/05\/NAPA-RACING-WEEKEND-reuniu-cerca-de-3-mil-convidados.jpg 1024w, https:\/\/jornaldasoficinas.com\/pt\/wp-content\/uploads\/2024\/05\/NAPA-RACING-WEEKEND-reuniu-cerca-de-3-mil-convidados-300x170.jpg 300w, https:\/\/jornaldasoficinas.com\/pt\/wp-content\/uploads\/2024\/05\/NAPA-RACING-WEEKEND-reuniu-cerca-de-3-mil-convidados-150x85.jpg 150w, https:\/\/jornaldasoficinas.com\/pt\/wp-content\/uploads\/2024\/05\/NAPA-RACING-WEEKEND-reuniu-cerca-de-3-mil-convidados-768x436.jpg 768w\" sizes=\"auto, (max-width: 1024px) 100vw, 1024px\" \/><\/strong><\/p>\n<p><strong>No passado fim de semana, teve lugar no <a href=\"https:\/\/www.jarama.org\/\" target=\"_blank\" rel=\"noopener\">Circuito de Jarama<\/a>, em Madrid, a 7\u00aa edi\u00e7\u00e3o do <a href=\"https:\/\/napaautoparts.eu\/pt\/\" target=\"_blank\" rel=\"noopener\">NAPA RACING WEEKEND<\/a>, a primeira de 2024<\/strong><\/p>\n<p>O evento reuniu diversas modalidades (Iberian Historic Endurance, Carrera de los 80, Supercars Championship ou Superseven By Toyo Tire) com o objetivo de proporcionar momentos de divers\u00e3o aos entusiastas e respetivas fam\u00edlias, quer dentro como fora da pista. De forma a unir a competi\u00e7\u00e3o e a NAPA, marca de pe\u00e7as de reposi\u00e7\u00e3o, todas estas modalidades estiveram presentes no mesmo fim de semana, com aproximadamente 3 mil convidados.<\/p>\n<p>Os participantes do evento puderam desfrutar de carros lend\u00e1rios como BMW, Audi, Porsche 911, Mustang FR Lotus Elan ou Mercedes AMG, que causaram sensa\u00e7\u00e3o entre os entusiastas do automobilismo.<\/p>\n<p>A NAPA esteve presente em todos os cantos do evento com o Stand NAPA. Na \u00e1rea do paddock, os participantes puderam desfrutar de diversas atividades para crian\u00e7as e adultos, com simuladores de F\u00f3rmula 1, Slot Experience (scalextric), NAPA Easydrift, visita ao Pit Lane, Pit Stop (troca de rodas) e visita exclusiva ao Autoworks. A Box da equipa Motorsport (BMW) onde Borja Hormigos e H\u00e9ctor Hern\u00e1ndez estiveram, explicou a alguns clientes os \u201csegredos\u201d de uma equipa de competi\u00e7\u00e3o.<\/p>\n<p>Neste evento estiveram tamb\u00e9m presentes alguns dos distribuidores oficiais da marca NAPA como: MOTOR DIPER, REPUESTOS VILLAAMIL, REPUESTOS JABE, RECAMBIOS VALLECAS e CRA AUTOMOCI\u00d3N.<\/p>\n<p>&#8220;Na AAG Iberia continuamos a levar a cabo a expans\u00e3o do NAPA conforme planeado e j\u00e1 temos 15 linhas de produtos no mercado&#8221;, afirmou a AAG Iberia em comunicado.<\/p>\n","protected":false},"excerpt":{"rendered":"<p>No passado fim de semana, teve&#8230;<\/p>\n","protected":false},"author":15,"featured_media":86683,"comment_status":"closed","ping_status":"closed","sticky":false,"template":"","format":"standard","meta":{"footnotes":""},"categories":[29],"tags":[9577,9578,4058,4140,5794],"class_list":["post-86670","post","type-post","status-publish","format-standard","has-post-thumbnail","hentry","category-empresas","tag-cerca-de-3-mil-convidados","tag-circuito-de-jarama","tag-competicao","tag-napa","tag-napa-racing-weekend"],"yoast_head":"<!-- This site is optimized with the Yoast SEO plugin v27.4 - https:\/\/yoast.com\/product\/yoast-seo-wordpress\/ -->\n<title>NAPA RACING WEEKEND reuniu cerca de 3 mil convidados - Jornal das Oficinas<\/title>\n<meta name=\"description\" content=\"No passado fim de semana, teve lugar no Circuito de Jarama, em Madrid, a 7\u00aa edi\u00e7\u00e3o do NAPA RACING WEEKEND, a primeira de 2024\" \/>\n<meta name=\"robots\" content=\"index, follow, max-snippet:-1, max-image-preview:large, max-video-preview:-1\" \/>\n<link rel=\"canonical\" href=\"https:\/\/jornaldasoficinas.com\/pt\/napa-racing-weekend-reuniu-cerca-de-3-mil-convidados\/\" \/>\n<meta property=\"og:locale\" content=\"pt_PT\" \/>\n<meta property=\"og:type\" content=\"article\" \/>\n<meta property=\"og:title\" content=\"NAPA RACING WEEKEND reuniu cerca de 3 mil convidados - Jornal das Oficinas\" \/>\n<meta property=\"og:description\" content=\"No passado fim de semana, teve lugar no Circuito de Jarama, em Madrid, a 7\u00aa edi\u00e7\u00e3o do NAPA RACING WEEKEND, a primeira de 2024\" \/>\n<meta property=\"og:url\" content=\"https:\/\/jornaldasoficinas.com\/pt\/napa-racing-weekend-reuniu-cerca-de-3-mil-convidados\/\" \/>\n<meta property=\"og:site_name\" content=\"Jornal das Oficinas\" \/>\n<meta property=\"article:publisher\" content=\"https:\/\/www.facebook.com\/jornaloficinas\" \/>\n<meta property=\"article:published_time\" content=\"2024-06-19T17:00:08+00:00\" \/>\n<meta property=\"og:image\" content=\"https:\/\/jornaldasoficinas.com\/pt\/wp-content\/uploads\/2024\/05\/NAPA-RACING-WEEKEND-reuniu-cerca-de-3-mil-convidados.jpg\" \/>\n\t<meta property=\"og:image:width\" content=\"1024\" \/>\n\t<meta property=\"og:image:height\" content=\"581\" \/>\n\t<meta property=\"og:image:type\" content=\"image\/jpeg\" \/>\n<meta name=\"author\" content=\"Reda\u00e7\u00e3o JO\" \/>\n<meta name=\"twitter:card\" content=\"summary_large_image\" \/>\n<meta name=\"twitter:creator\" content=\"@jornaloficinas\" \/>\n<meta name=\"twitter:site\" content=\"@jornaloficinas\" \/>\n<meta name=\"twitter:label1\" content=\"Escrito por\" \/>\n\t<meta name=\"twitter:data1\" content=\"Reda\u00e7\u00e3o JO\" \/>\n\t<meta name=\"twitter:label2\" content=\"Tempo estimado de leitura\" \/>\n\t<meta name=\"twitter:data2\" content=\"2 minutos\" \/>\n<script type=\"application\/ld+json\" class=\"yoast-schema-graph\">{\"@context\":\"https:\\\/\\\/schema.org\",\"@graph\":[{\"@type\":\"Article\",\"@id\":\"https:\\\/\\\/jornaldasoficinas.com\\\/pt\\\/napa-racing-weekend-reuniu-cerca-de-3-mil-convidados\\\/#article\",\"isPartOf\":{\"@id\":\"https:\\\/\\\/jornaldasoficinas.com\\\/pt\\\/napa-racing-weekend-reuniu-cerca-de-3-mil-convidados\\\/\"},\"author\":{\"name\":\"Reda\u00e7\u00e3o JO\",\"@id\":\"https:\\\/\\\/jornaldasoficinas.com\\\/pt\\\/#\\\/schema\\\/person\\\/a38eef5de2c41d9e7c9ac10141afddf3\"},\"headline\":\"NAPA RACING WEEKEND reuniu cerca de 3 mil convidados\",\"datePublished\":\"2024-06-19T17:00:08+00:00\",\"mainEntityOfPage\":{\"@id\":\"https:\\\/\\\/jornaldasoficinas.com\\\/pt\\\/napa-racing-weekend-reuniu-cerca-de-3-mil-convidados\\\/\"},\"wordCount\":267,\"publisher\":{\"@id\":\"https:\\\/\\\/jornaldasoficinas.com\\\/pt\\\/#organization\"},\"image\":{\"@id\":\"https:\\\/\\\/jornaldasoficinas.com\\\/pt\\\/napa-racing-weekend-reuniu-cerca-de-3-mil-convidados\\\/#primaryimage\"},\"thumbnailUrl\":\"https:\\\/\\\/jornaldasoficinas.com\\\/pt\\\/wp-content\\\/uploads\\\/2024\\\/05\\\/NAPA-RACING-WEEKEND-reuniu-cerca-de-3-mil-convidados.jpg\",\"keywords\":[\"cerca de 3 mil convidados\",\"Circuito de Jarama\",\"Competi\u00e7\u00e3o\",\"NAPA\",\"NAPA Racing Weekend\"],\"articleSection\":[\"Empresas\"],\"inLanguage\":\"pt-PT\"},{\"@type\":\"WebPage\",\"@id\":\"https:\\\/\\\/jornaldasoficinas.com\\\/pt\\\/napa-racing-weekend-reuniu-cerca-de-3-mil-convidados\\\/\",\"url\":\"https:\\\/\\\/jornaldasoficinas.com\\\/pt\\\/napa-racing-weekend-reuniu-cerca-de-3-mil-convidados\\\/\",\"name\":\"NAPA RACING WEEKEND reuniu cerca de 3 mil convidados - Jornal das Oficinas\",\"isPartOf\":{\"@id\":\"https:\\\/\\\/jornaldasoficinas.com\\\/pt\\\/#website\"},\"primaryImageOfPage\":{\"@id\":\"https:\\\/\\\/jornaldasoficinas.com\\\/pt\\\/napa-racing-weekend-reuniu-cerca-de-3-mil-convidados\\\/#primaryimage\"},\"image\":{\"@id\":\"https:\\\/\\\/jornaldasoficinas.com\\\/pt\\\/napa-racing-weekend-reuniu-cerca-de-3-mil-convidados\\\/#primaryimage\"},\"thumbnailUrl\":\"https:\\\/\\\/jornaldasoficinas.com\\\/pt\\\/wp-content\\\/uploads\\\/2024\\\/05\\\/NAPA-RACING-WEEKEND-reuniu-cerca-de-3-mil-convidados.jpg\",\"datePublished\":\"2024-06-19T17:00:08+00:00\",\"description\":\"No passado fim de semana, teve lugar no Circuito de Jarama, em Madrid, a 7\u00aa edi\u00e7\u00e3o do NAPA RACING WEEKEND, a primeira de 2024\",\"breadcrumb\":{\"@id\":\"https:\\\/\\\/jornaldasoficinas.com\\\/pt\\\/napa-racing-weekend-reuniu-cerca-de-3-mil-convidados\\\/#breadcrumb\"},\"inLanguage\":\"pt-PT\",\"potentialAction\":[{\"@type\":\"ReadAction\",\"target\":[\"https:\\\/\\\/jornaldasoficinas.com\\\/pt\\\/napa-racing-weekend-reuniu-cerca-de-3-mil-convidados\\\/\"]}]},{\"@type\":\"ImageObject\",\"inLanguage\":\"pt-PT\",\"@id\":\"https:\\\/\\\/jornaldasoficinas.com\\\/pt\\\/napa-racing-weekend-reuniu-cerca-de-3-mil-convidados\\\/#primaryimage\",\"url\":\"https:\\\/\\\/jornaldasoficinas.com\\\/pt\\\/wp-content\\\/uploads\\\/2024\\\/05\\\/NAPA-RACING-WEEKEND-reuniu-cerca-de-3-mil-convidados.jpg\",\"contentUrl\":\"https:\\\/\\\/jornaldasoficinas.com\\\/pt\\\/wp-content\\\/uploads\\\/2024\\\/05\\\/NAPA-RACING-WEEKEND-reuniu-cerca-de-3-mil-convidados.jpg\",\"width\":1024,\"height\":581,\"caption\":\"05 - NAPA RACING WEEKEND reuniu cerca de 3 mil convidados\"},{\"@type\":\"BreadcrumbList\",\"@id\":\"https:\\\/\\\/jornaldasoficinas.com\\\/pt\\\/napa-racing-weekend-reuniu-cerca-de-3-mil-convidados\\\/#breadcrumb\",\"itemListElement\":[{\"@type\":\"ListItem\",\"position\":1,\"name\":\"In\u00edcio\",\"item\":\"https:\\\/\\\/jornaldasoficinas.com\\\/pt\\\/\"},{\"@type\":\"ListItem\",\"position\":2,\"name\":\"NAPA RACING WEEKEND reuniu cerca de 3 mil convidados\"}]},{\"@type\":\"WebSite\",\"@id\":\"https:\\\/\\\/jornaldasoficinas.com\\\/pt\\\/#website\",\"url\":\"https:\\\/\\\/jornaldasoficinas.com\\\/pt\\\/\",\"name\":\"Jornal das Oficinas\",\"description\":\"Jornal independente do Aftermarket Autom\u00f3vel em Portugal\",\"publisher\":{\"@id\":\"https:\\\/\\\/jornaldasoficinas.com\\\/pt\\\/#organization\"},\"potentialAction\":[{\"@type\":\"SearchAction\",\"target\":{\"@type\":\"EntryPoint\",\"urlTemplate\":\"https:\\\/\\\/jornaldasoficinas.com\\\/pt\\\/?s={search_term_string}\"},\"query-input\":{\"@type\":\"PropertyValueSpecification\",\"valueRequired\":true,\"valueName\":\"search_term_string\"}}],\"inLanguage\":\"pt-PT\"},{\"@type\":\"Organization\",\"@id\":\"https:\\\/\\\/jornaldasoficinas.com\\\/pt\\\/#organization\",\"name\":\"Jornal das Oficinas\",\"url\":\"https:\\\/\\\/jornaldasoficinas.com\\\/pt\\\/\",\"logo\":{\"@type\":\"ImageObject\",\"inLanguage\":\"pt-PT\",\"@id\":\"https:\\\/\\\/jornaldasoficinas.com\\\/pt\\\/#\\\/schema\\\/logo\\\/image\\\/\",\"url\":\"https:\\\/\\\/jornaldasoficinas.com\\\/pt\\\/wp-content\\\/uploads\\\/logoJO-SEO.png\",\"contentUrl\":\"https:\\\/\\\/jornaldasoficinas.com\\\/pt\\\/wp-content\\\/uploads\\\/logoJO-SEO.png\",\"width\":285,\"height\":450,\"caption\":\"Jornal das Oficinas\"},\"image\":{\"@id\":\"https:\\\/\\\/jornaldasoficinas.com\\\/pt\\\/#\\\/schema\\\/logo\\\/image\\\/\"},\"sameAs\":[\"https:\\\/\\\/www.facebook.com\\\/jornaloficinas\",\"https:\\\/\\\/x.com\\\/jornaloficinas\",\"https:\\\/\\\/www.instagram.com\\\/jornal_oficinas\\\/\",\"https:\\\/\\\/www.linkedin.com\\\/company\\\/jornal-das-oficinas\\\/\",\"https:\\\/\\\/www.youtube.com\\\/channel\\\/UCbQZBqtcvV-oSQrr7RzINGg\"]},{\"@type\":\"Person\",\"@id\":\"https:\\\/\\\/jornaldasoficinas.com\\\/pt\\\/#\\\/schema\\\/person\\\/a38eef5de2c41d9e7c9ac10141afddf3\",\"name\":\"Reda\u00e7\u00e3o JO\",\"image\":{\"@type\":\"ImageObject\",\"inLanguage\":\"pt-PT\",\"@id\":\"https:\\\/\\\/secure.gravatar.com\\\/avatar\\\/71f2fa71737ad68a84fea94bc708ddac8ea5b0c4788dc2ad202f3ccb2887742f?s=96&d=wp_user_avatar&r=g\",\"url\":\"https:\\\/\\\/secure.gravatar.com\\\/avatar\\\/71f2fa71737ad68a84fea94bc708ddac8ea5b0c4788dc2ad202f3ccb2887742f?s=96&d=wp_user_avatar&r=g\",\"contentUrl\":\"https:\\\/\\\/secure.gravatar.com\\\/avatar\\\/71f2fa71737ad68a84fea94bc708ddac8ea5b0c4788dc2ad202f3ccb2887742f?s=96&d=wp_user_avatar&r=g\",\"caption\":\"Reda\u00e7\u00e3o JO\"},\"url\":\"https:\\\/\\\/jornaldasoficinas.com\\\/pt\\\/author\\\/joredacao\\\/\"}]}<\/script>\n<!-- \/ Yoast SEO plugin. -->","yoast_head_json":{"title":"NAPA RACING WEEKEND reuniu cerca de 3 mil convidados - Jornal das Oficinas","description":"No passado fim de semana, teve lugar no Circuito de Jarama, em Madrid, a 7\u00aa edi\u00e7\u00e3o do NAPA RACING WEEKEND, a primeira de 2024","robots":{"index":"index","follow":"follow","max-snippet":"max-snippet:-1","max-image-preview":"max-image-preview:large","max-video-preview":"max-video-preview:-1"},"canonical":"https:\/\/jornaldasoficinas.com\/pt\/napa-racing-weekend-reuniu-cerca-de-3-mil-convidados\/","og_locale":"pt_PT","og_type":"article","og_title":"NAPA RACING WEEKEND reuniu cerca de 3 mil convidados - Jornal das Oficinas","og_description":"No passado fim de semana, teve lugar no Circuito de Jarama, em Madrid, a 7\u00aa edi\u00e7\u00e3o do NAPA RACING WEEKEND, a primeira de 2024","og_url":"https:\/\/jornaldasoficinas.com\/pt\/napa-racing-weekend-reuniu-cerca-de-3-mil-convidados\/","og_site_name":"Jornal das Oficinas","article_publisher":"https:\/\/www.facebook.com\/jornaloficinas","article_published_time":"2024-06-19T17:00:08+00:00","og_image":[{"width":1024,"height":581,"url":"https:\/\/jornaldasoficinas.com\/pt\/wp-content\/uploads\/2024\/05\/NAPA-RACING-WEEKEND-reuniu-cerca-de-3-mil-convidados.jpg","type":"image\/jpeg"}],"author":"Reda\u00e7\u00e3o JO","twitter_card":"summary_large_image","twitter_creator":"@jornaloficinas","twitter_site":"@jornaloficinas","twitter_misc":{"Escrito por":"Reda\u00e7\u00e3o JO","Tempo estimado de leitura":"2 minutos"},"schema":{"@context":"https:\/\/schema.org","@graph":[{"@type":"Article","@id":"https:\/\/jornaldasoficinas.com\/pt\/napa-racing-weekend-reuniu-cerca-de-3-mil-convidados\/#article","isPartOf":{"@id":"https:\/\/jornaldasoficinas.com\/pt\/napa-racing-weekend-reuniu-cerca-de-3-mil-convidados\/"},"author":{"name":"Reda\u00e7\u00e3o JO","@id":"https:\/\/jornaldasoficinas.com\/pt\/#\/schema\/person\/a38eef5de2c41d9e7c9ac10141afddf3"},"headline":"NAPA RACING WEEKEND reuniu cerca de 3 mil convidados","datePublished":"2024-06-19T17:00:08+00:00","mainEntityOfPage":{"@id":"https:\/\/jornaldasoficinas.com\/pt\/napa-racing-weekend-reuniu-cerca-de-3-mil-convidados\/"},"wordCount":267,"publisher":{"@id":"https:\/\/jornaldasoficinas.com\/pt\/#organization"},"image":{"@id":"https:\/\/jornaldasoficinas.com\/pt\/napa-racing-weekend-reuniu-cerca-de-3-mil-convidados\/#primaryimage"},"thumbnailUrl":"https:\/\/jornaldasoficinas.com\/pt\/wp-content\/uploads\/2024\/05\/NAPA-RACING-WEEKEND-reuniu-cerca-de-3-mil-convidados.jpg","keywords":["cerca de 3 mil convidados","Circuito de Jarama","Competi\u00e7\u00e3o","NAPA","NAPA Racing Weekend"],"articleSection":["Empresas"],"inLanguage":"pt-PT"},{"@type":"WebPage","@id":"https:\/\/jornaldasoficinas.com\/pt\/napa-racing-weekend-reuniu-cerca-de-3-mil-convidados\/","url":"https:\/\/jornaldasoficinas.com\/pt\/napa-racing-weekend-reuniu-cerca-de-3-mil-convidados\/","name":"NAPA RACING WEEKEND reuniu cerca de 3 mil convidados - Jornal das Oficinas","isPartOf":{"@id":"https:\/\/jornaldasoficinas.com\/pt\/#website"},"primaryImageOfPage":{"@id":"https:\/\/jornaldasoficinas.com\/pt\/napa-racing-weekend-reuniu-cerca-de-3-mil-convidados\/#primaryimage"},"image":{"@id":"https:\/\/jornaldasoficinas.com\/pt\/napa-racing-weekend-reuniu-cerca-de-3-mil-convidados\/#primaryimage"},"thumbnailUrl":"https:\/\/jornaldasoficinas.com\/pt\/wp-content\/uploads\/2024\/05\/NAPA-RACING-WEEKEND-reuniu-cerca-de-3-mil-convidados.jpg","datePublished":"2024-06-19T17:00:08+00:00","description":"No passado fim de semana, teve lugar no Circuito de Jarama, em Madrid, a 7\u00aa edi\u00e7\u00e3o do NAPA RACING WEEKEND, a primeira de 2024","breadcrumb":{"@id":"https:\/\/jornaldasoficinas.com\/pt\/napa-racing-weekend-reuniu-cerca-de-3-mil-convidados\/#breadcrumb"},"inLanguage":"pt-PT","potentialAction":[{"@type":"ReadAction","target":["https:\/\/jornaldasoficinas.com\/pt\/napa-racing-weekend-reuniu-cerca-de-3-mil-convidados\/"]}]},{"@type":"ImageObject","inLanguage":"pt-PT","@id":"https:\/\/jornaldasoficinas.com\/pt\/napa-racing-weekend-reuniu-cerca-de-3-mil-convidados\/#primaryimage","url":"https:\/\/jornaldasoficinas.com\/pt\/wp-content\/uploads\/2024\/05\/NAPA-RACING-WEEKEND-reuniu-cerca-de-3-mil-convidados.jpg","contentUrl":"https:\/\/jornaldasoficinas.com\/pt\/wp-content\/uploads\/2024\/05\/NAPA-RACING-WEEKEND-reuniu-cerca-de-3-mil-convidados.jpg","width":1024,"height":581,"caption":"05 - NAPA RACING WEEKEND reuniu cerca de 3 mil convidados"},{"@type":"BreadcrumbList","@id":"https:\/\/jornaldasoficinas.com\/pt\/napa-racing-weekend-reuniu-cerca-de-3-mil-convidados\/#breadcrumb","itemListElement":[{"@type":"ListItem","position":1,"name":"In\u00edcio","item":"https:\/\/jornaldasoficinas.com\/pt\/"},{"@type":"ListItem","position":2,"name":"NAPA RACING WEEKEND reuniu cerca de 3 mil convidados"}]},{"@type":"WebSite","@id":"https:\/\/jornaldasoficinas.com\/pt\/#website","url":"https:\/\/jornaldasoficinas.com\/pt\/","name":"Jornal das Oficinas","description":"Jornal independente do Aftermarket Autom\u00f3vel em Portugal","publisher":{"@id":"https:\/\/jornaldasoficinas.com\/pt\/#organization"},"potentialAction":[{"@type":"SearchAction","target":{"@type":"EntryPoint","urlTemplate":"https:\/\/jornaldasoficinas.com\/pt\/?s={search_term_string}"},"query-input":{"@type":"PropertyValueSpecification","valueRequired":true,"valueName":"search_term_string"}}],"inLanguage":"pt-PT"},{"@type":"Organization","@id":"https:\/\/jornaldasoficinas.com\/pt\/#organization","name":"Jornal das Oficinas","url":"https:\/\/jornaldasoficinas.com\/pt\/","logo":{"@type":"ImageObject","inLanguage":"pt-PT","@id":"https:\/\/jornaldasoficinas.com\/pt\/#\/schema\/logo\/image\/","url":"https:\/\/jornaldasoficinas.com\/pt\/wp-content\/uploads\/logoJO-SEO.png","contentUrl":"https:\/\/jornaldasoficinas.com\/pt\/wp-content\/uploads\/logoJO-SEO.png","width":285,"height":450,"caption":"Jornal das Oficinas"},"image":{"@id":"https:\/\/jornaldasoficinas.com\/pt\/#\/schema\/logo\/image\/"},"sameAs":["https:\/\/www.facebook.com\/jornaloficinas","https:\/\/x.com\/jornaloficinas","https:\/\/www.instagram.com\/jornal_oficinas\/","https:\/\/www.linkedin.com\/company\/jornal-das-oficinas\/","https:\/\/www.youtube.com\/channel\/UCbQZBqtcvV-oSQrr7RzINGg"]},{"@type":"Person","@id":"https:\/\/jornaldasoficinas.com\/pt\/#\/schema\/person\/a38eef5de2c41d9e7c9ac10141afddf3","name":"Reda\u00e7\u00e3o JO","image":{"@type":"ImageObject","inLanguage":"pt-PT","@id":"https:\/\/secure.gravatar.com\/avatar\/71f2fa71737ad68a84fea94bc708ddac8ea5b0c4788dc2ad202f3ccb2887742f?s=96&d=wp_user_avatar&r=g","url":"https:\/\/secure.gravatar.com\/avatar\/71f2fa71737ad68a84fea94bc708ddac8ea5b0c4788dc2ad202f3ccb2887742f?s=96&d=wp_user_avatar&r=g","contentUrl":"https:\/\/secure.gravatar.com\/avatar\/71f2fa71737ad68a84fea94bc708ddac8ea5b0c4788dc2ad202f3ccb2887742f?s=96&d=wp_user_avatar&r=g","caption":"Reda\u00e7\u00e3o JO"},"url":"https:\/\/jornaldasoficinas.com\/pt\/author\/joredacao\/"}]}},"_links":{"self":[{"href":"https:\/\/jornaldasoficinas.com\/pt\/wp-json\/wp\/v2\/posts\/86670","targetHints":{"allow":["GET"]}}],"collection":[{"href":"https:\/\/jornaldasoficinas.com\/pt\/wp-json\/wp\/v2\/posts"}],"about":[{"href":"https:\/\/jornaldasoficinas.com\/pt\/wp-json\/wp\/v2\/types\/post"}],"author":[{"embeddable":true,"href":"https:\/\/jornaldasoficinas.com\/pt\/wp-json\/wp\/v2\/users\/15"}],"replies":[{"embeddable":true,"href":"https:\/\/jornaldasoficinas.com\/pt\/wp-json\/wp\/v2\/comments?post=86670"}],"version-history":[{"count":0,"href":"https:\/\/jornaldasoficinas.com\/pt\/wp-json\/wp\/v2\/posts\/86670\/revisions"}],"wp:featuredmedia":[{"embeddable":true,"href":"https:\/\/jornaldasoficinas.com\/pt\/wp-json\/wp\/v2\/media\/86683"}],"wp:attachment":[{"href":"https:\/\/jornaldasoficinas.com\/pt\/wp-json\/wp\/v2\/media?parent=86670"}],"wp:term":[{"taxonomy":"category","embeddable":true,"href":"https:\/\/jornaldasoficinas.com\/pt\/wp-json\/wp\/v2\/categories?post=86670"},{"taxonomy":"post_tag","embeddable":true,"href":"https:\/\/jornaldasoficinas.com\/pt\/wp-json\/wp\/v2\/tags?post=86670"}],"curies":[{"name":"wp","href":"https:\/\/api.w.org\/{rel}","templated":true}]}}