{"id":86981,"date":"2024-06-25T16:00:07","date_gmt":"2024-06-25T15:00:07","guid":{"rendered":"https:\/\/jornaldasoficinas.com\/pt\/?p=86981"},"modified":"2024-06-25T14:36:57","modified_gmt":"2024-06-25T13:36:57","slug":"olipes-e-fjs-destacam-novidades-no-snt","status":"publish","type":"post","link":"https:\/\/jornaldasoficinas.com\/pt\/olipes-e-fjs-destacam-novidades-no-snt\/","title":{"rendered":"Olipes e FJS destacam novidades no SNT"},"content":{"rendered":"<p><strong><img loading=\"lazy\" decoding=\"async\" class=\"alignnone size-full wp-image-86986\" src=\"https:\/\/jornaldasoficinas.com\/pt\/wp-content\/uploads\/2024\/05\/Olipes-e-FJS-destacam-novidades-no-SNT-.jpg\" alt=\"05 - Olipes e FJS destacam novidades no SNT \" width=\"1024\" height=\"581\" srcset=\"https:\/\/jornaldasoficinas.com\/pt\/wp-content\/uploads\/2024\/05\/Olipes-e-FJS-destacam-novidades-no-SNT-.jpg 1024w, https:\/\/jornaldasoficinas.com\/pt\/wp-content\/uploads\/2024\/05\/Olipes-e-FJS-destacam-novidades-no-SNT--300x170.jpg 300w, https:\/\/jornaldasoficinas.com\/pt\/wp-content\/uploads\/2024\/05\/Olipes-e-FJS-destacam-novidades-no-SNT--150x85.jpg 150w, https:\/\/jornaldasoficinas.com\/pt\/wp-content\/uploads\/2024\/05\/Olipes-e-FJS-destacam-novidades-no-SNT--768x436.jpg 768w\" sizes=\"auto, (max-width: 1024px) 100vw, 1024px\" \/><\/strong><\/p>\n<p><strong>A <a href=\"https:\/\/www.olipes.com\/eu\/pt\/\" target=\"_blank\" rel=\"noopener\">Olipes<\/a> e a <a href=\"https:\/\/www.fjslubrificantes.pt\/\" target=\"_blank\" rel=\"noopener\">FJS<\/a> v\u00e3o marcar presen\u00e7a na s\u00e9tima edi\u00e7\u00e3o do <a href=\"https:\/\/salaonacionaldotransporte.pt\/\">Sal\u00e3o Nacional dos Transportes<\/a>, de 5 a 7 de julho no Pavilh\u00e3o Expocentro, em Pombal<\/strong><\/p>\n<p>A Olipes e a sua parceira FJS Lubrificantes, importadora e distribuidora da marca em Portugal, v\u00e3o estar presentes na s\u00e9tima edi\u00e7\u00e3o do Sal\u00e3o Nacional dos Transportes, que se realiza de 5 a 7 de julho no Pavilh\u00e3o Expocentro, em Pombal, Leiria.<\/p>\n<p>Neste evento, ambas as empresas ir\u00e3o apresentar as \u00faltimas novidades fabricadas pela Olipes para o setor industrial: Maxigras Complex Li-EP, massa complexa de l\u00edtio para aplica\u00e7\u00f5es de alta temperatura em rolamentos e casquilhos de rodas, e Averoil RDE, a gama de lubrificantes para melhor rendimento dos motores Euro VI e anteriores.<\/p>\n<p>O sal\u00e3o, promovido como em edi\u00e7\u00f5es anteriores pela ANTRAM, a Associa\u00e7\u00e3o Nacional de Transportadores P\u00fablicos de Mercadorias por Estrada de Portugal, e dedicado exclusivamente ao setor dos transportes de mercadorias por estrada, converter-se-\u00e1 novamente num ponto de encontro para os profissionais dos transportes: empres\u00e1rios, condutores, fornecedores e clientes finais.<\/p>\n<p>A Olipes e a FJS ir\u00e3o dispor do seu pr\u00f3prio espa\u00e7o de exposi\u00e7\u00f5es, um stand onde ser\u00e1 apresentada a vasta gama de produtos da Olipes para os profissionais dos transportes por estrada, tais como a sua gama de lubrificantes para motores Averoil), aprovados pela API, com homologa\u00e7\u00f5es dos principais fabricantes e especialmente desenvolvidos para satisfazerem as mais severas exig\u00eancias de lubrifica\u00e7\u00e3o dos modernos motores Euro VI, Stage V da UE, Tier 4 final da EPA e Stage VI da RPC; mec\u00e2nicas que incluem a inje\u00e7\u00e3o de combust\u00edvel PDE e XPI, monitoriza\u00e7\u00e3o cont\u00ednua do motor, filtro de \u00f3leo centr\u00edfugo e novos catalisadores, que t\u00eam que funcionar em regimes de servi\u00e7o muito severos e com longos intervalos de mudan\u00e7a de \u00f3leo.<\/p>\n<p>Tal como aconteceu na edi\u00e7\u00e3o anterior, expor-se-\u00e1 uma vasta representa\u00e7\u00e3o do cat\u00e1logo de massas Maxigras, que se caracterizam pela sua &#8220;alta resist\u00eancia&#8221; \u00e0 lavagem com \u00e1gua e alta capacidade para suportarem fortes cargas de choque como, por exemplo, em elementos deslizantes, rolamentos, casquilhos de rodas, chassis, molas e na chamada &#8220;quinta roda&#8221; (o elemento de acoplagem ou engate que une o reboque ao ve\u00edculo trator).<\/p>\n<p>&#8220;O Sal\u00e3o Nacional dos Transportes de Portugal \u00e9 um encontro inevit\u00e1vel para a Olipes e a FJS, com a qual, al\u00e9m de mostrarmos uma boa parte do nosso cat\u00e1logo de produtos para o vasto setor dos transportes por estrada e fora-de-estrada, novamente nos aproximaremos pessoalmente aos muitos distribuidores e revendedores que se dirigir\u00e3o ao encontro, aos quais mostraremos todas as nossas novidades e solu\u00e7\u00f5es que desenvolvemos para o setor dos transportes, ao mesmo tempo que prestaremos assessoria a todos os profissionais para obterem o maior rendimento dos seus ve\u00edculos com a Olipes&#8221;, explicou Fernando D\u00edaz, co-diretor geral executivo da Olipes.<\/p>\n<p>&nbsp;<\/p>\n","protected":false},"excerpt":{"rendered":"<p>A Olipes e a FJS v\u00e3o&#8230;<\/p>\n","protected":false},"author":15,"featured_media":86986,"comment_status":"closed","ping_status":"closed","sticky":false,"template":"","format":"standard","meta":{"footnotes":""},"categories":[29],"tags":[9656,6929,1028,5671,9655],"class_list":["post-86981","post","type-post","status-publish","format-standard","has-post-thumbnail","hentry","category-empresas","tag-fjs","tag-novidades","tag-olipes","tag-pavilhao-expocentro","tag-salao-nacional-de-transportes"],"yoast_head":"<!-- This site is optimized with the Yoast SEO plugin v27.4 - https:\/\/yoast.com\/product\/yoast-seo-wordpress\/ -->\n<title>Olipes e FJS destacam novidades no SNT - Jornal das Oficinas<\/title>\n<meta name=\"description\" content=\"A Olipes e a FJS v\u00e3o marcar presen\u00e7a na s\u00e9tima edi\u00e7\u00e3o do Sal\u00e3o Nacional dos Transportes, de 5 a 7 de julho no Pavilh\u00e3o Expocentro, em Pombal\" \/>\n<meta name=\"robots\" content=\"index, follow, max-snippet:-1, max-image-preview:large, max-video-preview:-1\" \/>\n<link rel=\"canonical\" href=\"https:\/\/jornaldasoficinas.com\/pt\/olipes-e-fjs-destacam-novidades-no-snt\/\" \/>\n<meta property=\"og:locale\" content=\"pt_PT\" \/>\n<meta property=\"og:type\" content=\"article\" \/>\n<meta property=\"og:title\" content=\"Olipes e FJS destacam novidades no SNT - Jornal das Oficinas\" \/>\n<meta property=\"og:description\" content=\"A Olipes e a FJS v\u00e3o marcar presen\u00e7a na s\u00e9tima edi\u00e7\u00e3o do Sal\u00e3o Nacional dos Transportes, de 5 a 7 de julho no Pavilh\u00e3o Expocentro, em Pombal\" \/>\n<meta property=\"og:url\" content=\"https:\/\/jornaldasoficinas.com\/pt\/olipes-e-fjs-destacam-novidades-no-snt\/\" \/>\n<meta property=\"og:site_name\" content=\"Jornal das Oficinas\" \/>\n<meta property=\"article:publisher\" content=\"https:\/\/www.facebook.com\/jornaloficinas\" \/>\n<meta property=\"article:published_time\" content=\"2024-06-25T15:00:07+00:00\" \/>\n<meta property=\"og:image\" content=\"https:\/\/jornaldasoficinas.com\/pt\/wp-content\/uploads\/2024\/05\/Olipes-e-FJS-destacam-novidades-no-SNT-.jpg\" \/>\n\t<meta property=\"og:image:width\" content=\"1024\" \/>\n\t<meta property=\"og:image:height\" content=\"581\" \/>\n\t<meta property=\"og:image:type\" content=\"image\/jpeg\" \/>\n<meta name=\"author\" content=\"Reda\u00e7\u00e3o JO\" \/>\n<meta name=\"twitter:card\" content=\"summary_large_image\" \/>\n<meta name=\"twitter:creator\" content=\"@jornaloficinas\" \/>\n<meta name=\"twitter:site\" content=\"@jornaloficinas\" \/>\n<meta name=\"twitter:label1\" content=\"Escrito por\" \/>\n\t<meta name=\"twitter:data1\" content=\"Reda\u00e7\u00e3o JO\" \/>\n\t<meta name=\"twitter:label2\" content=\"Tempo estimado de leitura\" \/>\n\t<meta name=\"twitter:data2\" content=\"3 minutos\" \/>\n<script type=\"application\/ld+json\" class=\"yoast-schema-graph\">{\"@context\":\"https:\\\/\\\/schema.org\",\"@graph\":[{\"@type\":\"Article\",\"@id\":\"https:\\\/\\\/jornaldasoficinas.com\\\/pt\\\/olipes-e-fjs-destacam-novidades-no-snt\\\/#article\",\"isPartOf\":{\"@id\":\"https:\\\/\\\/jornaldasoficinas.com\\\/pt\\\/olipes-e-fjs-destacam-novidades-no-snt\\\/\"},\"author\":{\"name\":\"Reda\u00e7\u00e3o JO\",\"@id\":\"https:\\\/\\\/jornaldasoficinas.com\\\/pt\\\/#\\\/schema\\\/person\\\/a38eef5de2c41d9e7c9ac10141afddf3\"},\"headline\":\"Olipes e FJS destacam novidades no SNT\",\"datePublished\":\"2024-06-25T15:00:07+00:00\",\"mainEntityOfPage\":{\"@id\":\"https:\\\/\\\/jornaldasoficinas.com\\\/pt\\\/olipes-e-fjs-destacam-novidades-no-snt\\\/\"},\"wordCount\":501,\"publisher\":{\"@id\":\"https:\\\/\\\/jornaldasoficinas.com\\\/pt\\\/#organization\"},\"image\":{\"@id\":\"https:\\\/\\\/jornaldasoficinas.com\\\/pt\\\/olipes-e-fjs-destacam-novidades-no-snt\\\/#primaryimage\"},\"thumbnailUrl\":\"https:\\\/\\\/jornaldasoficinas.com\\\/pt\\\/wp-content\\\/uploads\\\/2024\\\/05\\\/Olipes-e-FJS-destacam-novidades-no-SNT-.jpg\",\"keywords\":[\"FJS\",\"Novidades\",\"Olipes\",\"Pavilh\u00e3o Expocentro\",\"Sal\u00e3o Nacional de Transportes\"],\"articleSection\":[\"Empresas\"],\"inLanguage\":\"pt-PT\"},{\"@type\":\"WebPage\",\"@id\":\"https:\\\/\\\/jornaldasoficinas.com\\\/pt\\\/olipes-e-fjs-destacam-novidades-no-snt\\\/\",\"url\":\"https:\\\/\\\/jornaldasoficinas.com\\\/pt\\\/olipes-e-fjs-destacam-novidades-no-snt\\\/\",\"name\":\"Olipes e FJS destacam novidades no SNT - Jornal das Oficinas\",\"isPartOf\":{\"@id\":\"https:\\\/\\\/jornaldasoficinas.com\\\/pt\\\/#website\"},\"primaryImageOfPage\":{\"@id\":\"https:\\\/\\\/jornaldasoficinas.com\\\/pt\\\/olipes-e-fjs-destacam-novidades-no-snt\\\/#primaryimage\"},\"image\":{\"@id\":\"https:\\\/\\\/jornaldasoficinas.com\\\/pt\\\/olipes-e-fjs-destacam-novidades-no-snt\\\/#primaryimage\"},\"thumbnailUrl\":\"https:\\\/\\\/jornaldasoficinas.com\\\/pt\\\/wp-content\\\/uploads\\\/2024\\\/05\\\/Olipes-e-FJS-destacam-novidades-no-SNT-.jpg\",\"datePublished\":\"2024-06-25T15:00:07+00:00\",\"description\":\"A Olipes e a FJS v\u00e3o marcar presen\u00e7a na s\u00e9tima edi\u00e7\u00e3o do Sal\u00e3o Nacional dos Transportes, de 5 a 7 de julho no Pavilh\u00e3o Expocentro, em Pombal\",\"breadcrumb\":{\"@id\":\"https:\\\/\\\/jornaldasoficinas.com\\\/pt\\\/olipes-e-fjs-destacam-novidades-no-snt\\\/#breadcrumb\"},\"inLanguage\":\"pt-PT\",\"potentialAction\":[{\"@type\":\"ReadAction\",\"target\":[\"https:\\\/\\\/jornaldasoficinas.com\\\/pt\\\/olipes-e-fjs-destacam-novidades-no-snt\\\/\"]}]},{\"@type\":\"ImageObject\",\"inLanguage\":\"pt-PT\",\"@id\":\"https:\\\/\\\/jornaldasoficinas.com\\\/pt\\\/olipes-e-fjs-destacam-novidades-no-snt\\\/#primaryimage\",\"url\":\"https:\\\/\\\/jornaldasoficinas.com\\\/pt\\\/wp-content\\\/uploads\\\/2024\\\/05\\\/Olipes-e-FJS-destacam-novidades-no-SNT-.jpg\",\"contentUrl\":\"https:\\\/\\\/jornaldasoficinas.com\\\/pt\\\/wp-content\\\/uploads\\\/2024\\\/05\\\/Olipes-e-FJS-destacam-novidades-no-SNT-.jpg\",\"width\":1024,\"height\":581,\"caption\":\"05 - Olipes e FJS destacam novidades no SNT\"},{\"@type\":\"BreadcrumbList\",\"@id\":\"https:\\\/\\\/jornaldasoficinas.com\\\/pt\\\/olipes-e-fjs-destacam-novidades-no-snt\\\/#breadcrumb\",\"itemListElement\":[{\"@type\":\"ListItem\",\"position\":1,\"name\":\"In\u00edcio\",\"item\":\"https:\\\/\\\/jornaldasoficinas.com\\\/pt\\\/\"},{\"@type\":\"ListItem\",\"position\":2,\"name\":\"Olipes e FJS destacam novidades no SNT\"}]},{\"@type\":\"WebSite\",\"@id\":\"https:\\\/\\\/jornaldasoficinas.com\\\/pt\\\/#website\",\"url\":\"https:\\\/\\\/jornaldasoficinas.com\\\/pt\\\/\",\"name\":\"Jornal das Oficinas\",\"description\":\"Jornal independente do Aftermarket Autom\u00f3vel em Portugal\",\"publisher\":{\"@id\":\"https:\\\/\\\/jornaldasoficinas.com\\\/pt\\\/#organization\"},\"potentialAction\":[{\"@type\":\"SearchAction\",\"target\":{\"@type\":\"EntryPoint\",\"urlTemplate\":\"https:\\\/\\\/jornaldasoficinas.com\\\/pt\\\/?s={search_term_string}\"},\"query-input\":{\"@type\":\"PropertyValueSpecification\",\"valueRequired\":true,\"valueName\":\"search_term_string\"}}],\"inLanguage\":\"pt-PT\"},{\"@type\":\"Organization\",\"@id\":\"https:\\\/\\\/jornaldasoficinas.com\\\/pt\\\/#organization\",\"name\":\"Jornal das Oficinas\",\"url\":\"https:\\\/\\\/jornaldasoficinas.com\\\/pt\\\/\",\"logo\":{\"@type\":\"ImageObject\",\"inLanguage\":\"pt-PT\",\"@id\":\"https:\\\/\\\/jornaldasoficinas.com\\\/pt\\\/#\\\/schema\\\/logo\\\/image\\\/\",\"url\":\"https:\\\/\\\/jornaldasoficinas.com\\\/pt\\\/wp-content\\\/uploads\\\/logoJO-SEO.png\",\"contentUrl\":\"https:\\\/\\\/jornaldasoficinas.com\\\/pt\\\/wp-content\\\/uploads\\\/logoJO-SEO.png\",\"width\":285,\"height\":450,\"caption\":\"Jornal das Oficinas\"},\"image\":{\"@id\":\"https:\\\/\\\/jornaldasoficinas.com\\\/pt\\\/#\\\/schema\\\/logo\\\/image\\\/\"},\"sameAs\":[\"https:\\\/\\\/www.facebook.com\\\/jornaloficinas\",\"https:\\\/\\\/x.com\\\/jornaloficinas\",\"https:\\\/\\\/www.instagram.com\\\/jornal_oficinas\\\/\",\"https:\\\/\\\/www.linkedin.com\\\/company\\\/jornal-das-oficinas\\\/\",\"https:\\\/\\\/www.youtube.com\\\/channel\\\/UCbQZBqtcvV-oSQrr7RzINGg\"]},{\"@type\":\"Person\",\"@id\":\"https:\\\/\\\/jornaldasoficinas.com\\\/pt\\\/#\\\/schema\\\/person\\\/a38eef5de2c41d9e7c9ac10141afddf3\",\"name\":\"Reda\u00e7\u00e3o JO\",\"image\":{\"@type\":\"ImageObject\",\"inLanguage\":\"pt-PT\",\"@id\":\"https:\\\/\\\/secure.gravatar.com\\\/avatar\\\/71f2fa71737ad68a84fea94bc708ddac8ea5b0c4788dc2ad202f3ccb2887742f?s=96&d=wp_user_avatar&r=g\",\"url\":\"https:\\\/\\\/secure.gravatar.com\\\/avatar\\\/71f2fa71737ad68a84fea94bc708ddac8ea5b0c4788dc2ad202f3ccb2887742f?s=96&d=wp_user_avatar&r=g\",\"contentUrl\":\"https:\\\/\\\/secure.gravatar.com\\\/avatar\\\/71f2fa71737ad68a84fea94bc708ddac8ea5b0c4788dc2ad202f3ccb2887742f?s=96&d=wp_user_avatar&r=g\",\"caption\":\"Reda\u00e7\u00e3o JO\"},\"url\":\"https:\\\/\\\/jornaldasoficinas.com\\\/pt\\\/author\\\/joredacao\\\/\"}]}<\/script>\n<!-- \/ Yoast SEO plugin. -->","yoast_head_json":{"title":"Olipes e FJS destacam novidades no SNT - Jornal das Oficinas","description":"A Olipes e a FJS v\u00e3o marcar presen\u00e7a na s\u00e9tima edi\u00e7\u00e3o do Sal\u00e3o Nacional dos Transportes, de 5 a 7 de julho no Pavilh\u00e3o Expocentro, em Pombal","robots":{"index":"index","follow":"follow","max-snippet":"max-snippet:-1","max-image-preview":"max-image-preview:large","max-video-preview":"max-video-preview:-1"},"canonical":"https:\/\/jornaldasoficinas.com\/pt\/olipes-e-fjs-destacam-novidades-no-snt\/","og_locale":"pt_PT","og_type":"article","og_title":"Olipes e FJS destacam novidades no SNT - Jornal das Oficinas","og_description":"A Olipes e a FJS v\u00e3o marcar presen\u00e7a na s\u00e9tima edi\u00e7\u00e3o do Sal\u00e3o Nacional dos Transportes, de 5 a 7 de julho no Pavilh\u00e3o Expocentro, em Pombal","og_url":"https:\/\/jornaldasoficinas.com\/pt\/olipes-e-fjs-destacam-novidades-no-snt\/","og_site_name":"Jornal das Oficinas","article_publisher":"https:\/\/www.facebook.com\/jornaloficinas","article_published_time":"2024-06-25T15:00:07+00:00","og_image":[{"width":1024,"height":581,"url":"https:\/\/jornaldasoficinas.com\/pt\/wp-content\/uploads\/2024\/05\/Olipes-e-FJS-destacam-novidades-no-SNT-.jpg","type":"image\/jpeg"}],"author":"Reda\u00e7\u00e3o JO","twitter_card":"summary_large_image","twitter_creator":"@jornaloficinas","twitter_site":"@jornaloficinas","twitter_misc":{"Escrito por":"Reda\u00e7\u00e3o JO","Tempo estimado de leitura":"3 minutos"},"schema":{"@context":"https:\/\/schema.org","@graph":[{"@type":"Article","@id":"https:\/\/jornaldasoficinas.com\/pt\/olipes-e-fjs-destacam-novidades-no-snt\/#article","isPartOf":{"@id":"https:\/\/jornaldasoficinas.com\/pt\/olipes-e-fjs-destacam-novidades-no-snt\/"},"author":{"name":"Reda\u00e7\u00e3o JO","@id":"https:\/\/jornaldasoficinas.com\/pt\/#\/schema\/person\/a38eef5de2c41d9e7c9ac10141afddf3"},"headline":"Olipes e FJS destacam novidades no SNT","datePublished":"2024-06-25T15:00:07+00:00","mainEntityOfPage":{"@id":"https:\/\/jornaldasoficinas.com\/pt\/olipes-e-fjs-destacam-novidades-no-snt\/"},"wordCount":501,"publisher":{"@id":"https:\/\/jornaldasoficinas.com\/pt\/#organization"},"image":{"@id":"https:\/\/jornaldasoficinas.com\/pt\/olipes-e-fjs-destacam-novidades-no-snt\/#primaryimage"},"thumbnailUrl":"https:\/\/jornaldasoficinas.com\/pt\/wp-content\/uploads\/2024\/05\/Olipes-e-FJS-destacam-novidades-no-SNT-.jpg","keywords":["FJS","Novidades","Olipes","Pavilh\u00e3o Expocentro","Sal\u00e3o Nacional de Transportes"],"articleSection":["Empresas"],"inLanguage":"pt-PT"},{"@type":"WebPage","@id":"https:\/\/jornaldasoficinas.com\/pt\/olipes-e-fjs-destacam-novidades-no-snt\/","url":"https:\/\/jornaldasoficinas.com\/pt\/olipes-e-fjs-destacam-novidades-no-snt\/","name":"Olipes e FJS destacam novidades no SNT - Jornal das Oficinas","isPartOf":{"@id":"https:\/\/jornaldasoficinas.com\/pt\/#website"},"primaryImageOfPage":{"@id":"https:\/\/jornaldasoficinas.com\/pt\/olipes-e-fjs-destacam-novidades-no-snt\/#primaryimage"},"image":{"@id":"https:\/\/jornaldasoficinas.com\/pt\/olipes-e-fjs-destacam-novidades-no-snt\/#primaryimage"},"thumbnailUrl":"https:\/\/jornaldasoficinas.com\/pt\/wp-content\/uploads\/2024\/05\/Olipes-e-FJS-destacam-novidades-no-SNT-.jpg","datePublished":"2024-06-25T15:00:07+00:00","description":"A Olipes e a FJS v\u00e3o marcar presen\u00e7a na s\u00e9tima edi\u00e7\u00e3o do Sal\u00e3o Nacional dos Transportes, de 5 a 7 de julho no Pavilh\u00e3o Expocentro, em Pombal","breadcrumb":{"@id":"https:\/\/jornaldasoficinas.com\/pt\/olipes-e-fjs-destacam-novidades-no-snt\/#breadcrumb"},"inLanguage":"pt-PT","potentialAction":[{"@type":"ReadAction","target":["https:\/\/jornaldasoficinas.com\/pt\/olipes-e-fjs-destacam-novidades-no-snt\/"]}]},{"@type":"ImageObject","inLanguage":"pt-PT","@id":"https:\/\/jornaldasoficinas.com\/pt\/olipes-e-fjs-destacam-novidades-no-snt\/#primaryimage","url":"https:\/\/jornaldasoficinas.com\/pt\/wp-content\/uploads\/2024\/05\/Olipes-e-FJS-destacam-novidades-no-SNT-.jpg","contentUrl":"https:\/\/jornaldasoficinas.com\/pt\/wp-content\/uploads\/2024\/05\/Olipes-e-FJS-destacam-novidades-no-SNT-.jpg","width":1024,"height":581,"caption":"05 - Olipes e FJS destacam novidades no SNT"},{"@type":"BreadcrumbList","@id":"https:\/\/jornaldasoficinas.com\/pt\/olipes-e-fjs-destacam-novidades-no-snt\/#breadcrumb","itemListElement":[{"@type":"ListItem","position":1,"name":"In\u00edcio","item":"https:\/\/jornaldasoficinas.com\/pt\/"},{"@type":"ListItem","position":2,"name":"Olipes e FJS destacam novidades no SNT"}]},{"@type":"WebSite","@id":"https:\/\/jornaldasoficinas.com\/pt\/#website","url":"https:\/\/jornaldasoficinas.com\/pt\/","name":"Jornal das Oficinas","description":"Jornal independente do Aftermarket Autom\u00f3vel em Portugal","publisher":{"@id":"https:\/\/jornaldasoficinas.com\/pt\/#organization"},"potentialAction":[{"@type":"SearchAction","target":{"@type":"EntryPoint","urlTemplate":"https:\/\/jornaldasoficinas.com\/pt\/?s={search_term_string}"},"query-input":{"@type":"PropertyValueSpecification","valueRequired":true,"valueName":"search_term_string"}}],"inLanguage":"pt-PT"},{"@type":"Organization","@id":"https:\/\/jornaldasoficinas.com\/pt\/#organization","name":"Jornal das Oficinas","url":"https:\/\/jornaldasoficinas.com\/pt\/","logo":{"@type":"ImageObject","inLanguage":"pt-PT","@id":"https:\/\/jornaldasoficinas.com\/pt\/#\/schema\/logo\/image\/","url":"https:\/\/jornaldasoficinas.com\/pt\/wp-content\/uploads\/logoJO-SEO.png","contentUrl":"https:\/\/jornaldasoficinas.com\/pt\/wp-content\/uploads\/logoJO-SEO.png","width":285,"height":450,"caption":"Jornal das Oficinas"},"image":{"@id":"https:\/\/jornaldasoficinas.com\/pt\/#\/schema\/logo\/image\/"},"sameAs":["https:\/\/www.facebook.com\/jornaloficinas","https:\/\/x.com\/jornaloficinas","https:\/\/www.instagram.com\/jornal_oficinas\/","https:\/\/www.linkedin.com\/company\/jornal-das-oficinas\/","https:\/\/www.youtube.com\/channel\/UCbQZBqtcvV-oSQrr7RzINGg"]},{"@type":"Person","@id":"https:\/\/jornaldasoficinas.com\/pt\/#\/schema\/person\/a38eef5de2c41d9e7c9ac10141afddf3","name":"Reda\u00e7\u00e3o JO","image":{"@type":"ImageObject","inLanguage":"pt-PT","@id":"https:\/\/secure.gravatar.com\/avatar\/71f2fa71737ad68a84fea94bc708ddac8ea5b0c4788dc2ad202f3ccb2887742f?s=96&d=wp_user_avatar&r=g","url":"https:\/\/secure.gravatar.com\/avatar\/71f2fa71737ad68a84fea94bc708ddac8ea5b0c4788dc2ad202f3ccb2887742f?s=96&d=wp_user_avatar&r=g","contentUrl":"https:\/\/secure.gravatar.com\/avatar\/71f2fa71737ad68a84fea94bc708ddac8ea5b0c4788dc2ad202f3ccb2887742f?s=96&d=wp_user_avatar&r=g","caption":"Reda\u00e7\u00e3o JO"},"url":"https:\/\/jornaldasoficinas.com\/pt\/author\/joredacao\/"}]}},"_links":{"self":[{"href":"https:\/\/jornaldasoficinas.com\/pt\/wp-json\/wp\/v2\/posts\/86981","targetHints":{"allow":["GET"]}}],"collection":[{"href":"https:\/\/jornaldasoficinas.com\/pt\/wp-json\/wp\/v2\/posts"}],"about":[{"href":"https:\/\/jornaldasoficinas.com\/pt\/wp-json\/wp\/v2\/types\/post"}],"author":[{"embeddable":true,"href":"https:\/\/jornaldasoficinas.com\/pt\/wp-json\/wp\/v2\/users\/15"}],"replies":[{"embeddable":true,"href":"https:\/\/jornaldasoficinas.com\/pt\/wp-json\/wp\/v2\/comments?post=86981"}],"version-history":[{"count":0,"href":"https:\/\/jornaldasoficinas.com\/pt\/wp-json\/wp\/v2\/posts\/86981\/revisions"}],"wp:featuredmedia":[{"embeddable":true,"href":"https:\/\/jornaldasoficinas.com\/pt\/wp-json\/wp\/v2\/media\/86986"}],"wp:attachment":[{"href":"https:\/\/jornaldasoficinas.com\/pt\/wp-json\/wp\/v2\/media?parent=86981"}],"wp:term":[{"taxonomy":"category","embeddable":true,"href":"https:\/\/jornaldasoficinas.com\/pt\/wp-json\/wp\/v2\/categories?post=86981"},{"taxonomy":"post_tag","embeddable":true,"href":"https:\/\/jornaldasoficinas.com\/pt\/wp-json\/wp\/v2\/tags?post=86981"}],"curies":[{"name":"wp","href":"https:\/\/api.w.org\/{rel}","templated":true}]}}