{"id":86998,"date":"2024-06-26T10:00:48","date_gmt":"2024-06-26T09:00:48","guid":{"rendered":"https:\/\/jornaldasoficinas.com\/pt\/?p=86998"},"modified":"2024-06-25T17:40:33","modified_gmt":"2024-06-25T16:40:33","slug":"unigom-nomeia-nova-gestora-de-comunicacao-corporativa","status":"publish","type":"post","link":"https:\/\/jornaldasoficinas.com\/pt\/unigom-nomeia-nova-gestora-de-comunicacao-corporativa\/","title":{"rendered":"Unigom nomeia nova gestora de comunica\u00e7\u00e3o corporativa"},"content":{"rendered":"<p><strong><img loading=\"lazy\" decoding=\"async\" class=\"alignnone size-full wp-image-87004\" src=\"https:\/\/jornaldasoficinas.com\/pt\/wp-content\/uploads\/2024\/05\/Unigom-nomeia-nova-gestora-de-comunicacao-corporativa.jpg\" alt=\"05 - Unigom nomeia nova gestora de comunicacao corporativa\" width=\"1024\" height=\"581\" srcset=\"https:\/\/jornaldasoficinas.com\/pt\/wp-content\/uploads\/2024\/05\/Unigom-nomeia-nova-gestora-de-comunicacao-corporativa.jpg 1024w, https:\/\/jornaldasoficinas.com\/pt\/wp-content\/uploads\/2024\/05\/Unigom-nomeia-nova-gestora-de-comunicacao-corporativa-300x170.jpg 300w, https:\/\/jornaldasoficinas.com\/pt\/wp-content\/uploads\/2024\/05\/Unigom-nomeia-nova-gestora-de-comunicacao-corporativa-150x85.jpg 150w, https:\/\/jornaldasoficinas.com\/pt\/wp-content\/uploads\/2024\/05\/Unigom-nomeia-nova-gestora-de-comunicacao-corporativa-768x436.jpg 768w\" sizes=\"auto, (max-width: 1024px) 100vw, 1024px\" \/><\/strong><\/p>\n<p><strong>Com mais de 20 anos de experi\u00eancia no setor autom\u00f3vel, Marcella Saracco \u00e9 a nova aposta da <a href=\"https:\/\/www.unigom.it\/en\/home-en\/\" target=\"_blank\" rel=\"noopener\">Unigom<\/a> para a gest\u00e3o de comunica\u00e7\u00e3o da empresa<\/strong><\/p>\n<p>&#8220;A Unigom, especialista na produ\u00e7\u00e3o e fornecimento de componentes de borracha e borracha met\u00e1lica para autom\u00f3veis, tem o prazer de anunciar o in\u00edcio da sua colabora\u00e7\u00e3o com Marcella Saracco, profissional com mais de 20 anos de experi\u00eancia no setor autom\u00f3vel, especializada em marketing e comunica\u00e7\u00e3o&#8221;, avan\u00e7ou a Unigom em comunicado.<\/p>\n<p>Marcella Saracco ir\u00e1 liderar as estrat\u00e9gias de comunica\u00e7\u00e3o corporativa, fortalecendo a marca Unigom tanto ao n\u00edvel nacional como internacional.<\/p>\n<p>Fundada em 1987, a Unigom consolidou-se como uma refer\u00eancia na sua \u00e1rea, com opera\u00e7\u00e3o em diversas unidades de produ\u00e7\u00e3o em It\u00e1lia. &#8220;A empresa est\u00e1 empenhada em manter os mais altos padr\u00f5es de qualidade e oferecer um servi\u00e7o de excel\u00eancia aos seus clientes, garantindo produtos excecionais tanto para o mercado italiano como internacional&#8221;, revelou.<\/p>\n<p>Luciano Palmitessa, Head de Marketing e CEO da Unigom, afirmou: &#8220;Estamos muito satisfeitos por ter uma profissional do calibre da Marcella Saracco para liderar os nossos esfor\u00e7os de comunica\u00e7\u00e3o. A sua vasta experi\u00eancia e habilidades diferenciadoras representam um passo fundamental para o crescimento e fortalecimento de nossa organiza\u00e7\u00e3o&#8221;.<\/p>\n<p>Marcella Saracco tamb\u00e9m expressou o seu entusiasmo: &#8220;Sinto-me honrada por ingressar na Unigom, uma empresa com uma hist\u00f3ria de sucesso e um forte compromisso com a inova\u00e7\u00e3o. Estou ansiosa para contribuir para o alcance dos objetivos corporativos, aprimorando a nossa comunica\u00e7\u00e3o e melhorando ainda mais a reputa\u00e7\u00e3o da marca&#8221;.<\/p>\n<p>&#8220;Com hist\u00f3rico comprovado em marketing, comunica\u00e7\u00e3o e rela\u00e7\u00f5es p\u00fablicas, Marcella ser\u00e1 fundamental na defini\u00e7\u00e3o e implementa\u00e7\u00e3o de estrat\u00e9gias de comunica\u00e7\u00e3o externa, social m\u00e9dia e marketing digital. Ir\u00e1 trabalhar em estreita colabora\u00e7\u00e3o com as equipas internas e parceiros externos para analisar os dados do mercado e monitorar KPIs estrat\u00e9gicos, orientando assim as decis\u00f5es de neg\u00f3cios e apoiando o crescimento cont\u00ednuo da Unigom&#8221;, explicou a empresa.<\/p>\n<p>Ao longo da sua carreira, Marcella Saracco ocupou cargos importantes, como Chefe de Comunica\u00e7\u00e3o e Gerente de Marketing em empresas de prest\u00edgio como Grupo Sogefi, SPX e Delphi. Tamb\u00e9m geriu com sucesso o reposicionamento da marca e implementou programas de lideran\u00e7a inovadora. Na Automobili Lamborghini liderou o relan\u00e7amento da marca e organizou eventos exclusivos.<\/p>\n<p>&#8220;A sua experi\u00eancia em comunica\u00e7\u00e3o global e gest\u00e3o de eventos contribuiu para aumentar a notoriedade da marca e penetrar em novos mercados, ganhando pr\u00e9mios de prest\u00edgio pelas suas estrat\u00e9gias inovadoras&#8221;, esclareceu.<\/p>\n<p>&#8220;A experi\u00eancia internacional e a capacidade de inova\u00e7\u00e3o de Marcella Saracco ser\u00e3o um ativo estrat\u00e9gico para a Unigom, fortalecendo ainda mais a presen\u00e7a e reputa\u00e7\u00e3o da marca em escala global&#8221;, concluiu.<\/p>\n<p>&nbsp;<\/p>\n","protected":false},"excerpt":{"rendered":"<p>Com mais de 20 anos de&#8230;<\/p>\n","protected":false},"author":15,"featured_media":87004,"comment_status":"closed","ping_status":"closed","sticky":false,"template":"","format":"standard","meta":{"footnotes":""},"categories":[29],"tags":[9661,9660,9659,9658,9657],"class_list":["post-86998","post","type-post","status-publish","format-standard","has-post-thumbnail","hentry","category-empresas","tag-comunicacao-global","tag-mais-de-20-anos-de-experiencia","tag-marcella-saracco","tag-nova-gestora-de-comunicacao","tag-unigom"],"yoast_head":"<!-- This site is optimized with the Yoast SEO plugin v27.4 - https:\/\/yoast.com\/product\/yoast-seo-wordpress\/ -->\n<title>Unigom nomeia nova gestora de comunica\u00e7\u00e3o corporativa - Jornal das Oficinas<\/title>\n<meta name=\"description\" content=\"Com mais de 20 anos de experi\u00eancia no setor autom\u00f3vel, Marcella Saracco \u00e9 a nova aposta da Unigom para a gest\u00e3o de comunica\u00e7\u00e3o da empresa\" \/>\n<meta name=\"robots\" content=\"index, follow, max-snippet:-1, max-image-preview:large, max-video-preview:-1\" \/>\n<link rel=\"canonical\" href=\"https:\/\/jornaldasoficinas.com\/pt\/unigom-nomeia-nova-gestora-de-comunicacao-corporativa\/\" \/>\n<meta property=\"og:locale\" content=\"pt_PT\" \/>\n<meta property=\"og:type\" content=\"article\" \/>\n<meta property=\"og:title\" content=\"Unigom nomeia nova gestora de comunica\u00e7\u00e3o corporativa - Jornal das Oficinas\" \/>\n<meta property=\"og:description\" content=\"Com mais de 20 anos de experi\u00eancia no setor autom\u00f3vel, Marcella Saracco \u00e9 a nova aposta da Unigom para a gest\u00e3o de comunica\u00e7\u00e3o da empresa\" \/>\n<meta property=\"og:url\" content=\"https:\/\/jornaldasoficinas.com\/pt\/unigom-nomeia-nova-gestora-de-comunicacao-corporativa\/\" \/>\n<meta property=\"og:site_name\" content=\"Jornal das Oficinas\" \/>\n<meta property=\"article:publisher\" content=\"https:\/\/www.facebook.com\/jornaloficinas\" \/>\n<meta property=\"article:published_time\" content=\"2024-06-26T09:00:48+00:00\" \/>\n<meta property=\"og:image\" content=\"https:\/\/jornaldasoficinas.com\/pt\/wp-content\/uploads\/2024\/05\/Unigom-nomeia-nova-gestora-de-comunicacao-corporativa.jpg\" \/>\n\t<meta property=\"og:image:width\" content=\"1024\" \/>\n\t<meta property=\"og:image:height\" content=\"581\" \/>\n\t<meta property=\"og:image:type\" content=\"image\/jpeg\" \/>\n<meta name=\"author\" content=\"Reda\u00e7\u00e3o JO\" \/>\n<meta name=\"twitter:card\" content=\"summary_large_image\" \/>\n<meta name=\"twitter:creator\" content=\"@jornaloficinas\" \/>\n<meta name=\"twitter:site\" content=\"@jornaloficinas\" \/>\n<meta name=\"twitter:label1\" content=\"Escrito por\" \/>\n\t<meta name=\"twitter:data1\" content=\"Reda\u00e7\u00e3o JO\" \/>\n\t<meta name=\"twitter:label2\" content=\"Tempo estimado de leitura\" \/>\n\t<meta name=\"twitter:data2\" content=\"3 minutos\" \/>\n<script type=\"application\/ld+json\" class=\"yoast-schema-graph\">{\"@context\":\"https:\\\/\\\/schema.org\",\"@graph\":[{\"@type\":\"Article\",\"@id\":\"https:\\\/\\\/jornaldasoficinas.com\\\/pt\\\/unigom-nomeia-nova-gestora-de-comunicacao-corporativa\\\/#article\",\"isPartOf\":{\"@id\":\"https:\\\/\\\/jornaldasoficinas.com\\\/pt\\\/unigom-nomeia-nova-gestora-de-comunicacao-corporativa\\\/\"},\"author\":{\"name\":\"Reda\u00e7\u00e3o JO\",\"@id\":\"https:\\\/\\\/jornaldasoficinas.com\\\/pt\\\/#\\\/schema\\\/person\\\/a38eef5de2c41d9e7c9ac10141afddf3\"},\"headline\":\"Unigom nomeia nova gestora de comunica\u00e7\u00e3o corporativa\",\"datePublished\":\"2024-06-26T09:00:48+00:00\",\"mainEntityOfPage\":{\"@id\":\"https:\\\/\\\/jornaldasoficinas.com\\\/pt\\\/unigom-nomeia-nova-gestora-de-comunicacao-corporativa\\\/\"},\"wordCount\":492,\"publisher\":{\"@id\":\"https:\\\/\\\/jornaldasoficinas.com\\\/pt\\\/#organization\"},\"image\":{\"@id\":\"https:\\\/\\\/jornaldasoficinas.com\\\/pt\\\/unigom-nomeia-nova-gestora-de-comunicacao-corporativa\\\/#primaryimage\"},\"thumbnailUrl\":\"https:\\\/\\\/jornaldasoficinas.com\\\/pt\\\/wp-content\\\/uploads\\\/2024\\\/05\\\/Unigom-nomeia-nova-gestora-de-comunicacao-corporativa.jpg\",\"keywords\":[\"comunica\u00e7\u00e3o global\",\"mais de 20 anos de experi\u00eancia\",\"Marcella Saracco\",\"nova gestora de comunica\u00e7\u00e3o\",\"Unigom\"],\"articleSection\":[\"Empresas\"],\"inLanguage\":\"pt-PT\"},{\"@type\":\"WebPage\",\"@id\":\"https:\\\/\\\/jornaldasoficinas.com\\\/pt\\\/unigom-nomeia-nova-gestora-de-comunicacao-corporativa\\\/\",\"url\":\"https:\\\/\\\/jornaldasoficinas.com\\\/pt\\\/unigom-nomeia-nova-gestora-de-comunicacao-corporativa\\\/\",\"name\":\"Unigom nomeia nova gestora de comunica\u00e7\u00e3o corporativa - Jornal das Oficinas\",\"isPartOf\":{\"@id\":\"https:\\\/\\\/jornaldasoficinas.com\\\/pt\\\/#website\"},\"primaryImageOfPage\":{\"@id\":\"https:\\\/\\\/jornaldasoficinas.com\\\/pt\\\/unigom-nomeia-nova-gestora-de-comunicacao-corporativa\\\/#primaryimage\"},\"image\":{\"@id\":\"https:\\\/\\\/jornaldasoficinas.com\\\/pt\\\/unigom-nomeia-nova-gestora-de-comunicacao-corporativa\\\/#primaryimage\"},\"thumbnailUrl\":\"https:\\\/\\\/jornaldasoficinas.com\\\/pt\\\/wp-content\\\/uploads\\\/2024\\\/05\\\/Unigom-nomeia-nova-gestora-de-comunicacao-corporativa.jpg\",\"datePublished\":\"2024-06-26T09:00:48+00:00\",\"description\":\"Com mais de 20 anos de experi\u00eancia no setor autom\u00f3vel, Marcella Saracco \u00e9 a nova aposta da Unigom para a gest\u00e3o de comunica\u00e7\u00e3o da empresa\",\"breadcrumb\":{\"@id\":\"https:\\\/\\\/jornaldasoficinas.com\\\/pt\\\/unigom-nomeia-nova-gestora-de-comunicacao-corporativa\\\/#breadcrumb\"},\"inLanguage\":\"pt-PT\",\"potentialAction\":[{\"@type\":\"ReadAction\",\"target\":[\"https:\\\/\\\/jornaldasoficinas.com\\\/pt\\\/unigom-nomeia-nova-gestora-de-comunicacao-corporativa\\\/\"]}]},{\"@type\":\"ImageObject\",\"inLanguage\":\"pt-PT\",\"@id\":\"https:\\\/\\\/jornaldasoficinas.com\\\/pt\\\/unigom-nomeia-nova-gestora-de-comunicacao-corporativa\\\/#primaryimage\",\"url\":\"https:\\\/\\\/jornaldasoficinas.com\\\/pt\\\/wp-content\\\/uploads\\\/2024\\\/05\\\/Unigom-nomeia-nova-gestora-de-comunicacao-corporativa.jpg\",\"contentUrl\":\"https:\\\/\\\/jornaldasoficinas.com\\\/pt\\\/wp-content\\\/uploads\\\/2024\\\/05\\\/Unigom-nomeia-nova-gestora-de-comunicacao-corporativa.jpg\",\"width\":1024,\"height\":581,\"caption\":\"05 - Unigom nomeia nova gestora de comunicacao corporativa\"},{\"@type\":\"BreadcrumbList\",\"@id\":\"https:\\\/\\\/jornaldasoficinas.com\\\/pt\\\/unigom-nomeia-nova-gestora-de-comunicacao-corporativa\\\/#breadcrumb\",\"itemListElement\":[{\"@type\":\"ListItem\",\"position\":1,\"name\":\"In\u00edcio\",\"item\":\"https:\\\/\\\/jornaldasoficinas.com\\\/pt\\\/\"},{\"@type\":\"ListItem\",\"position\":2,\"name\":\"Unigom nomeia nova gestora de comunica\u00e7\u00e3o corporativa\"}]},{\"@type\":\"WebSite\",\"@id\":\"https:\\\/\\\/jornaldasoficinas.com\\\/pt\\\/#website\",\"url\":\"https:\\\/\\\/jornaldasoficinas.com\\\/pt\\\/\",\"name\":\"Jornal das Oficinas\",\"description\":\"Jornal independente do Aftermarket Autom\u00f3vel em Portugal\",\"publisher\":{\"@id\":\"https:\\\/\\\/jornaldasoficinas.com\\\/pt\\\/#organization\"},\"potentialAction\":[{\"@type\":\"SearchAction\",\"target\":{\"@type\":\"EntryPoint\",\"urlTemplate\":\"https:\\\/\\\/jornaldasoficinas.com\\\/pt\\\/?s={search_term_string}\"},\"query-input\":{\"@type\":\"PropertyValueSpecification\",\"valueRequired\":true,\"valueName\":\"search_term_string\"}}],\"inLanguage\":\"pt-PT\"},{\"@type\":\"Organization\",\"@id\":\"https:\\\/\\\/jornaldasoficinas.com\\\/pt\\\/#organization\",\"name\":\"Jornal das Oficinas\",\"url\":\"https:\\\/\\\/jornaldasoficinas.com\\\/pt\\\/\",\"logo\":{\"@type\":\"ImageObject\",\"inLanguage\":\"pt-PT\",\"@id\":\"https:\\\/\\\/jornaldasoficinas.com\\\/pt\\\/#\\\/schema\\\/logo\\\/image\\\/\",\"url\":\"https:\\\/\\\/jornaldasoficinas.com\\\/pt\\\/wp-content\\\/uploads\\\/logoJO-SEO.png\",\"contentUrl\":\"https:\\\/\\\/jornaldasoficinas.com\\\/pt\\\/wp-content\\\/uploads\\\/logoJO-SEO.png\",\"width\":285,\"height\":450,\"caption\":\"Jornal das Oficinas\"},\"image\":{\"@id\":\"https:\\\/\\\/jornaldasoficinas.com\\\/pt\\\/#\\\/schema\\\/logo\\\/image\\\/\"},\"sameAs\":[\"https:\\\/\\\/www.facebook.com\\\/jornaloficinas\",\"https:\\\/\\\/x.com\\\/jornaloficinas\",\"https:\\\/\\\/www.instagram.com\\\/jornal_oficinas\\\/\",\"https:\\\/\\\/www.linkedin.com\\\/company\\\/jornal-das-oficinas\\\/\",\"https:\\\/\\\/www.youtube.com\\\/channel\\\/UCbQZBqtcvV-oSQrr7RzINGg\"]},{\"@type\":\"Person\",\"@id\":\"https:\\\/\\\/jornaldasoficinas.com\\\/pt\\\/#\\\/schema\\\/person\\\/a38eef5de2c41d9e7c9ac10141afddf3\",\"name\":\"Reda\u00e7\u00e3o JO\",\"image\":{\"@type\":\"ImageObject\",\"inLanguage\":\"pt-PT\",\"@id\":\"https:\\\/\\\/secure.gravatar.com\\\/avatar\\\/71f2fa71737ad68a84fea94bc708ddac8ea5b0c4788dc2ad202f3ccb2887742f?s=96&d=wp_user_avatar&r=g\",\"url\":\"https:\\\/\\\/secure.gravatar.com\\\/avatar\\\/71f2fa71737ad68a84fea94bc708ddac8ea5b0c4788dc2ad202f3ccb2887742f?s=96&d=wp_user_avatar&r=g\",\"contentUrl\":\"https:\\\/\\\/secure.gravatar.com\\\/avatar\\\/71f2fa71737ad68a84fea94bc708ddac8ea5b0c4788dc2ad202f3ccb2887742f?s=96&d=wp_user_avatar&r=g\",\"caption\":\"Reda\u00e7\u00e3o JO\"},\"url\":\"https:\\\/\\\/jornaldasoficinas.com\\\/pt\\\/author\\\/joredacao\\\/\"}]}<\/script>\n<!-- \/ Yoast SEO plugin. -->","yoast_head_json":{"title":"Unigom nomeia nova gestora de comunica\u00e7\u00e3o corporativa - Jornal das Oficinas","description":"Com mais de 20 anos de experi\u00eancia no setor autom\u00f3vel, Marcella Saracco \u00e9 a nova aposta da Unigom para a gest\u00e3o de comunica\u00e7\u00e3o da empresa","robots":{"index":"index","follow":"follow","max-snippet":"max-snippet:-1","max-image-preview":"max-image-preview:large","max-video-preview":"max-video-preview:-1"},"canonical":"https:\/\/jornaldasoficinas.com\/pt\/unigom-nomeia-nova-gestora-de-comunicacao-corporativa\/","og_locale":"pt_PT","og_type":"article","og_title":"Unigom nomeia nova gestora de comunica\u00e7\u00e3o corporativa - Jornal das Oficinas","og_description":"Com mais de 20 anos de experi\u00eancia no setor autom\u00f3vel, Marcella Saracco \u00e9 a nova aposta da Unigom para a gest\u00e3o de comunica\u00e7\u00e3o da empresa","og_url":"https:\/\/jornaldasoficinas.com\/pt\/unigom-nomeia-nova-gestora-de-comunicacao-corporativa\/","og_site_name":"Jornal das Oficinas","article_publisher":"https:\/\/www.facebook.com\/jornaloficinas","article_published_time":"2024-06-26T09:00:48+00:00","og_image":[{"width":1024,"height":581,"url":"https:\/\/jornaldasoficinas.com\/pt\/wp-content\/uploads\/2024\/05\/Unigom-nomeia-nova-gestora-de-comunicacao-corporativa.jpg","type":"image\/jpeg"}],"author":"Reda\u00e7\u00e3o JO","twitter_card":"summary_large_image","twitter_creator":"@jornaloficinas","twitter_site":"@jornaloficinas","twitter_misc":{"Escrito por":"Reda\u00e7\u00e3o JO","Tempo estimado de leitura":"3 minutos"},"schema":{"@context":"https:\/\/schema.org","@graph":[{"@type":"Article","@id":"https:\/\/jornaldasoficinas.com\/pt\/unigom-nomeia-nova-gestora-de-comunicacao-corporativa\/#article","isPartOf":{"@id":"https:\/\/jornaldasoficinas.com\/pt\/unigom-nomeia-nova-gestora-de-comunicacao-corporativa\/"},"author":{"name":"Reda\u00e7\u00e3o JO","@id":"https:\/\/jornaldasoficinas.com\/pt\/#\/schema\/person\/a38eef5de2c41d9e7c9ac10141afddf3"},"headline":"Unigom nomeia nova gestora de comunica\u00e7\u00e3o corporativa","datePublished":"2024-06-26T09:00:48+00:00","mainEntityOfPage":{"@id":"https:\/\/jornaldasoficinas.com\/pt\/unigom-nomeia-nova-gestora-de-comunicacao-corporativa\/"},"wordCount":492,"publisher":{"@id":"https:\/\/jornaldasoficinas.com\/pt\/#organization"},"image":{"@id":"https:\/\/jornaldasoficinas.com\/pt\/unigom-nomeia-nova-gestora-de-comunicacao-corporativa\/#primaryimage"},"thumbnailUrl":"https:\/\/jornaldasoficinas.com\/pt\/wp-content\/uploads\/2024\/05\/Unigom-nomeia-nova-gestora-de-comunicacao-corporativa.jpg","keywords":["comunica\u00e7\u00e3o global","mais de 20 anos de experi\u00eancia","Marcella Saracco","nova gestora de comunica\u00e7\u00e3o","Unigom"],"articleSection":["Empresas"],"inLanguage":"pt-PT"},{"@type":"WebPage","@id":"https:\/\/jornaldasoficinas.com\/pt\/unigom-nomeia-nova-gestora-de-comunicacao-corporativa\/","url":"https:\/\/jornaldasoficinas.com\/pt\/unigom-nomeia-nova-gestora-de-comunicacao-corporativa\/","name":"Unigom nomeia nova gestora de comunica\u00e7\u00e3o corporativa - Jornal das Oficinas","isPartOf":{"@id":"https:\/\/jornaldasoficinas.com\/pt\/#website"},"primaryImageOfPage":{"@id":"https:\/\/jornaldasoficinas.com\/pt\/unigom-nomeia-nova-gestora-de-comunicacao-corporativa\/#primaryimage"},"image":{"@id":"https:\/\/jornaldasoficinas.com\/pt\/unigom-nomeia-nova-gestora-de-comunicacao-corporativa\/#primaryimage"},"thumbnailUrl":"https:\/\/jornaldasoficinas.com\/pt\/wp-content\/uploads\/2024\/05\/Unigom-nomeia-nova-gestora-de-comunicacao-corporativa.jpg","datePublished":"2024-06-26T09:00:48+00:00","description":"Com mais de 20 anos de experi\u00eancia no setor autom\u00f3vel, Marcella Saracco \u00e9 a nova aposta da Unigom para a gest\u00e3o de comunica\u00e7\u00e3o da empresa","breadcrumb":{"@id":"https:\/\/jornaldasoficinas.com\/pt\/unigom-nomeia-nova-gestora-de-comunicacao-corporativa\/#breadcrumb"},"inLanguage":"pt-PT","potentialAction":[{"@type":"ReadAction","target":["https:\/\/jornaldasoficinas.com\/pt\/unigom-nomeia-nova-gestora-de-comunicacao-corporativa\/"]}]},{"@type":"ImageObject","inLanguage":"pt-PT","@id":"https:\/\/jornaldasoficinas.com\/pt\/unigom-nomeia-nova-gestora-de-comunicacao-corporativa\/#primaryimage","url":"https:\/\/jornaldasoficinas.com\/pt\/wp-content\/uploads\/2024\/05\/Unigom-nomeia-nova-gestora-de-comunicacao-corporativa.jpg","contentUrl":"https:\/\/jornaldasoficinas.com\/pt\/wp-content\/uploads\/2024\/05\/Unigom-nomeia-nova-gestora-de-comunicacao-corporativa.jpg","width":1024,"height":581,"caption":"05 - Unigom nomeia nova gestora de comunicacao corporativa"},{"@type":"BreadcrumbList","@id":"https:\/\/jornaldasoficinas.com\/pt\/unigom-nomeia-nova-gestora-de-comunicacao-corporativa\/#breadcrumb","itemListElement":[{"@type":"ListItem","position":1,"name":"In\u00edcio","item":"https:\/\/jornaldasoficinas.com\/pt\/"},{"@type":"ListItem","position":2,"name":"Unigom nomeia nova gestora de comunica\u00e7\u00e3o corporativa"}]},{"@type":"WebSite","@id":"https:\/\/jornaldasoficinas.com\/pt\/#website","url":"https:\/\/jornaldasoficinas.com\/pt\/","name":"Jornal das Oficinas","description":"Jornal independente do Aftermarket Autom\u00f3vel em Portugal","publisher":{"@id":"https:\/\/jornaldasoficinas.com\/pt\/#organization"},"potentialAction":[{"@type":"SearchAction","target":{"@type":"EntryPoint","urlTemplate":"https:\/\/jornaldasoficinas.com\/pt\/?s={search_term_string}"},"query-input":{"@type":"PropertyValueSpecification","valueRequired":true,"valueName":"search_term_string"}}],"inLanguage":"pt-PT"},{"@type":"Organization","@id":"https:\/\/jornaldasoficinas.com\/pt\/#organization","name":"Jornal das Oficinas","url":"https:\/\/jornaldasoficinas.com\/pt\/","logo":{"@type":"ImageObject","inLanguage":"pt-PT","@id":"https:\/\/jornaldasoficinas.com\/pt\/#\/schema\/logo\/image\/","url":"https:\/\/jornaldasoficinas.com\/pt\/wp-content\/uploads\/logoJO-SEO.png","contentUrl":"https:\/\/jornaldasoficinas.com\/pt\/wp-content\/uploads\/logoJO-SEO.png","width":285,"height":450,"caption":"Jornal das Oficinas"},"image":{"@id":"https:\/\/jornaldasoficinas.com\/pt\/#\/schema\/logo\/image\/"},"sameAs":["https:\/\/www.facebook.com\/jornaloficinas","https:\/\/x.com\/jornaloficinas","https:\/\/www.instagram.com\/jornal_oficinas\/","https:\/\/www.linkedin.com\/company\/jornal-das-oficinas\/","https:\/\/www.youtube.com\/channel\/UCbQZBqtcvV-oSQrr7RzINGg"]},{"@type":"Person","@id":"https:\/\/jornaldasoficinas.com\/pt\/#\/schema\/person\/a38eef5de2c41d9e7c9ac10141afddf3","name":"Reda\u00e7\u00e3o JO","image":{"@type":"ImageObject","inLanguage":"pt-PT","@id":"https:\/\/secure.gravatar.com\/avatar\/71f2fa71737ad68a84fea94bc708ddac8ea5b0c4788dc2ad202f3ccb2887742f?s=96&d=wp_user_avatar&r=g","url":"https:\/\/secure.gravatar.com\/avatar\/71f2fa71737ad68a84fea94bc708ddac8ea5b0c4788dc2ad202f3ccb2887742f?s=96&d=wp_user_avatar&r=g","contentUrl":"https:\/\/secure.gravatar.com\/avatar\/71f2fa71737ad68a84fea94bc708ddac8ea5b0c4788dc2ad202f3ccb2887742f?s=96&d=wp_user_avatar&r=g","caption":"Reda\u00e7\u00e3o JO"},"url":"https:\/\/jornaldasoficinas.com\/pt\/author\/joredacao\/"}]}},"_links":{"self":[{"href":"https:\/\/jornaldasoficinas.com\/pt\/wp-json\/wp\/v2\/posts\/86998","targetHints":{"allow":["GET"]}}],"collection":[{"href":"https:\/\/jornaldasoficinas.com\/pt\/wp-json\/wp\/v2\/posts"}],"about":[{"href":"https:\/\/jornaldasoficinas.com\/pt\/wp-json\/wp\/v2\/types\/post"}],"author":[{"embeddable":true,"href":"https:\/\/jornaldasoficinas.com\/pt\/wp-json\/wp\/v2\/users\/15"}],"replies":[{"embeddable":true,"href":"https:\/\/jornaldasoficinas.com\/pt\/wp-json\/wp\/v2\/comments?post=86998"}],"version-history":[{"count":0,"href":"https:\/\/jornaldasoficinas.com\/pt\/wp-json\/wp\/v2\/posts\/86998\/revisions"}],"wp:featuredmedia":[{"embeddable":true,"href":"https:\/\/jornaldasoficinas.com\/pt\/wp-json\/wp\/v2\/media\/87004"}],"wp:attachment":[{"href":"https:\/\/jornaldasoficinas.com\/pt\/wp-json\/wp\/v2\/media?parent=86998"}],"wp:term":[{"taxonomy":"category","embeddable":true,"href":"https:\/\/jornaldasoficinas.com\/pt\/wp-json\/wp\/v2\/categories?post=86998"},{"taxonomy":"post_tag","embeddable":true,"href":"https:\/\/jornaldasoficinas.com\/pt\/wp-json\/wp\/v2\/tags?post=86998"}],"curies":[{"name":"wp","href":"https:\/\/api.w.org\/{rel}","templated":true}]}}