{"id":87083,"date":"2024-06-27T16:00:50","date_gmt":"2024-06-27T15:00:50","guid":{"rendered":"https:\/\/jornaldasoficinas.com\/pt\/?p=87083"},"modified":"2024-06-27T09:12:07","modified_gmt":"2024-06-27T08:12:07","slug":"krautli-alerta-para-a-substituicao-dos-tacografos","status":"publish","type":"post","link":"https:\/\/jornaldasoficinas.com\/pt\/krautli-alerta-para-a-substituicao-dos-tacografos\/","title":{"rendered":"Krautli alerta para a substitui\u00e7\u00e3o dos tac\u00f3grafos"},"content":{"rendered":"<p><strong><img loading=\"lazy\" decoding=\"async\" class=\"alignnone size-full wp-image-87092\" src=\"https:\/\/jornaldasoficinas.com\/pt\/wp-content\/uploads\/2024\/05\/Krautli-alerta-para-a-obrigatoriedade-de-substituicao-dos-tacografos.jpg\" alt=\"05 - Krautli alerta para a obrigatoriedade de substituicao dos tacografos\" width=\"1024\" height=\"581\" srcset=\"https:\/\/jornaldasoficinas.com\/pt\/wp-content\/uploads\/2024\/05\/Krautli-alerta-para-a-obrigatoriedade-de-substituicao-dos-tacografos.jpg 1024w, https:\/\/jornaldasoficinas.com\/pt\/wp-content\/uploads\/2024\/05\/Krautli-alerta-para-a-obrigatoriedade-de-substituicao-dos-tacografos-300x170.jpg 300w, https:\/\/jornaldasoficinas.com\/pt\/wp-content\/uploads\/2024\/05\/Krautli-alerta-para-a-obrigatoriedade-de-substituicao-dos-tacografos-150x85.jpg 150w, https:\/\/jornaldasoficinas.com\/pt\/wp-content\/uploads\/2024\/05\/Krautli-alerta-para-a-obrigatoriedade-de-substituicao-dos-tacografos-768x436.jpg 768w\" sizes=\"auto, (max-width: 1024px) 100vw, 1024px\" \/><\/strong><\/p>\n<p><strong>Segundo a <a href=\"https:\/\/www.krautli.pt\/\" target=\"_blank\" rel=\"noopener\">Krautli<\/a>, todos os ve\u00edculos de transporte internacional com mais de 3,5 toneladas que estejam equipados com tac\u00f3grafos anal\u00f3gicos ou digitais, ter\u00e3o de os substituir pelo novo tac\u00f3grafo inteligente de segunda gera\u00e7\u00e3o, at\u00e9 dia 31 de dezembro de 2024<\/strong><\/p>\n<p>A introdu\u00e7\u00e3o do tac\u00f3grafo inteligente de segunda gera\u00e7\u00e3o tem vindo a ser implementada gradualmente desde agosto do ano passado, cumprindo as especifica\u00e7\u00f5es derivadas do Pacote de Mobilidade.<\/p>\n<p>De acordo com a Krautli, esta 2.\u00aa gera\u00e7\u00e3o de tac\u00f3grafos, equipada com tecnologia de ponta, apresenta v\u00e1rias melhorias em rela\u00e7\u00e3o \u00e0 primeira gera\u00e7\u00e3o, uma vez que aumenta a seguran\u00e7a e favorece a transpar\u00eancia nas opera\u00e7\u00f5es de transporte internacional atrav\u00e9s de novas fun\u00e7\u00f5es como o registo autom\u00e1tico das passagens de fronteira; o registo da posi\u00e7\u00e3o do ve\u00edculo durante a carga\/descarga; o interc\u00e2mbio de dados com as autoridades de controlo atrav\u00e9s do sistema de dete\u00e7\u00e3o remota precoce de poss\u00edveis manipula\u00e7\u00f5es ou a implementa\u00e7\u00e3o do sistema de autentica\u00e7\u00e3o fornecido pelo Galileo, entre outros.<\/p>\n<p>As regras do transporte rodovi\u00e1rio, nomeadamente as relativas ao tac\u00f3grafo (RUE 165\/2014) e aos tempos de condu\u00e7\u00e3o e de repouso (RCE 561\/2006), s\u00e3o as mesmas para todas as empresas de transporte da Uni\u00e3o Europeia e s\u00e3o tamb\u00e9m comuns a todas as infrac\u00e7\u00f5es graves \u00e0s regras do transporte rodovi\u00e1rio (Anexo III da Diretiva 2006\/22\/CE) que podem levar \u00e0 perda da idoneidade do transportador.<\/p>\n<p>No entanto, as san\u00e7\u00f5es n\u00e3o s\u00e3o uniformes e cada Estado-Membro aplica as suas pr\u00f3prias san\u00e7\u00f5es. Por esta raz\u00e3o, a VDO pretende ajudar as empresas de transportes e os condutores, fornecendo informa\u00e7\u00f5es sob a forma de um guia especial que cont\u00e9m todas as informa\u00e7\u00f5es relativas \u00e0s san\u00e7\u00f5es e aos montantes por n\u00e3o possuir o tac\u00f3grafo ou por n\u00e3o ter a vers\u00e3o correcta, bem como \u00e0 forma como cada pa\u00eds aplicar\u00e1 a introdu\u00e7\u00e3o da segunda gera\u00e7\u00e3o.<\/p>\n<p>Pode descarregar o guia gratuitamente <a href=\"https:\/\/tacografointeligente.com\/landing-corredores\/\" target=\"_blank\" rel=\"noopener\">aqui.<\/a><\/p>\n<p>&#8220;Embora o guia ofere\u00e7a informa\u00e7\u00f5es sobre diferentes corredores, os dados mais interessantes para as empresas que operam a partir da Pen\u00ednsula Ib\u00e9rica s\u00e3o os relativos aos corredores do Mediterr\u00e2neo e do Atl\u00e2ntico. Esta rota, com mais de 6.000 km de extens\u00e3o, atravessa seis pa\u00edses europeus: Espanha, Fran\u00e7a, It\u00e1lia, Eslov\u00e9nia, Cro\u00e1cia e Hungria, e desempenha um papel fundamental para as empresas de transporte, uma vez que assegura uma conectividade perfeita entre portos, cidades, zonas industriais e log\u00edsticas&#8221;, informou a Krautli em comunicado.<\/p>\n<p>&#8220;Conduzir sem um tac\u00f3grafo homologado no Corredor Mediterr\u00e2nico pode ter consequ\u00eancias graves. Por exemplo, em Espanha, o incumprimento do Regulamento 1054\/2014 pode resultar numa coima at\u00e9 2.001 euros, em Fran\u00e7a as san\u00e7\u00f5es s\u00e3o ainda mais severas, com um ano de pris\u00e3o ou uma coima de 30.000 euros, enquanto em It\u00e1lia as coimas podem variar entre 866 e 3.464 euros, entre outras&#8221;, explicou.<\/p>\n<p>No Corredor Atl\u00e2ntico, as san\u00e7\u00f5es em caso de incumprimento variam de pa\u00eds para pa\u00eds, podendo ir de multas a penas de pris\u00e3o. Este corredor \u00e9 muito importante para as empresas de transporte rodovi\u00e1rio, uma vez que cobre uma dist\u00e2ncia de 8.200 quil\u00f3metros e liga: Portugal, Espanha, Fran\u00e7a, Alemanha e Irlanda. As coimas podem variar entre 2.000 euros em Espanha, pris\u00e3o ou 30.000 euros em Fran\u00e7a, 1.200-6.000 euros em Portugal ou 1.500 euros na Alemanha.<\/p>\n<p>&#8220;O importante \u00e9 n\u00e3o arriscar san\u00e7\u00f5es financeiras, a apreens\u00e3o do ve\u00edculo ou mesmo a perda de reputa\u00e7\u00e3o da empresa, pelo que a VDO recomenda que a mudan\u00e7a seja feita agora ou que se aproveitem as revis\u00f5es peri\u00f3dicas e a manuten\u00e7\u00e3o do ve\u00edculo para evitar colapsos e longas esperas \u00e0 medida que a data se aproxima&#8221;, alertou.<\/p>\n<p>A rede de oficinas <a href=\"https:\/\/talleres-dtcoplus.com\/listado-talleres\/\" target=\"_blank\" rel=\"noopener\">VDO e DTCO+<\/a> encontram-se preparadas para trabalhar com esta tecnologia e disp\u00f5em de exist\u00eancias suficientes para a transi\u00e7\u00e3o para o tac\u00f3grafo inteligente VDO DTCO 4.1.<\/p>\n<p>As partes interessadas podem informar-se sobre as pr\u00f3ximas datas de implementa\u00e7\u00e3o, cursos em linha, informa\u00e7\u00f5es relevantes, bem como guias, artigos e publica\u00e7\u00f5es relacionados com o novo tac\u00f3grafo inteligente e o pacote de mobilidade.<\/p>\n","protected":false},"excerpt":{"rendered":"<p>Segundo a Krautli, todos os ve\u00edculos&#8230;<\/p>\n","protected":false},"author":15,"featured_media":87092,"comment_status":"closed","ping_status":"closed","sticky":false,"template":"","format":"standard","meta":{"footnotes":""},"categories":[36],"tags":[9683,290,9681,9682,9680],"class_list":["post-87083","post","type-post","status-publish","format-standard","has-post-thumbnail","hentry","category-pesados","tag-apreensao-do-veiculo","tag-krautli","tag-novo-tacografo-inteligente","tag-sancoes-financeiras","tag-substituicao-dos-tacografos"],"yoast_head":"<!-- This site is optimized with the Yoast SEO plugin v27.5 - https:\/\/yoast.com\/product\/yoast-seo-wordpress\/ -->\n<title>Krautli alerta para a substitui\u00e7\u00e3o dos tac\u00f3grafos - Jornal das Oficinas<\/title>\n<meta name=\"description\" content=\"Segundo a Krautli, todos os ve\u00edculos de transporte internacional com mais de 3,5 toneladas ter\u00e3o de substituir o seu tac\u00f3grafo pelo novo\" \/>\n<meta name=\"robots\" content=\"index, follow, max-snippet:-1, max-image-preview:large, max-video-preview:-1\" \/>\n<link rel=\"canonical\" href=\"https:\/\/jornaldasoficinas.com\/pt\/krautli-alerta-para-a-substituicao-dos-tacografos\/\" \/>\n<meta property=\"og:locale\" content=\"pt_PT\" \/>\n<meta property=\"og:type\" content=\"article\" \/>\n<meta property=\"og:title\" content=\"Krautli alerta para a substitui\u00e7\u00e3o dos tac\u00f3grafos - Jornal das Oficinas\" \/>\n<meta property=\"og:description\" content=\"Segundo a Krautli, todos os ve\u00edculos de transporte internacional com mais de 3,5 toneladas ter\u00e3o de substituir o seu tac\u00f3grafo pelo novo\" \/>\n<meta property=\"og:url\" content=\"https:\/\/jornaldasoficinas.com\/pt\/krautli-alerta-para-a-substituicao-dos-tacografos\/\" \/>\n<meta property=\"og:site_name\" content=\"Jornal das Oficinas\" \/>\n<meta property=\"article:publisher\" content=\"https:\/\/www.facebook.com\/jornaloficinas\" \/>\n<meta property=\"article:published_time\" content=\"2024-06-27T15:00:50+00:00\" \/>\n<meta property=\"og:image\" content=\"https:\/\/jornaldasoficinas.com\/pt\/wp-content\/uploads\/2024\/05\/Krautli-alerta-para-a-obrigatoriedade-de-substituicao-dos-tacografos.jpg\" \/>\n\t<meta property=\"og:image:width\" content=\"1024\" \/>\n\t<meta property=\"og:image:height\" content=\"581\" \/>\n\t<meta property=\"og:image:type\" content=\"image\/jpeg\" \/>\n<meta name=\"author\" content=\"Reda\u00e7\u00e3o JO\" \/>\n<meta name=\"twitter:card\" content=\"summary_large_image\" \/>\n<meta name=\"twitter:creator\" content=\"@jornaloficinas\" \/>\n<meta name=\"twitter:site\" content=\"@jornaloficinas\" \/>\n<meta name=\"twitter:label1\" content=\"Escrito por\" \/>\n\t<meta name=\"twitter:data1\" content=\"Reda\u00e7\u00e3o JO\" \/>\n\t<meta name=\"twitter:label2\" content=\"Tempo estimado de leitura\" \/>\n\t<meta name=\"twitter:data2\" content=\"4 minutos\" \/>\n<script type=\"application\/ld+json\" class=\"yoast-schema-graph\">{\"@context\":\"https:\\\/\\\/schema.org\",\"@graph\":[{\"@type\":\"Article\",\"@id\":\"https:\\\/\\\/jornaldasoficinas.com\\\/pt\\\/krautli-alerta-para-a-substituicao-dos-tacografos\\\/#article\",\"isPartOf\":{\"@id\":\"https:\\\/\\\/jornaldasoficinas.com\\\/pt\\\/krautli-alerta-para-a-substituicao-dos-tacografos\\\/\"},\"author\":{\"name\":\"Reda\u00e7\u00e3o JO\",\"@id\":\"https:\\\/\\\/jornaldasoficinas.com\\\/pt\\\/#\\\/schema\\\/person\\\/a38eef5de2c41d9e7c9ac10141afddf3\"},\"headline\":\"Krautli alerta para a substitui\u00e7\u00e3o dos tac\u00f3grafos\",\"datePublished\":\"2024-06-27T15:00:50+00:00\",\"mainEntityOfPage\":{\"@id\":\"https:\\\/\\\/jornaldasoficinas.com\\\/pt\\\/krautli-alerta-para-a-substituicao-dos-tacografos\\\/\"},\"wordCount\":729,\"publisher\":{\"@id\":\"https:\\\/\\\/jornaldasoficinas.com\\\/pt\\\/#organization\"},\"image\":{\"@id\":\"https:\\\/\\\/jornaldasoficinas.com\\\/pt\\\/krautli-alerta-para-a-substituicao-dos-tacografos\\\/#primaryimage\"},\"thumbnailUrl\":\"https:\\\/\\\/jornaldasoficinas.com\\\/pt\\\/wp-content\\\/uploads\\\/2024\\\/05\\\/Krautli-alerta-para-a-obrigatoriedade-de-substituicao-dos-tacografos.jpg\",\"keywords\":[\"apreens\u00e3o do ve\u00edculo\",\"Krautli\",\"novo tac\u00f3grafo inteligente\",\"san\u00e7\u00f5es financeiras\",\"substitui\u00e7\u00e3o dos tac\u00f3grafos\"],\"articleSection\":[\"Pesados\"],\"inLanguage\":\"pt-PT\"},{\"@type\":\"WebPage\",\"@id\":\"https:\\\/\\\/jornaldasoficinas.com\\\/pt\\\/krautli-alerta-para-a-substituicao-dos-tacografos\\\/\",\"url\":\"https:\\\/\\\/jornaldasoficinas.com\\\/pt\\\/krautli-alerta-para-a-substituicao-dos-tacografos\\\/\",\"name\":\"Krautli alerta para a substitui\u00e7\u00e3o dos tac\u00f3grafos - Jornal das Oficinas\",\"isPartOf\":{\"@id\":\"https:\\\/\\\/jornaldasoficinas.com\\\/pt\\\/#website\"},\"primaryImageOfPage\":{\"@id\":\"https:\\\/\\\/jornaldasoficinas.com\\\/pt\\\/krautli-alerta-para-a-substituicao-dos-tacografos\\\/#primaryimage\"},\"image\":{\"@id\":\"https:\\\/\\\/jornaldasoficinas.com\\\/pt\\\/krautli-alerta-para-a-substituicao-dos-tacografos\\\/#primaryimage\"},\"thumbnailUrl\":\"https:\\\/\\\/jornaldasoficinas.com\\\/pt\\\/wp-content\\\/uploads\\\/2024\\\/05\\\/Krautli-alerta-para-a-obrigatoriedade-de-substituicao-dos-tacografos.jpg\",\"datePublished\":\"2024-06-27T15:00:50+00:00\",\"description\":\"Segundo a Krautli, todos os ve\u00edculos de transporte internacional com mais de 3,5 toneladas ter\u00e3o de substituir o seu tac\u00f3grafo pelo novo\",\"breadcrumb\":{\"@id\":\"https:\\\/\\\/jornaldasoficinas.com\\\/pt\\\/krautli-alerta-para-a-substituicao-dos-tacografos\\\/#breadcrumb\"},\"inLanguage\":\"pt-PT\",\"potentialAction\":[{\"@type\":\"ReadAction\",\"target\":[\"https:\\\/\\\/jornaldasoficinas.com\\\/pt\\\/krautli-alerta-para-a-substituicao-dos-tacografos\\\/\"]}]},{\"@type\":\"ImageObject\",\"inLanguage\":\"pt-PT\",\"@id\":\"https:\\\/\\\/jornaldasoficinas.com\\\/pt\\\/krautli-alerta-para-a-substituicao-dos-tacografos\\\/#primaryimage\",\"url\":\"https:\\\/\\\/jornaldasoficinas.com\\\/pt\\\/wp-content\\\/uploads\\\/2024\\\/05\\\/Krautli-alerta-para-a-obrigatoriedade-de-substituicao-dos-tacografos.jpg\",\"contentUrl\":\"https:\\\/\\\/jornaldasoficinas.com\\\/pt\\\/wp-content\\\/uploads\\\/2024\\\/05\\\/Krautli-alerta-para-a-obrigatoriedade-de-substituicao-dos-tacografos.jpg\",\"width\":1024,\"height\":581,\"caption\":\"05 - Krautli alerta para a obrigatoriedade de substituicao dos tacografos\"},{\"@type\":\"BreadcrumbList\",\"@id\":\"https:\\\/\\\/jornaldasoficinas.com\\\/pt\\\/krautli-alerta-para-a-substituicao-dos-tacografos\\\/#breadcrumb\",\"itemListElement\":[{\"@type\":\"ListItem\",\"position\":1,\"name\":\"In\u00edcio\",\"item\":\"https:\\\/\\\/jornaldasoficinas.com\\\/pt\\\/\"},{\"@type\":\"ListItem\",\"position\":2,\"name\":\"Krautli alerta para a substitui\u00e7\u00e3o dos tac\u00f3grafos\"}]},{\"@type\":\"WebSite\",\"@id\":\"https:\\\/\\\/jornaldasoficinas.com\\\/pt\\\/#website\",\"url\":\"https:\\\/\\\/jornaldasoficinas.com\\\/pt\\\/\",\"name\":\"Jornal das Oficinas\",\"description\":\"Jornal independente do Aftermarket Autom\u00f3vel em Portugal\",\"publisher\":{\"@id\":\"https:\\\/\\\/jornaldasoficinas.com\\\/pt\\\/#organization\"},\"potentialAction\":[{\"@type\":\"SearchAction\",\"target\":{\"@type\":\"EntryPoint\",\"urlTemplate\":\"https:\\\/\\\/jornaldasoficinas.com\\\/pt\\\/?s={search_term_string}\"},\"query-input\":{\"@type\":\"PropertyValueSpecification\",\"valueRequired\":true,\"valueName\":\"search_term_string\"}}],\"inLanguage\":\"pt-PT\"},{\"@type\":\"Organization\",\"@id\":\"https:\\\/\\\/jornaldasoficinas.com\\\/pt\\\/#organization\",\"name\":\"Jornal das Oficinas\",\"url\":\"https:\\\/\\\/jornaldasoficinas.com\\\/pt\\\/\",\"logo\":{\"@type\":\"ImageObject\",\"inLanguage\":\"pt-PT\",\"@id\":\"https:\\\/\\\/jornaldasoficinas.com\\\/pt\\\/#\\\/schema\\\/logo\\\/image\\\/\",\"url\":\"https:\\\/\\\/jornaldasoficinas.com\\\/pt\\\/wp-content\\\/uploads\\\/logoJO-SEO.png\",\"contentUrl\":\"https:\\\/\\\/jornaldasoficinas.com\\\/pt\\\/wp-content\\\/uploads\\\/logoJO-SEO.png\",\"width\":285,\"height\":450,\"caption\":\"Jornal das Oficinas\"},\"image\":{\"@id\":\"https:\\\/\\\/jornaldasoficinas.com\\\/pt\\\/#\\\/schema\\\/logo\\\/image\\\/\"},\"sameAs\":[\"https:\\\/\\\/www.facebook.com\\\/jornaloficinas\",\"https:\\\/\\\/x.com\\\/jornaloficinas\",\"https:\\\/\\\/www.instagram.com\\\/jornal_oficinas\\\/\",\"https:\\\/\\\/www.linkedin.com\\\/company\\\/jornal-das-oficinas\\\/\",\"https:\\\/\\\/www.youtube.com\\\/channel\\\/UCbQZBqtcvV-oSQrr7RzINGg\"]},{\"@type\":\"Person\",\"@id\":\"https:\\\/\\\/jornaldasoficinas.com\\\/pt\\\/#\\\/schema\\\/person\\\/a38eef5de2c41d9e7c9ac10141afddf3\",\"name\":\"Reda\u00e7\u00e3o JO\",\"image\":{\"@type\":\"ImageObject\",\"inLanguage\":\"pt-PT\",\"@id\":\"https:\\\/\\\/secure.gravatar.com\\\/avatar\\\/71f2fa71737ad68a84fea94bc708ddac8ea5b0c4788dc2ad202f3ccb2887742f?s=96&d=wp_user_avatar&r=g\",\"url\":\"https:\\\/\\\/secure.gravatar.com\\\/avatar\\\/71f2fa71737ad68a84fea94bc708ddac8ea5b0c4788dc2ad202f3ccb2887742f?s=96&d=wp_user_avatar&r=g\",\"contentUrl\":\"https:\\\/\\\/secure.gravatar.com\\\/avatar\\\/71f2fa71737ad68a84fea94bc708ddac8ea5b0c4788dc2ad202f3ccb2887742f?s=96&d=wp_user_avatar&r=g\",\"caption\":\"Reda\u00e7\u00e3o JO\"},\"url\":\"https:\\\/\\\/jornaldasoficinas.com\\\/pt\\\/author\\\/joredacao\\\/\"}]}<\/script>\n<!-- \/ Yoast SEO plugin. -->","yoast_head_json":{"title":"Krautli alerta para a substitui\u00e7\u00e3o dos tac\u00f3grafos - Jornal das Oficinas","description":"Segundo a Krautli, todos os ve\u00edculos de transporte internacional com mais de 3,5 toneladas ter\u00e3o de substituir o seu tac\u00f3grafo pelo novo","robots":{"index":"index","follow":"follow","max-snippet":"max-snippet:-1","max-image-preview":"max-image-preview:large","max-video-preview":"max-video-preview:-1"},"canonical":"https:\/\/jornaldasoficinas.com\/pt\/krautli-alerta-para-a-substituicao-dos-tacografos\/","og_locale":"pt_PT","og_type":"article","og_title":"Krautli alerta para a substitui\u00e7\u00e3o dos tac\u00f3grafos - Jornal das Oficinas","og_description":"Segundo a Krautli, todos os ve\u00edculos de transporte internacional com mais de 3,5 toneladas ter\u00e3o de substituir o seu tac\u00f3grafo pelo novo","og_url":"https:\/\/jornaldasoficinas.com\/pt\/krautli-alerta-para-a-substituicao-dos-tacografos\/","og_site_name":"Jornal das Oficinas","article_publisher":"https:\/\/www.facebook.com\/jornaloficinas","article_published_time":"2024-06-27T15:00:50+00:00","og_image":[{"width":1024,"height":581,"url":"https:\/\/jornaldasoficinas.com\/pt\/wp-content\/uploads\/2024\/05\/Krautli-alerta-para-a-obrigatoriedade-de-substituicao-dos-tacografos.jpg","type":"image\/jpeg"}],"author":"Reda\u00e7\u00e3o JO","twitter_card":"summary_large_image","twitter_creator":"@jornaloficinas","twitter_site":"@jornaloficinas","twitter_misc":{"Escrito por":"Reda\u00e7\u00e3o JO","Tempo estimado de leitura":"4 minutos"},"schema":{"@context":"https:\/\/schema.org","@graph":[{"@type":"Article","@id":"https:\/\/jornaldasoficinas.com\/pt\/krautli-alerta-para-a-substituicao-dos-tacografos\/#article","isPartOf":{"@id":"https:\/\/jornaldasoficinas.com\/pt\/krautli-alerta-para-a-substituicao-dos-tacografos\/"},"author":{"name":"Reda\u00e7\u00e3o JO","@id":"https:\/\/jornaldasoficinas.com\/pt\/#\/schema\/person\/a38eef5de2c41d9e7c9ac10141afddf3"},"headline":"Krautli alerta para a substitui\u00e7\u00e3o dos tac\u00f3grafos","datePublished":"2024-06-27T15:00:50+00:00","mainEntityOfPage":{"@id":"https:\/\/jornaldasoficinas.com\/pt\/krautli-alerta-para-a-substituicao-dos-tacografos\/"},"wordCount":729,"publisher":{"@id":"https:\/\/jornaldasoficinas.com\/pt\/#organization"},"image":{"@id":"https:\/\/jornaldasoficinas.com\/pt\/krautli-alerta-para-a-substituicao-dos-tacografos\/#primaryimage"},"thumbnailUrl":"https:\/\/jornaldasoficinas.com\/pt\/wp-content\/uploads\/2024\/05\/Krautli-alerta-para-a-obrigatoriedade-de-substituicao-dos-tacografos.jpg","keywords":["apreens\u00e3o do ve\u00edculo","Krautli","novo tac\u00f3grafo inteligente","san\u00e7\u00f5es financeiras","substitui\u00e7\u00e3o dos tac\u00f3grafos"],"articleSection":["Pesados"],"inLanguage":"pt-PT"},{"@type":"WebPage","@id":"https:\/\/jornaldasoficinas.com\/pt\/krautli-alerta-para-a-substituicao-dos-tacografos\/","url":"https:\/\/jornaldasoficinas.com\/pt\/krautli-alerta-para-a-substituicao-dos-tacografos\/","name":"Krautli alerta para a substitui\u00e7\u00e3o dos tac\u00f3grafos - Jornal das Oficinas","isPartOf":{"@id":"https:\/\/jornaldasoficinas.com\/pt\/#website"},"primaryImageOfPage":{"@id":"https:\/\/jornaldasoficinas.com\/pt\/krautli-alerta-para-a-substituicao-dos-tacografos\/#primaryimage"},"image":{"@id":"https:\/\/jornaldasoficinas.com\/pt\/krautli-alerta-para-a-substituicao-dos-tacografos\/#primaryimage"},"thumbnailUrl":"https:\/\/jornaldasoficinas.com\/pt\/wp-content\/uploads\/2024\/05\/Krautli-alerta-para-a-obrigatoriedade-de-substituicao-dos-tacografos.jpg","datePublished":"2024-06-27T15:00:50+00:00","description":"Segundo a Krautli, todos os ve\u00edculos de transporte internacional com mais de 3,5 toneladas ter\u00e3o de substituir o seu tac\u00f3grafo pelo novo","breadcrumb":{"@id":"https:\/\/jornaldasoficinas.com\/pt\/krautli-alerta-para-a-substituicao-dos-tacografos\/#breadcrumb"},"inLanguage":"pt-PT","potentialAction":[{"@type":"ReadAction","target":["https:\/\/jornaldasoficinas.com\/pt\/krautli-alerta-para-a-substituicao-dos-tacografos\/"]}]},{"@type":"ImageObject","inLanguage":"pt-PT","@id":"https:\/\/jornaldasoficinas.com\/pt\/krautli-alerta-para-a-substituicao-dos-tacografos\/#primaryimage","url":"https:\/\/jornaldasoficinas.com\/pt\/wp-content\/uploads\/2024\/05\/Krautli-alerta-para-a-obrigatoriedade-de-substituicao-dos-tacografos.jpg","contentUrl":"https:\/\/jornaldasoficinas.com\/pt\/wp-content\/uploads\/2024\/05\/Krautli-alerta-para-a-obrigatoriedade-de-substituicao-dos-tacografos.jpg","width":1024,"height":581,"caption":"05 - Krautli alerta para a obrigatoriedade de substituicao dos tacografos"},{"@type":"BreadcrumbList","@id":"https:\/\/jornaldasoficinas.com\/pt\/krautli-alerta-para-a-substituicao-dos-tacografos\/#breadcrumb","itemListElement":[{"@type":"ListItem","position":1,"name":"In\u00edcio","item":"https:\/\/jornaldasoficinas.com\/pt\/"},{"@type":"ListItem","position":2,"name":"Krautli alerta para a substitui\u00e7\u00e3o dos tac\u00f3grafos"}]},{"@type":"WebSite","@id":"https:\/\/jornaldasoficinas.com\/pt\/#website","url":"https:\/\/jornaldasoficinas.com\/pt\/","name":"Jornal das Oficinas","description":"Jornal independente do Aftermarket Autom\u00f3vel em Portugal","publisher":{"@id":"https:\/\/jornaldasoficinas.com\/pt\/#organization"},"potentialAction":[{"@type":"SearchAction","target":{"@type":"EntryPoint","urlTemplate":"https:\/\/jornaldasoficinas.com\/pt\/?s={search_term_string}"},"query-input":{"@type":"PropertyValueSpecification","valueRequired":true,"valueName":"search_term_string"}}],"inLanguage":"pt-PT"},{"@type":"Organization","@id":"https:\/\/jornaldasoficinas.com\/pt\/#organization","name":"Jornal das Oficinas","url":"https:\/\/jornaldasoficinas.com\/pt\/","logo":{"@type":"ImageObject","inLanguage":"pt-PT","@id":"https:\/\/jornaldasoficinas.com\/pt\/#\/schema\/logo\/image\/","url":"https:\/\/jornaldasoficinas.com\/pt\/wp-content\/uploads\/logoJO-SEO.png","contentUrl":"https:\/\/jornaldasoficinas.com\/pt\/wp-content\/uploads\/logoJO-SEO.png","width":285,"height":450,"caption":"Jornal das Oficinas"},"image":{"@id":"https:\/\/jornaldasoficinas.com\/pt\/#\/schema\/logo\/image\/"},"sameAs":["https:\/\/www.facebook.com\/jornaloficinas","https:\/\/x.com\/jornaloficinas","https:\/\/www.instagram.com\/jornal_oficinas\/","https:\/\/www.linkedin.com\/company\/jornal-das-oficinas\/","https:\/\/www.youtube.com\/channel\/UCbQZBqtcvV-oSQrr7RzINGg"]},{"@type":"Person","@id":"https:\/\/jornaldasoficinas.com\/pt\/#\/schema\/person\/a38eef5de2c41d9e7c9ac10141afddf3","name":"Reda\u00e7\u00e3o JO","image":{"@type":"ImageObject","inLanguage":"pt-PT","@id":"https:\/\/secure.gravatar.com\/avatar\/71f2fa71737ad68a84fea94bc708ddac8ea5b0c4788dc2ad202f3ccb2887742f?s=96&d=wp_user_avatar&r=g","url":"https:\/\/secure.gravatar.com\/avatar\/71f2fa71737ad68a84fea94bc708ddac8ea5b0c4788dc2ad202f3ccb2887742f?s=96&d=wp_user_avatar&r=g","contentUrl":"https:\/\/secure.gravatar.com\/avatar\/71f2fa71737ad68a84fea94bc708ddac8ea5b0c4788dc2ad202f3ccb2887742f?s=96&d=wp_user_avatar&r=g","caption":"Reda\u00e7\u00e3o JO"},"url":"https:\/\/jornaldasoficinas.com\/pt\/author\/joredacao\/"}]}},"_links":{"self":[{"href":"https:\/\/jornaldasoficinas.com\/pt\/wp-json\/wp\/v2\/posts\/87083","targetHints":{"allow":["GET"]}}],"collection":[{"href":"https:\/\/jornaldasoficinas.com\/pt\/wp-json\/wp\/v2\/posts"}],"about":[{"href":"https:\/\/jornaldasoficinas.com\/pt\/wp-json\/wp\/v2\/types\/post"}],"author":[{"embeddable":true,"href":"https:\/\/jornaldasoficinas.com\/pt\/wp-json\/wp\/v2\/users\/15"}],"replies":[{"embeddable":true,"href":"https:\/\/jornaldasoficinas.com\/pt\/wp-json\/wp\/v2\/comments?post=87083"}],"version-history":[{"count":0,"href":"https:\/\/jornaldasoficinas.com\/pt\/wp-json\/wp\/v2\/posts\/87083\/revisions"}],"wp:featuredmedia":[{"embeddable":true,"href":"https:\/\/jornaldasoficinas.com\/pt\/wp-json\/wp\/v2\/media\/87092"}],"wp:attachment":[{"href":"https:\/\/jornaldasoficinas.com\/pt\/wp-json\/wp\/v2\/media?parent=87083"}],"wp:term":[{"taxonomy":"category","embeddable":true,"href":"https:\/\/jornaldasoficinas.com\/pt\/wp-json\/wp\/v2\/categories?post=87083"},{"taxonomy":"post_tag","embeddable":true,"href":"https:\/\/jornaldasoficinas.com\/pt\/wp-json\/wp\/v2\/tags?post=87083"}],"curies":[{"name":"wp","href":"https:\/\/api.w.org\/{rel}","templated":true}]}}