{"id":87131,"date":"2024-06-27T18:00:41","date_gmt":"2024-06-27T17:00:41","guid":{"rendered":"https:\/\/jornaldasoficinas.com\/pt\/?p=87131"},"modified":"2024-06-27T14:59:11","modified_gmt":"2024-06-27T13:59:11","slug":"ferias-sobre-rodas-varta-apresenta-solucoes-de-baterias","status":"publish","type":"post","link":"https:\/\/jornaldasoficinas.com\/pt\/ferias-sobre-rodas-varta-apresenta-solucoes-de-baterias\/","title":{"rendered":"F\u00e9rias sobre rodas? Varta apresenta solu\u00e7\u00f5es de baterias"},"content":{"rendered":"<p><strong><img loading=\"lazy\" decoding=\"async\" class=\"alignnone size-full wp-image-87135\" src=\"https:\/\/jornaldasoficinas.com\/pt\/wp-content\/uploads\/2024\/05\/Viagem-sobre-rodas-Varta-apresenta-solucoes-para-as-ferias.png\" alt=\"05 - Viagem sobre rodas Varta apresenta solucoes para as ferias\" width=\"1024\" height=\"581\" srcset=\"https:\/\/jornaldasoficinas.com\/pt\/wp-content\/uploads\/2024\/05\/Viagem-sobre-rodas-Varta-apresenta-solucoes-para-as-ferias.png 1024w, https:\/\/jornaldasoficinas.com\/pt\/wp-content\/uploads\/2024\/05\/Viagem-sobre-rodas-Varta-apresenta-solucoes-para-as-ferias-300x170.png 300w, https:\/\/jornaldasoficinas.com\/pt\/wp-content\/uploads\/2024\/05\/Viagem-sobre-rodas-Varta-apresenta-solucoes-para-as-ferias-150x85.png 150w, https:\/\/jornaldasoficinas.com\/pt\/wp-content\/uploads\/2024\/05\/Viagem-sobre-rodas-Varta-apresenta-solucoes-para-as-ferias-768x436.png 768w\" sizes=\"auto, (max-width: 1024px) 100vw, 1024px\" \/><\/strong><\/p>\n<p><strong>Entre as v\u00e1rias op\u00e7\u00f5es, a <a href=\"https:\/\/www.varta-automotive.pt\/pt-pt\" target=\"_blank\" rel=\"noopener\">Varta<\/a> destaca as baterias Professional Dual Purpose EFB e Professional Dual Purpose AGM, desenhadas para atender \u00e0s diferentes necessidades de cada utilizador<\/strong><\/p>\n<p>&#8220;O ver\u00e3o \u00e9 a \u00e9poca do ano em que muitas pessoas decidem explorar novos destinos e embarcar em aventuras ao ar livre. Para muitos, viajar em autocaravana \u00e9 a op\u00e7\u00e3o perfeita, pois oferece liberdade, flexibilidade e a oportunidade de descobrir paisagens deslumbrantes sem as limita\u00e7\u00f5es de hor\u00e1rios fixos ou reservas de alojamento. No entanto, antes de partir para a estrada, \u00e9 crucial garantir que todos os elementos essenciais estejam em perfeitas condi\u00e7\u00f5es, e a bateria \u00e9 um deles&#8221;, relembrou a marca Varta.<\/p>\n<p>&#8220;A bateria desempenha um papel fundamental no funcionamento de uma autocaravana, alimentando todos os sistemas el\u00e9tricos, desde as luzes e os eletrodom\u00e9sticos at\u00e9 aos dispositivos eletr\u00f3nicos. Dispositivos como televisores, m\u00e1quinas de caf\u00e9 e computadores port\u00e1teis consomem muita energia, mas s\u00e3o essenciais para proporcionar o conforto e a conveni\u00eancia de &#8220;estar como em casa&#8221; durante a viagem. Portanto, garantir que a bateria esteja em boas condi\u00e7\u00f5es \u00e9 essencial para desfrutar plenamente da experi\u00eancia&#8221;, referiu.<\/p>\n<p>&#8220;Caso seja necess\u00e1rio substituir a bateria, \u00e9 importante escolher a op\u00e7\u00e3o certa para garantir um desempenho confi\u00e1vel durante toda a viagem. Com uma ampla gama de baterias que se adaptam a diferentes necessidades e exig\u00eancias, as baterias VARTA s\u00e3o a escolha preferida de muitos propriet\u00e1rios de autocaravanas em todo o mundo&#8221;, sublinhou.<\/p>\n<p>Entre as principais op\u00e7\u00f5es para utiliza\u00e7\u00e3o em autocaravanas, destacam-se as baterias Professional Dual Purpose EFB e Professional Dual Purpose AGM, desenhadas para satisfazer as necessidades espec\u00edficas de cada utilizador.<\/p>\n<p>A Professional Dual Purpose EFB foi especialmente concebida para autocaravanas com requisitos energ\u00e9ticos moderados. Baseada na tecnologia EFB, esta bateria oferece uma vida de ciclo superior e uma elevada robustez, garantindo um fornecimento constante de energia em viagens curtas ou estadias em locais remotos.<\/p>\n<p>J\u00e1 a Professional Dual Purpose AGM destaca-se pela sua elevada estabilidade c\u00edclica e resist\u00eancia ao estado de carga baixo. Ideal para estadias prolongadas em locais remotos, esta bateria proporciona energia suficiente para alimentar todos os consum\u00edveis a bordo, desde a ilumina\u00e7\u00e3o at\u00e9 aos dispositivos eletr\u00f3nicos mais exigentes.<\/p>\n<p>&#8220;Para garantir que escolhe a bateria certa para as suas necessidades, as oficinas parceiras da VARTA est\u00e3o dispon\u00edveis para ajudar. Os especialistas destas oficinas podem verificar o estado da bateria, recomendar o modelo mais adequado e garantir uma instala\u00e7\u00e3o profissional, proporcionando-lhe tranquilidade e confian\u00e7a durante a sua pr\u00f3xima aventura em autocaravana. Descubra a oficina s\u00f3cia mais perto de si no nosso site&#8221;, concluiu.<\/p>\n<p>&nbsp;<\/p>\n","protected":false},"excerpt":{"rendered":"<p>Entre as v\u00e1rias op\u00e7\u00f5es, a Varta&#8230;<\/p>\n","protected":false},"author":15,"featured_media":87135,"comment_status":"closed","ping_status":"closed","sticky":false,"template":"","format":"standard","meta":{"footnotes":""},"categories":[29],"tags":[8139,9690,512,9689,728],"class_list":["post-87131","post","type-post","status-publish","format-standard","has-post-thumbnail","hentry","category-empresas","tag-ampla-gama","tag-autocaravana","tag-baterias","tag-ferias-de-verao","tag-varta"],"yoast_head":"<!-- This site is optimized with the Yoast SEO plugin v27.5 - https:\/\/yoast.com\/product\/yoast-seo-wordpress\/ -->\n<title>F\u00e9rias sobre rodas? Varta apresenta solu\u00e7\u00f5es de baterias - Jornal das Oficinas<\/title>\n<meta name=\"description\" content=\"A Varta destaca as baterias Professional Dual Purpose EFB e Professional Dual Purpose AGM, projetadas para atender a diferentes necessidades\" \/>\n<meta name=\"robots\" content=\"index, follow, max-snippet:-1, max-image-preview:large, max-video-preview:-1\" \/>\n<link rel=\"canonical\" href=\"https:\/\/jornaldasoficinas.com\/pt\/ferias-sobre-rodas-varta-apresenta-solucoes-de-baterias\/\" \/>\n<meta property=\"og:locale\" content=\"pt_PT\" \/>\n<meta property=\"og:type\" content=\"article\" \/>\n<meta property=\"og:title\" content=\"F\u00e9rias sobre rodas? Varta apresenta solu\u00e7\u00f5es de baterias - Jornal das Oficinas\" \/>\n<meta property=\"og:description\" content=\"A Varta destaca as baterias Professional Dual Purpose EFB e Professional Dual Purpose AGM, projetadas para atender a diferentes necessidades\" \/>\n<meta property=\"og:url\" content=\"https:\/\/jornaldasoficinas.com\/pt\/ferias-sobre-rodas-varta-apresenta-solucoes-de-baterias\/\" \/>\n<meta property=\"og:site_name\" content=\"Jornal das Oficinas\" \/>\n<meta property=\"article:publisher\" content=\"https:\/\/www.facebook.com\/jornaloficinas\" \/>\n<meta property=\"article:published_time\" content=\"2024-06-27T17:00:41+00:00\" \/>\n<meta property=\"og:image\" content=\"https:\/\/jornaldasoficinas.com\/pt\/wp-content\/uploads\/2024\/05\/Viagem-sobre-rodas-Varta-apresenta-solucoes-para-as-ferias.png\" \/>\n\t<meta property=\"og:image:width\" content=\"1024\" \/>\n\t<meta property=\"og:image:height\" content=\"581\" \/>\n\t<meta property=\"og:image:type\" content=\"image\/png\" \/>\n<meta name=\"author\" content=\"Reda\u00e7\u00e3o JO\" \/>\n<meta name=\"twitter:card\" content=\"summary_large_image\" \/>\n<meta name=\"twitter:creator\" content=\"@jornaloficinas\" \/>\n<meta name=\"twitter:site\" content=\"@jornaloficinas\" \/>\n<meta name=\"twitter:label1\" content=\"Escrito por\" \/>\n\t<meta name=\"twitter:data1\" content=\"Reda\u00e7\u00e3o JO\" \/>\n\t<meta name=\"twitter:label2\" content=\"Tempo estimado de leitura\" \/>\n\t<meta name=\"twitter:data2\" content=\"3 minutos\" \/>\n<script type=\"application\/ld+json\" class=\"yoast-schema-graph\">{\"@context\":\"https:\\\/\\\/schema.org\",\"@graph\":[{\"@type\":\"Article\",\"@id\":\"https:\\\/\\\/jornaldasoficinas.com\\\/pt\\\/ferias-sobre-rodas-varta-apresenta-solucoes-de-baterias\\\/#article\",\"isPartOf\":{\"@id\":\"https:\\\/\\\/jornaldasoficinas.com\\\/pt\\\/ferias-sobre-rodas-varta-apresenta-solucoes-de-baterias\\\/\"},\"author\":{\"name\":\"Reda\u00e7\u00e3o JO\",\"@id\":\"https:\\\/\\\/jornaldasoficinas.com\\\/pt\\\/#\\\/schema\\\/person\\\/a38eef5de2c41d9e7c9ac10141afddf3\"},\"headline\":\"F\u00e9rias sobre rodas? Varta apresenta solu\u00e7\u00f5es de baterias\",\"datePublished\":\"2024-06-27T17:00:41+00:00\",\"mainEntityOfPage\":{\"@id\":\"https:\\\/\\\/jornaldasoficinas.com\\\/pt\\\/ferias-sobre-rodas-varta-apresenta-solucoes-de-baterias\\\/\"},\"wordCount\":459,\"publisher\":{\"@id\":\"https:\\\/\\\/jornaldasoficinas.com\\\/pt\\\/#organization\"},\"image\":{\"@id\":\"https:\\\/\\\/jornaldasoficinas.com\\\/pt\\\/ferias-sobre-rodas-varta-apresenta-solucoes-de-baterias\\\/#primaryimage\"},\"thumbnailUrl\":\"https:\\\/\\\/jornaldasoficinas.com\\\/pt\\\/wp-content\\\/uploads\\\/2024\\\/05\\\/Viagem-sobre-rodas-Varta-apresenta-solucoes-para-as-ferias.png\",\"keywords\":[\"ampla gama\",\"autocaravana\",\"Baterias\",\"f\u00e9rias de ver\u00e3o\",\"VARTA\"],\"articleSection\":[\"Empresas\"],\"inLanguage\":\"pt-PT\"},{\"@type\":\"WebPage\",\"@id\":\"https:\\\/\\\/jornaldasoficinas.com\\\/pt\\\/ferias-sobre-rodas-varta-apresenta-solucoes-de-baterias\\\/\",\"url\":\"https:\\\/\\\/jornaldasoficinas.com\\\/pt\\\/ferias-sobre-rodas-varta-apresenta-solucoes-de-baterias\\\/\",\"name\":\"F\u00e9rias sobre rodas? Varta apresenta solu\u00e7\u00f5es de baterias - Jornal das Oficinas\",\"isPartOf\":{\"@id\":\"https:\\\/\\\/jornaldasoficinas.com\\\/pt\\\/#website\"},\"primaryImageOfPage\":{\"@id\":\"https:\\\/\\\/jornaldasoficinas.com\\\/pt\\\/ferias-sobre-rodas-varta-apresenta-solucoes-de-baterias\\\/#primaryimage\"},\"image\":{\"@id\":\"https:\\\/\\\/jornaldasoficinas.com\\\/pt\\\/ferias-sobre-rodas-varta-apresenta-solucoes-de-baterias\\\/#primaryimage\"},\"thumbnailUrl\":\"https:\\\/\\\/jornaldasoficinas.com\\\/pt\\\/wp-content\\\/uploads\\\/2024\\\/05\\\/Viagem-sobre-rodas-Varta-apresenta-solucoes-para-as-ferias.png\",\"datePublished\":\"2024-06-27T17:00:41+00:00\",\"description\":\"A Varta destaca as baterias Professional Dual Purpose EFB e Professional Dual Purpose AGM, projetadas para atender a diferentes necessidades\",\"breadcrumb\":{\"@id\":\"https:\\\/\\\/jornaldasoficinas.com\\\/pt\\\/ferias-sobre-rodas-varta-apresenta-solucoes-de-baterias\\\/#breadcrumb\"},\"inLanguage\":\"pt-PT\",\"potentialAction\":[{\"@type\":\"ReadAction\",\"target\":[\"https:\\\/\\\/jornaldasoficinas.com\\\/pt\\\/ferias-sobre-rodas-varta-apresenta-solucoes-de-baterias\\\/\"]}]},{\"@type\":\"ImageObject\",\"inLanguage\":\"pt-PT\",\"@id\":\"https:\\\/\\\/jornaldasoficinas.com\\\/pt\\\/ferias-sobre-rodas-varta-apresenta-solucoes-de-baterias\\\/#primaryimage\",\"url\":\"https:\\\/\\\/jornaldasoficinas.com\\\/pt\\\/wp-content\\\/uploads\\\/2024\\\/05\\\/Viagem-sobre-rodas-Varta-apresenta-solucoes-para-as-ferias.png\",\"contentUrl\":\"https:\\\/\\\/jornaldasoficinas.com\\\/pt\\\/wp-content\\\/uploads\\\/2024\\\/05\\\/Viagem-sobre-rodas-Varta-apresenta-solucoes-para-as-ferias.png\",\"width\":1024,\"height\":581,\"caption\":\"05 - Viagem sobre rodas Varta apresenta solucoes para as ferias\"},{\"@type\":\"BreadcrumbList\",\"@id\":\"https:\\\/\\\/jornaldasoficinas.com\\\/pt\\\/ferias-sobre-rodas-varta-apresenta-solucoes-de-baterias\\\/#breadcrumb\",\"itemListElement\":[{\"@type\":\"ListItem\",\"position\":1,\"name\":\"In\u00edcio\",\"item\":\"https:\\\/\\\/jornaldasoficinas.com\\\/pt\\\/\"},{\"@type\":\"ListItem\",\"position\":2,\"name\":\"F\u00e9rias sobre rodas? Varta apresenta solu\u00e7\u00f5es de baterias\"}]},{\"@type\":\"WebSite\",\"@id\":\"https:\\\/\\\/jornaldasoficinas.com\\\/pt\\\/#website\",\"url\":\"https:\\\/\\\/jornaldasoficinas.com\\\/pt\\\/\",\"name\":\"Jornal das Oficinas\",\"description\":\"Jornal independente do Aftermarket Autom\u00f3vel em Portugal\",\"publisher\":{\"@id\":\"https:\\\/\\\/jornaldasoficinas.com\\\/pt\\\/#organization\"},\"potentialAction\":[{\"@type\":\"SearchAction\",\"target\":{\"@type\":\"EntryPoint\",\"urlTemplate\":\"https:\\\/\\\/jornaldasoficinas.com\\\/pt\\\/?s={search_term_string}\"},\"query-input\":{\"@type\":\"PropertyValueSpecification\",\"valueRequired\":true,\"valueName\":\"search_term_string\"}}],\"inLanguage\":\"pt-PT\"},{\"@type\":\"Organization\",\"@id\":\"https:\\\/\\\/jornaldasoficinas.com\\\/pt\\\/#organization\",\"name\":\"Jornal das Oficinas\",\"url\":\"https:\\\/\\\/jornaldasoficinas.com\\\/pt\\\/\",\"logo\":{\"@type\":\"ImageObject\",\"inLanguage\":\"pt-PT\",\"@id\":\"https:\\\/\\\/jornaldasoficinas.com\\\/pt\\\/#\\\/schema\\\/logo\\\/image\\\/\",\"url\":\"https:\\\/\\\/jornaldasoficinas.com\\\/pt\\\/wp-content\\\/uploads\\\/logoJO-SEO.png\",\"contentUrl\":\"https:\\\/\\\/jornaldasoficinas.com\\\/pt\\\/wp-content\\\/uploads\\\/logoJO-SEO.png\",\"width\":285,\"height\":450,\"caption\":\"Jornal das Oficinas\"},\"image\":{\"@id\":\"https:\\\/\\\/jornaldasoficinas.com\\\/pt\\\/#\\\/schema\\\/logo\\\/image\\\/\"},\"sameAs\":[\"https:\\\/\\\/www.facebook.com\\\/jornaloficinas\",\"https:\\\/\\\/x.com\\\/jornaloficinas\",\"https:\\\/\\\/www.instagram.com\\\/jornal_oficinas\\\/\",\"https:\\\/\\\/www.linkedin.com\\\/company\\\/jornal-das-oficinas\\\/\",\"https:\\\/\\\/www.youtube.com\\\/channel\\\/UCbQZBqtcvV-oSQrr7RzINGg\"]},{\"@type\":\"Person\",\"@id\":\"https:\\\/\\\/jornaldasoficinas.com\\\/pt\\\/#\\\/schema\\\/person\\\/a38eef5de2c41d9e7c9ac10141afddf3\",\"name\":\"Reda\u00e7\u00e3o JO\",\"image\":{\"@type\":\"ImageObject\",\"inLanguage\":\"pt-PT\",\"@id\":\"https:\\\/\\\/secure.gravatar.com\\\/avatar\\\/71f2fa71737ad68a84fea94bc708ddac8ea5b0c4788dc2ad202f3ccb2887742f?s=96&d=wp_user_avatar&r=g\",\"url\":\"https:\\\/\\\/secure.gravatar.com\\\/avatar\\\/71f2fa71737ad68a84fea94bc708ddac8ea5b0c4788dc2ad202f3ccb2887742f?s=96&d=wp_user_avatar&r=g\",\"contentUrl\":\"https:\\\/\\\/secure.gravatar.com\\\/avatar\\\/71f2fa71737ad68a84fea94bc708ddac8ea5b0c4788dc2ad202f3ccb2887742f?s=96&d=wp_user_avatar&r=g\",\"caption\":\"Reda\u00e7\u00e3o JO\"},\"url\":\"https:\\\/\\\/jornaldasoficinas.com\\\/pt\\\/author\\\/joredacao\\\/\"}]}<\/script>\n<!-- \/ Yoast SEO plugin. -->","yoast_head_json":{"title":"F\u00e9rias sobre rodas? Varta apresenta solu\u00e7\u00f5es de baterias - Jornal das Oficinas","description":"A Varta destaca as baterias Professional Dual Purpose EFB e Professional Dual Purpose AGM, projetadas para atender a diferentes necessidades","robots":{"index":"index","follow":"follow","max-snippet":"max-snippet:-1","max-image-preview":"max-image-preview:large","max-video-preview":"max-video-preview:-1"},"canonical":"https:\/\/jornaldasoficinas.com\/pt\/ferias-sobre-rodas-varta-apresenta-solucoes-de-baterias\/","og_locale":"pt_PT","og_type":"article","og_title":"F\u00e9rias sobre rodas? Varta apresenta solu\u00e7\u00f5es de baterias - Jornal das Oficinas","og_description":"A Varta destaca as baterias Professional Dual Purpose EFB e Professional Dual Purpose AGM, projetadas para atender a diferentes necessidades","og_url":"https:\/\/jornaldasoficinas.com\/pt\/ferias-sobre-rodas-varta-apresenta-solucoes-de-baterias\/","og_site_name":"Jornal das Oficinas","article_publisher":"https:\/\/www.facebook.com\/jornaloficinas","article_published_time":"2024-06-27T17:00:41+00:00","og_image":[{"width":1024,"height":581,"url":"https:\/\/jornaldasoficinas.com\/pt\/wp-content\/uploads\/2024\/05\/Viagem-sobre-rodas-Varta-apresenta-solucoes-para-as-ferias.png","type":"image\/png"}],"author":"Reda\u00e7\u00e3o JO","twitter_card":"summary_large_image","twitter_creator":"@jornaloficinas","twitter_site":"@jornaloficinas","twitter_misc":{"Escrito por":"Reda\u00e7\u00e3o JO","Tempo estimado de leitura":"3 minutos"},"schema":{"@context":"https:\/\/schema.org","@graph":[{"@type":"Article","@id":"https:\/\/jornaldasoficinas.com\/pt\/ferias-sobre-rodas-varta-apresenta-solucoes-de-baterias\/#article","isPartOf":{"@id":"https:\/\/jornaldasoficinas.com\/pt\/ferias-sobre-rodas-varta-apresenta-solucoes-de-baterias\/"},"author":{"name":"Reda\u00e7\u00e3o JO","@id":"https:\/\/jornaldasoficinas.com\/pt\/#\/schema\/person\/a38eef5de2c41d9e7c9ac10141afddf3"},"headline":"F\u00e9rias sobre rodas? Varta apresenta solu\u00e7\u00f5es de baterias","datePublished":"2024-06-27T17:00:41+00:00","mainEntityOfPage":{"@id":"https:\/\/jornaldasoficinas.com\/pt\/ferias-sobre-rodas-varta-apresenta-solucoes-de-baterias\/"},"wordCount":459,"publisher":{"@id":"https:\/\/jornaldasoficinas.com\/pt\/#organization"},"image":{"@id":"https:\/\/jornaldasoficinas.com\/pt\/ferias-sobre-rodas-varta-apresenta-solucoes-de-baterias\/#primaryimage"},"thumbnailUrl":"https:\/\/jornaldasoficinas.com\/pt\/wp-content\/uploads\/2024\/05\/Viagem-sobre-rodas-Varta-apresenta-solucoes-para-as-ferias.png","keywords":["ampla gama","autocaravana","Baterias","f\u00e9rias de ver\u00e3o","VARTA"],"articleSection":["Empresas"],"inLanguage":"pt-PT"},{"@type":"WebPage","@id":"https:\/\/jornaldasoficinas.com\/pt\/ferias-sobre-rodas-varta-apresenta-solucoes-de-baterias\/","url":"https:\/\/jornaldasoficinas.com\/pt\/ferias-sobre-rodas-varta-apresenta-solucoes-de-baterias\/","name":"F\u00e9rias sobre rodas? Varta apresenta solu\u00e7\u00f5es de baterias - Jornal das Oficinas","isPartOf":{"@id":"https:\/\/jornaldasoficinas.com\/pt\/#website"},"primaryImageOfPage":{"@id":"https:\/\/jornaldasoficinas.com\/pt\/ferias-sobre-rodas-varta-apresenta-solucoes-de-baterias\/#primaryimage"},"image":{"@id":"https:\/\/jornaldasoficinas.com\/pt\/ferias-sobre-rodas-varta-apresenta-solucoes-de-baterias\/#primaryimage"},"thumbnailUrl":"https:\/\/jornaldasoficinas.com\/pt\/wp-content\/uploads\/2024\/05\/Viagem-sobre-rodas-Varta-apresenta-solucoes-para-as-ferias.png","datePublished":"2024-06-27T17:00:41+00:00","description":"A Varta destaca as baterias Professional Dual Purpose EFB e Professional Dual Purpose AGM, projetadas para atender a diferentes necessidades","breadcrumb":{"@id":"https:\/\/jornaldasoficinas.com\/pt\/ferias-sobre-rodas-varta-apresenta-solucoes-de-baterias\/#breadcrumb"},"inLanguage":"pt-PT","potentialAction":[{"@type":"ReadAction","target":["https:\/\/jornaldasoficinas.com\/pt\/ferias-sobre-rodas-varta-apresenta-solucoes-de-baterias\/"]}]},{"@type":"ImageObject","inLanguage":"pt-PT","@id":"https:\/\/jornaldasoficinas.com\/pt\/ferias-sobre-rodas-varta-apresenta-solucoes-de-baterias\/#primaryimage","url":"https:\/\/jornaldasoficinas.com\/pt\/wp-content\/uploads\/2024\/05\/Viagem-sobre-rodas-Varta-apresenta-solucoes-para-as-ferias.png","contentUrl":"https:\/\/jornaldasoficinas.com\/pt\/wp-content\/uploads\/2024\/05\/Viagem-sobre-rodas-Varta-apresenta-solucoes-para-as-ferias.png","width":1024,"height":581,"caption":"05 - Viagem sobre rodas Varta apresenta solucoes para as ferias"},{"@type":"BreadcrumbList","@id":"https:\/\/jornaldasoficinas.com\/pt\/ferias-sobre-rodas-varta-apresenta-solucoes-de-baterias\/#breadcrumb","itemListElement":[{"@type":"ListItem","position":1,"name":"In\u00edcio","item":"https:\/\/jornaldasoficinas.com\/pt\/"},{"@type":"ListItem","position":2,"name":"F\u00e9rias sobre rodas? Varta apresenta solu\u00e7\u00f5es de baterias"}]},{"@type":"WebSite","@id":"https:\/\/jornaldasoficinas.com\/pt\/#website","url":"https:\/\/jornaldasoficinas.com\/pt\/","name":"Jornal das Oficinas","description":"Jornal independente do Aftermarket Autom\u00f3vel em Portugal","publisher":{"@id":"https:\/\/jornaldasoficinas.com\/pt\/#organization"},"potentialAction":[{"@type":"SearchAction","target":{"@type":"EntryPoint","urlTemplate":"https:\/\/jornaldasoficinas.com\/pt\/?s={search_term_string}"},"query-input":{"@type":"PropertyValueSpecification","valueRequired":true,"valueName":"search_term_string"}}],"inLanguage":"pt-PT"},{"@type":"Organization","@id":"https:\/\/jornaldasoficinas.com\/pt\/#organization","name":"Jornal das Oficinas","url":"https:\/\/jornaldasoficinas.com\/pt\/","logo":{"@type":"ImageObject","inLanguage":"pt-PT","@id":"https:\/\/jornaldasoficinas.com\/pt\/#\/schema\/logo\/image\/","url":"https:\/\/jornaldasoficinas.com\/pt\/wp-content\/uploads\/logoJO-SEO.png","contentUrl":"https:\/\/jornaldasoficinas.com\/pt\/wp-content\/uploads\/logoJO-SEO.png","width":285,"height":450,"caption":"Jornal das Oficinas"},"image":{"@id":"https:\/\/jornaldasoficinas.com\/pt\/#\/schema\/logo\/image\/"},"sameAs":["https:\/\/www.facebook.com\/jornaloficinas","https:\/\/x.com\/jornaloficinas","https:\/\/www.instagram.com\/jornal_oficinas\/","https:\/\/www.linkedin.com\/company\/jornal-das-oficinas\/","https:\/\/www.youtube.com\/channel\/UCbQZBqtcvV-oSQrr7RzINGg"]},{"@type":"Person","@id":"https:\/\/jornaldasoficinas.com\/pt\/#\/schema\/person\/a38eef5de2c41d9e7c9ac10141afddf3","name":"Reda\u00e7\u00e3o JO","image":{"@type":"ImageObject","inLanguage":"pt-PT","@id":"https:\/\/secure.gravatar.com\/avatar\/71f2fa71737ad68a84fea94bc708ddac8ea5b0c4788dc2ad202f3ccb2887742f?s=96&d=wp_user_avatar&r=g","url":"https:\/\/secure.gravatar.com\/avatar\/71f2fa71737ad68a84fea94bc708ddac8ea5b0c4788dc2ad202f3ccb2887742f?s=96&d=wp_user_avatar&r=g","contentUrl":"https:\/\/secure.gravatar.com\/avatar\/71f2fa71737ad68a84fea94bc708ddac8ea5b0c4788dc2ad202f3ccb2887742f?s=96&d=wp_user_avatar&r=g","caption":"Reda\u00e7\u00e3o JO"},"url":"https:\/\/jornaldasoficinas.com\/pt\/author\/joredacao\/"}]}},"_links":{"self":[{"href":"https:\/\/jornaldasoficinas.com\/pt\/wp-json\/wp\/v2\/posts\/87131","targetHints":{"allow":["GET"]}}],"collection":[{"href":"https:\/\/jornaldasoficinas.com\/pt\/wp-json\/wp\/v2\/posts"}],"about":[{"href":"https:\/\/jornaldasoficinas.com\/pt\/wp-json\/wp\/v2\/types\/post"}],"author":[{"embeddable":true,"href":"https:\/\/jornaldasoficinas.com\/pt\/wp-json\/wp\/v2\/users\/15"}],"replies":[{"embeddable":true,"href":"https:\/\/jornaldasoficinas.com\/pt\/wp-json\/wp\/v2\/comments?post=87131"}],"version-history":[{"count":0,"href":"https:\/\/jornaldasoficinas.com\/pt\/wp-json\/wp\/v2\/posts\/87131\/revisions"}],"wp:featuredmedia":[{"embeddable":true,"href":"https:\/\/jornaldasoficinas.com\/pt\/wp-json\/wp\/v2\/media\/87135"}],"wp:attachment":[{"href":"https:\/\/jornaldasoficinas.com\/pt\/wp-json\/wp\/v2\/media?parent=87131"}],"wp:term":[{"taxonomy":"category","embeddable":true,"href":"https:\/\/jornaldasoficinas.com\/pt\/wp-json\/wp\/v2\/categories?post=87131"},{"taxonomy":"post_tag","embeddable":true,"href":"https:\/\/jornaldasoficinas.com\/pt\/wp-json\/wp\/v2\/tags?post=87131"}],"curies":[{"name":"wp","href":"https:\/\/api.w.org\/{rel}","templated":true}]}}