{"id":87162,"date":"2024-06-27T21:30:45","date_gmt":"2024-06-27T20:30:45","guid":{"rendered":"https:\/\/jornaldasoficinas.com\/pt\/?p=87162"},"modified":"2024-07-04T19:53:42","modified_gmt":"2024-07-04T18:53:42","slug":"requisitos-fiscais-legais-obrigatorios-para-as-oficinas-com-anecra","status":"publish","type":"post","link":"https:\/\/jornaldasoficinas.com\/pt\/requisitos-fiscais-legais-obrigatorios-para-as-oficinas-com-anecra\/","title":{"rendered":"&#8220;Requisitos Fiscais\/Legais Obrigat\u00f3rios para as oficinas&#8221; com ANECRA"},"content":{"rendered":"<p><img loading=\"lazy\" decoding=\"async\" class=\"alignnone size-full wp-image-87165\" src=\"https:\/\/jornaldasoficinas.com\/pt\/wp-content\/uploads\/2024\/05\/Joao_Patricio-ANECRA-site.jpg\" alt=\"05 - Joao_Patricio ANECRA site\" width=\"1024\" height=\"581\" srcset=\"https:\/\/jornaldasoficinas.com\/pt\/wp-content\/uploads\/2024\/05\/Joao_Patricio-ANECRA-site.jpg 1024w, https:\/\/jornaldasoficinas.com\/pt\/wp-content\/uploads\/2024\/05\/Joao_Patricio-ANECRA-site-300x170.jpg 300w, https:\/\/jornaldasoficinas.com\/pt\/wp-content\/uploads\/2024\/05\/Joao_Patricio-ANECRA-site-150x85.jpg 150w, https:\/\/jornaldasoficinas.com\/pt\/wp-content\/uploads\/2024\/05\/Joao_Patricio-ANECRA-site-768x436.jpg 768w\" sizes=\"auto, (max-width: 1024px) 100vw, 1024px\" \/><\/p>\n<p><strong>Nas pr\u00f3ximas semanas, no Podcast do &#8220;Dar Voz ao Aftermarket&#8221;, vamos estar \u00e0 conversa com v\u00e1rios convidados sobre um tema que ningu\u00e9m gosta, seja de que setor f\u00f4r, principalmente as oficinas. Para iniciar o tema dos &#8220;Requisitos Fiscais\/Legais obrigat\u00f3rios para as oficinas\u201d, esta semana, no microfone do aftermarket estivemos \u00e0 conversa com Jo\u00e3o Patr\u00edcio, respons\u00e1vel pelo Gabinete T\u00e9cnico da <a href=\"https:\/\/www.anecra.pt\/\" target=\"_blank\" rel=\"noopener\">ANECRA<\/a>.<\/strong><\/p>\n<p><strong>Oi\u00e7a aqui, no <a href=\"http:\/\/open.spotify.com\/episode\/7dHP9sz1PR9ukFafV71V3i?si=14c3fbe640144f84\" target=\"_blank\" rel=\"noopener\">Spotify<\/a> e nas nossas redes sociais.\u00a0<\/strong><\/p>\n<p><iframe style=\"border-radius: 12px;\" src=\"https:\/\/open.spotify.com\/embed\/episode\/7dHP9sz1PR9ukFafV71V3i?utm_source=generator&amp;theme=0\" width=\"100%\" height=\"152\" frameBorder=\"0\" allowfullscreen=\"\" allow=\"autoplay; clipboard-write; encrypted-media; fullscreen; picture-in-picture\" loading=\"lazy\"><\/iframe><\/p>\n","protected":false},"excerpt":{"rendered":"<p>Nas pr\u00f3ximas semanas, no Podcast do&#8230;<\/p>\n","protected":false},"author":15,"featured_media":87165,"comment_status":"closed","ping_status":"closed","sticky":false,"template":"","format":"standard","meta":{"footnotes":""},"categories":[2803],"tags":[137,3161,4298,4169,9697,7969],"class_list":["post-87162","post","type-post","status-publish","format-standard","has-post-thumbnail","hentry","category-podcasts","tag-anecra","tag-dar-voz-ao-aftermarket","tag-jo-podcast","tag-joao-patricio","tag-requisitos-fiscais","tag-requisitos-legais"],"yoast_head":"<!-- This site is optimized with the Yoast SEO plugin v27.5 - https:\/\/yoast.com\/product\/yoast-seo-wordpress\/ -->\n<title>&quot;Requisitos Fiscais\/Legais Obrigat\u00f3rios para as oficinas&quot; com ANECRA - Jornal das Oficinas<\/title>\n<meta name=\"description\" content=\"Esta semana, no microfone do aftermarket estivemos \u00e0 conversa com Jo\u00e3o Patr\u00edcio, respons\u00e1vel pelo Gabinete T\u00e9cnico da ANECRA.\" \/>\n<meta name=\"robots\" content=\"index, follow, max-snippet:-1, max-image-preview:large, max-video-preview:-1\" \/>\n<link rel=\"canonical\" href=\"https:\/\/jornaldasoficinas.com\/pt\/requisitos-fiscais-legais-obrigatorios-para-as-oficinas-com-anecra\/\" \/>\n<meta property=\"og:locale\" content=\"pt_PT\" \/>\n<meta property=\"og:type\" content=\"article\" \/>\n<meta property=\"og:title\" content=\"&quot;Requisitos Fiscais\/Legais Obrigat\u00f3rios para as oficinas&quot; com ANECRA - Jornal das Oficinas\" \/>\n<meta property=\"og:description\" content=\"Esta semana, no microfone do aftermarket estivemos \u00e0 conversa com Jo\u00e3o Patr\u00edcio, respons\u00e1vel pelo Gabinete T\u00e9cnico da ANECRA.\" \/>\n<meta property=\"og:url\" content=\"https:\/\/jornaldasoficinas.com\/pt\/requisitos-fiscais-legais-obrigatorios-para-as-oficinas-com-anecra\/\" \/>\n<meta property=\"og:site_name\" content=\"Jornal das Oficinas\" \/>\n<meta property=\"article:publisher\" content=\"https:\/\/www.facebook.com\/jornaloficinas\" \/>\n<meta property=\"article:published_time\" content=\"2024-06-27T20:30:45+00:00\" \/>\n<meta property=\"article:modified_time\" content=\"2024-07-04T18:53:42+00:00\" \/>\n<meta property=\"og:image\" content=\"https:\/\/jornaldasoficinas.com\/pt\/wp-content\/uploads\/2024\/05\/Joao_Patricio-ANECRA-site.jpg\" \/>\n\t<meta property=\"og:image:width\" content=\"1024\" \/>\n\t<meta property=\"og:image:height\" content=\"581\" \/>\n\t<meta property=\"og:image:type\" content=\"image\/jpeg\" \/>\n<meta name=\"author\" content=\"Reda\u00e7\u00e3o JO\" \/>\n<meta name=\"twitter:card\" content=\"summary_large_image\" \/>\n<meta name=\"twitter:creator\" content=\"@jornaloficinas\" \/>\n<meta name=\"twitter:site\" content=\"@jornaloficinas\" \/>\n<meta name=\"twitter:label1\" content=\"Escrito por\" \/>\n\t<meta name=\"twitter:data1\" content=\"Reda\u00e7\u00e3o JO\" \/>\n\t<meta name=\"twitter:label2\" content=\"Tempo estimado de leitura\" \/>\n\t<meta name=\"twitter:data2\" content=\"1 minuto\" \/>\n<script type=\"application\/ld+json\" class=\"yoast-schema-graph\">{\"@context\":\"https:\\\/\\\/schema.org\",\"@graph\":[{\"@type\":\"Article\",\"@id\":\"https:\\\/\\\/jornaldasoficinas.com\\\/pt\\\/requisitos-fiscais-legais-obrigatorios-para-as-oficinas-com-anecra\\\/#article\",\"isPartOf\":{\"@id\":\"https:\\\/\\\/jornaldasoficinas.com\\\/pt\\\/requisitos-fiscais-legais-obrigatorios-para-as-oficinas-com-anecra\\\/\"},\"author\":{\"name\":\"Reda\u00e7\u00e3o JO\",\"@id\":\"https:\\\/\\\/jornaldasoficinas.com\\\/pt\\\/#\\\/schema\\\/person\\\/a38eef5de2c41d9e7c9ac10141afddf3\"},\"headline\":\"&#8220;Requisitos Fiscais\\\/Legais Obrigat\u00f3rios para as oficinas&#8221; com ANECRA\",\"datePublished\":\"2024-06-27T20:30:45+00:00\",\"dateModified\":\"2024-07-04T18:53:42+00:00\",\"mainEntityOfPage\":{\"@id\":\"https:\\\/\\\/jornaldasoficinas.com\\\/pt\\\/requisitos-fiscais-legais-obrigatorios-para-as-oficinas-com-anecra\\\/\"},\"wordCount\":88,\"publisher\":{\"@id\":\"https:\\\/\\\/jornaldasoficinas.com\\\/pt\\\/#organization\"},\"image\":{\"@id\":\"https:\\\/\\\/jornaldasoficinas.com\\\/pt\\\/requisitos-fiscais-legais-obrigatorios-para-as-oficinas-com-anecra\\\/#primaryimage\"},\"thumbnailUrl\":\"https:\\\/\\\/jornaldasoficinas.com\\\/pt\\\/wp-content\\\/uploads\\\/2024\\\/05\\\/Joao_Patricio-ANECRA-site.jpg\",\"keywords\":[\"ANECRA\",\"Dar Voz ao Aftermarket\",\"JO Podcast\",\"Jo\u00e3o Patr\u00edcio\",\"Requisitos Fiscais\",\"requisitos legais\"],\"articleSection\":[\"Podcasts\"],\"inLanguage\":\"pt-PT\"},{\"@type\":\"WebPage\",\"@id\":\"https:\\\/\\\/jornaldasoficinas.com\\\/pt\\\/requisitos-fiscais-legais-obrigatorios-para-as-oficinas-com-anecra\\\/\",\"url\":\"https:\\\/\\\/jornaldasoficinas.com\\\/pt\\\/requisitos-fiscais-legais-obrigatorios-para-as-oficinas-com-anecra\\\/\",\"name\":\"\\\"Requisitos Fiscais\\\/Legais Obrigat\u00f3rios para as oficinas\\\" com ANECRA - Jornal das Oficinas\",\"isPartOf\":{\"@id\":\"https:\\\/\\\/jornaldasoficinas.com\\\/pt\\\/#website\"},\"primaryImageOfPage\":{\"@id\":\"https:\\\/\\\/jornaldasoficinas.com\\\/pt\\\/requisitos-fiscais-legais-obrigatorios-para-as-oficinas-com-anecra\\\/#primaryimage\"},\"image\":{\"@id\":\"https:\\\/\\\/jornaldasoficinas.com\\\/pt\\\/requisitos-fiscais-legais-obrigatorios-para-as-oficinas-com-anecra\\\/#primaryimage\"},\"thumbnailUrl\":\"https:\\\/\\\/jornaldasoficinas.com\\\/pt\\\/wp-content\\\/uploads\\\/2024\\\/05\\\/Joao_Patricio-ANECRA-site.jpg\",\"datePublished\":\"2024-06-27T20:30:45+00:00\",\"dateModified\":\"2024-07-04T18:53:42+00:00\",\"description\":\"Esta semana, no microfone do aftermarket estivemos \u00e0 conversa com Jo\u00e3o Patr\u00edcio, respons\u00e1vel pelo Gabinete T\u00e9cnico da ANECRA.\",\"breadcrumb\":{\"@id\":\"https:\\\/\\\/jornaldasoficinas.com\\\/pt\\\/requisitos-fiscais-legais-obrigatorios-para-as-oficinas-com-anecra\\\/#breadcrumb\"},\"inLanguage\":\"pt-PT\",\"potentialAction\":[{\"@type\":\"ReadAction\",\"target\":[\"https:\\\/\\\/jornaldasoficinas.com\\\/pt\\\/requisitos-fiscais-legais-obrigatorios-para-as-oficinas-com-anecra\\\/\"]}]},{\"@type\":\"ImageObject\",\"inLanguage\":\"pt-PT\",\"@id\":\"https:\\\/\\\/jornaldasoficinas.com\\\/pt\\\/requisitos-fiscais-legais-obrigatorios-para-as-oficinas-com-anecra\\\/#primaryimage\",\"url\":\"https:\\\/\\\/jornaldasoficinas.com\\\/pt\\\/wp-content\\\/uploads\\\/2024\\\/05\\\/Joao_Patricio-ANECRA-site.jpg\",\"contentUrl\":\"https:\\\/\\\/jornaldasoficinas.com\\\/pt\\\/wp-content\\\/uploads\\\/2024\\\/05\\\/Joao_Patricio-ANECRA-site.jpg\",\"width\":1024,\"height\":581,\"caption\":\"05 - Joao_Patricio ANECRA site\"},{\"@type\":\"BreadcrumbList\",\"@id\":\"https:\\\/\\\/jornaldasoficinas.com\\\/pt\\\/requisitos-fiscais-legais-obrigatorios-para-as-oficinas-com-anecra\\\/#breadcrumb\",\"itemListElement\":[{\"@type\":\"ListItem\",\"position\":1,\"name\":\"In\u00edcio\",\"item\":\"https:\\\/\\\/jornaldasoficinas.com\\\/pt\\\/\"},{\"@type\":\"ListItem\",\"position\":2,\"name\":\"&#8220;Requisitos Fiscais\\\/Legais Obrigat\u00f3rios para as oficinas&#8221; com ANECRA\"}]},{\"@type\":\"WebSite\",\"@id\":\"https:\\\/\\\/jornaldasoficinas.com\\\/pt\\\/#website\",\"url\":\"https:\\\/\\\/jornaldasoficinas.com\\\/pt\\\/\",\"name\":\"Jornal das Oficinas\",\"description\":\"Jornal independente do Aftermarket Autom\u00f3vel em Portugal\",\"publisher\":{\"@id\":\"https:\\\/\\\/jornaldasoficinas.com\\\/pt\\\/#organization\"},\"potentialAction\":[{\"@type\":\"SearchAction\",\"target\":{\"@type\":\"EntryPoint\",\"urlTemplate\":\"https:\\\/\\\/jornaldasoficinas.com\\\/pt\\\/?s={search_term_string}\"},\"query-input\":{\"@type\":\"PropertyValueSpecification\",\"valueRequired\":true,\"valueName\":\"search_term_string\"}}],\"inLanguage\":\"pt-PT\"},{\"@type\":\"Organization\",\"@id\":\"https:\\\/\\\/jornaldasoficinas.com\\\/pt\\\/#organization\",\"name\":\"Jornal das Oficinas\",\"url\":\"https:\\\/\\\/jornaldasoficinas.com\\\/pt\\\/\",\"logo\":{\"@type\":\"ImageObject\",\"inLanguage\":\"pt-PT\",\"@id\":\"https:\\\/\\\/jornaldasoficinas.com\\\/pt\\\/#\\\/schema\\\/logo\\\/image\\\/\",\"url\":\"https:\\\/\\\/jornaldasoficinas.com\\\/pt\\\/wp-content\\\/uploads\\\/logoJO-SEO.png\",\"contentUrl\":\"https:\\\/\\\/jornaldasoficinas.com\\\/pt\\\/wp-content\\\/uploads\\\/logoJO-SEO.png\",\"width\":285,\"height\":450,\"caption\":\"Jornal das Oficinas\"},\"image\":{\"@id\":\"https:\\\/\\\/jornaldasoficinas.com\\\/pt\\\/#\\\/schema\\\/logo\\\/image\\\/\"},\"sameAs\":[\"https:\\\/\\\/www.facebook.com\\\/jornaloficinas\",\"https:\\\/\\\/x.com\\\/jornaloficinas\",\"https:\\\/\\\/www.instagram.com\\\/jornal_oficinas\\\/\",\"https:\\\/\\\/www.linkedin.com\\\/company\\\/jornal-das-oficinas\\\/\",\"https:\\\/\\\/www.youtube.com\\\/channel\\\/UCbQZBqtcvV-oSQrr7RzINGg\"]},{\"@type\":\"Person\",\"@id\":\"https:\\\/\\\/jornaldasoficinas.com\\\/pt\\\/#\\\/schema\\\/person\\\/a38eef5de2c41d9e7c9ac10141afddf3\",\"name\":\"Reda\u00e7\u00e3o JO\",\"image\":{\"@type\":\"ImageObject\",\"inLanguage\":\"pt-PT\",\"@id\":\"https:\\\/\\\/secure.gravatar.com\\\/avatar\\\/71f2fa71737ad68a84fea94bc708ddac8ea5b0c4788dc2ad202f3ccb2887742f?s=96&d=wp_user_avatar&r=g\",\"url\":\"https:\\\/\\\/secure.gravatar.com\\\/avatar\\\/71f2fa71737ad68a84fea94bc708ddac8ea5b0c4788dc2ad202f3ccb2887742f?s=96&d=wp_user_avatar&r=g\",\"contentUrl\":\"https:\\\/\\\/secure.gravatar.com\\\/avatar\\\/71f2fa71737ad68a84fea94bc708ddac8ea5b0c4788dc2ad202f3ccb2887742f?s=96&d=wp_user_avatar&r=g\",\"caption\":\"Reda\u00e7\u00e3o JO\"},\"url\":\"https:\\\/\\\/jornaldasoficinas.com\\\/pt\\\/author\\\/joredacao\\\/\"}]}<\/script>\n<!-- \/ Yoast SEO plugin. -->","yoast_head_json":{"title":"\"Requisitos Fiscais\/Legais Obrigat\u00f3rios para as oficinas\" com ANECRA - Jornal das Oficinas","description":"Esta semana, no microfone do aftermarket estivemos \u00e0 conversa com Jo\u00e3o Patr\u00edcio, respons\u00e1vel pelo Gabinete T\u00e9cnico da ANECRA.","robots":{"index":"index","follow":"follow","max-snippet":"max-snippet:-1","max-image-preview":"max-image-preview:large","max-video-preview":"max-video-preview:-1"},"canonical":"https:\/\/jornaldasoficinas.com\/pt\/requisitos-fiscais-legais-obrigatorios-para-as-oficinas-com-anecra\/","og_locale":"pt_PT","og_type":"article","og_title":"\"Requisitos Fiscais\/Legais Obrigat\u00f3rios para as oficinas\" com ANECRA - Jornal das Oficinas","og_description":"Esta semana, no microfone do aftermarket estivemos \u00e0 conversa com Jo\u00e3o Patr\u00edcio, respons\u00e1vel pelo Gabinete T\u00e9cnico da ANECRA.","og_url":"https:\/\/jornaldasoficinas.com\/pt\/requisitos-fiscais-legais-obrigatorios-para-as-oficinas-com-anecra\/","og_site_name":"Jornal das Oficinas","article_publisher":"https:\/\/www.facebook.com\/jornaloficinas","article_published_time":"2024-06-27T20:30:45+00:00","article_modified_time":"2024-07-04T18:53:42+00:00","og_image":[{"width":1024,"height":581,"url":"https:\/\/jornaldasoficinas.com\/pt\/wp-content\/uploads\/2024\/05\/Joao_Patricio-ANECRA-site.jpg","type":"image\/jpeg"}],"author":"Reda\u00e7\u00e3o JO","twitter_card":"summary_large_image","twitter_creator":"@jornaloficinas","twitter_site":"@jornaloficinas","twitter_misc":{"Escrito por":"Reda\u00e7\u00e3o JO","Tempo estimado de leitura":"1 minuto"},"schema":{"@context":"https:\/\/schema.org","@graph":[{"@type":"Article","@id":"https:\/\/jornaldasoficinas.com\/pt\/requisitos-fiscais-legais-obrigatorios-para-as-oficinas-com-anecra\/#article","isPartOf":{"@id":"https:\/\/jornaldasoficinas.com\/pt\/requisitos-fiscais-legais-obrigatorios-para-as-oficinas-com-anecra\/"},"author":{"name":"Reda\u00e7\u00e3o JO","@id":"https:\/\/jornaldasoficinas.com\/pt\/#\/schema\/person\/a38eef5de2c41d9e7c9ac10141afddf3"},"headline":"&#8220;Requisitos Fiscais\/Legais Obrigat\u00f3rios para as oficinas&#8221; com ANECRA","datePublished":"2024-06-27T20:30:45+00:00","dateModified":"2024-07-04T18:53:42+00:00","mainEntityOfPage":{"@id":"https:\/\/jornaldasoficinas.com\/pt\/requisitos-fiscais-legais-obrigatorios-para-as-oficinas-com-anecra\/"},"wordCount":88,"publisher":{"@id":"https:\/\/jornaldasoficinas.com\/pt\/#organization"},"image":{"@id":"https:\/\/jornaldasoficinas.com\/pt\/requisitos-fiscais-legais-obrigatorios-para-as-oficinas-com-anecra\/#primaryimage"},"thumbnailUrl":"https:\/\/jornaldasoficinas.com\/pt\/wp-content\/uploads\/2024\/05\/Joao_Patricio-ANECRA-site.jpg","keywords":["ANECRA","Dar Voz ao Aftermarket","JO Podcast","Jo\u00e3o Patr\u00edcio","Requisitos Fiscais","requisitos legais"],"articleSection":["Podcasts"],"inLanguage":"pt-PT"},{"@type":"WebPage","@id":"https:\/\/jornaldasoficinas.com\/pt\/requisitos-fiscais-legais-obrigatorios-para-as-oficinas-com-anecra\/","url":"https:\/\/jornaldasoficinas.com\/pt\/requisitos-fiscais-legais-obrigatorios-para-as-oficinas-com-anecra\/","name":"\"Requisitos Fiscais\/Legais Obrigat\u00f3rios para as oficinas\" com ANECRA - Jornal das Oficinas","isPartOf":{"@id":"https:\/\/jornaldasoficinas.com\/pt\/#website"},"primaryImageOfPage":{"@id":"https:\/\/jornaldasoficinas.com\/pt\/requisitos-fiscais-legais-obrigatorios-para-as-oficinas-com-anecra\/#primaryimage"},"image":{"@id":"https:\/\/jornaldasoficinas.com\/pt\/requisitos-fiscais-legais-obrigatorios-para-as-oficinas-com-anecra\/#primaryimage"},"thumbnailUrl":"https:\/\/jornaldasoficinas.com\/pt\/wp-content\/uploads\/2024\/05\/Joao_Patricio-ANECRA-site.jpg","datePublished":"2024-06-27T20:30:45+00:00","dateModified":"2024-07-04T18:53:42+00:00","description":"Esta semana, no microfone do aftermarket estivemos \u00e0 conversa com Jo\u00e3o Patr\u00edcio, respons\u00e1vel pelo Gabinete T\u00e9cnico da ANECRA.","breadcrumb":{"@id":"https:\/\/jornaldasoficinas.com\/pt\/requisitos-fiscais-legais-obrigatorios-para-as-oficinas-com-anecra\/#breadcrumb"},"inLanguage":"pt-PT","potentialAction":[{"@type":"ReadAction","target":["https:\/\/jornaldasoficinas.com\/pt\/requisitos-fiscais-legais-obrigatorios-para-as-oficinas-com-anecra\/"]}]},{"@type":"ImageObject","inLanguage":"pt-PT","@id":"https:\/\/jornaldasoficinas.com\/pt\/requisitos-fiscais-legais-obrigatorios-para-as-oficinas-com-anecra\/#primaryimage","url":"https:\/\/jornaldasoficinas.com\/pt\/wp-content\/uploads\/2024\/05\/Joao_Patricio-ANECRA-site.jpg","contentUrl":"https:\/\/jornaldasoficinas.com\/pt\/wp-content\/uploads\/2024\/05\/Joao_Patricio-ANECRA-site.jpg","width":1024,"height":581,"caption":"05 - Joao_Patricio ANECRA site"},{"@type":"BreadcrumbList","@id":"https:\/\/jornaldasoficinas.com\/pt\/requisitos-fiscais-legais-obrigatorios-para-as-oficinas-com-anecra\/#breadcrumb","itemListElement":[{"@type":"ListItem","position":1,"name":"In\u00edcio","item":"https:\/\/jornaldasoficinas.com\/pt\/"},{"@type":"ListItem","position":2,"name":"&#8220;Requisitos Fiscais\/Legais Obrigat\u00f3rios para as oficinas&#8221; com ANECRA"}]},{"@type":"WebSite","@id":"https:\/\/jornaldasoficinas.com\/pt\/#website","url":"https:\/\/jornaldasoficinas.com\/pt\/","name":"Jornal das Oficinas","description":"Jornal independente do Aftermarket Autom\u00f3vel em Portugal","publisher":{"@id":"https:\/\/jornaldasoficinas.com\/pt\/#organization"},"potentialAction":[{"@type":"SearchAction","target":{"@type":"EntryPoint","urlTemplate":"https:\/\/jornaldasoficinas.com\/pt\/?s={search_term_string}"},"query-input":{"@type":"PropertyValueSpecification","valueRequired":true,"valueName":"search_term_string"}}],"inLanguage":"pt-PT"},{"@type":"Organization","@id":"https:\/\/jornaldasoficinas.com\/pt\/#organization","name":"Jornal das Oficinas","url":"https:\/\/jornaldasoficinas.com\/pt\/","logo":{"@type":"ImageObject","inLanguage":"pt-PT","@id":"https:\/\/jornaldasoficinas.com\/pt\/#\/schema\/logo\/image\/","url":"https:\/\/jornaldasoficinas.com\/pt\/wp-content\/uploads\/logoJO-SEO.png","contentUrl":"https:\/\/jornaldasoficinas.com\/pt\/wp-content\/uploads\/logoJO-SEO.png","width":285,"height":450,"caption":"Jornal das Oficinas"},"image":{"@id":"https:\/\/jornaldasoficinas.com\/pt\/#\/schema\/logo\/image\/"},"sameAs":["https:\/\/www.facebook.com\/jornaloficinas","https:\/\/x.com\/jornaloficinas","https:\/\/www.instagram.com\/jornal_oficinas\/","https:\/\/www.linkedin.com\/company\/jornal-das-oficinas\/","https:\/\/www.youtube.com\/channel\/UCbQZBqtcvV-oSQrr7RzINGg"]},{"@type":"Person","@id":"https:\/\/jornaldasoficinas.com\/pt\/#\/schema\/person\/a38eef5de2c41d9e7c9ac10141afddf3","name":"Reda\u00e7\u00e3o JO","image":{"@type":"ImageObject","inLanguage":"pt-PT","@id":"https:\/\/secure.gravatar.com\/avatar\/71f2fa71737ad68a84fea94bc708ddac8ea5b0c4788dc2ad202f3ccb2887742f?s=96&d=wp_user_avatar&r=g","url":"https:\/\/secure.gravatar.com\/avatar\/71f2fa71737ad68a84fea94bc708ddac8ea5b0c4788dc2ad202f3ccb2887742f?s=96&d=wp_user_avatar&r=g","contentUrl":"https:\/\/secure.gravatar.com\/avatar\/71f2fa71737ad68a84fea94bc708ddac8ea5b0c4788dc2ad202f3ccb2887742f?s=96&d=wp_user_avatar&r=g","caption":"Reda\u00e7\u00e3o JO"},"url":"https:\/\/jornaldasoficinas.com\/pt\/author\/joredacao\/"}]}},"_links":{"self":[{"href":"https:\/\/jornaldasoficinas.com\/pt\/wp-json\/wp\/v2\/posts\/87162","targetHints":{"allow":["GET"]}}],"collection":[{"href":"https:\/\/jornaldasoficinas.com\/pt\/wp-json\/wp\/v2\/posts"}],"about":[{"href":"https:\/\/jornaldasoficinas.com\/pt\/wp-json\/wp\/v2\/types\/post"}],"author":[{"embeddable":true,"href":"https:\/\/jornaldasoficinas.com\/pt\/wp-json\/wp\/v2\/users\/15"}],"replies":[{"embeddable":true,"href":"https:\/\/jornaldasoficinas.com\/pt\/wp-json\/wp\/v2\/comments?post=87162"}],"version-history":[{"count":0,"href":"https:\/\/jornaldasoficinas.com\/pt\/wp-json\/wp\/v2\/posts\/87162\/revisions"}],"wp:featuredmedia":[{"embeddable":true,"href":"https:\/\/jornaldasoficinas.com\/pt\/wp-json\/wp\/v2\/media\/87165"}],"wp:attachment":[{"href":"https:\/\/jornaldasoficinas.com\/pt\/wp-json\/wp\/v2\/media?parent=87162"}],"wp:term":[{"taxonomy":"category","embeddable":true,"href":"https:\/\/jornaldasoficinas.com\/pt\/wp-json\/wp\/v2\/categories?post=87162"},{"taxonomy":"post_tag","embeddable":true,"href":"https:\/\/jornaldasoficinas.com\/pt\/wp-json\/wp\/v2\/tags?post=87162"}],"curies":[{"name":"wp","href":"https:\/\/api.w.org\/{rel}","templated":true}]}}