{"id":87308,"date":"2024-07-02T08:00:17","date_gmt":"2024-07-02T07:00:17","guid":{"rendered":"https:\/\/jornaldasoficinas.com\/pt\/?p=87308"},"modified":"2024-07-01T15:58:58","modified_gmt":"2024-07-01T14:58:58","slug":"locarent-lanca-servicos-de-renting-de-motociclos-e-pesados","status":"publish","type":"post","link":"https:\/\/jornaldasoficinas.com\/pt\/locarent-lanca-servicos-de-renting-de-motociclos-e-pesados\/","title":{"rendered":"Locarent lan\u00e7a servi\u00e7os de renting de motociclos e pesados"},"content":{"rendered":"<p><strong><img loading=\"lazy\" decoding=\"async\" class=\"alignnone size-full wp-image-87309\" src=\"https:\/\/jornaldasoficinas.com\/pt\/wp-content\/uploads\/2024\/05\/Locarent-lanca-servicos-de-renting-de-motociclos-e-pesados.jpg\" alt=\"05 - Locarent lanca servicos de renting de motociclos e pesados\" width=\"1024\" height=\"581\" srcset=\"https:\/\/jornaldasoficinas.com\/pt\/wp-content\/uploads\/2024\/05\/Locarent-lanca-servicos-de-renting-de-motociclos-e-pesados.jpg 1024w, https:\/\/jornaldasoficinas.com\/pt\/wp-content\/uploads\/2024\/05\/Locarent-lanca-servicos-de-renting-de-motociclos-e-pesados-300x170.jpg 300w, https:\/\/jornaldasoficinas.com\/pt\/wp-content\/uploads\/2024\/05\/Locarent-lanca-servicos-de-renting-de-motociclos-e-pesados-150x85.jpg 150w, https:\/\/jornaldasoficinas.com\/pt\/wp-content\/uploads\/2024\/05\/Locarent-lanca-servicos-de-renting-de-motociclos-e-pesados-768x436.jpg 768w\" sizes=\"auto, (max-width: 1024px) 100vw, 1024px\" \/><\/strong><\/p>\n<p><strong>Com este investimento, a<a href=\"https:\/\/www.locarent.pt\/\" target=\"_blank\" rel=\"noopener\"> Locarent<\/a> torna-se no primeiro operador em Portugal a assegurar a oferta de solu\u00e7\u00f5es de financiamento com servi\u00e7os integrados, destinadas a ve\u00edculos de duas rodas e a ve\u00edculos pesados<\/strong><\/p>\n<p>A Locarent, empresa de renting 100% portuguesa, acaba de lan\u00e7ar dois novos servi\u00e7os de renting que visam uma mobilidade alargada a todos os clientes: renting de motociclos, em parceria com a <a href=\"https:\/\/www.honda.pt\/\">Honda<\/a>, e renting de ve\u00edculos pesados, com a <a href=\"https:\/\/www.iveco.com\/portugal\/Pages\/homepage.aspx\">IVECO<\/a>.<\/p>\n<p>O an\u00fancio foi feito durante o evento comemorativo do 20.\u00ba anivers\u00e1rio da empresa detida pelo <a href=\"https:\/\/www.cgd.pt\/Institucional\/Grupo-CGD\/Pages\/Grupo-CGD.aspx\">Grupo Caixa Geral de Dep\u00f3sitos<\/a> e <a href=\"https:\/\/www.novobanco.pt\/particulares\">Novo Banco<\/a>, que reuniu colaboradores, clientes e parceiros, na Quinta da Pimenteira, em Lisboa.<\/p>\n<p>&#8220;Estamos convictos de que estas duas novas solu\u00e7\u00f5es constituir\u00e3o uma mais-valia e uma diferencia\u00e7\u00e3o da Locarent no mercado de renting em Portugal&#8221;, afirmou Andr\u00e9s Baltar, presidente da Locarent, explicando que a aposta nestes servi\u00e7os &#8220;assentou, por um lado, na crescente necessidade de oferta complementar por parte dos clientes e, por outro, no ADN da empresa, caracterizado pela inova\u00e7\u00e3o constante e pela vis\u00e3o de assegurar uma oferta alargada de mobilidade&#8221;.<\/p>\n<p>Encontram-se em campanha, nesta fase de arranque, tr\u00eas motociclos (Honda PCX, Honda X ADV e Honda CRF) e um ve\u00edculo pesado (Modelo IVECO Daily), prevendo-se a curto prazo um alargamento da oferta.<\/p>\n<p>A companhia estima concretizar, em 2024, cerca de 300 contratos em renting de motociclos e perto de 70 contratos em renting de pesados. Em velocidade cruzeiro, o plano de neg\u00f3cios da Locarent prev\u00ea uma contrata\u00e7\u00e3o anual de mais de 1.000 motociclos e entre 250 a 300 ve\u00edculos pesados, o que permitir\u00e1 um crescimento na fatura\u00e7\u00e3o acima dos 20%.<\/p>\n<p>Os servi\u00e7os dispon\u00edveis no renting de motociclos s\u00e3o: compra e financiamento do motociclo; gest\u00e3o de manuten\u00e7\u00e3o e avarias; seguro\/gest\u00e3o de sinistros; apoio ao condutor; gest\u00e3o de multas; gest\u00e3o de Inspe\u00e7\u00e3o Peri\u00f3dica Obrigat\u00f3ria (IPO); substitui\u00e7\u00e3o de pneus; valor residual garantido; gest\u00e3o de impostos.<\/p>\n<p>J\u00e1 no renting de ve\u00edculos pesados, os clientes podem encontrar uma solu\u00e7\u00e3o de mobilidade de peso at\u00e9 45 toneladas, sendo disponibilizados os servi\u00e7os: compra e financiamento do pesado; gest\u00e3o de manuten\u00e7\u00e3o e avarias; seguro\/gest\u00e3o de sinistros; apoio ao condutor 24h\/365 dias por ano; gest\u00e3o de multas; gest\u00e3o de Inspe\u00e7\u00e3o Peri\u00f3dica Obrigat\u00f3ria (IPO); substitui\u00e7\u00e3o de pneus; viatura de substitui\u00e7\u00e3o; cart\u00e3o de mobilidade el\u00e9trica, gest\u00e3o de combust\u00edvel e portagens; valor residual garantido; gest\u00e3o de impostos; recondicionamento.<\/p>\n<p>Criada h\u00e1 duas d\u00e9cadas com o objetivo de oferecer uma solu\u00e7\u00e3o de renting autom\u00f3vel dedicada aos acionistas banc\u00e1rios, comercializada nas ag\u00eancias e demais pontos de venda dos bancos, a Locarent lan\u00e7ou em 2021 um canal de distribui\u00e7\u00e3o pr\u00f3prio, direto, independente dos canais banc\u00e1rios e focado nos meios digitais. Hoje, tem mais de 16.000 viaturas sob gest\u00e3o e cerca de 3.600 clientes.<\/p>\n<p>&#8220;Olhando para o futuro, mantemos a mesma convic\u00e7\u00e3o e entusiasmo que t\u00ednhamos no primeiro dia e que mantivemos at\u00e9 aqui. Estamos confiantes de que os pr\u00f3ximos anos ser\u00e3o marcados por novas conquistas, inova\u00e7\u00f5es e oportunidades de crescimento. Continuaremos a investir na excel\u00eancia dos nossos servi\u00e7os, na forma\u00e7\u00e3o dos nossos colaboradores e na expans\u00e3o do nosso neg\u00f3cio, sempre com o compromisso de superar as expectativas dos nossos clientes e parceiros&#8221;, assegurou Andr\u00e9s Baltar.<\/p>\n<p>O evento contou ainda com uma homenagem aos nove colaboradores que celebram duas d\u00e9cadas com a &#8220;camisola&#8221; da Locarent, tendo as distin\u00e7\u00f5es sido entregues pelos antigos e atuais administradores executivos da empresa.<\/p>\n<p>&nbsp;<\/p>\n","protected":false},"excerpt":{"rendered":"<p>Com este investimento, a Locarent torna-se&#8230;<\/p>\n","protected":false},"author":15,"featured_media":87309,"comment_status":"closed","ping_status":"closed","sticky":false,"template":"","format":"standard","meta":{"footnotes":""},"categories":[29],"tags":[454,470,9725,9734,9735,9726,9727],"class_list":["post-87308","post","type-post","status-publish","format-standard","has-post-thumbnail","hentry","category-empresas","tag-honda","tag-iveco","tag-locarent","tag-renting-motociclos","tag-renting-veiculos-pesados","tag-servicos-de-renting","tag-solucoes-de-financiamento"],"yoast_head":"<!-- This site is optimized with the Yoast SEO plugin v27.5 - https:\/\/yoast.com\/product\/yoast-seo-wordpress\/ -->\n<title>Locarent lan\u00e7a servi\u00e7os de renting de motociclos e pesados - Jornal das Oficinas<\/title>\n<meta name=\"description\" content=\"Com este investimento, a Locarent torna-se no primeiro operador em Portugal a oferecer estas duas solu\u00e7\u00f5es ao mercado\" \/>\n<meta name=\"robots\" content=\"index, follow, max-snippet:-1, max-image-preview:large, max-video-preview:-1\" \/>\n<link rel=\"canonical\" href=\"https:\/\/jornaldasoficinas.com\/pt\/locarent-lanca-servicos-de-renting-de-motociclos-e-pesados\/\" \/>\n<meta property=\"og:locale\" content=\"pt_PT\" \/>\n<meta property=\"og:type\" content=\"article\" \/>\n<meta property=\"og:title\" content=\"Locarent lan\u00e7a servi\u00e7os de renting de motociclos e pesados - Jornal das Oficinas\" \/>\n<meta property=\"og:description\" content=\"Com este investimento, a Locarent torna-se no primeiro operador em Portugal a oferecer estas duas solu\u00e7\u00f5es ao mercado\" \/>\n<meta property=\"og:url\" content=\"https:\/\/jornaldasoficinas.com\/pt\/locarent-lanca-servicos-de-renting-de-motociclos-e-pesados\/\" \/>\n<meta property=\"og:site_name\" content=\"Jornal das Oficinas\" \/>\n<meta property=\"article:publisher\" content=\"https:\/\/www.facebook.com\/jornaloficinas\" \/>\n<meta property=\"article:published_time\" content=\"2024-07-02T07:00:17+00:00\" \/>\n<meta property=\"og:image\" content=\"https:\/\/jornaldasoficinas.com\/pt\/wp-content\/uploads\/2024\/05\/Locarent-lanca-servicos-de-renting-de-motociclos-e-pesados.jpg\" \/>\n\t<meta property=\"og:image:width\" content=\"1024\" \/>\n\t<meta property=\"og:image:height\" content=\"581\" \/>\n\t<meta property=\"og:image:type\" content=\"image\/jpeg\" \/>\n<meta name=\"author\" content=\"Reda\u00e7\u00e3o JO\" \/>\n<meta name=\"twitter:card\" content=\"summary_large_image\" \/>\n<meta name=\"twitter:creator\" content=\"@jornaloficinas\" \/>\n<meta name=\"twitter:site\" content=\"@jornaloficinas\" \/>\n<meta name=\"twitter:label1\" content=\"Escrito por\" \/>\n\t<meta name=\"twitter:data1\" content=\"Reda\u00e7\u00e3o JO\" \/>\n\t<meta name=\"twitter:label2\" content=\"Tempo estimado de leitura\" \/>\n\t<meta name=\"twitter:data2\" content=\"4 minutos\" \/>\n<script type=\"application\/ld+json\" class=\"yoast-schema-graph\">{\"@context\":\"https:\\\/\\\/schema.org\",\"@graph\":[{\"@type\":\"Article\",\"@id\":\"https:\\\/\\\/jornaldasoficinas.com\\\/pt\\\/locarent-lanca-servicos-de-renting-de-motociclos-e-pesados\\\/#article\",\"isPartOf\":{\"@id\":\"https:\\\/\\\/jornaldasoficinas.com\\\/pt\\\/locarent-lanca-servicos-de-renting-de-motociclos-e-pesados\\\/\"},\"author\":{\"name\":\"Reda\u00e7\u00e3o JO\",\"@id\":\"https:\\\/\\\/jornaldasoficinas.com\\\/pt\\\/#\\\/schema\\\/person\\\/a38eef5de2c41d9e7c9ac10141afddf3\"},\"headline\":\"Locarent lan\u00e7a servi\u00e7os de renting de motociclos e pesados\",\"datePublished\":\"2024-07-02T07:00:17+00:00\",\"mainEntityOfPage\":{\"@id\":\"https:\\\/\\\/jornaldasoficinas.com\\\/pt\\\/locarent-lanca-servicos-de-renting-de-motociclos-e-pesados\\\/\"},\"wordCount\":625,\"publisher\":{\"@id\":\"https:\\\/\\\/jornaldasoficinas.com\\\/pt\\\/#organization\"},\"image\":{\"@id\":\"https:\\\/\\\/jornaldasoficinas.com\\\/pt\\\/locarent-lanca-servicos-de-renting-de-motociclos-e-pesados\\\/#primaryimage\"},\"thumbnailUrl\":\"https:\\\/\\\/jornaldasoficinas.com\\\/pt\\\/wp-content\\\/uploads\\\/2024\\\/05\\\/Locarent-lanca-servicos-de-renting-de-motociclos-e-pesados.jpg\",\"keywords\":[\"Honda\",\"Iveco\",\"Locarent\",\"renting motociclos\",\"renting ve\u00edculos pesados\",\"servi\u00e7os de renting\",\"solu\u00e7\u00f5es de financiamento\"],\"articleSection\":[\"Empresas\"],\"inLanguage\":\"pt-PT\"},{\"@type\":\"WebPage\",\"@id\":\"https:\\\/\\\/jornaldasoficinas.com\\\/pt\\\/locarent-lanca-servicos-de-renting-de-motociclos-e-pesados\\\/\",\"url\":\"https:\\\/\\\/jornaldasoficinas.com\\\/pt\\\/locarent-lanca-servicos-de-renting-de-motociclos-e-pesados\\\/\",\"name\":\"Locarent lan\u00e7a servi\u00e7os de renting de motociclos e pesados - Jornal das Oficinas\",\"isPartOf\":{\"@id\":\"https:\\\/\\\/jornaldasoficinas.com\\\/pt\\\/#website\"},\"primaryImageOfPage\":{\"@id\":\"https:\\\/\\\/jornaldasoficinas.com\\\/pt\\\/locarent-lanca-servicos-de-renting-de-motociclos-e-pesados\\\/#primaryimage\"},\"image\":{\"@id\":\"https:\\\/\\\/jornaldasoficinas.com\\\/pt\\\/locarent-lanca-servicos-de-renting-de-motociclos-e-pesados\\\/#primaryimage\"},\"thumbnailUrl\":\"https:\\\/\\\/jornaldasoficinas.com\\\/pt\\\/wp-content\\\/uploads\\\/2024\\\/05\\\/Locarent-lanca-servicos-de-renting-de-motociclos-e-pesados.jpg\",\"datePublished\":\"2024-07-02T07:00:17+00:00\",\"description\":\"Com este investimento, a Locarent torna-se no primeiro operador em Portugal a oferecer estas duas solu\u00e7\u00f5es ao mercado\",\"breadcrumb\":{\"@id\":\"https:\\\/\\\/jornaldasoficinas.com\\\/pt\\\/locarent-lanca-servicos-de-renting-de-motociclos-e-pesados\\\/#breadcrumb\"},\"inLanguage\":\"pt-PT\",\"potentialAction\":[{\"@type\":\"ReadAction\",\"target\":[\"https:\\\/\\\/jornaldasoficinas.com\\\/pt\\\/locarent-lanca-servicos-de-renting-de-motociclos-e-pesados\\\/\"]}]},{\"@type\":\"ImageObject\",\"inLanguage\":\"pt-PT\",\"@id\":\"https:\\\/\\\/jornaldasoficinas.com\\\/pt\\\/locarent-lanca-servicos-de-renting-de-motociclos-e-pesados\\\/#primaryimage\",\"url\":\"https:\\\/\\\/jornaldasoficinas.com\\\/pt\\\/wp-content\\\/uploads\\\/2024\\\/05\\\/Locarent-lanca-servicos-de-renting-de-motociclos-e-pesados.jpg\",\"contentUrl\":\"https:\\\/\\\/jornaldasoficinas.com\\\/pt\\\/wp-content\\\/uploads\\\/2024\\\/05\\\/Locarent-lanca-servicos-de-renting-de-motociclos-e-pesados.jpg\",\"width\":1024,\"height\":581,\"caption\":\"05 - Locarent lanca servicos de renting de motociclos e pesados\"},{\"@type\":\"BreadcrumbList\",\"@id\":\"https:\\\/\\\/jornaldasoficinas.com\\\/pt\\\/locarent-lanca-servicos-de-renting-de-motociclos-e-pesados\\\/#breadcrumb\",\"itemListElement\":[{\"@type\":\"ListItem\",\"position\":1,\"name\":\"In\u00edcio\",\"item\":\"https:\\\/\\\/jornaldasoficinas.com\\\/pt\\\/\"},{\"@type\":\"ListItem\",\"position\":2,\"name\":\"Locarent lan\u00e7a servi\u00e7os de renting de motociclos e pesados\"}]},{\"@type\":\"WebSite\",\"@id\":\"https:\\\/\\\/jornaldasoficinas.com\\\/pt\\\/#website\",\"url\":\"https:\\\/\\\/jornaldasoficinas.com\\\/pt\\\/\",\"name\":\"Jornal das Oficinas\",\"description\":\"Jornal independente do Aftermarket Autom\u00f3vel em Portugal\",\"publisher\":{\"@id\":\"https:\\\/\\\/jornaldasoficinas.com\\\/pt\\\/#organization\"},\"potentialAction\":[{\"@type\":\"SearchAction\",\"target\":{\"@type\":\"EntryPoint\",\"urlTemplate\":\"https:\\\/\\\/jornaldasoficinas.com\\\/pt\\\/?s={search_term_string}\"},\"query-input\":{\"@type\":\"PropertyValueSpecification\",\"valueRequired\":true,\"valueName\":\"search_term_string\"}}],\"inLanguage\":\"pt-PT\"},{\"@type\":\"Organization\",\"@id\":\"https:\\\/\\\/jornaldasoficinas.com\\\/pt\\\/#organization\",\"name\":\"Jornal das Oficinas\",\"url\":\"https:\\\/\\\/jornaldasoficinas.com\\\/pt\\\/\",\"logo\":{\"@type\":\"ImageObject\",\"inLanguage\":\"pt-PT\",\"@id\":\"https:\\\/\\\/jornaldasoficinas.com\\\/pt\\\/#\\\/schema\\\/logo\\\/image\\\/\",\"url\":\"https:\\\/\\\/jornaldasoficinas.com\\\/pt\\\/wp-content\\\/uploads\\\/logoJO-SEO.png\",\"contentUrl\":\"https:\\\/\\\/jornaldasoficinas.com\\\/pt\\\/wp-content\\\/uploads\\\/logoJO-SEO.png\",\"width\":285,\"height\":450,\"caption\":\"Jornal das Oficinas\"},\"image\":{\"@id\":\"https:\\\/\\\/jornaldasoficinas.com\\\/pt\\\/#\\\/schema\\\/logo\\\/image\\\/\"},\"sameAs\":[\"https:\\\/\\\/www.facebook.com\\\/jornaloficinas\",\"https:\\\/\\\/x.com\\\/jornaloficinas\",\"https:\\\/\\\/www.instagram.com\\\/jornal_oficinas\\\/\",\"https:\\\/\\\/www.linkedin.com\\\/company\\\/jornal-das-oficinas\\\/\",\"https:\\\/\\\/www.youtube.com\\\/channel\\\/UCbQZBqtcvV-oSQrr7RzINGg\"]},{\"@type\":\"Person\",\"@id\":\"https:\\\/\\\/jornaldasoficinas.com\\\/pt\\\/#\\\/schema\\\/person\\\/a38eef5de2c41d9e7c9ac10141afddf3\",\"name\":\"Reda\u00e7\u00e3o JO\",\"image\":{\"@type\":\"ImageObject\",\"inLanguage\":\"pt-PT\",\"@id\":\"https:\\\/\\\/secure.gravatar.com\\\/avatar\\\/71f2fa71737ad68a84fea94bc708ddac8ea5b0c4788dc2ad202f3ccb2887742f?s=96&d=wp_user_avatar&r=g\",\"url\":\"https:\\\/\\\/secure.gravatar.com\\\/avatar\\\/71f2fa71737ad68a84fea94bc708ddac8ea5b0c4788dc2ad202f3ccb2887742f?s=96&d=wp_user_avatar&r=g\",\"contentUrl\":\"https:\\\/\\\/secure.gravatar.com\\\/avatar\\\/71f2fa71737ad68a84fea94bc708ddac8ea5b0c4788dc2ad202f3ccb2887742f?s=96&d=wp_user_avatar&r=g\",\"caption\":\"Reda\u00e7\u00e3o JO\"},\"url\":\"https:\\\/\\\/jornaldasoficinas.com\\\/pt\\\/author\\\/joredacao\\\/\"}]}<\/script>\n<!-- \/ Yoast SEO plugin. -->","yoast_head_json":{"title":"Locarent lan\u00e7a servi\u00e7os de renting de motociclos e pesados - Jornal das Oficinas","description":"Com este investimento, a Locarent torna-se no primeiro operador em Portugal a oferecer estas duas solu\u00e7\u00f5es ao mercado","robots":{"index":"index","follow":"follow","max-snippet":"max-snippet:-1","max-image-preview":"max-image-preview:large","max-video-preview":"max-video-preview:-1"},"canonical":"https:\/\/jornaldasoficinas.com\/pt\/locarent-lanca-servicos-de-renting-de-motociclos-e-pesados\/","og_locale":"pt_PT","og_type":"article","og_title":"Locarent lan\u00e7a servi\u00e7os de renting de motociclos e pesados - Jornal das Oficinas","og_description":"Com este investimento, a Locarent torna-se no primeiro operador em Portugal a oferecer estas duas solu\u00e7\u00f5es ao mercado","og_url":"https:\/\/jornaldasoficinas.com\/pt\/locarent-lanca-servicos-de-renting-de-motociclos-e-pesados\/","og_site_name":"Jornal das Oficinas","article_publisher":"https:\/\/www.facebook.com\/jornaloficinas","article_published_time":"2024-07-02T07:00:17+00:00","og_image":[{"width":1024,"height":581,"url":"https:\/\/jornaldasoficinas.com\/pt\/wp-content\/uploads\/2024\/05\/Locarent-lanca-servicos-de-renting-de-motociclos-e-pesados.jpg","type":"image\/jpeg"}],"author":"Reda\u00e7\u00e3o JO","twitter_card":"summary_large_image","twitter_creator":"@jornaloficinas","twitter_site":"@jornaloficinas","twitter_misc":{"Escrito por":"Reda\u00e7\u00e3o JO","Tempo estimado de leitura":"4 minutos"},"schema":{"@context":"https:\/\/schema.org","@graph":[{"@type":"Article","@id":"https:\/\/jornaldasoficinas.com\/pt\/locarent-lanca-servicos-de-renting-de-motociclos-e-pesados\/#article","isPartOf":{"@id":"https:\/\/jornaldasoficinas.com\/pt\/locarent-lanca-servicos-de-renting-de-motociclos-e-pesados\/"},"author":{"name":"Reda\u00e7\u00e3o JO","@id":"https:\/\/jornaldasoficinas.com\/pt\/#\/schema\/person\/a38eef5de2c41d9e7c9ac10141afddf3"},"headline":"Locarent lan\u00e7a servi\u00e7os de renting de motociclos e pesados","datePublished":"2024-07-02T07:00:17+00:00","mainEntityOfPage":{"@id":"https:\/\/jornaldasoficinas.com\/pt\/locarent-lanca-servicos-de-renting-de-motociclos-e-pesados\/"},"wordCount":625,"publisher":{"@id":"https:\/\/jornaldasoficinas.com\/pt\/#organization"},"image":{"@id":"https:\/\/jornaldasoficinas.com\/pt\/locarent-lanca-servicos-de-renting-de-motociclos-e-pesados\/#primaryimage"},"thumbnailUrl":"https:\/\/jornaldasoficinas.com\/pt\/wp-content\/uploads\/2024\/05\/Locarent-lanca-servicos-de-renting-de-motociclos-e-pesados.jpg","keywords":["Honda","Iveco","Locarent","renting motociclos","renting ve\u00edculos pesados","servi\u00e7os de renting","solu\u00e7\u00f5es de financiamento"],"articleSection":["Empresas"],"inLanguage":"pt-PT"},{"@type":"WebPage","@id":"https:\/\/jornaldasoficinas.com\/pt\/locarent-lanca-servicos-de-renting-de-motociclos-e-pesados\/","url":"https:\/\/jornaldasoficinas.com\/pt\/locarent-lanca-servicos-de-renting-de-motociclos-e-pesados\/","name":"Locarent lan\u00e7a servi\u00e7os de renting de motociclos e pesados - Jornal das Oficinas","isPartOf":{"@id":"https:\/\/jornaldasoficinas.com\/pt\/#website"},"primaryImageOfPage":{"@id":"https:\/\/jornaldasoficinas.com\/pt\/locarent-lanca-servicos-de-renting-de-motociclos-e-pesados\/#primaryimage"},"image":{"@id":"https:\/\/jornaldasoficinas.com\/pt\/locarent-lanca-servicos-de-renting-de-motociclos-e-pesados\/#primaryimage"},"thumbnailUrl":"https:\/\/jornaldasoficinas.com\/pt\/wp-content\/uploads\/2024\/05\/Locarent-lanca-servicos-de-renting-de-motociclos-e-pesados.jpg","datePublished":"2024-07-02T07:00:17+00:00","description":"Com este investimento, a Locarent torna-se no primeiro operador em Portugal a oferecer estas duas solu\u00e7\u00f5es ao mercado","breadcrumb":{"@id":"https:\/\/jornaldasoficinas.com\/pt\/locarent-lanca-servicos-de-renting-de-motociclos-e-pesados\/#breadcrumb"},"inLanguage":"pt-PT","potentialAction":[{"@type":"ReadAction","target":["https:\/\/jornaldasoficinas.com\/pt\/locarent-lanca-servicos-de-renting-de-motociclos-e-pesados\/"]}]},{"@type":"ImageObject","inLanguage":"pt-PT","@id":"https:\/\/jornaldasoficinas.com\/pt\/locarent-lanca-servicos-de-renting-de-motociclos-e-pesados\/#primaryimage","url":"https:\/\/jornaldasoficinas.com\/pt\/wp-content\/uploads\/2024\/05\/Locarent-lanca-servicos-de-renting-de-motociclos-e-pesados.jpg","contentUrl":"https:\/\/jornaldasoficinas.com\/pt\/wp-content\/uploads\/2024\/05\/Locarent-lanca-servicos-de-renting-de-motociclos-e-pesados.jpg","width":1024,"height":581,"caption":"05 - Locarent lanca servicos de renting de motociclos e pesados"},{"@type":"BreadcrumbList","@id":"https:\/\/jornaldasoficinas.com\/pt\/locarent-lanca-servicos-de-renting-de-motociclos-e-pesados\/#breadcrumb","itemListElement":[{"@type":"ListItem","position":1,"name":"In\u00edcio","item":"https:\/\/jornaldasoficinas.com\/pt\/"},{"@type":"ListItem","position":2,"name":"Locarent lan\u00e7a servi\u00e7os de renting de motociclos e pesados"}]},{"@type":"WebSite","@id":"https:\/\/jornaldasoficinas.com\/pt\/#website","url":"https:\/\/jornaldasoficinas.com\/pt\/","name":"Jornal das Oficinas","description":"Jornal independente do Aftermarket Autom\u00f3vel em Portugal","publisher":{"@id":"https:\/\/jornaldasoficinas.com\/pt\/#organization"},"potentialAction":[{"@type":"SearchAction","target":{"@type":"EntryPoint","urlTemplate":"https:\/\/jornaldasoficinas.com\/pt\/?s={search_term_string}"},"query-input":{"@type":"PropertyValueSpecification","valueRequired":true,"valueName":"search_term_string"}}],"inLanguage":"pt-PT"},{"@type":"Organization","@id":"https:\/\/jornaldasoficinas.com\/pt\/#organization","name":"Jornal das Oficinas","url":"https:\/\/jornaldasoficinas.com\/pt\/","logo":{"@type":"ImageObject","inLanguage":"pt-PT","@id":"https:\/\/jornaldasoficinas.com\/pt\/#\/schema\/logo\/image\/","url":"https:\/\/jornaldasoficinas.com\/pt\/wp-content\/uploads\/logoJO-SEO.png","contentUrl":"https:\/\/jornaldasoficinas.com\/pt\/wp-content\/uploads\/logoJO-SEO.png","width":285,"height":450,"caption":"Jornal das Oficinas"},"image":{"@id":"https:\/\/jornaldasoficinas.com\/pt\/#\/schema\/logo\/image\/"},"sameAs":["https:\/\/www.facebook.com\/jornaloficinas","https:\/\/x.com\/jornaloficinas","https:\/\/www.instagram.com\/jornal_oficinas\/","https:\/\/www.linkedin.com\/company\/jornal-das-oficinas\/","https:\/\/www.youtube.com\/channel\/UCbQZBqtcvV-oSQrr7RzINGg"]},{"@type":"Person","@id":"https:\/\/jornaldasoficinas.com\/pt\/#\/schema\/person\/a38eef5de2c41d9e7c9ac10141afddf3","name":"Reda\u00e7\u00e3o JO","image":{"@type":"ImageObject","inLanguage":"pt-PT","@id":"https:\/\/secure.gravatar.com\/avatar\/71f2fa71737ad68a84fea94bc708ddac8ea5b0c4788dc2ad202f3ccb2887742f?s=96&d=wp_user_avatar&r=g","url":"https:\/\/secure.gravatar.com\/avatar\/71f2fa71737ad68a84fea94bc708ddac8ea5b0c4788dc2ad202f3ccb2887742f?s=96&d=wp_user_avatar&r=g","contentUrl":"https:\/\/secure.gravatar.com\/avatar\/71f2fa71737ad68a84fea94bc708ddac8ea5b0c4788dc2ad202f3ccb2887742f?s=96&d=wp_user_avatar&r=g","caption":"Reda\u00e7\u00e3o JO"},"url":"https:\/\/jornaldasoficinas.com\/pt\/author\/joredacao\/"}]}},"_links":{"self":[{"href":"https:\/\/jornaldasoficinas.com\/pt\/wp-json\/wp\/v2\/posts\/87308","targetHints":{"allow":["GET"]}}],"collection":[{"href":"https:\/\/jornaldasoficinas.com\/pt\/wp-json\/wp\/v2\/posts"}],"about":[{"href":"https:\/\/jornaldasoficinas.com\/pt\/wp-json\/wp\/v2\/types\/post"}],"author":[{"embeddable":true,"href":"https:\/\/jornaldasoficinas.com\/pt\/wp-json\/wp\/v2\/users\/15"}],"replies":[{"embeddable":true,"href":"https:\/\/jornaldasoficinas.com\/pt\/wp-json\/wp\/v2\/comments?post=87308"}],"version-history":[{"count":0,"href":"https:\/\/jornaldasoficinas.com\/pt\/wp-json\/wp\/v2\/posts\/87308\/revisions"}],"wp:featuredmedia":[{"embeddable":true,"href":"https:\/\/jornaldasoficinas.com\/pt\/wp-json\/wp\/v2\/media\/87309"}],"wp:attachment":[{"href":"https:\/\/jornaldasoficinas.com\/pt\/wp-json\/wp\/v2\/media?parent=87308"}],"wp:term":[{"taxonomy":"category","embeddable":true,"href":"https:\/\/jornaldasoficinas.com\/pt\/wp-json\/wp\/v2\/categories?post=87308"},{"taxonomy":"post_tag","embeddable":true,"href":"https:\/\/jornaldasoficinas.com\/pt\/wp-json\/wp\/v2\/tags?post=87308"}],"curies":[{"name":"wp","href":"https:\/\/api.w.org\/{rel}","templated":true}]}}