{"id":87315,"date":"2024-07-02T10:00:15","date_gmt":"2024-07-02T09:00:15","guid":{"rendered":"https:\/\/jornaldasoficinas.com\/pt\/?p=87315"},"modified":"2024-07-01T16:01:24","modified_gmt":"2024-07-01T15:01:24","slug":"jovens-defendem-uso-do-capacete-para-conduzir-bicicletas","status":"publish","type":"post","link":"https:\/\/jornaldasoficinas.com\/pt\/jovens-defendem-uso-do-capacete-para-conduzir-bicicletas\/","title":{"rendered":"Jovens defendem uso do capacete para conduzir bicicletas"},"content":{"rendered":"<p><strong><img loading=\"lazy\" decoding=\"async\" class=\"alignnone size-full wp-image-87320\" src=\"https:\/\/jornaldasoficinas.com\/pt\/wp-content\/uploads\/2024\/05\/Jovens-defendem-uso-obrigatorio-do-capacete-para-conduzir-bicicletas-.jpg\" alt=\"05 - Jovens defendem uso obrigatorio do capacete para conduzir bicicletas \" width=\"1024\" height=\"581\" srcset=\"https:\/\/jornaldasoficinas.com\/pt\/wp-content\/uploads\/2024\/05\/Jovens-defendem-uso-obrigatorio-do-capacete-para-conduzir-bicicletas-.jpg 1024w, https:\/\/jornaldasoficinas.com\/pt\/wp-content\/uploads\/2024\/05\/Jovens-defendem-uso-obrigatorio-do-capacete-para-conduzir-bicicletas--300x170.jpg 300w, https:\/\/jornaldasoficinas.com\/pt\/wp-content\/uploads\/2024\/05\/Jovens-defendem-uso-obrigatorio-do-capacete-para-conduzir-bicicletas--150x85.jpg 150w, https:\/\/jornaldasoficinas.com\/pt\/wp-content\/uploads\/2024\/05\/Jovens-defendem-uso-obrigatorio-do-capacete-para-conduzir-bicicletas--768x436.jpg 768w\" sizes=\"auto, (max-width: 1024px) 100vw, 1024px\" \/><\/strong><\/p>\n<p><strong>De acordo com o mais recente estudo do <a href=\"https:\/\/www.acp.pt\/o-clube\/institucional\/observatorio-acp\" target=\"_blank\" rel=\"noopener\">Observat\u00f3rio ACP<\/a> sobre &#8220;Jovens e Mobilidade Suave&#8221;, a grande maioria dos inquiridos (86%) considera que deveria ser obrigat\u00f3rio utilizar capacete quando se anda de bicicleta ou trotinete<\/strong><\/p>\n<p>Para al\u00e9m desta obrigatoriedade, 2 em cada 3 jovens inquiridos (66%) considera igualmente necess\u00e1ria a obrigatoriedade de seguro para a utiliza\u00e7\u00e3o de bicicletas e trotinetes, sobretudo homens, com idades entre os 30 e os 34 anos.<\/p>\n<p>O mesmo estudo apurou ainda que metade dos jovens inquiridos possui bicicleta ou trotinete (52%). Homens, com idades entre os 25 e os 34 anos, e indiv\u00edduos que residem nas cidades s\u00e3o os que mais referem n\u00e3o terem bicicleta ou trotinete.<\/p>\n<p>No que respeita aos servi\u00e7os de aluguer e partilha de bicicletas ou trotinetes, apenas cerca de 3 em cada 10 inquiridos (28%) recorre a estes servi\u00e7os, com destaque para as idades entre os 20 e os 24 anos, da regi\u00e3o de Lisboa e indiv\u00edduos que residem nas cidades e com muita oferta de transportes p\u00fablicos.<\/p>\n<p>Quanto \u00e0 seguran\u00e7a destes meios de transporte, a maioria dos utilizadores de bicicletas e trotinetes sente-se segura quando utiliza estes meios, com destaque para as mulheres, das regi\u00f5es Centro e Lisboa, com idades entre os 20 e os 24 anos. Cerca de 1 em cada 3 inquiridos (31%) considera que os utilizadores de bicicletas ou trotinetes, na maioria das vezes, t\u00eam comportamentos seguros.<\/p>\n<p>&nbsp;<\/p>\n","protected":false},"excerpt":{"rendered":"<p>De acordo com o mais recente&#8230;<\/p>\n","protected":false},"author":15,"featured_media":87320,"comment_status":"closed","ping_status":"closed","sticky":false,"template":"","format":"standard","meta":{"footnotes":""},"categories":[37],"tags":[1035,5356,3960,9730,9728,1493,9729],"class_list":["post-87315","post","type-post","status-publish","format-standard","has-post-thumbnail","hentry","category-mercado","tag-acp","tag-bicicletas","tag-estudo","tag-jovens-e-mobilidade-suave","tag-observatorio-acp","tag-trotinetes","tag-uso-obrigatorio-de-capacete"],"yoast_head":"<!-- This site is optimized with the Yoast SEO plugin v27.4 - https:\/\/yoast.com\/product\/yoast-seo-wordpress\/ -->\n<title>Jovens defendem uso do capacete para conduzir bicicletas - Jornal das Oficinas<\/title>\n<meta name=\"description\" content=\"De acordo com o estudo do Observat\u00f3rio ACP, 86% dos inquiridos considera que deveria ser obrigat\u00f3rio o capacete quando se anda de bicicleta\" \/>\n<meta name=\"robots\" content=\"index, follow, max-snippet:-1, max-image-preview:large, max-video-preview:-1\" \/>\n<link rel=\"canonical\" href=\"https:\/\/jornaldasoficinas.com\/pt\/jovens-defendem-uso-do-capacete-para-conduzir-bicicletas\/\" \/>\n<meta property=\"og:locale\" content=\"pt_PT\" \/>\n<meta property=\"og:type\" content=\"article\" \/>\n<meta property=\"og:title\" content=\"Jovens defendem uso do capacete para conduzir bicicletas - Jornal das Oficinas\" \/>\n<meta property=\"og:description\" content=\"De acordo com o estudo do Observat\u00f3rio ACP, 86% dos inquiridos considera que deveria ser obrigat\u00f3rio o capacete quando se anda de bicicleta\" \/>\n<meta property=\"og:url\" content=\"https:\/\/jornaldasoficinas.com\/pt\/jovens-defendem-uso-do-capacete-para-conduzir-bicicletas\/\" \/>\n<meta property=\"og:site_name\" content=\"Jornal das Oficinas\" \/>\n<meta property=\"article:publisher\" content=\"https:\/\/www.facebook.com\/jornaloficinas\" \/>\n<meta property=\"article:published_time\" content=\"2024-07-02T09:00:15+00:00\" \/>\n<meta property=\"og:image\" content=\"https:\/\/jornaldasoficinas.com\/pt\/wp-content\/uploads\/2024\/05\/Jovens-defendem-uso-obrigatorio-do-capacete-para-conduzir-bicicletas-.jpg\" \/>\n\t<meta property=\"og:image:width\" content=\"1024\" \/>\n\t<meta property=\"og:image:height\" content=\"581\" \/>\n\t<meta property=\"og:image:type\" content=\"image\/jpeg\" \/>\n<meta name=\"author\" content=\"Reda\u00e7\u00e3o JO\" \/>\n<meta name=\"twitter:card\" content=\"summary_large_image\" \/>\n<meta name=\"twitter:creator\" content=\"@jornaloficinas\" \/>\n<meta name=\"twitter:site\" content=\"@jornaloficinas\" \/>\n<meta name=\"twitter:label1\" content=\"Escrito por\" \/>\n\t<meta name=\"twitter:data1\" content=\"Reda\u00e7\u00e3o JO\" \/>\n\t<meta name=\"twitter:label2\" content=\"Tempo estimado de leitura\" \/>\n\t<meta name=\"twitter:data2\" content=\"2 minutos\" \/>\n<script type=\"application\/ld+json\" class=\"yoast-schema-graph\">{\"@context\":\"https:\\\/\\\/schema.org\",\"@graph\":[{\"@type\":\"Article\",\"@id\":\"https:\\\/\\\/jornaldasoficinas.com\\\/pt\\\/jovens-defendem-uso-do-capacete-para-conduzir-bicicletas\\\/#article\",\"isPartOf\":{\"@id\":\"https:\\\/\\\/jornaldasoficinas.com\\\/pt\\\/jovens-defendem-uso-do-capacete-para-conduzir-bicicletas\\\/\"},\"author\":{\"name\":\"Reda\u00e7\u00e3o JO\",\"@id\":\"https:\\\/\\\/jornaldasoficinas.com\\\/pt\\\/#\\\/schema\\\/person\\\/a38eef5de2c41d9e7c9ac10141afddf3\"},\"headline\":\"Jovens defendem uso do capacete para conduzir bicicletas\",\"datePublished\":\"2024-07-02T09:00:15+00:00\",\"mainEntityOfPage\":{\"@id\":\"https:\\\/\\\/jornaldasoficinas.com\\\/pt\\\/jovens-defendem-uso-do-capacete-para-conduzir-bicicletas\\\/\"},\"wordCount\":235,\"publisher\":{\"@id\":\"https:\\\/\\\/jornaldasoficinas.com\\\/pt\\\/#organization\"},\"image\":{\"@id\":\"https:\\\/\\\/jornaldasoficinas.com\\\/pt\\\/jovens-defendem-uso-do-capacete-para-conduzir-bicicletas\\\/#primaryimage\"},\"thumbnailUrl\":\"https:\\\/\\\/jornaldasoficinas.com\\\/pt\\\/wp-content\\\/uploads\\\/2024\\\/05\\\/Jovens-defendem-uso-obrigatorio-do-capacete-para-conduzir-bicicletas-.jpg\",\"keywords\":[\"ACP\",\"Bicicletas\",\"Estudo\",\"Jovens e Mobilidade Suave\",\"Observat\u00f3rio ACP\",\"trotinetes\",\"uso obrigat\u00f3rio de capacete\"],\"articleSection\":[\"Mercado\"],\"inLanguage\":\"pt-PT\"},{\"@type\":\"WebPage\",\"@id\":\"https:\\\/\\\/jornaldasoficinas.com\\\/pt\\\/jovens-defendem-uso-do-capacete-para-conduzir-bicicletas\\\/\",\"url\":\"https:\\\/\\\/jornaldasoficinas.com\\\/pt\\\/jovens-defendem-uso-do-capacete-para-conduzir-bicicletas\\\/\",\"name\":\"Jovens defendem uso do capacete para conduzir bicicletas - Jornal das Oficinas\",\"isPartOf\":{\"@id\":\"https:\\\/\\\/jornaldasoficinas.com\\\/pt\\\/#website\"},\"primaryImageOfPage\":{\"@id\":\"https:\\\/\\\/jornaldasoficinas.com\\\/pt\\\/jovens-defendem-uso-do-capacete-para-conduzir-bicicletas\\\/#primaryimage\"},\"image\":{\"@id\":\"https:\\\/\\\/jornaldasoficinas.com\\\/pt\\\/jovens-defendem-uso-do-capacete-para-conduzir-bicicletas\\\/#primaryimage\"},\"thumbnailUrl\":\"https:\\\/\\\/jornaldasoficinas.com\\\/pt\\\/wp-content\\\/uploads\\\/2024\\\/05\\\/Jovens-defendem-uso-obrigatorio-do-capacete-para-conduzir-bicicletas-.jpg\",\"datePublished\":\"2024-07-02T09:00:15+00:00\",\"description\":\"De acordo com o estudo do Observat\u00f3rio ACP, 86% dos inquiridos considera que deveria ser obrigat\u00f3rio o capacete quando se anda de bicicleta\",\"breadcrumb\":{\"@id\":\"https:\\\/\\\/jornaldasoficinas.com\\\/pt\\\/jovens-defendem-uso-do-capacete-para-conduzir-bicicletas\\\/#breadcrumb\"},\"inLanguage\":\"pt-PT\",\"potentialAction\":[{\"@type\":\"ReadAction\",\"target\":[\"https:\\\/\\\/jornaldasoficinas.com\\\/pt\\\/jovens-defendem-uso-do-capacete-para-conduzir-bicicletas\\\/\"]}]},{\"@type\":\"ImageObject\",\"inLanguage\":\"pt-PT\",\"@id\":\"https:\\\/\\\/jornaldasoficinas.com\\\/pt\\\/jovens-defendem-uso-do-capacete-para-conduzir-bicicletas\\\/#primaryimage\",\"url\":\"https:\\\/\\\/jornaldasoficinas.com\\\/pt\\\/wp-content\\\/uploads\\\/2024\\\/05\\\/Jovens-defendem-uso-obrigatorio-do-capacete-para-conduzir-bicicletas-.jpg\",\"contentUrl\":\"https:\\\/\\\/jornaldasoficinas.com\\\/pt\\\/wp-content\\\/uploads\\\/2024\\\/05\\\/Jovens-defendem-uso-obrigatorio-do-capacete-para-conduzir-bicicletas-.jpg\",\"width\":1024,\"height\":581,\"caption\":\"05 - Jovens defendem uso obrigatorio do capacete para conduzir bicicletas\"},{\"@type\":\"BreadcrumbList\",\"@id\":\"https:\\\/\\\/jornaldasoficinas.com\\\/pt\\\/jovens-defendem-uso-do-capacete-para-conduzir-bicicletas\\\/#breadcrumb\",\"itemListElement\":[{\"@type\":\"ListItem\",\"position\":1,\"name\":\"In\u00edcio\",\"item\":\"https:\\\/\\\/jornaldasoficinas.com\\\/pt\\\/\"},{\"@type\":\"ListItem\",\"position\":2,\"name\":\"Jovens defendem uso do capacete para conduzir bicicletas\"}]},{\"@type\":\"WebSite\",\"@id\":\"https:\\\/\\\/jornaldasoficinas.com\\\/pt\\\/#website\",\"url\":\"https:\\\/\\\/jornaldasoficinas.com\\\/pt\\\/\",\"name\":\"Jornal das Oficinas\",\"description\":\"Jornal independente do Aftermarket Autom\u00f3vel em Portugal\",\"publisher\":{\"@id\":\"https:\\\/\\\/jornaldasoficinas.com\\\/pt\\\/#organization\"},\"potentialAction\":[{\"@type\":\"SearchAction\",\"target\":{\"@type\":\"EntryPoint\",\"urlTemplate\":\"https:\\\/\\\/jornaldasoficinas.com\\\/pt\\\/?s={search_term_string}\"},\"query-input\":{\"@type\":\"PropertyValueSpecification\",\"valueRequired\":true,\"valueName\":\"search_term_string\"}}],\"inLanguage\":\"pt-PT\"},{\"@type\":\"Organization\",\"@id\":\"https:\\\/\\\/jornaldasoficinas.com\\\/pt\\\/#organization\",\"name\":\"Jornal das Oficinas\",\"url\":\"https:\\\/\\\/jornaldasoficinas.com\\\/pt\\\/\",\"logo\":{\"@type\":\"ImageObject\",\"inLanguage\":\"pt-PT\",\"@id\":\"https:\\\/\\\/jornaldasoficinas.com\\\/pt\\\/#\\\/schema\\\/logo\\\/image\\\/\",\"url\":\"https:\\\/\\\/jornaldasoficinas.com\\\/pt\\\/wp-content\\\/uploads\\\/logoJO-SEO.png\",\"contentUrl\":\"https:\\\/\\\/jornaldasoficinas.com\\\/pt\\\/wp-content\\\/uploads\\\/logoJO-SEO.png\",\"width\":285,\"height\":450,\"caption\":\"Jornal das Oficinas\"},\"image\":{\"@id\":\"https:\\\/\\\/jornaldasoficinas.com\\\/pt\\\/#\\\/schema\\\/logo\\\/image\\\/\"},\"sameAs\":[\"https:\\\/\\\/www.facebook.com\\\/jornaloficinas\",\"https:\\\/\\\/x.com\\\/jornaloficinas\",\"https:\\\/\\\/www.instagram.com\\\/jornal_oficinas\\\/\",\"https:\\\/\\\/www.linkedin.com\\\/company\\\/jornal-das-oficinas\\\/\",\"https:\\\/\\\/www.youtube.com\\\/channel\\\/UCbQZBqtcvV-oSQrr7RzINGg\"]},{\"@type\":\"Person\",\"@id\":\"https:\\\/\\\/jornaldasoficinas.com\\\/pt\\\/#\\\/schema\\\/person\\\/a38eef5de2c41d9e7c9ac10141afddf3\",\"name\":\"Reda\u00e7\u00e3o JO\",\"image\":{\"@type\":\"ImageObject\",\"inLanguage\":\"pt-PT\",\"@id\":\"https:\\\/\\\/secure.gravatar.com\\\/avatar\\\/71f2fa71737ad68a84fea94bc708ddac8ea5b0c4788dc2ad202f3ccb2887742f?s=96&d=wp_user_avatar&r=g\",\"url\":\"https:\\\/\\\/secure.gravatar.com\\\/avatar\\\/71f2fa71737ad68a84fea94bc708ddac8ea5b0c4788dc2ad202f3ccb2887742f?s=96&d=wp_user_avatar&r=g\",\"contentUrl\":\"https:\\\/\\\/secure.gravatar.com\\\/avatar\\\/71f2fa71737ad68a84fea94bc708ddac8ea5b0c4788dc2ad202f3ccb2887742f?s=96&d=wp_user_avatar&r=g\",\"caption\":\"Reda\u00e7\u00e3o JO\"},\"url\":\"https:\\\/\\\/jornaldasoficinas.com\\\/pt\\\/author\\\/joredacao\\\/\"}]}<\/script>\n<!-- \/ Yoast SEO plugin. -->","yoast_head_json":{"title":"Jovens defendem uso do capacete para conduzir bicicletas - Jornal das Oficinas","description":"De acordo com o estudo do Observat\u00f3rio ACP, 86% dos inquiridos considera que deveria ser obrigat\u00f3rio o capacete quando se anda de bicicleta","robots":{"index":"index","follow":"follow","max-snippet":"max-snippet:-1","max-image-preview":"max-image-preview:large","max-video-preview":"max-video-preview:-1"},"canonical":"https:\/\/jornaldasoficinas.com\/pt\/jovens-defendem-uso-do-capacete-para-conduzir-bicicletas\/","og_locale":"pt_PT","og_type":"article","og_title":"Jovens defendem uso do capacete para conduzir bicicletas - Jornal das Oficinas","og_description":"De acordo com o estudo do Observat\u00f3rio ACP, 86% dos inquiridos considera que deveria ser obrigat\u00f3rio o capacete quando se anda de bicicleta","og_url":"https:\/\/jornaldasoficinas.com\/pt\/jovens-defendem-uso-do-capacete-para-conduzir-bicicletas\/","og_site_name":"Jornal das Oficinas","article_publisher":"https:\/\/www.facebook.com\/jornaloficinas","article_published_time":"2024-07-02T09:00:15+00:00","og_image":[{"width":1024,"height":581,"url":"https:\/\/jornaldasoficinas.com\/pt\/wp-content\/uploads\/2024\/05\/Jovens-defendem-uso-obrigatorio-do-capacete-para-conduzir-bicicletas-.jpg","type":"image\/jpeg"}],"author":"Reda\u00e7\u00e3o JO","twitter_card":"summary_large_image","twitter_creator":"@jornaloficinas","twitter_site":"@jornaloficinas","twitter_misc":{"Escrito por":"Reda\u00e7\u00e3o JO","Tempo estimado de leitura":"2 minutos"},"schema":{"@context":"https:\/\/schema.org","@graph":[{"@type":"Article","@id":"https:\/\/jornaldasoficinas.com\/pt\/jovens-defendem-uso-do-capacete-para-conduzir-bicicletas\/#article","isPartOf":{"@id":"https:\/\/jornaldasoficinas.com\/pt\/jovens-defendem-uso-do-capacete-para-conduzir-bicicletas\/"},"author":{"name":"Reda\u00e7\u00e3o JO","@id":"https:\/\/jornaldasoficinas.com\/pt\/#\/schema\/person\/a38eef5de2c41d9e7c9ac10141afddf3"},"headline":"Jovens defendem uso do capacete para conduzir bicicletas","datePublished":"2024-07-02T09:00:15+00:00","mainEntityOfPage":{"@id":"https:\/\/jornaldasoficinas.com\/pt\/jovens-defendem-uso-do-capacete-para-conduzir-bicicletas\/"},"wordCount":235,"publisher":{"@id":"https:\/\/jornaldasoficinas.com\/pt\/#organization"},"image":{"@id":"https:\/\/jornaldasoficinas.com\/pt\/jovens-defendem-uso-do-capacete-para-conduzir-bicicletas\/#primaryimage"},"thumbnailUrl":"https:\/\/jornaldasoficinas.com\/pt\/wp-content\/uploads\/2024\/05\/Jovens-defendem-uso-obrigatorio-do-capacete-para-conduzir-bicicletas-.jpg","keywords":["ACP","Bicicletas","Estudo","Jovens e Mobilidade Suave","Observat\u00f3rio ACP","trotinetes","uso obrigat\u00f3rio de capacete"],"articleSection":["Mercado"],"inLanguage":"pt-PT"},{"@type":"WebPage","@id":"https:\/\/jornaldasoficinas.com\/pt\/jovens-defendem-uso-do-capacete-para-conduzir-bicicletas\/","url":"https:\/\/jornaldasoficinas.com\/pt\/jovens-defendem-uso-do-capacete-para-conduzir-bicicletas\/","name":"Jovens defendem uso do capacete para conduzir bicicletas - Jornal das Oficinas","isPartOf":{"@id":"https:\/\/jornaldasoficinas.com\/pt\/#website"},"primaryImageOfPage":{"@id":"https:\/\/jornaldasoficinas.com\/pt\/jovens-defendem-uso-do-capacete-para-conduzir-bicicletas\/#primaryimage"},"image":{"@id":"https:\/\/jornaldasoficinas.com\/pt\/jovens-defendem-uso-do-capacete-para-conduzir-bicicletas\/#primaryimage"},"thumbnailUrl":"https:\/\/jornaldasoficinas.com\/pt\/wp-content\/uploads\/2024\/05\/Jovens-defendem-uso-obrigatorio-do-capacete-para-conduzir-bicicletas-.jpg","datePublished":"2024-07-02T09:00:15+00:00","description":"De acordo com o estudo do Observat\u00f3rio ACP, 86% dos inquiridos considera que deveria ser obrigat\u00f3rio o capacete quando se anda de bicicleta","breadcrumb":{"@id":"https:\/\/jornaldasoficinas.com\/pt\/jovens-defendem-uso-do-capacete-para-conduzir-bicicletas\/#breadcrumb"},"inLanguage":"pt-PT","potentialAction":[{"@type":"ReadAction","target":["https:\/\/jornaldasoficinas.com\/pt\/jovens-defendem-uso-do-capacete-para-conduzir-bicicletas\/"]}]},{"@type":"ImageObject","inLanguage":"pt-PT","@id":"https:\/\/jornaldasoficinas.com\/pt\/jovens-defendem-uso-do-capacete-para-conduzir-bicicletas\/#primaryimage","url":"https:\/\/jornaldasoficinas.com\/pt\/wp-content\/uploads\/2024\/05\/Jovens-defendem-uso-obrigatorio-do-capacete-para-conduzir-bicicletas-.jpg","contentUrl":"https:\/\/jornaldasoficinas.com\/pt\/wp-content\/uploads\/2024\/05\/Jovens-defendem-uso-obrigatorio-do-capacete-para-conduzir-bicicletas-.jpg","width":1024,"height":581,"caption":"05 - Jovens defendem uso obrigatorio do capacete para conduzir bicicletas"},{"@type":"BreadcrumbList","@id":"https:\/\/jornaldasoficinas.com\/pt\/jovens-defendem-uso-do-capacete-para-conduzir-bicicletas\/#breadcrumb","itemListElement":[{"@type":"ListItem","position":1,"name":"In\u00edcio","item":"https:\/\/jornaldasoficinas.com\/pt\/"},{"@type":"ListItem","position":2,"name":"Jovens defendem uso do capacete para conduzir bicicletas"}]},{"@type":"WebSite","@id":"https:\/\/jornaldasoficinas.com\/pt\/#website","url":"https:\/\/jornaldasoficinas.com\/pt\/","name":"Jornal das Oficinas","description":"Jornal independente do Aftermarket Autom\u00f3vel em Portugal","publisher":{"@id":"https:\/\/jornaldasoficinas.com\/pt\/#organization"},"potentialAction":[{"@type":"SearchAction","target":{"@type":"EntryPoint","urlTemplate":"https:\/\/jornaldasoficinas.com\/pt\/?s={search_term_string}"},"query-input":{"@type":"PropertyValueSpecification","valueRequired":true,"valueName":"search_term_string"}}],"inLanguage":"pt-PT"},{"@type":"Organization","@id":"https:\/\/jornaldasoficinas.com\/pt\/#organization","name":"Jornal das Oficinas","url":"https:\/\/jornaldasoficinas.com\/pt\/","logo":{"@type":"ImageObject","inLanguage":"pt-PT","@id":"https:\/\/jornaldasoficinas.com\/pt\/#\/schema\/logo\/image\/","url":"https:\/\/jornaldasoficinas.com\/pt\/wp-content\/uploads\/logoJO-SEO.png","contentUrl":"https:\/\/jornaldasoficinas.com\/pt\/wp-content\/uploads\/logoJO-SEO.png","width":285,"height":450,"caption":"Jornal das Oficinas"},"image":{"@id":"https:\/\/jornaldasoficinas.com\/pt\/#\/schema\/logo\/image\/"},"sameAs":["https:\/\/www.facebook.com\/jornaloficinas","https:\/\/x.com\/jornaloficinas","https:\/\/www.instagram.com\/jornal_oficinas\/","https:\/\/www.linkedin.com\/company\/jornal-das-oficinas\/","https:\/\/www.youtube.com\/channel\/UCbQZBqtcvV-oSQrr7RzINGg"]},{"@type":"Person","@id":"https:\/\/jornaldasoficinas.com\/pt\/#\/schema\/person\/a38eef5de2c41d9e7c9ac10141afddf3","name":"Reda\u00e7\u00e3o JO","image":{"@type":"ImageObject","inLanguage":"pt-PT","@id":"https:\/\/secure.gravatar.com\/avatar\/71f2fa71737ad68a84fea94bc708ddac8ea5b0c4788dc2ad202f3ccb2887742f?s=96&d=wp_user_avatar&r=g","url":"https:\/\/secure.gravatar.com\/avatar\/71f2fa71737ad68a84fea94bc708ddac8ea5b0c4788dc2ad202f3ccb2887742f?s=96&d=wp_user_avatar&r=g","contentUrl":"https:\/\/secure.gravatar.com\/avatar\/71f2fa71737ad68a84fea94bc708ddac8ea5b0c4788dc2ad202f3ccb2887742f?s=96&d=wp_user_avatar&r=g","caption":"Reda\u00e7\u00e3o JO"},"url":"https:\/\/jornaldasoficinas.com\/pt\/author\/joredacao\/"}]}},"_links":{"self":[{"href":"https:\/\/jornaldasoficinas.com\/pt\/wp-json\/wp\/v2\/posts\/87315","targetHints":{"allow":["GET"]}}],"collection":[{"href":"https:\/\/jornaldasoficinas.com\/pt\/wp-json\/wp\/v2\/posts"}],"about":[{"href":"https:\/\/jornaldasoficinas.com\/pt\/wp-json\/wp\/v2\/types\/post"}],"author":[{"embeddable":true,"href":"https:\/\/jornaldasoficinas.com\/pt\/wp-json\/wp\/v2\/users\/15"}],"replies":[{"embeddable":true,"href":"https:\/\/jornaldasoficinas.com\/pt\/wp-json\/wp\/v2\/comments?post=87315"}],"version-history":[{"count":0,"href":"https:\/\/jornaldasoficinas.com\/pt\/wp-json\/wp\/v2\/posts\/87315\/revisions"}],"wp:featuredmedia":[{"embeddable":true,"href":"https:\/\/jornaldasoficinas.com\/pt\/wp-json\/wp\/v2\/media\/87320"}],"wp:attachment":[{"href":"https:\/\/jornaldasoficinas.com\/pt\/wp-json\/wp\/v2\/media?parent=87315"}],"wp:term":[{"taxonomy":"category","embeddable":true,"href":"https:\/\/jornaldasoficinas.com\/pt\/wp-json\/wp\/v2\/categories?post=87315"},{"taxonomy":"post_tag","embeddable":true,"href":"https:\/\/jornaldasoficinas.com\/pt\/wp-json\/wp\/v2\/tags?post=87315"}],"curies":[{"name":"wp","href":"https:\/\/api.w.org\/{rel}","templated":true}]}}