{"id":8735,"date":"2020-01-20T09:37:58","date_gmt":"2020-01-20T09:37:58","guid":{"rendered":"https:\/\/jornaldasoficinas.com\/pt\/?p=8735"},"modified":"2020-01-20T09:38:53","modified_gmt":"2020-01-20T09:38:53","slug":"tendencias-da-distribuicao-de-pecas-ventos-de-mudanca","status":"publish","type":"post","link":"https:\/\/jornaldasoficinas.com\/pt\/tendencias-da-distribuicao-de-pecas-ventos-de-mudanca\/","title":{"rendered":"Tend\u00eancias da distribui\u00e7\u00e3o de pe\u00e7as: ventos de mudan\u00e7a"},"content":{"rendered":"<p><img loading=\"lazy\" decoding=\"async\" class=\"alignnone wp-image-8733 size-full\" src=\"https:\/\/jornaldasoficinas.com\/pt\/wp-content\/uploads\/2020\/01\/mercadopecas.png\" alt=\"01 - mercadopecas\" width=\"1024\" height=\"581\" srcset=\"https:\/\/jornaldasoficinas.com\/pt\/wp-content\/uploads\/2020\/01\/mercadopecas.png 1024w, https:\/\/jornaldasoficinas.com\/pt\/wp-content\/uploads\/2020\/01\/mercadopecas-300x170.png 300w, https:\/\/jornaldasoficinas.com\/pt\/wp-content\/uploads\/2020\/01\/mercadopecas-150x85.png 150w, https:\/\/jornaldasoficinas.com\/pt\/wp-content\/uploads\/2020\/01\/mercadopecas-768x436.png 768w\" sizes=\"auto, (max-width: 1024px) 100vw, 1024px\" \/><\/p>\n<p><strong>O po\u0301s-venda esta\u0301 a viver tempos de mudanc\u0327a e transformac\u0327a\u0303o. Surgem, constantemente, novos desafios que exigem atenc\u0327a\u0303o redobrada aos operadores do setor, que te\u0302m de responder a\u0300s exige\u0302ncias de um mercado cada vez mais competitivo.<\/strong><\/p>\n<p>As novas tecnologias, em conjuga\u00e7\u00e3o com a alterac\u0327a\u0303o nas utilizac\u0327o\u0303es de mobilidade, sugerem mudanc\u0327as no volume de nego\u0301cios do mercado de pec\u0327as de substituic\u0327a\u0303o e na sua pro\u0301pria estrutura, bem como o aparecimento de novos servic\u0327os e o desaparecimento de outras fontes de receitas. Identificadas no estudo da consultora Victoria del Corral, apresentamos as principais tende\u0302ncias que va\u0303o condicionar a distribuic\u0327a\u0303o de pec\u0327as no futuro pro\u0301ximo.<\/p>\n<p>As marcas de automo\u0301veis va\u0303o melhorar o seu posicionamento a curto prazo na distribuic\u0327a\u0303o de pec\u0327as de substituic\u0327a\u0303o, num mercado no qual as barreiras entre o canal das marcas e o canal independente tendem a desaparecer. Fabricantes, como o Groupe PSA, ja\u0301 criaram uma rede de distribuidores para o mercado independente.<\/p>\n<p>Trata-se de um movimento muito \u201cagressivo\u201d, porque, atualmente, as marcas, para ale\u0301m de criarem um distribuidor independente, tambe\u0301m incluem outras marcas do mercado independente para os seus vei\u0301culos e, igualmente, para outros vei\u0301culos. Portanto, esta\u0303o a competir em igualdade de circunsta\u0302ncias com outros distribuidores.<\/p>\n<p>Por outro lado, os fabricantes de automo\u0301veis lanc\u0327am as suas pro\u0301prias marcas de pec\u0327as de substituic\u0327a\u0303o e criam plataformas de distribuic\u0327a\u0303o <em>online <\/em>para se posicionarem no futuro tambe\u0301m nesse segmento de mercado.<br \/>\nO maior crescimento dos automo\u0301veis com menos de cinco anos, o segmento mais fiel aos concessiona\u0301rios, tambe\u0301m permite prever que as marcas de automo\u0301veis aumentem a sua participac\u0327a\u0303o no mercado de po\u0301s-venda.<\/p>\n<p>Os concessiona\u0301rios esta\u0303o mais preparados para as mudanc\u0327as e te\u0302m maior capacidade de investimento face ao canal multimarca, porque, agora, sa\u0303o intervenientes muito maiores e com muito mais mu\u0301sculo financeiro, o qual vai ser necessa\u0301rio para os investimentos exigidos pelos novos desafios do po\u0301s-venda.<\/p>\n<p>Portanto, o facto de o concessiona\u0301rio ser mais poderoso e, ale\u0301m do mais, estar alinhado com o fabricante de automo\u0301veis na distribuic\u0327a\u0303o de pec\u0327as de substituic\u0327a\u0303o, criam condic\u0327o\u0303es claramente favora\u0301veis, pelo que e\u0301 razoa\u0301vel pensar que o OEM vai melhorar, significativamente, o seu posicionamento.<\/p>\n<p>Leia o artigo completo na <a href=\"https:\/\/www.yumpu.com\/pt\/document\/fullscreen\/62999869\/jornal-das-oficinas-170\/10\" target=\"_blank\" rel=\"noopener noreferrer\">edi\u00e7\u00e3o de janeiro de 2020 do Jornal das Oficinas<\/a>.<\/p>\n","protected":false},"excerpt":{"rendered":"<p>O po\u0301s-venda esta\u0301 a viver tempos&#8230;<\/p>\n","protected":false},"author":15,"featured_media":8733,"comment_status":"closed","ping_status":"closed","sticky":false,"template":"","format":"standard","meta":{"footnotes":""},"categories":[37],"tags":[1220],"class_list":["post-8735","post","type-post","status-publish","format-standard","has-post-thumbnail","hentry","category-mercado","tag-victoria-del-corral"],"yoast_head":"<!-- This site is optimized with the Yoast SEO plugin v27.4 - https:\/\/yoast.com\/product\/yoast-seo-wordpress\/ -->\n<title>Tend\u00eancias da distribui\u00e7\u00e3o de pe\u00e7as: ventos de mudan\u00e7a - Jornal das Oficinas<\/title>\n<meta name=\"robots\" content=\"index, follow, max-snippet:-1, max-image-preview:large, max-video-preview:-1\" \/>\n<link rel=\"canonical\" href=\"https:\/\/jornaldasoficinas.com\/pt\/tendencias-da-distribuicao-de-pecas-ventos-de-mudanca\/\" \/>\n<meta property=\"og:locale\" content=\"pt_PT\" \/>\n<meta property=\"og:type\" content=\"article\" \/>\n<meta property=\"og:title\" content=\"Tend\u00eancias da distribui\u00e7\u00e3o de pe\u00e7as: ventos de mudan\u00e7a - Jornal das Oficinas\" \/>\n<meta property=\"og:description\" content=\"O po\u0301s-venda esta\u0301 a viver tempos...\" \/>\n<meta property=\"og:url\" content=\"https:\/\/jornaldasoficinas.com\/pt\/tendencias-da-distribuicao-de-pecas-ventos-de-mudanca\/\" \/>\n<meta property=\"og:site_name\" content=\"Jornal das Oficinas\" \/>\n<meta property=\"article:publisher\" content=\"https:\/\/www.facebook.com\/jornaloficinas\" \/>\n<meta property=\"article:published_time\" content=\"2020-01-20T09:37:58+00:00\" \/>\n<meta property=\"article:modified_time\" content=\"2020-01-20T09:38:53+00:00\" \/>\n<meta property=\"og:image\" content=\"https:\/\/jornaldasoficinas.com\/pt\/wp-content\/uploads\/2020\/01\/mercadopecas.png\" \/>\n\t<meta property=\"og:image:width\" content=\"1024\" \/>\n\t<meta property=\"og:image:height\" content=\"581\" \/>\n\t<meta property=\"og:image:type\" content=\"image\/png\" \/>\n<meta name=\"author\" content=\"Reda\u00e7\u00e3o JO\" \/>\n<meta name=\"twitter:card\" content=\"summary_large_image\" \/>\n<meta name=\"twitter:creator\" content=\"@jornaloficinas\" \/>\n<meta name=\"twitter:site\" content=\"@jornaloficinas\" \/>\n<meta name=\"twitter:label1\" content=\"Escrito por\" \/>\n\t<meta name=\"twitter:data1\" content=\"Reda\u00e7\u00e3o JO\" \/>\n\t<meta name=\"twitter:label2\" content=\"Tempo estimado de leitura\" \/>\n\t<meta name=\"twitter:data2\" content=\"2 minutos\" \/>\n<script type=\"application\/ld+json\" class=\"yoast-schema-graph\">{\"@context\":\"https:\\\/\\\/schema.org\",\"@graph\":[{\"@type\":\"Article\",\"@id\":\"https:\\\/\\\/jornaldasoficinas.com\\\/pt\\\/tendencias-da-distribuicao-de-pecas-ventos-de-mudanca\\\/#article\",\"isPartOf\":{\"@id\":\"https:\\\/\\\/jornaldasoficinas.com\\\/pt\\\/tendencias-da-distribuicao-de-pecas-ventos-de-mudanca\\\/\"},\"author\":{\"name\":\"Reda\u00e7\u00e3o JO\",\"@id\":\"https:\\\/\\\/jornaldasoficinas.com\\\/pt\\\/#\\\/schema\\\/person\\\/a38eef5de2c41d9e7c9ac10141afddf3\"},\"headline\":\"Tend\u00eancias da distribui\u00e7\u00e3o de pe\u00e7as: ventos de mudan\u00e7a\",\"datePublished\":\"2020-01-20T09:37:58+00:00\",\"dateModified\":\"2020-01-20T09:38:53+00:00\",\"mainEntityOfPage\":{\"@id\":\"https:\\\/\\\/jornaldasoficinas.com\\\/pt\\\/tendencias-da-distribuicao-de-pecas-ventos-de-mudanca\\\/\"},\"wordCount\":450,\"publisher\":{\"@id\":\"https:\\\/\\\/jornaldasoficinas.com\\\/pt\\\/#organization\"},\"image\":{\"@id\":\"https:\\\/\\\/jornaldasoficinas.com\\\/pt\\\/tendencias-da-distribuicao-de-pecas-ventos-de-mudanca\\\/#primaryimage\"},\"thumbnailUrl\":\"https:\\\/\\\/jornaldasoficinas.com\\\/pt\\\/wp-content\\\/uploads\\\/2020\\\/01\\\/mercadopecas.png\",\"keywords\":[\"Victoria del Corral\"],\"articleSection\":[\"Mercado\"],\"inLanguage\":\"pt-PT\"},{\"@type\":\"WebPage\",\"@id\":\"https:\\\/\\\/jornaldasoficinas.com\\\/pt\\\/tendencias-da-distribuicao-de-pecas-ventos-de-mudanca\\\/\",\"url\":\"https:\\\/\\\/jornaldasoficinas.com\\\/pt\\\/tendencias-da-distribuicao-de-pecas-ventos-de-mudanca\\\/\",\"name\":\"Tend\u00eancias da distribui\u00e7\u00e3o de pe\u00e7as: ventos de mudan\u00e7a - Jornal das Oficinas\",\"isPartOf\":{\"@id\":\"https:\\\/\\\/jornaldasoficinas.com\\\/pt\\\/#website\"},\"primaryImageOfPage\":{\"@id\":\"https:\\\/\\\/jornaldasoficinas.com\\\/pt\\\/tendencias-da-distribuicao-de-pecas-ventos-de-mudanca\\\/#primaryimage\"},\"image\":{\"@id\":\"https:\\\/\\\/jornaldasoficinas.com\\\/pt\\\/tendencias-da-distribuicao-de-pecas-ventos-de-mudanca\\\/#primaryimage\"},\"thumbnailUrl\":\"https:\\\/\\\/jornaldasoficinas.com\\\/pt\\\/wp-content\\\/uploads\\\/2020\\\/01\\\/mercadopecas.png\",\"datePublished\":\"2020-01-20T09:37:58+00:00\",\"dateModified\":\"2020-01-20T09:38:53+00:00\",\"breadcrumb\":{\"@id\":\"https:\\\/\\\/jornaldasoficinas.com\\\/pt\\\/tendencias-da-distribuicao-de-pecas-ventos-de-mudanca\\\/#breadcrumb\"},\"inLanguage\":\"pt-PT\",\"potentialAction\":[{\"@type\":\"ReadAction\",\"target\":[\"https:\\\/\\\/jornaldasoficinas.com\\\/pt\\\/tendencias-da-distribuicao-de-pecas-ventos-de-mudanca\\\/\"]}]},{\"@type\":\"ImageObject\",\"inLanguage\":\"pt-PT\",\"@id\":\"https:\\\/\\\/jornaldasoficinas.com\\\/pt\\\/tendencias-da-distribuicao-de-pecas-ventos-de-mudanca\\\/#primaryimage\",\"url\":\"https:\\\/\\\/jornaldasoficinas.com\\\/pt\\\/wp-content\\\/uploads\\\/2020\\\/01\\\/mercadopecas.png\",\"contentUrl\":\"https:\\\/\\\/jornaldasoficinas.com\\\/pt\\\/wp-content\\\/uploads\\\/2020\\\/01\\\/mercadopecas.png\",\"width\":1024,\"height\":581,\"caption\":\"01 - mercadopecas\"},{\"@type\":\"BreadcrumbList\",\"@id\":\"https:\\\/\\\/jornaldasoficinas.com\\\/pt\\\/tendencias-da-distribuicao-de-pecas-ventos-de-mudanca\\\/#breadcrumb\",\"itemListElement\":[{\"@type\":\"ListItem\",\"position\":1,\"name\":\"In\u00edcio\",\"item\":\"https:\\\/\\\/jornaldasoficinas.com\\\/pt\\\/\"},{\"@type\":\"ListItem\",\"position\":2,\"name\":\"Tend\u00eancias da distribui\u00e7\u00e3o de pe\u00e7as: ventos de mudan\u00e7a\"}]},{\"@type\":\"WebSite\",\"@id\":\"https:\\\/\\\/jornaldasoficinas.com\\\/pt\\\/#website\",\"url\":\"https:\\\/\\\/jornaldasoficinas.com\\\/pt\\\/\",\"name\":\"Jornal das Oficinas\",\"description\":\"Jornal independente do Aftermarket Autom\u00f3vel em Portugal\",\"publisher\":{\"@id\":\"https:\\\/\\\/jornaldasoficinas.com\\\/pt\\\/#organization\"},\"potentialAction\":[{\"@type\":\"SearchAction\",\"target\":{\"@type\":\"EntryPoint\",\"urlTemplate\":\"https:\\\/\\\/jornaldasoficinas.com\\\/pt\\\/?s={search_term_string}\"},\"query-input\":{\"@type\":\"PropertyValueSpecification\",\"valueRequired\":true,\"valueName\":\"search_term_string\"}}],\"inLanguage\":\"pt-PT\"},{\"@type\":\"Organization\",\"@id\":\"https:\\\/\\\/jornaldasoficinas.com\\\/pt\\\/#organization\",\"name\":\"Jornal das Oficinas\",\"url\":\"https:\\\/\\\/jornaldasoficinas.com\\\/pt\\\/\",\"logo\":{\"@type\":\"ImageObject\",\"inLanguage\":\"pt-PT\",\"@id\":\"https:\\\/\\\/jornaldasoficinas.com\\\/pt\\\/#\\\/schema\\\/logo\\\/image\\\/\",\"url\":\"https:\\\/\\\/jornaldasoficinas.com\\\/pt\\\/wp-content\\\/uploads\\\/logoJO-SEO.png\",\"contentUrl\":\"https:\\\/\\\/jornaldasoficinas.com\\\/pt\\\/wp-content\\\/uploads\\\/logoJO-SEO.png\",\"width\":285,\"height\":450,\"caption\":\"Jornal das Oficinas\"},\"image\":{\"@id\":\"https:\\\/\\\/jornaldasoficinas.com\\\/pt\\\/#\\\/schema\\\/logo\\\/image\\\/\"},\"sameAs\":[\"https:\\\/\\\/www.facebook.com\\\/jornaloficinas\",\"https:\\\/\\\/x.com\\\/jornaloficinas\",\"https:\\\/\\\/www.instagram.com\\\/jornal_oficinas\\\/\",\"https:\\\/\\\/www.linkedin.com\\\/company\\\/jornal-das-oficinas\\\/\",\"https:\\\/\\\/www.youtube.com\\\/channel\\\/UCbQZBqtcvV-oSQrr7RzINGg\"]},{\"@type\":\"Person\",\"@id\":\"https:\\\/\\\/jornaldasoficinas.com\\\/pt\\\/#\\\/schema\\\/person\\\/a38eef5de2c41d9e7c9ac10141afddf3\",\"name\":\"Reda\u00e7\u00e3o JO\",\"image\":{\"@type\":\"ImageObject\",\"inLanguage\":\"pt-PT\",\"@id\":\"https:\\\/\\\/secure.gravatar.com\\\/avatar\\\/71f2fa71737ad68a84fea94bc708ddac8ea5b0c4788dc2ad202f3ccb2887742f?s=96&d=wp_user_avatar&r=g\",\"url\":\"https:\\\/\\\/secure.gravatar.com\\\/avatar\\\/71f2fa71737ad68a84fea94bc708ddac8ea5b0c4788dc2ad202f3ccb2887742f?s=96&d=wp_user_avatar&r=g\",\"contentUrl\":\"https:\\\/\\\/secure.gravatar.com\\\/avatar\\\/71f2fa71737ad68a84fea94bc708ddac8ea5b0c4788dc2ad202f3ccb2887742f?s=96&d=wp_user_avatar&r=g\",\"caption\":\"Reda\u00e7\u00e3o JO\"},\"url\":\"https:\\\/\\\/jornaldasoficinas.com\\\/pt\\\/author\\\/joredacao\\\/\"}]}<\/script>\n<!-- \/ Yoast SEO plugin. -->","yoast_head_json":{"title":"Tend\u00eancias da distribui\u00e7\u00e3o de pe\u00e7as: ventos de mudan\u00e7a - Jornal das Oficinas","robots":{"index":"index","follow":"follow","max-snippet":"max-snippet:-1","max-image-preview":"max-image-preview:large","max-video-preview":"max-video-preview:-1"},"canonical":"https:\/\/jornaldasoficinas.com\/pt\/tendencias-da-distribuicao-de-pecas-ventos-de-mudanca\/","og_locale":"pt_PT","og_type":"article","og_title":"Tend\u00eancias da distribui\u00e7\u00e3o de pe\u00e7as: ventos de mudan\u00e7a - Jornal das Oficinas","og_description":"O po\u0301s-venda esta\u0301 a viver tempos...","og_url":"https:\/\/jornaldasoficinas.com\/pt\/tendencias-da-distribuicao-de-pecas-ventos-de-mudanca\/","og_site_name":"Jornal das Oficinas","article_publisher":"https:\/\/www.facebook.com\/jornaloficinas","article_published_time":"2020-01-20T09:37:58+00:00","article_modified_time":"2020-01-20T09:38:53+00:00","og_image":[{"width":1024,"height":581,"url":"https:\/\/jornaldasoficinas.com\/pt\/wp-content\/uploads\/2020\/01\/mercadopecas.png","type":"image\/png"}],"author":"Reda\u00e7\u00e3o JO","twitter_card":"summary_large_image","twitter_creator":"@jornaloficinas","twitter_site":"@jornaloficinas","twitter_misc":{"Escrito por":"Reda\u00e7\u00e3o JO","Tempo estimado de leitura":"2 minutos"},"schema":{"@context":"https:\/\/schema.org","@graph":[{"@type":"Article","@id":"https:\/\/jornaldasoficinas.com\/pt\/tendencias-da-distribuicao-de-pecas-ventos-de-mudanca\/#article","isPartOf":{"@id":"https:\/\/jornaldasoficinas.com\/pt\/tendencias-da-distribuicao-de-pecas-ventos-de-mudanca\/"},"author":{"name":"Reda\u00e7\u00e3o JO","@id":"https:\/\/jornaldasoficinas.com\/pt\/#\/schema\/person\/a38eef5de2c41d9e7c9ac10141afddf3"},"headline":"Tend\u00eancias da distribui\u00e7\u00e3o de pe\u00e7as: ventos de mudan\u00e7a","datePublished":"2020-01-20T09:37:58+00:00","dateModified":"2020-01-20T09:38:53+00:00","mainEntityOfPage":{"@id":"https:\/\/jornaldasoficinas.com\/pt\/tendencias-da-distribuicao-de-pecas-ventos-de-mudanca\/"},"wordCount":450,"publisher":{"@id":"https:\/\/jornaldasoficinas.com\/pt\/#organization"},"image":{"@id":"https:\/\/jornaldasoficinas.com\/pt\/tendencias-da-distribuicao-de-pecas-ventos-de-mudanca\/#primaryimage"},"thumbnailUrl":"https:\/\/jornaldasoficinas.com\/pt\/wp-content\/uploads\/2020\/01\/mercadopecas.png","keywords":["Victoria del Corral"],"articleSection":["Mercado"],"inLanguage":"pt-PT"},{"@type":"WebPage","@id":"https:\/\/jornaldasoficinas.com\/pt\/tendencias-da-distribuicao-de-pecas-ventos-de-mudanca\/","url":"https:\/\/jornaldasoficinas.com\/pt\/tendencias-da-distribuicao-de-pecas-ventos-de-mudanca\/","name":"Tend\u00eancias da distribui\u00e7\u00e3o de pe\u00e7as: ventos de mudan\u00e7a - Jornal das Oficinas","isPartOf":{"@id":"https:\/\/jornaldasoficinas.com\/pt\/#website"},"primaryImageOfPage":{"@id":"https:\/\/jornaldasoficinas.com\/pt\/tendencias-da-distribuicao-de-pecas-ventos-de-mudanca\/#primaryimage"},"image":{"@id":"https:\/\/jornaldasoficinas.com\/pt\/tendencias-da-distribuicao-de-pecas-ventos-de-mudanca\/#primaryimage"},"thumbnailUrl":"https:\/\/jornaldasoficinas.com\/pt\/wp-content\/uploads\/2020\/01\/mercadopecas.png","datePublished":"2020-01-20T09:37:58+00:00","dateModified":"2020-01-20T09:38:53+00:00","breadcrumb":{"@id":"https:\/\/jornaldasoficinas.com\/pt\/tendencias-da-distribuicao-de-pecas-ventos-de-mudanca\/#breadcrumb"},"inLanguage":"pt-PT","potentialAction":[{"@type":"ReadAction","target":["https:\/\/jornaldasoficinas.com\/pt\/tendencias-da-distribuicao-de-pecas-ventos-de-mudanca\/"]}]},{"@type":"ImageObject","inLanguage":"pt-PT","@id":"https:\/\/jornaldasoficinas.com\/pt\/tendencias-da-distribuicao-de-pecas-ventos-de-mudanca\/#primaryimage","url":"https:\/\/jornaldasoficinas.com\/pt\/wp-content\/uploads\/2020\/01\/mercadopecas.png","contentUrl":"https:\/\/jornaldasoficinas.com\/pt\/wp-content\/uploads\/2020\/01\/mercadopecas.png","width":1024,"height":581,"caption":"01 - mercadopecas"},{"@type":"BreadcrumbList","@id":"https:\/\/jornaldasoficinas.com\/pt\/tendencias-da-distribuicao-de-pecas-ventos-de-mudanca\/#breadcrumb","itemListElement":[{"@type":"ListItem","position":1,"name":"In\u00edcio","item":"https:\/\/jornaldasoficinas.com\/pt\/"},{"@type":"ListItem","position":2,"name":"Tend\u00eancias da distribui\u00e7\u00e3o de pe\u00e7as: ventos de mudan\u00e7a"}]},{"@type":"WebSite","@id":"https:\/\/jornaldasoficinas.com\/pt\/#website","url":"https:\/\/jornaldasoficinas.com\/pt\/","name":"Jornal das Oficinas","description":"Jornal independente do Aftermarket Autom\u00f3vel em Portugal","publisher":{"@id":"https:\/\/jornaldasoficinas.com\/pt\/#organization"},"potentialAction":[{"@type":"SearchAction","target":{"@type":"EntryPoint","urlTemplate":"https:\/\/jornaldasoficinas.com\/pt\/?s={search_term_string}"},"query-input":{"@type":"PropertyValueSpecification","valueRequired":true,"valueName":"search_term_string"}}],"inLanguage":"pt-PT"},{"@type":"Organization","@id":"https:\/\/jornaldasoficinas.com\/pt\/#organization","name":"Jornal das Oficinas","url":"https:\/\/jornaldasoficinas.com\/pt\/","logo":{"@type":"ImageObject","inLanguage":"pt-PT","@id":"https:\/\/jornaldasoficinas.com\/pt\/#\/schema\/logo\/image\/","url":"https:\/\/jornaldasoficinas.com\/pt\/wp-content\/uploads\/logoJO-SEO.png","contentUrl":"https:\/\/jornaldasoficinas.com\/pt\/wp-content\/uploads\/logoJO-SEO.png","width":285,"height":450,"caption":"Jornal das Oficinas"},"image":{"@id":"https:\/\/jornaldasoficinas.com\/pt\/#\/schema\/logo\/image\/"},"sameAs":["https:\/\/www.facebook.com\/jornaloficinas","https:\/\/x.com\/jornaloficinas","https:\/\/www.instagram.com\/jornal_oficinas\/","https:\/\/www.linkedin.com\/company\/jornal-das-oficinas\/","https:\/\/www.youtube.com\/channel\/UCbQZBqtcvV-oSQrr7RzINGg"]},{"@type":"Person","@id":"https:\/\/jornaldasoficinas.com\/pt\/#\/schema\/person\/a38eef5de2c41d9e7c9ac10141afddf3","name":"Reda\u00e7\u00e3o JO","image":{"@type":"ImageObject","inLanguage":"pt-PT","@id":"https:\/\/secure.gravatar.com\/avatar\/71f2fa71737ad68a84fea94bc708ddac8ea5b0c4788dc2ad202f3ccb2887742f?s=96&d=wp_user_avatar&r=g","url":"https:\/\/secure.gravatar.com\/avatar\/71f2fa71737ad68a84fea94bc708ddac8ea5b0c4788dc2ad202f3ccb2887742f?s=96&d=wp_user_avatar&r=g","contentUrl":"https:\/\/secure.gravatar.com\/avatar\/71f2fa71737ad68a84fea94bc708ddac8ea5b0c4788dc2ad202f3ccb2887742f?s=96&d=wp_user_avatar&r=g","caption":"Reda\u00e7\u00e3o JO"},"url":"https:\/\/jornaldasoficinas.com\/pt\/author\/joredacao\/"}]}},"_links":{"self":[{"href":"https:\/\/jornaldasoficinas.com\/pt\/wp-json\/wp\/v2\/posts\/8735","targetHints":{"allow":["GET"]}}],"collection":[{"href":"https:\/\/jornaldasoficinas.com\/pt\/wp-json\/wp\/v2\/posts"}],"about":[{"href":"https:\/\/jornaldasoficinas.com\/pt\/wp-json\/wp\/v2\/types\/post"}],"author":[{"embeddable":true,"href":"https:\/\/jornaldasoficinas.com\/pt\/wp-json\/wp\/v2\/users\/15"}],"replies":[{"embeddable":true,"href":"https:\/\/jornaldasoficinas.com\/pt\/wp-json\/wp\/v2\/comments?post=8735"}],"version-history":[{"count":0,"href":"https:\/\/jornaldasoficinas.com\/pt\/wp-json\/wp\/v2\/posts\/8735\/revisions"}],"wp:featuredmedia":[{"embeddable":true,"href":"https:\/\/jornaldasoficinas.com\/pt\/wp-json\/wp\/v2\/media\/8733"}],"wp:attachment":[{"href":"https:\/\/jornaldasoficinas.com\/pt\/wp-json\/wp\/v2\/media?parent=8735"}],"wp:term":[{"taxonomy":"category","embeddable":true,"href":"https:\/\/jornaldasoficinas.com\/pt\/wp-json\/wp\/v2\/categories?post=8735"},{"taxonomy":"post_tag","embeddable":true,"href":"https:\/\/jornaldasoficinas.com\/pt\/wp-json\/wp\/v2\/tags?post=8735"}],"curies":[{"name":"wp","href":"https:\/\/api.w.org\/{rel}","templated":true}]}}