{"id":87713,"date":"2024-07-08T13:00:19","date_gmt":"2024-07-08T12:00:19","guid":{"rendered":"https:\/\/jornaldasoficinas.com\/pt\/?p=87713"},"modified":"2024-07-08T13:13:00","modified_gmt":"2024-07-08T12:13:00","slug":"global-one-automotive-homenageia-bilstein-group","status":"publish","type":"post","link":"https:\/\/jornaldasoficinas.com\/pt\/global-one-automotive-homenageia-bilstein-group\/","title":{"rendered":"global one automotive homenageia bilstein group"},"content":{"rendered":"<p><strong><img loading=\"lazy\" decoding=\"async\" class=\"alignnone size-full wp-image-87716\" src=\"https:\/\/jornaldasoficinas.com\/pt\/wp-content\/uploads\/2024\/07\/global-one-automotive-homenageia-bilstein-group.jpg\" alt=\"07 - global one automotive homenageia bilstein group\" width=\"1024\" height=\"581\" srcset=\"https:\/\/jornaldasoficinas.com\/pt\/wp-content\/uploads\/2024\/07\/global-one-automotive-homenageia-bilstein-group.jpg 1024w, https:\/\/jornaldasoficinas.com\/pt\/wp-content\/uploads\/2024\/07\/global-one-automotive-homenageia-bilstein-group-300x170.jpg 300w, https:\/\/jornaldasoficinas.com\/pt\/wp-content\/uploads\/2024\/07\/global-one-automotive-homenageia-bilstein-group-150x85.jpg 150w, https:\/\/jornaldasoficinas.com\/pt\/wp-content\/uploads\/2024\/07\/global-one-automotive-homenageia-bilstein-group-768x436.jpg 768w\" sizes=\"auto, (max-width: 1024px) 100vw, 1024px\" \/><\/strong><\/p>\n<p><strong>Durante uma visita a Ennepetal, na Alemanha, a <a href=\"https:\/\/global-one.com\/\" target=\"_blank\" rel=\"noopener\">global one automotive<\/a> distinguiu o <a href=\"https:\/\/bilsteingroup.com\/pt\/\" target=\"_blank\" rel=\"noopener\">bilstein group<\/a> com um pr\u00e9mio na categoria &#8220;Best Performance 2023&#8221;<\/strong><\/p>\n<p>No dia 1 de julho de 2024, o grupo internacional de compras, global one Automotive, visitou o bilstein group em Ennepetal, na Alemanha. Para al\u00e9m das conversa\u00e7\u00f5es sobre a coopera\u00e7\u00e3o atual e futura, houve tamb\u00e9m uma cerim\u00f3nia de entrega de pr\u00e9mios: a global one automotive homenageou o bilstein group com um pr\u00e9mio na categoria &#8220;Best Performance 2023&#8221;.<\/p>\n<p>O grupo de compras com sede em Bad Homburg apenas incluiu pr\u00e9mios em categorias como &#8220;Most Supportive Supplier&#8221; e &#8220;Most Sustainable Supplier&#8221; este ano. Com este pr\u00e9mio, reconheceu o enorme crescimento do bilstein group durante o ano passado.<\/p>\n<p>&#8220;O bilstein group foi um dos primeiros membros da global one automotive e crescemos bastante ao longo dos \u00faltimos anos. Estamos ainda mais satisfeitos com o pr\u00e9mio, tamb\u00e9m porque sabemos que a global one automotive homenageia apenas alguns fornecedores e esta \u00e9 a primeira vez&#8221;, afirmou Oliver Theis, Regional Sales Director Central Europe do bilstein group.<\/p>\n<p><strong>Coopera\u00e7\u00e3o para o Futuro<\/strong><\/p>\n<p>&#8220;A colabora\u00e7\u00e3o com grupos de compras como a global one automotive \u00e9 muito importante para n\u00f3s, tamb\u00e9m no que diz respeito ao futuro&#8221;, acrescentou Nicole Puschmann, Divisional Director Business Excellence do bilstein group. &#8220;\u00c9 muito positivo verificar que as coopera\u00e7\u00f5es valorizam igualmente este trabalho em equipa&#8221;, concluiu.<\/p>\n<p>No aftermarket independente, muitos fornecedores uniram for\u00e7as em grupos de compras internacionais. Estas redes oferecem \u00e0s empresas participantes uma plataforma para sinergias e desenvolvimento de neg\u00f3cios. Promovem ainda a implementa\u00e7\u00e3o de temas progressistas como a digitaliza\u00e7\u00e3o e a sustentabilidade.<\/p>\n<p>A global one automotive conta com 17 parceiros e opera atualmente em 22 pa\u00edses da Europa e do continente Americano. A global one automotive alcan\u00e7ou recentemente um volume de neg\u00f3cios de 35 mil milh\u00f5es de euros.<\/p>\n","protected":false},"excerpt":{"rendered":"<p>Durante uma visita a Ennepetal, na&#8230;<\/p>\n","protected":false},"author":15,"featured_media":87716,"comment_status":"closed","ping_status":"closed","sticky":false,"template":"","format":"standard","meta":{"footnotes":""},"categories":[29],"tags":[9807,1049,4789,7738,3988],"class_list":["post-87713","post","type-post","status-publish","format-standard","has-post-thumbnail","hentry","category-empresas","tag-best-performance-2023","tag-bilstein-group-2","tag-global-one-automotive","tag-homenagem","tag-premio"],"yoast_head":"<!-- This site is optimized with the Yoast SEO plugin v27.5 - https:\/\/yoast.com\/product\/yoast-seo-wordpress\/ -->\n<title>global one automotive homenageia bilstein group - Jornal das Oficinas<\/title>\n<meta name=\"description\" content=\"Durante uma visita a Ennepetal, a global one automotive distinguiu o bilstein group com um pr\u00e9mio na categoria &quot;Best Performance 2023&quot;\" \/>\n<meta name=\"robots\" content=\"index, follow, max-snippet:-1, max-image-preview:large, max-video-preview:-1\" \/>\n<link rel=\"canonical\" href=\"https:\/\/jornaldasoficinas.com\/pt\/global-one-automotive-homenageia-bilstein-group\/\" \/>\n<meta property=\"og:locale\" content=\"pt_PT\" \/>\n<meta property=\"og:type\" content=\"article\" \/>\n<meta property=\"og:title\" content=\"global one automotive homenageia bilstein group - Jornal das Oficinas\" \/>\n<meta property=\"og:description\" content=\"Durante uma visita a Ennepetal, a global one automotive distinguiu o bilstein group com um pr\u00e9mio na categoria &quot;Best Performance 2023&quot;\" \/>\n<meta property=\"og:url\" content=\"https:\/\/jornaldasoficinas.com\/pt\/global-one-automotive-homenageia-bilstein-group\/\" \/>\n<meta property=\"og:site_name\" content=\"Jornal das Oficinas\" \/>\n<meta property=\"article:publisher\" content=\"https:\/\/www.facebook.com\/jornaloficinas\" \/>\n<meta property=\"article:published_time\" content=\"2024-07-08T12:00:19+00:00\" \/>\n<meta property=\"article:modified_time\" content=\"2024-07-08T12:13:00+00:00\" \/>\n<meta property=\"og:image\" content=\"https:\/\/jornaldasoficinas.com\/pt\/wp-content\/uploads\/2024\/07\/global-one-automotive-homenageia-bilstein-group.jpg\" \/>\n\t<meta property=\"og:image:width\" content=\"1024\" \/>\n\t<meta property=\"og:image:height\" content=\"581\" \/>\n\t<meta property=\"og:image:type\" content=\"image\/jpeg\" \/>\n<meta name=\"author\" content=\"Reda\u00e7\u00e3o JO\" \/>\n<meta name=\"twitter:card\" content=\"summary_large_image\" \/>\n<meta name=\"twitter:creator\" content=\"@jornaloficinas\" \/>\n<meta name=\"twitter:site\" content=\"@jornaloficinas\" \/>\n<meta name=\"twitter:label1\" content=\"Escrito por\" \/>\n\t<meta name=\"twitter:data1\" content=\"Reda\u00e7\u00e3o JO\" \/>\n\t<meta name=\"twitter:label2\" content=\"Tempo estimado de leitura\" \/>\n\t<meta name=\"twitter:data2\" content=\"3 minutos\" \/>\n<script type=\"application\/ld+json\" class=\"yoast-schema-graph\">{\"@context\":\"https:\\\/\\\/schema.org\",\"@graph\":[{\"@type\":\"Article\",\"@id\":\"https:\\\/\\\/jornaldasoficinas.com\\\/pt\\\/global-one-automotive-homenageia-bilstein-group\\\/#article\",\"isPartOf\":{\"@id\":\"https:\\\/\\\/jornaldasoficinas.com\\\/pt\\\/global-one-automotive-homenageia-bilstein-group\\\/\"},\"author\":{\"name\":\"Reda\u00e7\u00e3o JO\",\"@id\":\"https:\\\/\\\/jornaldasoficinas.com\\\/pt\\\/#\\\/schema\\\/person\\\/a38eef5de2c41d9e7c9ac10141afddf3\"},\"headline\":\"global one automotive homenageia bilstein group\",\"datePublished\":\"2024-07-08T12:00:19+00:00\",\"dateModified\":\"2024-07-08T12:13:00+00:00\",\"mainEntityOfPage\":{\"@id\":\"https:\\\/\\\/jornaldasoficinas.com\\\/pt\\\/global-one-automotive-homenageia-bilstein-group\\\/\"},\"wordCount\":321,\"publisher\":{\"@id\":\"https:\\\/\\\/jornaldasoficinas.com\\\/pt\\\/#organization\"},\"image\":{\"@id\":\"https:\\\/\\\/jornaldasoficinas.com\\\/pt\\\/global-one-automotive-homenageia-bilstein-group\\\/#primaryimage\"},\"thumbnailUrl\":\"https:\\\/\\\/jornaldasoficinas.com\\\/pt\\\/wp-content\\\/uploads\\\/2024\\\/07\\\/global-one-automotive-homenageia-bilstein-group.jpg\",\"keywords\":[\"Best Performance 2023\",\"bilstein group\",\"Global One Automotive\",\"homenagem\",\"Pr\u00e9mio\"],\"articleSection\":[\"Empresas\"],\"inLanguage\":\"pt-PT\"},{\"@type\":\"WebPage\",\"@id\":\"https:\\\/\\\/jornaldasoficinas.com\\\/pt\\\/global-one-automotive-homenageia-bilstein-group\\\/\",\"url\":\"https:\\\/\\\/jornaldasoficinas.com\\\/pt\\\/global-one-automotive-homenageia-bilstein-group\\\/\",\"name\":\"global one automotive homenageia bilstein group - Jornal das Oficinas\",\"isPartOf\":{\"@id\":\"https:\\\/\\\/jornaldasoficinas.com\\\/pt\\\/#website\"},\"primaryImageOfPage\":{\"@id\":\"https:\\\/\\\/jornaldasoficinas.com\\\/pt\\\/global-one-automotive-homenageia-bilstein-group\\\/#primaryimage\"},\"image\":{\"@id\":\"https:\\\/\\\/jornaldasoficinas.com\\\/pt\\\/global-one-automotive-homenageia-bilstein-group\\\/#primaryimage\"},\"thumbnailUrl\":\"https:\\\/\\\/jornaldasoficinas.com\\\/pt\\\/wp-content\\\/uploads\\\/2024\\\/07\\\/global-one-automotive-homenageia-bilstein-group.jpg\",\"datePublished\":\"2024-07-08T12:00:19+00:00\",\"dateModified\":\"2024-07-08T12:13:00+00:00\",\"description\":\"Durante uma visita a Ennepetal, a global one automotive distinguiu o bilstein group com um pr\u00e9mio na categoria \\\"Best Performance 2023\\\"\",\"breadcrumb\":{\"@id\":\"https:\\\/\\\/jornaldasoficinas.com\\\/pt\\\/global-one-automotive-homenageia-bilstein-group\\\/#breadcrumb\"},\"inLanguage\":\"pt-PT\",\"potentialAction\":[{\"@type\":\"ReadAction\",\"target\":[\"https:\\\/\\\/jornaldasoficinas.com\\\/pt\\\/global-one-automotive-homenageia-bilstein-group\\\/\"]}]},{\"@type\":\"ImageObject\",\"inLanguage\":\"pt-PT\",\"@id\":\"https:\\\/\\\/jornaldasoficinas.com\\\/pt\\\/global-one-automotive-homenageia-bilstein-group\\\/#primaryimage\",\"url\":\"https:\\\/\\\/jornaldasoficinas.com\\\/pt\\\/wp-content\\\/uploads\\\/2024\\\/07\\\/global-one-automotive-homenageia-bilstein-group.jpg\",\"contentUrl\":\"https:\\\/\\\/jornaldasoficinas.com\\\/pt\\\/wp-content\\\/uploads\\\/2024\\\/07\\\/global-one-automotive-homenageia-bilstein-group.jpg\",\"width\":1024,\"height\":581,\"caption\":\"07 - global one automotive homenageia bilstein group\"},{\"@type\":\"BreadcrumbList\",\"@id\":\"https:\\\/\\\/jornaldasoficinas.com\\\/pt\\\/global-one-automotive-homenageia-bilstein-group\\\/#breadcrumb\",\"itemListElement\":[{\"@type\":\"ListItem\",\"position\":1,\"name\":\"In\u00edcio\",\"item\":\"https:\\\/\\\/jornaldasoficinas.com\\\/pt\\\/\"},{\"@type\":\"ListItem\",\"position\":2,\"name\":\"global one automotive homenageia bilstein group\"}]},{\"@type\":\"WebSite\",\"@id\":\"https:\\\/\\\/jornaldasoficinas.com\\\/pt\\\/#website\",\"url\":\"https:\\\/\\\/jornaldasoficinas.com\\\/pt\\\/\",\"name\":\"Jornal das Oficinas\",\"description\":\"Jornal independente do Aftermarket Autom\u00f3vel em Portugal\",\"publisher\":{\"@id\":\"https:\\\/\\\/jornaldasoficinas.com\\\/pt\\\/#organization\"},\"potentialAction\":[{\"@type\":\"SearchAction\",\"target\":{\"@type\":\"EntryPoint\",\"urlTemplate\":\"https:\\\/\\\/jornaldasoficinas.com\\\/pt\\\/?s={search_term_string}\"},\"query-input\":{\"@type\":\"PropertyValueSpecification\",\"valueRequired\":true,\"valueName\":\"search_term_string\"}}],\"inLanguage\":\"pt-PT\"},{\"@type\":\"Organization\",\"@id\":\"https:\\\/\\\/jornaldasoficinas.com\\\/pt\\\/#organization\",\"name\":\"Jornal das Oficinas\",\"url\":\"https:\\\/\\\/jornaldasoficinas.com\\\/pt\\\/\",\"logo\":{\"@type\":\"ImageObject\",\"inLanguage\":\"pt-PT\",\"@id\":\"https:\\\/\\\/jornaldasoficinas.com\\\/pt\\\/#\\\/schema\\\/logo\\\/image\\\/\",\"url\":\"https:\\\/\\\/jornaldasoficinas.com\\\/pt\\\/wp-content\\\/uploads\\\/logoJO-SEO.png\",\"contentUrl\":\"https:\\\/\\\/jornaldasoficinas.com\\\/pt\\\/wp-content\\\/uploads\\\/logoJO-SEO.png\",\"width\":285,\"height\":450,\"caption\":\"Jornal das Oficinas\"},\"image\":{\"@id\":\"https:\\\/\\\/jornaldasoficinas.com\\\/pt\\\/#\\\/schema\\\/logo\\\/image\\\/\"},\"sameAs\":[\"https:\\\/\\\/www.facebook.com\\\/jornaloficinas\",\"https:\\\/\\\/x.com\\\/jornaloficinas\",\"https:\\\/\\\/www.instagram.com\\\/jornal_oficinas\\\/\",\"https:\\\/\\\/www.linkedin.com\\\/company\\\/jornal-das-oficinas\\\/\",\"https:\\\/\\\/www.youtube.com\\\/channel\\\/UCbQZBqtcvV-oSQrr7RzINGg\"]},{\"@type\":\"Person\",\"@id\":\"https:\\\/\\\/jornaldasoficinas.com\\\/pt\\\/#\\\/schema\\\/person\\\/a38eef5de2c41d9e7c9ac10141afddf3\",\"name\":\"Reda\u00e7\u00e3o JO\",\"image\":{\"@type\":\"ImageObject\",\"inLanguage\":\"pt-PT\",\"@id\":\"https:\\\/\\\/secure.gravatar.com\\\/avatar\\\/71f2fa71737ad68a84fea94bc708ddac8ea5b0c4788dc2ad202f3ccb2887742f?s=96&d=wp_user_avatar&r=g\",\"url\":\"https:\\\/\\\/secure.gravatar.com\\\/avatar\\\/71f2fa71737ad68a84fea94bc708ddac8ea5b0c4788dc2ad202f3ccb2887742f?s=96&d=wp_user_avatar&r=g\",\"contentUrl\":\"https:\\\/\\\/secure.gravatar.com\\\/avatar\\\/71f2fa71737ad68a84fea94bc708ddac8ea5b0c4788dc2ad202f3ccb2887742f?s=96&d=wp_user_avatar&r=g\",\"caption\":\"Reda\u00e7\u00e3o JO\"},\"url\":\"https:\\\/\\\/jornaldasoficinas.com\\\/pt\\\/author\\\/joredacao\\\/\"}]}<\/script>\n<!-- \/ Yoast SEO plugin. -->","yoast_head_json":{"title":"global one automotive homenageia bilstein group - Jornal das Oficinas","description":"Durante uma visita a Ennepetal, a global one automotive distinguiu o bilstein group com um pr\u00e9mio na categoria \"Best Performance 2023\"","robots":{"index":"index","follow":"follow","max-snippet":"max-snippet:-1","max-image-preview":"max-image-preview:large","max-video-preview":"max-video-preview:-1"},"canonical":"https:\/\/jornaldasoficinas.com\/pt\/global-one-automotive-homenageia-bilstein-group\/","og_locale":"pt_PT","og_type":"article","og_title":"global one automotive homenageia bilstein group - Jornal das Oficinas","og_description":"Durante uma visita a Ennepetal, a global one automotive distinguiu o bilstein group com um pr\u00e9mio na categoria \"Best Performance 2023\"","og_url":"https:\/\/jornaldasoficinas.com\/pt\/global-one-automotive-homenageia-bilstein-group\/","og_site_name":"Jornal das Oficinas","article_publisher":"https:\/\/www.facebook.com\/jornaloficinas","article_published_time":"2024-07-08T12:00:19+00:00","article_modified_time":"2024-07-08T12:13:00+00:00","og_image":[{"width":1024,"height":581,"url":"https:\/\/jornaldasoficinas.com\/pt\/wp-content\/uploads\/2024\/07\/global-one-automotive-homenageia-bilstein-group.jpg","type":"image\/jpeg"}],"author":"Reda\u00e7\u00e3o JO","twitter_card":"summary_large_image","twitter_creator":"@jornaloficinas","twitter_site":"@jornaloficinas","twitter_misc":{"Escrito por":"Reda\u00e7\u00e3o JO","Tempo estimado de leitura":"3 minutos"},"schema":{"@context":"https:\/\/schema.org","@graph":[{"@type":"Article","@id":"https:\/\/jornaldasoficinas.com\/pt\/global-one-automotive-homenageia-bilstein-group\/#article","isPartOf":{"@id":"https:\/\/jornaldasoficinas.com\/pt\/global-one-automotive-homenageia-bilstein-group\/"},"author":{"name":"Reda\u00e7\u00e3o JO","@id":"https:\/\/jornaldasoficinas.com\/pt\/#\/schema\/person\/a38eef5de2c41d9e7c9ac10141afddf3"},"headline":"global one automotive homenageia bilstein group","datePublished":"2024-07-08T12:00:19+00:00","dateModified":"2024-07-08T12:13:00+00:00","mainEntityOfPage":{"@id":"https:\/\/jornaldasoficinas.com\/pt\/global-one-automotive-homenageia-bilstein-group\/"},"wordCount":321,"publisher":{"@id":"https:\/\/jornaldasoficinas.com\/pt\/#organization"},"image":{"@id":"https:\/\/jornaldasoficinas.com\/pt\/global-one-automotive-homenageia-bilstein-group\/#primaryimage"},"thumbnailUrl":"https:\/\/jornaldasoficinas.com\/pt\/wp-content\/uploads\/2024\/07\/global-one-automotive-homenageia-bilstein-group.jpg","keywords":["Best Performance 2023","bilstein group","Global One Automotive","homenagem","Pr\u00e9mio"],"articleSection":["Empresas"],"inLanguage":"pt-PT"},{"@type":"WebPage","@id":"https:\/\/jornaldasoficinas.com\/pt\/global-one-automotive-homenageia-bilstein-group\/","url":"https:\/\/jornaldasoficinas.com\/pt\/global-one-automotive-homenageia-bilstein-group\/","name":"global one automotive homenageia bilstein group - Jornal das Oficinas","isPartOf":{"@id":"https:\/\/jornaldasoficinas.com\/pt\/#website"},"primaryImageOfPage":{"@id":"https:\/\/jornaldasoficinas.com\/pt\/global-one-automotive-homenageia-bilstein-group\/#primaryimage"},"image":{"@id":"https:\/\/jornaldasoficinas.com\/pt\/global-one-automotive-homenageia-bilstein-group\/#primaryimage"},"thumbnailUrl":"https:\/\/jornaldasoficinas.com\/pt\/wp-content\/uploads\/2024\/07\/global-one-automotive-homenageia-bilstein-group.jpg","datePublished":"2024-07-08T12:00:19+00:00","dateModified":"2024-07-08T12:13:00+00:00","description":"Durante uma visita a Ennepetal, a global one automotive distinguiu o bilstein group com um pr\u00e9mio na categoria \"Best Performance 2023\"","breadcrumb":{"@id":"https:\/\/jornaldasoficinas.com\/pt\/global-one-automotive-homenageia-bilstein-group\/#breadcrumb"},"inLanguage":"pt-PT","potentialAction":[{"@type":"ReadAction","target":["https:\/\/jornaldasoficinas.com\/pt\/global-one-automotive-homenageia-bilstein-group\/"]}]},{"@type":"ImageObject","inLanguage":"pt-PT","@id":"https:\/\/jornaldasoficinas.com\/pt\/global-one-automotive-homenageia-bilstein-group\/#primaryimage","url":"https:\/\/jornaldasoficinas.com\/pt\/wp-content\/uploads\/2024\/07\/global-one-automotive-homenageia-bilstein-group.jpg","contentUrl":"https:\/\/jornaldasoficinas.com\/pt\/wp-content\/uploads\/2024\/07\/global-one-automotive-homenageia-bilstein-group.jpg","width":1024,"height":581,"caption":"07 - global one automotive homenageia bilstein group"},{"@type":"BreadcrumbList","@id":"https:\/\/jornaldasoficinas.com\/pt\/global-one-automotive-homenageia-bilstein-group\/#breadcrumb","itemListElement":[{"@type":"ListItem","position":1,"name":"In\u00edcio","item":"https:\/\/jornaldasoficinas.com\/pt\/"},{"@type":"ListItem","position":2,"name":"global one automotive homenageia bilstein group"}]},{"@type":"WebSite","@id":"https:\/\/jornaldasoficinas.com\/pt\/#website","url":"https:\/\/jornaldasoficinas.com\/pt\/","name":"Jornal das Oficinas","description":"Jornal independente do Aftermarket Autom\u00f3vel em Portugal","publisher":{"@id":"https:\/\/jornaldasoficinas.com\/pt\/#organization"},"potentialAction":[{"@type":"SearchAction","target":{"@type":"EntryPoint","urlTemplate":"https:\/\/jornaldasoficinas.com\/pt\/?s={search_term_string}"},"query-input":{"@type":"PropertyValueSpecification","valueRequired":true,"valueName":"search_term_string"}}],"inLanguage":"pt-PT"},{"@type":"Organization","@id":"https:\/\/jornaldasoficinas.com\/pt\/#organization","name":"Jornal das Oficinas","url":"https:\/\/jornaldasoficinas.com\/pt\/","logo":{"@type":"ImageObject","inLanguage":"pt-PT","@id":"https:\/\/jornaldasoficinas.com\/pt\/#\/schema\/logo\/image\/","url":"https:\/\/jornaldasoficinas.com\/pt\/wp-content\/uploads\/logoJO-SEO.png","contentUrl":"https:\/\/jornaldasoficinas.com\/pt\/wp-content\/uploads\/logoJO-SEO.png","width":285,"height":450,"caption":"Jornal das Oficinas"},"image":{"@id":"https:\/\/jornaldasoficinas.com\/pt\/#\/schema\/logo\/image\/"},"sameAs":["https:\/\/www.facebook.com\/jornaloficinas","https:\/\/x.com\/jornaloficinas","https:\/\/www.instagram.com\/jornal_oficinas\/","https:\/\/www.linkedin.com\/company\/jornal-das-oficinas\/","https:\/\/www.youtube.com\/channel\/UCbQZBqtcvV-oSQrr7RzINGg"]},{"@type":"Person","@id":"https:\/\/jornaldasoficinas.com\/pt\/#\/schema\/person\/a38eef5de2c41d9e7c9ac10141afddf3","name":"Reda\u00e7\u00e3o JO","image":{"@type":"ImageObject","inLanguage":"pt-PT","@id":"https:\/\/secure.gravatar.com\/avatar\/71f2fa71737ad68a84fea94bc708ddac8ea5b0c4788dc2ad202f3ccb2887742f?s=96&d=wp_user_avatar&r=g","url":"https:\/\/secure.gravatar.com\/avatar\/71f2fa71737ad68a84fea94bc708ddac8ea5b0c4788dc2ad202f3ccb2887742f?s=96&d=wp_user_avatar&r=g","contentUrl":"https:\/\/secure.gravatar.com\/avatar\/71f2fa71737ad68a84fea94bc708ddac8ea5b0c4788dc2ad202f3ccb2887742f?s=96&d=wp_user_avatar&r=g","caption":"Reda\u00e7\u00e3o JO"},"url":"https:\/\/jornaldasoficinas.com\/pt\/author\/joredacao\/"}]}},"_links":{"self":[{"href":"https:\/\/jornaldasoficinas.com\/pt\/wp-json\/wp\/v2\/posts\/87713","targetHints":{"allow":["GET"]}}],"collection":[{"href":"https:\/\/jornaldasoficinas.com\/pt\/wp-json\/wp\/v2\/posts"}],"about":[{"href":"https:\/\/jornaldasoficinas.com\/pt\/wp-json\/wp\/v2\/types\/post"}],"author":[{"embeddable":true,"href":"https:\/\/jornaldasoficinas.com\/pt\/wp-json\/wp\/v2\/users\/15"}],"replies":[{"embeddable":true,"href":"https:\/\/jornaldasoficinas.com\/pt\/wp-json\/wp\/v2\/comments?post=87713"}],"version-history":[{"count":0,"href":"https:\/\/jornaldasoficinas.com\/pt\/wp-json\/wp\/v2\/posts\/87713\/revisions"}],"wp:featuredmedia":[{"embeddable":true,"href":"https:\/\/jornaldasoficinas.com\/pt\/wp-json\/wp\/v2\/media\/87716"}],"wp:attachment":[{"href":"https:\/\/jornaldasoficinas.com\/pt\/wp-json\/wp\/v2\/media?parent=87713"}],"wp:term":[{"taxonomy":"category","embeddable":true,"href":"https:\/\/jornaldasoficinas.com\/pt\/wp-json\/wp\/v2\/categories?post=87713"},{"taxonomy":"post_tag","embeddable":true,"href":"https:\/\/jornaldasoficinas.com\/pt\/wp-json\/wp\/v2\/tags?post=87713"}],"curies":[{"name":"wp","href":"https:\/\/api.w.org\/{rel}","templated":true}]}}