{"id":87838,"date":"2024-07-10T18:00:05","date_gmt":"2024-07-10T17:00:05","guid":{"rendered":"https:\/\/jornaldasoficinas.com\/pt\/?p=87838"},"modified":"2024-07-10T13:01:34","modified_gmt":"2024-07-10T12:01:34","slug":"popularidade-de-ve-chineses-podera-afetar-mercado-de-usados","status":"publish","type":"post","link":"https:\/\/jornaldasoficinas.com\/pt\/popularidade-de-ve-chineses-podera-afetar-mercado-de-usados\/","title":{"rendered":"Popularidade de VE chineses poder\u00e1 afetar mercado de usados"},"content":{"rendered":"<p><strong><img loading=\"lazy\" decoding=\"async\" class=\"alignnone size-full wp-image-87842\" src=\"https:\/\/jornaldasoficinas.com\/pt\/wp-content\/uploads\/2024\/07\/Popularidade-de-VE-chineses-podera-afetar-mercado-de-usados.png\" alt=\"07 - Popularidade de VE chineses podera afetar mercado de usados\" width=\"1024\" height=\"581\" srcset=\"https:\/\/jornaldasoficinas.com\/pt\/wp-content\/uploads\/2024\/07\/Popularidade-de-VE-chineses-podera-afetar-mercado-de-usados.png 1024w, https:\/\/jornaldasoficinas.com\/pt\/wp-content\/uploads\/2024\/07\/Popularidade-de-VE-chineses-podera-afetar-mercado-de-usados-300x170.png 300w, https:\/\/jornaldasoficinas.com\/pt\/wp-content\/uploads\/2024\/07\/Popularidade-de-VE-chineses-podera-afetar-mercado-de-usados-150x85.png 150w, https:\/\/jornaldasoficinas.com\/pt\/wp-content\/uploads\/2024\/07\/Popularidade-de-VE-chineses-podera-afetar-mercado-de-usados-768x436.png 768w\" sizes=\"auto, (max-width: 1024px) 100vw, 1024px\" \/><\/strong><\/p>\n<p><strong>No final de junho, a <a href=\"https:\/\/commission.europa.eu\/index_pt\" target=\"_blank\" rel=\"noopener\">Comiss\u00e3o Europeia<\/a> decidiu aumentar os impostos de importa\u00e7\u00e3o sobre os ve\u00edculos chineses de 10% para 38,1%<\/strong><\/p>\n<p>Para muitas pessoas, os autom\u00f3veis chineses s\u00e3o ve\u00edculos quase &#8220;ex\u00f3ticos&#8221;, mas a verdade \u00e9 que j\u00e1 s\u00e3o bastante comuns em v\u00e1rios pa\u00edses europeus. O grande p\u00fablico ainda n\u00e3o est\u00e1 familiarizado com os fabricantes chineses, pelo que h\u00e1 v\u00e1rios mitos a circular a respeito destes ve\u00edculos.<\/p>\n<p>Segundo Matas Buzelis, especialista em autom\u00f3veis, da <a href=\"https:\/\/www.carvertical.com\/\" target=\"_blank\" rel=\"noopener\">carVertical<\/a> (empresa de dados do setor autom\u00f3vel), o afluxo de ve\u00edculos el\u00e9tricos chineses vai afetar o mercado de autom\u00f3veis em segunda m\u00e3o. Mas ser\u00e1 que os VE usados provenientes de fabricantes chineses encontrar\u00e3o compradores?<\/p>\n<p><strong>Os ve\u00edculos chineses podem vir a afetar o pre\u00e7o dos VE<\/strong><\/p>\n<p>Os ve\u00edculos el\u00e9tricos s\u00e3o mais caros do que os ve\u00edculos a gas\u00f3leo e a gasolina e, por isso, os fabricantes chineses de ve\u00edculos el\u00e9tricos oferecem alternativas mais acess\u00edveis ao mercado europeu. De acordo com o <a href=\"https:\/\/www.ft.com\/content\/8e4a9eb4-cd88-4625-a21b-6378d24c6dad\" target=\"_blank\" rel=\"noopener\">Financial Times<\/a>, a quota de mercado dos ve\u00edculos el\u00e9tricos chineses aumentou para 8% em 2023. No entanto, os peritos prev\u00eaem que, at\u00e9 2027, os VE chineses representar\u00e3o um quinto do mercado de ve\u00edculos el\u00e9tricos na UE.<\/p>\n<p>O pre\u00e7o n\u00e3o \u00e9 o principal fator a desencorajar os condutores de optarem por ve\u00edculos el\u00e9tricos. Nos pa\u00edses europeus, as infraestruturas de carregamento ainda est\u00e3o em desenvolvimento e muitos compradores veem a posse de um ve\u00edculo el\u00e9trico como um inconveniente.<\/p>\n<p>Segundo Buzelis, os novos VE chineses v\u00e3o ser mais baratos, se conquistarem uma quota de mercado significativa. No entanto, os fabricantes europeus j\u00e1 est\u00e3o a explorar formas de competir com as empresas chinesas, considerando oportunidades de colabora\u00e7\u00e3o at\u00e9 com empresas rivais.<\/p>\n<p><strong>Regras e Regulamenta\u00e7\u00f5es iguais<\/strong><\/p>\n<p>A decis\u00e3o da Comiss\u00e3o Europeia de aplicar taxas de importa\u00e7\u00e3o mais elevadas aos ve\u00edculos chineses dificulta o trabalho dos fabricantes chineses de el\u00e9tricos.<\/p>\n<p>Como os europeus querem proteger os seus pr\u00f3prios fabricantes e os que fabricam ve\u00edculos sem recorrer a recursos humanos injustos ou a materiais de origem duvidosa, a UE considera aumentar o imposto de 10 a 38,1 %, o que altera significativamente a acessibilidade econ\u00f3mica destes autom\u00f3veis. Os Estados Unidos, por outro lado, tributaram os autom\u00f3veis chineses com uma taxa de 100% de direitos de importa\u00e7\u00e3o.<\/p>\n<p>&#8220;Algumas empresas chinesas j\u00e1 est\u00e3o a investir na constru\u00e7\u00e3o de f\u00e1bricas na Europa \u2013 estes ve\u00edculos fabricados no continente europeu v\u00e3o evitar taxas de imposto mais elevadas. Mas isso \u00e9 exatamente o que deveria ter acontecido em primeiro lugar \u2013 igualar a concorr\u00eancia \u00e9 a coisa certa a fazer, e se as marcas chinesas se tornarem mais transparentes no fabrico de ve\u00edculos, ter\u00e3o toda a concorr\u00eancia que desejam&#8221;, explicou Matas Buzelis.<\/p>\n<p><strong>Com o tempo, os VE usados podem tornar-se mais baratos<\/strong><\/p>\n<p>A crescente concorr\u00eancia no mercado dos ve\u00edculos el\u00e9tricos vai beneficiar os compradores a longo prazo, j\u00e1 que dever\u00e1 fazer baixar os pre\u00e7os dos ve\u00edculos el\u00e9tricos. Quem procura autom\u00f3veis mais baratos pode come\u00e7ar a optar por ve\u00edculos el\u00e9tricos.<\/p>\n<p>&#8220;Com o aparecimento de novos ve\u00edculos el\u00e9tricos chineses, mais econ\u00f3micos, a procura de ve\u00edculos el\u00e9tricos usados pode ser comprometida em toda a Europa. Tal pode ser suficiente para que os seus pre\u00e7os des\u00e7am&#8221;, explicou.<\/p>\n<p>No entanto, a popularidade, as infraestruturas e o poder de compra dos ve\u00edculos el\u00e9tricos nos diferentes pa\u00edses europeus variam, pelo que os mercados podem reagir ao afluxo de ve\u00edculos chineses de formas diferentes.<\/p>\n<p><strong>Valor residual e fiabilidade question\u00e1veis<\/strong><\/p>\n<p>&#8220;Antes de comprar um ve\u00edculo el\u00e9trico chin\u00eas, \u00e9 importante considerar a sua r\u00e1pida desvaloriza\u00e7\u00e3o. Estes autom\u00f3veis podem ter menos procura no mercado de ve\u00edculos em segunda m\u00e3o, o que faz com que os seus pre\u00e7os des\u00e7am significativamente&#8221;, informou.<\/p>\n<p>&#8220;A r\u00e1pida desvaloriza\u00e7\u00e3o tem um grande impacto nos encargos mensais. As pessoas conhecem pouco os autom\u00f3veis chineses, sendo que a fiabilidade destes ve\u00edculos tamb\u00e9m \u00e9 question\u00e1vel. Ao que parece, os compradores at\u00e9 podem preferir VE chineses novos em detrimento de seminovos europeus, mas, no futuro, pode ser dif\u00edcil encontrar compradores para ve\u00edculos chineses usados&#8221;, partilhou.<\/p>\n<p>&#8220;A escassez de pe\u00e7as para ve\u00edculos invulgares tamb\u00e9m pode ser problem\u00e1tica para os condutores. No entanto, os fabricantes de autom\u00f3veis chineses j\u00e1 est\u00e3o a construir f\u00e1bricas na Europa, o que resolver\u00e1 esse problema. No entanto, tal tamb\u00e9m dever\u00e1 fazer aumentar os pre\u00e7os dos ve\u00edculos el\u00e9tricos chineses a longo prazo&#8221;, concluiu.<\/p>\n<p>&nbsp;<\/p>\n","protected":false},"excerpt":{"rendered":"<p>No final de junho, a Comiss\u00e3o&#8230;<\/p>\n","protected":false},"author":15,"featured_media":87842,"comment_status":"closed","ping_status":"closed","sticky":false,"template":"","format":"standard","meta":{"footnotes":""},"categories":[37],"tags":[6118,1655,9835,9836,8705,89],"class_list":["post-87838","post","type-post","status-publish","format-standard","has-post-thumbnail","hentry","category-mercado","tag-carvertical","tag-comissao-europeia","tag-impostos-de-importacao","tag-popularidade","tag-veiculos-chineses","tag-veiculos-eletricos"],"yoast_head":"<!-- This site is optimized with the Yoast SEO plugin v27.5 - https:\/\/yoast.com\/product\/yoast-seo-wordpress\/ -->\n<title>Popularidade de VE chineses poder\u00e1 afetar mercado de usados - Jornal das Oficinas<\/title>\n<meta name=\"description\" content=\"No final de junho, a Comiss\u00e3o Europeia decidiu aumentar os impostos de importa\u00e7\u00e3o sobre os ve\u00edculos chineses de 10% para 38,1%\" \/>\n<meta name=\"robots\" content=\"index, follow, max-snippet:-1, max-image-preview:large, max-video-preview:-1\" \/>\n<link rel=\"canonical\" href=\"https:\/\/jornaldasoficinas.com\/pt\/popularidade-de-ve-chineses-podera-afetar-mercado-de-usados\/\" \/>\n<meta property=\"og:locale\" content=\"pt_PT\" \/>\n<meta property=\"og:type\" content=\"article\" \/>\n<meta property=\"og:title\" content=\"Popularidade de VE chineses poder\u00e1 afetar mercado de usados - Jornal das Oficinas\" \/>\n<meta property=\"og:description\" content=\"No final de junho, a Comiss\u00e3o Europeia decidiu aumentar os impostos de importa\u00e7\u00e3o sobre os ve\u00edculos chineses de 10% para 38,1%\" \/>\n<meta property=\"og:url\" content=\"https:\/\/jornaldasoficinas.com\/pt\/popularidade-de-ve-chineses-podera-afetar-mercado-de-usados\/\" \/>\n<meta property=\"og:site_name\" content=\"Jornal das Oficinas\" \/>\n<meta property=\"article:publisher\" content=\"https:\/\/www.facebook.com\/jornaloficinas\" \/>\n<meta property=\"article:published_time\" content=\"2024-07-10T17:00:05+00:00\" \/>\n<meta property=\"og:image\" content=\"https:\/\/jornaldasoficinas.com\/pt\/wp-content\/uploads\/2024\/07\/Popularidade-de-VE-chineses-podera-afetar-mercado-de-usados.png\" \/>\n\t<meta property=\"og:image:width\" content=\"1024\" \/>\n\t<meta property=\"og:image:height\" content=\"581\" \/>\n\t<meta property=\"og:image:type\" content=\"image\/png\" \/>\n<meta name=\"author\" content=\"Reda\u00e7\u00e3o JO\" \/>\n<meta name=\"twitter:card\" content=\"summary_large_image\" \/>\n<meta name=\"twitter:creator\" content=\"@jornaloficinas\" \/>\n<meta name=\"twitter:site\" content=\"@jornaloficinas\" \/>\n<meta name=\"twitter:label1\" content=\"Escrito por\" \/>\n\t<meta name=\"twitter:data1\" content=\"Reda\u00e7\u00e3o JO\" \/>\n\t<meta name=\"twitter:label2\" content=\"Tempo estimado de leitura\" \/>\n\t<meta name=\"twitter:data2\" content=\"5 minutos\" \/>\n<script type=\"application\/ld+json\" class=\"yoast-schema-graph\">{\"@context\":\"https:\\\/\\\/schema.org\",\"@graph\":[{\"@type\":\"Article\",\"@id\":\"https:\\\/\\\/jornaldasoficinas.com\\\/pt\\\/popularidade-de-ve-chineses-podera-afetar-mercado-de-usados\\\/#article\",\"isPartOf\":{\"@id\":\"https:\\\/\\\/jornaldasoficinas.com\\\/pt\\\/popularidade-de-ve-chineses-podera-afetar-mercado-de-usados\\\/\"},\"author\":{\"name\":\"Reda\u00e7\u00e3o JO\",\"@id\":\"https:\\\/\\\/jornaldasoficinas.com\\\/pt\\\/#\\\/schema\\\/person\\\/a38eef5de2c41d9e7c9ac10141afddf3\"},\"headline\":\"Popularidade de VE chineses poder\u00e1 afetar mercado de usados\",\"datePublished\":\"2024-07-10T17:00:05+00:00\",\"mainEntityOfPage\":{\"@id\":\"https:\\\/\\\/jornaldasoficinas.com\\\/pt\\\/popularidade-de-ve-chineses-podera-afetar-mercado-de-usados\\\/\"},\"wordCount\":808,\"publisher\":{\"@id\":\"https:\\\/\\\/jornaldasoficinas.com\\\/pt\\\/#organization\"},\"image\":{\"@id\":\"https:\\\/\\\/jornaldasoficinas.com\\\/pt\\\/popularidade-de-ve-chineses-podera-afetar-mercado-de-usados\\\/#primaryimage\"},\"thumbnailUrl\":\"https:\\\/\\\/jornaldasoficinas.com\\\/pt\\\/wp-content\\\/uploads\\\/2024\\\/07\\\/Popularidade-de-VE-chineses-podera-afetar-mercado-de-usados.png\",\"keywords\":[\"carVertical\",\"Comiss\u00e3o Europeia\",\"impostos de importa\u00e7\u00e3o\",\"popularidade\",\"ve\u00edculos chineses\",\"Ve\u00edculos el\u00e9tricos\"],\"articleSection\":[\"Mercado\"],\"inLanguage\":\"pt-PT\"},{\"@type\":\"WebPage\",\"@id\":\"https:\\\/\\\/jornaldasoficinas.com\\\/pt\\\/popularidade-de-ve-chineses-podera-afetar-mercado-de-usados\\\/\",\"url\":\"https:\\\/\\\/jornaldasoficinas.com\\\/pt\\\/popularidade-de-ve-chineses-podera-afetar-mercado-de-usados\\\/\",\"name\":\"Popularidade de VE chineses poder\u00e1 afetar mercado de usados - Jornal das Oficinas\",\"isPartOf\":{\"@id\":\"https:\\\/\\\/jornaldasoficinas.com\\\/pt\\\/#website\"},\"primaryImageOfPage\":{\"@id\":\"https:\\\/\\\/jornaldasoficinas.com\\\/pt\\\/popularidade-de-ve-chineses-podera-afetar-mercado-de-usados\\\/#primaryimage\"},\"image\":{\"@id\":\"https:\\\/\\\/jornaldasoficinas.com\\\/pt\\\/popularidade-de-ve-chineses-podera-afetar-mercado-de-usados\\\/#primaryimage\"},\"thumbnailUrl\":\"https:\\\/\\\/jornaldasoficinas.com\\\/pt\\\/wp-content\\\/uploads\\\/2024\\\/07\\\/Popularidade-de-VE-chineses-podera-afetar-mercado-de-usados.png\",\"datePublished\":\"2024-07-10T17:00:05+00:00\",\"description\":\"No final de junho, a Comiss\u00e3o Europeia decidiu aumentar os impostos de importa\u00e7\u00e3o sobre os ve\u00edculos chineses de 10% para 38,1%\",\"breadcrumb\":{\"@id\":\"https:\\\/\\\/jornaldasoficinas.com\\\/pt\\\/popularidade-de-ve-chineses-podera-afetar-mercado-de-usados\\\/#breadcrumb\"},\"inLanguage\":\"pt-PT\",\"potentialAction\":[{\"@type\":\"ReadAction\",\"target\":[\"https:\\\/\\\/jornaldasoficinas.com\\\/pt\\\/popularidade-de-ve-chineses-podera-afetar-mercado-de-usados\\\/\"]}]},{\"@type\":\"ImageObject\",\"inLanguage\":\"pt-PT\",\"@id\":\"https:\\\/\\\/jornaldasoficinas.com\\\/pt\\\/popularidade-de-ve-chineses-podera-afetar-mercado-de-usados\\\/#primaryimage\",\"url\":\"https:\\\/\\\/jornaldasoficinas.com\\\/pt\\\/wp-content\\\/uploads\\\/2024\\\/07\\\/Popularidade-de-VE-chineses-podera-afetar-mercado-de-usados.png\",\"contentUrl\":\"https:\\\/\\\/jornaldasoficinas.com\\\/pt\\\/wp-content\\\/uploads\\\/2024\\\/07\\\/Popularidade-de-VE-chineses-podera-afetar-mercado-de-usados.png\",\"width\":1024,\"height\":581,\"caption\":\"07 - Popularidade de VE chineses podera afetar mercado de usados\"},{\"@type\":\"BreadcrumbList\",\"@id\":\"https:\\\/\\\/jornaldasoficinas.com\\\/pt\\\/popularidade-de-ve-chineses-podera-afetar-mercado-de-usados\\\/#breadcrumb\",\"itemListElement\":[{\"@type\":\"ListItem\",\"position\":1,\"name\":\"In\u00edcio\",\"item\":\"https:\\\/\\\/jornaldasoficinas.com\\\/pt\\\/\"},{\"@type\":\"ListItem\",\"position\":2,\"name\":\"Popularidade de VE chineses poder\u00e1 afetar mercado de usados\"}]},{\"@type\":\"WebSite\",\"@id\":\"https:\\\/\\\/jornaldasoficinas.com\\\/pt\\\/#website\",\"url\":\"https:\\\/\\\/jornaldasoficinas.com\\\/pt\\\/\",\"name\":\"Jornal das Oficinas\",\"description\":\"Jornal independente do Aftermarket Autom\u00f3vel em Portugal\",\"publisher\":{\"@id\":\"https:\\\/\\\/jornaldasoficinas.com\\\/pt\\\/#organization\"},\"potentialAction\":[{\"@type\":\"SearchAction\",\"target\":{\"@type\":\"EntryPoint\",\"urlTemplate\":\"https:\\\/\\\/jornaldasoficinas.com\\\/pt\\\/?s={search_term_string}\"},\"query-input\":{\"@type\":\"PropertyValueSpecification\",\"valueRequired\":true,\"valueName\":\"search_term_string\"}}],\"inLanguage\":\"pt-PT\"},{\"@type\":\"Organization\",\"@id\":\"https:\\\/\\\/jornaldasoficinas.com\\\/pt\\\/#organization\",\"name\":\"Jornal das Oficinas\",\"url\":\"https:\\\/\\\/jornaldasoficinas.com\\\/pt\\\/\",\"logo\":{\"@type\":\"ImageObject\",\"inLanguage\":\"pt-PT\",\"@id\":\"https:\\\/\\\/jornaldasoficinas.com\\\/pt\\\/#\\\/schema\\\/logo\\\/image\\\/\",\"url\":\"https:\\\/\\\/jornaldasoficinas.com\\\/pt\\\/wp-content\\\/uploads\\\/logoJO-SEO.png\",\"contentUrl\":\"https:\\\/\\\/jornaldasoficinas.com\\\/pt\\\/wp-content\\\/uploads\\\/logoJO-SEO.png\",\"width\":285,\"height\":450,\"caption\":\"Jornal das Oficinas\"},\"image\":{\"@id\":\"https:\\\/\\\/jornaldasoficinas.com\\\/pt\\\/#\\\/schema\\\/logo\\\/image\\\/\"},\"sameAs\":[\"https:\\\/\\\/www.facebook.com\\\/jornaloficinas\",\"https:\\\/\\\/x.com\\\/jornaloficinas\",\"https:\\\/\\\/www.instagram.com\\\/jornal_oficinas\\\/\",\"https:\\\/\\\/www.linkedin.com\\\/company\\\/jornal-das-oficinas\\\/\",\"https:\\\/\\\/www.youtube.com\\\/channel\\\/UCbQZBqtcvV-oSQrr7RzINGg\"]},{\"@type\":\"Person\",\"@id\":\"https:\\\/\\\/jornaldasoficinas.com\\\/pt\\\/#\\\/schema\\\/person\\\/a38eef5de2c41d9e7c9ac10141afddf3\",\"name\":\"Reda\u00e7\u00e3o JO\",\"image\":{\"@type\":\"ImageObject\",\"inLanguage\":\"pt-PT\",\"@id\":\"https:\\\/\\\/secure.gravatar.com\\\/avatar\\\/71f2fa71737ad68a84fea94bc708ddac8ea5b0c4788dc2ad202f3ccb2887742f?s=96&d=wp_user_avatar&r=g\",\"url\":\"https:\\\/\\\/secure.gravatar.com\\\/avatar\\\/71f2fa71737ad68a84fea94bc708ddac8ea5b0c4788dc2ad202f3ccb2887742f?s=96&d=wp_user_avatar&r=g\",\"contentUrl\":\"https:\\\/\\\/secure.gravatar.com\\\/avatar\\\/71f2fa71737ad68a84fea94bc708ddac8ea5b0c4788dc2ad202f3ccb2887742f?s=96&d=wp_user_avatar&r=g\",\"caption\":\"Reda\u00e7\u00e3o JO\"},\"url\":\"https:\\\/\\\/jornaldasoficinas.com\\\/pt\\\/author\\\/joredacao\\\/\"}]}<\/script>\n<!-- \/ Yoast SEO plugin. -->","yoast_head_json":{"title":"Popularidade de VE chineses poder\u00e1 afetar mercado de usados - Jornal das Oficinas","description":"No final de junho, a Comiss\u00e3o Europeia decidiu aumentar os impostos de importa\u00e7\u00e3o sobre os ve\u00edculos chineses de 10% para 38,1%","robots":{"index":"index","follow":"follow","max-snippet":"max-snippet:-1","max-image-preview":"max-image-preview:large","max-video-preview":"max-video-preview:-1"},"canonical":"https:\/\/jornaldasoficinas.com\/pt\/popularidade-de-ve-chineses-podera-afetar-mercado-de-usados\/","og_locale":"pt_PT","og_type":"article","og_title":"Popularidade de VE chineses poder\u00e1 afetar mercado de usados - Jornal das Oficinas","og_description":"No final de junho, a Comiss\u00e3o Europeia decidiu aumentar os impostos de importa\u00e7\u00e3o sobre os ve\u00edculos chineses de 10% para 38,1%","og_url":"https:\/\/jornaldasoficinas.com\/pt\/popularidade-de-ve-chineses-podera-afetar-mercado-de-usados\/","og_site_name":"Jornal das Oficinas","article_publisher":"https:\/\/www.facebook.com\/jornaloficinas","article_published_time":"2024-07-10T17:00:05+00:00","og_image":[{"width":1024,"height":581,"url":"https:\/\/jornaldasoficinas.com\/pt\/wp-content\/uploads\/2024\/07\/Popularidade-de-VE-chineses-podera-afetar-mercado-de-usados.png","type":"image\/png"}],"author":"Reda\u00e7\u00e3o JO","twitter_card":"summary_large_image","twitter_creator":"@jornaloficinas","twitter_site":"@jornaloficinas","twitter_misc":{"Escrito por":"Reda\u00e7\u00e3o JO","Tempo estimado de leitura":"5 minutos"},"schema":{"@context":"https:\/\/schema.org","@graph":[{"@type":"Article","@id":"https:\/\/jornaldasoficinas.com\/pt\/popularidade-de-ve-chineses-podera-afetar-mercado-de-usados\/#article","isPartOf":{"@id":"https:\/\/jornaldasoficinas.com\/pt\/popularidade-de-ve-chineses-podera-afetar-mercado-de-usados\/"},"author":{"name":"Reda\u00e7\u00e3o JO","@id":"https:\/\/jornaldasoficinas.com\/pt\/#\/schema\/person\/a38eef5de2c41d9e7c9ac10141afddf3"},"headline":"Popularidade de VE chineses poder\u00e1 afetar mercado de usados","datePublished":"2024-07-10T17:00:05+00:00","mainEntityOfPage":{"@id":"https:\/\/jornaldasoficinas.com\/pt\/popularidade-de-ve-chineses-podera-afetar-mercado-de-usados\/"},"wordCount":808,"publisher":{"@id":"https:\/\/jornaldasoficinas.com\/pt\/#organization"},"image":{"@id":"https:\/\/jornaldasoficinas.com\/pt\/popularidade-de-ve-chineses-podera-afetar-mercado-de-usados\/#primaryimage"},"thumbnailUrl":"https:\/\/jornaldasoficinas.com\/pt\/wp-content\/uploads\/2024\/07\/Popularidade-de-VE-chineses-podera-afetar-mercado-de-usados.png","keywords":["carVertical","Comiss\u00e3o Europeia","impostos de importa\u00e7\u00e3o","popularidade","ve\u00edculos chineses","Ve\u00edculos el\u00e9tricos"],"articleSection":["Mercado"],"inLanguage":"pt-PT"},{"@type":"WebPage","@id":"https:\/\/jornaldasoficinas.com\/pt\/popularidade-de-ve-chineses-podera-afetar-mercado-de-usados\/","url":"https:\/\/jornaldasoficinas.com\/pt\/popularidade-de-ve-chineses-podera-afetar-mercado-de-usados\/","name":"Popularidade de VE chineses poder\u00e1 afetar mercado de usados - Jornal das Oficinas","isPartOf":{"@id":"https:\/\/jornaldasoficinas.com\/pt\/#website"},"primaryImageOfPage":{"@id":"https:\/\/jornaldasoficinas.com\/pt\/popularidade-de-ve-chineses-podera-afetar-mercado-de-usados\/#primaryimage"},"image":{"@id":"https:\/\/jornaldasoficinas.com\/pt\/popularidade-de-ve-chineses-podera-afetar-mercado-de-usados\/#primaryimage"},"thumbnailUrl":"https:\/\/jornaldasoficinas.com\/pt\/wp-content\/uploads\/2024\/07\/Popularidade-de-VE-chineses-podera-afetar-mercado-de-usados.png","datePublished":"2024-07-10T17:00:05+00:00","description":"No final de junho, a Comiss\u00e3o Europeia decidiu aumentar os impostos de importa\u00e7\u00e3o sobre os ve\u00edculos chineses de 10% para 38,1%","breadcrumb":{"@id":"https:\/\/jornaldasoficinas.com\/pt\/popularidade-de-ve-chineses-podera-afetar-mercado-de-usados\/#breadcrumb"},"inLanguage":"pt-PT","potentialAction":[{"@type":"ReadAction","target":["https:\/\/jornaldasoficinas.com\/pt\/popularidade-de-ve-chineses-podera-afetar-mercado-de-usados\/"]}]},{"@type":"ImageObject","inLanguage":"pt-PT","@id":"https:\/\/jornaldasoficinas.com\/pt\/popularidade-de-ve-chineses-podera-afetar-mercado-de-usados\/#primaryimage","url":"https:\/\/jornaldasoficinas.com\/pt\/wp-content\/uploads\/2024\/07\/Popularidade-de-VE-chineses-podera-afetar-mercado-de-usados.png","contentUrl":"https:\/\/jornaldasoficinas.com\/pt\/wp-content\/uploads\/2024\/07\/Popularidade-de-VE-chineses-podera-afetar-mercado-de-usados.png","width":1024,"height":581,"caption":"07 - Popularidade de VE chineses podera afetar mercado de usados"},{"@type":"BreadcrumbList","@id":"https:\/\/jornaldasoficinas.com\/pt\/popularidade-de-ve-chineses-podera-afetar-mercado-de-usados\/#breadcrumb","itemListElement":[{"@type":"ListItem","position":1,"name":"In\u00edcio","item":"https:\/\/jornaldasoficinas.com\/pt\/"},{"@type":"ListItem","position":2,"name":"Popularidade de VE chineses poder\u00e1 afetar mercado de usados"}]},{"@type":"WebSite","@id":"https:\/\/jornaldasoficinas.com\/pt\/#website","url":"https:\/\/jornaldasoficinas.com\/pt\/","name":"Jornal das Oficinas","description":"Jornal independente do Aftermarket Autom\u00f3vel em Portugal","publisher":{"@id":"https:\/\/jornaldasoficinas.com\/pt\/#organization"},"potentialAction":[{"@type":"SearchAction","target":{"@type":"EntryPoint","urlTemplate":"https:\/\/jornaldasoficinas.com\/pt\/?s={search_term_string}"},"query-input":{"@type":"PropertyValueSpecification","valueRequired":true,"valueName":"search_term_string"}}],"inLanguage":"pt-PT"},{"@type":"Organization","@id":"https:\/\/jornaldasoficinas.com\/pt\/#organization","name":"Jornal das Oficinas","url":"https:\/\/jornaldasoficinas.com\/pt\/","logo":{"@type":"ImageObject","inLanguage":"pt-PT","@id":"https:\/\/jornaldasoficinas.com\/pt\/#\/schema\/logo\/image\/","url":"https:\/\/jornaldasoficinas.com\/pt\/wp-content\/uploads\/logoJO-SEO.png","contentUrl":"https:\/\/jornaldasoficinas.com\/pt\/wp-content\/uploads\/logoJO-SEO.png","width":285,"height":450,"caption":"Jornal das Oficinas"},"image":{"@id":"https:\/\/jornaldasoficinas.com\/pt\/#\/schema\/logo\/image\/"},"sameAs":["https:\/\/www.facebook.com\/jornaloficinas","https:\/\/x.com\/jornaloficinas","https:\/\/www.instagram.com\/jornal_oficinas\/","https:\/\/www.linkedin.com\/company\/jornal-das-oficinas\/","https:\/\/www.youtube.com\/channel\/UCbQZBqtcvV-oSQrr7RzINGg"]},{"@type":"Person","@id":"https:\/\/jornaldasoficinas.com\/pt\/#\/schema\/person\/a38eef5de2c41d9e7c9ac10141afddf3","name":"Reda\u00e7\u00e3o JO","image":{"@type":"ImageObject","inLanguage":"pt-PT","@id":"https:\/\/secure.gravatar.com\/avatar\/71f2fa71737ad68a84fea94bc708ddac8ea5b0c4788dc2ad202f3ccb2887742f?s=96&d=wp_user_avatar&r=g","url":"https:\/\/secure.gravatar.com\/avatar\/71f2fa71737ad68a84fea94bc708ddac8ea5b0c4788dc2ad202f3ccb2887742f?s=96&d=wp_user_avatar&r=g","contentUrl":"https:\/\/secure.gravatar.com\/avatar\/71f2fa71737ad68a84fea94bc708ddac8ea5b0c4788dc2ad202f3ccb2887742f?s=96&d=wp_user_avatar&r=g","caption":"Reda\u00e7\u00e3o JO"},"url":"https:\/\/jornaldasoficinas.com\/pt\/author\/joredacao\/"}]}},"_links":{"self":[{"href":"https:\/\/jornaldasoficinas.com\/pt\/wp-json\/wp\/v2\/posts\/87838","targetHints":{"allow":["GET"]}}],"collection":[{"href":"https:\/\/jornaldasoficinas.com\/pt\/wp-json\/wp\/v2\/posts"}],"about":[{"href":"https:\/\/jornaldasoficinas.com\/pt\/wp-json\/wp\/v2\/types\/post"}],"author":[{"embeddable":true,"href":"https:\/\/jornaldasoficinas.com\/pt\/wp-json\/wp\/v2\/users\/15"}],"replies":[{"embeddable":true,"href":"https:\/\/jornaldasoficinas.com\/pt\/wp-json\/wp\/v2\/comments?post=87838"}],"version-history":[{"count":0,"href":"https:\/\/jornaldasoficinas.com\/pt\/wp-json\/wp\/v2\/posts\/87838\/revisions"}],"wp:featuredmedia":[{"embeddable":true,"href":"https:\/\/jornaldasoficinas.com\/pt\/wp-json\/wp\/v2\/media\/87842"}],"wp:attachment":[{"href":"https:\/\/jornaldasoficinas.com\/pt\/wp-json\/wp\/v2\/media?parent=87838"}],"wp:term":[{"taxonomy":"category","embeddable":true,"href":"https:\/\/jornaldasoficinas.com\/pt\/wp-json\/wp\/v2\/categories?post=87838"},{"taxonomy":"post_tag","embeddable":true,"href":"https:\/\/jornaldasoficinas.com\/pt\/wp-json\/wp\/v2\/tags?post=87838"}],"curies":[{"name":"wp","href":"https:\/\/api.w.org\/{rel}","templated":true}]}}