{"id":87960,"date":"2024-07-14T21:00:21","date_gmt":"2024-07-14T20:00:21","guid":{"rendered":"https:\/\/jornaldasoficinas.com\/pt\/?p=87960"},"modified":"2024-07-12T14:40:00","modified_gmt":"2024-07-12T13:40:00","slug":"um-dos-nossos-trunfos-e-o-servico-juan-domingo-munoz-nissens","status":"publish","type":"post","link":"https:\/\/jornaldasoficinas.com\/pt\/um-dos-nossos-trunfos-e-o-servico-juan-domingo-munoz-nissens\/","title":{"rendered":"&#8220;Um dos nossos trunfos \u00e9 o servi\u00e7o&#8221;, Juan Domingo Mu\u00f1oz, Nissens"},"content":{"rendered":"<p><img loading=\"lazy\" decoding=\"async\" class=\"alignnone size-full wp-image-87955\" src=\"https:\/\/jornaldasoficinas.com\/pt\/wp-content\/uploads\/2024\/07\/juan_domingo_nissens.jpeg\" alt=\"07 - juan_domingo_nissens\" width=\"1024\" height=\"581\" srcset=\"https:\/\/jornaldasoficinas.com\/pt\/wp-content\/uploads\/2024\/07\/juan_domingo_nissens.jpeg 1024w, https:\/\/jornaldasoficinas.com\/pt\/wp-content\/uploads\/2024\/07\/juan_domingo_nissens-300x170.jpeg 300w, https:\/\/jornaldasoficinas.com\/pt\/wp-content\/uploads\/2024\/07\/juan_domingo_nissens-150x85.jpeg 150w, https:\/\/jornaldasoficinas.com\/pt\/wp-content\/uploads\/2024\/07\/juan_domingo_nissens-768x436.jpeg 768w\" sizes=\"auto, (max-width: 1024px) 100vw, 1024px\" \/><\/p>\n<p><strong>A <a href=\"https:\/\/nissens.com\/\" target=\"_blank\" rel=\"noopener\">Nissens<\/a> \u00e9 l\u00edder mundial no fabrico de componentes t\u00e9rmicos para autom\u00f3veis, e est\u00e1 presente em Portugal h\u00e1 mais de 20 anos. No in\u00edcio, o mercado portugu\u00eas n\u00e3o tinha um respons\u00e1vel direto, sendo gerido diretamente pela sede da Nissens, na Dinamarca, mas desde 2021 que a Nissens Iberia \u00e9 respons\u00e1vel pela sua distribui\u00e7\u00e3o no nosso pa\u00eds. Com a integra\u00e7\u00e3o de Juan Domingo Mu\u00f1oz, a empresa pretende consolidar e expandir o neg\u00f3cio no mercado Ib\u00e9rico<\/strong><\/p>\n<p>Com a cria\u00e7\u00e3o da Nissens Iberia, os mercados espanhol e portugu\u00eas (que eram geridos diretamente a partir da Dinamarca) foram agrupados, criando uma estrutura ib\u00e9rica. Por outro lado, passou a haver um \u00fanico interlocutor, independentemente da \u00e1rea de responsabilidade. \u201c\u00c9 verdade que tivemos de otimizar o departamento comercial, tendo eu assumido diretamente o mercado portugu\u00eas e contando em Espanha com uma equipa t\u00e9cnico-comercial de tr\u00eas pessoas, com dois vendedores puros, Mikel Ruiz e Jos\u00e9 Manuel Panelli, o primeiro respons\u00e1vel pela zona norte e o outro pela zona sul, e depois um t\u00e9cnico, Andr\u00e9s Santana, respons\u00e1vel pela forma\u00e7\u00e3o e apoio t\u00e9cnico. Tenho uma equipa de treze pessoas, suficiente para o momento. A evolu\u00e7\u00e3o positiva das vendas prova-o\u201d.<\/p>\n<p>A Nissens Iberia possui dois armaz\u00e9ns em Espanha, um em Sarago\u00e7a, onde est\u00e3o os escrit\u00f3rios administrativos e outro em Sevilha, que d\u00e1 suporte ao sul de Espanha.<\/p>\n<p>A n\u00edvel europeu, a marca tem um armaz\u00e9m na Dinamarca e outro na Pol\u00f3nia, com uma \u00e1rea de 65.000 m2 e que abastece os clientes do Leste da Europa. A AVA Cooling, outra marca do grupo, tem todo o stock centralizado no armaz\u00e9m da Pol\u00f3nia. Os produtos s\u00e3o todos desenvolvidos nos centros de I&amp;D da marca e produzidos em f\u00e1bricas espalhadas pelo globo, nomeadamente na Dinamarca, Ch\u00e9quia e \u00c1sia. Neste aspeto, gostaria de sublinhar a import\u00e2ncia do nosso departamento de Engenharia e I&amp;D. Para al\u00e9m de exigirmos os mais elevados n\u00edveis de qualidade na produ\u00e7\u00e3o das nossas f\u00e1bricas, realizamos uma s\u00e9rie de testes de materiais, t\u00e9rmicos, de desempenho e de durabilidade (incluindo testes em ve\u00edculos) que garantem o perfeito funcionamento dos nossos produtos.<\/p>\n<p><strong>Foco na refrigera\u00e7\u00e3o e climatiza\u00e7\u00e3o<\/strong><br \/>\nA Nissens possui tr\u00eas grandes linhas de produto: arrefecimento do motor, ar condicionado, e desempenho do motor e emiss\u00f5es. Na linha de arrefecimento do motor, os produtos principais s\u00e3o os radiadores. Na linha de ar condicionado, em termos de volume, s\u00e3o os compressores e, no caso da linha do motor e emiss\u00f5es, s\u00e3o os turbos. Tamb\u00e9m comercializa estes produtos para ve\u00edculos pesados, disponibilizando uma gama de mais de 700 pe\u00e7as de qualidade premium, desenvolvidas para sistemas de refrigera\u00e7\u00e3o de motores de cami\u00f5es, controlo clim\u00e1tico e efici\u00eancia de motores.<\/p>\n<p>Os produtos da Nissens atendem aos modelos de cami\u00f5es mais populares, incluindo muitos com aplica\u00e7\u00f5es da norma Euro 6. Com mais de um s\u00e9culo de experi\u00eancia em projeto e fabrico de pe\u00e7as de reposi\u00e7\u00e3o, a marca orgulha-se do seu padr\u00e3o de qualidade, que pretende garantir uma f\u00e1cil instala\u00e7\u00e3o do produto, excelente desempenho e opera\u00e7\u00e3o confi\u00e1vel.<\/p>\n<p>Todo o programa do grupo Nissens inclui mais de 15.000 SKU em 15 linhas de pe\u00e7as. Juan Domingo Mu\u00f1oz afirma que a cobertura do mercado europeu de ve\u00edculos atinge 95% em algumas linhas de produtos \u201cTodos os dias, a rede log\u00edstica da Nissens assegura uma distribui\u00e7\u00e3o eficiente em mais de 20 pa\u00edses, proporcionando 95% de disponibilidade de produtos.<\/p>\n<p>O grupo distribui anualmente cerca de 4 milh\u00f5es de pe\u00e7as em todo o mundo. Gra\u00e7as a este excelente registo, a Nissens Iberia passou de uma empresa local de venda de radiadores a um fornecedor regional l\u00edder de solu\u00e7\u00f5es e servi\u00e7os completos no mercado de pe\u00e7as sobresselentes para autom\u00f3veis. A entidade proporciona acesso \u00e0 oferta abrangente da Nissens a mais de 300 clientes em Espanha, Portugal e recentemente na regi\u00e3o da Am\u00e9rica Latina (LATAM).<\/p>\n<p>Leia a entrevista completa na edi\u00e7\u00e3o impressa do Jornal das Oficinas de junho\/julho.<\/p>\n","protected":false},"excerpt":{"rendered":"<p>A Nissens \u00e9 l\u00edder mundial no&#8230;<\/p>\n","protected":false},"author":15,"featured_media":87955,"comment_status":"closed","ping_status":"closed","sticky":false,"template":"","format":"standard","meta":{"footnotes":""},"categories":[38],"tags":[329,9863,9862,856,660],"class_list":["post-87960","post","type-post","status-publish","format-standard","has-post-thumbnail","hentry","category-entrevistas","tag-climatizacao","tag-componentes-termicos","tag-juan-domingo-munoz","tag-nissens","tag-refrigeracao"],"yoast_head":"<!-- This site is optimized with the Yoast SEO plugin v27.5 - https:\/\/yoast.com\/product\/yoast-seo-wordpress\/ -->\n<title>&quot;Um dos nossos trunfos \u00e9 o servi\u00e7o&quot;, Juan Domingo Mu\u00f1oz, Nissens - Jornal das Oficinas<\/title>\n<meta name=\"description\" content=\"A Nissens \u00e9 l\u00edder mundial no fabrico de componentes t\u00e9rmicos para autom\u00f3veis, e est\u00e1 presente em Portugal h\u00e1 mais de 20 anos\" \/>\n<meta name=\"robots\" content=\"index, follow, max-snippet:-1, max-image-preview:large, max-video-preview:-1\" \/>\n<link rel=\"canonical\" href=\"https:\/\/jornaldasoficinas.com\/pt\/um-dos-nossos-trunfos-e-o-servico-juan-domingo-munoz-nissens\/\" \/>\n<meta property=\"og:locale\" content=\"pt_PT\" \/>\n<meta property=\"og:type\" content=\"article\" \/>\n<meta property=\"og:title\" content=\"&quot;Um dos nossos trunfos \u00e9 o servi\u00e7o&quot;, Juan Domingo Mu\u00f1oz, Nissens - Jornal das Oficinas\" \/>\n<meta property=\"og:description\" content=\"A Nissens \u00e9 l\u00edder mundial no fabrico de componentes t\u00e9rmicos para autom\u00f3veis, e est\u00e1 presente em Portugal h\u00e1 mais de 20 anos\" \/>\n<meta property=\"og:url\" content=\"https:\/\/jornaldasoficinas.com\/pt\/um-dos-nossos-trunfos-e-o-servico-juan-domingo-munoz-nissens\/\" \/>\n<meta property=\"og:site_name\" content=\"Jornal das Oficinas\" \/>\n<meta property=\"article:publisher\" content=\"https:\/\/www.facebook.com\/jornaloficinas\" \/>\n<meta property=\"article:published_time\" content=\"2024-07-14T20:00:21+00:00\" \/>\n<meta property=\"og:image\" content=\"https:\/\/jornaldasoficinas.com\/pt\/wp-content\/uploads\/2024\/07\/juan_domingo_nissens.jpeg\" \/>\n\t<meta property=\"og:image:width\" content=\"1024\" \/>\n\t<meta property=\"og:image:height\" content=\"581\" \/>\n\t<meta property=\"og:image:type\" content=\"image\/jpeg\" \/>\n<meta name=\"author\" content=\"Reda\u00e7\u00e3o JO\" \/>\n<meta name=\"twitter:card\" content=\"summary_large_image\" \/>\n<meta name=\"twitter:creator\" content=\"@jornaloficinas\" \/>\n<meta name=\"twitter:site\" content=\"@jornaloficinas\" \/>\n<meta name=\"twitter:label1\" content=\"Escrito por\" \/>\n\t<meta name=\"twitter:data1\" content=\"Reda\u00e7\u00e3o JO\" \/>\n\t<meta name=\"twitter:label2\" content=\"Tempo estimado de leitura\" \/>\n\t<meta name=\"twitter:data2\" content=\"4 minutos\" \/>\n<script type=\"application\/ld+json\" class=\"yoast-schema-graph\">{\"@context\":\"https:\\\/\\\/schema.org\",\"@graph\":[{\"@type\":\"Article\",\"@id\":\"https:\\\/\\\/jornaldasoficinas.com\\\/pt\\\/um-dos-nossos-trunfos-e-o-servico-juan-domingo-munoz-nissens\\\/#article\",\"isPartOf\":{\"@id\":\"https:\\\/\\\/jornaldasoficinas.com\\\/pt\\\/um-dos-nossos-trunfos-e-o-servico-juan-domingo-munoz-nissens\\\/\"},\"author\":{\"name\":\"Reda\u00e7\u00e3o JO\",\"@id\":\"https:\\\/\\\/jornaldasoficinas.com\\\/pt\\\/#\\\/schema\\\/person\\\/a38eef5de2c41d9e7c9ac10141afddf3\"},\"headline\":\"&#8220;Um dos nossos trunfos \u00e9 o servi\u00e7o&#8221;, Juan Domingo Mu\u00f1oz, Nissens\",\"datePublished\":\"2024-07-14T20:00:21+00:00\",\"mainEntityOfPage\":{\"@id\":\"https:\\\/\\\/jornaldasoficinas.com\\\/pt\\\/um-dos-nossos-trunfos-e-o-servico-juan-domingo-munoz-nissens\\\/\"},\"wordCount\":723,\"publisher\":{\"@id\":\"https:\\\/\\\/jornaldasoficinas.com\\\/pt\\\/#organization\"},\"image\":{\"@id\":\"https:\\\/\\\/jornaldasoficinas.com\\\/pt\\\/um-dos-nossos-trunfos-e-o-servico-juan-domingo-munoz-nissens\\\/#primaryimage\"},\"thumbnailUrl\":\"https:\\\/\\\/jornaldasoficinas.com\\\/pt\\\/wp-content\\\/uploads\\\/2024\\\/07\\\/juan_domingo_nissens.jpeg\",\"keywords\":[\"Climatiza\u00e7\u00e3o\",\"componentes t\u00e9rmicos\",\"Juan Domingo Mu\u00f1oz\",\"Nissens\",\"refrigera\u00e7\u00e3o\"],\"articleSection\":[\"Entrevistas\"],\"inLanguage\":\"pt-PT\"},{\"@type\":\"WebPage\",\"@id\":\"https:\\\/\\\/jornaldasoficinas.com\\\/pt\\\/um-dos-nossos-trunfos-e-o-servico-juan-domingo-munoz-nissens\\\/\",\"url\":\"https:\\\/\\\/jornaldasoficinas.com\\\/pt\\\/um-dos-nossos-trunfos-e-o-servico-juan-domingo-munoz-nissens\\\/\",\"name\":\"\\\"Um dos nossos trunfos \u00e9 o servi\u00e7o\\\", Juan Domingo Mu\u00f1oz, Nissens - Jornal das Oficinas\",\"isPartOf\":{\"@id\":\"https:\\\/\\\/jornaldasoficinas.com\\\/pt\\\/#website\"},\"primaryImageOfPage\":{\"@id\":\"https:\\\/\\\/jornaldasoficinas.com\\\/pt\\\/um-dos-nossos-trunfos-e-o-servico-juan-domingo-munoz-nissens\\\/#primaryimage\"},\"image\":{\"@id\":\"https:\\\/\\\/jornaldasoficinas.com\\\/pt\\\/um-dos-nossos-trunfos-e-o-servico-juan-domingo-munoz-nissens\\\/#primaryimage\"},\"thumbnailUrl\":\"https:\\\/\\\/jornaldasoficinas.com\\\/pt\\\/wp-content\\\/uploads\\\/2024\\\/07\\\/juan_domingo_nissens.jpeg\",\"datePublished\":\"2024-07-14T20:00:21+00:00\",\"description\":\"A Nissens \u00e9 l\u00edder mundial no fabrico de componentes t\u00e9rmicos para autom\u00f3veis, e est\u00e1 presente em Portugal h\u00e1 mais de 20 anos\",\"breadcrumb\":{\"@id\":\"https:\\\/\\\/jornaldasoficinas.com\\\/pt\\\/um-dos-nossos-trunfos-e-o-servico-juan-domingo-munoz-nissens\\\/#breadcrumb\"},\"inLanguage\":\"pt-PT\",\"potentialAction\":[{\"@type\":\"ReadAction\",\"target\":[\"https:\\\/\\\/jornaldasoficinas.com\\\/pt\\\/um-dos-nossos-trunfos-e-o-servico-juan-domingo-munoz-nissens\\\/\"]}]},{\"@type\":\"ImageObject\",\"inLanguage\":\"pt-PT\",\"@id\":\"https:\\\/\\\/jornaldasoficinas.com\\\/pt\\\/um-dos-nossos-trunfos-e-o-servico-juan-domingo-munoz-nissens\\\/#primaryimage\",\"url\":\"https:\\\/\\\/jornaldasoficinas.com\\\/pt\\\/wp-content\\\/uploads\\\/2024\\\/07\\\/juan_domingo_nissens.jpeg\",\"contentUrl\":\"https:\\\/\\\/jornaldasoficinas.com\\\/pt\\\/wp-content\\\/uploads\\\/2024\\\/07\\\/juan_domingo_nissens.jpeg\",\"width\":1024,\"height\":581,\"caption\":\"07 - juan_domingo_nissens\"},{\"@type\":\"BreadcrumbList\",\"@id\":\"https:\\\/\\\/jornaldasoficinas.com\\\/pt\\\/um-dos-nossos-trunfos-e-o-servico-juan-domingo-munoz-nissens\\\/#breadcrumb\",\"itemListElement\":[{\"@type\":\"ListItem\",\"position\":1,\"name\":\"In\u00edcio\",\"item\":\"https:\\\/\\\/jornaldasoficinas.com\\\/pt\\\/\"},{\"@type\":\"ListItem\",\"position\":2,\"name\":\"&#8220;Um dos nossos trunfos \u00e9 o servi\u00e7o&#8221;, Juan Domingo Mu\u00f1oz, Nissens\"}]},{\"@type\":\"WebSite\",\"@id\":\"https:\\\/\\\/jornaldasoficinas.com\\\/pt\\\/#website\",\"url\":\"https:\\\/\\\/jornaldasoficinas.com\\\/pt\\\/\",\"name\":\"Jornal das Oficinas\",\"description\":\"Jornal independente do Aftermarket Autom\u00f3vel em Portugal\",\"publisher\":{\"@id\":\"https:\\\/\\\/jornaldasoficinas.com\\\/pt\\\/#organization\"},\"potentialAction\":[{\"@type\":\"SearchAction\",\"target\":{\"@type\":\"EntryPoint\",\"urlTemplate\":\"https:\\\/\\\/jornaldasoficinas.com\\\/pt\\\/?s={search_term_string}\"},\"query-input\":{\"@type\":\"PropertyValueSpecification\",\"valueRequired\":true,\"valueName\":\"search_term_string\"}}],\"inLanguage\":\"pt-PT\"},{\"@type\":\"Organization\",\"@id\":\"https:\\\/\\\/jornaldasoficinas.com\\\/pt\\\/#organization\",\"name\":\"Jornal das Oficinas\",\"url\":\"https:\\\/\\\/jornaldasoficinas.com\\\/pt\\\/\",\"logo\":{\"@type\":\"ImageObject\",\"inLanguage\":\"pt-PT\",\"@id\":\"https:\\\/\\\/jornaldasoficinas.com\\\/pt\\\/#\\\/schema\\\/logo\\\/image\\\/\",\"url\":\"https:\\\/\\\/jornaldasoficinas.com\\\/pt\\\/wp-content\\\/uploads\\\/logoJO-SEO.png\",\"contentUrl\":\"https:\\\/\\\/jornaldasoficinas.com\\\/pt\\\/wp-content\\\/uploads\\\/logoJO-SEO.png\",\"width\":285,\"height\":450,\"caption\":\"Jornal das Oficinas\"},\"image\":{\"@id\":\"https:\\\/\\\/jornaldasoficinas.com\\\/pt\\\/#\\\/schema\\\/logo\\\/image\\\/\"},\"sameAs\":[\"https:\\\/\\\/www.facebook.com\\\/jornaloficinas\",\"https:\\\/\\\/x.com\\\/jornaloficinas\",\"https:\\\/\\\/www.instagram.com\\\/jornal_oficinas\\\/\",\"https:\\\/\\\/www.linkedin.com\\\/company\\\/jornal-das-oficinas\\\/\",\"https:\\\/\\\/www.youtube.com\\\/channel\\\/UCbQZBqtcvV-oSQrr7RzINGg\"]},{\"@type\":\"Person\",\"@id\":\"https:\\\/\\\/jornaldasoficinas.com\\\/pt\\\/#\\\/schema\\\/person\\\/a38eef5de2c41d9e7c9ac10141afddf3\",\"name\":\"Reda\u00e7\u00e3o JO\",\"image\":{\"@type\":\"ImageObject\",\"inLanguage\":\"pt-PT\",\"@id\":\"https:\\\/\\\/secure.gravatar.com\\\/avatar\\\/71f2fa71737ad68a84fea94bc708ddac8ea5b0c4788dc2ad202f3ccb2887742f?s=96&d=wp_user_avatar&r=g\",\"url\":\"https:\\\/\\\/secure.gravatar.com\\\/avatar\\\/71f2fa71737ad68a84fea94bc708ddac8ea5b0c4788dc2ad202f3ccb2887742f?s=96&d=wp_user_avatar&r=g\",\"contentUrl\":\"https:\\\/\\\/secure.gravatar.com\\\/avatar\\\/71f2fa71737ad68a84fea94bc708ddac8ea5b0c4788dc2ad202f3ccb2887742f?s=96&d=wp_user_avatar&r=g\",\"caption\":\"Reda\u00e7\u00e3o JO\"},\"url\":\"https:\\\/\\\/jornaldasoficinas.com\\\/pt\\\/author\\\/joredacao\\\/\"}]}<\/script>\n<!-- \/ Yoast SEO plugin. -->","yoast_head_json":{"title":"\"Um dos nossos trunfos \u00e9 o servi\u00e7o\", Juan Domingo Mu\u00f1oz, Nissens - Jornal das Oficinas","description":"A Nissens \u00e9 l\u00edder mundial no fabrico de componentes t\u00e9rmicos para autom\u00f3veis, e est\u00e1 presente em Portugal h\u00e1 mais de 20 anos","robots":{"index":"index","follow":"follow","max-snippet":"max-snippet:-1","max-image-preview":"max-image-preview:large","max-video-preview":"max-video-preview:-1"},"canonical":"https:\/\/jornaldasoficinas.com\/pt\/um-dos-nossos-trunfos-e-o-servico-juan-domingo-munoz-nissens\/","og_locale":"pt_PT","og_type":"article","og_title":"\"Um dos nossos trunfos \u00e9 o servi\u00e7o\", Juan Domingo Mu\u00f1oz, Nissens - Jornal das Oficinas","og_description":"A Nissens \u00e9 l\u00edder mundial no fabrico de componentes t\u00e9rmicos para autom\u00f3veis, e est\u00e1 presente em Portugal h\u00e1 mais de 20 anos","og_url":"https:\/\/jornaldasoficinas.com\/pt\/um-dos-nossos-trunfos-e-o-servico-juan-domingo-munoz-nissens\/","og_site_name":"Jornal das Oficinas","article_publisher":"https:\/\/www.facebook.com\/jornaloficinas","article_published_time":"2024-07-14T20:00:21+00:00","og_image":[{"width":1024,"height":581,"url":"https:\/\/jornaldasoficinas.com\/pt\/wp-content\/uploads\/2024\/07\/juan_domingo_nissens.jpeg","type":"image\/jpeg"}],"author":"Reda\u00e7\u00e3o JO","twitter_card":"summary_large_image","twitter_creator":"@jornaloficinas","twitter_site":"@jornaloficinas","twitter_misc":{"Escrito por":"Reda\u00e7\u00e3o JO","Tempo estimado de leitura":"4 minutos"},"schema":{"@context":"https:\/\/schema.org","@graph":[{"@type":"Article","@id":"https:\/\/jornaldasoficinas.com\/pt\/um-dos-nossos-trunfos-e-o-servico-juan-domingo-munoz-nissens\/#article","isPartOf":{"@id":"https:\/\/jornaldasoficinas.com\/pt\/um-dos-nossos-trunfos-e-o-servico-juan-domingo-munoz-nissens\/"},"author":{"name":"Reda\u00e7\u00e3o JO","@id":"https:\/\/jornaldasoficinas.com\/pt\/#\/schema\/person\/a38eef5de2c41d9e7c9ac10141afddf3"},"headline":"&#8220;Um dos nossos trunfos \u00e9 o servi\u00e7o&#8221;, Juan Domingo Mu\u00f1oz, Nissens","datePublished":"2024-07-14T20:00:21+00:00","mainEntityOfPage":{"@id":"https:\/\/jornaldasoficinas.com\/pt\/um-dos-nossos-trunfos-e-o-servico-juan-domingo-munoz-nissens\/"},"wordCount":723,"publisher":{"@id":"https:\/\/jornaldasoficinas.com\/pt\/#organization"},"image":{"@id":"https:\/\/jornaldasoficinas.com\/pt\/um-dos-nossos-trunfos-e-o-servico-juan-domingo-munoz-nissens\/#primaryimage"},"thumbnailUrl":"https:\/\/jornaldasoficinas.com\/pt\/wp-content\/uploads\/2024\/07\/juan_domingo_nissens.jpeg","keywords":["Climatiza\u00e7\u00e3o","componentes t\u00e9rmicos","Juan Domingo Mu\u00f1oz","Nissens","refrigera\u00e7\u00e3o"],"articleSection":["Entrevistas"],"inLanguage":"pt-PT"},{"@type":"WebPage","@id":"https:\/\/jornaldasoficinas.com\/pt\/um-dos-nossos-trunfos-e-o-servico-juan-domingo-munoz-nissens\/","url":"https:\/\/jornaldasoficinas.com\/pt\/um-dos-nossos-trunfos-e-o-servico-juan-domingo-munoz-nissens\/","name":"\"Um dos nossos trunfos \u00e9 o servi\u00e7o\", Juan Domingo Mu\u00f1oz, Nissens - Jornal das Oficinas","isPartOf":{"@id":"https:\/\/jornaldasoficinas.com\/pt\/#website"},"primaryImageOfPage":{"@id":"https:\/\/jornaldasoficinas.com\/pt\/um-dos-nossos-trunfos-e-o-servico-juan-domingo-munoz-nissens\/#primaryimage"},"image":{"@id":"https:\/\/jornaldasoficinas.com\/pt\/um-dos-nossos-trunfos-e-o-servico-juan-domingo-munoz-nissens\/#primaryimage"},"thumbnailUrl":"https:\/\/jornaldasoficinas.com\/pt\/wp-content\/uploads\/2024\/07\/juan_domingo_nissens.jpeg","datePublished":"2024-07-14T20:00:21+00:00","description":"A Nissens \u00e9 l\u00edder mundial no fabrico de componentes t\u00e9rmicos para autom\u00f3veis, e est\u00e1 presente em Portugal h\u00e1 mais de 20 anos","breadcrumb":{"@id":"https:\/\/jornaldasoficinas.com\/pt\/um-dos-nossos-trunfos-e-o-servico-juan-domingo-munoz-nissens\/#breadcrumb"},"inLanguage":"pt-PT","potentialAction":[{"@type":"ReadAction","target":["https:\/\/jornaldasoficinas.com\/pt\/um-dos-nossos-trunfos-e-o-servico-juan-domingo-munoz-nissens\/"]}]},{"@type":"ImageObject","inLanguage":"pt-PT","@id":"https:\/\/jornaldasoficinas.com\/pt\/um-dos-nossos-trunfos-e-o-servico-juan-domingo-munoz-nissens\/#primaryimage","url":"https:\/\/jornaldasoficinas.com\/pt\/wp-content\/uploads\/2024\/07\/juan_domingo_nissens.jpeg","contentUrl":"https:\/\/jornaldasoficinas.com\/pt\/wp-content\/uploads\/2024\/07\/juan_domingo_nissens.jpeg","width":1024,"height":581,"caption":"07 - juan_domingo_nissens"},{"@type":"BreadcrumbList","@id":"https:\/\/jornaldasoficinas.com\/pt\/um-dos-nossos-trunfos-e-o-servico-juan-domingo-munoz-nissens\/#breadcrumb","itemListElement":[{"@type":"ListItem","position":1,"name":"In\u00edcio","item":"https:\/\/jornaldasoficinas.com\/pt\/"},{"@type":"ListItem","position":2,"name":"&#8220;Um dos nossos trunfos \u00e9 o servi\u00e7o&#8221;, Juan Domingo Mu\u00f1oz, Nissens"}]},{"@type":"WebSite","@id":"https:\/\/jornaldasoficinas.com\/pt\/#website","url":"https:\/\/jornaldasoficinas.com\/pt\/","name":"Jornal das Oficinas","description":"Jornal independente do Aftermarket Autom\u00f3vel em Portugal","publisher":{"@id":"https:\/\/jornaldasoficinas.com\/pt\/#organization"},"potentialAction":[{"@type":"SearchAction","target":{"@type":"EntryPoint","urlTemplate":"https:\/\/jornaldasoficinas.com\/pt\/?s={search_term_string}"},"query-input":{"@type":"PropertyValueSpecification","valueRequired":true,"valueName":"search_term_string"}}],"inLanguage":"pt-PT"},{"@type":"Organization","@id":"https:\/\/jornaldasoficinas.com\/pt\/#organization","name":"Jornal das Oficinas","url":"https:\/\/jornaldasoficinas.com\/pt\/","logo":{"@type":"ImageObject","inLanguage":"pt-PT","@id":"https:\/\/jornaldasoficinas.com\/pt\/#\/schema\/logo\/image\/","url":"https:\/\/jornaldasoficinas.com\/pt\/wp-content\/uploads\/logoJO-SEO.png","contentUrl":"https:\/\/jornaldasoficinas.com\/pt\/wp-content\/uploads\/logoJO-SEO.png","width":285,"height":450,"caption":"Jornal das Oficinas"},"image":{"@id":"https:\/\/jornaldasoficinas.com\/pt\/#\/schema\/logo\/image\/"},"sameAs":["https:\/\/www.facebook.com\/jornaloficinas","https:\/\/x.com\/jornaloficinas","https:\/\/www.instagram.com\/jornal_oficinas\/","https:\/\/www.linkedin.com\/company\/jornal-das-oficinas\/","https:\/\/www.youtube.com\/channel\/UCbQZBqtcvV-oSQrr7RzINGg"]},{"@type":"Person","@id":"https:\/\/jornaldasoficinas.com\/pt\/#\/schema\/person\/a38eef5de2c41d9e7c9ac10141afddf3","name":"Reda\u00e7\u00e3o JO","image":{"@type":"ImageObject","inLanguage":"pt-PT","@id":"https:\/\/secure.gravatar.com\/avatar\/71f2fa71737ad68a84fea94bc708ddac8ea5b0c4788dc2ad202f3ccb2887742f?s=96&d=wp_user_avatar&r=g","url":"https:\/\/secure.gravatar.com\/avatar\/71f2fa71737ad68a84fea94bc708ddac8ea5b0c4788dc2ad202f3ccb2887742f?s=96&d=wp_user_avatar&r=g","contentUrl":"https:\/\/secure.gravatar.com\/avatar\/71f2fa71737ad68a84fea94bc708ddac8ea5b0c4788dc2ad202f3ccb2887742f?s=96&d=wp_user_avatar&r=g","caption":"Reda\u00e7\u00e3o JO"},"url":"https:\/\/jornaldasoficinas.com\/pt\/author\/joredacao\/"}]}},"_links":{"self":[{"href":"https:\/\/jornaldasoficinas.com\/pt\/wp-json\/wp\/v2\/posts\/87960","targetHints":{"allow":["GET"]}}],"collection":[{"href":"https:\/\/jornaldasoficinas.com\/pt\/wp-json\/wp\/v2\/posts"}],"about":[{"href":"https:\/\/jornaldasoficinas.com\/pt\/wp-json\/wp\/v2\/types\/post"}],"author":[{"embeddable":true,"href":"https:\/\/jornaldasoficinas.com\/pt\/wp-json\/wp\/v2\/users\/15"}],"replies":[{"embeddable":true,"href":"https:\/\/jornaldasoficinas.com\/pt\/wp-json\/wp\/v2\/comments?post=87960"}],"version-history":[{"count":0,"href":"https:\/\/jornaldasoficinas.com\/pt\/wp-json\/wp\/v2\/posts\/87960\/revisions"}],"wp:featuredmedia":[{"embeddable":true,"href":"https:\/\/jornaldasoficinas.com\/pt\/wp-json\/wp\/v2\/media\/87955"}],"wp:attachment":[{"href":"https:\/\/jornaldasoficinas.com\/pt\/wp-json\/wp\/v2\/media?parent=87960"}],"wp:term":[{"taxonomy":"category","embeddable":true,"href":"https:\/\/jornaldasoficinas.com\/pt\/wp-json\/wp\/v2\/categories?post=87960"},{"taxonomy":"post_tag","embeddable":true,"href":"https:\/\/jornaldasoficinas.com\/pt\/wp-json\/wp\/v2\/tags?post=87960"}],"curies":[{"name":"wp","href":"https:\/\/api.w.org\/{rel}","templated":true}]}}