{"id":88447,"date":"2024-07-23T14:00:22","date_gmt":"2024-07-23T13:00:22","guid":{"rendered":"https:\/\/jornaldasoficinas.com\/pt\/?p=88447"},"modified":"2024-07-23T10:42:24","modified_gmt":"2024-07-23T09:42:24","slug":"critical-techworks-organiza-novo-debate-sobre-mobilidade-eletrica","status":"publish","type":"post","link":"https:\/\/jornaldasoficinas.com\/pt\/critical-techworks-organiza-novo-debate-sobre-mobilidade-eletrica\/","title":{"rendered":"Critical TechWorks organiza novo debate sobre mobilidade el\u00e9trica"},"content":{"rendered":"<p><strong><img loading=\"lazy\" decoding=\"async\" class=\"alignnone size-full wp-image-88450\" src=\"https:\/\/jornaldasoficinas.com\/pt\/wp-content\/uploads\/2024\/07\/Critical-TechWorks-organiza-novo-debate-sobre-mobilidade-eletrica.jpg\" alt=\"07 - Critical TechWorks organiza novo debate sobre mobilidade eletrica\" width=\"1024\" height=\"581\" srcset=\"https:\/\/jornaldasoficinas.com\/pt\/wp-content\/uploads\/2024\/07\/Critical-TechWorks-organiza-novo-debate-sobre-mobilidade-eletrica.jpg 1024w, https:\/\/jornaldasoficinas.com\/pt\/wp-content\/uploads\/2024\/07\/Critical-TechWorks-organiza-novo-debate-sobre-mobilidade-eletrica-300x170.jpg 300w, https:\/\/jornaldasoficinas.com\/pt\/wp-content\/uploads\/2024\/07\/Critical-TechWorks-organiza-novo-debate-sobre-mobilidade-eletrica-150x85.jpg 150w, https:\/\/jornaldasoficinas.com\/pt\/wp-content\/uploads\/2024\/07\/Critical-TechWorks-organiza-novo-debate-sobre-mobilidade-eletrica-768x436.jpg 768w\" sizes=\"auto, (max-width: 1024px) 100vw, 1024px\" \/><\/strong><\/p>\n<p><strong>Experi\u00eancia do utilizador, gest\u00e3o de informa\u00e7\u00e3o e a necessidade de adapta\u00e7\u00e3o de infraestruturas foram os temas centrais da 2\u00aa edi\u00e7\u00e3o da CTW Talks, organizada pela tecnol\u00f3gica <a href=\"https:\/\/www.criticaltechworks.com\/\" target=\"_blank\" rel=\"noopener\">Critical TechWorks<\/a><\/strong><\/p>\n<p>O impacto da eletrifica\u00e7\u00e3o das cidades nos transportes, as redes de carregamento el\u00e9trico e a adapta\u00e7\u00e3o das infraestruturas ao paradigma da mobilidade el\u00e9trica foram os principais pilares discutidos, em Braga, na segunda edi\u00e7\u00e3o das CTW Talks.<\/p>\n<p>\u00c0 Critical TechWorks juntaram-se os Transportes Urbanos de Braga (TUB), a EDP e o Grupo Brisa\/Via Verde. Esta iniciativa, que teve assim a sua segunda edi\u00e7\u00e3o e lugar nos escrit\u00f3rios bracarenses da tecnol\u00f3gica portuguesa, colocou o holofote na evolu\u00e7\u00e3o da mobilidade el\u00e9trica e nos principais desafios a serem ultrapassados para a sua completa integra\u00e7\u00e3o nas nossas cidades e quotidiano.<\/p>\n<p>Juntaram-se \u00e0 conversa com Pedro Vieira da Silva, Chief Technical Titan na Critical TechWorks: Jo\u00e3o Marques, Diretor do Departamento de Engenharia e Equipamentos dos TUB; Gon\u00e7alo Castelo Branco, Diretor de Mobilidade Inteligente na EDP Comercial; e ainda Jo\u00e3o Oliveira, Administrador da Via Verde. Uma das principais conclus\u00f5es firmou-se \u00e0 volta da rela\u00e7\u00e3o da tecnologia com as redes de carregamento, a experi\u00eancia do utilizador e a sua relev\u00e2ncia para o sucesso na ado\u00e7\u00e3o de ve\u00edculos el\u00e9tricos \u2013 desde a facilidade do acesso a mais postos de carregamento a um ecossistema de mobilidade melhor conectado, que priorize uma gest\u00e3o de informa\u00e7\u00e3o otimizada e uma utiliza\u00e7\u00e3o mais eficiente de energia.<\/p>\n<p>A reflex\u00e3o introdut\u00f3ria passou por um estado-da-arte sobre a mobilidade el\u00e9trica, dando uma perspetiva sobre como esta tem vindo a evoluir e onde estamos hoje. Para o orador da Critical TechWorks Pedro Vieira da Silva, &#8220;esta n\u00e3o \u00e9 uma resposta f\u00e1cil. O estado atual \u00e9 dif\u00edcil de definir porque \u00e9 uma das \u00e1reas em maior evolu\u00e7\u00e3o e tem novidades quase di\u00e1rias, com todos os fabricantes a investir e a tentar trazer novos produtos e solu\u00e7\u00f5es. Ainda assim, fundamentalmente existem tr\u00eas grandes \u00e1reas onde a mobilidade el\u00e9trica est\u00e1 a ser afetada: a legisla\u00e7\u00e3o, o comportamento dos consumidores e a vontade de se mover para o el\u00e9trico, e o avan\u00e7o da tecnologia dos pontos de vista da experi\u00eancia de condu\u00e7\u00e3o&#8221;.<\/p>\n<p>De seguida, Jo\u00e3o Marques, dos Transportes Urbanos de Braga, explorou como as cidades est\u00e3o cada vez mais eletrificadas e qual o impacto desta transi\u00e7\u00e3o a n\u00edvel dos transportes e planeamento urbano. Na sua vis\u00e3o, &#8220;a Uni\u00e3o Europeia est\u00e1 com metas claras e ambiciosas para a redu\u00e7\u00e3o dr\u00e1stica de gases com efeito estufa, e o setor dos transportes p\u00fablicos tem um papel important\u00edssimo. Contamos j\u00e1 com 43 viaturas el\u00e9tricas de um total de 160, e a nossa mobilidade el\u00e9trica j\u00e1 representa mais de 30% dos quil\u00f3metros totais; isto s\u00e3o praticamente 2 milh\u00f5es de litros n\u00e3o consumidos e respetivas emiss\u00f5es de gases de estufa desde o in\u00edcio da opera\u00e7\u00e3o el\u00e9trica. Os TUB t\u00eam como objetivo que 90% da frota e da quilometragem sejam limpas at\u00e9 2030: este \u00e9 um caminho que temos tra\u00e7ado e com objetivos e investimentos planeados, \u00e9 uma aposta muito forte e para manter&#8221;.<\/p>\n<p>O segundo tema focal da tarde recaiu sobre infraestruturas de carregamento e os principais desafios na cria\u00e7\u00e3o desta rede. Na sua interven\u00e7\u00e3o, Gon\u00e7alo Castelo Branco da EDP Comercial afirmou que &#8220;o tema do carregamento surge normalmente quando se adquire um carro el\u00e9trico, e muitas vezes antes de o fazer; de facto, \u00e9 um paradigma novo. Normalmente associa-se o carregamento \u00e0 via p\u00fablica, dispon\u00edvel e em locais de conveni\u00eancia, mas tamb\u00e9m \u00e9 muito importante o carregamento chamado privado, que ocorre na empresa ou em casa. Na Europa, uma percentagem elevada dos carregamentos acontece nestes contextos. Diria que est\u00e1 a haver uma acelera\u00e7\u00e3o; temos na EDP mais de 2600 pontos contratados na via p\u00fablica e \u00e9 essencial haver oferta para os v\u00e1rios tipos de necessidade \u2013 seja por exemplo nos munic\u00edpios, porque muita gente n\u00e3o tem garagem ou local privado para o fazer, e depois claro em pontos para desloca\u00e7\u00f5es mais longas e dar essa seguran\u00e7a ao utilizador&#8221;.<\/p>\n<p>O t\u00f3pico final de discuss\u00e3o foi encabe\u00e7ado por Jo\u00e3o Oliveira, da Via Verde, e debru\u00e7ou-se sobre a necessidade das infraestruturas rodovi\u00e1rias existentes de se adaptarem ao novo paradigma da mobilidade el\u00e9trica. Quanto a isto, adiantou que &#8220;\u00e9 \u00f3bvio que sim, as infraestruturas t\u00eam que se adaptar. H\u00e1 tamb\u00e9m um ponto relevante que \u00e9 a educa\u00e7\u00e3o do utilizador, que se prende com as compara\u00e7\u00f5es feitas com os carros a diesel; a gest\u00e3o das infraestruturas \u00e9 muito importante para transmitir essa confian\u00e7a ao utilizador. Para tentar fazer isso mesmo, da parte da Brisa, de Valen\u00e7a ao Algarve, h\u00e1 pelo menos uma infraestrutura de carregamento por \u00e1rea de servi\u00e7o&#8221;.<\/p>\n<p>As CTW Talks surgiram com o objetivo de discutir o futuro da mobilidade a partir do que \u00e9 feito em Portugal, unindo v\u00e1rios intervenientes do setor. Esta foi a segunda de quatro itera\u00e7\u00f5es previstas para o ano de 2024.<\/p>\n<p>A Critical TechWorks \u00e9 a joint venture entre a Critical Software e o BMW Group e foi fundada em setembro de 2018 com o objetivo de apoiar a marca alem\u00e3 na transforma\u00e7\u00e3o digital da sua atividade e da experi\u00eancia dos condutores e passageiros dos seus ve\u00edculos, entre outros projetos para o BMW Group. Atualmente, a empresa conta com mais de 2400 colaboradores, distribu\u00eddos pelos tr\u00eas escrit\u00f3rios de Lisboa, Porto e Braga.<\/p>\n","protected":false},"excerpt":{"rendered":"<p>Experi\u00eancia do utilizador, gest\u00e3o de informa\u00e7\u00e3o&#8230;<\/p>\n","protected":false},"author":15,"featured_media":88450,"comment_status":"closed","ping_status":"closed","sticky":false,"template":"","format":"standard","meta":{"footnotes":""},"categories":[37],"tags":[9971,9146,9968,9969,9955,9970,8361,1421],"class_list":["post-88447","post","type-post","status-publish","format-standard","has-post-thumbnail","hentry","category-mercado","tag-adaptacao-de-infraestruturas","tag-critical-techworks","tag-ctw-talks","tag-debate","tag-experiencia-do-utilizador","tag-gestao-de-informacao","tag-mobilidade-do-futuro","tag-mobilidade-eletrica"],"yoast_head":"<!-- This site is optimized with the Yoast SEO plugin v27.4 - https:\/\/yoast.com\/product\/yoast-seo-wordpress\/ -->\n<title>Critical TechWorks organiza novo debate sobre mobilidade el\u00e9trica - Jornal das Oficinas<\/title>\n<meta name=\"description\" content=\"Experi\u00eancia do utilizador e gest\u00e3o de informa\u00e7\u00e3o foram alguns dos temas da 2\u00aa edi\u00e7\u00e3o da CTW Talks, organizada pela Critical TechWorks\" \/>\n<meta name=\"robots\" content=\"index, follow, max-snippet:-1, max-image-preview:large, max-video-preview:-1\" \/>\n<link rel=\"canonical\" href=\"https:\/\/jornaldasoficinas.com\/pt\/critical-techworks-organiza-novo-debate-sobre-mobilidade-eletrica\/\" \/>\n<meta property=\"og:locale\" content=\"pt_PT\" \/>\n<meta property=\"og:type\" content=\"article\" \/>\n<meta property=\"og:title\" content=\"Critical TechWorks organiza novo debate sobre mobilidade el\u00e9trica - Jornal das Oficinas\" \/>\n<meta property=\"og:description\" content=\"Experi\u00eancia do utilizador e gest\u00e3o de informa\u00e7\u00e3o foram alguns dos temas da 2\u00aa edi\u00e7\u00e3o da CTW Talks, organizada pela Critical TechWorks\" \/>\n<meta property=\"og:url\" content=\"https:\/\/jornaldasoficinas.com\/pt\/critical-techworks-organiza-novo-debate-sobre-mobilidade-eletrica\/\" \/>\n<meta property=\"og:site_name\" content=\"Jornal das Oficinas\" \/>\n<meta property=\"article:publisher\" content=\"https:\/\/www.facebook.com\/jornaloficinas\" \/>\n<meta property=\"article:published_time\" content=\"2024-07-23T13:00:22+00:00\" \/>\n<meta property=\"og:image\" content=\"https:\/\/jornaldasoficinas.com\/pt\/wp-content\/uploads\/2024\/07\/Critical-TechWorks-organiza-novo-debate-sobre-mobilidade-eletrica.jpg\" \/>\n\t<meta property=\"og:image:width\" content=\"1024\" \/>\n\t<meta property=\"og:image:height\" content=\"581\" \/>\n\t<meta property=\"og:image:type\" content=\"image\/jpeg\" \/>\n<meta name=\"author\" content=\"Reda\u00e7\u00e3o JO\" \/>\n<meta name=\"twitter:card\" content=\"summary_large_image\" \/>\n<meta name=\"twitter:creator\" content=\"@jornaloficinas\" \/>\n<meta name=\"twitter:site\" content=\"@jornaloficinas\" \/>\n<meta name=\"twitter:label1\" content=\"Escrito por\" \/>\n\t<meta name=\"twitter:data1\" content=\"Reda\u00e7\u00e3o JO\" \/>\n\t<meta name=\"twitter:label2\" content=\"Tempo estimado de leitura\" \/>\n\t<meta name=\"twitter:data2\" content=\"6 minutos\" \/>\n<script type=\"application\/ld+json\" class=\"yoast-schema-graph\">{\"@context\":\"https:\\\/\\\/schema.org\",\"@graph\":[{\"@type\":\"Article\",\"@id\":\"https:\\\/\\\/jornaldasoficinas.com\\\/pt\\\/critical-techworks-organiza-novo-debate-sobre-mobilidade-eletrica\\\/#article\",\"isPartOf\":{\"@id\":\"https:\\\/\\\/jornaldasoficinas.com\\\/pt\\\/critical-techworks-organiza-novo-debate-sobre-mobilidade-eletrica\\\/\"},\"author\":{\"name\":\"Reda\u00e7\u00e3o JO\",\"@id\":\"https:\\\/\\\/jornaldasoficinas.com\\\/pt\\\/#\\\/schema\\\/person\\\/a38eef5de2c41d9e7c9ac10141afddf3\"},\"headline\":\"Critical TechWorks organiza novo debate sobre mobilidade el\u00e9trica\",\"datePublished\":\"2024-07-23T13:00:22+00:00\",\"mainEntityOfPage\":{\"@id\":\"https:\\\/\\\/jornaldasoficinas.com\\\/pt\\\/critical-techworks-organiza-novo-debate-sobre-mobilidade-eletrica\\\/\"},\"wordCount\":951,\"publisher\":{\"@id\":\"https:\\\/\\\/jornaldasoficinas.com\\\/pt\\\/#organization\"},\"image\":{\"@id\":\"https:\\\/\\\/jornaldasoficinas.com\\\/pt\\\/critical-techworks-organiza-novo-debate-sobre-mobilidade-eletrica\\\/#primaryimage\"},\"thumbnailUrl\":\"https:\\\/\\\/jornaldasoficinas.com\\\/pt\\\/wp-content\\\/uploads\\\/2024\\\/07\\\/Critical-TechWorks-organiza-novo-debate-sobre-mobilidade-eletrica.jpg\",\"keywords\":[\"adapta\u00e7\u00e3o de infraestruturas\",\"Critical TechWorks\",\"CTW Talks\",\"debate\",\"experi\u00eancia do utilizador\",\"gest\u00e3o de informa\u00e7\u00e3o\",\"mobilidade do futuro\",\"Mobilidade el\u00e9trica\"],\"articleSection\":[\"Mercado\"],\"inLanguage\":\"pt-PT\"},{\"@type\":\"WebPage\",\"@id\":\"https:\\\/\\\/jornaldasoficinas.com\\\/pt\\\/critical-techworks-organiza-novo-debate-sobre-mobilidade-eletrica\\\/\",\"url\":\"https:\\\/\\\/jornaldasoficinas.com\\\/pt\\\/critical-techworks-organiza-novo-debate-sobre-mobilidade-eletrica\\\/\",\"name\":\"Critical TechWorks organiza novo debate sobre mobilidade el\u00e9trica - Jornal das Oficinas\",\"isPartOf\":{\"@id\":\"https:\\\/\\\/jornaldasoficinas.com\\\/pt\\\/#website\"},\"primaryImageOfPage\":{\"@id\":\"https:\\\/\\\/jornaldasoficinas.com\\\/pt\\\/critical-techworks-organiza-novo-debate-sobre-mobilidade-eletrica\\\/#primaryimage\"},\"image\":{\"@id\":\"https:\\\/\\\/jornaldasoficinas.com\\\/pt\\\/critical-techworks-organiza-novo-debate-sobre-mobilidade-eletrica\\\/#primaryimage\"},\"thumbnailUrl\":\"https:\\\/\\\/jornaldasoficinas.com\\\/pt\\\/wp-content\\\/uploads\\\/2024\\\/07\\\/Critical-TechWorks-organiza-novo-debate-sobre-mobilidade-eletrica.jpg\",\"datePublished\":\"2024-07-23T13:00:22+00:00\",\"description\":\"Experi\u00eancia do utilizador e gest\u00e3o de informa\u00e7\u00e3o foram alguns dos temas da 2\u00aa edi\u00e7\u00e3o da CTW Talks, organizada pela Critical TechWorks\",\"breadcrumb\":{\"@id\":\"https:\\\/\\\/jornaldasoficinas.com\\\/pt\\\/critical-techworks-organiza-novo-debate-sobre-mobilidade-eletrica\\\/#breadcrumb\"},\"inLanguage\":\"pt-PT\",\"potentialAction\":[{\"@type\":\"ReadAction\",\"target\":[\"https:\\\/\\\/jornaldasoficinas.com\\\/pt\\\/critical-techworks-organiza-novo-debate-sobre-mobilidade-eletrica\\\/\"]}]},{\"@type\":\"ImageObject\",\"inLanguage\":\"pt-PT\",\"@id\":\"https:\\\/\\\/jornaldasoficinas.com\\\/pt\\\/critical-techworks-organiza-novo-debate-sobre-mobilidade-eletrica\\\/#primaryimage\",\"url\":\"https:\\\/\\\/jornaldasoficinas.com\\\/pt\\\/wp-content\\\/uploads\\\/2024\\\/07\\\/Critical-TechWorks-organiza-novo-debate-sobre-mobilidade-eletrica.jpg\",\"contentUrl\":\"https:\\\/\\\/jornaldasoficinas.com\\\/pt\\\/wp-content\\\/uploads\\\/2024\\\/07\\\/Critical-TechWorks-organiza-novo-debate-sobre-mobilidade-eletrica.jpg\",\"width\":1024,\"height\":581,\"caption\":\"07 - Critical TechWorks organiza novo debate sobre mobilidade eletrica\"},{\"@type\":\"BreadcrumbList\",\"@id\":\"https:\\\/\\\/jornaldasoficinas.com\\\/pt\\\/critical-techworks-organiza-novo-debate-sobre-mobilidade-eletrica\\\/#breadcrumb\",\"itemListElement\":[{\"@type\":\"ListItem\",\"position\":1,\"name\":\"In\u00edcio\",\"item\":\"https:\\\/\\\/jornaldasoficinas.com\\\/pt\\\/\"},{\"@type\":\"ListItem\",\"position\":2,\"name\":\"Critical TechWorks organiza novo debate sobre mobilidade el\u00e9trica\"}]},{\"@type\":\"WebSite\",\"@id\":\"https:\\\/\\\/jornaldasoficinas.com\\\/pt\\\/#website\",\"url\":\"https:\\\/\\\/jornaldasoficinas.com\\\/pt\\\/\",\"name\":\"Jornal das Oficinas\",\"description\":\"Jornal independente do Aftermarket Autom\u00f3vel em Portugal\",\"publisher\":{\"@id\":\"https:\\\/\\\/jornaldasoficinas.com\\\/pt\\\/#organization\"},\"potentialAction\":[{\"@type\":\"SearchAction\",\"target\":{\"@type\":\"EntryPoint\",\"urlTemplate\":\"https:\\\/\\\/jornaldasoficinas.com\\\/pt\\\/?s={search_term_string}\"},\"query-input\":{\"@type\":\"PropertyValueSpecification\",\"valueRequired\":true,\"valueName\":\"search_term_string\"}}],\"inLanguage\":\"pt-PT\"},{\"@type\":\"Organization\",\"@id\":\"https:\\\/\\\/jornaldasoficinas.com\\\/pt\\\/#organization\",\"name\":\"Jornal das Oficinas\",\"url\":\"https:\\\/\\\/jornaldasoficinas.com\\\/pt\\\/\",\"logo\":{\"@type\":\"ImageObject\",\"inLanguage\":\"pt-PT\",\"@id\":\"https:\\\/\\\/jornaldasoficinas.com\\\/pt\\\/#\\\/schema\\\/logo\\\/image\\\/\",\"url\":\"https:\\\/\\\/jornaldasoficinas.com\\\/pt\\\/wp-content\\\/uploads\\\/logoJO-SEO.png\",\"contentUrl\":\"https:\\\/\\\/jornaldasoficinas.com\\\/pt\\\/wp-content\\\/uploads\\\/logoJO-SEO.png\",\"width\":285,\"height\":450,\"caption\":\"Jornal das Oficinas\"},\"image\":{\"@id\":\"https:\\\/\\\/jornaldasoficinas.com\\\/pt\\\/#\\\/schema\\\/logo\\\/image\\\/\"},\"sameAs\":[\"https:\\\/\\\/www.facebook.com\\\/jornaloficinas\",\"https:\\\/\\\/x.com\\\/jornaloficinas\",\"https:\\\/\\\/www.instagram.com\\\/jornal_oficinas\\\/\",\"https:\\\/\\\/www.linkedin.com\\\/company\\\/jornal-das-oficinas\\\/\",\"https:\\\/\\\/www.youtube.com\\\/channel\\\/UCbQZBqtcvV-oSQrr7RzINGg\"]},{\"@type\":\"Person\",\"@id\":\"https:\\\/\\\/jornaldasoficinas.com\\\/pt\\\/#\\\/schema\\\/person\\\/a38eef5de2c41d9e7c9ac10141afddf3\",\"name\":\"Reda\u00e7\u00e3o JO\",\"image\":{\"@type\":\"ImageObject\",\"inLanguage\":\"pt-PT\",\"@id\":\"https:\\\/\\\/secure.gravatar.com\\\/avatar\\\/71f2fa71737ad68a84fea94bc708ddac8ea5b0c4788dc2ad202f3ccb2887742f?s=96&d=wp_user_avatar&r=g\",\"url\":\"https:\\\/\\\/secure.gravatar.com\\\/avatar\\\/71f2fa71737ad68a84fea94bc708ddac8ea5b0c4788dc2ad202f3ccb2887742f?s=96&d=wp_user_avatar&r=g\",\"contentUrl\":\"https:\\\/\\\/secure.gravatar.com\\\/avatar\\\/71f2fa71737ad68a84fea94bc708ddac8ea5b0c4788dc2ad202f3ccb2887742f?s=96&d=wp_user_avatar&r=g\",\"caption\":\"Reda\u00e7\u00e3o JO\"},\"url\":\"https:\\\/\\\/jornaldasoficinas.com\\\/pt\\\/author\\\/joredacao\\\/\"}]}<\/script>\n<!-- \/ Yoast SEO plugin. -->","yoast_head_json":{"title":"Critical TechWorks organiza novo debate sobre mobilidade el\u00e9trica - Jornal das Oficinas","description":"Experi\u00eancia do utilizador e gest\u00e3o de informa\u00e7\u00e3o foram alguns dos temas da 2\u00aa edi\u00e7\u00e3o da CTW Talks, organizada pela Critical TechWorks","robots":{"index":"index","follow":"follow","max-snippet":"max-snippet:-1","max-image-preview":"max-image-preview:large","max-video-preview":"max-video-preview:-1"},"canonical":"https:\/\/jornaldasoficinas.com\/pt\/critical-techworks-organiza-novo-debate-sobre-mobilidade-eletrica\/","og_locale":"pt_PT","og_type":"article","og_title":"Critical TechWorks organiza novo debate sobre mobilidade el\u00e9trica - Jornal das Oficinas","og_description":"Experi\u00eancia do utilizador e gest\u00e3o de informa\u00e7\u00e3o foram alguns dos temas da 2\u00aa edi\u00e7\u00e3o da CTW Talks, organizada pela Critical TechWorks","og_url":"https:\/\/jornaldasoficinas.com\/pt\/critical-techworks-organiza-novo-debate-sobre-mobilidade-eletrica\/","og_site_name":"Jornal das Oficinas","article_publisher":"https:\/\/www.facebook.com\/jornaloficinas","article_published_time":"2024-07-23T13:00:22+00:00","og_image":[{"width":1024,"height":581,"url":"https:\/\/jornaldasoficinas.com\/pt\/wp-content\/uploads\/2024\/07\/Critical-TechWorks-organiza-novo-debate-sobre-mobilidade-eletrica.jpg","type":"image\/jpeg"}],"author":"Reda\u00e7\u00e3o JO","twitter_card":"summary_large_image","twitter_creator":"@jornaloficinas","twitter_site":"@jornaloficinas","twitter_misc":{"Escrito por":"Reda\u00e7\u00e3o JO","Tempo estimado de leitura":"6 minutos"},"schema":{"@context":"https:\/\/schema.org","@graph":[{"@type":"Article","@id":"https:\/\/jornaldasoficinas.com\/pt\/critical-techworks-organiza-novo-debate-sobre-mobilidade-eletrica\/#article","isPartOf":{"@id":"https:\/\/jornaldasoficinas.com\/pt\/critical-techworks-organiza-novo-debate-sobre-mobilidade-eletrica\/"},"author":{"name":"Reda\u00e7\u00e3o JO","@id":"https:\/\/jornaldasoficinas.com\/pt\/#\/schema\/person\/a38eef5de2c41d9e7c9ac10141afddf3"},"headline":"Critical TechWorks organiza novo debate sobre mobilidade el\u00e9trica","datePublished":"2024-07-23T13:00:22+00:00","mainEntityOfPage":{"@id":"https:\/\/jornaldasoficinas.com\/pt\/critical-techworks-organiza-novo-debate-sobre-mobilidade-eletrica\/"},"wordCount":951,"publisher":{"@id":"https:\/\/jornaldasoficinas.com\/pt\/#organization"},"image":{"@id":"https:\/\/jornaldasoficinas.com\/pt\/critical-techworks-organiza-novo-debate-sobre-mobilidade-eletrica\/#primaryimage"},"thumbnailUrl":"https:\/\/jornaldasoficinas.com\/pt\/wp-content\/uploads\/2024\/07\/Critical-TechWorks-organiza-novo-debate-sobre-mobilidade-eletrica.jpg","keywords":["adapta\u00e7\u00e3o de infraestruturas","Critical TechWorks","CTW Talks","debate","experi\u00eancia do utilizador","gest\u00e3o de informa\u00e7\u00e3o","mobilidade do futuro","Mobilidade el\u00e9trica"],"articleSection":["Mercado"],"inLanguage":"pt-PT"},{"@type":"WebPage","@id":"https:\/\/jornaldasoficinas.com\/pt\/critical-techworks-organiza-novo-debate-sobre-mobilidade-eletrica\/","url":"https:\/\/jornaldasoficinas.com\/pt\/critical-techworks-organiza-novo-debate-sobre-mobilidade-eletrica\/","name":"Critical TechWorks organiza novo debate sobre mobilidade el\u00e9trica - Jornal das Oficinas","isPartOf":{"@id":"https:\/\/jornaldasoficinas.com\/pt\/#website"},"primaryImageOfPage":{"@id":"https:\/\/jornaldasoficinas.com\/pt\/critical-techworks-organiza-novo-debate-sobre-mobilidade-eletrica\/#primaryimage"},"image":{"@id":"https:\/\/jornaldasoficinas.com\/pt\/critical-techworks-organiza-novo-debate-sobre-mobilidade-eletrica\/#primaryimage"},"thumbnailUrl":"https:\/\/jornaldasoficinas.com\/pt\/wp-content\/uploads\/2024\/07\/Critical-TechWorks-organiza-novo-debate-sobre-mobilidade-eletrica.jpg","datePublished":"2024-07-23T13:00:22+00:00","description":"Experi\u00eancia do utilizador e gest\u00e3o de informa\u00e7\u00e3o foram alguns dos temas da 2\u00aa edi\u00e7\u00e3o da CTW Talks, organizada pela Critical TechWorks","breadcrumb":{"@id":"https:\/\/jornaldasoficinas.com\/pt\/critical-techworks-organiza-novo-debate-sobre-mobilidade-eletrica\/#breadcrumb"},"inLanguage":"pt-PT","potentialAction":[{"@type":"ReadAction","target":["https:\/\/jornaldasoficinas.com\/pt\/critical-techworks-organiza-novo-debate-sobre-mobilidade-eletrica\/"]}]},{"@type":"ImageObject","inLanguage":"pt-PT","@id":"https:\/\/jornaldasoficinas.com\/pt\/critical-techworks-organiza-novo-debate-sobre-mobilidade-eletrica\/#primaryimage","url":"https:\/\/jornaldasoficinas.com\/pt\/wp-content\/uploads\/2024\/07\/Critical-TechWorks-organiza-novo-debate-sobre-mobilidade-eletrica.jpg","contentUrl":"https:\/\/jornaldasoficinas.com\/pt\/wp-content\/uploads\/2024\/07\/Critical-TechWorks-organiza-novo-debate-sobre-mobilidade-eletrica.jpg","width":1024,"height":581,"caption":"07 - Critical TechWorks organiza novo debate sobre mobilidade eletrica"},{"@type":"BreadcrumbList","@id":"https:\/\/jornaldasoficinas.com\/pt\/critical-techworks-organiza-novo-debate-sobre-mobilidade-eletrica\/#breadcrumb","itemListElement":[{"@type":"ListItem","position":1,"name":"In\u00edcio","item":"https:\/\/jornaldasoficinas.com\/pt\/"},{"@type":"ListItem","position":2,"name":"Critical TechWorks organiza novo debate sobre mobilidade el\u00e9trica"}]},{"@type":"WebSite","@id":"https:\/\/jornaldasoficinas.com\/pt\/#website","url":"https:\/\/jornaldasoficinas.com\/pt\/","name":"Jornal das Oficinas","description":"Jornal independente do Aftermarket Autom\u00f3vel em Portugal","publisher":{"@id":"https:\/\/jornaldasoficinas.com\/pt\/#organization"},"potentialAction":[{"@type":"SearchAction","target":{"@type":"EntryPoint","urlTemplate":"https:\/\/jornaldasoficinas.com\/pt\/?s={search_term_string}"},"query-input":{"@type":"PropertyValueSpecification","valueRequired":true,"valueName":"search_term_string"}}],"inLanguage":"pt-PT"},{"@type":"Organization","@id":"https:\/\/jornaldasoficinas.com\/pt\/#organization","name":"Jornal das Oficinas","url":"https:\/\/jornaldasoficinas.com\/pt\/","logo":{"@type":"ImageObject","inLanguage":"pt-PT","@id":"https:\/\/jornaldasoficinas.com\/pt\/#\/schema\/logo\/image\/","url":"https:\/\/jornaldasoficinas.com\/pt\/wp-content\/uploads\/logoJO-SEO.png","contentUrl":"https:\/\/jornaldasoficinas.com\/pt\/wp-content\/uploads\/logoJO-SEO.png","width":285,"height":450,"caption":"Jornal das Oficinas"},"image":{"@id":"https:\/\/jornaldasoficinas.com\/pt\/#\/schema\/logo\/image\/"},"sameAs":["https:\/\/www.facebook.com\/jornaloficinas","https:\/\/x.com\/jornaloficinas","https:\/\/www.instagram.com\/jornal_oficinas\/","https:\/\/www.linkedin.com\/company\/jornal-das-oficinas\/","https:\/\/www.youtube.com\/channel\/UCbQZBqtcvV-oSQrr7RzINGg"]},{"@type":"Person","@id":"https:\/\/jornaldasoficinas.com\/pt\/#\/schema\/person\/a38eef5de2c41d9e7c9ac10141afddf3","name":"Reda\u00e7\u00e3o JO","image":{"@type":"ImageObject","inLanguage":"pt-PT","@id":"https:\/\/secure.gravatar.com\/avatar\/71f2fa71737ad68a84fea94bc708ddac8ea5b0c4788dc2ad202f3ccb2887742f?s=96&d=wp_user_avatar&r=g","url":"https:\/\/secure.gravatar.com\/avatar\/71f2fa71737ad68a84fea94bc708ddac8ea5b0c4788dc2ad202f3ccb2887742f?s=96&d=wp_user_avatar&r=g","contentUrl":"https:\/\/secure.gravatar.com\/avatar\/71f2fa71737ad68a84fea94bc708ddac8ea5b0c4788dc2ad202f3ccb2887742f?s=96&d=wp_user_avatar&r=g","caption":"Reda\u00e7\u00e3o JO"},"url":"https:\/\/jornaldasoficinas.com\/pt\/author\/joredacao\/"}]}},"_links":{"self":[{"href":"https:\/\/jornaldasoficinas.com\/pt\/wp-json\/wp\/v2\/posts\/88447","targetHints":{"allow":["GET"]}}],"collection":[{"href":"https:\/\/jornaldasoficinas.com\/pt\/wp-json\/wp\/v2\/posts"}],"about":[{"href":"https:\/\/jornaldasoficinas.com\/pt\/wp-json\/wp\/v2\/types\/post"}],"author":[{"embeddable":true,"href":"https:\/\/jornaldasoficinas.com\/pt\/wp-json\/wp\/v2\/users\/15"}],"replies":[{"embeddable":true,"href":"https:\/\/jornaldasoficinas.com\/pt\/wp-json\/wp\/v2\/comments?post=88447"}],"version-history":[{"count":0,"href":"https:\/\/jornaldasoficinas.com\/pt\/wp-json\/wp\/v2\/posts\/88447\/revisions"}],"wp:featuredmedia":[{"embeddable":true,"href":"https:\/\/jornaldasoficinas.com\/pt\/wp-json\/wp\/v2\/media\/88450"}],"wp:attachment":[{"href":"https:\/\/jornaldasoficinas.com\/pt\/wp-json\/wp\/v2\/media?parent=88447"}],"wp:term":[{"taxonomy":"category","embeddable":true,"href":"https:\/\/jornaldasoficinas.com\/pt\/wp-json\/wp\/v2\/categories?post=88447"},{"taxonomy":"post_tag","embeddable":true,"href":"https:\/\/jornaldasoficinas.com\/pt\/wp-json\/wp\/v2\/tags?post=88447"}],"curies":[{"name":"wp","href":"https:\/\/api.w.org\/{rel}","templated":true}]}}