{"id":88563,"date":"2024-07-26T08:00:56","date_gmt":"2024-07-26T07:00:56","guid":{"rendered":"https:\/\/jornaldasoficinas.com\/pt\/?p=88563"},"modified":"2024-07-25T14:14:58","modified_gmt":"2024-07-25T13:14:58","slug":"5a-edicao-do-classicos-na-magnolia-homenageia-os-anos-50","status":"publish","type":"post","link":"https:\/\/jornaldasoficinas.com\/pt\/5a-edicao-do-classicos-na-magnolia-homenageia-os-anos-50\/","title":{"rendered":"5\u00aa edi\u00e7\u00e3o do &#8220;Cl\u00e1ssicos na Magn\u00f3lia&#8221; homenageia os anos 50"},"content":{"rendered":"<p><strong><img loading=\"lazy\" decoding=\"async\" class=\"alignnone size-full wp-image-88572\" src=\"https:\/\/jornaldasoficinas.com\/pt\/wp-content\/uploads\/2024\/07\/5a-edicao-do-22Classicos-na-Magnolia22-homenageia-os-anos-50.jpg\" alt=\"07 - 5a edicao do 22Classicos na Magnolia22 homenageia os anos 50\" width=\"1024\" height=\"581\" srcset=\"https:\/\/jornaldasoficinas.com\/pt\/wp-content\/uploads\/2024\/07\/5a-edicao-do-22Classicos-na-Magnolia22-homenageia-os-anos-50.jpg 1024w, https:\/\/jornaldasoficinas.com\/pt\/wp-content\/uploads\/2024\/07\/5a-edicao-do-22Classicos-na-Magnolia22-homenageia-os-anos-50-300x170.jpg 300w, https:\/\/jornaldasoficinas.com\/pt\/wp-content\/uploads\/2024\/07\/5a-edicao-do-22Classicos-na-Magnolia22-homenageia-os-anos-50-150x85.jpg 150w, https:\/\/jornaldasoficinas.com\/pt\/wp-content\/uploads\/2024\/07\/5a-edicao-do-22Classicos-na-Magnolia22-homenageia-os-anos-50-768x436.jpg 768w\" sizes=\"auto, (max-width: 1024px) 100vw, 1024px\" \/><\/strong><\/p>\n<p><strong>A <a href=\"https:\/\/www.facebook.com\/quintamagnoliacentrocultural\" target=\"_blank\" rel=\"noopener\">Quinta Magn\u00f3lia<\/a> prepara-se para acolher, pelo quinto ano consecutivo, o evento &#8220;<a href=\"https:\/\/visitmadeira.com\/pt\/a-acontecer\/eventos\/classicos-na-magnolia\/\" target=\"_blank\" rel=\"noopener\">Cl\u00e1ssicos na Magn\u00f3lia<\/a>&#8220;, uma celebra\u00e7\u00e3o dos ve\u00edculos cl\u00e1ssicos da d\u00e9cada de 1950. Este evento, j\u00e1 considerado um marco na Regi\u00e3o Aut\u00f3noma da Madeira, ter\u00e1 lugar nos dias 27 e 28 de julho, no Funchal<\/strong><\/p>\n<p>Nesta edi\u00e7\u00e3o, os jardins da Quinta Magn\u00f3lia ser\u00e3o invadidos por um cen\u00e1rio que transportar\u00e1 os visitantes para os anos 50. Esta d\u00e9cada, marcada pela produ\u00e7\u00e3o em massa de autom\u00f3veis de mec\u00e2nica simples e pela crescente procura de ve\u00edculos pequenos pela emergente classe m\u00e9dia, ser\u00e1 recriada atrav\u00e9s de uma exposi\u00e7\u00e3o de autom\u00f3veis, motas e bicicletas cl\u00e1ssicas da \u00e9poca.<\/p>\n<p>A Quinta Magn\u00f3lia, com a sua constru\u00e7\u00e3o do s\u00e9culo XIX, oferece o ambiente perfeito para este evento, que, al\u00e9m dos ve\u00edculos, contar\u00e1 com muita anima\u00e7\u00e3o, figurantes vestidos \u00e0 \u00e9poca, tert\u00falias e espa\u00e7os lounge, proporcionando uma experi\u00eancia completa e envolvente para todos os visitantes.<\/p>\n<p>&#8220;Cl\u00e1ssicos na Magn\u00f3lia \u00e9 mais do que uma exposi\u00e7\u00e3o de ve\u00edculos cl\u00e1ssicos. \u00c9 uma homenagem a todos aqueles que se dedicam \u00e0 preserva\u00e7\u00e3o deste patrim\u00f3nio, reconhecendo a sua import\u00e2ncia cultural e hist\u00f3rica. Este evento tamb\u00e9m representa um grande valor tur\u00edstico para a Regi\u00e3o, atraindo pessoas de v\u00e1rias partes do pa\u00eds e do mundo&#8221;, explicou Eduardo Jesus, Presidente da Associa\u00e7\u00e3o de Promo\u00e7\u00e3o da Madeira e Secret\u00e1rio Regional de Economia, Turismo e Cultura.<\/p>\n<p>Desde a sua primeira edi\u00e7\u00e3o, o evento alcan\u00e7ou um sucesso not\u00e1vel, estabelecendo-se rapidamente como uma tradi\u00e7\u00e3o anual e um evento de refer\u00eancia na Regi\u00e3o Aut\u00f3noma da Madeira.<\/p>\n","protected":false},"excerpt":{"rendered":"<p>A Quinta Magn\u00f3lia prepara-se para acolher,&#8230;<\/p>\n","protected":false},"author":15,"featured_media":88572,"comment_status":"closed","ping_status":"closed","sticky":false,"template":"","format":"standard","meta":{"footnotes":""},"categories":[37],"tags":[10006,10005,10008,10007,5842,369],"class_list":["post-88563","post","type-post","status-publish","format-standard","has-post-thumbnail","hentry","category-mercado","tag-anos-50","tag-classicos-na-magnolia","tag-exposicao-de-automoveis","tag-quinta-magnolia","tag-regiao-autonoma-da-madeira","tag-veiculos-classicos"],"yoast_head":"<!-- This site is optimized with the Yoast SEO plugin v27.5 - https:\/\/yoast.com\/product\/yoast-seo-wordpress\/ -->\n<title>5\u00aa edi\u00e7\u00e3o do &quot;Cl\u00e1ssicos na Magn\u00f3lia&quot; homenageia os anos 50 - Jornal das Oficinas<\/title>\n<meta name=\"description\" content=\"A Quinta Magn\u00f3lia prepara-se para acolher a 5\u00aa edi\u00e7\u00e3o do evento &quot;Cl\u00e1ssicos na Magn\u00f3lia&quot;, uma celebra\u00e7\u00e3o dos ve\u00edculos cl\u00e1ssicos dos anos 50\" \/>\n<meta name=\"robots\" content=\"index, follow, max-snippet:-1, max-image-preview:large, max-video-preview:-1\" \/>\n<link rel=\"canonical\" href=\"https:\/\/jornaldasoficinas.com\/pt\/5a-edicao-do-classicos-na-magnolia-homenageia-os-anos-50\/\" \/>\n<meta property=\"og:locale\" content=\"pt_PT\" \/>\n<meta property=\"og:type\" content=\"article\" \/>\n<meta property=\"og:title\" content=\"5\u00aa edi\u00e7\u00e3o do &quot;Cl\u00e1ssicos na Magn\u00f3lia&quot; homenageia os anos 50 - Jornal das Oficinas\" \/>\n<meta property=\"og:description\" content=\"A Quinta Magn\u00f3lia prepara-se para acolher a 5\u00aa edi\u00e7\u00e3o do evento &quot;Cl\u00e1ssicos na Magn\u00f3lia&quot;, uma celebra\u00e7\u00e3o dos ve\u00edculos cl\u00e1ssicos dos anos 50\" \/>\n<meta property=\"og:url\" content=\"https:\/\/jornaldasoficinas.com\/pt\/5a-edicao-do-classicos-na-magnolia-homenageia-os-anos-50\/\" \/>\n<meta property=\"og:site_name\" content=\"Jornal das Oficinas\" \/>\n<meta property=\"article:publisher\" content=\"https:\/\/www.facebook.com\/jornaloficinas\" \/>\n<meta property=\"article:published_time\" content=\"2024-07-26T07:00:56+00:00\" \/>\n<meta property=\"og:image\" content=\"https:\/\/jornaldasoficinas.com\/pt\/wp-content\/uploads\/2024\/07\/5a-edicao-do-22Classicos-na-Magnolia22-homenageia-os-anos-50.jpg\" \/>\n\t<meta property=\"og:image:width\" content=\"1024\" \/>\n\t<meta property=\"og:image:height\" content=\"581\" \/>\n\t<meta property=\"og:image:type\" content=\"image\/jpeg\" \/>\n<meta name=\"author\" content=\"Reda\u00e7\u00e3o JO\" \/>\n<meta name=\"twitter:card\" content=\"summary_large_image\" \/>\n<meta name=\"twitter:creator\" content=\"@jornaloficinas\" \/>\n<meta name=\"twitter:site\" content=\"@jornaloficinas\" \/>\n<meta name=\"twitter:label1\" content=\"Escrito por\" \/>\n\t<meta name=\"twitter:data1\" content=\"Reda\u00e7\u00e3o JO\" \/>\n\t<meta name=\"twitter:label2\" content=\"Tempo estimado de leitura\" \/>\n\t<meta name=\"twitter:data2\" content=\"2 minutos\" \/>\n<script type=\"application\/ld+json\" class=\"yoast-schema-graph\">{\"@context\":\"https:\\\/\\\/schema.org\",\"@graph\":[{\"@type\":\"Article\",\"@id\":\"https:\\\/\\\/jornaldasoficinas.com\\\/pt\\\/5a-edicao-do-classicos-na-magnolia-homenageia-os-anos-50\\\/#article\",\"isPartOf\":{\"@id\":\"https:\\\/\\\/jornaldasoficinas.com\\\/pt\\\/5a-edicao-do-classicos-na-magnolia-homenageia-os-anos-50\\\/\"},\"author\":{\"name\":\"Reda\u00e7\u00e3o JO\",\"@id\":\"https:\\\/\\\/jornaldasoficinas.com\\\/pt\\\/#\\\/schema\\\/person\\\/a38eef5de2c41d9e7c9ac10141afddf3\"},\"headline\":\"5\u00aa edi\u00e7\u00e3o do &#8220;Cl\u00e1ssicos na Magn\u00f3lia&#8221; homenageia os anos 50\",\"datePublished\":\"2024-07-26T07:00:56+00:00\",\"mainEntityOfPage\":{\"@id\":\"https:\\\/\\\/jornaldasoficinas.com\\\/pt\\\/5a-edicao-do-classicos-na-magnolia-homenageia-os-anos-50\\\/\"},\"wordCount\":303,\"publisher\":{\"@id\":\"https:\\\/\\\/jornaldasoficinas.com\\\/pt\\\/#organization\"},\"image\":{\"@id\":\"https:\\\/\\\/jornaldasoficinas.com\\\/pt\\\/5a-edicao-do-classicos-na-magnolia-homenageia-os-anos-50\\\/#primaryimage\"},\"thumbnailUrl\":\"https:\\\/\\\/jornaldasoficinas.com\\\/pt\\\/wp-content\\\/uploads\\\/2024\\\/07\\\/5a-edicao-do-22Classicos-na-Magnolia22-homenageia-os-anos-50.jpg\",\"keywords\":[\"anos 50\",\"Cl\u00e1ssicos na Magn\u00f3lia\",\"exposi\u00e7\u00e3o de autom\u00f3veis\",\"Quinta Magn\u00f3lia\",\"Regi\u00e3o Aut\u00f3noma da Madeira\",\"Ve\u00edculos Cl\u00e1ssicos\"],\"articleSection\":[\"Mercado\"],\"inLanguage\":\"pt-PT\"},{\"@type\":\"WebPage\",\"@id\":\"https:\\\/\\\/jornaldasoficinas.com\\\/pt\\\/5a-edicao-do-classicos-na-magnolia-homenageia-os-anos-50\\\/\",\"url\":\"https:\\\/\\\/jornaldasoficinas.com\\\/pt\\\/5a-edicao-do-classicos-na-magnolia-homenageia-os-anos-50\\\/\",\"name\":\"5\u00aa edi\u00e7\u00e3o do \\\"Cl\u00e1ssicos na Magn\u00f3lia\\\" homenageia os anos 50 - Jornal das Oficinas\",\"isPartOf\":{\"@id\":\"https:\\\/\\\/jornaldasoficinas.com\\\/pt\\\/#website\"},\"primaryImageOfPage\":{\"@id\":\"https:\\\/\\\/jornaldasoficinas.com\\\/pt\\\/5a-edicao-do-classicos-na-magnolia-homenageia-os-anos-50\\\/#primaryimage\"},\"image\":{\"@id\":\"https:\\\/\\\/jornaldasoficinas.com\\\/pt\\\/5a-edicao-do-classicos-na-magnolia-homenageia-os-anos-50\\\/#primaryimage\"},\"thumbnailUrl\":\"https:\\\/\\\/jornaldasoficinas.com\\\/pt\\\/wp-content\\\/uploads\\\/2024\\\/07\\\/5a-edicao-do-22Classicos-na-Magnolia22-homenageia-os-anos-50.jpg\",\"datePublished\":\"2024-07-26T07:00:56+00:00\",\"description\":\"A Quinta Magn\u00f3lia prepara-se para acolher a 5\u00aa edi\u00e7\u00e3o do evento \\\"Cl\u00e1ssicos na Magn\u00f3lia\\\", uma celebra\u00e7\u00e3o dos ve\u00edculos cl\u00e1ssicos dos anos 50\",\"breadcrumb\":{\"@id\":\"https:\\\/\\\/jornaldasoficinas.com\\\/pt\\\/5a-edicao-do-classicos-na-magnolia-homenageia-os-anos-50\\\/#breadcrumb\"},\"inLanguage\":\"pt-PT\",\"potentialAction\":[{\"@type\":\"ReadAction\",\"target\":[\"https:\\\/\\\/jornaldasoficinas.com\\\/pt\\\/5a-edicao-do-classicos-na-magnolia-homenageia-os-anos-50\\\/\"]}]},{\"@type\":\"ImageObject\",\"inLanguage\":\"pt-PT\",\"@id\":\"https:\\\/\\\/jornaldasoficinas.com\\\/pt\\\/5a-edicao-do-classicos-na-magnolia-homenageia-os-anos-50\\\/#primaryimage\",\"url\":\"https:\\\/\\\/jornaldasoficinas.com\\\/pt\\\/wp-content\\\/uploads\\\/2024\\\/07\\\/5a-edicao-do-22Classicos-na-Magnolia22-homenageia-os-anos-50.jpg\",\"contentUrl\":\"https:\\\/\\\/jornaldasoficinas.com\\\/pt\\\/wp-content\\\/uploads\\\/2024\\\/07\\\/5a-edicao-do-22Classicos-na-Magnolia22-homenageia-os-anos-50.jpg\",\"width\":1024,\"height\":581,\"caption\":\"07 - 5a edicao do 22Classicos na Magnolia22 homenageia os anos 50\"},{\"@type\":\"BreadcrumbList\",\"@id\":\"https:\\\/\\\/jornaldasoficinas.com\\\/pt\\\/5a-edicao-do-classicos-na-magnolia-homenageia-os-anos-50\\\/#breadcrumb\",\"itemListElement\":[{\"@type\":\"ListItem\",\"position\":1,\"name\":\"In\u00edcio\",\"item\":\"https:\\\/\\\/jornaldasoficinas.com\\\/pt\\\/\"},{\"@type\":\"ListItem\",\"position\":2,\"name\":\"5\u00aa edi\u00e7\u00e3o do &#8220;Cl\u00e1ssicos na Magn\u00f3lia&#8221; homenageia os anos 50\"}]},{\"@type\":\"WebSite\",\"@id\":\"https:\\\/\\\/jornaldasoficinas.com\\\/pt\\\/#website\",\"url\":\"https:\\\/\\\/jornaldasoficinas.com\\\/pt\\\/\",\"name\":\"Jornal das Oficinas\",\"description\":\"Jornal independente do Aftermarket Autom\u00f3vel em Portugal\",\"publisher\":{\"@id\":\"https:\\\/\\\/jornaldasoficinas.com\\\/pt\\\/#organization\"},\"potentialAction\":[{\"@type\":\"SearchAction\",\"target\":{\"@type\":\"EntryPoint\",\"urlTemplate\":\"https:\\\/\\\/jornaldasoficinas.com\\\/pt\\\/?s={search_term_string}\"},\"query-input\":{\"@type\":\"PropertyValueSpecification\",\"valueRequired\":true,\"valueName\":\"search_term_string\"}}],\"inLanguage\":\"pt-PT\"},{\"@type\":\"Organization\",\"@id\":\"https:\\\/\\\/jornaldasoficinas.com\\\/pt\\\/#organization\",\"name\":\"Jornal das Oficinas\",\"url\":\"https:\\\/\\\/jornaldasoficinas.com\\\/pt\\\/\",\"logo\":{\"@type\":\"ImageObject\",\"inLanguage\":\"pt-PT\",\"@id\":\"https:\\\/\\\/jornaldasoficinas.com\\\/pt\\\/#\\\/schema\\\/logo\\\/image\\\/\",\"url\":\"https:\\\/\\\/jornaldasoficinas.com\\\/pt\\\/wp-content\\\/uploads\\\/logoJO-SEO.png\",\"contentUrl\":\"https:\\\/\\\/jornaldasoficinas.com\\\/pt\\\/wp-content\\\/uploads\\\/logoJO-SEO.png\",\"width\":285,\"height\":450,\"caption\":\"Jornal das Oficinas\"},\"image\":{\"@id\":\"https:\\\/\\\/jornaldasoficinas.com\\\/pt\\\/#\\\/schema\\\/logo\\\/image\\\/\"},\"sameAs\":[\"https:\\\/\\\/www.facebook.com\\\/jornaloficinas\",\"https:\\\/\\\/x.com\\\/jornaloficinas\",\"https:\\\/\\\/www.instagram.com\\\/jornal_oficinas\\\/\",\"https:\\\/\\\/www.linkedin.com\\\/company\\\/jornal-das-oficinas\\\/\",\"https:\\\/\\\/www.youtube.com\\\/channel\\\/UCbQZBqtcvV-oSQrr7RzINGg\"]},{\"@type\":\"Person\",\"@id\":\"https:\\\/\\\/jornaldasoficinas.com\\\/pt\\\/#\\\/schema\\\/person\\\/a38eef5de2c41d9e7c9ac10141afddf3\",\"name\":\"Reda\u00e7\u00e3o JO\",\"image\":{\"@type\":\"ImageObject\",\"inLanguage\":\"pt-PT\",\"@id\":\"https:\\\/\\\/secure.gravatar.com\\\/avatar\\\/71f2fa71737ad68a84fea94bc708ddac8ea5b0c4788dc2ad202f3ccb2887742f?s=96&d=wp_user_avatar&r=g\",\"url\":\"https:\\\/\\\/secure.gravatar.com\\\/avatar\\\/71f2fa71737ad68a84fea94bc708ddac8ea5b0c4788dc2ad202f3ccb2887742f?s=96&d=wp_user_avatar&r=g\",\"contentUrl\":\"https:\\\/\\\/secure.gravatar.com\\\/avatar\\\/71f2fa71737ad68a84fea94bc708ddac8ea5b0c4788dc2ad202f3ccb2887742f?s=96&d=wp_user_avatar&r=g\",\"caption\":\"Reda\u00e7\u00e3o JO\"},\"url\":\"https:\\\/\\\/jornaldasoficinas.com\\\/pt\\\/author\\\/joredacao\\\/\"}]}<\/script>\n<!-- \/ Yoast SEO plugin. -->","yoast_head_json":{"title":"5\u00aa edi\u00e7\u00e3o do \"Cl\u00e1ssicos na Magn\u00f3lia\" homenageia os anos 50 - Jornal das Oficinas","description":"A Quinta Magn\u00f3lia prepara-se para acolher a 5\u00aa edi\u00e7\u00e3o do evento \"Cl\u00e1ssicos na Magn\u00f3lia\", uma celebra\u00e7\u00e3o dos ve\u00edculos cl\u00e1ssicos dos anos 50","robots":{"index":"index","follow":"follow","max-snippet":"max-snippet:-1","max-image-preview":"max-image-preview:large","max-video-preview":"max-video-preview:-1"},"canonical":"https:\/\/jornaldasoficinas.com\/pt\/5a-edicao-do-classicos-na-magnolia-homenageia-os-anos-50\/","og_locale":"pt_PT","og_type":"article","og_title":"5\u00aa edi\u00e7\u00e3o do \"Cl\u00e1ssicos na Magn\u00f3lia\" homenageia os anos 50 - Jornal das Oficinas","og_description":"A Quinta Magn\u00f3lia prepara-se para acolher a 5\u00aa edi\u00e7\u00e3o do evento \"Cl\u00e1ssicos na Magn\u00f3lia\", uma celebra\u00e7\u00e3o dos ve\u00edculos cl\u00e1ssicos dos anos 50","og_url":"https:\/\/jornaldasoficinas.com\/pt\/5a-edicao-do-classicos-na-magnolia-homenageia-os-anos-50\/","og_site_name":"Jornal das Oficinas","article_publisher":"https:\/\/www.facebook.com\/jornaloficinas","article_published_time":"2024-07-26T07:00:56+00:00","og_image":[{"width":1024,"height":581,"url":"https:\/\/jornaldasoficinas.com\/pt\/wp-content\/uploads\/2024\/07\/5a-edicao-do-22Classicos-na-Magnolia22-homenageia-os-anos-50.jpg","type":"image\/jpeg"}],"author":"Reda\u00e7\u00e3o JO","twitter_card":"summary_large_image","twitter_creator":"@jornaloficinas","twitter_site":"@jornaloficinas","twitter_misc":{"Escrito por":"Reda\u00e7\u00e3o JO","Tempo estimado de leitura":"2 minutos"},"schema":{"@context":"https:\/\/schema.org","@graph":[{"@type":"Article","@id":"https:\/\/jornaldasoficinas.com\/pt\/5a-edicao-do-classicos-na-magnolia-homenageia-os-anos-50\/#article","isPartOf":{"@id":"https:\/\/jornaldasoficinas.com\/pt\/5a-edicao-do-classicos-na-magnolia-homenageia-os-anos-50\/"},"author":{"name":"Reda\u00e7\u00e3o JO","@id":"https:\/\/jornaldasoficinas.com\/pt\/#\/schema\/person\/a38eef5de2c41d9e7c9ac10141afddf3"},"headline":"5\u00aa edi\u00e7\u00e3o do &#8220;Cl\u00e1ssicos na Magn\u00f3lia&#8221; homenageia os anos 50","datePublished":"2024-07-26T07:00:56+00:00","mainEntityOfPage":{"@id":"https:\/\/jornaldasoficinas.com\/pt\/5a-edicao-do-classicos-na-magnolia-homenageia-os-anos-50\/"},"wordCount":303,"publisher":{"@id":"https:\/\/jornaldasoficinas.com\/pt\/#organization"},"image":{"@id":"https:\/\/jornaldasoficinas.com\/pt\/5a-edicao-do-classicos-na-magnolia-homenageia-os-anos-50\/#primaryimage"},"thumbnailUrl":"https:\/\/jornaldasoficinas.com\/pt\/wp-content\/uploads\/2024\/07\/5a-edicao-do-22Classicos-na-Magnolia22-homenageia-os-anos-50.jpg","keywords":["anos 50","Cl\u00e1ssicos na Magn\u00f3lia","exposi\u00e7\u00e3o de autom\u00f3veis","Quinta Magn\u00f3lia","Regi\u00e3o Aut\u00f3noma da Madeira","Ve\u00edculos Cl\u00e1ssicos"],"articleSection":["Mercado"],"inLanguage":"pt-PT"},{"@type":"WebPage","@id":"https:\/\/jornaldasoficinas.com\/pt\/5a-edicao-do-classicos-na-magnolia-homenageia-os-anos-50\/","url":"https:\/\/jornaldasoficinas.com\/pt\/5a-edicao-do-classicos-na-magnolia-homenageia-os-anos-50\/","name":"5\u00aa edi\u00e7\u00e3o do \"Cl\u00e1ssicos na Magn\u00f3lia\" homenageia os anos 50 - Jornal das Oficinas","isPartOf":{"@id":"https:\/\/jornaldasoficinas.com\/pt\/#website"},"primaryImageOfPage":{"@id":"https:\/\/jornaldasoficinas.com\/pt\/5a-edicao-do-classicos-na-magnolia-homenageia-os-anos-50\/#primaryimage"},"image":{"@id":"https:\/\/jornaldasoficinas.com\/pt\/5a-edicao-do-classicos-na-magnolia-homenageia-os-anos-50\/#primaryimage"},"thumbnailUrl":"https:\/\/jornaldasoficinas.com\/pt\/wp-content\/uploads\/2024\/07\/5a-edicao-do-22Classicos-na-Magnolia22-homenageia-os-anos-50.jpg","datePublished":"2024-07-26T07:00:56+00:00","description":"A Quinta Magn\u00f3lia prepara-se para acolher a 5\u00aa edi\u00e7\u00e3o do evento \"Cl\u00e1ssicos na Magn\u00f3lia\", uma celebra\u00e7\u00e3o dos ve\u00edculos cl\u00e1ssicos dos anos 50","breadcrumb":{"@id":"https:\/\/jornaldasoficinas.com\/pt\/5a-edicao-do-classicos-na-magnolia-homenageia-os-anos-50\/#breadcrumb"},"inLanguage":"pt-PT","potentialAction":[{"@type":"ReadAction","target":["https:\/\/jornaldasoficinas.com\/pt\/5a-edicao-do-classicos-na-magnolia-homenageia-os-anos-50\/"]}]},{"@type":"ImageObject","inLanguage":"pt-PT","@id":"https:\/\/jornaldasoficinas.com\/pt\/5a-edicao-do-classicos-na-magnolia-homenageia-os-anos-50\/#primaryimage","url":"https:\/\/jornaldasoficinas.com\/pt\/wp-content\/uploads\/2024\/07\/5a-edicao-do-22Classicos-na-Magnolia22-homenageia-os-anos-50.jpg","contentUrl":"https:\/\/jornaldasoficinas.com\/pt\/wp-content\/uploads\/2024\/07\/5a-edicao-do-22Classicos-na-Magnolia22-homenageia-os-anos-50.jpg","width":1024,"height":581,"caption":"07 - 5a edicao do 22Classicos na Magnolia22 homenageia os anos 50"},{"@type":"BreadcrumbList","@id":"https:\/\/jornaldasoficinas.com\/pt\/5a-edicao-do-classicos-na-magnolia-homenageia-os-anos-50\/#breadcrumb","itemListElement":[{"@type":"ListItem","position":1,"name":"In\u00edcio","item":"https:\/\/jornaldasoficinas.com\/pt\/"},{"@type":"ListItem","position":2,"name":"5\u00aa edi\u00e7\u00e3o do &#8220;Cl\u00e1ssicos na Magn\u00f3lia&#8221; homenageia os anos 50"}]},{"@type":"WebSite","@id":"https:\/\/jornaldasoficinas.com\/pt\/#website","url":"https:\/\/jornaldasoficinas.com\/pt\/","name":"Jornal das Oficinas","description":"Jornal independente do Aftermarket Autom\u00f3vel em Portugal","publisher":{"@id":"https:\/\/jornaldasoficinas.com\/pt\/#organization"},"potentialAction":[{"@type":"SearchAction","target":{"@type":"EntryPoint","urlTemplate":"https:\/\/jornaldasoficinas.com\/pt\/?s={search_term_string}"},"query-input":{"@type":"PropertyValueSpecification","valueRequired":true,"valueName":"search_term_string"}}],"inLanguage":"pt-PT"},{"@type":"Organization","@id":"https:\/\/jornaldasoficinas.com\/pt\/#organization","name":"Jornal das Oficinas","url":"https:\/\/jornaldasoficinas.com\/pt\/","logo":{"@type":"ImageObject","inLanguage":"pt-PT","@id":"https:\/\/jornaldasoficinas.com\/pt\/#\/schema\/logo\/image\/","url":"https:\/\/jornaldasoficinas.com\/pt\/wp-content\/uploads\/logoJO-SEO.png","contentUrl":"https:\/\/jornaldasoficinas.com\/pt\/wp-content\/uploads\/logoJO-SEO.png","width":285,"height":450,"caption":"Jornal das Oficinas"},"image":{"@id":"https:\/\/jornaldasoficinas.com\/pt\/#\/schema\/logo\/image\/"},"sameAs":["https:\/\/www.facebook.com\/jornaloficinas","https:\/\/x.com\/jornaloficinas","https:\/\/www.instagram.com\/jornal_oficinas\/","https:\/\/www.linkedin.com\/company\/jornal-das-oficinas\/","https:\/\/www.youtube.com\/channel\/UCbQZBqtcvV-oSQrr7RzINGg"]},{"@type":"Person","@id":"https:\/\/jornaldasoficinas.com\/pt\/#\/schema\/person\/a38eef5de2c41d9e7c9ac10141afddf3","name":"Reda\u00e7\u00e3o JO","image":{"@type":"ImageObject","inLanguage":"pt-PT","@id":"https:\/\/secure.gravatar.com\/avatar\/71f2fa71737ad68a84fea94bc708ddac8ea5b0c4788dc2ad202f3ccb2887742f?s=96&d=wp_user_avatar&r=g","url":"https:\/\/secure.gravatar.com\/avatar\/71f2fa71737ad68a84fea94bc708ddac8ea5b0c4788dc2ad202f3ccb2887742f?s=96&d=wp_user_avatar&r=g","contentUrl":"https:\/\/secure.gravatar.com\/avatar\/71f2fa71737ad68a84fea94bc708ddac8ea5b0c4788dc2ad202f3ccb2887742f?s=96&d=wp_user_avatar&r=g","caption":"Reda\u00e7\u00e3o JO"},"url":"https:\/\/jornaldasoficinas.com\/pt\/author\/joredacao\/"}]}},"_links":{"self":[{"href":"https:\/\/jornaldasoficinas.com\/pt\/wp-json\/wp\/v2\/posts\/88563","targetHints":{"allow":["GET"]}}],"collection":[{"href":"https:\/\/jornaldasoficinas.com\/pt\/wp-json\/wp\/v2\/posts"}],"about":[{"href":"https:\/\/jornaldasoficinas.com\/pt\/wp-json\/wp\/v2\/types\/post"}],"author":[{"embeddable":true,"href":"https:\/\/jornaldasoficinas.com\/pt\/wp-json\/wp\/v2\/users\/15"}],"replies":[{"embeddable":true,"href":"https:\/\/jornaldasoficinas.com\/pt\/wp-json\/wp\/v2\/comments?post=88563"}],"version-history":[{"count":0,"href":"https:\/\/jornaldasoficinas.com\/pt\/wp-json\/wp\/v2\/posts\/88563\/revisions"}],"wp:featuredmedia":[{"embeddable":true,"href":"https:\/\/jornaldasoficinas.com\/pt\/wp-json\/wp\/v2\/media\/88572"}],"wp:attachment":[{"href":"https:\/\/jornaldasoficinas.com\/pt\/wp-json\/wp\/v2\/media?parent=88563"}],"wp:term":[{"taxonomy":"category","embeddable":true,"href":"https:\/\/jornaldasoficinas.com\/pt\/wp-json\/wp\/v2\/categories?post=88563"},{"taxonomy":"post_tag","embeddable":true,"href":"https:\/\/jornaldasoficinas.com\/pt\/wp-json\/wp\/v2\/tags?post=88563"}],"curies":[{"name":"wp","href":"https:\/\/api.w.org\/{rel}","templated":true}]}}