{"id":88599,"date":"2024-07-28T21:00:20","date_gmt":"2024-07-28T20:00:20","guid":{"rendered":"https:\/\/jornaldasoficinas.com\/pt\/?p=88599"},"modified":"2024-07-26T14:03:58","modified_gmt":"2024-07-26T13:03:58","slug":"valeo-foco-nas-pecas-remanufaturadas","status":"publish","type":"post","link":"https:\/\/jornaldasoficinas.com\/pt\/valeo-foco-nas-pecas-remanufaturadas\/","title":{"rendered":"Valeo: Foco nas pe\u00e7as remanufaturadas"},"content":{"rendered":"<p><img loading=\"lazy\" decoding=\"async\" class=\"alignnone size-full wp-image-88580\" src=\"https:\/\/jornaldasoficinas.com\/pt\/wp-content\/uploads\/2024\/07\/N3_pecas_remanufaturadas.jpeg\" alt=\"07 - N3_pecas_remanufaturadas\" width=\"1024\" height=\"581\" srcset=\"https:\/\/jornaldasoficinas.com\/pt\/wp-content\/uploads\/2024\/07\/N3_pecas_remanufaturadas.jpeg 1024w, https:\/\/jornaldasoficinas.com\/pt\/wp-content\/uploads\/2024\/07\/N3_pecas_remanufaturadas-300x170.jpeg 300w, https:\/\/jornaldasoficinas.com\/pt\/wp-content\/uploads\/2024\/07\/N3_pecas_remanufaturadas-150x85.jpeg 150w, https:\/\/jornaldasoficinas.com\/pt\/wp-content\/uploads\/2024\/07\/N3_pecas_remanufaturadas-768x436.jpeg 768w\" sizes=\"auto, (max-width: 1024px) 100vw, 1024px\" \/><\/p>\n<p><strong>O Jornal das Oficinas esteve em Chechowice-Dziedzice, na Pol\u00f3nia, para visitar a f\u00e1brica da <a href=\"https:\/\/www.valeoservice.pt\/pt-pt\" target=\"_blank\" rel=\"noopener\">Valeo<\/a> e ficar a conhecer ao detalhe o seu plano estrat\u00e9gico global que promete duplicar o volume de pe\u00e7as remanufaturadas at\u00e9 2030<\/strong><\/p>\n<p>A cada ano, a Valeo tem vindo a remanufaturar, aproximadamente, 1 milh\u00e3o de pe\u00e7as e oferece um cat\u00e1logo com mais de 8 mil refer\u00eancias em todo o mundo. Durante a confer\u00eancia de imprensa e visita \u00e0 f\u00e1brica em Chechowice-Dziedzice, na Pol\u00f3nia, os respons\u00e1veis destacaram que, sendo a economia circular uma \u201cpedra angular\u201d da sua estrat\u00e9gia, o objetivo \u00e9 duplicar esses n\u00fameros at\u00e9 2030. Para a concretiza\u00e7\u00e3o deste objetivo, o elemento chave ser\u00e1 a expans\u00e3o, atrav\u00e9s do refor\u00e7o do portf\u00f3lio atual e da diversifica\u00e7\u00e3o para outras formas de mobilidade. Com o crescente aumento dos ve\u00edculos eletrificados e dos sistemas avan\u00e7ados de assist\u00eancia ao condutor (ADAS), a expans\u00e3o do portf\u00f3lio permitir\u00e1 atender ao desenvolvimento deste mercado.<\/p>\n<p>Na f\u00e1brica com 80.000 m2, trabalham 500 pessoas que gerem cerca de 400 projetos de remanufatura\u00e7\u00e3o por ano e um stock de mais de um milh\u00e3o de cascos provenientes de toda a Europa.<\/p>\n<p><strong>Ambicioso plano de sustentabilidade<\/strong><br \/>\nA Valeo tem um ambicioso plano de sustentabilidade, que est\u00e1 assente em duas frentes: por um lado, o projeto CAP 50, com o qual a Valeo pretende alcan\u00e7ar a neutralidade de carbono at\u00e9 2050 em todas as suas opera\u00e7\u00f5es, e por outro lado, o programa 4R, que defende a \u201crepara\u00e7\u00e3o\u201d, a \u201cremanufactura\u201d, a \u201creciclagem\u201d e a utiliza\u00e7\u00e3o de um design \u201crobusto\u201d.<\/p>\n<p>A Valeo defende um mercado p\u00f3s-venda circular, que assenta na repara\u00e7\u00e3o e na reconstru\u00e7\u00e3o. As raz\u00f5es s\u00e3o \u00f3bvias, uma vez que a pe\u00e7a remanufaturada reduz a utiliza\u00e7\u00e3o de materiais em 80% e a pegada de carbono em 50 a 80%, sem comprometer a qualidade.<\/p>\n<p>Atualmente, a Valeo remanufactura produtos de oito fam\u00edlias (alternadores, motores de arranque, compressores, pin\u00e7as de trav\u00e3o, embraiagens de cami\u00e3o, volante bimassa, embraiagens duplas e conversores de bin\u00e1rio), mas pretende acrescentar novos produtos e servi\u00e7os, incluindo a repara\u00e7\u00e3o de produtos eletr\u00f3nicos e componentes para a nova mobilidade, como motores para bicicletas el\u00e9tricas. Especial aten\u00e7\u00e3o vai ser dada \u00e0 repara\u00e7\u00e3o de pe\u00e7as eletr\u00f3nicas, com as quais a empresa pretende oferecer uma alternativa em produtos como inversores, carregadores, compressores el\u00e9tricos, sistemas de 48V, far\u00f3is e c\u00e2maras frontais, entre outros. E tudo isto \u00e9 complementado por processos mais limpos, gra\u00e7as \u00e0 instala\u00e7\u00e3o de pain\u00e9is solares, \u00e0 redu\u00e7\u00e3o do consumo de \u00e1gua e \u00e0 recupera\u00e7\u00e3o de res\u00edduos. Solu\u00e7\u00f5es que o fabricante re\u00fane sob a \u00e9gide do I Care 4 the Planet, o programa de sustentabilidade desenvolvido pela divis\u00e3o de p\u00f3s-venda do grupo, Valeo Service, que tem em conta desde o desenvolvimento do produto at\u00e9 \u00e0 embalagem e ao transporte, com o objetivo de reduzir o impacto ambiental.<\/p>\n<p>A Valeo anunciou uma colabora\u00e7\u00e3o saiba qual na edi\u00e7\u00e3o impressa do Jornal das Oficinas de junho\/julho, <a href=\"https:\/\/www.yumpu.com\/pt\/document\/read\/68733338\/jornal-das-oficinas-127\/52\" target=\"_blank\" rel=\"noopener\">aqui<\/a>.<\/p>\n","protected":false},"excerpt":{"rendered":"<p>O Jornal das Oficinas esteve em&#8230;<\/p>\n","protected":false},"author":15,"featured_media":88580,"comment_status":"closed","ping_status":"closed","sticky":false,"template":"","format":"standard","meta":{"footnotes":""},"categories":[29],"tags":[10022,10023,9195,10024,5684,9210,1767,917],"class_list":["post-88599","post","type-post","status-publish","format-standard","has-post-thumbnail","hentry","category-empresas","tag-1-milhao-de-pecas","tag-8-mil-referencias","tag-pecas-remanufaturadas","tag-plano-estrategico-global","tag-polonia","tag-smovengo","tag-sustentabilidade","tag-valeo"],"yoast_head":"<!-- This site is optimized with the Yoast SEO plugin v27.5 - https:\/\/yoast.com\/product\/yoast-seo-wordpress\/ -->\n<title>Valeo: Foco nas pe\u00e7as remanufaturadas - Jornal das Oficinas<\/title>\n<meta name=\"description\" content=\"Estivemos em Chechowice-Dziedzice, na Pol\u00f3nia, para visitar a f\u00e1brica da Valeo e ficar a conhecer ao detalhe o seu plano estrat\u00e9gico global\" \/>\n<meta name=\"robots\" content=\"index, follow, max-snippet:-1, max-image-preview:large, max-video-preview:-1\" \/>\n<link rel=\"canonical\" href=\"https:\/\/jornaldasoficinas.com\/pt\/valeo-foco-nas-pecas-remanufaturadas\/\" \/>\n<meta property=\"og:locale\" content=\"pt_PT\" \/>\n<meta property=\"og:type\" content=\"article\" \/>\n<meta property=\"og:title\" content=\"Valeo: Foco nas pe\u00e7as remanufaturadas - Jornal das Oficinas\" \/>\n<meta property=\"og:description\" content=\"Estivemos em Chechowice-Dziedzice, na Pol\u00f3nia, para visitar a f\u00e1brica da Valeo e ficar a conhecer ao detalhe o seu plano estrat\u00e9gico global\" \/>\n<meta property=\"og:url\" content=\"https:\/\/jornaldasoficinas.com\/pt\/valeo-foco-nas-pecas-remanufaturadas\/\" \/>\n<meta property=\"og:site_name\" content=\"Jornal das Oficinas\" \/>\n<meta property=\"article:publisher\" content=\"https:\/\/www.facebook.com\/jornaloficinas\" \/>\n<meta property=\"article:published_time\" content=\"2024-07-28T20:00:20+00:00\" \/>\n<meta property=\"og:image\" content=\"https:\/\/jornaldasoficinas.com\/pt\/wp-content\/uploads\/2024\/07\/N3_pecas_remanufaturadas.jpeg\" \/>\n\t<meta property=\"og:image:width\" content=\"1024\" \/>\n\t<meta property=\"og:image:height\" content=\"581\" \/>\n\t<meta property=\"og:image:type\" content=\"image\/jpeg\" \/>\n<meta name=\"author\" content=\"Reda\u00e7\u00e3o JO\" \/>\n<meta name=\"twitter:card\" content=\"summary_large_image\" \/>\n<meta name=\"twitter:creator\" content=\"@jornaloficinas\" \/>\n<meta name=\"twitter:site\" content=\"@jornaloficinas\" \/>\n<meta name=\"twitter:label1\" content=\"Escrito por\" \/>\n\t<meta name=\"twitter:data1\" content=\"Reda\u00e7\u00e3o JO\" \/>\n\t<meta name=\"twitter:label2\" content=\"Tempo estimado de leitura\" \/>\n\t<meta name=\"twitter:data2\" content=\"4 minutos\" \/>\n<script type=\"application\/ld+json\" class=\"yoast-schema-graph\">{\"@context\":\"https:\\\/\\\/schema.org\",\"@graph\":[{\"@type\":\"Article\",\"@id\":\"https:\\\/\\\/jornaldasoficinas.com\\\/pt\\\/valeo-foco-nas-pecas-remanufaturadas\\\/#article\",\"isPartOf\":{\"@id\":\"https:\\\/\\\/jornaldasoficinas.com\\\/pt\\\/valeo-foco-nas-pecas-remanufaturadas\\\/\"},\"author\":{\"name\":\"Reda\u00e7\u00e3o JO\",\"@id\":\"https:\\\/\\\/jornaldasoficinas.com\\\/pt\\\/#\\\/schema\\\/person\\\/a38eef5de2c41d9e7c9ac10141afddf3\"},\"headline\":\"Valeo: Foco nas pe\u00e7as remanufaturadas\",\"datePublished\":\"2024-07-28T20:00:20+00:00\",\"mainEntityOfPage\":{\"@id\":\"https:\\\/\\\/jornaldasoficinas.com\\\/pt\\\/valeo-foco-nas-pecas-remanufaturadas\\\/\"},\"wordCount\":524,\"publisher\":{\"@id\":\"https:\\\/\\\/jornaldasoficinas.com\\\/pt\\\/#organization\"},\"image\":{\"@id\":\"https:\\\/\\\/jornaldasoficinas.com\\\/pt\\\/valeo-foco-nas-pecas-remanufaturadas\\\/#primaryimage\"},\"thumbnailUrl\":\"https:\\\/\\\/jornaldasoficinas.com\\\/pt\\\/wp-content\\\/uploads\\\/2024\\\/07\\\/N3_pecas_remanufaturadas.jpeg\",\"keywords\":[\"1 milh\u00e3o de pe\u00e7as\",\"8 mil refer\u00eancias\",\"pe\u00e7as remanufaturadas\",\"plano estrat\u00e9gico global\",\"Pol\u00f3nia\",\"Smovengo\",\"Sustentabilidade\",\"Valeo\"],\"articleSection\":[\"Empresas\"],\"inLanguage\":\"pt-PT\"},{\"@type\":\"WebPage\",\"@id\":\"https:\\\/\\\/jornaldasoficinas.com\\\/pt\\\/valeo-foco-nas-pecas-remanufaturadas\\\/\",\"url\":\"https:\\\/\\\/jornaldasoficinas.com\\\/pt\\\/valeo-foco-nas-pecas-remanufaturadas\\\/\",\"name\":\"Valeo: Foco nas pe\u00e7as remanufaturadas - Jornal das Oficinas\",\"isPartOf\":{\"@id\":\"https:\\\/\\\/jornaldasoficinas.com\\\/pt\\\/#website\"},\"primaryImageOfPage\":{\"@id\":\"https:\\\/\\\/jornaldasoficinas.com\\\/pt\\\/valeo-foco-nas-pecas-remanufaturadas\\\/#primaryimage\"},\"image\":{\"@id\":\"https:\\\/\\\/jornaldasoficinas.com\\\/pt\\\/valeo-foco-nas-pecas-remanufaturadas\\\/#primaryimage\"},\"thumbnailUrl\":\"https:\\\/\\\/jornaldasoficinas.com\\\/pt\\\/wp-content\\\/uploads\\\/2024\\\/07\\\/N3_pecas_remanufaturadas.jpeg\",\"datePublished\":\"2024-07-28T20:00:20+00:00\",\"description\":\"Estivemos em Chechowice-Dziedzice, na Pol\u00f3nia, para visitar a f\u00e1brica da Valeo e ficar a conhecer ao detalhe o seu plano estrat\u00e9gico global\",\"breadcrumb\":{\"@id\":\"https:\\\/\\\/jornaldasoficinas.com\\\/pt\\\/valeo-foco-nas-pecas-remanufaturadas\\\/#breadcrumb\"},\"inLanguage\":\"pt-PT\",\"potentialAction\":[{\"@type\":\"ReadAction\",\"target\":[\"https:\\\/\\\/jornaldasoficinas.com\\\/pt\\\/valeo-foco-nas-pecas-remanufaturadas\\\/\"]}]},{\"@type\":\"ImageObject\",\"inLanguage\":\"pt-PT\",\"@id\":\"https:\\\/\\\/jornaldasoficinas.com\\\/pt\\\/valeo-foco-nas-pecas-remanufaturadas\\\/#primaryimage\",\"url\":\"https:\\\/\\\/jornaldasoficinas.com\\\/pt\\\/wp-content\\\/uploads\\\/2024\\\/07\\\/N3_pecas_remanufaturadas.jpeg\",\"contentUrl\":\"https:\\\/\\\/jornaldasoficinas.com\\\/pt\\\/wp-content\\\/uploads\\\/2024\\\/07\\\/N3_pecas_remanufaturadas.jpeg\",\"width\":1024,\"height\":581,\"caption\":\"07 - N3_pecas_remanufaturadas\"},{\"@type\":\"BreadcrumbList\",\"@id\":\"https:\\\/\\\/jornaldasoficinas.com\\\/pt\\\/valeo-foco-nas-pecas-remanufaturadas\\\/#breadcrumb\",\"itemListElement\":[{\"@type\":\"ListItem\",\"position\":1,\"name\":\"In\u00edcio\",\"item\":\"https:\\\/\\\/jornaldasoficinas.com\\\/pt\\\/\"},{\"@type\":\"ListItem\",\"position\":2,\"name\":\"Valeo: Foco nas pe\u00e7as remanufaturadas\"}]},{\"@type\":\"WebSite\",\"@id\":\"https:\\\/\\\/jornaldasoficinas.com\\\/pt\\\/#website\",\"url\":\"https:\\\/\\\/jornaldasoficinas.com\\\/pt\\\/\",\"name\":\"Jornal das Oficinas\",\"description\":\"Jornal independente do Aftermarket Autom\u00f3vel em Portugal\",\"publisher\":{\"@id\":\"https:\\\/\\\/jornaldasoficinas.com\\\/pt\\\/#organization\"},\"potentialAction\":[{\"@type\":\"SearchAction\",\"target\":{\"@type\":\"EntryPoint\",\"urlTemplate\":\"https:\\\/\\\/jornaldasoficinas.com\\\/pt\\\/?s={search_term_string}\"},\"query-input\":{\"@type\":\"PropertyValueSpecification\",\"valueRequired\":true,\"valueName\":\"search_term_string\"}}],\"inLanguage\":\"pt-PT\"},{\"@type\":\"Organization\",\"@id\":\"https:\\\/\\\/jornaldasoficinas.com\\\/pt\\\/#organization\",\"name\":\"Jornal das Oficinas\",\"url\":\"https:\\\/\\\/jornaldasoficinas.com\\\/pt\\\/\",\"logo\":{\"@type\":\"ImageObject\",\"inLanguage\":\"pt-PT\",\"@id\":\"https:\\\/\\\/jornaldasoficinas.com\\\/pt\\\/#\\\/schema\\\/logo\\\/image\\\/\",\"url\":\"https:\\\/\\\/jornaldasoficinas.com\\\/pt\\\/wp-content\\\/uploads\\\/logoJO-SEO.png\",\"contentUrl\":\"https:\\\/\\\/jornaldasoficinas.com\\\/pt\\\/wp-content\\\/uploads\\\/logoJO-SEO.png\",\"width\":285,\"height\":450,\"caption\":\"Jornal das Oficinas\"},\"image\":{\"@id\":\"https:\\\/\\\/jornaldasoficinas.com\\\/pt\\\/#\\\/schema\\\/logo\\\/image\\\/\"},\"sameAs\":[\"https:\\\/\\\/www.facebook.com\\\/jornaloficinas\",\"https:\\\/\\\/x.com\\\/jornaloficinas\",\"https:\\\/\\\/www.instagram.com\\\/jornal_oficinas\\\/\",\"https:\\\/\\\/www.linkedin.com\\\/company\\\/jornal-das-oficinas\\\/\",\"https:\\\/\\\/www.youtube.com\\\/channel\\\/UCbQZBqtcvV-oSQrr7RzINGg\"]},{\"@type\":\"Person\",\"@id\":\"https:\\\/\\\/jornaldasoficinas.com\\\/pt\\\/#\\\/schema\\\/person\\\/a38eef5de2c41d9e7c9ac10141afddf3\",\"name\":\"Reda\u00e7\u00e3o JO\",\"image\":{\"@type\":\"ImageObject\",\"inLanguage\":\"pt-PT\",\"@id\":\"https:\\\/\\\/secure.gravatar.com\\\/avatar\\\/71f2fa71737ad68a84fea94bc708ddac8ea5b0c4788dc2ad202f3ccb2887742f?s=96&d=wp_user_avatar&r=g\",\"url\":\"https:\\\/\\\/secure.gravatar.com\\\/avatar\\\/71f2fa71737ad68a84fea94bc708ddac8ea5b0c4788dc2ad202f3ccb2887742f?s=96&d=wp_user_avatar&r=g\",\"contentUrl\":\"https:\\\/\\\/secure.gravatar.com\\\/avatar\\\/71f2fa71737ad68a84fea94bc708ddac8ea5b0c4788dc2ad202f3ccb2887742f?s=96&d=wp_user_avatar&r=g\",\"caption\":\"Reda\u00e7\u00e3o JO\"},\"url\":\"https:\\\/\\\/jornaldasoficinas.com\\\/pt\\\/author\\\/joredacao\\\/\"}]}<\/script>\n<!-- \/ Yoast SEO plugin. -->","yoast_head_json":{"title":"Valeo: Foco nas pe\u00e7as remanufaturadas - Jornal das Oficinas","description":"Estivemos em Chechowice-Dziedzice, na Pol\u00f3nia, para visitar a f\u00e1brica da Valeo e ficar a conhecer ao detalhe o seu plano estrat\u00e9gico global","robots":{"index":"index","follow":"follow","max-snippet":"max-snippet:-1","max-image-preview":"max-image-preview:large","max-video-preview":"max-video-preview:-1"},"canonical":"https:\/\/jornaldasoficinas.com\/pt\/valeo-foco-nas-pecas-remanufaturadas\/","og_locale":"pt_PT","og_type":"article","og_title":"Valeo: Foco nas pe\u00e7as remanufaturadas - Jornal das Oficinas","og_description":"Estivemos em Chechowice-Dziedzice, na Pol\u00f3nia, para visitar a f\u00e1brica da Valeo e ficar a conhecer ao detalhe o seu plano estrat\u00e9gico global","og_url":"https:\/\/jornaldasoficinas.com\/pt\/valeo-foco-nas-pecas-remanufaturadas\/","og_site_name":"Jornal das Oficinas","article_publisher":"https:\/\/www.facebook.com\/jornaloficinas","article_published_time":"2024-07-28T20:00:20+00:00","og_image":[{"width":1024,"height":581,"url":"https:\/\/jornaldasoficinas.com\/pt\/wp-content\/uploads\/2024\/07\/N3_pecas_remanufaturadas.jpeg","type":"image\/jpeg"}],"author":"Reda\u00e7\u00e3o JO","twitter_card":"summary_large_image","twitter_creator":"@jornaloficinas","twitter_site":"@jornaloficinas","twitter_misc":{"Escrito por":"Reda\u00e7\u00e3o JO","Tempo estimado de leitura":"4 minutos"},"schema":{"@context":"https:\/\/schema.org","@graph":[{"@type":"Article","@id":"https:\/\/jornaldasoficinas.com\/pt\/valeo-foco-nas-pecas-remanufaturadas\/#article","isPartOf":{"@id":"https:\/\/jornaldasoficinas.com\/pt\/valeo-foco-nas-pecas-remanufaturadas\/"},"author":{"name":"Reda\u00e7\u00e3o JO","@id":"https:\/\/jornaldasoficinas.com\/pt\/#\/schema\/person\/a38eef5de2c41d9e7c9ac10141afddf3"},"headline":"Valeo: Foco nas pe\u00e7as remanufaturadas","datePublished":"2024-07-28T20:00:20+00:00","mainEntityOfPage":{"@id":"https:\/\/jornaldasoficinas.com\/pt\/valeo-foco-nas-pecas-remanufaturadas\/"},"wordCount":524,"publisher":{"@id":"https:\/\/jornaldasoficinas.com\/pt\/#organization"},"image":{"@id":"https:\/\/jornaldasoficinas.com\/pt\/valeo-foco-nas-pecas-remanufaturadas\/#primaryimage"},"thumbnailUrl":"https:\/\/jornaldasoficinas.com\/pt\/wp-content\/uploads\/2024\/07\/N3_pecas_remanufaturadas.jpeg","keywords":["1 milh\u00e3o de pe\u00e7as","8 mil refer\u00eancias","pe\u00e7as remanufaturadas","plano estrat\u00e9gico global","Pol\u00f3nia","Smovengo","Sustentabilidade","Valeo"],"articleSection":["Empresas"],"inLanguage":"pt-PT"},{"@type":"WebPage","@id":"https:\/\/jornaldasoficinas.com\/pt\/valeo-foco-nas-pecas-remanufaturadas\/","url":"https:\/\/jornaldasoficinas.com\/pt\/valeo-foco-nas-pecas-remanufaturadas\/","name":"Valeo: Foco nas pe\u00e7as remanufaturadas - Jornal das Oficinas","isPartOf":{"@id":"https:\/\/jornaldasoficinas.com\/pt\/#website"},"primaryImageOfPage":{"@id":"https:\/\/jornaldasoficinas.com\/pt\/valeo-foco-nas-pecas-remanufaturadas\/#primaryimage"},"image":{"@id":"https:\/\/jornaldasoficinas.com\/pt\/valeo-foco-nas-pecas-remanufaturadas\/#primaryimage"},"thumbnailUrl":"https:\/\/jornaldasoficinas.com\/pt\/wp-content\/uploads\/2024\/07\/N3_pecas_remanufaturadas.jpeg","datePublished":"2024-07-28T20:00:20+00:00","description":"Estivemos em Chechowice-Dziedzice, na Pol\u00f3nia, para visitar a f\u00e1brica da Valeo e ficar a conhecer ao detalhe o seu plano estrat\u00e9gico global","breadcrumb":{"@id":"https:\/\/jornaldasoficinas.com\/pt\/valeo-foco-nas-pecas-remanufaturadas\/#breadcrumb"},"inLanguage":"pt-PT","potentialAction":[{"@type":"ReadAction","target":["https:\/\/jornaldasoficinas.com\/pt\/valeo-foco-nas-pecas-remanufaturadas\/"]}]},{"@type":"ImageObject","inLanguage":"pt-PT","@id":"https:\/\/jornaldasoficinas.com\/pt\/valeo-foco-nas-pecas-remanufaturadas\/#primaryimage","url":"https:\/\/jornaldasoficinas.com\/pt\/wp-content\/uploads\/2024\/07\/N3_pecas_remanufaturadas.jpeg","contentUrl":"https:\/\/jornaldasoficinas.com\/pt\/wp-content\/uploads\/2024\/07\/N3_pecas_remanufaturadas.jpeg","width":1024,"height":581,"caption":"07 - N3_pecas_remanufaturadas"},{"@type":"BreadcrumbList","@id":"https:\/\/jornaldasoficinas.com\/pt\/valeo-foco-nas-pecas-remanufaturadas\/#breadcrumb","itemListElement":[{"@type":"ListItem","position":1,"name":"In\u00edcio","item":"https:\/\/jornaldasoficinas.com\/pt\/"},{"@type":"ListItem","position":2,"name":"Valeo: Foco nas pe\u00e7as remanufaturadas"}]},{"@type":"WebSite","@id":"https:\/\/jornaldasoficinas.com\/pt\/#website","url":"https:\/\/jornaldasoficinas.com\/pt\/","name":"Jornal das Oficinas","description":"Jornal independente do Aftermarket Autom\u00f3vel em Portugal","publisher":{"@id":"https:\/\/jornaldasoficinas.com\/pt\/#organization"},"potentialAction":[{"@type":"SearchAction","target":{"@type":"EntryPoint","urlTemplate":"https:\/\/jornaldasoficinas.com\/pt\/?s={search_term_string}"},"query-input":{"@type":"PropertyValueSpecification","valueRequired":true,"valueName":"search_term_string"}}],"inLanguage":"pt-PT"},{"@type":"Organization","@id":"https:\/\/jornaldasoficinas.com\/pt\/#organization","name":"Jornal das Oficinas","url":"https:\/\/jornaldasoficinas.com\/pt\/","logo":{"@type":"ImageObject","inLanguage":"pt-PT","@id":"https:\/\/jornaldasoficinas.com\/pt\/#\/schema\/logo\/image\/","url":"https:\/\/jornaldasoficinas.com\/pt\/wp-content\/uploads\/logoJO-SEO.png","contentUrl":"https:\/\/jornaldasoficinas.com\/pt\/wp-content\/uploads\/logoJO-SEO.png","width":285,"height":450,"caption":"Jornal das Oficinas"},"image":{"@id":"https:\/\/jornaldasoficinas.com\/pt\/#\/schema\/logo\/image\/"},"sameAs":["https:\/\/www.facebook.com\/jornaloficinas","https:\/\/x.com\/jornaloficinas","https:\/\/www.instagram.com\/jornal_oficinas\/","https:\/\/www.linkedin.com\/company\/jornal-das-oficinas\/","https:\/\/www.youtube.com\/channel\/UCbQZBqtcvV-oSQrr7RzINGg"]},{"@type":"Person","@id":"https:\/\/jornaldasoficinas.com\/pt\/#\/schema\/person\/a38eef5de2c41d9e7c9ac10141afddf3","name":"Reda\u00e7\u00e3o JO","image":{"@type":"ImageObject","inLanguage":"pt-PT","@id":"https:\/\/secure.gravatar.com\/avatar\/71f2fa71737ad68a84fea94bc708ddac8ea5b0c4788dc2ad202f3ccb2887742f?s=96&d=wp_user_avatar&r=g","url":"https:\/\/secure.gravatar.com\/avatar\/71f2fa71737ad68a84fea94bc708ddac8ea5b0c4788dc2ad202f3ccb2887742f?s=96&d=wp_user_avatar&r=g","contentUrl":"https:\/\/secure.gravatar.com\/avatar\/71f2fa71737ad68a84fea94bc708ddac8ea5b0c4788dc2ad202f3ccb2887742f?s=96&d=wp_user_avatar&r=g","caption":"Reda\u00e7\u00e3o JO"},"url":"https:\/\/jornaldasoficinas.com\/pt\/author\/joredacao\/"}]}},"_links":{"self":[{"href":"https:\/\/jornaldasoficinas.com\/pt\/wp-json\/wp\/v2\/posts\/88599","targetHints":{"allow":["GET"]}}],"collection":[{"href":"https:\/\/jornaldasoficinas.com\/pt\/wp-json\/wp\/v2\/posts"}],"about":[{"href":"https:\/\/jornaldasoficinas.com\/pt\/wp-json\/wp\/v2\/types\/post"}],"author":[{"embeddable":true,"href":"https:\/\/jornaldasoficinas.com\/pt\/wp-json\/wp\/v2\/users\/15"}],"replies":[{"embeddable":true,"href":"https:\/\/jornaldasoficinas.com\/pt\/wp-json\/wp\/v2\/comments?post=88599"}],"version-history":[{"count":0,"href":"https:\/\/jornaldasoficinas.com\/pt\/wp-json\/wp\/v2\/posts\/88599\/revisions"}],"wp:featuredmedia":[{"embeddable":true,"href":"https:\/\/jornaldasoficinas.com\/pt\/wp-json\/wp\/v2\/media\/88580"}],"wp:attachment":[{"href":"https:\/\/jornaldasoficinas.com\/pt\/wp-json\/wp\/v2\/media?parent=88599"}],"wp:term":[{"taxonomy":"category","embeddable":true,"href":"https:\/\/jornaldasoficinas.com\/pt\/wp-json\/wp\/v2\/categories?post=88599"},{"taxonomy":"post_tag","embeddable":true,"href":"https:\/\/jornaldasoficinas.com\/pt\/wp-json\/wp\/v2\/tags?post=88599"}],"curies":[{"name":"wp","href":"https:\/\/api.w.org\/{rel}","templated":true}]}}