{"id":88611,"date":"2024-07-29T12:30:13","date_gmt":"2024-07-29T11:30:13","guid":{"rendered":"https:\/\/jornaldasoficinas.com\/pt\/?p=88611"},"modified":"2024-07-26T12:46:35","modified_gmt":"2024-07-26T11:46:35","slug":"vanguard-properties-promove-mobilidade-sustentavel-na-comporta","status":"publish","type":"post","link":"https:\/\/jornaldasoficinas.com\/pt\/vanguard-properties-promove-mobilidade-sustentavel-na-comporta\/","title":{"rendered":"Vanguard Properties promove mobilidade sustent\u00e1vel na Comporta"},"content":{"rendered":"<p><strong><img loading=\"lazy\" decoding=\"async\" class=\"alignnone size-full wp-image-88617\" src=\"https:\/\/jornaldasoficinas.com\/pt\/wp-content\/uploads\/2024\/07\/Vanguard-Properties-promove-mobilidade-sustentavel-na-Comporta.png\" alt=\"07 - Vanguard Properties promove mobilidade sustentavel na Comporta\" width=\"1024\" height=\"581\" srcset=\"https:\/\/jornaldasoficinas.com\/pt\/wp-content\/uploads\/2024\/07\/Vanguard-Properties-promove-mobilidade-sustentavel-na-Comporta.png 1024w, https:\/\/jornaldasoficinas.com\/pt\/wp-content\/uploads\/2024\/07\/Vanguard-Properties-promove-mobilidade-sustentavel-na-Comporta-300x170.png 300w, https:\/\/jornaldasoficinas.com\/pt\/wp-content\/uploads\/2024\/07\/Vanguard-Properties-promove-mobilidade-sustentavel-na-Comporta-150x85.png 150w, https:\/\/jornaldasoficinas.com\/pt\/wp-content\/uploads\/2024\/07\/Vanguard-Properties-promove-mobilidade-sustentavel-na-Comporta-768x436.png 768w\" sizes=\"auto, (max-width: 1024px) 100vw, 1024px\" \/><\/strong><\/p>\n<p><strong>A <a href=\"https:\/\/www.vangproperties.com\/en\/\" target=\"_blank\" rel=\"noopener\">Vanguard Properties<\/a>, em parceria com a <a href=\"https:\/\/www.iberdrola.pt\/\" target=\"_blank\" rel=\"noopener\">Iberdrola<\/a> e <a href=\"https:\/\/www.porsche.com\/\" target=\"_blank\" rel=\"noopener\">Porsche<\/a>, acaba de anunciar um acordo para a instala\u00e7\u00e3o de carregadores el\u00e9tricos no Golf Dunas Course &#8211; Terras da Comporta<\/strong><\/p>\n<p>Este acordo, que se afirma como mais um passo na concretiza\u00e7\u00e3o do plano de sustentabilidade da Vanguard Properties, vai promover a efici\u00eancia energ\u00e9tica na regi\u00e3o da Comporta. Nesta \u00e1rea, entre as iniciativas j\u00e1 anunciadas pela empresa, destacam-se a utiliza\u00e7\u00e3o de materiais de constru\u00e7\u00e3o ecol\u00f3gicos, a implementa\u00e7\u00e3o de sistemas de gest\u00e3o de \u00e1guas de \u00faltima gera\u00e7\u00e3o, Comunidades Energ\u00e9ticas e a promo\u00e7\u00e3o de pr\u00e1ticas sustent\u00e1veis na regi\u00e3o.<\/p>\n<p>Jos\u00e9 Cardoso Botelho, CEO da Vanguard Properties, destacou a import\u00e2ncia desta parceria: &#8220;Estamos muito entusiasmados com esta colabora\u00e7\u00e3o com a Porsche e a Iberdrola. Este projeto n\u00e3o s\u00f3 refor\u00e7a o nosso compromisso com a sustentabilidade, mas tamb\u00e9m oferece uma solu\u00e7\u00e3o pr\u00e1tica, de elevada qualidade e inovadora para os nossos residentes e visitantes. A Comporta \u00e9 uma regi\u00e3o \u00fanica e queremos assegurar que o seu desenvolvimento \u00e9 feito de forma respons\u00e1vel e sustent\u00e1vel&#8221;.<\/p>\n<p>Por sua vez, Nuno Costa, Marketing Manager da Porsche em Portugal, sublinhou a relev\u00e2ncia desta iniciativa para a marca: &#8220;Para a Porsche, a sustentabilidade \u00e9 atualmente um pilar fundamental. Este acordo com a Vanguard Properties permite-nos promover a rede Porsche Destination Charging, apoiando uma mobilidade mais verde e eficiente. Estamos extremamente orgulhosos de fazer parte de um projeto que tem um impacto positivo na comunidade e no ambiente&#8221;.<\/p>\n<p>Refira-se ainda que a instala\u00e7\u00e3o dos carregadores el\u00e9tricos ser\u00e1 realizada pela Iberdrola, que tamb\u00e9m assumir\u00e1 a opera\u00e7\u00e3o e a manuten\u00e7\u00e3o dos equipamentos. Este projeto permitir\u00e1 que os utilizadores de ve\u00edculos el\u00e9tricos possam carregar os seus autom\u00f3veis de forma conveniente enquanto desfrutam das instala\u00e7\u00f5es do Golf Dunas Course.<\/p>\n<p>&#8220;Este acordo \u00e9 um exemplo claro do compromisso da Vanguard Properties em integrar pr\u00e1ticas sustent\u00e1veis em todos os seus projetos, refor\u00e7ando a Comporta como um destino de refer\u00eancia no que diz respeito \u00e0 inova\u00e7\u00e3o. Aguardam-se ainda novas iniciativas por parte da Vanguard Properties, que continua a liderar o caminho na promo\u00e7\u00e3o de um futuro mais sustent\u00e1vel e ecol\u00f3gico para a regi\u00e3o da Comporta&#8221;, referiu a Vanguard Properties.<\/p>\n","protected":false},"excerpt":{"rendered":"<p>A Vanguard Properties, em parceria com&#8230;<\/p>\n","protected":false},"author":15,"featured_media":88617,"comment_status":"closed","ping_status":"closed","sticky":false,"template":"","format":"standard","meta":{"footnotes":""},"categories":[29],"tags":[1260,6838,751,3217,296,10026,10025],"class_list":["post-88611","post","type-post","status-publish","format-standard","has-post-thumbnail","hentry","category-empresas","tag-carregadores-eletricos","tag-iberdrola","tag-mobilidade-sustentavel","tag-parceria","tag-porsche","tag-terras-da-comporta","tag-vanguard-properties"],"yoast_head":"<!-- This site is optimized with the Yoast SEO plugin v27.5 - https:\/\/yoast.com\/product\/yoast-seo-wordpress\/ -->\n<title>Vanguard Properties promove mobilidade sustent\u00e1vel na Comporta - Jornal das Oficinas<\/title>\n<meta name=\"description\" content=\"A Vanguard Properties, em parceria com a Iberdrola e Porsche, anunciou um acordo para a instala\u00e7\u00e3o de carregadores el\u00e9tricos na Comporta\" \/>\n<meta name=\"robots\" content=\"index, follow, max-snippet:-1, max-image-preview:large, max-video-preview:-1\" \/>\n<link rel=\"canonical\" href=\"https:\/\/jornaldasoficinas.com\/pt\/vanguard-properties-promove-mobilidade-sustentavel-na-comporta\/\" \/>\n<meta property=\"og:locale\" content=\"pt_PT\" \/>\n<meta property=\"og:type\" content=\"article\" \/>\n<meta property=\"og:title\" content=\"Vanguard Properties promove mobilidade sustent\u00e1vel na Comporta - Jornal das Oficinas\" \/>\n<meta property=\"og:description\" content=\"A Vanguard Properties, em parceria com a Iberdrola e Porsche, anunciou um acordo para a instala\u00e7\u00e3o de carregadores el\u00e9tricos na Comporta\" \/>\n<meta property=\"og:url\" content=\"https:\/\/jornaldasoficinas.com\/pt\/vanguard-properties-promove-mobilidade-sustentavel-na-comporta\/\" \/>\n<meta property=\"og:site_name\" content=\"Jornal das Oficinas\" \/>\n<meta property=\"article:publisher\" content=\"https:\/\/www.facebook.com\/jornaloficinas\" \/>\n<meta property=\"article:published_time\" content=\"2024-07-29T11:30:13+00:00\" \/>\n<meta property=\"og:image\" content=\"https:\/\/jornaldasoficinas.com\/pt\/wp-content\/uploads\/2024\/07\/Vanguard-Properties-promove-mobilidade-sustentavel-na-Comporta.png\" \/>\n\t<meta property=\"og:image:width\" content=\"1024\" \/>\n\t<meta property=\"og:image:height\" content=\"581\" \/>\n\t<meta property=\"og:image:type\" content=\"image\/png\" \/>\n<meta name=\"author\" content=\"Reda\u00e7\u00e3o JO\" \/>\n<meta name=\"twitter:card\" content=\"summary_large_image\" \/>\n<meta name=\"twitter:creator\" content=\"@jornaloficinas\" \/>\n<meta name=\"twitter:site\" content=\"@jornaloficinas\" \/>\n<meta name=\"twitter:label1\" content=\"Escrito por\" \/>\n\t<meta name=\"twitter:data1\" content=\"Reda\u00e7\u00e3o JO\" \/>\n\t<meta name=\"twitter:label2\" content=\"Tempo estimado de leitura\" \/>\n\t<meta name=\"twitter:data2\" content=\"3 minutos\" \/>\n<script type=\"application\/ld+json\" class=\"yoast-schema-graph\">{\"@context\":\"https:\\\/\\\/schema.org\",\"@graph\":[{\"@type\":\"Article\",\"@id\":\"https:\\\/\\\/jornaldasoficinas.com\\\/pt\\\/vanguard-properties-promove-mobilidade-sustentavel-na-comporta\\\/#article\",\"isPartOf\":{\"@id\":\"https:\\\/\\\/jornaldasoficinas.com\\\/pt\\\/vanguard-properties-promove-mobilidade-sustentavel-na-comporta\\\/\"},\"author\":{\"name\":\"Reda\u00e7\u00e3o JO\",\"@id\":\"https:\\\/\\\/jornaldasoficinas.com\\\/pt\\\/#\\\/schema\\\/person\\\/a38eef5de2c41d9e7c9ac10141afddf3\"},\"headline\":\"Vanguard Properties promove mobilidade sustent\u00e1vel na Comporta\",\"datePublished\":\"2024-07-29T11:30:13+00:00\",\"mainEntityOfPage\":{\"@id\":\"https:\\\/\\\/jornaldasoficinas.com\\\/pt\\\/vanguard-properties-promove-mobilidade-sustentavel-na-comporta\\\/\"},\"wordCount\":397,\"publisher\":{\"@id\":\"https:\\\/\\\/jornaldasoficinas.com\\\/pt\\\/#organization\"},\"image\":{\"@id\":\"https:\\\/\\\/jornaldasoficinas.com\\\/pt\\\/vanguard-properties-promove-mobilidade-sustentavel-na-comporta\\\/#primaryimage\"},\"thumbnailUrl\":\"https:\\\/\\\/jornaldasoficinas.com\\\/pt\\\/wp-content\\\/uploads\\\/2024\\\/07\\\/Vanguard-Properties-promove-mobilidade-sustentavel-na-Comporta.png\",\"keywords\":[\"Carregadores el\u00e9tricos\",\"Iberdrola\",\"Mobilidade sustent\u00e1vel\",\"Parceria\",\"Porsche\",\"Terras da Comporta\",\"Vanguard Properties\"],\"articleSection\":[\"Empresas\"],\"inLanguage\":\"pt-PT\"},{\"@type\":\"WebPage\",\"@id\":\"https:\\\/\\\/jornaldasoficinas.com\\\/pt\\\/vanguard-properties-promove-mobilidade-sustentavel-na-comporta\\\/\",\"url\":\"https:\\\/\\\/jornaldasoficinas.com\\\/pt\\\/vanguard-properties-promove-mobilidade-sustentavel-na-comporta\\\/\",\"name\":\"Vanguard Properties promove mobilidade sustent\u00e1vel na Comporta - Jornal das Oficinas\",\"isPartOf\":{\"@id\":\"https:\\\/\\\/jornaldasoficinas.com\\\/pt\\\/#website\"},\"primaryImageOfPage\":{\"@id\":\"https:\\\/\\\/jornaldasoficinas.com\\\/pt\\\/vanguard-properties-promove-mobilidade-sustentavel-na-comporta\\\/#primaryimage\"},\"image\":{\"@id\":\"https:\\\/\\\/jornaldasoficinas.com\\\/pt\\\/vanguard-properties-promove-mobilidade-sustentavel-na-comporta\\\/#primaryimage\"},\"thumbnailUrl\":\"https:\\\/\\\/jornaldasoficinas.com\\\/pt\\\/wp-content\\\/uploads\\\/2024\\\/07\\\/Vanguard-Properties-promove-mobilidade-sustentavel-na-Comporta.png\",\"datePublished\":\"2024-07-29T11:30:13+00:00\",\"description\":\"A Vanguard Properties, em parceria com a Iberdrola e Porsche, anunciou um acordo para a instala\u00e7\u00e3o de carregadores el\u00e9tricos na Comporta\",\"breadcrumb\":{\"@id\":\"https:\\\/\\\/jornaldasoficinas.com\\\/pt\\\/vanguard-properties-promove-mobilidade-sustentavel-na-comporta\\\/#breadcrumb\"},\"inLanguage\":\"pt-PT\",\"potentialAction\":[{\"@type\":\"ReadAction\",\"target\":[\"https:\\\/\\\/jornaldasoficinas.com\\\/pt\\\/vanguard-properties-promove-mobilidade-sustentavel-na-comporta\\\/\"]}]},{\"@type\":\"ImageObject\",\"inLanguage\":\"pt-PT\",\"@id\":\"https:\\\/\\\/jornaldasoficinas.com\\\/pt\\\/vanguard-properties-promove-mobilidade-sustentavel-na-comporta\\\/#primaryimage\",\"url\":\"https:\\\/\\\/jornaldasoficinas.com\\\/pt\\\/wp-content\\\/uploads\\\/2024\\\/07\\\/Vanguard-Properties-promove-mobilidade-sustentavel-na-Comporta.png\",\"contentUrl\":\"https:\\\/\\\/jornaldasoficinas.com\\\/pt\\\/wp-content\\\/uploads\\\/2024\\\/07\\\/Vanguard-Properties-promove-mobilidade-sustentavel-na-Comporta.png\",\"width\":1024,\"height\":581,\"caption\":\"07 - Vanguard Properties promove mobilidade sustentavel na Comporta\"},{\"@type\":\"BreadcrumbList\",\"@id\":\"https:\\\/\\\/jornaldasoficinas.com\\\/pt\\\/vanguard-properties-promove-mobilidade-sustentavel-na-comporta\\\/#breadcrumb\",\"itemListElement\":[{\"@type\":\"ListItem\",\"position\":1,\"name\":\"In\u00edcio\",\"item\":\"https:\\\/\\\/jornaldasoficinas.com\\\/pt\\\/\"},{\"@type\":\"ListItem\",\"position\":2,\"name\":\"Vanguard Properties promove mobilidade sustent\u00e1vel na Comporta\"}]},{\"@type\":\"WebSite\",\"@id\":\"https:\\\/\\\/jornaldasoficinas.com\\\/pt\\\/#website\",\"url\":\"https:\\\/\\\/jornaldasoficinas.com\\\/pt\\\/\",\"name\":\"Jornal das Oficinas\",\"description\":\"Jornal independente do Aftermarket Autom\u00f3vel em Portugal\",\"publisher\":{\"@id\":\"https:\\\/\\\/jornaldasoficinas.com\\\/pt\\\/#organization\"},\"potentialAction\":[{\"@type\":\"SearchAction\",\"target\":{\"@type\":\"EntryPoint\",\"urlTemplate\":\"https:\\\/\\\/jornaldasoficinas.com\\\/pt\\\/?s={search_term_string}\"},\"query-input\":{\"@type\":\"PropertyValueSpecification\",\"valueRequired\":true,\"valueName\":\"search_term_string\"}}],\"inLanguage\":\"pt-PT\"},{\"@type\":\"Organization\",\"@id\":\"https:\\\/\\\/jornaldasoficinas.com\\\/pt\\\/#organization\",\"name\":\"Jornal das Oficinas\",\"url\":\"https:\\\/\\\/jornaldasoficinas.com\\\/pt\\\/\",\"logo\":{\"@type\":\"ImageObject\",\"inLanguage\":\"pt-PT\",\"@id\":\"https:\\\/\\\/jornaldasoficinas.com\\\/pt\\\/#\\\/schema\\\/logo\\\/image\\\/\",\"url\":\"https:\\\/\\\/jornaldasoficinas.com\\\/pt\\\/wp-content\\\/uploads\\\/logoJO-SEO.png\",\"contentUrl\":\"https:\\\/\\\/jornaldasoficinas.com\\\/pt\\\/wp-content\\\/uploads\\\/logoJO-SEO.png\",\"width\":285,\"height\":450,\"caption\":\"Jornal das Oficinas\"},\"image\":{\"@id\":\"https:\\\/\\\/jornaldasoficinas.com\\\/pt\\\/#\\\/schema\\\/logo\\\/image\\\/\"},\"sameAs\":[\"https:\\\/\\\/www.facebook.com\\\/jornaloficinas\",\"https:\\\/\\\/x.com\\\/jornaloficinas\",\"https:\\\/\\\/www.instagram.com\\\/jornal_oficinas\\\/\",\"https:\\\/\\\/www.linkedin.com\\\/company\\\/jornal-das-oficinas\\\/\",\"https:\\\/\\\/www.youtube.com\\\/channel\\\/UCbQZBqtcvV-oSQrr7RzINGg\"]},{\"@type\":\"Person\",\"@id\":\"https:\\\/\\\/jornaldasoficinas.com\\\/pt\\\/#\\\/schema\\\/person\\\/a38eef5de2c41d9e7c9ac10141afddf3\",\"name\":\"Reda\u00e7\u00e3o JO\",\"image\":{\"@type\":\"ImageObject\",\"inLanguage\":\"pt-PT\",\"@id\":\"https:\\\/\\\/secure.gravatar.com\\\/avatar\\\/71f2fa71737ad68a84fea94bc708ddac8ea5b0c4788dc2ad202f3ccb2887742f?s=96&d=wp_user_avatar&r=g\",\"url\":\"https:\\\/\\\/secure.gravatar.com\\\/avatar\\\/71f2fa71737ad68a84fea94bc708ddac8ea5b0c4788dc2ad202f3ccb2887742f?s=96&d=wp_user_avatar&r=g\",\"contentUrl\":\"https:\\\/\\\/secure.gravatar.com\\\/avatar\\\/71f2fa71737ad68a84fea94bc708ddac8ea5b0c4788dc2ad202f3ccb2887742f?s=96&d=wp_user_avatar&r=g\",\"caption\":\"Reda\u00e7\u00e3o JO\"},\"url\":\"https:\\\/\\\/jornaldasoficinas.com\\\/pt\\\/author\\\/joredacao\\\/\"}]}<\/script>\n<!-- \/ Yoast SEO plugin. -->","yoast_head_json":{"title":"Vanguard Properties promove mobilidade sustent\u00e1vel na Comporta - Jornal das Oficinas","description":"A Vanguard Properties, em parceria com a Iberdrola e Porsche, anunciou um acordo para a instala\u00e7\u00e3o de carregadores el\u00e9tricos na Comporta","robots":{"index":"index","follow":"follow","max-snippet":"max-snippet:-1","max-image-preview":"max-image-preview:large","max-video-preview":"max-video-preview:-1"},"canonical":"https:\/\/jornaldasoficinas.com\/pt\/vanguard-properties-promove-mobilidade-sustentavel-na-comporta\/","og_locale":"pt_PT","og_type":"article","og_title":"Vanguard Properties promove mobilidade sustent\u00e1vel na Comporta - Jornal das Oficinas","og_description":"A Vanguard Properties, em parceria com a Iberdrola e Porsche, anunciou um acordo para a instala\u00e7\u00e3o de carregadores el\u00e9tricos na Comporta","og_url":"https:\/\/jornaldasoficinas.com\/pt\/vanguard-properties-promove-mobilidade-sustentavel-na-comporta\/","og_site_name":"Jornal das Oficinas","article_publisher":"https:\/\/www.facebook.com\/jornaloficinas","article_published_time":"2024-07-29T11:30:13+00:00","og_image":[{"width":1024,"height":581,"url":"https:\/\/jornaldasoficinas.com\/pt\/wp-content\/uploads\/2024\/07\/Vanguard-Properties-promove-mobilidade-sustentavel-na-Comporta.png","type":"image\/png"}],"author":"Reda\u00e7\u00e3o JO","twitter_card":"summary_large_image","twitter_creator":"@jornaloficinas","twitter_site":"@jornaloficinas","twitter_misc":{"Escrito por":"Reda\u00e7\u00e3o JO","Tempo estimado de leitura":"3 minutos"},"schema":{"@context":"https:\/\/schema.org","@graph":[{"@type":"Article","@id":"https:\/\/jornaldasoficinas.com\/pt\/vanguard-properties-promove-mobilidade-sustentavel-na-comporta\/#article","isPartOf":{"@id":"https:\/\/jornaldasoficinas.com\/pt\/vanguard-properties-promove-mobilidade-sustentavel-na-comporta\/"},"author":{"name":"Reda\u00e7\u00e3o JO","@id":"https:\/\/jornaldasoficinas.com\/pt\/#\/schema\/person\/a38eef5de2c41d9e7c9ac10141afddf3"},"headline":"Vanguard Properties promove mobilidade sustent\u00e1vel na Comporta","datePublished":"2024-07-29T11:30:13+00:00","mainEntityOfPage":{"@id":"https:\/\/jornaldasoficinas.com\/pt\/vanguard-properties-promove-mobilidade-sustentavel-na-comporta\/"},"wordCount":397,"publisher":{"@id":"https:\/\/jornaldasoficinas.com\/pt\/#organization"},"image":{"@id":"https:\/\/jornaldasoficinas.com\/pt\/vanguard-properties-promove-mobilidade-sustentavel-na-comporta\/#primaryimage"},"thumbnailUrl":"https:\/\/jornaldasoficinas.com\/pt\/wp-content\/uploads\/2024\/07\/Vanguard-Properties-promove-mobilidade-sustentavel-na-Comporta.png","keywords":["Carregadores el\u00e9tricos","Iberdrola","Mobilidade sustent\u00e1vel","Parceria","Porsche","Terras da Comporta","Vanguard Properties"],"articleSection":["Empresas"],"inLanguage":"pt-PT"},{"@type":"WebPage","@id":"https:\/\/jornaldasoficinas.com\/pt\/vanguard-properties-promove-mobilidade-sustentavel-na-comporta\/","url":"https:\/\/jornaldasoficinas.com\/pt\/vanguard-properties-promove-mobilidade-sustentavel-na-comporta\/","name":"Vanguard Properties promove mobilidade sustent\u00e1vel na Comporta - Jornal das Oficinas","isPartOf":{"@id":"https:\/\/jornaldasoficinas.com\/pt\/#website"},"primaryImageOfPage":{"@id":"https:\/\/jornaldasoficinas.com\/pt\/vanguard-properties-promove-mobilidade-sustentavel-na-comporta\/#primaryimage"},"image":{"@id":"https:\/\/jornaldasoficinas.com\/pt\/vanguard-properties-promove-mobilidade-sustentavel-na-comporta\/#primaryimage"},"thumbnailUrl":"https:\/\/jornaldasoficinas.com\/pt\/wp-content\/uploads\/2024\/07\/Vanguard-Properties-promove-mobilidade-sustentavel-na-Comporta.png","datePublished":"2024-07-29T11:30:13+00:00","description":"A Vanguard Properties, em parceria com a Iberdrola e Porsche, anunciou um acordo para a instala\u00e7\u00e3o de carregadores el\u00e9tricos na Comporta","breadcrumb":{"@id":"https:\/\/jornaldasoficinas.com\/pt\/vanguard-properties-promove-mobilidade-sustentavel-na-comporta\/#breadcrumb"},"inLanguage":"pt-PT","potentialAction":[{"@type":"ReadAction","target":["https:\/\/jornaldasoficinas.com\/pt\/vanguard-properties-promove-mobilidade-sustentavel-na-comporta\/"]}]},{"@type":"ImageObject","inLanguage":"pt-PT","@id":"https:\/\/jornaldasoficinas.com\/pt\/vanguard-properties-promove-mobilidade-sustentavel-na-comporta\/#primaryimage","url":"https:\/\/jornaldasoficinas.com\/pt\/wp-content\/uploads\/2024\/07\/Vanguard-Properties-promove-mobilidade-sustentavel-na-Comporta.png","contentUrl":"https:\/\/jornaldasoficinas.com\/pt\/wp-content\/uploads\/2024\/07\/Vanguard-Properties-promove-mobilidade-sustentavel-na-Comporta.png","width":1024,"height":581,"caption":"07 - Vanguard Properties promove mobilidade sustentavel na Comporta"},{"@type":"BreadcrumbList","@id":"https:\/\/jornaldasoficinas.com\/pt\/vanguard-properties-promove-mobilidade-sustentavel-na-comporta\/#breadcrumb","itemListElement":[{"@type":"ListItem","position":1,"name":"In\u00edcio","item":"https:\/\/jornaldasoficinas.com\/pt\/"},{"@type":"ListItem","position":2,"name":"Vanguard Properties promove mobilidade sustent\u00e1vel na Comporta"}]},{"@type":"WebSite","@id":"https:\/\/jornaldasoficinas.com\/pt\/#website","url":"https:\/\/jornaldasoficinas.com\/pt\/","name":"Jornal das Oficinas","description":"Jornal independente do Aftermarket Autom\u00f3vel em Portugal","publisher":{"@id":"https:\/\/jornaldasoficinas.com\/pt\/#organization"},"potentialAction":[{"@type":"SearchAction","target":{"@type":"EntryPoint","urlTemplate":"https:\/\/jornaldasoficinas.com\/pt\/?s={search_term_string}"},"query-input":{"@type":"PropertyValueSpecification","valueRequired":true,"valueName":"search_term_string"}}],"inLanguage":"pt-PT"},{"@type":"Organization","@id":"https:\/\/jornaldasoficinas.com\/pt\/#organization","name":"Jornal das Oficinas","url":"https:\/\/jornaldasoficinas.com\/pt\/","logo":{"@type":"ImageObject","inLanguage":"pt-PT","@id":"https:\/\/jornaldasoficinas.com\/pt\/#\/schema\/logo\/image\/","url":"https:\/\/jornaldasoficinas.com\/pt\/wp-content\/uploads\/logoJO-SEO.png","contentUrl":"https:\/\/jornaldasoficinas.com\/pt\/wp-content\/uploads\/logoJO-SEO.png","width":285,"height":450,"caption":"Jornal das Oficinas"},"image":{"@id":"https:\/\/jornaldasoficinas.com\/pt\/#\/schema\/logo\/image\/"},"sameAs":["https:\/\/www.facebook.com\/jornaloficinas","https:\/\/x.com\/jornaloficinas","https:\/\/www.instagram.com\/jornal_oficinas\/","https:\/\/www.linkedin.com\/company\/jornal-das-oficinas\/","https:\/\/www.youtube.com\/channel\/UCbQZBqtcvV-oSQrr7RzINGg"]},{"@type":"Person","@id":"https:\/\/jornaldasoficinas.com\/pt\/#\/schema\/person\/a38eef5de2c41d9e7c9ac10141afddf3","name":"Reda\u00e7\u00e3o JO","image":{"@type":"ImageObject","inLanguage":"pt-PT","@id":"https:\/\/secure.gravatar.com\/avatar\/71f2fa71737ad68a84fea94bc708ddac8ea5b0c4788dc2ad202f3ccb2887742f?s=96&d=wp_user_avatar&r=g","url":"https:\/\/secure.gravatar.com\/avatar\/71f2fa71737ad68a84fea94bc708ddac8ea5b0c4788dc2ad202f3ccb2887742f?s=96&d=wp_user_avatar&r=g","contentUrl":"https:\/\/secure.gravatar.com\/avatar\/71f2fa71737ad68a84fea94bc708ddac8ea5b0c4788dc2ad202f3ccb2887742f?s=96&d=wp_user_avatar&r=g","caption":"Reda\u00e7\u00e3o JO"},"url":"https:\/\/jornaldasoficinas.com\/pt\/author\/joredacao\/"}]}},"_links":{"self":[{"href":"https:\/\/jornaldasoficinas.com\/pt\/wp-json\/wp\/v2\/posts\/88611","targetHints":{"allow":["GET"]}}],"collection":[{"href":"https:\/\/jornaldasoficinas.com\/pt\/wp-json\/wp\/v2\/posts"}],"about":[{"href":"https:\/\/jornaldasoficinas.com\/pt\/wp-json\/wp\/v2\/types\/post"}],"author":[{"embeddable":true,"href":"https:\/\/jornaldasoficinas.com\/pt\/wp-json\/wp\/v2\/users\/15"}],"replies":[{"embeddable":true,"href":"https:\/\/jornaldasoficinas.com\/pt\/wp-json\/wp\/v2\/comments?post=88611"}],"version-history":[{"count":0,"href":"https:\/\/jornaldasoficinas.com\/pt\/wp-json\/wp\/v2\/posts\/88611\/revisions"}],"wp:featuredmedia":[{"embeddable":true,"href":"https:\/\/jornaldasoficinas.com\/pt\/wp-json\/wp\/v2\/media\/88617"}],"wp:attachment":[{"href":"https:\/\/jornaldasoficinas.com\/pt\/wp-json\/wp\/v2\/media?parent=88611"}],"wp:term":[{"taxonomy":"category","embeddable":true,"href":"https:\/\/jornaldasoficinas.com\/pt\/wp-json\/wp\/v2\/categories?post=88611"},{"taxonomy":"post_tag","embeddable":true,"href":"https:\/\/jornaldasoficinas.com\/pt\/wp-json\/wp\/v2\/tags?post=88611"}],"curies":[{"name":"wp","href":"https:\/\/api.w.org\/{rel}","templated":true}]}}