{"id":88782,"date":"2024-08-18T21:30:00","date_gmt":"2024-08-18T20:30:00","guid":{"rendered":"https:\/\/jornaldasoficinas.com\/pt\/?p=88782"},"modified":"2024-08-08T00:02:13","modified_gmt":"2024-08-07T23:02:13","slug":"vamos-duplicar-a-nossa-capacidade-de-armazenagem-ricardo-almeida-vicauto","status":"publish","type":"post","link":"https:\/\/jornaldasoficinas.com\/pt\/vamos-duplicar-a-nossa-capacidade-de-armazenagem-ricardo-almeida-vicauto\/","title":{"rendered":"&#8220;Vamos duplicar a nossa capacidade de armazenagem!&#8221;, Ricardo Almeida, Vicauto"},"content":{"rendered":"<p><img loading=\"lazy\" decoding=\"async\" class=\"alignnone size-full wp-image-88775\" src=\"https:\/\/jornaldasoficinas.com\/pt\/wp-content\/uploads\/2024\/07\/Vamos-duplicar.jpeg\" alt=\"07 - Vamos duplicar\" width=\"1024\" height=\"581\" srcset=\"https:\/\/jornaldasoficinas.com\/pt\/wp-content\/uploads\/2024\/07\/Vamos-duplicar.jpeg 1024w, https:\/\/jornaldasoficinas.com\/pt\/wp-content\/uploads\/2024\/07\/Vamos-duplicar-300x170.jpeg 300w, https:\/\/jornaldasoficinas.com\/pt\/wp-content\/uploads\/2024\/07\/Vamos-duplicar-150x85.jpeg 150w, https:\/\/jornaldasoficinas.com\/pt\/wp-content\/uploads\/2024\/07\/Vamos-duplicar-768x436.jpeg 768w\" sizes=\"auto, (max-width: 1024px) 100vw, 1024px\" \/><\/p>\n<p><strong>Integrada desde 2017 no grupo de retalho espanhol ADR, a <a href=\"https:\/\/www.vicauto.pt\/\" target=\"_blank\" rel=\"noopener\">Vicauto<\/a> \u00e9 um distribuidor de pe\u00e7as de pesados, em Viseu, que tem vindo a crescer a dois d\u00edgitos nos \u00faltimos anos. Para aumentar o stock, que ascende atualmente a 20.000 pe\u00e7as, est\u00e1 j\u00e1 prevista a coloca\u00e7\u00e3o de um segundo piso nas instala\u00e7\u00f5es e Ricardo Almeida, diretor comercial da empresa, garante que v\u00e3o continuar a trabalhar para manter o sucesso granjeado ao longo de mais de tr\u00eas d\u00e9cadas<\/strong><\/p>\n<p>H\u00e1 j\u00e1 v\u00e1rios anos que o crescimento da Vicauto n\u00e3o passa despercebido no aftermarket de ve\u00edculos pesados, com a evolu\u00e7\u00e3o positiva a ser not\u00f3ria especialmente desde que a empresa entrou no grupo de retalho espanhol ADR, em 2017. Ricardo Almeida, diretor comercial da empresa, explica-nos que os bons resultados adv\u00eam, sobretudo, \u201cda mudan\u00e7a de instala\u00e7\u00f5es e do facto de termos entrado no grupo. Tivemos acesso a melhores condi\u00e7\u00f5es, porque j\u00e1 trabalh\u00e1vamos com a grande maioria das marcas que est\u00e3o no grupo\u201d.<\/p>\n<p>Localizada na Zona Empresarial do Campo, em Viseu, a Vicauto est\u00e1 nestas instala\u00e7\u00f5es h\u00e1 cerca de oito anos e n\u00e3o tem, para j\u00e1, objetivos de abrir outras lojas. Possui mil metros quadrados de \u00e1rea coberta, onde repousam, em m\u00e9dia 20.000 refer\u00eancias em stock, para cobrir todo o distrito Viseu, Guarda, Castelo Branco, Bragan\u00e7a, assim como Aveiro e Vila Real. \u201c\u00c9 na dire\u00e7\u00e3o do interior, n\u00e3o tanto para o litoral\u201d, diz-nos Ricardo Almeida, que conta que tamb\u00e9m trabalham com \u201cexporta\u00e7\u00e3o, principalmente para os pa\u00edses africanos\u201d.<\/p>\n<p>No armaz\u00e9m, \u00e9 poss\u00edvel encontrar as mesmas pe\u00e7as \u201cem v\u00e1rias marcas. Temos uma primeira marca, uma segunda linha e depois uma linha econ\u00f3mica ou marca pr\u00f3pria\u201d, no intuito de assegurar escolha ao cliente.<\/p>\n<p>Esta estrat\u00e9gia est\u00e1 a fazer com que o espa\u00e7o de armazenamento precise de ser aumentado e a Vicauto j\u00e1 tem planos para duplicar a capacidade, com a constru\u00e7\u00e3o de um segundo piso, a breve trecho. O portf\u00f3lio \u00e9 constitu\u00eddo por \u201ctodas as marcas premium do mercado, os principais fabricantes de primeiro equipamento. Essa \u00e9 a linha que tom\u00e1mos h\u00e1 alguns anos e que continuamos a seguir. A entrada no grupo permitiu-nos tamb\u00e9m aceder \u00e0 marca pr\u00f3pria ADR e estamos, cada vez mais, a introduzir tamb\u00e9m essas linhas em fam\u00edlias como a travagem, a suspens\u00e3o e a dire\u00e7\u00e3o, como alternativa \u00e0s marcas premium\u201d, revela o diretor comercial, que ressalva que \u201co nosso tipo de cliente e o nosso foco s\u00e3o as marcas de primeiro equipamento.<\/p>\n<p>Nos pesados \u00e9 uma coisa que se nota muito, o nosso tipo de cliente assim o exige. Como \u00e9 \u00f3bvio, nem todos os clientes est\u00e3o dispostos a pagar o pre\u00e7o e a\u00ed temos a marca pr\u00f3pria em alguns produtos, que \u00e9 uma boa alternativa, mas a nossa prefer\u00eancia continua a ser sempre premium\u201d.<\/p>\n<p>A empresa n\u00e3o comercializa ferramentas, nem equipamentos, mas disponibiliza \u201cpor obriga\u00e7\u00e3o e imposi\u00e7\u00e3o do fabricante\u201d pe\u00e7as reconstru\u00eddas, nomeadamente \u201ca gama dos calipers, das pin\u00e7as de trav\u00e3o, alguns turbos, as embraiagens em Sachs e Valeo\u201d. O respons\u00e1vel considera que \u201co que torna tudo dif\u00edcil \u00e9 a gest\u00e3o de cascos. \u00c9 dif\u00edcil de fazer, al\u00e9m do peso que os cascos t\u00eam tamb\u00e9m, no final do ano, no invent\u00e1rio. \u00c9 um imobilizado que est\u00e1 parado\u201d, refere.<\/p>\n<p><strong>Log\u00edstica de entrega<\/strong><br \/>\nPara entregar as pe\u00e7as aos clientes do concelho, a Vicauto conta com viaturas pr\u00f3prias, \u00e0s quais se juntam as transportadoras, que fazem o restante servi\u00e7o de forma bidi\u00e1ria, de manh\u00e3 para a tarde e de tarde para a manh\u00e3 seguinte. Ricardo Almeida \u00e9 da opini\u00e3o que os clientes da empresa ainda \u201cn\u00e3o est\u00e3o preparados\u201d para utilizar uma plataforma B2B, raz\u00e3o pela qual a Vicauto ainda n\u00e3o apostou nesta solu\u00e7\u00e3o para receber os pedidos de pe\u00e7as. Estes s\u00e3o, ent\u00e3o, realizados diretamente atrav\u00e9s do call center, onde trabalham tr\u00eas pessoas, juntamente com outras tr\u00eas que est\u00e3o ao balc\u00e3o.<\/p>\n<p>O diretor comercial explica que, geralmente, as oficinas de pesados \u201ct\u00eam duas ou tr\u00eas pessoas e se o mec\u00e2nico est\u00e1 a identificar o problema do cami\u00e3o, n\u00e3o tem disponibilidade para procurar a refer\u00eancia da pe\u00e7a numa plataforma B2B. E confiam em n\u00f3s, porque se for uma pe\u00e7a mais complexa, \u00e9 mais dif\u00edcil para eles. Mesmo n\u00f3s, \u00e0s vezes, que temos todas as ferramentas para o fazer atrav\u00e9s dos programas, temos dificuldade e precisamos de ver as carater\u00edsticas do ve\u00edculo\u201d.<\/p>\n<p>Esta forma de trabalhar permite encomendar as pe\u00e7as necess\u00e1rias de forma correta e reduz significativamente as devolu\u00e7\u00f5es, por compara\u00e7\u00e3o, por exemplo, com o que acontece nas pe\u00e7as de ligeiros. \u201cTemos algumas devolu\u00e7\u00f5es, mas est\u00e1 controlado e tamb\u00e9m tentamos minimizar o erro. Mas nos ligeiros, \u00e0s vezes, ouvimos falar de situa\u00e7\u00f5es de clientes que pedem as pe\u00e7as mesmo sem l\u00e1 estar o carro e depois dizem que afinal n\u00e3o foi preciso e a encomenda volta para tr\u00e1s\u201d.<\/p>\n<p>Trabalham na Vicauto 12 funcion\u00e1rios, entre balc\u00e3o, call center, pessoal de armaz\u00e9m e administrativos. Neste momento, segundo Ricardo Almeida, s\u00e3o suficientes para suprir as necessidades da empresa em termos de servi\u00e7o.<\/p>\n<p>Continuar a crescer \u00e9 o objetivo futuro da Vicauto, saiba quais as previs\u00f5es da empresa, na edi\u00e7\u00e3o impressa do Jornal das Oficinas de junho\/julho, <a href=\"https:\/\/www.yumpu.com\/pt\/document\/read\/68733338\/jornal-das-oficinas-127\/84\">aqui<\/a>.<\/p>\n<p>&nbsp;<\/p>\n","protected":false},"excerpt":{"rendered":"<p>Integrada desde 2017 no grupo de&#8230;<\/p>\n","protected":false},"author":15,"featured_media":88775,"comment_status":"closed","ping_status":"closed","sticky":false,"template":"","format":"standard","meta":{"footnotes":""},"categories":[38],"tags":[10060,4432,102,7310,466,265,1780],"class_list":["post-88782","post","type-post","status-publish","format-standard","has-post-thumbnail","hentry","category-entrevistas","tag-20-000-referencias","tag-distribuidor-de-pecas","tag-exportacao","tag-ricardo-almeida","tag-veiculos-pesados","tag-vicauto","tag-viseu"],"yoast_head":"<!-- This site is optimized with the Yoast SEO plugin v27.4 - https:\/\/yoast.com\/product\/yoast-seo-wordpress\/ -->\n<title>&quot;Vamos duplicar a nossa capacidade de armazenagem!&quot;, Ricardo Almeida, Vicauto - Jornal das Oficinas<\/title>\n<meta name=\"description\" content=\"A Vicauto \u00e9 um distribuidor de pe\u00e7as para pesados, em Viseu, que tem vindo a crescer a dois d\u00edgitos nos \u00faltimos anos\" \/>\n<meta name=\"robots\" content=\"index, follow, max-snippet:-1, max-image-preview:large, max-video-preview:-1\" \/>\n<link rel=\"canonical\" href=\"https:\/\/jornaldasoficinas.com\/pt\/vamos-duplicar-a-nossa-capacidade-de-armazenagem-ricardo-almeida-vicauto\/\" \/>\n<meta property=\"og:locale\" content=\"pt_PT\" \/>\n<meta property=\"og:type\" content=\"article\" \/>\n<meta property=\"og:title\" content=\"&quot;Vamos duplicar a nossa capacidade de armazenagem!&quot;, Ricardo Almeida, Vicauto - Jornal das Oficinas\" \/>\n<meta property=\"og:description\" content=\"A Vicauto \u00e9 um distribuidor de pe\u00e7as para pesados, em Viseu, que tem vindo a crescer a dois d\u00edgitos nos \u00faltimos anos\" \/>\n<meta property=\"og:url\" content=\"https:\/\/jornaldasoficinas.com\/pt\/vamos-duplicar-a-nossa-capacidade-de-armazenagem-ricardo-almeida-vicauto\/\" \/>\n<meta property=\"og:site_name\" content=\"Jornal das Oficinas\" \/>\n<meta property=\"article:publisher\" content=\"https:\/\/www.facebook.com\/jornaloficinas\" \/>\n<meta property=\"article:published_time\" content=\"2024-08-18T20:30:00+00:00\" \/>\n<meta property=\"og:image\" content=\"https:\/\/jornaldasoficinas.com\/pt\/wp-content\/uploads\/2024\/07\/Vamos-duplicar.jpeg\" \/>\n\t<meta property=\"og:image:width\" content=\"1024\" \/>\n\t<meta property=\"og:image:height\" content=\"581\" \/>\n\t<meta property=\"og:image:type\" content=\"image\/jpeg\" \/>\n<meta name=\"author\" content=\"Reda\u00e7\u00e3o JO\" \/>\n<meta name=\"twitter:card\" content=\"summary_large_image\" \/>\n<meta name=\"twitter:creator\" content=\"@jornaloficinas\" \/>\n<meta name=\"twitter:site\" content=\"@jornaloficinas\" \/>\n<meta name=\"twitter:label1\" content=\"Escrito por\" \/>\n\t<meta name=\"twitter:data1\" content=\"Reda\u00e7\u00e3o JO\" \/>\n\t<meta name=\"twitter:label2\" content=\"Tempo estimado de leitura\" \/>\n\t<meta name=\"twitter:data2\" content=\"6 minutos\" \/>\n<script type=\"application\/ld+json\" class=\"yoast-schema-graph\">{\"@context\":\"https:\\\/\\\/schema.org\",\"@graph\":[{\"@type\":\"Article\",\"@id\":\"https:\\\/\\\/jornaldasoficinas.com\\\/pt\\\/vamos-duplicar-a-nossa-capacidade-de-armazenagem-ricardo-almeida-vicauto\\\/#article\",\"isPartOf\":{\"@id\":\"https:\\\/\\\/jornaldasoficinas.com\\\/pt\\\/vamos-duplicar-a-nossa-capacidade-de-armazenagem-ricardo-almeida-vicauto\\\/\"},\"author\":{\"name\":\"Reda\u00e7\u00e3o JO\",\"@id\":\"https:\\\/\\\/jornaldasoficinas.com\\\/pt\\\/#\\\/schema\\\/person\\\/a38eef5de2c41d9e7c9ac10141afddf3\"},\"headline\":\"&#8220;Vamos duplicar a nossa capacidade de armazenagem!&#8221;, Ricardo Almeida, Vicauto\",\"datePublished\":\"2024-08-18T20:30:00+00:00\",\"mainEntityOfPage\":{\"@id\":\"https:\\\/\\\/jornaldasoficinas.com\\\/pt\\\/vamos-duplicar-a-nossa-capacidade-de-armazenagem-ricardo-almeida-vicauto\\\/\"},\"wordCount\":947,\"publisher\":{\"@id\":\"https:\\\/\\\/jornaldasoficinas.com\\\/pt\\\/#organization\"},\"image\":{\"@id\":\"https:\\\/\\\/jornaldasoficinas.com\\\/pt\\\/vamos-duplicar-a-nossa-capacidade-de-armazenagem-ricardo-almeida-vicauto\\\/#primaryimage\"},\"thumbnailUrl\":\"https:\\\/\\\/jornaldasoficinas.com\\\/pt\\\/wp-content\\\/uploads\\\/2024\\\/07\\\/Vamos-duplicar.jpeg\",\"keywords\":[\"20.000 refer\u00eancias\",\"distribuidor de pe\u00e7as\",\"Exporta\u00e7\u00e3o\",\"Ricardo Almeida\",\"Ve\u00edculos Pesados\",\"Vicauto\",\"Viseu\"],\"articleSection\":[\"Entrevistas\"],\"inLanguage\":\"pt-PT\"},{\"@type\":\"WebPage\",\"@id\":\"https:\\\/\\\/jornaldasoficinas.com\\\/pt\\\/vamos-duplicar-a-nossa-capacidade-de-armazenagem-ricardo-almeida-vicauto\\\/\",\"url\":\"https:\\\/\\\/jornaldasoficinas.com\\\/pt\\\/vamos-duplicar-a-nossa-capacidade-de-armazenagem-ricardo-almeida-vicauto\\\/\",\"name\":\"\\\"Vamos duplicar a nossa capacidade de armazenagem!\\\", Ricardo Almeida, Vicauto - Jornal das Oficinas\",\"isPartOf\":{\"@id\":\"https:\\\/\\\/jornaldasoficinas.com\\\/pt\\\/#website\"},\"primaryImageOfPage\":{\"@id\":\"https:\\\/\\\/jornaldasoficinas.com\\\/pt\\\/vamos-duplicar-a-nossa-capacidade-de-armazenagem-ricardo-almeida-vicauto\\\/#primaryimage\"},\"image\":{\"@id\":\"https:\\\/\\\/jornaldasoficinas.com\\\/pt\\\/vamos-duplicar-a-nossa-capacidade-de-armazenagem-ricardo-almeida-vicauto\\\/#primaryimage\"},\"thumbnailUrl\":\"https:\\\/\\\/jornaldasoficinas.com\\\/pt\\\/wp-content\\\/uploads\\\/2024\\\/07\\\/Vamos-duplicar.jpeg\",\"datePublished\":\"2024-08-18T20:30:00+00:00\",\"description\":\"A Vicauto \u00e9 um distribuidor de pe\u00e7as para pesados, em Viseu, que tem vindo a crescer a dois d\u00edgitos nos \u00faltimos anos\",\"breadcrumb\":{\"@id\":\"https:\\\/\\\/jornaldasoficinas.com\\\/pt\\\/vamos-duplicar-a-nossa-capacidade-de-armazenagem-ricardo-almeida-vicauto\\\/#breadcrumb\"},\"inLanguage\":\"pt-PT\",\"potentialAction\":[{\"@type\":\"ReadAction\",\"target\":[\"https:\\\/\\\/jornaldasoficinas.com\\\/pt\\\/vamos-duplicar-a-nossa-capacidade-de-armazenagem-ricardo-almeida-vicauto\\\/\"]}]},{\"@type\":\"ImageObject\",\"inLanguage\":\"pt-PT\",\"@id\":\"https:\\\/\\\/jornaldasoficinas.com\\\/pt\\\/vamos-duplicar-a-nossa-capacidade-de-armazenagem-ricardo-almeida-vicauto\\\/#primaryimage\",\"url\":\"https:\\\/\\\/jornaldasoficinas.com\\\/pt\\\/wp-content\\\/uploads\\\/2024\\\/07\\\/Vamos-duplicar.jpeg\",\"contentUrl\":\"https:\\\/\\\/jornaldasoficinas.com\\\/pt\\\/wp-content\\\/uploads\\\/2024\\\/07\\\/Vamos-duplicar.jpeg\",\"width\":1024,\"height\":581,\"caption\":\"07 - Vamos duplicar\"},{\"@type\":\"BreadcrumbList\",\"@id\":\"https:\\\/\\\/jornaldasoficinas.com\\\/pt\\\/vamos-duplicar-a-nossa-capacidade-de-armazenagem-ricardo-almeida-vicauto\\\/#breadcrumb\",\"itemListElement\":[{\"@type\":\"ListItem\",\"position\":1,\"name\":\"In\u00edcio\",\"item\":\"https:\\\/\\\/jornaldasoficinas.com\\\/pt\\\/\"},{\"@type\":\"ListItem\",\"position\":2,\"name\":\"&#8220;Vamos duplicar a nossa capacidade de armazenagem!&#8221;, Ricardo Almeida, Vicauto\"}]},{\"@type\":\"WebSite\",\"@id\":\"https:\\\/\\\/jornaldasoficinas.com\\\/pt\\\/#website\",\"url\":\"https:\\\/\\\/jornaldasoficinas.com\\\/pt\\\/\",\"name\":\"Jornal das Oficinas\",\"description\":\"Jornal independente do Aftermarket Autom\u00f3vel em Portugal\",\"publisher\":{\"@id\":\"https:\\\/\\\/jornaldasoficinas.com\\\/pt\\\/#organization\"},\"potentialAction\":[{\"@type\":\"SearchAction\",\"target\":{\"@type\":\"EntryPoint\",\"urlTemplate\":\"https:\\\/\\\/jornaldasoficinas.com\\\/pt\\\/?s={search_term_string}\"},\"query-input\":{\"@type\":\"PropertyValueSpecification\",\"valueRequired\":true,\"valueName\":\"search_term_string\"}}],\"inLanguage\":\"pt-PT\"},{\"@type\":\"Organization\",\"@id\":\"https:\\\/\\\/jornaldasoficinas.com\\\/pt\\\/#organization\",\"name\":\"Jornal das Oficinas\",\"url\":\"https:\\\/\\\/jornaldasoficinas.com\\\/pt\\\/\",\"logo\":{\"@type\":\"ImageObject\",\"inLanguage\":\"pt-PT\",\"@id\":\"https:\\\/\\\/jornaldasoficinas.com\\\/pt\\\/#\\\/schema\\\/logo\\\/image\\\/\",\"url\":\"https:\\\/\\\/jornaldasoficinas.com\\\/pt\\\/wp-content\\\/uploads\\\/logoJO-SEO.png\",\"contentUrl\":\"https:\\\/\\\/jornaldasoficinas.com\\\/pt\\\/wp-content\\\/uploads\\\/logoJO-SEO.png\",\"width\":285,\"height\":450,\"caption\":\"Jornal das Oficinas\"},\"image\":{\"@id\":\"https:\\\/\\\/jornaldasoficinas.com\\\/pt\\\/#\\\/schema\\\/logo\\\/image\\\/\"},\"sameAs\":[\"https:\\\/\\\/www.facebook.com\\\/jornaloficinas\",\"https:\\\/\\\/x.com\\\/jornaloficinas\",\"https:\\\/\\\/www.instagram.com\\\/jornal_oficinas\\\/\",\"https:\\\/\\\/www.linkedin.com\\\/company\\\/jornal-das-oficinas\\\/\",\"https:\\\/\\\/www.youtube.com\\\/channel\\\/UCbQZBqtcvV-oSQrr7RzINGg\"]},{\"@type\":\"Person\",\"@id\":\"https:\\\/\\\/jornaldasoficinas.com\\\/pt\\\/#\\\/schema\\\/person\\\/a38eef5de2c41d9e7c9ac10141afddf3\",\"name\":\"Reda\u00e7\u00e3o JO\",\"image\":{\"@type\":\"ImageObject\",\"inLanguage\":\"pt-PT\",\"@id\":\"https:\\\/\\\/secure.gravatar.com\\\/avatar\\\/71f2fa71737ad68a84fea94bc708ddac8ea5b0c4788dc2ad202f3ccb2887742f?s=96&d=wp_user_avatar&r=g\",\"url\":\"https:\\\/\\\/secure.gravatar.com\\\/avatar\\\/71f2fa71737ad68a84fea94bc708ddac8ea5b0c4788dc2ad202f3ccb2887742f?s=96&d=wp_user_avatar&r=g\",\"contentUrl\":\"https:\\\/\\\/secure.gravatar.com\\\/avatar\\\/71f2fa71737ad68a84fea94bc708ddac8ea5b0c4788dc2ad202f3ccb2887742f?s=96&d=wp_user_avatar&r=g\",\"caption\":\"Reda\u00e7\u00e3o JO\"},\"url\":\"https:\\\/\\\/jornaldasoficinas.com\\\/pt\\\/author\\\/joredacao\\\/\"}]}<\/script>\n<!-- \/ Yoast SEO plugin. -->","yoast_head_json":{"title":"\"Vamos duplicar a nossa capacidade de armazenagem!\", Ricardo Almeida, Vicauto - Jornal das Oficinas","description":"A Vicauto \u00e9 um distribuidor de pe\u00e7as para pesados, em Viseu, que tem vindo a crescer a dois d\u00edgitos nos \u00faltimos anos","robots":{"index":"index","follow":"follow","max-snippet":"max-snippet:-1","max-image-preview":"max-image-preview:large","max-video-preview":"max-video-preview:-1"},"canonical":"https:\/\/jornaldasoficinas.com\/pt\/vamos-duplicar-a-nossa-capacidade-de-armazenagem-ricardo-almeida-vicauto\/","og_locale":"pt_PT","og_type":"article","og_title":"\"Vamos duplicar a nossa capacidade de armazenagem!\", Ricardo Almeida, Vicauto - Jornal das Oficinas","og_description":"A Vicauto \u00e9 um distribuidor de pe\u00e7as para pesados, em Viseu, que tem vindo a crescer a dois d\u00edgitos nos \u00faltimos anos","og_url":"https:\/\/jornaldasoficinas.com\/pt\/vamos-duplicar-a-nossa-capacidade-de-armazenagem-ricardo-almeida-vicauto\/","og_site_name":"Jornal das Oficinas","article_publisher":"https:\/\/www.facebook.com\/jornaloficinas","article_published_time":"2024-08-18T20:30:00+00:00","og_image":[{"width":1024,"height":581,"url":"https:\/\/jornaldasoficinas.com\/pt\/wp-content\/uploads\/2024\/07\/Vamos-duplicar.jpeg","type":"image\/jpeg"}],"author":"Reda\u00e7\u00e3o JO","twitter_card":"summary_large_image","twitter_creator":"@jornaloficinas","twitter_site":"@jornaloficinas","twitter_misc":{"Escrito por":"Reda\u00e7\u00e3o JO","Tempo estimado de leitura":"6 minutos"},"schema":{"@context":"https:\/\/schema.org","@graph":[{"@type":"Article","@id":"https:\/\/jornaldasoficinas.com\/pt\/vamos-duplicar-a-nossa-capacidade-de-armazenagem-ricardo-almeida-vicauto\/#article","isPartOf":{"@id":"https:\/\/jornaldasoficinas.com\/pt\/vamos-duplicar-a-nossa-capacidade-de-armazenagem-ricardo-almeida-vicauto\/"},"author":{"name":"Reda\u00e7\u00e3o JO","@id":"https:\/\/jornaldasoficinas.com\/pt\/#\/schema\/person\/a38eef5de2c41d9e7c9ac10141afddf3"},"headline":"&#8220;Vamos duplicar a nossa capacidade de armazenagem!&#8221;, Ricardo Almeida, Vicauto","datePublished":"2024-08-18T20:30:00+00:00","mainEntityOfPage":{"@id":"https:\/\/jornaldasoficinas.com\/pt\/vamos-duplicar-a-nossa-capacidade-de-armazenagem-ricardo-almeida-vicauto\/"},"wordCount":947,"publisher":{"@id":"https:\/\/jornaldasoficinas.com\/pt\/#organization"},"image":{"@id":"https:\/\/jornaldasoficinas.com\/pt\/vamos-duplicar-a-nossa-capacidade-de-armazenagem-ricardo-almeida-vicauto\/#primaryimage"},"thumbnailUrl":"https:\/\/jornaldasoficinas.com\/pt\/wp-content\/uploads\/2024\/07\/Vamos-duplicar.jpeg","keywords":["20.000 refer\u00eancias","distribuidor de pe\u00e7as","Exporta\u00e7\u00e3o","Ricardo Almeida","Ve\u00edculos Pesados","Vicauto","Viseu"],"articleSection":["Entrevistas"],"inLanguage":"pt-PT"},{"@type":"WebPage","@id":"https:\/\/jornaldasoficinas.com\/pt\/vamos-duplicar-a-nossa-capacidade-de-armazenagem-ricardo-almeida-vicauto\/","url":"https:\/\/jornaldasoficinas.com\/pt\/vamos-duplicar-a-nossa-capacidade-de-armazenagem-ricardo-almeida-vicauto\/","name":"\"Vamos duplicar a nossa capacidade de armazenagem!\", Ricardo Almeida, Vicauto - Jornal das Oficinas","isPartOf":{"@id":"https:\/\/jornaldasoficinas.com\/pt\/#website"},"primaryImageOfPage":{"@id":"https:\/\/jornaldasoficinas.com\/pt\/vamos-duplicar-a-nossa-capacidade-de-armazenagem-ricardo-almeida-vicauto\/#primaryimage"},"image":{"@id":"https:\/\/jornaldasoficinas.com\/pt\/vamos-duplicar-a-nossa-capacidade-de-armazenagem-ricardo-almeida-vicauto\/#primaryimage"},"thumbnailUrl":"https:\/\/jornaldasoficinas.com\/pt\/wp-content\/uploads\/2024\/07\/Vamos-duplicar.jpeg","datePublished":"2024-08-18T20:30:00+00:00","description":"A Vicauto \u00e9 um distribuidor de pe\u00e7as para pesados, em Viseu, que tem vindo a crescer a dois d\u00edgitos nos \u00faltimos anos","breadcrumb":{"@id":"https:\/\/jornaldasoficinas.com\/pt\/vamos-duplicar-a-nossa-capacidade-de-armazenagem-ricardo-almeida-vicauto\/#breadcrumb"},"inLanguage":"pt-PT","potentialAction":[{"@type":"ReadAction","target":["https:\/\/jornaldasoficinas.com\/pt\/vamos-duplicar-a-nossa-capacidade-de-armazenagem-ricardo-almeida-vicauto\/"]}]},{"@type":"ImageObject","inLanguage":"pt-PT","@id":"https:\/\/jornaldasoficinas.com\/pt\/vamos-duplicar-a-nossa-capacidade-de-armazenagem-ricardo-almeida-vicauto\/#primaryimage","url":"https:\/\/jornaldasoficinas.com\/pt\/wp-content\/uploads\/2024\/07\/Vamos-duplicar.jpeg","contentUrl":"https:\/\/jornaldasoficinas.com\/pt\/wp-content\/uploads\/2024\/07\/Vamos-duplicar.jpeg","width":1024,"height":581,"caption":"07 - Vamos duplicar"},{"@type":"BreadcrumbList","@id":"https:\/\/jornaldasoficinas.com\/pt\/vamos-duplicar-a-nossa-capacidade-de-armazenagem-ricardo-almeida-vicauto\/#breadcrumb","itemListElement":[{"@type":"ListItem","position":1,"name":"In\u00edcio","item":"https:\/\/jornaldasoficinas.com\/pt\/"},{"@type":"ListItem","position":2,"name":"&#8220;Vamos duplicar a nossa capacidade de armazenagem!&#8221;, Ricardo Almeida, Vicauto"}]},{"@type":"WebSite","@id":"https:\/\/jornaldasoficinas.com\/pt\/#website","url":"https:\/\/jornaldasoficinas.com\/pt\/","name":"Jornal das Oficinas","description":"Jornal independente do Aftermarket Autom\u00f3vel em Portugal","publisher":{"@id":"https:\/\/jornaldasoficinas.com\/pt\/#organization"},"potentialAction":[{"@type":"SearchAction","target":{"@type":"EntryPoint","urlTemplate":"https:\/\/jornaldasoficinas.com\/pt\/?s={search_term_string}"},"query-input":{"@type":"PropertyValueSpecification","valueRequired":true,"valueName":"search_term_string"}}],"inLanguage":"pt-PT"},{"@type":"Organization","@id":"https:\/\/jornaldasoficinas.com\/pt\/#organization","name":"Jornal das Oficinas","url":"https:\/\/jornaldasoficinas.com\/pt\/","logo":{"@type":"ImageObject","inLanguage":"pt-PT","@id":"https:\/\/jornaldasoficinas.com\/pt\/#\/schema\/logo\/image\/","url":"https:\/\/jornaldasoficinas.com\/pt\/wp-content\/uploads\/logoJO-SEO.png","contentUrl":"https:\/\/jornaldasoficinas.com\/pt\/wp-content\/uploads\/logoJO-SEO.png","width":285,"height":450,"caption":"Jornal das Oficinas"},"image":{"@id":"https:\/\/jornaldasoficinas.com\/pt\/#\/schema\/logo\/image\/"},"sameAs":["https:\/\/www.facebook.com\/jornaloficinas","https:\/\/x.com\/jornaloficinas","https:\/\/www.instagram.com\/jornal_oficinas\/","https:\/\/www.linkedin.com\/company\/jornal-das-oficinas\/","https:\/\/www.youtube.com\/channel\/UCbQZBqtcvV-oSQrr7RzINGg"]},{"@type":"Person","@id":"https:\/\/jornaldasoficinas.com\/pt\/#\/schema\/person\/a38eef5de2c41d9e7c9ac10141afddf3","name":"Reda\u00e7\u00e3o JO","image":{"@type":"ImageObject","inLanguage":"pt-PT","@id":"https:\/\/secure.gravatar.com\/avatar\/71f2fa71737ad68a84fea94bc708ddac8ea5b0c4788dc2ad202f3ccb2887742f?s=96&d=wp_user_avatar&r=g","url":"https:\/\/secure.gravatar.com\/avatar\/71f2fa71737ad68a84fea94bc708ddac8ea5b0c4788dc2ad202f3ccb2887742f?s=96&d=wp_user_avatar&r=g","contentUrl":"https:\/\/secure.gravatar.com\/avatar\/71f2fa71737ad68a84fea94bc708ddac8ea5b0c4788dc2ad202f3ccb2887742f?s=96&d=wp_user_avatar&r=g","caption":"Reda\u00e7\u00e3o JO"},"url":"https:\/\/jornaldasoficinas.com\/pt\/author\/joredacao\/"}]}},"_links":{"self":[{"href":"https:\/\/jornaldasoficinas.com\/pt\/wp-json\/wp\/v2\/posts\/88782","targetHints":{"allow":["GET"]}}],"collection":[{"href":"https:\/\/jornaldasoficinas.com\/pt\/wp-json\/wp\/v2\/posts"}],"about":[{"href":"https:\/\/jornaldasoficinas.com\/pt\/wp-json\/wp\/v2\/types\/post"}],"author":[{"embeddable":true,"href":"https:\/\/jornaldasoficinas.com\/pt\/wp-json\/wp\/v2\/users\/15"}],"replies":[{"embeddable":true,"href":"https:\/\/jornaldasoficinas.com\/pt\/wp-json\/wp\/v2\/comments?post=88782"}],"version-history":[{"count":0,"href":"https:\/\/jornaldasoficinas.com\/pt\/wp-json\/wp\/v2\/posts\/88782\/revisions"}],"wp:featuredmedia":[{"embeddable":true,"href":"https:\/\/jornaldasoficinas.com\/pt\/wp-json\/wp\/v2\/media\/88775"}],"wp:attachment":[{"href":"https:\/\/jornaldasoficinas.com\/pt\/wp-json\/wp\/v2\/media?parent=88782"}],"wp:term":[{"taxonomy":"category","embeddable":true,"href":"https:\/\/jornaldasoficinas.com\/pt\/wp-json\/wp\/v2\/categories?post=88782"},{"taxonomy":"post_tag","embeddable":true,"href":"https:\/\/jornaldasoficinas.com\/pt\/wp-json\/wp\/v2\/tags?post=88782"}],"curies":[{"name":"wp","href":"https:\/\/api.w.org\/{rel}","templated":true}]}}