{"id":88967,"date":"2024-08-06T14:00:17","date_gmt":"2024-08-06T13:00:17","guid":{"rendered":"https:\/\/jornaldasoficinas.com\/pt\/?p=88967"},"modified":"2024-08-01T15:25:53","modified_gmt":"2024-08-01T14:25:53","slug":"procura-por-bevs-usados-aumenta","status":"publish","type":"post","link":"https:\/\/jornaldasoficinas.com\/pt\/procura-por-bevs-usados-aumenta\/","title":{"rendered":"Procura por BEVs usados aumenta"},"content":{"rendered":"<p><strong><img loading=\"lazy\" decoding=\"async\" class=\"alignnone size-full wp-image-88973\" src=\"https:\/\/jornaldasoficinas.com\/pt\/wp-content\/uploads\/2024\/07\/Procura-por-BEVs-usados-aumenta.jpg\" alt=\"07 - Procura por BEVs usados aumenta\" width=\"1024\" height=\"581\" srcset=\"https:\/\/jornaldasoficinas.com\/pt\/wp-content\/uploads\/2024\/07\/Procura-por-BEVs-usados-aumenta.jpg 1024w, https:\/\/jornaldasoficinas.com\/pt\/wp-content\/uploads\/2024\/07\/Procura-por-BEVs-usados-aumenta-300x170.jpg 300w, https:\/\/jornaldasoficinas.com\/pt\/wp-content\/uploads\/2024\/07\/Procura-por-BEVs-usados-aumenta-150x85.jpg 150w, https:\/\/jornaldasoficinas.com\/pt\/wp-content\/uploads\/2024\/07\/Procura-por-BEVs-usados-aumenta-768x436.jpg 768w\" sizes=\"auto, (max-width: 1024px) 100vw, 1024px\" \/><\/strong><\/p>\n<p><strong>Segundo o \u00faltimo relat\u00f3rio divulgado pelo Observat\u00f3rio <a href=\"https:\/\/www.indicata.pt\/\" target=\"_blank\" rel=\"noopener\">INDICATA<\/a>, a quota de mercado dos BEVs subiu para 5,30%<\/strong><\/p>\n<p>&#8220;Junho acabou por ser um bom m\u00eas para os BEVs, com a sua quota de vendas a aumentar e o seu Market Days Supply (MDS) a melhorar para 92 dias, comparativamente aos 105 dias em maio&#8221;, pode ler-se no relat\u00f3rio.<\/p>\n<p>&#8220;Embora isto ainda os deixe muito atr\u00e1s do quarto classificado, o MHEV, com 79 dias, \u00e9 o mais pr\u00f3ximo que os BEVs estiveram dos outros grupos motopropulsores este ano&#8221;, esclareceu.<\/p>\n<p>O gas\u00f3leo e a gasolina continuam a lutar para ser o grupo motopropulsor mais popular para todos os ve\u00edculos de todas as idades, com o gas\u00f3leo a ocupar o primeiro lugar em junho, com um MDS de 58 dias. &#8220;Isto significa que o stock de ve\u00edculos usados B2C online \u00e9 apenas suficiente para 58 dias, com a atual taxa de vendas&#8221;, referiu.<\/p>\n<p>Embora a gasolina seja o grupo motopropulsor mais vendido em volume, o gas\u00f3leo \u00e9 o mais procurado por MDS, com uma vantagem de quatro dias sobre a gasolina. &#8220;Seria f\u00e1cil pensar que se trata apenas de uma quest\u00e3o de legado, com os compradores de autom\u00f3veis mais novos a alterarem esta m\u00e9trica, mas se olharmos para o mercado de autom\u00f3veis de passageiros com at\u00e9 quatro anos de idade, a diferen\u00e7a aumenta para seis dias, com o gas\u00f3leo a 59 dias&#8221;, apontou.<\/p>\n<p>Embora a diferen\u00e7a no MDS diminua para quatro dias para os autom\u00f3veis com menos de dois anos, o gas\u00f3leo continua a ser o melhor, com um MDS de 71 dias, em compara\u00e7\u00e3o com 76 dias para a gasolina. O MHEV \u00e9 o terceiro com 83 dias, seguido do PHEV\/HEV com 85 e do BEV com 102 dias.<\/p>\n<p>Embora as vendas de ve\u00edculos comerciais sejam dominadas pelo gas\u00f3leo, o pequeno volume de outros grupos motopropulsores est\u00e1 a ser satisfeito por um n\u00edvel semelhante de procura no mercado de usados. O gas\u00f3leo e o MHEV est\u00e3o ambos a 67 dias, o PHEV\/HEV a 77 dias e a gasolina a 82 dias. &#8220;No entanto, mesmo com o baixo volume de ve\u00edculos comerciais BEVs a entrar no mercado, a procura \u00e9 muito reduzida, resultando num MDS de 148 dias&#8221;, finalizou.<\/p>\n","protected":false},"excerpt":{"rendered":"<p>Segundo o \u00faltimo relat\u00f3rio divulgado pelo&#8230;<\/p>\n","protected":false},"author":15,"featured_media":88973,"comment_status":"closed","ping_status":"closed","sticky":false,"template":"","format":"standard","meta":{"footnotes":""},"categories":[37],"tags":[8023,3948,1895,10132,7415,7196,10133],"class_list":["post-88967","post","type-post","status-publish","format-standard","has-post-thumbnail","hentry","category-mercado","tag-aumento-da-procura","tag-bevs","tag-indicata","tag-market-days-supply","tag-quota-de-mercado","tag-relatorio","tag-resultados"],"yoast_head":"<!-- This site is optimized with the Yoast SEO plugin v27.5 - https:\/\/yoast.com\/product\/yoast-seo-wordpress\/ -->\n<title>Procura por BEVs usados aumenta - Jornal das Oficinas<\/title>\n<meta name=\"description\" content=\"Segundo o \u00faltimo relat\u00f3rio divulgado pelo Observat\u00f3rio INDICATA, a quota de mercado dos BEVs subiu para 5,30%\" \/>\n<meta name=\"robots\" content=\"index, follow, max-snippet:-1, max-image-preview:large, max-video-preview:-1\" \/>\n<link rel=\"canonical\" href=\"https:\/\/jornaldasoficinas.com\/pt\/procura-por-bevs-usados-aumenta\/\" \/>\n<meta property=\"og:locale\" content=\"pt_PT\" \/>\n<meta property=\"og:type\" content=\"article\" \/>\n<meta property=\"og:title\" content=\"Procura por BEVs usados aumenta - Jornal das Oficinas\" \/>\n<meta property=\"og:description\" content=\"Segundo o \u00faltimo relat\u00f3rio divulgado pelo Observat\u00f3rio INDICATA, a quota de mercado dos BEVs subiu para 5,30%\" \/>\n<meta property=\"og:url\" content=\"https:\/\/jornaldasoficinas.com\/pt\/procura-por-bevs-usados-aumenta\/\" \/>\n<meta property=\"og:site_name\" content=\"Jornal das Oficinas\" \/>\n<meta property=\"article:publisher\" content=\"https:\/\/www.facebook.com\/jornaloficinas\" \/>\n<meta property=\"article:published_time\" content=\"2024-08-06T13:00:17+00:00\" \/>\n<meta property=\"og:image\" content=\"https:\/\/jornaldasoficinas.com\/pt\/wp-content\/uploads\/2024\/07\/Procura-por-BEVs-usados-aumenta.jpg\" \/>\n\t<meta property=\"og:image:width\" content=\"1024\" \/>\n\t<meta property=\"og:image:height\" content=\"581\" \/>\n\t<meta property=\"og:image:type\" content=\"image\/jpeg\" \/>\n<meta name=\"author\" content=\"Reda\u00e7\u00e3o JO\" \/>\n<meta name=\"twitter:card\" content=\"summary_large_image\" \/>\n<meta name=\"twitter:creator\" content=\"@jornaloficinas\" \/>\n<meta name=\"twitter:site\" content=\"@jornaloficinas\" \/>\n<meta name=\"twitter:label1\" content=\"Escrito por\" \/>\n\t<meta name=\"twitter:data1\" content=\"Reda\u00e7\u00e3o JO\" \/>\n\t<meta name=\"twitter:label2\" content=\"Tempo estimado de leitura\" \/>\n\t<meta name=\"twitter:data2\" content=\"3 minutos\" \/>\n<script type=\"application\/ld+json\" class=\"yoast-schema-graph\">{\"@context\":\"https:\\\/\\\/schema.org\",\"@graph\":[{\"@type\":\"Article\",\"@id\":\"https:\\\/\\\/jornaldasoficinas.com\\\/pt\\\/procura-por-bevs-usados-aumenta\\\/#article\",\"isPartOf\":{\"@id\":\"https:\\\/\\\/jornaldasoficinas.com\\\/pt\\\/procura-por-bevs-usados-aumenta\\\/\"},\"author\":{\"name\":\"Reda\u00e7\u00e3o JO\",\"@id\":\"https:\\\/\\\/jornaldasoficinas.com\\\/pt\\\/#\\\/schema\\\/person\\\/a38eef5de2c41d9e7c9ac10141afddf3\"},\"headline\":\"Procura por BEVs usados aumenta\",\"datePublished\":\"2024-08-06T13:00:17+00:00\",\"mainEntityOfPage\":{\"@id\":\"https:\\\/\\\/jornaldasoficinas.com\\\/pt\\\/procura-por-bevs-usados-aumenta\\\/\"},\"wordCount\":380,\"publisher\":{\"@id\":\"https:\\\/\\\/jornaldasoficinas.com\\\/pt\\\/#organization\"},\"image\":{\"@id\":\"https:\\\/\\\/jornaldasoficinas.com\\\/pt\\\/procura-por-bevs-usados-aumenta\\\/#primaryimage\"},\"thumbnailUrl\":\"https:\\\/\\\/jornaldasoficinas.com\\\/pt\\\/wp-content\\\/uploads\\\/2024\\\/07\\\/Procura-por-BEVs-usados-aumenta.jpg\",\"keywords\":[\"aumento da procura\",\"BEVs\",\"INDICATA\",\"Market Days Supply\",\"quota de mercado\",\"Relat\u00f3rio\",\"resultados\"],\"articleSection\":[\"Mercado\"],\"inLanguage\":\"pt-PT\"},{\"@type\":\"WebPage\",\"@id\":\"https:\\\/\\\/jornaldasoficinas.com\\\/pt\\\/procura-por-bevs-usados-aumenta\\\/\",\"url\":\"https:\\\/\\\/jornaldasoficinas.com\\\/pt\\\/procura-por-bevs-usados-aumenta\\\/\",\"name\":\"Procura por BEVs usados aumenta - Jornal das Oficinas\",\"isPartOf\":{\"@id\":\"https:\\\/\\\/jornaldasoficinas.com\\\/pt\\\/#website\"},\"primaryImageOfPage\":{\"@id\":\"https:\\\/\\\/jornaldasoficinas.com\\\/pt\\\/procura-por-bevs-usados-aumenta\\\/#primaryimage\"},\"image\":{\"@id\":\"https:\\\/\\\/jornaldasoficinas.com\\\/pt\\\/procura-por-bevs-usados-aumenta\\\/#primaryimage\"},\"thumbnailUrl\":\"https:\\\/\\\/jornaldasoficinas.com\\\/pt\\\/wp-content\\\/uploads\\\/2024\\\/07\\\/Procura-por-BEVs-usados-aumenta.jpg\",\"datePublished\":\"2024-08-06T13:00:17+00:00\",\"description\":\"Segundo o \u00faltimo relat\u00f3rio divulgado pelo Observat\u00f3rio INDICATA, a quota de mercado dos BEVs subiu para 5,30%\",\"breadcrumb\":{\"@id\":\"https:\\\/\\\/jornaldasoficinas.com\\\/pt\\\/procura-por-bevs-usados-aumenta\\\/#breadcrumb\"},\"inLanguage\":\"pt-PT\",\"potentialAction\":[{\"@type\":\"ReadAction\",\"target\":[\"https:\\\/\\\/jornaldasoficinas.com\\\/pt\\\/procura-por-bevs-usados-aumenta\\\/\"]}]},{\"@type\":\"ImageObject\",\"inLanguage\":\"pt-PT\",\"@id\":\"https:\\\/\\\/jornaldasoficinas.com\\\/pt\\\/procura-por-bevs-usados-aumenta\\\/#primaryimage\",\"url\":\"https:\\\/\\\/jornaldasoficinas.com\\\/pt\\\/wp-content\\\/uploads\\\/2024\\\/07\\\/Procura-por-BEVs-usados-aumenta.jpg\",\"contentUrl\":\"https:\\\/\\\/jornaldasoficinas.com\\\/pt\\\/wp-content\\\/uploads\\\/2024\\\/07\\\/Procura-por-BEVs-usados-aumenta.jpg\",\"width\":1024,\"height\":581,\"caption\":\"07 - Procura por BEVs usados aumenta\"},{\"@type\":\"BreadcrumbList\",\"@id\":\"https:\\\/\\\/jornaldasoficinas.com\\\/pt\\\/procura-por-bevs-usados-aumenta\\\/#breadcrumb\",\"itemListElement\":[{\"@type\":\"ListItem\",\"position\":1,\"name\":\"In\u00edcio\",\"item\":\"https:\\\/\\\/jornaldasoficinas.com\\\/pt\\\/\"},{\"@type\":\"ListItem\",\"position\":2,\"name\":\"Procura por BEVs usados aumenta\"}]},{\"@type\":\"WebSite\",\"@id\":\"https:\\\/\\\/jornaldasoficinas.com\\\/pt\\\/#website\",\"url\":\"https:\\\/\\\/jornaldasoficinas.com\\\/pt\\\/\",\"name\":\"Jornal das Oficinas\",\"description\":\"Jornal independente do Aftermarket Autom\u00f3vel em Portugal\",\"publisher\":{\"@id\":\"https:\\\/\\\/jornaldasoficinas.com\\\/pt\\\/#organization\"},\"potentialAction\":[{\"@type\":\"SearchAction\",\"target\":{\"@type\":\"EntryPoint\",\"urlTemplate\":\"https:\\\/\\\/jornaldasoficinas.com\\\/pt\\\/?s={search_term_string}\"},\"query-input\":{\"@type\":\"PropertyValueSpecification\",\"valueRequired\":true,\"valueName\":\"search_term_string\"}}],\"inLanguage\":\"pt-PT\"},{\"@type\":\"Organization\",\"@id\":\"https:\\\/\\\/jornaldasoficinas.com\\\/pt\\\/#organization\",\"name\":\"Jornal das Oficinas\",\"url\":\"https:\\\/\\\/jornaldasoficinas.com\\\/pt\\\/\",\"logo\":{\"@type\":\"ImageObject\",\"inLanguage\":\"pt-PT\",\"@id\":\"https:\\\/\\\/jornaldasoficinas.com\\\/pt\\\/#\\\/schema\\\/logo\\\/image\\\/\",\"url\":\"https:\\\/\\\/jornaldasoficinas.com\\\/pt\\\/wp-content\\\/uploads\\\/logoJO-SEO.png\",\"contentUrl\":\"https:\\\/\\\/jornaldasoficinas.com\\\/pt\\\/wp-content\\\/uploads\\\/logoJO-SEO.png\",\"width\":285,\"height\":450,\"caption\":\"Jornal das Oficinas\"},\"image\":{\"@id\":\"https:\\\/\\\/jornaldasoficinas.com\\\/pt\\\/#\\\/schema\\\/logo\\\/image\\\/\"},\"sameAs\":[\"https:\\\/\\\/www.facebook.com\\\/jornaloficinas\",\"https:\\\/\\\/x.com\\\/jornaloficinas\",\"https:\\\/\\\/www.instagram.com\\\/jornal_oficinas\\\/\",\"https:\\\/\\\/www.linkedin.com\\\/company\\\/jornal-das-oficinas\\\/\",\"https:\\\/\\\/www.youtube.com\\\/channel\\\/UCbQZBqtcvV-oSQrr7RzINGg\"]},{\"@type\":\"Person\",\"@id\":\"https:\\\/\\\/jornaldasoficinas.com\\\/pt\\\/#\\\/schema\\\/person\\\/a38eef5de2c41d9e7c9ac10141afddf3\",\"name\":\"Reda\u00e7\u00e3o JO\",\"image\":{\"@type\":\"ImageObject\",\"inLanguage\":\"pt-PT\",\"@id\":\"https:\\\/\\\/secure.gravatar.com\\\/avatar\\\/71f2fa71737ad68a84fea94bc708ddac8ea5b0c4788dc2ad202f3ccb2887742f?s=96&d=wp_user_avatar&r=g\",\"url\":\"https:\\\/\\\/secure.gravatar.com\\\/avatar\\\/71f2fa71737ad68a84fea94bc708ddac8ea5b0c4788dc2ad202f3ccb2887742f?s=96&d=wp_user_avatar&r=g\",\"contentUrl\":\"https:\\\/\\\/secure.gravatar.com\\\/avatar\\\/71f2fa71737ad68a84fea94bc708ddac8ea5b0c4788dc2ad202f3ccb2887742f?s=96&d=wp_user_avatar&r=g\",\"caption\":\"Reda\u00e7\u00e3o JO\"},\"url\":\"https:\\\/\\\/jornaldasoficinas.com\\\/pt\\\/author\\\/joredacao\\\/\"}]}<\/script>\n<!-- \/ Yoast SEO plugin. -->","yoast_head_json":{"title":"Procura por BEVs usados aumenta - Jornal das Oficinas","description":"Segundo o \u00faltimo relat\u00f3rio divulgado pelo Observat\u00f3rio INDICATA, a quota de mercado dos BEVs subiu para 5,30%","robots":{"index":"index","follow":"follow","max-snippet":"max-snippet:-1","max-image-preview":"max-image-preview:large","max-video-preview":"max-video-preview:-1"},"canonical":"https:\/\/jornaldasoficinas.com\/pt\/procura-por-bevs-usados-aumenta\/","og_locale":"pt_PT","og_type":"article","og_title":"Procura por BEVs usados aumenta - Jornal das Oficinas","og_description":"Segundo o \u00faltimo relat\u00f3rio divulgado pelo Observat\u00f3rio INDICATA, a quota de mercado dos BEVs subiu para 5,30%","og_url":"https:\/\/jornaldasoficinas.com\/pt\/procura-por-bevs-usados-aumenta\/","og_site_name":"Jornal das Oficinas","article_publisher":"https:\/\/www.facebook.com\/jornaloficinas","article_published_time":"2024-08-06T13:00:17+00:00","og_image":[{"width":1024,"height":581,"url":"https:\/\/jornaldasoficinas.com\/pt\/wp-content\/uploads\/2024\/07\/Procura-por-BEVs-usados-aumenta.jpg","type":"image\/jpeg"}],"author":"Reda\u00e7\u00e3o JO","twitter_card":"summary_large_image","twitter_creator":"@jornaloficinas","twitter_site":"@jornaloficinas","twitter_misc":{"Escrito por":"Reda\u00e7\u00e3o JO","Tempo estimado de leitura":"3 minutos"},"schema":{"@context":"https:\/\/schema.org","@graph":[{"@type":"Article","@id":"https:\/\/jornaldasoficinas.com\/pt\/procura-por-bevs-usados-aumenta\/#article","isPartOf":{"@id":"https:\/\/jornaldasoficinas.com\/pt\/procura-por-bevs-usados-aumenta\/"},"author":{"name":"Reda\u00e7\u00e3o JO","@id":"https:\/\/jornaldasoficinas.com\/pt\/#\/schema\/person\/a38eef5de2c41d9e7c9ac10141afddf3"},"headline":"Procura por BEVs usados aumenta","datePublished":"2024-08-06T13:00:17+00:00","mainEntityOfPage":{"@id":"https:\/\/jornaldasoficinas.com\/pt\/procura-por-bevs-usados-aumenta\/"},"wordCount":380,"publisher":{"@id":"https:\/\/jornaldasoficinas.com\/pt\/#organization"},"image":{"@id":"https:\/\/jornaldasoficinas.com\/pt\/procura-por-bevs-usados-aumenta\/#primaryimage"},"thumbnailUrl":"https:\/\/jornaldasoficinas.com\/pt\/wp-content\/uploads\/2024\/07\/Procura-por-BEVs-usados-aumenta.jpg","keywords":["aumento da procura","BEVs","INDICATA","Market Days Supply","quota de mercado","Relat\u00f3rio","resultados"],"articleSection":["Mercado"],"inLanguage":"pt-PT"},{"@type":"WebPage","@id":"https:\/\/jornaldasoficinas.com\/pt\/procura-por-bevs-usados-aumenta\/","url":"https:\/\/jornaldasoficinas.com\/pt\/procura-por-bevs-usados-aumenta\/","name":"Procura por BEVs usados aumenta - Jornal das Oficinas","isPartOf":{"@id":"https:\/\/jornaldasoficinas.com\/pt\/#website"},"primaryImageOfPage":{"@id":"https:\/\/jornaldasoficinas.com\/pt\/procura-por-bevs-usados-aumenta\/#primaryimage"},"image":{"@id":"https:\/\/jornaldasoficinas.com\/pt\/procura-por-bevs-usados-aumenta\/#primaryimage"},"thumbnailUrl":"https:\/\/jornaldasoficinas.com\/pt\/wp-content\/uploads\/2024\/07\/Procura-por-BEVs-usados-aumenta.jpg","datePublished":"2024-08-06T13:00:17+00:00","description":"Segundo o \u00faltimo relat\u00f3rio divulgado pelo Observat\u00f3rio INDICATA, a quota de mercado dos BEVs subiu para 5,30%","breadcrumb":{"@id":"https:\/\/jornaldasoficinas.com\/pt\/procura-por-bevs-usados-aumenta\/#breadcrumb"},"inLanguage":"pt-PT","potentialAction":[{"@type":"ReadAction","target":["https:\/\/jornaldasoficinas.com\/pt\/procura-por-bevs-usados-aumenta\/"]}]},{"@type":"ImageObject","inLanguage":"pt-PT","@id":"https:\/\/jornaldasoficinas.com\/pt\/procura-por-bevs-usados-aumenta\/#primaryimage","url":"https:\/\/jornaldasoficinas.com\/pt\/wp-content\/uploads\/2024\/07\/Procura-por-BEVs-usados-aumenta.jpg","contentUrl":"https:\/\/jornaldasoficinas.com\/pt\/wp-content\/uploads\/2024\/07\/Procura-por-BEVs-usados-aumenta.jpg","width":1024,"height":581,"caption":"07 - Procura por BEVs usados aumenta"},{"@type":"BreadcrumbList","@id":"https:\/\/jornaldasoficinas.com\/pt\/procura-por-bevs-usados-aumenta\/#breadcrumb","itemListElement":[{"@type":"ListItem","position":1,"name":"In\u00edcio","item":"https:\/\/jornaldasoficinas.com\/pt\/"},{"@type":"ListItem","position":2,"name":"Procura por BEVs usados aumenta"}]},{"@type":"WebSite","@id":"https:\/\/jornaldasoficinas.com\/pt\/#website","url":"https:\/\/jornaldasoficinas.com\/pt\/","name":"Jornal das Oficinas","description":"Jornal independente do Aftermarket Autom\u00f3vel em Portugal","publisher":{"@id":"https:\/\/jornaldasoficinas.com\/pt\/#organization"},"potentialAction":[{"@type":"SearchAction","target":{"@type":"EntryPoint","urlTemplate":"https:\/\/jornaldasoficinas.com\/pt\/?s={search_term_string}"},"query-input":{"@type":"PropertyValueSpecification","valueRequired":true,"valueName":"search_term_string"}}],"inLanguage":"pt-PT"},{"@type":"Organization","@id":"https:\/\/jornaldasoficinas.com\/pt\/#organization","name":"Jornal das Oficinas","url":"https:\/\/jornaldasoficinas.com\/pt\/","logo":{"@type":"ImageObject","inLanguage":"pt-PT","@id":"https:\/\/jornaldasoficinas.com\/pt\/#\/schema\/logo\/image\/","url":"https:\/\/jornaldasoficinas.com\/pt\/wp-content\/uploads\/logoJO-SEO.png","contentUrl":"https:\/\/jornaldasoficinas.com\/pt\/wp-content\/uploads\/logoJO-SEO.png","width":285,"height":450,"caption":"Jornal das Oficinas"},"image":{"@id":"https:\/\/jornaldasoficinas.com\/pt\/#\/schema\/logo\/image\/"},"sameAs":["https:\/\/www.facebook.com\/jornaloficinas","https:\/\/x.com\/jornaloficinas","https:\/\/www.instagram.com\/jornal_oficinas\/","https:\/\/www.linkedin.com\/company\/jornal-das-oficinas\/","https:\/\/www.youtube.com\/channel\/UCbQZBqtcvV-oSQrr7RzINGg"]},{"@type":"Person","@id":"https:\/\/jornaldasoficinas.com\/pt\/#\/schema\/person\/a38eef5de2c41d9e7c9ac10141afddf3","name":"Reda\u00e7\u00e3o JO","image":{"@type":"ImageObject","inLanguage":"pt-PT","@id":"https:\/\/secure.gravatar.com\/avatar\/71f2fa71737ad68a84fea94bc708ddac8ea5b0c4788dc2ad202f3ccb2887742f?s=96&d=wp_user_avatar&r=g","url":"https:\/\/secure.gravatar.com\/avatar\/71f2fa71737ad68a84fea94bc708ddac8ea5b0c4788dc2ad202f3ccb2887742f?s=96&d=wp_user_avatar&r=g","contentUrl":"https:\/\/secure.gravatar.com\/avatar\/71f2fa71737ad68a84fea94bc708ddac8ea5b0c4788dc2ad202f3ccb2887742f?s=96&d=wp_user_avatar&r=g","caption":"Reda\u00e7\u00e3o JO"},"url":"https:\/\/jornaldasoficinas.com\/pt\/author\/joredacao\/"}]}},"_links":{"self":[{"href":"https:\/\/jornaldasoficinas.com\/pt\/wp-json\/wp\/v2\/posts\/88967","targetHints":{"allow":["GET"]}}],"collection":[{"href":"https:\/\/jornaldasoficinas.com\/pt\/wp-json\/wp\/v2\/posts"}],"about":[{"href":"https:\/\/jornaldasoficinas.com\/pt\/wp-json\/wp\/v2\/types\/post"}],"author":[{"embeddable":true,"href":"https:\/\/jornaldasoficinas.com\/pt\/wp-json\/wp\/v2\/users\/15"}],"replies":[{"embeddable":true,"href":"https:\/\/jornaldasoficinas.com\/pt\/wp-json\/wp\/v2\/comments?post=88967"}],"version-history":[{"count":0,"href":"https:\/\/jornaldasoficinas.com\/pt\/wp-json\/wp\/v2\/posts\/88967\/revisions"}],"wp:featuredmedia":[{"embeddable":true,"href":"https:\/\/jornaldasoficinas.com\/pt\/wp-json\/wp\/v2\/media\/88973"}],"wp:attachment":[{"href":"https:\/\/jornaldasoficinas.com\/pt\/wp-json\/wp\/v2\/media?parent=88967"}],"wp:term":[{"taxonomy":"category","embeddable":true,"href":"https:\/\/jornaldasoficinas.com\/pt\/wp-json\/wp\/v2\/categories?post=88967"},{"taxonomy":"post_tag","embeddable":true,"href":"https:\/\/jornaldasoficinas.com\/pt\/wp-json\/wp\/v2\/tags?post=88967"}],"curies":[{"name":"wp","href":"https:\/\/api.w.org\/{rel}","templated":true}]}}