{"id":8917,"date":"2020-01-24T15:00:32","date_gmt":"2020-01-24T15:00:32","guid":{"rendered":"https:\/\/jornaldasoficinas.com\/pt\/?p=8917"},"modified":"2023-07-20T16:07:09","modified_gmt":"2023-07-20T15:07:09","slug":"estudo-da-leaseplan-caracteriza-mobilidade","status":"publish","type":"post","link":"https:\/\/jornaldasoficinas.com\/pt\/estudo-da-leaseplan-caracteriza-mobilidade\/","title":{"rendered":"Estudo da LeasePlan caracteriza mobilidade"},"content":{"rendered":"<p><img loading=\"lazy\" decoding=\"async\" class=\"alignnone size-full wp-image-8909\" src=\"https:\/\/jornaldasoficinas.com\/pt\/wp-content\/uploads\/2020\/01\/093_CN_Media_leaseplan_estudo_Porto_11dez2019.jpg\" alt=\"uploads - 093_CN_Media_leaseplan_estudo_Porto_11dez2019\" width=\"1024\" height=\"581\" srcset=\"https:\/\/jornaldasoficinas.com\/pt\/wp-content\/uploads\/2020\/01\/093_CN_Media_leaseplan_estudo_Porto_11dez2019.jpg 1024w, https:\/\/jornaldasoficinas.com\/pt\/wp-content\/uploads\/2020\/01\/093_CN_Media_leaseplan_estudo_Porto_11dez2019-300x170.jpg 300w, https:\/\/jornaldasoficinas.com\/pt\/wp-content\/uploads\/2020\/01\/093_CN_Media_leaseplan_estudo_Porto_11dez2019-150x85.jpg 150w, https:\/\/jornaldasoficinas.com\/pt\/wp-content\/uploads\/2020\/01\/093_CN_Media_leaseplan_estudo_Porto_11dez2019-768x436.jpg 768w\" sizes=\"auto, (max-width: 1024px) 100vw, 1024px\" \/><\/p>\n<p><strong>A mobilidade el\u00e9trica come\u00e7a a ganhar alguma maturidade e o estudo \u201cMotoriza\u00e7\u00f5es: qual a mais eficiente?\u201d, da LeasePlan, \u00e9 a prova disso. A compara\u00e7\u00e3o com a 1.\u00aa edi\u00e7\u00e3o do estudo mostra que j\u00e1 existem solu\u00e7\u00f5es 100% el\u00e9tricas para todos os segmentos analisados. \u00a0<\/strong><\/p>\n<p>Durante o intervalo de tempo entre os dois estudos, assistiu-se, tamb\u00e9m, a um ganho de competitividade assinal\u00e1vel das propuls\u00f5es 100% el\u00e9tricas em muitos segmentos e, para v\u00e1rios perfis de quilometragem, em particular no segmento dos utilit\u00e1rios, muito alavancado pela clara aposta dos construtores autom\u00f3veis em vers\u00f5es el\u00e9tricas das suas op\u00e7\u00f5es citadinas. Estas s\u00e3o algumas das conclus\u00f5es do estudo anual \u201cMotoriza\u00e7\u00f5es\u201d, junto de empresas com frotas entre 75 a 200 ve\u00edculos.<\/p>\n<p>Considerando que os oito segmentos do estudo representam 86% da frota do mercado de <em>renting<\/em> (utilit\u00e1rio, pequeno familiar SUV, pequeno familiar generalista, pequeno familiar <em>premium<\/em>, m\u00e9dio familiar generalista, m\u00e9dio familiar <em>premium<\/em>, grande familiar e pequeno furg\u00e3o), constata-se que os ganhos de competitividade dos ve\u00edculos el\u00e9tricos e <em>plug-in<\/em> aumentaram comparativamente ao estudo do ano passado.<\/p>\n<p>Se tivermos em conta a quilometragem mais escolhida pelas empresas (30.000 km\/ano), juntamente com o peso relativo de cada segmento nas frotas, pass\u00e1mos de uma situa\u00e7\u00e3o de 53% de perfis de utiliza\u00e7\u00e3o em que o ve\u00edculo eletrificado exibia um TCO inferior aos restantes em 2018, para os atuais 65% em 2019, um acr\u00e9scimo de 12% em apenas um ano.<\/p>\n<p>De referir ainda que, na an\u00e1lise deste ano da <a href=\"https:\/\/www.leaseplan.com\/pt-pt\/\" target=\"_blank\" rel=\"noopener noreferrer\">LeasePlan<\/a>, a propuls\u00e3o Diesel deixa de ser competitiva no segmento dos utilit\u00e1rios e perdeu quota de 2018 para c\u00e1, quando, no ano passado, era a mais competitiva em cinco dos sete perfis de utiliza\u00e7\u00e3o considerados.<\/p>\n<p>Uma outra an\u00e1lise relevante para as frotas \u00e9 perceber onde est\u00e3o as principais diferen\u00e7as de custos entre um ve\u00edculo Diesel e um 100% el\u00e9trico. Assim, o que se percebe e conclui \u00e9 que, globalmente, os custos de utiliza\u00e7\u00e3o de um ve\u00edculo 100% el\u00e9trico s\u00e3o, na verdade, mais baixos do que os de um ve\u00edculo Diesel equivalente.<\/p>\n<p>A competitividade do ve\u00edculo el\u00e9trico face ao Diesel est\u00e1 alicer\u00e7ada em tr\u00eas componentes muito importantes do TCO (custo total de utiliza\u00e7\u00e3o): impostos, custos de energia e custos com a manuten\u00e7\u00e3o.<\/p>\n","protected":false},"excerpt":{"rendered":"<p>A mobilidade el\u00e9trica come\u00e7a a ganhar&#8230;<\/p>\n","protected":false},"author":15,"featured_media":8909,"comment_status":"closed","ping_status":"closed","sticky":false,"template":"","format":"standard","meta":{"footnotes":""},"categories":[29],"tags":[519,335,89],"class_list":["post-8917","post","type-post","status-publish","format-standard","has-post-thumbnail","hentry","category-empresas","tag-leaseplan","tag-mobilidade","tag-veiculos-eletricos"],"yoast_head":"<!-- This site is optimized with the Yoast SEO plugin v27.4 - https:\/\/yoast.com\/product\/yoast-seo-wordpress\/ -->\n<title>Estudo da LeasePlan caracteriza mobilidade - Jornal das Oficinas<\/title>\n<meta name=\"robots\" content=\"index, follow, max-snippet:-1, max-image-preview:large, max-video-preview:-1\" \/>\n<link rel=\"canonical\" href=\"https:\/\/jornaldasoficinas.com\/pt\/estudo-da-leaseplan-caracteriza-mobilidade\/\" \/>\n<meta property=\"og:locale\" content=\"pt_PT\" \/>\n<meta property=\"og:type\" content=\"article\" \/>\n<meta property=\"og:title\" content=\"Estudo da LeasePlan caracteriza mobilidade - Jornal das Oficinas\" \/>\n<meta property=\"og:description\" content=\"A mobilidade el\u00e9trica come\u00e7a a ganhar...\" \/>\n<meta property=\"og:url\" content=\"https:\/\/jornaldasoficinas.com\/pt\/estudo-da-leaseplan-caracteriza-mobilidade\/\" \/>\n<meta property=\"og:site_name\" content=\"Jornal das Oficinas\" \/>\n<meta property=\"article:publisher\" content=\"https:\/\/www.facebook.com\/jornaloficinas\" \/>\n<meta property=\"article:published_time\" content=\"2020-01-24T15:00:32+00:00\" \/>\n<meta property=\"article:modified_time\" content=\"2023-07-20T15:07:09+00:00\" \/>\n<meta property=\"og:image\" content=\"https:\/\/jornaldasoficinas.com\/pt\/wp-content\/uploads\/2020\/01\/093_CN_Media_leaseplan_estudo_Porto_11dez2019.jpg\" \/>\n\t<meta property=\"og:image:width\" content=\"1024\" \/>\n\t<meta property=\"og:image:height\" content=\"581\" \/>\n\t<meta property=\"og:image:type\" content=\"image\/jpeg\" \/>\n<meta name=\"author\" content=\"Reda\u00e7\u00e3o JO\" \/>\n<meta name=\"twitter:card\" content=\"summary_large_image\" \/>\n<meta name=\"twitter:creator\" content=\"@jornaloficinas\" \/>\n<meta name=\"twitter:site\" content=\"@jornaloficinas\" \/>\n<meta name=\"twitter:label1\" content=\"Escrito por\" \/>\n\t<meta name=\"twitter:data1\" content=\"Reda\u00e7\u00e3o JO\" \/>\n\t<meta name=\"twitter:label2\" content=\"Tempo estimado de leitura\" \/>\n\t<meta name=\"twitter:data2\" content=\"2 minutos\" \/>\n<script type=\"application\/ld+json\" class=\"yoast-schema-graph\">{\"@context\":\"https:\\\/\\\/schema.org\",\"@graph\":[{\"@type\":\"Article\",\"@id\":\"https:\\\/\\\/jornaldasoficinas.com\\\/pt\\\/estudo-da-leaseplan-caracteriza-mobilidade\\\/#article\",\"isPartOf\":{\"@id\":\"https:\\\/\\\/jornaldasoficinas.com\\\/pt\\\/estudo-da-leaseplan-caracteriza-mobilidade\\\/\"},\"author\":{\"name\":\"Reda\u00e7\u00e3o JO\",\"@id\":\"https:\\\/\\\/jornaldasoficinas.com\\\/pt\\\/#\\\/schema\\\/person\\\/a38eef5de2c41d9e7c9ac10141afddf3\"},\"headline\":\"Estudo da LeasePlan caracteriza mobilidade\",\"datePublished\":\"2020-01-24T15:00:32+00:00\",\"dateModified\":\"2023-07-20T15:07:09+00:00\",\"mainEntityOfPage\":{\"@id\":\"https:\\\/\\\/jornaldasoficinas.com\\\/pt\\\/estudo-da-leaseplan-caracteriza-mobilidade\\\/\"},\"wordCount\":395,\"publisher\":{\"@id\":\"https:\\\/\\\/jornaldasoficinas.com\\\/pt\\\/#organization\"},\"image\":{\"@id\":\"https:\\\/\\\/jornaldasoficinas.com\\\/pt\\\/estudo-da-leaseplan-caracteriza-mobilidade\\\/#primaryimage\"},\"thumbnailUrl\":\"https:\\\/\\\/jornaldasoficinas.com\\\/pt\\\/wp-content\\\/uploads\\\/2020\\\/01\\\/093_CN_Media_leaseplan_estudo_Porto_11dez2019.jpg\",\"keywords\":[\"LeasePlan\",\"Mobilidade\",\"Ve\u00edculos el\u00e9tricos\"],\"articleSection\":[\"Empresas\"],\"inLanguage\":\"pt-PT\"},{\"@type\":\"WebPage\",\"@id\":\"https:\\\/\\\/jornaldasoficinas.com\\\/pt\\\/estudo-da-leaseplan-caracteriza-mobilidade\\\/\",\"url\":\"https:\\\/\\\/jornaldasoficinas.com\\\/pt\\\/estudo-da-leaseplan-caracteriza-mobilidade\\\/\",\"name\":\"Estudo da LeasePlan caracteriza mobilidade - Jornal das Oficinas\",\"isPartOf\":{\"@id\":\"https:\\\/\\\/jornaldasoficinas.com\\\/pt\\\/#website\"},\"primaryImageOfPage\":{\"@id\":\"https:\\\/\\\/jornaldasoficinas.com\\\/pt\\\/estudo-da-leaseplan-caracteriza-mobilidade\\\/#primaryimage\"},\"image\":{\"@id\":\"https:\\\/\\\/jornaldasoficinas.com\\\/pt\\\/estudo-da-leaseplan-caracteriza-mobilidade\\\/#primaryimage\"},\"thumbnailUrl\":\"https:\\\/\\\/jornaldasoficinas.com\\\/pt\\\/wp-content\\\/uploads\\\/2020\\\/01\\\/093_CN_Media_leaseplan_estudo_Porto_11dez2019.jpg\",\"datePublished\":\"2020-01-24T15:00:32+00:00\",\"dateModified\":\"2023-07-20T15:07:09+00:00\",\"breadcrumb\":{\"@id\":\"https:\\\/\\\/jornaldasoficinas.com\\\/pt\\\/estudo-da-leaseplan-caracteriza-mobilidade\\\/#breadcrumb\"},\"inLanguage\":\"pt-PT\",\"potentialAction\":[{\"@type\":\"ReadAction\",\"target\":[\"https:\\\/\\\/jornaldasoficinas.com\\\/pt\\\/estudo-da-leaseplan-caracteriza-mobilidade\\\/\"]}]},{\"@type\":\"ImageObject\",\"inLanguage\":\"pt-PT\",\"@id\":\"https:\\\/\\\/jornaldasoficinas.com\\\/pt\\\/estudo-da-leaseplan-caracteriza-mobilidade\\\/#primaryimage\",\"url\":\"https:\\\/\\\/jornaldasoficinas.com\\\/pt\\\/wp-content\\\/uploads\\\/2020\\\/01\\\/093_CN_Media_leaseplan_estudo_Porto_11dez2019.jpg\",\"contentUrl\":\"https:\\\/\\\/jornaldasoficinas.com\\\/pt\\\/wp-content\\\/uploads\\\/2020\\\/01\\\/093_CN_Media_leaseplan_estudo_Porto_11dez2019.jpg\",\"width\":1024,\"height\":581,\"caption\":\"uploads - 093_CN_Media_leaseplan_estudo_Porto_11dez2019\"},{\"@type\":\"BreadcrumbList\",\"@id\":\"https:\\\/\\\/jornaldasoficinas.com\\\/pt\\\/estudo-da-leaseplan-caracteriza-mobilidade\\\/#breadcrumb\",\"itemListElement\":[{\"@type\":\"ListItem\",\"position\":1,\"name\":\"In\u00edcio\",\"item\":\"https:\\\/\\\/jornaldasoficinas.com\\\/pt\\\/\"},{\"@type\":\"ListItem\",\"position\":2,\"name\":\"Estudo da LeasePlan caracteriza mobilidade\"}]},{\"@type\":\"WebSite\",\"@id\":\"https:\\\/\\\/jornaldasoficinas.com\\\/pt\\\/#website\",\"url\":\"https:\\\/\\\/jornaldasoficinas.com\\\/pt\\\/\",\"name\":\"Jornal das Oficinas\",\"description\":\"Jornal independente do Aftermarket Autom\u00f3vel em Portugal\",\"publisher\":{\"@id\":\"https:\\\/\\\/jornaldasoficinas.com\\\/pt\\\/#organization\"},\"potentialAction\":[{\"@type\":\"SearchAction\",\"target\":{\"@type\":\"EntryPoint\",\"urlTemplate\":\"https:\\\/\\\/jornaldasoficinas.com\\\/pt\\\/?s={search_term_string}\"},\"query-input\":{\"@type\":\"PropertyValueSpecification\",\"valueRequired\":true,\"valueName\":\"search_term_string\"}}],\"inLanguage\":\"pt-PT\"},{\"@type\":\"Organization\",\"@id\":\"https:\\\/\\\/jornaldasoficinas.com\\\/pt\\\/#organization\",\"name\":\"Jornal das Oficinas\",\"url\":\"https:\\\/\\\/jornaldasoficinas.com\\\/pt\\\/\",\"logo\":{\"@type\":\"ImageObject\",\"inLanguage\":\"pt-PT\",\"@id\":\"https:\\\/\\\/jornaldasoficinas.com\\\/pt\\\/#\\\/schema\\\/logo\\\/image\\\/\",\"url\":\"https:\\\/\\\/jornaldasoficinas.com\\\/pt\\\/wp-content\\\/uploads\\\/logoJO-SEO.png\",\"contentUrl\":\"https:\\\/\\\/jornaldasoficinas.com\\\/pt\\\/wp-content\\\/uploads\\\/logoJO-SEO.png\",\"width\":285,\"height\":450,\"caption\":\"Jornal das Oficinas\"},\"image\":{\"@id\":\"https:\\\/\\\/jornaldasoficinas.com\\\/pt\\\/#\\\/schema\\\/logo\\\/image\\\/\"},\"sameAs\":[\"https:\\\/\\\/www.facebook.com\\\/jornaloficinas\",\"https:\\\/\\\/x.com\\\/jornaloficinas\",\"https:\\\/\\\/www.instagram.com\\\/jornal_oficinas\\\/\",\"https:\\\/\\\/www.linkedin.com\\\/company\\\/jornal-das-oficinas\\\/\",\"https:\\\/\\\/www.youtube.com\\\/channel\\\/UCbQZBqtcvV-oSQrr7RzINGg\"]},{\"@type\":\"Person\",\"@id\":\"https:\\\/\\\/jornaldasoficinas.com\\\/pt\\\/#\\\/schema\\\/person\\\/a38eef5de2c41d9e7c9ac10141afddf3\",\"name\":\"Reda\u00e7\u00e3o JO\",\"image\":{\"@type\":\"ImageObject\",\"inLanguage\":\"pt-PT\",\"@id\":\"https:\\\/\\\/secure.gravatar.com\\\/avatar\\\/71f2fa71737ad68a84fea94bc708ddac8ea5b0c4788dc2ad202f3ccb2887742f?s=96&d=wp_user_avatar&r=g\",\"url\":\"https:\\\/\\\/secure.gravatar.com\\\/avatar\\\/71f2fa71737ad68a84fea94bc708ddac8ea5b0c4788dc2ad202f3ccb2887742f?s=96&d=wp_user_avatar&r=g\",\"contentUrl\":\"https:\\\/\\\/secure.gravatar.com\\\/avatar\\\/71f2fa71737ad68a84fea94bc708ddac8ea5b0c4788dc2ad202f3ccb2887742f?s=96&d=wp_user_avatar&r=g\",\"caption\":\"Reda\u00e7\u00e3o JO\"},\"url\":\"https:\\\/\\\/jornaldasoficinas.com\\\/pt\\\/author\\\/joredacao\\\/\"}]}<\/script>\n<!-- \/ Yoast SEO plugin. -->","yoast_head_json":{"title":"Estudo da LeasePlan caracteriza mobilidade - Jornal das Oficinas","robots":{"index":"index","follow":"follow","max-snippet":"max-snippet:-1","max-image-preview":"max-image-preview:large","max-video-preview":"max-video-preview:-1"},"canonical":"https:\/\/jornaldasoficinas.com\/pt\/estudo-da-leaseplan-caracteriza-mobilidade\/","og_locale":"pt_PT","og_type":"article","og_title":"Estudo da LeasePlan caracteriza mobilidade - Jornal das Oficinas","og_description":"A mobilidade el\u00e9trica come\u00e7a a ganhar...","og_url":"https:\/\/jornaldasoficinas.com\/pt\/estudo-da-leaseplan-caracteriza-mobilidade\/","og_site_name":"Jornal das Oficinas","article_publisher":"https:\/\/www.facebook.com\/jornaloficinas","article_published_time":"2020-01-24T15:00:32+00:00","article_modified_time":"2023-07-20T15:07:09+00:00","og_image":[{"width":1024,"height":581,"url":"https:\/\/jornaldasoficinas.com\/pt\/wp-content\/uploads\/2020\/01\/093_CN_Media_leaseplan_estudo_Porto_11dez2019.jpg","type":"image\/jpeg"}],"author":"Reda\u00e7\u00e3o JO","twitter_card":"summary_large_image","twitter_creator":"@jornaloficinas","twitter_site":"@jornaloficinas","twitter_misc":{"Escrito por":"Reda\u00e7\u00e3o JO","Tempo estimado de leitura":"2 minutos"},"schema":{"@context":"https:\/\/schema.org","@graph":[{"@type":"Article","@id":"https:\/\/jornaldasoficinas.com\/pt\/estudo-da-leaseplan-caracteriza-mobilidade\/#article","isPartOf":{"@id":"https:\/\/jornaldasoficinas.com\/pt\/estudo-da-leaseplan-caracteriza-mobilidade\/"},"author":{"name":"Reda\u00e7\u00e3o JO","@id":"https:\/\/jornaldasoficinas.com\/pt\/#\/schema\/person\/a38eef5de2c41d9e7c9ac10141afddf3"},"headline":"Estudo da LeasePlan caracteriza mobilidade","datePublished":"2020-01-24T15:00:32+00:00","dateModified":"2023-07-20T15:07:09+00:00","mainEntityOfPage":{"@id":"https:\/\/jornaldasoficinas.com\/pt\/estudo-da-leaseplan-caracteriza-mobilidade\/"},"wordCount":395,"publisher":{"@id":"https:\/\/jornaldasoficinas.com\/pt\/#organization"},"image":{"@id":"https:\/\/jornaldasoficinas.com\/pt\/estudo-da-leaseplan-caracteriza-mobilidade\/#primaryimage"},"thumbnailUrl":"https:\/\/jornaldasoficinas.com\/pt\/wp-content\/uploads\/2020\/01\/093_CN_Media_leaseplan_estudo_Porto_11dez2019.jpg","keywords":["LeasePlan","Mobilidade","Ve\u00edculos el\u00e9tricos"],"articleSection":["Empresas"],"inLanguage":"pt-PT"},{"@type":"WebPage","@id":"https:\/\/jornaldasoficinas.com\/pt\/estudo-da-leaseplan-caracteriza-mobilidade\/","url":"https:\/\/jornaldasoficinas.com\/pt\/estudo-da-leaseplan-caracteriza-mobilidade\/","name":"Estudo da LeasePlan caracteriza mobilidade - Jornal das Oficinas","isPartOf":{"@id":"https:\/\/jornaldasoficinas.com\/pt\/#website"},"primaryImageOfPage":{"@id":"https:\/\/jornaldasoficinas.com\/pt\/estudo-da-leaseplan-caracteriza-mobilidade\/#primaryimage"},"image":{"@id":"https:\/\/jornaldasoficinas.com\/pt\/estudo-da-leaseplan-caracteriza-mobilidade\/#primaryimage"},"thumbnailUrl":"https:\/\/jornaldasoficinas.com\/pt\/wp-content\/uploads\/2020\/01\/093_CN_Media_leaseplan_estudo_Porto_11dez2019.jpg","datePublished":"2020-01-24T15:00:32+00:00","dateModified":"2023-07-20T15:07:09+00:00","breadcrumb":{"@id":"https:\/\/jornaldasoficinas.com\/pt\/estudo-da-leaseplan-caracteriza-mobilidade\/#breadcrumb"},"inLanguage":"pt-PT","potentialAction":[{"@type":"ReadAction","target":["https:\/\/jornaldasoficinas.com\/pt\/estudo-da-leaseplan-caracteriza-mobilidade\/"]}]},{"@type":"ImageObject","inLanguage":"pt-PT","@id":"https:\/\/jornaldasoficinas.com\/pt\/estudo-da-leaseplan-caracteriza-mobilidade\/#primaryimage","url":"https:\/\/jornaldasoficinas.com\/pt\/wp-content\/uploads\/2020\/01\/093_CN_Media_leaseplan_estudo_Porto_11dez2019.jpg","contentUrl":"https:\/\/jornaldasoficinas.com\/pt\/wp-content\/uploads\/2020\/01\/093_CN_Media_leaseplan_estudo_Porto_11dez2019.jpg","width":1024,"height":581,"caption":"uploads - 093_CN_Media_leaseplan_estudo_Porto_11dez2019"},{"@type":"BreadcrumbList","@id":"https:\/\/jornaldasoficinas.com\/pt\/estudo-da-leaseplan-caracteriza-mobilidade\/#breadcrumb","itemListElement":[{"@type":"ListItem","position":1,"name":"In\u00edcio","item":"https:\/\/jornaldasoficinas.com\/pt\/"},{"@type":"ListItem","position":2,"name":"Estudo da LeasePlan caracteriza mobilidade"}]},{"@type":"WebSite","@id":"https:\/\/jornaldasoficinas.com\/pt\/#website","url":"https:\/\/jornaldasoficinas.com\/pt\/","name":"Jornal das Oficinas","description":"Jornal independente do Aftermarket Autom\u00f3vel em Portugal","publisher":{"@id":"https:\/\/jornaldasoficinas.com\/pt\/#organization"},"potentialAction":[{"@type":"SearchAction","target":{"@type":"EntryPoint","urlTemplate":"https:\/\/jornaldasoficinas.com\/pt\/?s={search_term_string}"},"query-input":{"@type":"PropertyValueSpecification","valueRequired":true,"valueName":"search_term_string"}}],"inLanguage":"pt-PT"},{"@type":"Organization","@id":"https:\/\/jornaldasoficinas.com\/pt\/#organization","name":"Jornal das Oficinas","url":"https:\/\/jornaldasoficinas.com\/pt\/","logo":{"@type":"ImageObject","inLanguage":"pt-PT","@id":"https:\/\/jornaldasoficinas.com\/pt\/#\/schema\/logo\/image\/","url":"https:\/\/jornaldasoficinas.com\/pt\/wp-content\/uploads\/logoJO-SEO.png","contentUrl":"https:\/\/jornaldasoficinas.com\/pt\/wp-content\/uploads\/logoJO-SEO.png","width":285,"height":450,"caption":"Jornal das Oficinas"},"image":{"@id":"https:\/\/jornaldasoficinas.com\/pt\/#\/schema\/logo\/image\/"},"sameAs":["https:\/\/www.facebook.com\/jornaloficinas","https:\/\/x.com\/jornaloficinas","https:\/\/www.instagram.com\/jornal_oficinas\/","https:\/\/www.linkedin.com\/company\/jornal-das-oficinas\/","https:\/\/www.youtube.com\/channel\/UCbQZBqtcvV-oSQrr7RzINGg"]},{"@type":"Person","@id":"https:\/\/jornaldasoficinas.com\/pt\/#\/schema\/person\/a38eef5de2c41d9e7c9ac10141afddf3","name":"Reda\u00e7\u00e3o JO","image":{"@type":"ImageObject","inLanguage":"pt-PT","@id":"https:\/\/secure.gravatar.com\/avatar\/71f2fa71737ad68a84fea94bc708ddac8ea5b0c4788dc2ad202f3ccb2887742f?s=96&d=wp_user_avatar&r=g","url":"https:\/\/secure.gravatar.com\/avatar\/71f2fa71737ad68a84fea94bc708ddac8ea5b0c4788dc2ad202f3ccb2887742f?s=96&d=wp_user_avatar&r=g","contentUrl":"https:\/\/secure.gravatar.com\/avatar\/71f2fa71737ad68a84fea94bc708ddac8ea5b0c4788dc2ad202f3ccb2887742f?s=96&d=wp_user_avatar&r=g","caption":"Reda\u00e7\u00e3o JO"},"url":"https:\/\/jornaldasoficinas.com\/pt\/author\/joredacao\/"}]}},"_links":{"self":[{"href":"https:\/\/jornaldasoficinas.com\/pt\/wp-json\/wp\/v2\/posts\/8917","targetHints":{"allow":["GET"]}}],"collection":[{"href":"https:\/\/jornaldasoficinas.com\/pt\/wp-json\/wp\/v2\/posts"}],"about":[{"href":"https:\/\/jornaldasoficinas.com\/pt\/wp-json\/wp\/v2\/types\/post"}],"author":[{"embeddable":true,"href":"https:\/\/jornaldasoficinas.com\/pt\/wp-json\/wp\/v2\/users\/15"}],"replies":[{"embeddable":true,"href":"https:\/\/jornaldasoficinas.com\/pt\/wp-json\/wp\/v2\/comments?post=8917"}],"version-history":[{"count":0,"href":"https:\/\/jornaldasoficinas.com\/pt\/wp-json\/wp\/v2\/posts\/8917\/revisions"}],"wp:featuredmedia":[{"embeddable":true,"href":"https:\/\/jornaldasoficinas.com\/pt\/wp-json\/wp\/v2\/media\/8909"}],"wp:attachment":[{"href":"https:\/\/jornaldasoficinas.com\/pt\/wp-json\/wp\/v2\/media?parent=8917"}],"wp:term":[{"taxonomy":"category","embeddable":true,"href":"https:\/\/jornaldasoficinas.com\/pt\/wp-json\/wp\/v2\/categories?post=8917"},{"taxonomy":"post_tag","embeddable":true,"href":"https:\/\/jornaldasoficinas.com\/pt\/wp-json\/wp\/v2\/tags?post=8917"}],"curies":[{"name":"wp","href":"https:\/\/api.w.org\/{rel}","templated":true}]}}