{"id":89309,"date":"2024-08-16T13:09:13","date_gmt":"2024-08-16T12:09:13","guid":{"rendered":"https:\/\/jornaldasoficinas.com\/pt\/?p=89309"},"modified":"2024-08-16T13:09:13","modified_gmt":"2024-08-16T12:09:13","slug":"valvoline-realiza-encontro-para-debater-o-futuro-do-setor","status":"publish","type":"post","link":"https:\/\/jornaldasoficinas.com\/pt\/valvoline-realiza-encontro-para-debater-o-futuro-do-setor\/","title":{"rendered":"Valvoline realiza encontro para debater o futuro do setor"},"content":{"rendered":"<p><strong><img loading=\"lazy\" decoding=\"async\" class=\"alignnone size-full wp-image-89314\" src=\"https:\/\/jornaldasoficinas.com\/pt\/wp-content\/uploads\/2024\/07\/Valvoline-realiza-encontro-para-debater-o-futuro-do-setor.jpg\" alt=\"07 - Valvoline realiza encontro para debater o futuro do setor\" width=\"1024\" height=\"581\" srcset=\"https:\/\/jornaldasoficinas.com\/pt\/wp-content\/uploads\/2024\/07\/Valvoline-realiza-encontro-para-debater-o-futuro-do-setor.jpg 1024w, https:\/\/jornaldasoficinas.com\/pt\/wp-content\/uploads\/2024\/07\/Valvoline-realiza-encontro-para-debater-o-futuro-do-setor-300x170.jpg 300w, https:\/\/jornaldasoficinas.com\/pt\/wp-content\/uploads\/2024\/07\/Valvoline-realiza-encontro-para-debater-o-futuro-do-setor-150x85.jpg 150w, https:\/\/jornaldasoficinas.com\/pt\/wp-content\/uploads\/2024\/07\/Valvoline-realiza-encontro-para-debater-o-futuro-do-setor-768x436.jpg 768w\" sizes=\"auto, (max-width: 1024px) 100vw, 1024px\" \/><\/strong><\/p>\n<p><strong>O evento ficou marcado pela troca de experi\u00eancias, fortalecimento de rela\u00e7\u00f5es com representantes e estrat\u00e9gias para a expans\u00e3o da <a href=\"https:\/\/www.valvolineglobal.com\/\" target=\"_blank\" rel=\"noopener\">Valvoline<\/a> no Brasil<\/strong><\/p>\n<p>A Valvoline, um dos maiores fabricantes de lubrificantes do mundo, proporcionou um evento exclusivo em S\u00e3o Paulo que reuniu os principais distribuidores do pa\u00eds, com trocas valiosas, experi\u00eancias e aprendizagens. Com o tema &#8220;Hyper-Focus&#8221;, o encontro trouxe a import\u00e2ncia de cada profissional na cadeia de distribui\u00e7\u00e3o e fortaleceu os la\u00e7os entre os participantes.<\/p>\n<p>Desde 2018 que a <a href=\"https:\/\/usiquimica.com.br\/\" target=\"_blank\" rel=\"noopener\">Usiqu\u00edmica<\/a> det\u00e9m a licen\u00e7a da Valvoline no Brasil. A empresa entrou no segmento dos produtos autom\u00f3veis com o Arla 32, um reagente utilizado em ve\u00edculos com motores a diesel para reduzir a emiss\u00e3o de poluentes.<\/p>\n<p>&#8220;A ideia da parceria surgiu ap\u00f3s falarmos com outras empresas do setor. Pesquis\u00e1mos e descobrimos que a marca j\u00e1 estava no Brasil e havia a possibilidade de licenciar a marca diretamente, modelo j\u00e1 implementado noutros pa\u00edses&#8221;, contou Alberto Freitas, gestor da \u00e1rea autom\u00f3vel da Usiqu\u00edmica.<\/p>\n<p>Alberto Freitas destacou o percurso da Usiqu\u00edmica no mercado brasileiro, real\u00e7ando que a Valvoline trouxe modelos de sucesso implementados noutros pa\u00edses, como o Chile, o Equador e alguns pa\u00edses da europa. &#8220;Hoje somos licenciadores da marca no pa\u00eds, produzindo e importamos todo o portf\u00f3lio para c\u00e1&#8221;, afirmou.<\/p>\n<p>Sob a gest\u00e3o da Aramco, a Valvoline tem crescido de forma significativa, alcan\u00e7ando a s\u00e9tima posi\u00e7\u00e3o no ranking global das maiores empresas do setor. No entanto, o objetivo \u00e9 ainda mais ambicioso: &#8220;Propuseram o desafio de sermos top 3 no planeta at\u00e9 2033&#8221;, revelou.<\/p>\n<p>Para al\u00e9m de refor\u00e7ar a presen\u00e7a nos pontos de venda, a Valvoline aposta fortemente no desporto autom\u00f3vel, estando presente na F\u00f3rmula 1 com a equipa Aston Martin, bem como em competi\u00e7\u00f5es como a Stock Series e a AMG Cup no Brasil. A expans\u00e3o da marca \u00e9 uma prioridade, e a estrat\u00e9gia inclui o desenvolvimento de um portf\u00f3lio abrangente, incluindo a linha industrial.<\/p>\n<p>&#8220;Vemos a necessidade de desenvolver o nosso portf\u00f3lio de produtos, incluindo a linha industrial. Sobre o objetivo de ser top 3, o foco est\u00e1 na expans\u00e3o&#8221;, explicou. Num mercado onde o fator pre\u00e7o \u00e9 determinante, o desafio \u00e9 entregar produtos competitivos face a gigantes j\u00e1 estabelecidos.<\/p>\n<p>Um dos caminhos para esta expans\u00e3o \u00e9 investir em produtos para carros h\u00edbridos e el\u00e9tricos. &#8220;A Valvoline \u00e9 uma refer\u00eancia nos EUA no mercado de produtos para ve\u00edculos h\u00edbridos e el\u00e9tricos. \u00c9 o fornecedor oficial de alguns produtos para a Tesla. Aqui no Brasil, temos condi\u00e7\u00f5es para acompanhar este crescimento&#8221;, concluiu o respons\u00e1vel.<\/p>\n<p>O Encontro dos Distribuidores Valvoline foi uma prova do empenho da marca em estreitar la\u00e7os com os seus parceiros e refor\u00e7ar a sua posi\u00e7\u00e3o no mercado brasileiro, visando sempre um futuro de inova\u00e7\u00e3o e crescimento.<\/p>\n","protected":false},"excerpt":{"rendered":"<p>O evento ficou marcado pela troca&#8230;<\/p>\n","protected":false},"author":15,"featured_media":89314,"comment_status":"closed","ping_status":"closed","sticky":false,"template":"","format":"standard","meta":{"footnotes":""},"categories":[29],"tags":[6930,10204,4716,10205,10206,10207,685],"class_list":["post-89309","post","type-post","status-publish","format-standard","has-post-thumbnail","hentry","category-empresas","tag-distribuidores","tag-encontro","tag-evento","tag-futuro-do-setor","tag-hyper-focus","tag-usiquimica","tag-valvoline"],"yoast_head":"<!-- This site is optimized with the Yoast SEO plugin v27.4 - https:\/\/yoast.com\/product\/yoast-seo-wordpress\/ -->\n<title>Valvoline realiza encontro para debater o futuro do setor - Jornal das Oficinas<\/title>\n<meta name=\"description\" content=\"O evento ficou marcado pela troca de experi\u00eancias, fortalecimento de rela\u00e7\u00f5es com representantes e estrat\u00e9gias para a expans\u00e3o da Valvoline\" \/>\n<meta name=\"robots\" content=\"index, follow, max-snippet:-1, max-image-preview:large, max-video-preview:-1\" \/>\n<link rel=\"canonical\" href=\"https:\/\/jornaldasoficinas.com\/pt\/valvoline-realiza-encontro-para-debater-o-futuro-do-setor\/\" \/>\n<meta property=\"og:locale\" content=\"pt_PT\" \/>\n<meta property=\"og:type\" content=\"article\" \/>\n<meta property=\"og:title\" content=\"Valvoline realiza encontro para debater o futuro do setor - Jornal das Oficinas\" \/>\n<meta property=\"og:description\" content=\"O evento ficou marcado pela troca de experi\u00eancias, fortalecimento de rela\u00e7\u00f5es com representantes e estrat\u00e9gias para a expans\u00e3o da Valvoline\" \/>\n<meta property=\"og:url\" content=\"https:\/\/jornaldasoficinas.com\/pt\/valvoline-realiza-encontro-para-debater-o-futuro-do-setor\/\" \/>\n<meta property=\"og:site_name\" content=\"Jornal das Oficinas\" \/>\n<meta property=\"article:publisher\" content=\"https:\/\/www.facebook.com\/jornaloficinas\" \/>\n<meta property=\"article:published_time\" content=\"2024-08-16T12:09:13+00:00\" \/>\n<meta property=\"og:image\" content=\"https:\/\/jornaldasoficinas.com\/pt\/wp-content\/uploads\/2024\/07\/Valvoline-realiza-encontro-para-debater-o-futuro-do-setor.jpg\" \/>\n\t<meta property=\"og:image:width\" content=\"1024\" \/>\n\t<meta property=\"og:image:height\" content=\"581\" \/>\n\t<meta property=\"og:image:type\" content=\"image\/jpeg\" \/>\n<meta name=\"author\" content=\"Reda\u00e7\u00e3o JO\" \/>\n<meta name=\"twitter:card\" content=\"summary_large_image\" \/>\n<meta name=\"twitter:creator\" content=\"@jornaloficinas\" \/>\n<meta name=\"twitter:site\" content=\"@jornaloficinas\" \/>\n<meta name=\"twitter:label1\" content=\"Escrito por\" \/>\n\t<meta name=\"twitter:data1\" content=\"Reda\u00e7\u00e3o JO\" \/>\n\t<meta name=\"twitter:label2\" content=\"Tempo estimado de leitura\" \/>\n\t<meta name=\"twitter:data2\" content=\"3 minutos\" \/>\n<script type=\"application\/ld+json\" class=\"yoast-schema-graph\">{\"@context\":\"https:\\\/\\\/schema.org\",\"@graph\":[{\"@type\":\"Article\",\"@id\":\"https:\\\/\\\/jornaldasoficinas.com\\\/pt\\\/valvoline-realiza-encontro-para-debater-o-futuro-do-setor\\\/#article\",\"isPartOf\":{\"@id\":\"https:\\\/\\\/jornaldasoficinas.com\\\/pt\\\/valvoline-realiza-encontro-para-debater-o-futuro-do-setor\\\/\"},\"author\":{\"name\":\"Reda\u00e7\u00e3o JO\",\"@id\":\"https:\\\/\\\/jornaldasoficinas.com\\\/pt\\\/#\\\/schema\\\/person\\\/a38eef5de2c41d9e7c9ac10141afddf3\"},\"headline\":\"Valvoline realiza encontro para debater o futuro do setor\",\"datePublished\":\"2024-08-16T12:09:13+00:00\",\"mainEntityOfPage\":{\"@id\":\"https:\\\/\\\/jornaldasoficinas.com\\\/pt\\\/valvoline-realiza-encontro-para-debater-o-futuro-do-setor\\\/\"},\"wordCount\":498,\"publisher\":{\"@id\":\"https:\\\/\\\/jornaldasoficinas.com\\\/pt\\\/#organization\"},\"image\":{\"@id\":\"https:\\\/\\\/jornaldasoficinas.com\\\/pt\\\/valvoline-realiza-encontro-para-debater-o-futuro-do-setor\\\/#primaryimage\"},\"thumbnailUrl\":\"https:\\\/\\\/jornaldasoficinas.com\\\/pt\\\/wp-content\\\/uploads\\\/2024\\\/07\\\/Valvoline-realiza-encontro-para-debater-o-futuro-do-setor.jpg\",\"keywords\":[\"Distribuidores\",\"encontro\",\"Evento\",\"futuro do setor\",\"Hyper-Focus\",\"Usiqu\u00edmica\",\"valvoline\"],\"articleSection\":[\"Empresas\"],\"inLanguage\":\"pt-PT\"},{\"@type\":\"WebPage\",\"@id\":\"https:\\\/\\\/jornaldasoficinas.com\\\/pt\\\/valvoline-realiza-encontro-para-debater-o-futuro-do-setor\\\/\",\"url\":\"https:\\\/\\\/jornaldasoficinas.com\\\/pt\\\/valvoline-realiza-encontro-para-debater-o-futuro-do-setor\\\/\",\"name\":\"Valvoline realiza encontro para debater o futuro do setor - Jornal das Oficinas\",\"isPartOf\":{\"@id\":\"https:\\\/\\\/jornaldasoficinas.com\\\/pt\\\/#website\"},\"primaryImageOfPage\":{\"@id\":\"https:\\\/\\\/jornaldasoficinas.com\\\/pt\\\/valvoline-realiza-encontro-para-debater-o-futuro-do-setor\\\/#primaryimage\"},\"image\":{\"@id\":\"https:\\\/\\\/jornaldasoficinas.com\\\/pt\\\/valvoline-realiza-encontro-para-debater-o-futuro-do-setor\\\/#primaryimage\"},\"thumbnailUrl\":\"https:\\\/\\\/jornaldasoficinas.com\\\/pt\\\/wp-content\\\/uploads\\\/2024\\\/07\\\/Valvoline-realiza-encontro-para-debater-o-futuro-do-setor.jpg\",\"datePublished\":\"2024-08-16T12:09:13+00:00\",\"description\":\"O evento ficou marcado pela troca de experi\u00eancias, fortalecimento de rela\u00e7\u00f5es com representantes e estrat\u00e9gias para a expans\u00e3o da Valvoline\",\"breadcrumb\":{\"@id\":\"https:\\\/\\\/jornaldasoficinas.com\\\/pt\\\/valvoline-realiza-encontro-para-debater-o-futuro-do-setor\\\/#breadcrumb\"},\"inLanguage\":\"pt-PT\",\"potentialAction\":[{\"@type\":\"ReadAction\",\"target\":[\"https:\\\/\\\/jornaldasoficinas.com\\\/pt\\\/valvoline-realiza-encontro-para-debater-o-futuro-do-setor\\\/\"]}]},{\"@type\":\"ImageObject\",\"inLanguage\":\"pt-PT\",\"@id\":\"https:\\\/\\\/jornaldasoficinas.com\\\/pt\\\/valvoline-realiza-encontro-para-debater-o-futuro-do-setor\\\/#primaryimage\",\"url\":\"https:\\\/\\\/jornaldasoficinas.com\\\/pt\\\/wp-content\\\/uploads\\\/2024\\\/07\\\/Valvoline-realiza-encontro-para-debater-o-futuro-do-setor.jpg\",\"contentUrl\":\"https:\\\/\\\/jornaldasoficinas.com\\\/pt\\\/wp-content\\\/uploads\\\/2024\\\/07\\\/Valvoline-realiza-encontro-para-debater-o-futuro-do-setor.jpg\",\"width\":1024,\"height\":581,\"caption\":\"07 - Valvoline realiza encontro para debater o futuro do setor\"},{\"@type\":\"BreadcrumbList\",\"@id\":\"https:\\\/\\\/jornaldasoficinas.com\\\/pt\\\/valvoline-realiza-encontro-para-debater-o-futuro-do-setor\\\/#breadcrumb\",\"itemListElement\":[{\"@type\":\"ListItem\",\"position\":1,\"name\":\"In\u00edcio\",\"item\":\"https:\\\/\\\/jornaldasoficinas.com\\\/pt\\\/\"},{\"@type\":\"ListItem\",\"position\":2,\"name\":\"Valvoline realiza encontro para debater o futuro do setor\"}]},{\"@type\":\"WebSite\",\"@id\":\"https:\\\/\\\/jornaldasoficinas.com\\\/pt\\\/#website\",\"url\":\"https:\\\/\\\/jornaldasoficinas.com\\\/pt\\\/\",\"name\":\"Jornal das Oficinas\",\"description\":\"Jornal independente do Aftermarket Autom\u00f3vel em Portugal\",\"publisher\":{\"@id\":\"https:\\\/\\\/jornaldasoficinas.com\\\/pt\\\/#organization\"},\"potentialAction\":[{\"@type\":\"SearchAction\",\"target\":{\"@type\":\"EntryPoint\",\"urlTemplate\":\"https:\\\/\\\/jornaldasoficinas.com\\\/pt\\\/?s={search_term_string}\"},\"query-input\":{\"@type\":\"PropertyValueSpecification\",\"valueRequired\":true,\"valueName\":\"search_term_string\"}}],\"inLanguage\":\"pt-PT\"},{\"@type\":\"Organization\",\"@id\":\"https:\\\/\\\/jornaldasoficinas.com\\\/pt\\\/#organization\",\"name\":\"Jornal das Oficinas\",\"url\":\"https:\\\/\\\/jornaldasoficinas.com\\\/pt\\\/\",\"logo\":{\"@type\":\"ImageObject\",\"inLanguage\":\"pt-PT\",\"@id\":\"https:\\\/\\\/jornaldasoficinas.com\\\/pt\\\/#\\\/schema\\\/logo\\\/image\\\/\",\"url\":\"https:\\\/\\\/jornaldasoficinas.com\\\/pt\\\/wp-content\\\/uploads\\\/logoJO-SEO.png\",\"contentUrl\":\"https:\\\/\\\/jornaldasoficinas.com\\\/pt\\\/wp-content\\\/uploads\\\/logoJO-SEO.png\",\"width\":285,\"height\":450,\"caption\":\"Jornal das Oficinas\"},\"image\":{\"@id\":\"https:\\\/\\\/jornaldasoficinas.com\\\/pt\\\/#\\\/schema\\\/logo\\\/image\\\/\"},\"sameAs\":[\"https:\\\/\\\/www.facebook.com\\\/jornaloficinas\",\"https:\\\/\\\/x.com\\\/jornaloficinas\",\"https:\\\/\\\/www.instagram.com\\\/jornal_oficinas\\\/\",\"https:\\\/\\\/www.linkedin.com\\\/company\\\/jornal-das-oficinas\\\/\",\"https:\\\/\\\/www.youtube.com\\\/channel\\\/UCbQZBqtcvV-oSQrr7RzINGg\"]},{\"@type\":\"Person\",\"@id\":\"https:\\\/\\\/jornaldasoficinas.com\\\/pt\\\/#\\\/schema\\\/person\\\/a38eef5de2c41d9e7c9ac10141afddf3\",\"name\":\"Reda\u00e7\u00e3o JO\",\"image\":{\"@type\":\"ImageObject\",\"inLanguage\":\"pt-PT\",\"@id\":\"https:\\\/\\\/secure.gravatar.com\\\/avatar\\\/71f2fa71737ad68a84fea94bc708ddac8ea5b0c4788dc2ad202f3ccb2887742f?s=96&d=wp_user_avatar&r=g\",\"url\":\"https:\\\/\\\/secure.gravatar.com\\\/avatar\\\/71f2fa71737ad68a84fea94bc708ddac8ea5b0c4788dc2ad202f3ccb2887742f?s=96&d=wp_user_avatar&r=g\",\"contentUrl\":\"https:\\\/\\\/secure.gravatar.com\\\/avatar\\\/71f2fa71737ad68a84fea94bc708ddac8ea5b0c4788dc2ad202f3ccb2887742f?s=96&d=wp_user_avatar&r=g\",\"caption\":\"Reda\u00e7\u00e3o JO\"},\"url\":\"https:\\\/\\\/jornaldasoficinas.com\\\/pt\\\/author\\\/joredacao\\\/\"}]}<\/script>\n<!-- \/ Yoast SEO plugin. -->","yoast_head_json":{"title":"Valvoline realiza encontro para debater o futuro do setor - Jornal das Oficinas","description":"O evento ficou marcado pela troca de experi\u00eancias, fortalecimento de rela\u00e7\u00f5es com representantes e estrat\u00e9gias para a expans\u00e3o da Valvoline","robots":{"index":"index","follow":"follow","max-snippet":"max-snippet:-1","max-image-preview":"max-image-preview:large","max-video-preview":"max-video-preview:-1"},"canonical":"https:\/\/jornaldasoficinas.com\/pt\/valvoline-realiza-encontro-para-debater-o-futuro-do-setor\/","og_locale":"pt_PT","og_type":"article","og_title":"Valvoline realiza encontro para debater o futuro do setor - Jornal das Oficinas","og_description":"O evento ficou marcado pela troca de experi\u00eancias, fortalecimento de rela\u00e7\u00f5es com representantes e estrat\u00e9gias para a expans\u00e3o da Valvoline","og_url":"https:\/\/jornaldasoficinas.com\/pt\/valvoline-realiza-encontro-para-debater-o-futuro-do-setor\/","og_site_name":"Jornal das Oficinas","article_publisher":"https:\/\/www.facebook.com\/jornaloficinas","article_published_time":"2024-08-16T12:09:13+00:00","og_image":[{"width":1024,"height":581,"url":"https:\/\/jornaldasoficinas.com\/pt\/wp-content\/uploads\/2024\/07\/Valvoline-realiza-encontro-para-debater-o-futuro-do-setor.jpg","type":"image\/jpeg"}],"author":"Reda\u00e7\u00e3o JO","twitter_card":"summary_large_image","twitter_creator":"@jornaloficinas","twitter_site":"@jornaloficinas","twitter_misc":{"Escrito por":"Reda\u00e7\u00e3o JO","Tempo estimado de leitura":"3 minutos"},"schema":{"@context":"https:\/\/schema.org","@graph":[{"@type":"Article","@id":"https:\/\/jornaldasoficinas.com\/pt\/valvoline-realiza-encontro-para-debater-o-futuro-do-setor\/#article","isPartOf":{"@id":"https:\/\/jornaldasoficinas.com\/pt\/valvoline-realiza-encontro-para-debater-o-futuro-do-setor\/"},"author":{"name":"Reda\u00e7\u00e3o JO","@id":"https:\/\/jornaldasoficinas.com\/pt\/#\/schema\/person\/a38eef5de2c41d9e7c9ac10141afddf3"},"headline":"Valvoline realiza encontro para debater o futuro do setor","datePublished":"2024-08-16T12:09:13+00:00","mainEntityOfPage":{"@id":"https:\/\/jornaldasoficinas.com\/pt\/valvoline-realiza-encontro-para-debater-o-futuro-do-setor\/"},"wordCount":498,"publisher":{"@id":"https:\/\/jornaldasoficinas.com\/pt\/#organization"},"image":{"@id":"https:\/\/jornaldasoficinas.com\/pt\/valvoline-realiza-encontro-para-debater-o-futuro-do-setor\/#primaryimage"},"thumbnailUrl":"https:\/\/jornaldasoficinas.com\/pt\/wp-content\/uploads\/2024\/07\/Valvoline-realiza-encontro-para-debater-o-futuro-do-setor.jpg","keywords":["Distribuidores","encontro","Evento","futuro do setor","Hyper-Focus","Usiqu\u00edmica","valvoline"],"articleSection":["Empresas"],"inLanguage":"pt-PT"},{"@type":"WebPage","@id":"https:\/\/jornaldasoficinas.com\/pt\/valvoline-realiza-encontro-para-debater-o-futuro-do-setor\/","url":"https:\/\/jornaldasoficinas.com\/pt\/valvoline-realiza-encontro-para-debater-o-futuro-do-setor\/","name":"Valvoline realiza encontro para debater o futuro do setor - Jornal das Oficinas","isPartOf":{"@id":"https:\/\/jornaldasoficinas.com\/pt\/#website"},"primaryImageOfPage":{"@id":"https:\/\/jornaldasoficinas.com\/pt\/valvoline-realiza-encontro-para-debater-o-futuro-do-setor\/#primaryimage"},"image":{"@id":"https:\/\/jornaldasoficinas.com\/pt\/valvoline-realiza-encontro-para-debater-o-futuro-do-setor\/#primaryimage"},"thumbnailUrl":"https:\/\/jornaldasoficinas.com\/pt\/wp-content\/uploads\/2024\/07\/Valvoline-realiza-encontro-para-debater-o-futuro-do-setor.jpg","datePublished":"2024-08-16T12:09:13+00:00","description":"O evento ficou marcado pela troca de experi\u00eancias, fortalecimento de rela\u00e7\u00f5es com representantes e estrat\u00e9gias para a expans\u00e3o da Valvoline","breadcrumb":{"@id":"https:\/\/jornaldasoficinas.com\/pt\/valvoline-realiza-encontro-para-debater-o-futuro-do-setor\/#breadcrumb"},"inLanguage":"pt-PT","potentialAction":[{"@type":"ReadAction","target":["https:\/\/jornaldasoficinas.com\/pt\/valvoline-realiza-encontro-para-debater-o-futuro-do-setor\/"]}]},{"@type":"ImageObject","inLanguage":"pt-PT","@id":"https:\/\/jornaldasoficinas.com\/pt\/valvoline-realiza-encontro-para-debater-o-futuro-do-setor\/#primaryimage","url":"https:\/\/jornaldasoficinas.com\/pt\/wp-content\/uploads\/2024\/07\/Valvoline-realiza-encontro-para-debater-o-futuro-do-setor.jpg","contentUrl":"https:\/\/jornaldasoficinas.com\/pt\/wp-content\/uploads\/2024\/07\/Valvoline-realiza-encontro-para-debater-o-futuro-do-setor.jpg","width":1024,"height":581,"caption":"07 - Valvoline realiza encontro para debater o futuro do setor"},{"@type":"BreadcrumbList","@id":"https:\/\/jornaldasoficinas.com\/pt\/valvoline-realiza-encontro-para-debater-o-futuro-do-setor\/#breadcrumb","itemListElement":[{"@type":"ListItem","position":1,"name":"In\u00edcio","item":"https:\/\/jornaldasoficinas.com\/pt\/"},{"@type":"ListItem","position":2,"name":"Valvoline realiza encontro para debater o futuro do setor"}]},{"@type":"WebSite","@id":"https:\/\/jornaldasoficinas.com\/pt\/#website","url":"https:\/\/jornaldasoficinas.com\/pt\/","name":"Jornal das Oficinas","description":"Jornal independente do Aftermarket Autom\u00f3vel em Portugal","publisher":{"@id":"https:\/\/jornaldasoficinas.com\/pt\/#organization"},"potentialAction":[{"@type":"SearchAction","target":{"@type":"EntryPoint","urlTemplate":"https:\/\/jornaldasoficinas.com\/pt\/?s={search_term_string}"},"query-input":{"@type":"PropertyValueSpecification","valueRequired":true,"valueName":"search_term_string"}}],"inLanguage":"pt-PT"},{"@type":"Organization","@id":"https:\/\/jornaldasoficinas.com\/pt\/#organization","name":"Jornal das Oficinas","url":"https:\/\/jornaldasoficinas.com\/pt\/","logo":{"@type":"ImageObject","inLanguage":"pt-PT","@id":"https:\/\/jornaldasoficinas.com\/pt\/#\/schema\/logo\/image\/","url":"https:\/\/jornaldasoficinas.com\/pt\/wp-content\/uploads\/logoJO-SEO.png","contentUrl":"https:\/\/jornaldasoficinas.com\/pt\/wp-content\/uploads\/logoJO-SEO.png","width":285,"height":450,"caption":"Jornal das Oficinas"},"image":{"@id":"https:\/\/jornaldasoficinas.com\/pt\/#\/schema\/logo\/image\/"},"sameAs":["https:\/\/www.facebook.com\/jornaloficinas","https:\/\/x.com\/jornaloficinas","https:\/\/www.instagram.com\/jornal_oficinas\/","https:\/\/www.linkedin.com\/company\/jornal-das-oficinas\/","https:\/\/www.youtube.com\/channel\/UCbQZBqtcvV-oSQrr7RzINGg"]},{"@type":"Person","@id":"https:\/\/jornaldasoficinas.com\/pt\/#\/schema\/person\/a38eef5de2c41d9e7c9ac10141afddf3","name":"Reda\u00e7\u00e3o JO","image":{"@type":"ImageObject","inLanguage":"pt-PT","@id":"https:\/\/secure.gravatar.com\/avatar\/71f2fa71737ad68a84fea94bc708ddac8ea5b0c4788dc2ad202f3ccb2887742f?s=96&d=wp_user_avatar&r=g","url":"https:\/\/secure.gravatar.com\/avatar\/71f2fa71737ad68a84fea94bc708ddac8ea5b0c4788dc2ad202f3ccb2887742f?s=96&d=wp_user_avatar&r=g","contentUrl":"https:\/\/secure.gravatar.com\/avatar\/71f2fa71737ad68a84fea94bc708ddac8ea5b0c4788dc2ad202f3ccb2887742f?s=96&d=wp_user_avatar&r=g","caption":"Reda\u00e7\u00e3o JO"},"url":"https:\/\/jornaldasoficinas.com\/pt\/author\/joredacao\/"}]}},"_links":{"self":[{"href":"https:\/\/jornaldasoficinas.com\/pt\/wp-json\/wp\/v2\/posts\/89309","targetHints":{"allow":["GET"]}}],"collection":[{"href":"https:\/\/jornaldasoficinas.com\/pt\/wp-json\/wp\/v2\/posts"}],"about":[{"href":"https:\/\/jornaldasoficinas.com\/pt\/wp-json\/wp\/v2\/types\/post"}],"author":[{"embeddable":true,"href":"https:\/\/jornaldasoficinas.com\/pt\/wp-json\/wp\/v2\/users\/15"}],"replies":[{"embeddable":true,"href":"https:\/\/jornaldasoficinas.com\/pt\/wp-json\/wp\/v2\/comments?post=89309"}],"version-history":[{"count":0,"href":"https:\/\/jornaldasoficinas.com\/pt\/wp-json\/wp\/v2\/posts\/89309\/revisions"}],"wp:featuredmedia":[{"embeddable":true,"href":"https:\/\/jornaldasoficinas.com\/pt\/wp-json\/wp\/v2\/media\/89314"}],"wp:attachment":[{"href":"https:\/\/jornaldasoficinas.com\/pt\/wp-json\/wp\/v2\/media?parent=89309"}],"wp:term":[{"taxonomy":"category","embeddable":true,"href":"https:\/\/jornaldasoficinas.com\/pt\/wp-json\/wp\/v2\/categories?post=89309"},{"taxonomy":"post_tag","embeddable":true,"href":"https:\/\/jornaldasoficinas.com\/pt\/wp-json\/wp\/v2\/tags?post=89309"}],"curies":[{"name":"wp","href":"https:\/\/api.w.org\/{rel}","templated":true}]}}