{"id":89756,"date":"2024-08-30T08:00:13","date_gmt":"2024-08-30T07:00:13","guid":{"rendered":"https:\/\/jornaldasoficinas.com\/pt\/?p=89756"},"modified":"2024-08-30T09:12:19","modified_gmt":"2024-08-30T08:12:19","slug":"ams-osram-lanca-ledsbike-race-para-bicicletas","status":"publish","type":"post","link":"https:\/\/jornaldasoficinas.com\/pt\/ams-osram-lanca-ledsbike-race-para-bicicletas\/","title":{"rendered":"ams OSRAM lan\u00e7a LEDsBIKE RACE para bicicletas"},"content":{"rendered":"<p><strong><img loading=\"lazy\" decoding=\"async\" class=\"alignnone size-full wp-image-89758\" src=\"https:\/\/jornaldasoficinas.com\/pt\/wp-content\/uploads\/2024\/07\/ams-OSRAM-lanca-LEDsBIKE-RACE-para-bicicletas.jpg\" alt=\"07 - ams OSRAM lanca LEDsBIKE RACE para bicicletas\" width=\"1024\" height=\"581\" srcset=\"https:\/\/jornaldasoficinas.com\/pt\/wp-content\/uploads\/2024\/07\/ams-OSRAM-lanca-LEDsBIKE-RACE-para-bicicletas.jpg 1024w, https:\/\/jornaldasoficinas.com\/pt\/wp-content\/uploads\/2024\/07\/ams-OSRAM-lanca-LEDsBIKE-RACE-para-bicicletas-300x170.jpg 300w, https:\/\/jornaldasoficinas.com\/pt\/wp-content\/uploads\/2024\/07\/ams-OSRAM-lanca-LEDsBIKE-RACE-para-bicicletas-150x85.jpg 150w, https:\/\/jornaldasoficinas.com\/pt\/wp-content\/uploads\/2024\/07\/ams-OSRAM-lanca-LEDsBIKE-RACE-para-bicicletas-768x436.jpg 768w\" sizes=\"auto, (max-width: 1024px) 100vw, 1024px\" \/><\/strong><\/p>\n<p><strong>Os conjuntos LEDs BIKE RACE da <a href=\"https:\/\/ams-osram.com\/\" target=\"_blank\" rel=\"noopener\">ams OSRAM<\/a>, com luzes dianteiras e traseiras, est\u00e3o dispon\u00edveis com tr\u00eas intensidades de ilumina\u00e7\u00e3o diferentes de 50, 80 e 100 lux<\/strong><\/p>\n<p>A ams OSRAM oferece agora a sua potente tecnologia LED aos ciclistas com os novos conjuntos LEDs BIKE RACE, dispon\u00edveis em tr\u00eas modelos. O modelo mais potente fornece at\u00e9 100 metros de ilumina\u00e7\u00e3o com um rendimento luminoso de at\u00e9 100 lux.<\/p>\n<p>&#8220;Certificadas em conformidade com o c\u00f3digo da estrada alem\u00e3o (StVZO), estas luzes s\u00e3o f\u00e1ceis de montar em qualquer tipo de bicicleta \u2013 desde as bicicletas de cidade \u00e0s de estrada \u2013 gra\u00e7as \u00e0 tira de borracha e ao suporte flex\u00edvel de 360\u00b0, sem necessidade de ferramentas. Os LEDs asseguram uma dura\u00e7\u00e3o da bateria excepcionalmente longa, at\u00e9 14 horas para a luz frontal e 13 horas para a luz traseira&#8221;, avan\u00e7ou a empresa.<\/p>\n<p><strong>Ilumina\u00e7\u00e3o para todas as necessidades<\/strong><\/p>\n<p>&#8220;As novas luzes para bicicletas LEDs BIKE RACE da ams OSRAM n\u00e3o s\u00f3 impressionam com o seu brilho, como tamb\u00e9m permitem uma montagem simples e sem ferramentas de 360 graus em todos os tipos de bicicletas&#8221;, salientou.<\/p>\n<p>Os tr\u00eas modelos produzem 50, 80 e 100 lux e oferecem um alcance de ilumina\u00e7\u00e3o de at\u00e9 60, 80 e 100 metros, respetivamente. As vers\u00f5es de 80 e 100 lux oferecem dois modos de ilumina\u00e7\u00e3o: manual e autom\u00e1tico. No modo manual, pode ser selecionado um n\u00edvel de luminosidade de 25, 50 ou 100%. No modo autom\u00e1tico, o rendimento luminoso ajusta-se \u00e0s condi\u00e7\u00f5es de luz ambiente para uma ilumina\u00e7\u00e3o adequada a qualquer hora do dia ou da noite.<\/p>\n<p><strong>Alto desempenho<\/strong><\/p>\n<p>&#8220;Estas luzes impressionam n\u00e3o s\u00f3 pelo seu potente desempenho, mas tamb\u00e9m gra\u00e7as ao seu design elegante e inovador. A moderna ilumina\u00e7\u00e3o lateral acrescenta um toque de estilo ao mesmo tempo que aumenta a visibilidade de diferentes \u00e2ngulos&#8221;, sublinhou.<\/p>\n<p>Com uma qualidade de constru\u00e7\u00e3o de primeira qualidade, com um inv\u00f3lucro em ABS preto e uma lente em policarbonato transparente, as luzes foram concebidas para m\u00e1xima durabilidade e fiabilidade. A vers\u00e3o de 100 lux tamb\u00e9m inclui um dissipador de calor adicional em alum\u00ednio e uma luz de travagem traseira integrada para &#8220;maior seguran\u00e7a, especialmente em tr\u00e2nsito intenso ou durante passeios em grupo&#8221;, destacou.<\/p>\n<p>As baterias recarreg\u00e1veis de i\u00f5es de l\u00edtio t\u00eam um tempo de utiliza\u00e7\u00e3o de at\u00e9 14 horas para a luz dianteira e de at\u00e9 13 horas para a luz traseira, o que as torna ideais para longos passeios de bicicleta ou desloca\u00e7\u00f5es em grupo. Gra\u00e7as aos ecr\u00e3s integrados que mostram o n\u00edvel da bateria, o estado de carregamento e outras fun\u00e7\u00f5es, as luzes LEDsBIKE tamb\u00e9m t\u00eam um desempenho fi\u00e1vel.<\/p>\n<p>&#8220;Os nossos novos conjuntos LEDsBIKE RACE est\u00e3o aprovados de acordo com as normas de tr\u00e2nsito alem\u00e3s e podem ser facilmente montados em qualquer bicicleta. Gra\u00e7as ao seu design resistente \u00e0s intemp\u00e9ries, s\u00e3o imperme\u00e1veis \u00e0 chuva e \u00e0 neve, tornando-as a companhia perfeita para qualquer passeio de bicicleta, seja na cidade ou fora de estrada&#8221;, afirmou Sammr Nasrallah Goldberg, diretor s\u00e9nior de lumin\u00e1rias da ams OSRAM.<\/p>\n","protected":false},"excerpt":{"rendered":"<p>Os conjuntos LEDs BIKE RACE da&#8230;<\/p>\n","protected":false},"author":15,"featured_media":89758,"comment_status":"closed","ping_status":"closed","sticky":false,"template":"","format":"standard","meta":{"footnotes":""},"categories":[29],"tags":[10312,7399,5356,7834,10310,7465,10313,10311],"class_list":["post-89756","post","type-post","status-publish","format-standard","has-post-thumbnail","hentry","category-empresas","tag-100-metros-de-iluminacao","tag-ams-osram","tag-bicicletas","tag-lancamento","tag-ledsbike-race","tag-novidade","tag-potente-tecnologia-led","tag-tres-intensidades"],"yoast_head":"<!-- This site is optimized with the Yoast SEO plugin v27.4 - https:\/\/yoast.com\/product\/yoast-seo-wordpress\/ -->\n<title>ams OSRAM lan\u00e7a LEDsBIKE RACE para bicicletas - Jornal das Oficinas<\/title>\n<meta name=\"description\" content=\"Os conjuntos LEDs BIKE RACE da ams OSRAM, est\u00e3o dispon\u00edveis com tr\u00eas intensidades de ilumina\u00e7\u00e3o diferentes de 50, 80 e 100 lux\" \/>\n<meta name=\"robots\" content=\"index, follow, max-snippet:-1, max-image-preview:large, max-video-preview:-1\" \/>\n<link rel=\"canonical\" href=\"https:\/\/jornaldasoficinas.com\/pt\/ams-osram-lanca-ledsbike-race-para-bicicletas\/\" \/>\n<meta property=\"og:locale\" content=\"pt_PT\" \/>\n<meta property=\"og:type\" content=\"article\" \/>\n<meta property=\"og:title\" content=\"ams OSRAM lan\u00e7a LEDsBIKE RACE para bicicletas - Jornal das Oficinas\" \/>\n<meta property=\"og:description\" content=\"Os conjuntos LEDs BIKE RACE da ams OSRAM, est\u00e3o dispon\u00edveis com tr\u00eas intensidades de ilumina\u00e7\u00e3o diferentes de 50, 80 e 100 lux\" \/>\n<meta property=\"og:url\" content=\"https:\/\/jornaldasoficinas.com\/pt\/ams-osram-lanca-ledsbike-race-para-bicicletas\/\" \/>\n<meta property=\"og:site_name\" content=\"Jornal das Oficinas\" \/>\n<meta property=\"article:publisher\" content=\"https:\/\/www.facebook.com\/jornaloficinas\" \/>\n<meta property=\"article:published_time\" content=\"2024-08-30T07:00:13+00:00\" \/>\n<meta property=\"article:modified_time\" content=\"2024-08-30T08:12:19+00:00\" \/>\n<meta property=\"og:image\" content=\"https:\/\/jornaldasoficinas.com\/pt\/wp-content\/uploads\/2024\/07\/ams-OSRAM-lanca-LEDsBIKE-RACE-para-bicicletas.jpg\" \/>\n\t<meta property=\"og:image:width\" content=\"1024\" \/>\n\t<meta property=\"og:image:height\" content=\"581\" \/>\n\t<meta property=\"og:image:type\" content=\"image\/jpeg\" \/>\n<meta name=\"author\" content=\"Reda\u00e7\u00e3o JO\" \/>\n<meta name=\"twitter:card\" content=\"summary_large_image\" \/>\n<meta name=\"twitter:creator\" content=\"@jornaloficinas\" \/>\n<meta name=\"twitter:site\" content=\"@jornaloficinas\" \/>\n<meta name=\"twitter:label1\" content=\"Escrito por\" \/>\n\t<meta name=\"twitter:data1\" content=\"Reda\u00e7\u00e3o JO\" \/>\n\t<meta name=\"twitter:label2\" content=\"Tempo estimado de leitura\" \/>\n\t<meta name=\"twitter:data2\" content=\"4 minutos\" \/>\n<script type=\"application\/ld+json\" class=\"yoast-schema-graph\">{\"@context\":\"https:\\\/\\\/schema.org\",\"@graph\":[{\"@type\":\"Article\",\"@id\":\"https:\\\/\\\/jornaldasoficinas.com\\\/pt\\\/ams-osram-lanca-ledsbike-race-para-bicicletas\\\/#article\",\"isPartOf\":{\"@id\":\"https:\\\/\\\/jornaldasoficinas.com\\\/pt\\\/ams-osram-lanca-ledsbike-race-para-bicicletas\\\/\"},\"author\":{\"name\":\"Reda\u00e7\u00e3o JO\",\"@id\":\"https:\\\/\\\/jornaldasoficinas.com\\\/pt\\\/#\\\/schema\\\/person\\\/a38eef5de2c41d9e7c9ac10141afddf3\"},\"headline\":\"ams OSRAM lan\u00e7a LEDsBIKE RACE para bicicletas\",\"datePublished\":\"2024-08-30T07:00:13+00:00\",\"dateModified\":\"2024-08-30T08:12:19+00:00\",\"mainEntityOfPage\":{\"@id\":\"https:\\\/\\\/jornaldasoficinas.com\\\/pt\\\/ams-osram-lanca-ledsbike-race-para-bicicletas\\\/\"},\"wordCount\":536,\"publisher\":{\"@id\":\"https:\\\/\\\/jornaldasoficinas.com\\\/pt\\\/#organization\"},\"image\":{\"@id\":\"https:\\\/\\\/jornaldasoficinas.com\\\/pt\\\/ams-osram-lanca-ledsbike-race-para-bicicletas\\\/#primaryimage\"},\"thumbnailUrl\":\"https:\\\/\\\/jornaldasoficinas.com\\\/pt\\\/wp-content\\\/uploads\\\/2024\\\/07\\\/ams-OSRAM-lanca-LEDsBIKE-RACE-para-bicicletas.jpg\",\"keywords\":[\"100 metros de ilumina\u00e7\u00e3o\",\"ams OSRAM\",\"Bicicletas\",\"lan\u00e7amento\",\"LEDsBIKE RACE\",\"novidade\",\"potente tecnologia LED\",\"tr\u00eas intensidades\"],\"articleSection\":[\"Empresas\"],\"inLanguage\":\"pt-PT\"},{\"@type\":\"WebPage\",\"@id\":\"https:\\\/\\\/jornaldasoficinas.com\\\/pt\\\/ams-osram-lanca-ledsbike-race-para-bicicletas\\\/\",\"url\":\"https:\\\/\\\/jornaldasoficinas.com\\\/pt\\\/ams-osram-lanca-ledsbike-race-para-bicicletas\\\/\",\"name\":\"ams OSRAM lan\u00e7a LEDsBIKE RACE para bicicletas - Jornal das Oficinas\",\"isPartOf\":{\"@id\":\"https:\\\/\\\/jornaldasoficinas.com\\\/pt\\\/#website\"},\"primaryImageOfPage\":{\"@id\":\"https:\\\/\\\/jornaldasoficinas.com\\\/pt\\\/ams-osram-lanca-ledsbike-race-para-bicicletas\\\/#primaryimage\"},\"image\":{\"@id\":\"https:\\\/\\\/jornaldasoficinas.com\\\/pt\\\/ams-osram-lanca-ledsbike-race-para-bicicletas\\\/#primaryimage\"},\"thumbnailUrl\":\"https:\\\/\\\/jornaldasoficinas.com\\\/pt\\\/wp-content\\\/uploads\\\/2024\\\/07\\\/ams-OSRAM-lanca-LEDsBIKE-RACE-para-bicicletas.jpg\",\"datePublished\":\"2024-08-30T07:00:13+00:00\",\"dateModified\":\"2024-08-30T08:12:19+00:00\",\"description\":\"Os conjuntos LEDs BIKE RACE da ams OSRAM, est\u00e3o dispon\u00edveis com tr\u00eas intensidades de ilumina\u00e7\u00e3o diferentes de 50, 80 e 100 lux\",\"breadcrumb\":{\"@id\":\"https:\\\/\\\/jornaldasoficinas.com\\\/pt\\\/ams-osram-lanca-ledsbike-race-para-bicicletas\\\/#breadcrumb\"},\"inLanguage\":\"pt-PT\",\"potentialAction\":[{\"@type\":\"ReadAction\",\"target\":[\"https:\\\/\\\/jornaldasoficinas.com\\\/pt\\\/ams-osram-lanca-ledsbike-race-para-bicicletas\\\/\"]}]},{\"@type\":\"ImageObject\",\"inLanguage\":\"pt-PT\",\"@id\":\"https:\\\/\\\/jornaldasoficinas.com\\\/pt\\\/ams-osram-lanca-ledsbike-race-para-bicicletas\\\/#primaryimage\",\"url\":\"https:\\\/\\\/jornaldasoficinas.com\\\/pt\\\/wp-content\\\/uploads\\\/2024\\\/07\\\/ams-OSRAM-lanca-LEDsBIKE-RACE-para-bicicletas.jpg\",\"contentUrl\":\"https:\\\/\\\/jornaldasoficinas.com\\\/pt\\\/wp-content\\\/uploads\\\/2024\\\/07\\\/ams-OSRAM-lanca-LEDsBIKE-RACE-para-bicicletas.jpg\",\"width\":1024,\"height\":581,\"caption\":\"07 - ams OSRAM lanca LEDsBIKE RACE para bicicletas\"},{\"@type\":\"BreadcrumbList\",\"@id\":\"https:\\\/\\\/jornaldasoficinas.com\\\/pt\\\/ams-osram-lanca-ledsbike-race-para-bicicletas\\\/#breadcrumb\",\"itemListElement\":[{\"@type\":\"ListItem\",\"position\":1,\"name\":\"In\u00edcio\",\"item\":\"https:\\\/\\\/jornaldasoficinas.com\\\/pt\\\/\"},{\"@type\":\"ListItem\",\"position\":2,\"name\":\"ams OSRAM lan\u00e7a LEDsBIKE RACE para bicicletas\"}]},{\"@type\":\"WebSite\",\"@id\":\"https:\\\/\\\/jornaldasoficinas.com\\\/pt\\\/#website\",\"url\":\"https:\\\/\\\/jornaldasoficinas.com\\\/pt\\\/\",\"name\":\"Jornal das Oficinas\",\"description\":\"Jornal independente do Aftermarket Autom\u00f3vel em Portugal\",\"publisher\":{\"@id\":\"https:\\\/\\\/jornaldasoficinas.com\\\/pt\\\/#organization\"},\"potentialAction\":[{\"@type\":\"SearchAction\",\"target\":{\"@type\":\"EntryPoint\",\"urlTemplate\":\"https:\\\/\\\/jornaldasoficinas.com\\\/pt\\\/?s={search_term_string}\"},\"query-input\":{\"@type\":\"PropertyValueSpecification\",\"valueRequired\":true,\"valueName\":\"search_term_string\"}}],\"inLanguage\":\"pt-PT\"},{\"@type\":\"Organization\",\"@id\":\"https:\\\/\\\/jornaldasoficinas.com\\\/pt\\\/#organization\",\"name\":\"Jornal das Oficinas\",\"url\":\"https:\\\/\\\/jornaldasoficinas.com\\\/pt\\\/\",\"logo\":{\"@type\":\"ImageObject\",\"inLanguage\":\"pt-PT\",\"@id\":\"https:\\\/\\\/jornaldasoficinas.com\\\/pt\\\/#\\\/schema\\\/logo\\\/image\\\/\",\"url\":\"https:\\\/\\\/jornaldasoficinas.com\\\/pt\\\/wp-content\\\/uploads\\\/logoJO-SEO.png\",\"contentUrl\":\"https:\\\/\\\/jornaldasoficinas.com\\\/pt\\\/wp-content\\\/uploads\\\/logoJO-SEO.png\",\"width\":285,\"height\":450,\"caption\":\"Jornal das Oficinas\"},\"image\":{\"@id\":\"https:\\\/\\\/jornaldasoficinas.com\\\/pt\\\/#\\\/schema\\\/logo\\\/image\\\/\"},\"sameAs\":[\"https:\\\/\\\/www.facebook.com\\\/jornaloficinas\",\"https:\\\/\\\/x.com\\\/jornaloficinas\",\"https:\\\/\\\/www.instagram.com\\\/jornal_oficinas\\\/\",\"https:\\\/\\\/www.linkedin.com\\\/company\\\/jornal-das-oficinas\\\/\",\"https:\\\/\\\/www.youtube.com\\\/channel\\\/UCbQZBqtcvV-oSQrr7RzINGg\"]},{\"@type\":\"Person\",\"@id\":\"https:\\\/\\\/jornaldasoficinas.com\\\/pt\\\/#\\\/schema\\\/person\\\/a38eef5de2c41d9e7c9ac10141afddf3\",\"name\":\"Reda\u00e7\u00e3o JO\",\"image\":{\"@type\":\"ImageObject\",\"inLanguage\":\"pt-PT\",\"@id\":\"https:\\\/\\\/secure.gravatar.com\\\/avatar\\\/71f2fa71737ad68a84fea94bc708ddac8ea5b0c4788dc2ad202f3ccb2887742f?s=96&d=wp_user_avatar&r=g\",\"url\":\"https:\\\/\\\/secure.gravatar.com\\\/avatar\\\/71f2fa71737ad68a84fea94bc708ddac8ea5b0c4788dc2ad202f3ccb2887742f?s=96&d=wp_user_avatar&r=g\",\"contentUrl\":\"https:\\\/\\\/secure.gravatar.com\\\/avatar\\\/71f2fa71737ad68a84fea94bc708ddac8ea5b0c4788dc2ad202f3ccb2887742f?s=96&d=wp_user_avatar&r=g\",\"caption\":\"Reda\u00e7\u00e3o JO\"},\"url\":\"https:\\\/\\\/jornaldasoficinas.com\\\/pt\\\/author\\\/joredacao\\\/\"}]}<\/script>\n<!-- \/ Yoast SEO plugin. -->","yoast_head_json":{"title":"ams OSRAM lan\u00e7a LEDsBIKE RACE para bicicletas - Jornal das Oficinas","description":"Os conjuntos LEDs BIKE RACE da ams OSRAM, est\u00e3o dispon\u00edveis com tr\u00eas intensidades de ilumina\u00e7\u00e3o diferentes de 50, 80 e 100 lux","robots":{"index":"index","follow":"follow","max-snippet":"max-snippet:-1","max-image-preview":"max-image-preview:large","max-video-preview":"max-video-preview:-1"},"canonical":"https:\/\/jornaldasoficinas.com\/pt\/ams-osram-lanca-ledsbike-race-para-bicicletas\/","og_locale":"pt_PT","og_type":"article","og_title":"ams OSRAM lan\u00e7a LEDsBIKE RACE para bicicletas - Jornal das Oficinas","og_description":"Os conjuntos LEDs BIKE RACE da ams OSRAM, est\u00e3o dispon\u00edveis com tr\u00eas intensidades de ilumina\u00e7\u00e3o diferentes de 50, 80 e 100 lux","og_url":"https:\/\/jornaldasoficinas.com\/pt\/ams-osram-lanca-ledsbike-race-para-bicicletas\/","og_site_name":"Jornal das Oficinas","article_publisher":"https:\/\/www.facebook.com\/jornaloficinas","article_published_time":"2024-08-30T07:00:13+00:00","article_modified_time":"2024-08-30T08:12:19+00:00","og_image":[{"width":1024,"height":581,"url":"https:\/\/jornaldasoficinas.com\/pt\/wp-content\/uploads\/2024\/07\/ams-OSRAM-lanca-LEDsBIKE-RACE-para-bicicletas.jpg","type":"image\/jpeg"}],"author":"Reda\u00e7\u00e3o JO","twitter_card":"summary_large_image","twitter_creator":"@jornaloficinas","twitter_site":"@jornaloficinas","twitter_misc":{"Escrito por":"Reda\u00e7\u00e3o JO","Tempo estimado de leitura":"4 minutos"},"schema":{"@context":"https:\/\/schema.org","@graph":[{"@type":"Article","@id":"https:\/\/jornaldasoficinas.com\/pt\/ams-osram-lanca-ledsbike-race-para-bicicletas\/#article","isPartOf":{"@id":"https:\/\/jornaldasoficinas.com\/pt\/ams-osram-lanca-ledsbike-race-para-bicicletas\/"},"author":{"name":"Reda\u00e7\u00e3o JO","@id":"https:\/\/jornaldasoficinas.com\/pt\/#\/schema\/person\/a38eef5de2c41d9e7c9ac10141afddf3"},"headline":"ams OSRAM lan\u00e7a LEDsBIKE RACE para bicicletas","datePublished":"2024-08-30T07:00:13+00:00","dateModified":"2024-08-30T08:12:19+00:00","mainEntityOfPage":{"@id":"https:\/\/jornaldasoficinas.com\/pt\/ams-osram-lanca-ledsbike-race-para-bicicletas\/"},"wordCount":536,"publisher":{"@id":"https:\/\/jornaldasoficinas.com\/pt\/#organization"},"image":{"@id":"https:\/\/jornaldasoficinas.com\/pt\/ams-osram-lanca-ledsbike-race-para-bicicletas\/#primaryimage"},"thumbnailUrl":"https:\/\/jornaldasoficinas.com\/pt\/wp-content\/uploads\/2024\/07\/ams-OSRAM-lanca-LEDsBIKE-RACE-para-bicicletas.jpg","keywords":["100 metros de ilumina\u00e7\u00e3o","ams OSRAM","Bicicletas","lan\u00e7amento","LEDsBIKE RACE","novidade","potente tecnologia LED","tr\u00eas intensidades"],"articleSection":["Empresas"],"inLanguage":"pt-PT"},{"@type":"WebPage","@id":"https:\/\/jornaldasoficinas.com\/pt\/ams-osram-lanca-ledsbike-race-para-bicicletas\/","url":"https:\/\/jornaldasoficinas.com\/pt\/ams-osram-lanca-ledsbike-race-para-bicicletas\/","name":"ams OSRAM lan\u00e7a LEDsBIKE RACE para bicicletas - Jornal das Oficinas","isPartOf":{"@id":"https:\/\/jornaldasoficinas.com\/pt\/#website"},"primaryImageOfPage":{"@id":"https:\/\/jornaldasoficinas.com\/pt\/ams-osram-lanca-ledsbike-race-para-bicicletas\/#primaryimage"},"image":{"@id":"https:\/\/jornaldasoficinas.com\/pt\/ams-osram-lanca-ledsbike-race-para-bicicletas\/#primaryimage"},"thumbnailUrl":"https:\/\/jornaldasoficinas.com\/pt\/wp-content\/uploads\/2024\/07\/ams-OSRAM-lanca-LEDsBIKE-RACE-para-bicicletas.jpg","datePublished":"2024-08-30T07:00:13+00:00","dateModified":"2024-08-30T08:12:19+00:00","description":"Os conjuntos LEDs BIKE RACE da ams OSRAM, est\u00e3o dispon\u00edveis com tr\u00eas intensidades de ilumina\u00e7\u00e3o diferentes de 50, 80 e 100 lux","breadcrumb":{"@id":"https:\/\/jornaldasoficinas.com\/pt\/ams-osram-lanca-ledsbike-race-para-bicicletas\/#breadcrumb"},"inLanguage":"pt-PT","potentialAction":[{"@type":"ReadAction","target":["https:\/\/jornaldasoficinas.com\/pt\/ams-osram-lanca-ledsbike-race-para-bicicletas\/"]}]},{"@type":"ImageObject","inLanguage":"pt-PT","@id":"https:\/\/jornaldasoficinas.com\/pt\/ams-osram-lanca-ledsbike-race-para-bicicletas\/#primaryimage","url":"https:\/\/jornaldasoficinas.com\/pt\/wp-content\/uploads\/2024\/07\/ams-OSRAM-lanca-LEDsBIKE-RACE-para-bicicletas.jpg","contentUrl":"https:\/\/jornaldasoficinas.com\/pt\/wp-content\/uploads\/2024\/07\/ams-OSRAM-lanca-LEDsBIKE-RACE-para-bicicletas.jpg","width":1024,"height":581,"caption":"07 - ams OSRAM lanca LEDsBIKE RACE para bicicletas"},{"@type":"BreadcrumbList","@id":"https:\/\/jornaldasoficinas.com\/pt\/ams-osram-lanca-ledsbike-race-para-bicicletas\/#breadcrumb","itemListElement":[{"@type":"ListItem","position":1,"name":"In\u00edcio","item":"https:\/\/jornaldasoficinas.com\/pt\/"},{"@type":"ListItem","position":2,"name":"ams OSRAM lan\u00e7a LEDsBIKE RACE para bicicletas"}]},{"@type":"WebSite","@id":"https:\/\/jornaldasoficinas.com\/pt\/#website","url":"https:\/\/jornaldasoficinas.com\/pt\/","name":"Jornal das Oficinas","description":"Jornal independente do Aftermarket Autom\u00f3vel em Portugal","publisher":{"@id":"https:\/\/jornaldasoficinas.com\/pt\/#organization"},"potentialAction":[{"@type":"SearchAction","target":{"@type":"EntryPoint","urlTemplate":"https:\/\/jornaldasoficinas.com\/pt\/?s={search_term_string}"},"query-input":{"@type":"PropertyValueSpecification","valueRequired":true,"valueName":"search_term_string"}}],"inLanguage":"pt-PT"},{"@type":"Organization","@id":"https:\/\/jornaldasoficinas.com\/pt\/#organization","name":"Jornal das Oficinas","url":"https:\/\/jornaldasoficinas.com\/pt\/","logo":{"@type":"ImageObject","inLanguage":"pt-PT","@id":"https:\/\/jornaldasoficinas.com\/pt\/#\/schema\/logo\/image\/","url":"https:\/\/jornaldasoficinas.com\/pt\/wp-content\/uploads\/logoJO-SEO.png","contentUrl":"https:\/\/jornaldasoficinas.com\/pt\/wp-content\/uploads\/logoJO-SEO.png","width":285,"height":450,"caption":"Jornal das Oficinas"},"image":{"@id":"https:\/\/jornaldasoficinas.com\/pt\/#\/schema\/logo\/image\/"},"sameAs":["https:\/\/www.facebook.com\/jornaloficinas","https:\/\/x.com\/jornaloficinas","https:\/\/www.instagram.com\/jornal_oficinas\/","https:\/\/www.linkedin.com\/company\/jornal-das-oficinas\/","https:\/\/www.youtube.com\/channel\/UCbQZBqtcvV-oSQrr7RzINGg"]},{"@type":"Person","@id":"https:\/\/jornaldasoficinas.com\/pt\/#\/schema\/person\/a38eef5de2c41d9e7c9ac10141afddf3","name":"Reda\u00e7\u00e3o JO","image":{"@type":"ImageObject","inLanguage":"pt-PT","@id":"https:\/\/secure.gravatar.com\/avatar\/71f2fa71737ad68a84fea94bc708ddac8ea5b0c4788dc2ad202f3ccb2887742f?s=96&d=wp_user_avatar&r=g","url":"https:\/\/secure.gravatar.com\/avatar\/71f2fa71737ad68a84fea94bc708ddac8ea5b0c4788dc2ad202f3ccb2887742f?s=96&d=wp_user_avatar&r=g","contentUrl":"https:\/\/secure.gravatar.com\/avatar\/71f2fa71737ad68a84fea94bc708ddac8ea5b0c4788dc2ad202f3ccb2887742f?s=96&d=wp_user_avatar&r=g","caption":"Reda\u00e7\u00e3o JO"},"url":"https:\/\/jornaldasoficinas.com\/pt\/author\/joredacao\/"}]}},"_links":{"self":[{"href":"https:\/\/jornaldasoficinas.com\/pt\/wp-json\/wp\/v2\/posts\/89756","targetHints":{"allow":["GET"]}}],"collection":[{"href":"https:\/\/jornaldasoficinas.com\/pt\/wp-json\/wp\/v2\/posts"}],"about":[{"href":"https:\/\/jornaldasoficinas.com\/pt\/wp-json\/wp\/v2\/types\/post"}],"author":[{"embeddable":true,"href":"https:\/\/jornaldasoficinas.com\/pt\/wp-json\/wp\/v2\/users\/15"}],"replies":[{"embeddable":true,"href":"https:\/\/jornaldasoficinas.com\/pt\/wp-json\/wp\/v2\/comments?post=89756"}],"version-history":[{"count":0,"href":"https:\/\/jornaldasoficinas.com\/pt\/wp-json\/wp\/v2\/posts\/89756\/revisions"}],"wp:featuredmedia":[{"embeddable":true,"href":"https:\/\/jornaldasoficinas.com\/pt\/wp-json\/wp\/v2\/media\/89758"}],"wp:attachment":[{"href":"https:\/\/jornaldasoficinas.com\/pt\/wp-json\/wp\/v2\/media?parent=89756"}],"wp:term":[{"taxonomy":"category","embeddable":true,"href":"https:\/\/jornaldasoficinas.com\/pt\/wp-json\/wp\/v2\/categories?post=89756"},{"taxonomy":"post_tag","embeddable":true,"href":"https:\/\/jornaldasoficinas.com\/pt\/wp-json\/wp\/v2\/tags?post=89756"}],"curies":[{"name":"wp","href":"https:\/\/api.w.org\/{rel}","templated":true}]}}