{"id":89851,"date":"2024-08-30T18:30:48","date_gmt":"2024-08-30T17:30:48","guid":{"rendered":"https:\/\/jornaldasoficinas.com\/pt\/?p=89851"},"modified":"2024-09-02T10:27:22","modified_gmt":"2024-09-02T09:27:22","slug":"corteco-apresenta-novo-design-na-automechanika-2024","status":"publish","type":"post","link":"https:\/\/jornaldasoficinas.com\/pt\/corteco-apresenta-novo-design-na-automechanika-2024\/","title":{"rendered":"Corteco apresenta novo design na Automechanika 2024"},"content":{"rendered":"<p><strong><img loading=\"lazy\" decoding=\"async\" class=\"alignnone size-full wp-image-89854\" src=\"https:\/\/jornaldasoficinas.com\/pt\/wp-content\/uploads\/2024\/07\/Corteco-apresentara-novo-design-no-stand-da-Automechanika-2024.jpg\" alt=\"07 - Corteco apresentara novo design no stand da Automechanika 2024\" width=\"1024\" height=\"581\" srcset=\"https:\/\/jornaldasoficinas.com\/pt\/wp-content\/uploads\/2024\/07\/Corteco-apresentara-novo-design-no-stand-da-Automechanika-2024.jpg 1024w, https:\/\/jornaldasoficinas.com\/pt\/wp-content\/uploads\/2024\/07\/Corteco-apresentara-novo-design-no-stand-da-Automechanika-2024-300x170.jpg 300w, https:\/\/jornaldasoficinas.com\/pt\/wp-content\/uploads\/2024\/07\/Corteco-apresentara-novo-design-no-stand-da-Automechanika-2024-150x85.jpg 150w, https:\/\/jornaldasoficinas.com\/pt\/wp-content\/uploads\/2024\/07\/Corteco-apresentara-novo-design-no-stand-da-Automechanika-2024-768x436.jpg 768w\" sizes=\"auto, (max-width: 1024px) 100vw, 1024px\" \/><\/strong><\/p>\n<p><strong>De 10 a 14 de setembro, a <a href=\"https:\/\/www.corteco.com\/\" target=\"_blank\" rel=\"noopener\">Corteco<\/a> vai marcar presen\u00e7a na <a href=\"https:\/\/automechanika.messefrankfurt.com\/\" target=\"_blank\" rel=\"noopener\">Automechanika Frankfurt 2024<\/a>, com um novo design e uma gama de produtos diversificada<\/strong><\/p>\n<p>&#8220;Este evento \u00e9 uma oportunidade valiosa para fortalecer a rela\u00e7\u00e3o com os clientes e manter-se atualizado com as \u00faltimas tend\u00eancias do mercado&#8221;, avan\u00e7ou a empresa em comunicado.<\/p>\n<p>&#8220;Na edi\u00e7\u00e3o deste ano, a Corteco apresentar\u00e1 um novo design de stand no Hall 4, com uma \u00e1rea de 320 metros quadrados e uma gama de produtos em diversas \u00e1reas chave: Veda\u00e7\u00e3o, pe\u00e7as borracha-metal, filtra\u00e7\u00e3o, suspens\u00e3o e dire\u00e7\u00e3o, bem como aplica\u00e7\u00f5es em ve\u00edculos pesados. O destaque do stand ser\u00e1 um eixo girat\u00f3rio de cami\u00e3o de dois metros de comprimento mostrando v\u00e1rios selos CASSETTE e selos COMBI em a\u00e7\u00e3o&#8221;, revelou.<\/p>\n<p>Os visitantes poder\u00e3o conhecer as novidades da empresa e informa\u00e7\u00f5es sobre produtos enquanto usufruem dos servi\u00e7os de catering.<\/p>\n<p>Para al\u00e9m das exposi\u00e7\u00f5es de produtos, a Corteco ir\u00e1 destacar o progresso do seu novo Centro Central de Distribui\u00e7\u00e3o (CDC) em Weinheim, na Alemanha. Esta instala\u00e7\u00e3o de 13.800 m2, com inaugura\u00e7\u00e3o prevista para meados de 2025, contar\u00e1 com uma solu\u00e7\u00e3o de armazenamento automatizado com um armaz\u00e9m alto e um sistema AutoStore, cuja maqueta estar\u00e1 exposta no stand. O novo edif\u00edcio faz parte dos esfor\u00e7os da empresa para melhorar a efici\u00eancia e a sustentabilidade.<\/p>\n<p>A empresa vai estar presente no Hall 4, C52 na Automechanika Frankfurt, entre os dias 10 e 14 de setembro de 2024.<\/p>\n","protected":false},"excerpt":{"rendered":"<p>De 10 a 14 de setembro,&#8230;<\/p>\n","protected":false},"author":15,"featured_media":89854,"comment_status":"closed","ping_status":"closed","sticky":false,"template":"","format":"standard","meta":{"footnotes":""},"categories":[2931,29],"tags":[10336,9475,581,10231,6929,9904],"class_list":["post-89851","post","type-post","status-publish","format-standard","has-post-thumbnail","hentry","category-automechanika","category-empresas","tag-area-de-320-m2","tag-automechanika-2024","tag-corteco","tag-gama-diversificada","tag-novidades","tag-novo-design"],"yoast_head":"<!-- This site is optimized with the Yoast SEO plugin v27.4 - https:\/\/yoast.com\/product\/yoast-seo-wordpress\/ -->\n<title>Corteco apresenta novo design na Automechanika 2024 - Jornal das Oficinas<\/title>\n<meta name=\"description\" content=\"De 10 a 14 de setembro, a Corteco vai marcar presen\u00e7a na Automechanika Frankfurt, com um novo design e uma gama de produtos diversificada\" \/>\n<meta name=\"robots\" content=\"index, follow, max-snippet:-1, max-image-preview:large, max-video-preview:-1\" \/>\n<link rel=\"canonical\" href=\"https:\/\/jornaldasoficinas.com\/pt\/corteco-apresenta-novo-design-na-automechanika-2024\/\" \/>\n<meta property=\"og:locale\" content=\"pt_PT\" \/>\n<meta property=\"og:type\" content=\"article\" \/>\n<meta property=\"og:title\" content=\"Corteco apresenta novo design na Automechanika 2024 - Jornal das Oficinas\" \/>\n<meta property=\"og:description\" content=\"De 10 a 14 de setembro, a Corteco vai marcar presen\u00e7a na Automechanika Frankfurt, com um novo design e uma gama de produtos diversificada\" \/>\n<meta property=\"og:url\" content=\"https:\/\/jornaldasoficinas.com\/pt\/corteco-apresenta-novo-design-na-automechanika-2024\/\" \/>\n<meta property=\"og:site_name\" content=\"Jornal das Oficinas\" \/>\n<meta property=\"article:publisher\" content=\"https:\/\/www.facebook.com\/jornaloficinas\" \/>\n<meta property=\"article:published_time\" content=\"2024-08-30T17:30:48+00:00\" \/>\n<meta property=\"article:modified_time\" content=\"2024-09-02T09:27:22+00:00\" \/>\n<meta property=\"og:image\" content=\"https:\/\/jornaldasoficinas.com\/pt\/wp-content\/uploads\/2024\/07\/Corteco-apresentara-novo-design-no-stand-da-Automechanika-2024.jpg\" \/>\n\t<meta property=\"og:image:width\" content=\"1024\" \/>\n\t<meta property=\"og:image:height\" content=\"581\" \/>\n\t<meta property=\"og:image:type\" content=\"image\/jpeg\" \/>\n<meta name=\"author\" content=\"Reda\u00e7\u00e3o JO\" \/>\n<meta name=\"twitter:card\" content=\"summary_large_image\" \/>\n<meta name=\"twitter:creator\" content=\"@jornaloficinas\" \/>\n<meta name=\"twitter:site\" content=\"@jornaloficinas\" \/>\n<meta name=\"twitter:label1\" content=\"Escrito por\" \/>\n\t<meta name=\"twitter:data1\" content=\"Reda\u00e7\u00e3o JO\" \/>\n\t<meta name=\"twitter:label2\" content=\"Tempo estimado de leitura\" \/>\n\t<meta name=\"twitter:data2\" content=\"2 minutos\" \/>\n<script type=\"application\/ld+json\" class=\"yoast-schema-graph\">{\"@context\":\"https:\\\/\\\/schema.org\",\"@graph\":[{\"@type\":\"Article\",\"@id\":\"https:\\\/\\\/jornaldasoficinas.com\\\/pt\\\/corteco-apresenta-novo-design-na-automechanika-2024\\\/#article\",\"isPartOf\":{\"@id\":\"https:\\\/\\\/jornaldasoficinas.com\\\/pt\\\/corteco-apresenta-novo-design-na-automechanika-2024\\\/\"},\"author\":{\"name\":\"Reda\u00e7\u00e3o JO\",\"@id\":\"https:\\\/\\\/jornaldasoficinas.com\\\/pt\\\/#\\\/schema\\\/person\\\/a38eef5de2c41d9e7c9ac10141afddf3\"},\"headline\":\"Corteco apresenta novo design na Automechanika 2024\",\"datePublished\":\"2024-08-30T17:30:48+00:00\",\"dateModified\":\"2024-09-02T09:27:22+00:00\",\"mainEntityOfPage\":{\"@id\":\"https:\\\/\\\/jornaldasoficinas.com\\\/pt\\\/corteco-apresenta-novo-design-na-automechanika-2024\\\/\"},\"wordCount\":257,\"publisher\":{\"@id\":\"https:\\\/\\\/jornaldasoficinas.com\\\/pt\\\/#organization\"},\"image\":{\"@id\":\"https:\\\/\\\/jornaldasoficinas.com\\\/pt\\\/corteco-apresenta-novo-design-na-automechanika-2024\\\/#primaryimage\"},\"thumbnailUrl\":\"https:\\\/\\\/jornaldasoficinas.com\\\/pt\\\/wp-content\\\/uploads\\\/2024\\\/07\\\/Corteco-apresentara-novo-design-no-stand-da-Automechanika-2024.jpg\",\"keywords\":[\"\u00e1rea de 320 m2\",\"Automechanika 2024\",\"Corteco\",\"gama diversificada\",\"Novidades\",\"novo design\"],\"articleSection\":[\"Automechanika\",\"Empresas\"],\"inLanguage\":\"pt-PT\"},{\"@type\":\"WebPage\",\"@id\":\"https:\\\/\\\/jornaldasoficinas.com\\\/pt\\\/corteco-apresenta-novo-design-na-automechanika-2024\\\/\",\"url\":\"https:\\\/\\\/jornaldasoficinas.com\\\/pt\\\/corteco-apresenta-novo-design-na-automechanika-2024\\\/\",\"name\":\"Corteco apresenta novo design na Automechanika 2024 - Jornal das Oficinas\",\"isPartOf\":{\"@id\":\"https:\\\/\\\/jornaldasoficinas.com\\\/pt\\\/#website\"},\"primaryImageOfPage\":{\"@id\":\"https:\\\/\\\/jornaldasoficinas.com\\\/pt\\\/corteco-apresenta-novo-design-na-automechanika-2024\\\/#primaryimage\"},\"image\":{\"@id\":\"https:\\\/\\\/jornaldasoficinas.com\\\/pt\\\/corteco-apresenta-novo-design-na-automechanika-2024\\\/#primaryimage\"},\"thumbnailUrl\":\"https:\\\/\\\/jornaldasoficinas.com\\\/pt\\\/wp-content\\\/uploads\\\/2024\\\/07\\\/Corteco-apresentara-novo-design-no-stand-da-Automechanika-2024.jpg\",\"datePublished\":\"2024-08-30T17:30:48+00:00\",\"dateModified\":\"2024-09-02T09:27:22+00:00\",\"description\":\"De 10 a 14 de setembro, a Corteco vai marcar presen\u00e7a na Automechanika Frankfurt, com um novo design e uma gama de produtos diversificada\",\"breadcrumb\":{\"@id\":\"https:\\\/\\\/jornaldasoficinas.com\\\/pt\\\/corteco-apresenta-novo-design-na-automechanika-2024\\\/#breadcrumb\"},\"inLanguage\":\"pt-PT\",\"potentialAction\":[{\"@type\":\"ReadAction\",\"target\":[\"https:\\\/\\\/jornaldasoficinas.com\\\/pt\\\/corteco-apresenta-novo-design-na-automechanika-2024\\\/\"]}]},{\"@type\":\"ImageObject\",\"inLanguage\":\"pt-PT\",\"@id\":\"https:\\\/\\\/jornaldasoficinas.com\\\/pt\\\/corteco-apresenta-novo-design-na-automechanika-2024\\\/#primaryimage\",\"url\":\"https:\\\/\\\/jornaldasoficinas.com\\\/pt\\\/wp-content\\\/uploads\\\/2024\\\/07\\\/Corteco-apresentara-novo-design-no-stand-da-Automechanika-2024.jpg\",\"contentUrl\":\"https:\\\/\\\/jornaldasoficinas.com\\\/pt\\\/wp-content\\\/uploads\\\/2024\\\/07\\\/Corteco-apresentara-novo-design-no-stand-da-Automechanika-2024.jpg\",\"width\":1024,\"height\":581,\"caption\":\"07 - Corteco apresentara novo design no stand da Automechanika 2024\"},{\"@type\":\"BreadcrumbList\",\"@id\":\"https:\\\/\\\/jornaldasoficinas.com\\\/pt\\\/corteco-apresenta-novo-design-na-automechanika-2024\\\/#breadcrumb\",\"itemListElement\":[{\"@type\":\"ListItem\",\"position\":1,\"name\":\"In\u00edcio\",\"item\":\"https:\\\/\\\/jornaldasoficinas.com\\\/pt\\\/\"},{\"@type\":\"ListItem\",\"position\":2,\"name\":\"Corteco apresenta novo design na Automechanika 2024\"}]},{\"@type\":\"WebSite\",\"@id\":\"https:\\\/\\\/jornaldasoficinas.com\\\/pt\\\/#website\",\"url\":\"https:\\\/\\\/jornaldasoficinas.com\\\/pt\\\/\",\"name\":\"Jornal das Oficinas\",\"description\":\"Jornal independente do Aftermarket Autom\u00f3vel em Portugal\",\"publisher\":{\"@id\":\"https:\\\/\\\/jornaldasoficinas.com\\\/pt\\\/#organization\"},\"potentialAction\":[{\"@type\":\"SearchAction\",\"target\":{\"@type\":\"EntryPoint\",\"urlTemplate\":\"https:\\\/\\\/jornaldasoficinas.com\\\/pt\\\/?s={search_term_string}\"},\"query-input\":{\"@type\":\"PropertyValueSpecification\",\"valueRequired\":true,\"valueName\":\"search_term_string\"}}],\"inLanguage\":\"pt-PT\"},{\"@type\":\"Organization\",\"@id\":\"https:\\\/\\\/jornaldasoficinas.com\\\/pt\\\/#organization\",\"name\":\"Jornal das Oficinas\",\"url\":\"https:\\\/\\\/jornaldasoficinas.com\\\/pt\\\/\",\"logo\":{\"@type\":\"ImageObject\",\"inLanguage\":\"pt-PT\",\"@id\":\"https:\\\/\\\/jornaldasoficinas.com\\\/pt\\\/#\\\/schema\\\/logo\\\/image\\\/\",\"url\":\"https:\\\/\\\/jornaldasoficinas.com\\\/pt\\\/wp-content\\\/uploads\\\/logoJO-SEO.png\",\"contentUrl\":\"https:\\\/\\\/jornaldasoficinas.com\\\/pt\\\/wp-content\\\/uploads\\\/logoJO-SEO.png\",\"width\":285,\"height\":450,\"caption\":\"Jornal das Oficinas\"},\"image\":{\"@id\":\"https:\\\/\\\/jornaldasoficinas.com\\\/pt\\\/#\\\/schema\\\/logo\\\/image\\\/\"},\"sameAs\":[\"https:\\\/\\\/www.facebook.com\\\/jornaloficinas\",\"https:\\\/\\\/x.com\\\/jornaloficinas\",\"https:\\\/\\\/www.instagram.com\\\/jornal_oficinas\\\/\",\"https:\\\/\\\/www.linkedin.com\\\/company\\\/jornal-das-oficinas\\\/\",\"https:\\\/\\\/www.youtube.com\\\/channel\\\/UCbQZBqtcvV-oSQrr7RzINGg\"]},{\"@type\":\"Person\",\"@id\":\"https:\\\/\\\/jornaldasoficinas.com\\\/pt\\\/#\\\/schema\\\/person\\\/a38eef5de2c41d9e7c9ac10141afddf3\",\"name\":\"Reda\u00e7\u00e3o JO\",\"image\":{\"@type\":\"ImageObject\",\"inLanguage\":\"pt-PT\",\"@id\":\"https:\\\/\\\/secure.gravatar.com\\\/avatar\\\/71f2fa71737ad68a84fea94bc708ddac8ea5b0c4788dc2ad202f3ccb2887742f?s=96&d=wp_user_avatar&r=g\",\"url\":\"https:\\\/\\\/secure.gravatar.com\\\/avatar\\\/71f2fa71737ad68a84fea94bc708ddac8ea5b0c4788dc2ad202f3ccb2887742f?s=96&d=wp_user_avatar&r=g\",\"contentUrl\":\"https:\\\/\\\/secure.gravatar.com\\\/avatar\\\/71f2fa71737ad68a84fea94bc708ddac8ea5b0c4788dc2ad202f3ccb2887742f?s=96&d=wp_user_avatar&r=g\",\"caption\":\"Reda\u00e7\u00e3o JO\"},\"url\":\"https:\\\/\\\/jornaldasoficinas.com\\\/pt\\\/author\\\/joredacao\\\/\"}]}<\/script>\n<!-- \/ Yoast SEO plugin. -->","yoast_head_json":{"title":"Corteco apresenta novo design na Automechanika 2024 - Jornal das Oficinas","description":"De 10 a 14 de setembro, a Corteco vai marcar presen\u00e7a na Automechanika Frankfurt, com um novo design e uma gama de produtos diversificada","robots":{"index":"index","follow":"follow","max-snippet":"max-snippet:-1","max-image-preview":"max-image-preview:large","max-video-preview":"max-video-preview:-1"},"canonical":"https:\/\/jornaldasoficinas.com\/pt\/corteco-apresenta-novo-design-na-automechanika-2024\/","og_locale":"pt_PT","og_type":"article","og_title":"Corteco apresenta novo design na Automechanika 2024 - Jornal das Oficinas","og_description":"De 10 a 14 de setembro, a Corteco vai marcar presen\u00e7a na Automechanika Frankfurt, com um novo design e uma gama de produtos diversificada","og_url":"https:\/\/jornaldasoficinas.com\/pt\/corteco-apresenta-novo-design-na-automechanika-2024\/","og_site_name":"Jornal das Oficinas","article_publisher":"https:\/\/www.facebook.com\/jornaloficinas","article_published_time":"2024-08-30T17:30:48+00:00","article_modified_time":"2024-09-02T09:27:22+00:00","og_image":[{"width":1024,"height":581,"url":"https:\/\/jornaldasoficinas.com\/pt\/wp-content\/uploads\/2024\/07\/Corteco-apresentara-novo-design-no-stand-da-Automechanika-2024.jpg","type":"image\/jpeg"}],"author":"Reda\u00e7\u00e3o JO","twitter_card":"summary_large_image","twitter_creator":"@jornaloficinas","twitter_site":"@jornaloficinas","twitter_misc":{"Escrito por":"Reda\u00e7\u00e3o JO","Tempo estimado de leitura":"2 minutos"},"schema":{"@context":"https:\/\/schema.org","@graph":[{"@type":"Article","@id":"https:\/\/jornaldasoficinas.com\/pt\/corteco-apresenta-novo-design-na-automechanika-2024\/#article","isPartOf":{"@id":"https:\/\/jornaldasoficinas.com\/pt\/corteco-apresenta-novo-design-na-automechanika-2024\/"},"author":{"name":"Reda\u00e7\u00e3o JO","@id":"https:\/\/jornaldasoficinas.com\/pt\/#\/schema\/person\/a38eef5de2c41d9e7c9ac10141afddf3"},"headline":"Corteco apresenta novo design na Automechanika 2024","datePublished":"2024-08-30T17:30:48+00:00","dateModified":"2024-09-02T09:27:22+00:00","mainEntityOfPage":{"@id":"https:\/\/jornaldasoficinas.com\/pt\/corteco-apresenta-novo-design-na-automechanika-2024\/"},"wordCount":257,"publisher":{"@id":"https:\/\/jornaldasoficinas.com\/pt\/#organization"},"image":{"@id":"https:\/\/jornaldasoficinas.com\/pt\/corteco-apresenta-novo-design-na-automechanika-2024\/#primaryimage"},"thumbnailUrl":"https:\/\/jornaldasoficinas.com\/pt\/wp-content\/uploads\/2024\/07\/Corteco-apresentara-novo-design-no-stand-da-Automechanika-2024.jpg","keywords":["\u00e1rea de 320 m2","Automechanika 2024","Corteco","gama diversificada","Novidades","novo design"],"articleSection":["Automechanika","Empresas"],"inLanguage":"pt-PT"},{"@type":"WebPage","@id":"https:\/\/jornaldasoficinas.com\/pt\/corteco-apresenta-novo-design-na-automechanika-2024\/","url":"https:\/\/jornaldasoficinas.com\/pt\/corteco-apresenta-novo-design-na-automechanika-2024\/","name":"Corteco apresenta novo design na Automechanika 2024 - Jornal das Oficinas","isPartOf":{"@id":"https:\/\/jornaldasoficinas.com\/pt\/#website"},"primaryImageOfPage":{"@id":"https:\/\/jornaldasoficinas.com\/pt\/corteco-apresenta-novo-design-na-automechanika-2024\/#primaryimage"},"image":{"@id":"https:\/\/jornaldasoficinas.com\/pt\/corteco-apresenta-novo-design-na-automechanika-2024\/#primaryimage"},"thumbnailUrl":"https:\/\/jornaldasoficinas.com\/pt\/wp-content\/uploads\/2024\/07\/Corteco-apresentara-novo-design-no-stand-da-Automechanika-2024.jpg","datePublished":"2024-08-30T17:30:48+00:00","dateModified":"2024-09-02T09:27:22+00:00","description":"De 10 a 14 de setembro, a Corteco vai marcar presen\u00e7a na Automechanika Frankfurt, com um novo design e uma gama de produtos diversificada","breadcrumb":{"@id":"https:\/\/jornaldasoficinas.com\/pt\/corteco-apresenta-novo-design-na-automechanika-2024\/#breadcrumb"},"inLanguage":"pt-PT","potentialAction":[{"@type":"ReadAction","target":["https:\/\/jornaldasoficinas.com\/pt\/corteco-apresenta-novo-design-na-automechanika-2024\/"]}]},{"@type":"ImageObject","inLanguage":"pt-PT","@id":"https:\/\/jornaldasoficinas.com\/pt\/corteco-apresenta-novo-design-na-automechanika-2024\/#primaryimage","url":"https:\/\/jornaldasoficinas.com\/pt\/wp-content\/uploads\/2024\/07\/Corteco-apresentara-novo-design-no-stand-da-Automechanika-2024.jpg","contentUrl":"https:\/\/jornaldasoficinas.com\/pt\/wp-content\/uploads\/2024\/07\/Corteco-apresentara-novo-design-no-stand-da-Automechanika-2024.jpg","width":1024,"height":581,"caption":"07 - Corteco apresentara novo design no stand da Automechanika 2024"},{"@type":"BreadcrumbList","@id":"https:\/\/jornaldasoficinas.com\/pt\/corteco-apresenta-novo-design-na-automechanika-2024\/#breadcrumb","itemListElement":[{"@type":"ListItem","position":1,"name":"In\u00edcio","item":"https:\/\/jornaldasoficinas.com\/pt\/"},{"@type":"ListItem","position":2,"name":"Corteco apresenta novo design na Automechanika 2024"}]},{"@type":"WebSite","@id":"https:\/\/jornaldasoficinas.com\/pt\/#website","url":"https:\/\/jornaldasoficinas.com\/pt\/","name":"Jornal das Oficinas","description":"Jornal independente do Aftermarket Autom\u00f3vel em Portugal","publisher":{"@id":"https:\/\/jornaldasoficinas.com\/pt\/#organization"},"potentialAction":[{"@type":"SearchAction","target":{"@type":"EntryPoint","urlTemplate":"https:\/\/jornaldasoficinas.com\/pt\/?s={search_term_string}"},"query-input":{"@type":"PropertyValueSpecification","valueRequired":true,"valueName":"search_term_string"}}],"inLanguage":"pt-PT"},{"@type":"Organization","@id":"https:\/\/jornaldasoficinas.com\/pt\/#organization","name":"Jornal das Oficinas","url":"https:\/\/jornaldasoficinas.com\/pt\/","logo":{"@type":"ImageObject","inLanguage":"pt-PT","@id":"https:\/\/jornaldasoficinas.com\/pt\/#\/schema\/logo\/image\/","url":"https:\/\/jornaldasoficinas.com\/pt\/wp-content\/uploads\/logoJO-SEO.png","contentUrl":"https:\/\/jornaldasoficinas.com\/pt\/wp-content\/uploads\/logoJO-SEO.png","width":285,"height":450,"caption":"Jornal das Oficinas"},"image":{"@id":"https:\/\/jornaldasoficinas.com\/pt\/#\/schema\/logo\/image\/"},"sameAs":["https:\/\/www.facebook.com\/jornaloficinas","https:\/\/x.com\/jornaloficinas","https:\/\/www.instagram.com\/jornal_oficinas\/","https:\/\/www.linkedin.com\/company\/jornal-das-oficinas\/","https:\/\/www.youtube.com\/channel\/UCbQZBqtcvV-oSQrr7RzINGg"]},{"@type":"Person","@id":"https:\/\/jornaldasoficinas.com\/pt\/#\/schema\/person\/a38eef5de2c41d9e7c9ac10141afddf3","name":"Reda\u00e7\u00e3o JO","image":{"@type":"ImageObject","inLanguage":"pt-PT","@id":"https:\/\/secure.gravatar.com\/avatar\/71f2fa71737ad68a84fea94bc708ddac8ea5b0c4788dc2ad202f3ccb2887742f?s=96&d=wp_user_avatar&r=g","url":"https:\/\/secure.gravatar.com\/avatar\/71f2fa71737ad68a84fea94bc708ddac8ea5b0c4788dc2ad202f3ccb2887742f?s=96&d=wp_user_avatar&r=g","contentUrl":"https:\/\/secure.gravatar.com\/avatar\/71f2fa71737ad68a84fea94bc708ddac8ea5b0c4788dc2ad202f3ccb2887742f?s=96&d=wp_user_avatar&r=g","caption":"Reda\u00e7\u00e3o JO"},"url":"https:\/\/jornaldasoficinas.com\/pt\/author\/joredacao\/"}]}},"_links":{"self":[{"href":"https:\/\/jornaldasoficinas.com\/pt\/wp-json\/wp\/v2\/posts\/89851","targetHints":{"allow":["GET"]}}],"collection":[{"href":"https:\/\/jornaldasoficinas.com\/pt\/wp-json\/wp\/v2\/posts"}],"about":[{"href":"https:\/\/jornaldasoficinas.com\/pt\/wp-json\/wp\/v2\/types\/post"}],"author":[{"embeddable":true,"href":"https:\/\/jornaldasoficinas.com\/pt\/wp-json\/wp\/v2\/users\/15"}],"replies":[{"embeddable":true,"href":"https:\/\/jornaldasoficinas.com\/pt\/wp-json\/wp\/v2\/comments?post=89851"}],"version-history":[{"count":0,"href":"https:\/\/jornaldasoficinas.com\/pt\/wp-json\/wp\/v2\/posts\/89851\/revisions"}],"wp:featuredmedia":[{"embeddable":true,"href":"https:\/\/jornaldasoficinas.com\/pt\/wp-json\/wp\/v2\/media\/89854"}],"wp:attachment":[{"href":"https:\/\/jornaldasoficinas.com\/pt\/wp-json\/wp\/v2\/media?parent=89851"}],"wp:term":[{"taxonomy":"category","embeddable":true,"href":"https:\/\/jornaldasoficinas.com\/pt\/wp-json\/wp\/v2\/categories?post=89851"},{"taxonomy":"post_tag","embeddable":true,"href":"https:\/\/jornaldasoficinas.com\/pt\/wp-json\/wp\/v2\/tags?post=89851"}],"curies":[{"name":"wp","href":"https:\/\/api.w.org\/{rel}","templated":true}]}}