{"id":9053,"date":"2020-01-29T01:14:05","date_gmt":"2020-01-29T01:14:05","guid":{"rendered":"https:\/\/jornaldasoficinas.com\/pt\/?p=9053"},"modified":"2020-01-29T01:14:05","modified_gmt":"2020-01-29T01:14:05","slug":"plano-de-formacao-2018-2019-da-tab-batteries-recebeu-3-500-profissionais","status":"publish","type":"post","link":"https:\/\/jornaldasoficinas.com\/pt\/plano-de-formacao-2018-2019-da-tab-batteries-recebeu-3-500-profissionais\/","title":{"rendered":"Plano de forma\u00e7\u00e3o 2018\/2019 da TAB Batteries recebeu 3.500 profissionais"},"content":{"rendered":"<p><img loading=\"lazy\" decoding=\"async\" class=\"alignnone wp-image-9052 size-full\" src=\"https:\/\/jornaldasoficinas.com\/pt\/wp-content\/uploads\/2020\/01\/tabspainformacao.png\" alt=\"01 - tabspainformacao\" width=\"1024\" height=\"581\" srcset=\"https:\/\/jornaldasoficinas.com\/pt\/wp-content\/uploads\/2020\/01\/tabspainformacao.png 1024w, https:\/\/jornaldasoficinas.com\/pt\/wp-content\/uploads\/2020\/01\/tabspainformacao-300x170.png 300w, https:\/\/jornaldasoficinas.com\/pt\/wp-content\/uploads\/2020\/01\/tabspainformacao-150x85.png 150w, https:\/\/jornaldasoficinas.com\/pt\/wp-content\/uploads\/2020\/01\/tabspainformacao-768x436.png 768w\" sizes=\"auto, (max-width: 1024px) 100vw, 1024px\" \/><\/p>\n<p><strong>A TAB Batteries encerrou o seu plano de forma\u00e7\u00e3o 2018\/2019 com grande sucesso, depois de ministrar cursos para 3.500 profissionais.<\/strong><\/p>\n<p>Os cursos, direcionados para os distribuidores da TAB, assim como t\u00e9cnicos de instala\u00e7\u00e3o, foram ministrados por seis comerciais da pr\u00f3prios companhia.<\/p>\n<p>A <a href=\"https:\/\/www.tab.si\/\" target=\"_blank\" rel=\"noopener noreferrer\">TAB Batteries<\/a>, seguindo o lema do seu programa de forma\u00e7\u00e3o, \u201cPrimeiro formamos, depois vendemos\u201d, enfatiza a necessidade de os profissionais receberem forma\u00e7\u00e3o adequada \u00e0s necessidades atuais, marcadas por mudan\u00e7as nas baterias com a implementa\u00e7\u00e3o dos sistemas <em>st<\/em><em>art&amp;<\/em><em>s<\/em><em>top<\/em> e face \u00e0 crescente presen\u00e7a de eletr\u00f3nica nos ve\u00edculos. Os formandos adquirem conhecimento sobre as diferentes ligas, os diferentes tipos de baterias e aquilo que o ve\u00edculo do cliente exige.<\/p>\n<p>As convocat\u00f3rias para os cursos foram previamente coordenadas com o distribuidor, a fim de se ajustar o p\u00fablico alvo \u00e0s a\u00e7\u00f5es, dando-se prioridade \u00e0 qualidade em vez da quantidade. Da mesma forma, durante o processo de forma\u00e7\u00e3o, al\u00e9m de fornecer aos participantes informa\u00e7\u00f5es relevantes, as necessidades e preocupa\u00e7\u00f5es foram, tamb\u00e9m, esclarecidas. No final do dia, os participantes receberam uma certifica\u00e7\u00e3o em forma de diploma, o que comprovou a sua participa\u00e7\u00e3o.<\/p>\n<p>Por outro lado, a TAB criou, como suporte ao plano, uma plataforma<em> online<\/em> para monitorizar as avalia\u00e7\u00f5es dos participantes acerca da forma\u00e7\u00e3o recebida, atrav\u00e9s das quais foi poss\u00edvel verificar a boa ades\u00e3o, al\u00e9m de outro <em>site<\/em> de consultas t\u00e9cnicas e apoio aos estudantes. Essas ferramentas permitem \u00e0 TAB garantir sempre transpar\u00eancia, partilhando todas as informa\u00e7\u00f5es recolhidas desse espa\u00e7o <em>online<\/em> com o distribuidor.<\/p>\n<p>\u201c\u00c9 com satisfa\u00e7\u00e3o que constatamos que super\u00e1mos todas as expectativas tra\u00e7adas no in\u00edcio do nosso plano de forma\u00e7\u00e3o. Os cursos registraram um grande n\u00famero de inscri\u00e7\u00f5es, dada a import\u00e2ncia dos t\u00f3picos abordados no trabalho di\u00e1rio dos profissionai. Pretendemos continuar a formar muito mais profissionais nos pr\u00f3ximos anos\u201d, afirmou o CEO da TAB Spain, Joan Alcaraz.<\/p>\n","protected":false},"excerpt":{"rendered":"<p>A TAB Batteries encerrou o seu&#8230;<\/p>\n","protected":false},"author":15,"featured_media":9052,"comment_status":"closed","ping_status":"closed","sticky":false,"template":"","format":"standard","meta":{"footnotes":""},"categories":[29],"tags":[512,212,565,564],"class_list":["post-9053","post","type-post","status-publish","format-standard","has-post-thumbnail","hentry","category-empresas","tag-baterias","tag-formacao","tag-tab-batteries","tag-tab-spain"],"yoast_head":"<!-- This site is optimized with the Yoast SEO plugin v27.4 - https:\/\/yoast.com\/product\/yoast-seo-wordpress\/ -->\n<title>Plano de forma\u00e7\u00e3o 2018\/2019 da TAB Batteries recebeu 3.500 profissionais - Jornal das Oficinas<\/title>\n<meta name=\"robots\" content=\"index, follow, max-snippet:-1, max-image-preview:large, max-video-preview:-1\" \/>\n<link rel=\"canonical\" href=\"https:\/\/jornaldasoficinas.com\/pt\/plano-de-formacao-2018-2019-da-tab-batteries-recebeu-3-500-profissionais\/\" \/>\n<meta property=\"og:locale\" content=\"pt_PT\" \/>\n<meta property=\"og:type\" content=\"article\" \/>\n<meta property=\"og:title\" content=\"Plano de forma\u00e7\u00e3o 2018\/2019 da TAB Batteries recebeu 3.500 profissionais - Jornal das Oficinas\" \/>\n<meta property=\"og:description\" content=\"A TAB Batteries encerrou o seu...\" \/>\n<meta property=\"og:url\" content=\"https:\/\/jornaldasoficinas.com\/pt\/plano-de-formacao-2018-2019-da-tab-batteries-recebeu-3-500-profissionais\/\" \/>\n<meta property=\"og:site_name\" content=\"Jornal das Oficinas\" \/>\n<meta property=\"article:publisher\" content=\"https:\/\/www.facebook.com\/jornaloficinas\" \/>\n<meta property=\"article:published_time\" content=\"2020-01-29T01:14:05+00:00\" \/>\n<meta property=\"og:image\" content=\"https:\/\/jornaldasoficinas.com\/pt\/wp-content\/uploads\/2020\/01\/tabspainformacao.png\" \/>\n\t<meta property=\"og:image:width\" content=\"1024\" \/>\n\t<meta property=\"og:image:height\" content=\"581\" \/>\n\t<meta property=\"og:image:type\" content=\"image\/png\" \/>\n<meta name=\"author\" content=\"Reda\u00e7\u00e3o JO\" \/>\n<meta name=\"twitter:card\" content=\"summary_large_image\" \/>\n<meta name=\"twitter:creator\" content=\"@jornaloficinas\" \/>\n<meta name=\"twitter:site\" content=\"@jornaloficinas\" \/>\n<meta name=\"twitter:label1\" content=\"Escrito por\" \/>\n\t<meta name=\"twitter:data1\" content=\"Reda\u00e7\u00e3o JO\" \/>\n\t<meta name=\"twitter:label2\" content=\"Tempo estimado de leitura\" \/>\n\t<meta name=\"twitter:data2\" content=\"2 minutos\" \/>\n<script type=\"application\/ld+json\" class=\"yoast-schema-graph\">{\"@context\":\"https:\\\/\\\/schema.org\",\"@graph\":[{\"@type\":\"Article\",\"@id\":\"https:\\\/\\\/jornaldasoficinas.com\\\/pt\\\/plano-de-formacao-2018-2019-da-tab-batteries-recebeu-3-500-profissionais\\\/#article\",\"isPartOf\":{\"@id\":\"https:\\\/\\\/jornaldasoficinas.com\\\/pt\\\/plano-de-formacao-2018-2019-da-tab-batteries-recebeu-3-500-profissionais\\\/\"},\"author\":{\"name\":\"Reda\u00e7\u00e3o JO\",\"@id\":\"https:\\\/\\\/jornaldasoficinas.com\\\/pt\\\/#\\\/schema\\\/person\\\/a38eef5de2c41d9e7c9ac10141afddf3\"},\"headline\":\"Plano de forma\u00e7\u00e3o 2018\\\/2019 da TAB Batteries recebeu 3.500 profissionais\",\"datePublished\":\"2020-01-29T01:14:05+00:00\",\"mainEntityOfPage\":{\"@id\":\"https:\\\/\\\/jornaldasoficinas.com\\\/pt\\\/plano-de-formacao-2018-2019-da-tab-batteries-recebeu-3-500-profissionais\\\/\"},\"wordCount\":346,\"publisher\":{\"@id\":\"https:\\\/\\\/jornaldasoficinas.com\\\/pt\\\/#organization\"},\"image\":{\"@id\":\"https:\\\/\\\/jornaldasoficinas.com\\\/pt\\\/plano-de-formacao-2018-2019-da-tab-batteries-recebeu-3-500-profissionais\\\/#primaryimage\"},\"thumbnailUrl\":\"https:\\\/\\\/jornaldasoficinas.com\\\/pt\\\/wp-content\\\/uploads\\\/2020\\\/01\\\/tabspainformacao.png\",\"keywords\":[\"Baterias\",\"Forma\u00e7\u00e3o\",\"TAB Batteries\",\"TAB Spain\"],\"articleSection\":[\"Empresas\"],\"inLanguage\":\"pt-PT\"},{\"@type\":\"WebPage\",\"@id\":\"https:\\\/\\\/jornaldasoficinas.com\\\/pt\\\/plano-de-formacao-2018-2019-da-tab-batteries-recebeu-3-500-profissionais\\\/\",\"url\":\"https:\\\/\\\/jornaldasoficinas.com\\\/pt\\\/plano-de-formacao-2018-2019-da-tab-batteries-recebeu-3-500-profissionais\\\/\",\"name\":\"Plano de forma\u00e7\u00e3o 2018\\\/2019 da TAB Batteries recebeu 3.500 profissionais - Jornal das Oficinas\",\"isPartOf\":{\"@id\":\"https:\\\/\\\/jornaldasoficinas.com\\\/pt\\\/#website\"},\"primaryImageOfPage\":{\"@id\":\"https:\\\/\\\/jornaldasoficinas.com\\\/pt\\\/plano-de-formacao-2018-2019-da-tab-batteries-recebeu-3-500-profissionais\\\/#primaryimage\"},\"image\":{\"@id\":\"https:\\\/\\\/jornaldasoficinas.com\\\/pt\\\/plano-de-formacao-2018-2019-da-tab-batteries-recebeu-3-500-profissionais\\\/#primaryimage\"},\"thumbnailUrl\":\"https:\\\/\\\/jornaldasoficinas.com\\\/pt\\\/wp-content\\\/uploads\\\/2020\\\/01\\\/tabspainformacao.png\",\"datePublished\":\"2020-01-29T01:14:05+00:00\",\"breadcrumb\":{\"@id\":\"https:\\\/\\\/jornaldasoficinas.com\\\/pt\\\/plano-de-formacao-2018-2019-da-tab-batteries-recebeu-3-500-profissionais\\\/#breadcrumb\"},\"inLanguage\":\"pt-PT\",\"potentialAction\":[{\"@type\":\"ReadAction\",\"target\":[\"https:\\\/\\\/jornaldasoficinas.com\\\/pt\\\/plano-de-formacao-2018-2019-da-tab-batteries-recebeu-3-500-profissionais\\\/\"]}]},{\"@type\":\"ImageObject\",\"inLanguage\":\"pt-PT\",\"@id\":\"https:\\\/\\\/jornaldasoficinas.com\\\/pt\\\/plano-de-formacao-2018-2019-da-tab-batteries-recebeu-3-500-profissionais\\\/#primaryimage\",\"url\":\"https:\\\/\\\/jornaldasoficinas.com\\\/pt\\\/wp-content\\\/uploads\\\/2020\\\/01\\\/tabspainformacao.png\",\"contentUrl\":\"https:\\\/\\\/jornaldasoficinas.com\\\/pt\\\/wp-content\\\/uploads\\\/2020\\\/01\\\/tabspainformacao.png\",\"width\":1024,\"height\":581,\"caption\":\"01 - tabspainformacao\"},{\"@type\":\"BreadcrumbList\",\"@id\":\"https:\\\/\\\/jornaldasoficinas.com\\\/pt\\\/plano-de-formacao-2018-2019-da-tab-batteries-recebeu-3-500-profissionais\\\/#breadcrumb\",\"itemListElement\":[{\"@type\":\"ListItem\",\"position\":1,\"name\":\"In\u00edcio\",\"item\":\"https:\\\/\\\/jornaldasoficinas.com\\\/pt\\\/\"},{\"@type\":\"ListItem\",\"position\":2,\"name\":\"Plano de forma\u00e7\u00e3o 2018\\\/2019 da TAB Batteries recebeu 3.500 profissionais\"}]},{\"@type\":\"WebSite\",\"@id\":\"https:\\\/\\\/jornaldasoficinas.com\\\/pt\\\/#website\",\"url\":\"https:\\\/\\\/jornaldasoficinas.com\\\/pt\\\/\",\"name\":\"Jornal das Oficinas\",\"description\":\"Jornal independente do Aftermarket Autom\u00f3vel em Portugal\",\"publisher\":{\"@id\":\"https:\\\/\\\/jornaldasoficinas.com\\\/pt\\\/#organization\"},\"potentialAction\":[{\"@type\":\"SearchAction\",\"target\":{\"@type\":\"EntryPoint\",\"urlTemplate\":\"https:\\\/\\\/jornaldasoficinas.com\\\/pt\\\/?s={search_term_string}\"},\"query-input\":{\"@type\":\"PropertyValueSpecification\",\"valueRequired\":true,\"valueName\":\"search_term_string\"}}],\"inLanguage\":\"pt-PT\"},{\"@type\":\"Organization\",\"@id\":\"https:\\\/\\\/jornaldasoficinas.com\\\/pt\\\/#organization\",\"name\":\"Jornal das Oficinas\",\"url\":\"https:\\\/\\\/jornaldasoficinas.com\\\/pt\\\/\",\"logo\":{\"@type\":\"ImageObject\",\"inLanguage\":\"pt-PT\",\"@id\":\"https:\\\/\\\/jornaldasoficinas.com\\\/pt\\\/#\\\/schema\\\/logo\\\/image\\\/\",\"url\":\"https:\\\/\\\/jornaldasoficinas.com\\\/pt\\\/wp-content\\\/uploads\\\/logoJO-SEO.png\",\"contentUrl\":\"https:\\\/\\\/jornaldasoficinas.com\\\/pt\\\/wp-content\\\/uploads\\\/logoJO-SEO.png\",\"width\":285,\"height\":450,\"caption\":\"Jornal das Oficinas\"},\"image\":{\"@id\":\"https:\\\/\\\/jornaldasoficinas.com\\\/pt\\\/#\\\/schema\\\/logo\\\/image\\\/\"},\"sameAs\":[\"https:\\\/\\\/www.facebook.com\\\/jornaloficinas\",\"https:\\\/\\\/x.com\\\/jornaloficinas\",\"https:\\\/\\\/www.instagram.com\\\/jornal_oficinas\\\/\",\"https:\\\/\\\/www.linkedin.com\\\/company\\\/jornal-das-oficinas\\\/\",\"https:\\\/\\\/www.youtube.com\\\/channel\\\/UCbQZBqtcvV-oSQrr7RzINGg\"]},{\"@type\":\"Person\",\"@id\":\"https:\\\/\\\/jornaldasoficinas.com\\\/pt\\\/#\\\/schema\\\/person\\\/a38eef5de2c41d9e7c9ac10141afddf3\",\"name\":\"Reda\u00e7\u00e3o JO\",\"image\":{\"@type\":\"ImageObject\",\"inLanguage\":\"pt-PT\",\"@id\":\"https:\\\/\\\/secure.gravatar.com\\\/avatar\\\/71f2fa71737ad68a84fea94bc708ddac8ea5b0c4788dc2ad202f3ccb2887742f?s=96&d=wp_user_avatar&r=g\",\"url\":\"https:\\\/\\\/secure.gravatar.com\\\/avatar\\\/71f2fa71737ad68a84fea94bc708ddac8ea5b0c4788dc2ad202f3ccb2887742f?s=96&d=wp_user_avatar&r=g\",\"contentUrl\":\"https:\\\/\\\/secure.gravatar.com\\\/avatar\\\/71f2fa71737ad68a84fea94bc708ddac8ea5b0c4788dc2ad202f3ccb2887742f?s=96&d=wp_user_avatar&r=g\",\"caption\":\"Reda\u00e7\u00e3o JO\"},\"url\":\"https:\\\/\\\/jornaldasoficinas.com\\\/pt\\\/author\\\/joredacao\\\/\"}]}<\/script>\n<!-- \/ Yoast SEO plugin. -->","yoast_head_json":{"title":"Plano de forma\u00e7\u00e3o 2018\/2019 da TAB Batteries recebeu 3.500 profissionais - Jornal das Oficinas","robots":{"index":"index","follow":"follow","max-snippet":"max-snippet:-1","max-image-preview":"max-image-preview:large","max-video-preview":"max-video-preview:-1"},"canonical":"https:\/\/jornaldasoficinas.com\/pt\/plano-de-formacao-2018-2019-da-tab-batteries-recebeu-3-500-profissionais\/","og_locale":"pt_PT","og_type":"article","og_title":"Plano de forma\u00e7\u00e3o 2018\/2019 da TAB Batteries recebeu 3.500 profissionais - Jornal das Oficinas","og_description":"A TAB Batteries encerrou o seu...","og_url":"https:\/\/jornaldasoficinas.com\/pt\/plano-de-formacao-2018-2019-da-tab-batteries-recebeu-3-500-profissionais\/","og_site_name":"Jornal das Oficinas","article_publisher":"https:\/\/www.facebook.com\/jornaloficinas","article_published_time":"2020-01-29T01:14:05+00:00","og_image":[{"width":1024,"height":581,"url":"https:\/\/jornaldasoficinas.com\/pt\/wp-content\/uploads\/2020\/01\/tabspainformacao.png","type":"image\/png"}],"author":"Reda\u00e7\u00e3o JO","twitter_card":"summary_large_image","twitter_creator":"@jornaloficinas","twitter_site":"@jornaloficinas","twitter_misc":{"Escrito por":"Reda\u00e7\u00e3o JO","Tempo estimado de leitura":"2 minutos"},"schema":{"@context":"https:\/\/schema.org","@graph":[{"@type":"Article","@id":"https:\/\/jornaldasoficinas.com\/pt\/plano-de-formacao-2018-2019-da-tab-batteries-recebeu-3-500-profissionais\/#article","isPartOf":{"@id":"https:\/\/jornaldasoficinas.com\/pt\/plano-de-formacao-2018-2019-da-tab-batteries-recebeu-3-500-profissionais\/"},"author":{"name":"Reda\u00e7\u00e3o JO","@id":"https:\/\/jornaldasoficinas.com\/pt\/#\/schema\/person\/a38eef5de2c41d9e7c9ac10141afddf3"},"headline":"Plano de forma\u00e7\u00e3o 2018\/2019 da TAB Batteries recebeu 3.500 profissionais","datePublished":"2020-01-29T01:14:05+00:00","mainEntityOfPage":{"@id":"https:\/\/jornaldasoficinas.com\/pt\/plano-de-formacao-2018-2019-da-tab-batteries-recebeu-3-500-profissionais\/"},"wordCount":346,"publisher":{"@id":"https:\/\/jornaldasoficinas.com\/pt\/#organization"},"image":{"@id":"https:\/\/jornaldasoficinas.com\/pt\/plano-de-formacao-2018-2019-da-tab-batteries-recebeu-3-500-profissionais\/#primaryimage"},"thumbnailUrl":"https:\/\/jornaldasoficinas.com\/pt\/wp-content\/uploads\/2020\/01\/tabspainformacao.png","keywords":["Baterias","Forma\u00e7\u00e3o","TAB Batteries","TAB Spain"],"articleSection":["Empresas"],"inLanguage":"pt-PT"},{"@type":"WebPage","@id":"https:\/\/jornaldasoficinas.com\/pt\/plano-de-formacao-2018-2019-da-tab-batteries-recebeu-3-500-profissionais\/","url":"https:\/\/jornaldasoficinas.com\/pt\/plano-de-formacao-2018-2019-da-tab-batteries-recebeu-3-500-profissionais\/","name":"Plano de forma\u00e7\u00e3o 2018\/2019 da TAB Batteries recebeu 3.500 profissionais - Jornal das Oficinas","isPartOf":{"@id":"https:\/\/jornaldasoficinas.com\/pt\/#website"},"primaryImageOfPage":{"@id":"https:\/\/jornaldasoficinas.com\/pt\/plano-de-formacao-2018-2019-da-tab-batteries-recebeu-3-500-profissionais\/#primaryimage"},"image":{"@id":"https:\/\/jornaldasoficinas.com\/pt\/plano-de-formacao-2018-2019-da-tab-batteries-recebeu-3-500-profissionais\/#primaryimage"},"thumbnailUrl":"https:\/\/jornaldasoficinas.com\/pt\/wp-content\/uploads\/2020\/01\/tabspainformacao.png","datePublished":"2020-01-29T01:14:05+00:00","breadcrumb":{"@id":"https:\/\/jornaldasoficinas.com\/pt\/plano-de-formacao-2018-2019-da-tab-batteries-recebeu-3-500-profissionais\/#breadcrumb"},"inLanguage":"pt-PT","potentialAction":[{"@type":"ReadAction","target":["https:\/\/jornaldasoficinas.com\/pt\/plano-de-formacao-2018-2019-da-tab-batteries-recebeu-3-500-profissionais\/"]}]},{"@type":"ImageObject","inLanguage":"pt-PT","@id":"https:\/\/jornaldasoficinas.com\/pt\/plano-de-formacao-2018-2019-da-tab-batteries-recebeu-3-500-profissionais\/#primaryimage","url":"https:\/\/jornaldasoficinas.com\/pt\/wp-content\/uploads\/2020\/01\/tabspainformacao.png","contentUrl":"https:\/\/jornaldasoficinas.com\/pt\/wp-content\/uploads\/2020\/01\/tabspainformacao.png","width":1024,"height":581,"caption":"01 - tabspainformacao"},{"@type":"BreadcrumbList","@id":"https:\/\/jornaldasoficinas.com\/pt\/plano-de-formacao-2018-2019-da-tab-batteries-recebeu-3-500-profissionais\/#breadcrumb","itemListElement":[{"@type":"ListItem","position":1,"name":"In\u00edcio","item":"https:\/\/jornaldasoficinas.com\/pt\/"},{"@type":"ListItem","position":2,"name":"Plano de forma\u00e7\u00e3o 2018\/2019 da TAB Batteries recebeu 3.500 profissionais"}]},{"@type":"WebSite","@id":"https:\/\/jornaldasoficinas.com\/pt\/#website","url":"https:\/\/jornaldasoficinas.com\/pt\/","name":"Jornal das Oficinas","description":"Jornal independente do Aftermarket Autom\u00f3vel em Portugal","publisher":{"@id":"https:\/\/jornaldasoficinas.com\/pt\/#organization"},"potentialAction":[{"@type":"SearchAction","target":{"@type":"EntryPoint","urlTemplate":"https:\/\/jornaldasoficinas.com\/pt\/?s={search_term_string}"},"query-input":{"@type":"PropertyValueSpecification","valueRequired":true,"valueName":"search_term_string"}}],"inLanguage":"pt-PT"},{"@type":"Organization","@id":"https:\/\/jornaldasoficinas.com\/pt\/#organization","name":"Jornal das Oficinas","url":"https:\/\/jornaldasoficinas.com\/pt\/","logo":{"@type":"ImageObject","inLanguage":"pt-PT","@id":"https:\/\/jornaldasoficinas.com\/pt\/#\/schema\/logo\/image\/","url":"https:\/\/jornaldasoficinas.com\/pt\/wp-content\/uploads\/logoJO-SEO.png","contentUrl":"https:\/\/jornaldasoficinas.com\/pt\/wp-content\/uploads\/logoJO-SEO.png","width":285,"height":450,"caption":"Jornal das Oficinas"},"image":{"@id":"https:\/\/jornaldasoficinas.com\/pt\/#\/schema\/logo\/image\/"},"sameAs":["https:\/\/www.facebook.com\/jornaloficinas","https:\/\/x.com\/jornaloficinas","https:\/\/www.instagram.com\/jornal_oficinas\/","https:\/\/www.linkedin.com\/company\/jornal-das-oficinas\/","https:\/\/www.youtube.com\/channel\/UCbQZBqtcvV-oSQrr7RzINGg"]},{"@type":"Person","@id":"https:\/\/jornaldasoficinas.com\/pt\/#\/schema\/person\/a38eef5de2c41d9e7c9ac10141afddf3","name":"Reda\u00e7\u00e3o JO","image":{"@type":"ImageObject","inLanguage":"pt-PT","@id":"https:\/\/secure.gravatar.com\/avatar\/71f2fa71737ad68a84fea94bc708ddac8ea5b0c4788dc2ad202f3ccb2887742f?s=96&d=wp_user_avatar&r=g","url":"https:\/\/secure.gravatar.com\/avatar\/71f2fa71737ad68a84fea94bc708ddac8ea5b0c4788dc2ad202f3ccb2887742f?s=96&d=wp_user_avatar&r=g","contentUrl":"https:\/\/secure.gravatar.com\/avatar\/71f2fa71737ad68a84fea94bc708ddac8ea5b0c4788dc2ad202f3ccb2887742f?s=96&d=wp_user_avatar&r=g","caption":"Reda\u00e7\u00e3o JO"},"url":"https:\/\/jornaldasoficinas.com\/pt\/author\/joredacao\/"}]}},"_links":{"self":[{"href":"https:\/\/jornaldasoficinas.com\/pt\/wp-json\/wp\/v2\/posts\/9053","targetHints":{"allow":["GET"]}}],"collection":[{"href":"https:\/\/jornaldasoficinas.com\/pt\/wp-json\/wp\/v2\/posts"}],"about":[{"href":"https:\/\/jornaldasoficinas.com\/pt\/wp-json\/wp\/v2\/types\/post"}],"author":[{"embeddable":true,"href":"https:\/\/jornaldasoficinas.com\/pt\/wp-json\/wp\/v2\/users\/15"}],"replies":[{"embeddable":true,"href":"https:\/\/jornaldasoficinas.com\/pt\/wp-json\/wp\/v2\/comments?post=9053"}],"version-history":[{"count":0,"href":"https:\/\/jornaldasoficinas.com\/pt\/wp-json\/wp\/v2\/posts\/9053\/revisions"}],"wp:featuredmedia":[{"embeddable":true,"href":"https:\/\/jornaldasoficinas.com\/pt\/wp-json\/wp\/v2\/media\/9052"}],"wp:attachment":[{"href":"https:\/\/jornaldasoficinas.com\/pt\/wp-json\/wp\/v2\/media?parent=9053"}],"wp:term":[{"taxonomy":"category","embeddable":true,"href":"https:\/\/jornaldasoficinas.com\/pt\/wp-json\/wp\/v2\/categories?post=9053"},{"taxonomy":"post_tag","embeddable":true,"href":"https:\/\/jornaldasoficinas.com\/pt\/wp-json\/wp\/v2\/tags?post=9053"}],"curies":[{"name":"wp","href":"https:\/\/api.w.org\/{rel}","templated":true}]}}