{"id":90867,"date":"2024-09-15T20:30:08","date_gmt":"2024-09-15T19:30:08","guid":{"rendered":"https:\/\/jornaldasoficinas.com\/pt\/?p=90867"},"modified":"2024-09-13T11:34:54","modified_gmt":"2024-09-13T10:34:54","slug":"fazemos-a-diferenca-alda-santos-e-carolina-santos-helder-maquinas","status":"publish","type":"post","link":"https:\/\/jornaldasoficinas.com\/pt\/fazemos-a-diferenca-alda-santos-e-carolina-santos-helder-maquinas\/","title":{"rendered":"&#8220;Fazemos a diferen\u00e7a&#8221;, Alda Santos e Carolina Santos, H\u00e9lder M\u00e1quinas"},"content":{"rendered":"<p><img loading=\"lazy\" decoding=\"async\" class=\"alignnone size-full wp-image-90868\" src=\"https:\/\/jornaldasoficinas.com\/pt\/wp-content\/uploads\/2024\/09\/helder_maquinas.jpeg\" alt=\"09 - helder_maquinas\" width=\"1024\" height=\"581\" srcset=\"https:\/\/jornaldasoficinas.com\/pt\/wp-content\/uploads\/2024\/09\/helder_maquinas.jpeg 1024w, https:\/\/jornaldasoficinas.com\/pt\/wp-content\/uploads\/2024\/09\/helder_maquinas-300x170.jpeg 300w, https:\/\/jornaldasoficinas.com\/pt\/wp-content\/uploads\/2024\/09\/helder_maquinas-150x85.jpeg 150w, https:\/\/jornaldasoficinas.com\/pt\/wp-content\/uploads\/2024\/09\/helder_maquinas-768x436.jpeg 768w\" sizes=\"auto, (max-width: 1024px) 100vw, 1024px\" \/><\/p>\n<p><strong>Est\u00e1vamos em 1986 quando H\u00e9lder Santos iniciou a importa\u00e7\u00e3o e a representa\u00e7\u00e3o de marcas de equipamentos para oficinas e assim nascia a <a href=\"https:\/\/heldermaquinas.com\/\" target=\"_blank\" rel=\"noopener\">H\u00e9lder M\u00e1quinas<\/a>. Volvidos 38 anos, o neg\u00f3cio continua de vento em popa, mesmo ap\u00f3s o falecimento do fundador, com o legado bem assegurado pelo resto da fam\u00edlia. Alda e Carolina Santos, a mulher e a filha de H\u00e9lder Santos, s\u00e3o as atuais gerentes da empresa <\/strong><strong>que tem uma palavra a dizer no neg\u00f3cio dos equipamentos oficinais<\/strong><\/p>\n<p>A H\u00e9lder M\u00e1quinas comercializa equipamentos para oficinas e ind\u00fastria e continua a ter a estrutura de uma empresa familiar. Criada do zero por H\u00e9lder Santos, tem conhecido um sucesso relevante no panorama dos equipamentos oficinais no nosso pa\u00eds.<\/p>\n<p>Em 2019, o fundador e administrador da empresa faleceu e, desde ent\u00e3o, a H\u00e9lder M\u00e1quinas continuou a ser gerida pela esposa, Alda Santos em conjunto com a filha, Carolina Santos. A empresa passou a sociedade por quotas, com a gest\u00e3o partilhada por ambos. \u201cAbrimos uma loja muito pequena, contratamos um funcion\u00e1rio que fazia as repara\u00e7\u00f5es e, mais tarde, junt\u00e1mos um vendedor, outro e mais outro&#8230; Desde 2000 que percorremos o pa\u00eds todo e fomos alargando o alcance. Demos in\u00edcio \u00e0s importa\u00e7\u00f5es, designadamente dos elevadores Space e dos aparelhos de diagn\u00f3stico Brain Bee, tudo fornecedores que fomos conhecendo em feiras internacionais\u201d, come\u00e7a por nos contar Carolina Santos.<\/p>\n<p>Atualmente contam com 17 funcion\u00e1rios e continuam a chegar ao pa\u00eds todo: \u201cMantemos as mesmas marcas, mas junt\u00e1mos a Beta\u201d, refere Alda, com Carolina a complementar, \u201ctrabalhamos muito bem as marcas que comercializamos, por isso mesmo \u00e9 que n\u00e3o temos todas as outras. Penso que nos diferenciamos pela sele\u00e7\u00e3o de qualidade que fazemos. Tem a ver com a forma como trabalhamos a marca e oferecemos o produto e servi\u00e7o ao cliente. Temos funcion\u00e1rios que v\u00e3o a It\u00e1lia, por exemplo, ter forma\u00e7\u00e3o para depois podermos fazer as montagens e assist\u00eancias com melhor capacidade e assim ganhar a confian\u00e7a do fornecedor. Se trabalhamos bem a marca, confiam em n\u00f3s\u201d, acredita.<\/p>\n<p><strong>Brain Bee: Marca bandeira<\/strong><br \/>\n\u201cA <a href=\"https:\/\/www.brainbee.mahle.com\/\">Brain Bee<\/a> \u00e9 a nossa marca bandeira, que comercializamos em exclusivo em Portugal. Mas temos de abrir o leque, porque no caso das m\u00e1quinas de diagn\u00f3stico a evolu\u00e7\u00e3o \u00e9 gigante. A Brain Bee sempre foi uma m\u00e1quina muito intuitiva, \u00e9 europeia, contudo come\u00e7amos em 2023 a trabalhar com outra marca, de origem asi\u00e1tica, a Topdon e est\u00e1 a correr muito bem. Esta \u00e9 uma boa m\u00e1quina n\u00e3o se vende pelo pre\u00e7o, vende-se pela qualidade de solucionar os problemas do cliente, at\u00e9 porque nenhuma m\u00e1quina de diagn\u00f3stico faz tudo\u201d, refere Alda Santos, que diz \u201cvamos fazendo de maneira que o cliente fique sempre bem servido. Temos um servi\u00e7o de apoio ao diagn\u00f3stico muito requisitado.<\/p>\n<p>Alda Santos afirma que este se trata de um \u201cservi\u00e7o gratuito, desde que as m\u00e1quinas estejam atualizadas. Temos uma pessoa que s\u00f3 faz a parte de diagn\u00f3stico. E ele \u00e9 o pr\u00f3prio a dizer que tem que estar sempre atualizado, sempre a procurar informa\u00e7\u00e3o e a aprender, mesmo com os clientes. Quando n\u00e3o consegue resolver uma quest\u00e3o, combina com o cliente para que este lhe ligue quando conseguir resolver. No ano passado, recebemos cerca de 3.500 chamadas s\u00f3 de diagn\u00f3stico\u201d. No \u00e2mbito das ferramentas, &#8220;o nosso colaborador QuimZ\u00e9, com 33 anos de casa, est\u00e1 sempre pronto a prestar um servi\u00e7o de excel\u00eancia aos clientes de balc\u00e3o e apoio aos nossos comerciais. \u00c9 assim que n\u00f3s conseguimos fazer a diferen\u00e7a: a aten\u00e7\u00e3o ao cliente&#8221;.<\/p>\n<p><strong>Encontro Nacional T\u00e9cnico<\/strong><br \/>\nNa H\u00e9lder M\u00e1quinas disponibilizam cursos para os clientes saberem trabalhar com as m\u00e1quinas de diagn\u00f3stico e tamb\u00e9m outras vertentes da mec\u00e2nica. Os cursos s\u00e3o constru\u00eddos pela empresa e este ano j\u00e1 se realizaram dois, um em Portalegre e outro em Beja. \u201cEncetamos sempre parcerias com Clientes para garantir o espa\u00e7o e condi\u00e7\u00f5es adequadas ao curso.\u201d<\/p>\n<p>Tamb\u00e9m organizam o Encontro Nacional T\u00e9cnico, que \u00e9 bianual, \u201c\u00e9 l\u00e1 que nos encontramos com os nossos clientes e nos vamos conhecendo um pouco melhor\u201d, diz-nos Carolina, explicando que estes encontros servem essencialmente para \u201cdar forma\u00e7\u00f5es, workshops e mostrar as novidades. Temos o apoio dos fornecedores para os workshops, sendo que estes participam diretamente no evento promovendo o contacto entre o cliente final e o fabricante. Depois temos as carrinhas das ferramentas em demonstra\u00e7\u00e3o no local para os clientes verem as m\u00e1quinas e acess\u00f3rios. Cri\u00e1mos as oportunidades do dia, com descontos exclusivos que o cliente pode usufruir no evento. Segue-se o almo\u00e7o e depois fazemos uma entrega de pr\u00e9mios e um sorteio, cujo vencedor acaba por levar para casa uma m\u00e1quina de diagn\u00f3stico Brain Bee. \u00c9 sempre muito divertido e um bom momento de confraterniza\u00e7\u00e3o e conv\u00edvio entre todos os clientes\u201d, garante.<\/p>\n<p>&#8220;A caminho da digitaliza\u00e7\u00e3o&#8221; saiba como a empresa se est\u00e1 a desenvolver neste e em outros sentidos na edi\u00e7\u00e3o impressa do Jornal das Oficinas de agosto\/setembro, <a href=\"https:\/\/www.yumpu.com\/pt\/document\/read\/68786788\/jornal-das-oficinas-218\/48\">aqui<\/a>.<\/p>\n<p>&nbsp;<\/p>\n<p>&nbsp;<\/p>\n","protected":false},"excerpt":{"rendered":"<p>Est\u00e1vamos em 1986 quando H\u00e9lder Santos&#8230;<\/p>\n","protected":false},"author":15,"featured_media":90868,"comment_status":"closed","ping_status":"closed","sticky":false,"template":"","format":"standard","meta":{"footnotes":""},"categories":[38],"tags":[10532,2619,10533,10531,9929],"class_list":["post-90867","post","type-post","status-publish","format-standard","has-post-thumbnail","hentry","category-entrevistas","tag-alda-santos","tag-brain-bee","tag-carolina-santos","tag-equipamentos-para-oficinas","tag-helder-maquinas"],"yoast_head":"<!-- This site is optimized with the Yoast SEO plugin v27.4 - https:\/\/yoast.com\/product\/yoast-seo-wordpress\/ -->\n<title>&quot;Fazemos a diferen\u00e7a&quot;, Alda Santos e Carolina Santos, H\u00e9lder M\u00e1quinas - Jornal das Oficinas<\/title>\n<meta name=\"description\" content=\"Em 1986 H\u00e9lder Santos iniciou a importa\u00e7\u00e3o e a representa\u00e7\u00e3o de marcas de equipamentos para oficinas e assim nascia a H\u00e9lder M\u00e1quinas\" \/>\n<meta name=\"robots\" content=\"index, follow, max-snippet:-1, max-image-preview:large, max-video-preview:-1\" \/>\n<link rel=\"canonical\" href=\"https:\/\/jornaldasoficinas.com\/pt\/fazemos-a-diferenca-alda-santos-e-carolina-santos-helder-maquinas\/\" \/>\n<meta property=\"og:locale\" content=\"pt_PT\" \/>\n<meta property=\"og:type\" content=\"article\" \/>\n<meta property=\"og:title\" content=\"&quot;Fazemos a diferen\u00e7a&quot;, Alda Santos e Carolina Santos, H\u00e9lder M\u00e1quinas - Jornal das Oficinas\" \/>\n<meta property=\"og:description\" content=\"Em 1986 H\u00e9lder Santos iniciou a importa\u00e7\u00e3o e a representa\u00e7\u00e3o de marcas de equipamentos para oficinas e assim nascia a H\u00e9lder M\u00e1quinas\" \/>\n<meta property=\"og:url\" content=\"https:\/\/jornaldasoficinas.com\/pt\/fazemos-a-diferenca-alda-santos-e-carolina-santos-helder-maquinas\/\" \/>\n<meta property=\"og:site_name\" content=\"Jornal das Oficinas\" \/>\n<meta property=\"article:publisher\" content=\"https:\/\/www.facebook.com\/jornaloficinas\" \/>\n<meta property=\"article:published_time\" content=\"2024-09-15T19:30:08+00:00\" \/>\n<meta property=\"og:image\" content=\"https:\/\/jornaldasoficinas.com\/pt\/wp-content\/uploads\/2024\/09\/helder_maquinas.jpeg\" \/>\n\t<meta property=\"og:image:width\" content=\"1024\" \/>\n\t<meta property=\"og:image:height\" content=\"581\" \/>\n\t<meta property=\"og:image:type\" content=\"image\/jpeg\" \/>\n<meta name=\"author\" content=\"Reda\u00e7\u00e3o JO\" \/>\n<meta name=\"twitter:card\" content=\"summary_large_image\" \/>\n<meta name=\"twitter:creator\" content=\"@jornaloficinas\" \/>\n<meta name=\"twitter:site\" content=\"@jornaloficinas\" \/>\n<meta name=\"twitter:label1\" content=\"Escrito por\" \/>\n\t<meta name=\"twitter:data1\" content=\"Reda\u00e7\u00e3o JO\" \/>\n\t<meta name=\"twitter:label2\" content=\"Tempo estimado de leitura\" \/>\n\t<meta name=\"twitter:data2\" content=\"5 minutos\" \/>\n<script type=\"application\/ld+json\" class=\"yoast-schema-graph\">{\"@context\":\"https:\\\/\\\/schema.org\",\"@graph\":[{\"@type\":\"Article\",\"@id\":\"https:\\\/\\\/jornaldasoficinas.com\\\/pt\\\/fazemos-a-diferenca-alda-santos-e-carolina-santos-helder-maquinas\\\/#article\",\"isPartOf\":{\"@id\":\"https:\\\/\\\/jornaldasoficinas.com\\\/pt\\\/fazemos-a-diferenca-alda-santos-e-carolina-santos-helder-maquinas\\\/\"},\"author\":{\"name\":\"Reda\u00e7\u00e3o JO\",\"@id\":\"https:\\\/\\\/jornaldasoficinas.com\\\/pt\\\/#\\\/schema\\\/person\\\/a38eef5de2c41d9e7c9ac10141afddf3\"},\"headline\":\"&#8220;Fazemos a diferen\u00e7a&#8221;, Alda Santos e Carolina Santos, H\u00e9lder M\u00e1quinas\",\"datePublished\":\"2024-09-15T19:30:08+00:00\",\"mainEntityOfPage\":{\"@id\":\"https:\\\/\\\/jornaldasoficinas.com\\\/pt\\\/fazemos-a-diferenca-alda-santos-e-carolina-santos-helder-maquinas\\\/\"},\"wordCount\":891,\"publisher\":{\"@id\":\"https:\\\/\\\/jornaldasoficinas.com\\\/pt\\\/#organization\"},\"image\":{\"@id\":\"https:\\\/\\\/jornaldasoficinas.com\\\/pt\\\/fazemos-a-diferenca-alda-santos-e-carolina-santos-helder-maquinas\\\/#primaryimage\"},\"thumbnailUrl\":\"https:\\\/\\\/jornaldasoficinas.com\\\/pt\\\/wp-content\\\/uploads\\\/2024\\\/09\\\/helder_maquinas.jpeg\",\"keywords\":[\"Alda Santos\",\"BRAIN BEE\",\"Carolina Santos\",\"equipamentos para oficinas\",\"H\u00e9lder M\u00e1quinas\"],\"articleSection\":[\"Entrevistas\"],\"inLanguage\":\"pt-PT\"},{\"@type\":\"WebPage\",\"@id\":\"https:\\\/\\\/jornaldasoficinas.com\\\/pt\\\/fazemos-a-diferenca-alda-santos-e-carolina-santos-helder-maquinas\\\/\",\"url\":\"https:\\\/\\\/jornaldasoficinas.com\\\/pt\\\/fazemos-a-diferenca-alda-santos-e-carolina-santos-helder-maquinas\\\/\",\"name\":\"\\\"Fazemos a diferen\u00e7a\\\", Alda Santos e Carolina Santos, H\u00e9lder M\u00e1quinas - Jornal das Oficinas\",\"isPartOf\":{\"@id\":\"https:\\\/\\\/jornaldasoficinas.com\\\/pt\\\/#website\"},\"primaryImageOfPage\":{\"@id\":\"https:\\\/\\\/jornaldasoficinas.com\\\/pt\\\/fazemos-a-diferenca-alda-santos-e-carolina-santos-helder-maquinas\\\/#primaryimage\"},\"image\":{\"@id\":\"https:\\\/\\\/jornaldasoficinas.com\\\/pt\\\/fazemos-a-diferenca-alda-santos-e-carolina-santos-helder-maquinas\\\/#primaryimage\"},\"thumbnailUrl\":\"https:\\\/\\\/jornaldasoficinas.com\\\/pt\\\/wp-content\\\/uploads\\\/2024\\\/09\\\/helder_maquinas.jpeg\",\"datePublished\":\"2024-09-15T19:30:08+00:00\",\"description\":\"Em 1986 H\u00e9lder Santos iniciou a importa\u00e7\u00e3o e a representa\u00e7\u00e3o de marcas de equipamentos para oficinas e assim nascia a H\u00e9lder M\u00e1quinas\",\"breadcrumb\":{\"@id\":\"https:\\\/\\\/jornaldasoficinas.com\\\/pt\\\/fazemos-a-diferenca-alda-santos-e-carolina-santos-helder-maquinas\\\/#breadcrumb\"},\"inLanguage\":\"pt-PT\",\"potentialAction\":[{\"@type\":\"ReadAction\",\"target\":[\"https:\\\/\\\/jornaldasoficinas.com\\\/pt\\\/fazemos-a-diferenca-alda-santos-e-carolina-santos-helder-maquinas\\\/\"]}]},{\"@type\":\"ImageObject\",\"inLanguage\":\"pt-PT\",\"@id\":\"https:\\\/\\\/jornaldasoficinas.com\\\/pt\\\/fazemos-a-diferenca-alda-santos-e-carolina-santos-helder-maquinas\\\/#primaryimage\",\"url\":\"https:\\\/\\\/jornaldasoficinas.com\\\/pt\\\/wp-content\\\/uploads\\\/2024\\\/09\\\/helder_maquinas.jpeg\",\"contentUrl\":\"https:\\\/\\\/jornaldasoficinas.com\\\/pt\\\/wp-content\\\/uploads\\\/2024\\\/09\\\/helder_maquinas.jpeg\",\"width\":1024,\"height\":581,\"caption\":\"09 - helder_maquinas\"},{\"@type\":\"BreadcrumbList\",\"@id\":\"https:\\\/\\\/jornaldasoficinas.com\\\/pt\\\/fazemos-a-diferenca-alda-santos-e-carolina-santos-helder-maquinas\\\/#breadcrumb\",\"itemListElement\":[{\"@type\":\"ListItem\",\"position\":1,\"name\":\"In\u00edcio\",\"item\":\"https:\\\/\\\/jornaldasoficinas.com\\\/pt\\\/\"},{\"@type\":\"ListItem\",\"position\":2,\"name\":\"&#8220;Fazemos a diferen\u00e7a&#8221;, Alda Santos e Carolina Santos, H\u00e9lder M\u00e1quinas\"}]},{\"@type\":\"WebSite\",\"@id\":\"https:\\\/\\\/jornaldasoficinas.com\\\/pt\\\/#website\",\"url\":\"https:\\\/\\\/jornaldasoficinas.com\\\/pt\\\/\",\"name\":\"Jornal das Oficinas\",\"description\":\"Jornal independente do Aftermarket Autom\u00f3vel em Portugal\",\"publisher\":{\"@id\":\"https:\\\/\\\/jornaldasoficinas.com\\\/pt\\\/#organization\"},\"potentialAction\":[{\"@type\":\"SearchAction\",\"target\":{\"@type\":\"EntryPoint\",\"urlTemplate\":\"https:\\\/\\\/jornaldasoficinas.com\\\/pt\\\/?s={search_term_string}\"},\"query-input\":{\"@type\":\"PropertyValueSpecification\",\"valueRequired\":true,\"valueName\":\"search_term_string\"}}],\"inLanguage\":\"pt-PT\"},{\"@type\":\"Organization\",\"@id\":\"https:\\\/\\\/jornaldasoficinas.com\\\/pt\\\/#organization\",\"name\":\"Jornal das Oficinas\",\"url\":\"https:\\\/\\\/jornaldasoficinas.com\\\/pt\\\/\",\"logo\":{\"@type\":\"ImageObject\",\"inLanguage\":\"pt-PT\",\"@id\":\"https:\\\/\\\/jornaldasoficinas.com\\\/pt\\\/#\\\/schema\\\/logo\\\/image\\\/\",\"url\":\"https:\\\/\\\/jornaldasoficinas.com\\\/pt\\\/wp-content\\\/uploads\\\/logoJO-SEO.png\",\"contentUrl\":\"https:\\\/\\\/jornaldasoficinas.com\\\/pt\\\/wp-content\\\/uploads\\\/logoJO-SEO.png\",\"width\":285,\"height\":450,\"caption\":\"Jornal das Oficinas\"},\"image\":{\"@id\":\"https:\\\/\\\/jornaldasoficinas.com\\\/pt\\\/#\\\/schema\\\/logo\\\/image\\\/\"},\"sameAs\":[\"https:\\\/\\\/www.facebook.com\\\/jornaloficinas\",\"https:\\\/\\\/x.com\\\/jornaloficinas\",\"https:\\\/\\\/www.instagram.com\\\/jornal_oficinas\\\/\",\"https:\\\/\\\/www.linkedin.com\\\/company\\\/jornal-das-oficinas\\\/\",\"https:\\\/\\\/www.youtube.com\\\/channel\\\/UCbQZBqtcvV-oSQrr7RzINGg\"]},{\"@type\":\"Person\",\"@id\":\"https:\\\/\\\/jornaldasoficinas.com\\\/pt\\\/#\\\/schema\\\/person\\\/a38eef5de2c41d9e7c9ac10141afddf3\",\"name\":\"Reda\u00e7\u00e3o JO\",\"image\":{\"@type\":\"ImageObject\",\"inLanguage\":\"pt-PT\",\"@id\":\"https:\\\/\\\/secure.gravatar.com\\\/avatar\\\/71f2fa71737ad68a84fea94bc708ddac8ea5b0c4788dc2ad202f3ccb2887742f?s=96&d=wp_user_avatar&r=g\",\"url\":\"https:\\\/\\\/secure.gravatar.com\\\/avatar\\\/71f2fa71737ad68a84fea94bc708ddac8ea5b0c4788dc2ad202f3ccb2887742f?s=96&d=wp_user_avatar&r=g\",\"contentUrl\":\"https:\\\/\\\/secure.gravatar.com\\\/avatar\\\/71f2fa71737ad68a84fea94bc708ddac8ea5b0c4788dc2ad202f3ccb2887742f?s=96&d=wp_user_avatar&r=g\",\"caption\":\"Reda\u00e7\u00e3o JO\"},\"url\":\"https:\\\/\\\/jornaldasoficinas.com\\\/pt\\\/author\\\/joredacao\\\/\"}]}<\/script>\n<!-- \/ Yoast SEO plugin. -->","yoast_head_json":{"title":"\"Fazemos a diferen\u00e7a\", Alda Santos e Carolina Santos, H\u00e9lder M\u00e1quinas - Jornal das Oficinas","description":"Em 1986 H\u00e9lder Santos iniciou a importa\u00e7\u00e3o e a representa\u00e7\u00e3o de marcas de equipamentos para oficinas e assim nascia a H\u00e9lder M\u00e1quinas","robots":{"index":"index","follow":"follow","max-snippet":"max-snippet:-1","max-image-preview":"max-image-preview:large","max-video-preview":"max-video-preview:-1"},"canonical":"https:\/\/jornaldasoficinas.com\/pt\/fazemos-a-diferenca-alda-santos-e-carolina-santos-helder-maquinas\/","og_locale":"pt_PT","og_type":"article","og_title":"\"Fazemos a diferen\u00e7a\", Alda Santos e Carolina Santos, H\u00e9lder M\u00e1quinas - Jornal das Oficinas","og_description":"Em 1986 H\u00e9lder Santos iniciou a importa\u00e7\u00e3o e a representa\u00e7\u00e3o de marcas de equipamentos para oficinas e assim nascia a H\u00e9lder M\u00e1quinas","og_url":"https:\/\/jornaldasoficinas.com\/pt\/fazemos-a-diferenca-alda-santos-e-carolina-santos-helder-maquinas\/","og_site_name":"Jornal das Oficinas","article_publisher":"https:\/\/www.facebook.com\/jornaloficinas","article_published_time":"2024-09-15T19:30:08+00:00","og_image":[{"width":1024,"height":581,"url":"https:\/\/jornaldasoficinas.com\/pt\/wp-content\/uploads\/2024\/09\/helder_maquinas.jpeg","type":"image\/jpeg"}],"author":"Reda\u00e7\u00e3o JO","twitter_card":"summary_large_image","twitter_creator":"@jornaloficinas","twitter_site":"@jornaloficinas","twitter_misc":{"Escrito por":"Reda\u00e7\u00e3o JO","Tempo estimado de leitura":"5 minutos"},"schema":{"@context":"https:\/\/schema.org","@graph":[{"@type":"Article","@id":"https:\/\/jornaldasoficinas.com\/pt\/fazemos-a-diferenca-alda-santos-e-carolina-santos-helder-maquinas\/#article","isPartOf":{"@id":"https:\/\/jornaldasoficinas.com\/pt\/fazemos-a-diferenca-alda-santos-e-carolina-santos-helder-maquinas\/"},"author":{"name":"Reda\u00e7\u00e3o JO","@id":"https:\/\/jornaldasoficinas.com\/pt\/#\/schema\/person\/a38eef5de2c41d9e7c9ac10141afddf3"},"headline":"&#8220;Fazemos a diferen\u00e7a&#8221;, Alda Santos e Carolina Santos, H\u00e9lder M\u00e1quinas","datePublished":"2024-09-15T19:30:08+00:00","mainEntityOfPage":{"@id":"https:\/\/jornaldasoficinas.com\/pt\/fazemos-a-diferenca-alda-santos-e-carolina-santos-helder-maquinas\/"},"wordCount":891,"publisher":{"@id":"https:\/\/jornaldasoficinas.com\/pt\/#organization"},"image":{"@id":"https:\/\/jornaldasoficinas.com\/pt\/fazemos-a-diferenca-alda-santos-e-carolina-santos-helder-maquinas\/#primaryimage"},"thumbnailUrl":"https:\/\/jornaldasoficinas.com\/pt\/wp-content\/uploads\/2024\/09\/helder_maquinas.jpeg","keywords":["Alda Santos","BRAIN BEE","Carolina Santos","equipamentos para oficinas","H\u00e9lder M\u00e1quinas"],"articleSection":["Entrevistas"],"inLanguage":"pt-PT"},{"@type":"WebPage","@id":"https:\/\/jornaldasoficinas.com\/pt\/fazemos-a-diferenca-alda-santos-e-carolina-santos-helder-maquinas\/","url":"https:\/\/jornaldasoficinas.com\/pt\/fazemos-a-diferenca-alda-santos-e-carolina-santos-helder-maquinas\/","name":"\"Fazemos a diferen\u00e7a\", Alda Santos e Carolina Santos, H\u00e9lder M\u00e1quinas - Jornal das Oficinas","isPartOf":{"@id":"https:\/\/jornaldasoficinas.com\/pt\/#website"},"primaryImageOfPage":{"@id":"https:\/\/jornaldasoficinas.com\/pt\/fazemos-a-diferenca-alda-santos-e-carolina-santos-helder-maquinas\/#primaryimage"},"image":{"@id":"https:\/\/jornaldasoficinas.com\/pt\/fazemos-a-diferenca-alda-santos-e-carolina-santos-helder-maquinas\/#primaryimage"},"thumbnailUrl":"https:\/\/jornaldasoficinas.com\/pt\/wp-content\/uploads\/2024\/09\/helder_maquinas.jpeg","datePublished":"2024-09-15T19:30:08+00:00","description":"Em 1986 H\u00e9lder Santos iniciou a importa\u00e7\u00e3o e a representa\u00e7\u00e3o de marcas de equipamentos para oficinas e assim nascia a H\u00e9lder M\u00e1quinas","breadcrumb":{"@id":"https:\/\/jornaldasoficinas.com\/pt\/fazemos-a-diferenca-alda-santos-e-carolina-santos-helder-maquinas\/#breadcrumb"},"inLanguage":"pt-PT","potentialAction":[{"@type":"ReadAction","target":["https:\/\/jornaldasoficinas.com\/pt\/fazemos-a-diferenca-alda-santos-e-carolina-santos-helder-maquinas\/"]}]},{"@type":"ImageObject","inLanguage":"pt-PT","@id":"https:\/\/jornaldasoficinas.com\/pt\/fazemos-a-diferenca-alda-santos-e-carolina-santos-helder-maquinas\/#primaryimage","url":"https:\/\/jornaldasoficinas.com\/pt\/wp-content\/uploads\/2024\/09\/helder_maquinas.jpeg","contentUrl":"https:\/\/jornaldasoficinas.com\/pt\/wp-content\/uploads\/2024\/09\/helder_maquinas.jpeg","width":1024,"height":581,"caption":"09 - helder_maquinas"},{"@type":"BreadcrumbList","@id":"https:\/\/jornaldasoficinas.com\/pt\/fazemos-a-diferenca-alda-santos-e-carolina-santos-helder-maquinas\/#breadcrumb","itemListElement":[{"@type":"ListItem","position":1,"name":"In\u00edcio","item":"https:\/\/jornaldasoficinas.com\/pt\/"},{"@type":"ListItem","position":2,"name":"&#8220;Fazemos a diferen\u00e7a&#8221;, Alda Santos e Carolina Santos, H\u00e9lder M\u00e1quinas"}]},{"@type":"WebSite","@id":"https:\/\/jornaldasoficinas.com\/pt\/#website","url":"https:\/\/jornaldasoficinas.com\/pt\/","name":"Jornal das Oficinas","description":"Jornal independente do Aftermarket Autom\u00f3vel em Portugal","publisher":{"@id":"https:\/\/jornaldasoficinas.com\/pt\/#organization"},"potentialAction":[{"@type":"SearchAction","target":{"@type":"EntryPoint","urlTemplate":"https:\/\/jornaldasoficinas.com\/pt\/?s={search_term_string}"},"query-input":{"@type":"PropertyValueSpecification","valueRequired":true,"valueName":"search_term_string"}}],"inLanguage":"pt-PT"},{"@type":"Organization","@id":"https:\/\/jornaldasoficinas.com\/pt\/#organization","name":"Jornal das Oficinas","url":"https:\/\/jornaldasoficinas.com\/pt\/","logo":{"@type":"ImageObject","inLanguage":"pt-PT","@id":"https:\/\/jornaldasoficinas.com\/pt\/#\/schema\/logo\/image\/","url":"https:\/\/jornaldasoficinas.com\/pt\/wp-content\/uploads\/logoJO-SEO.png","contentUrl":"https:\/\/jornaldasoficinas.com\/pt\/wp-content\/uploads\/logoJO-SEO.png","width":285,"height":450,"caption":"Jornal das Oficinas"},"image":{"@id":"https:\/\/jornaldasoficinas.com\/pt\/#\/schema\/logo\/image\/"},"sameAs":["https:\/\/www.facebook.com\/jornaloficinas","https:\/\/x.com\/jornaloficinas","https:\/\/www.instagram.com\/jornal_oficinas\/","https:\/\/www.linkedin.com\/company\/jornal-das-oficinas\/","https:\/\/www.youtube.com\/channel\/UCbQZBqtcvV-oSQrr7RzINGg"]},{"@type":"Person","@id":"https:\/\/jornaldasoficinas.com\/pt\/#\/schema\/person\/a38eef5de2c41d9e7c9ac10141afddf3","name":"Reda\u00e7\u00e3o JO","image":{"@type":"ImageObject","inLanguage":"pt-PT","@id":"https:\/\/secure.gravatar.com\/avatar\/71f2fa71737ad68a84fea94bc708ddac8ea5b0c4788dc2ad202f3ccb2887742f?s=96&d=wp_user_avatar&r=g","url":"https:\/\/secure.gravatar.com\/avatar\/71f2fa71737ad68a84fea94bc708ddac8ea5b0c4788dc2ad202f3ccb2887742f?s=96&d=wp_user_avatar&r=g","contentUrl":"https:\/\/secure.gravatar.com\/avatar\/71f2fa71737ad68a84fea94bc708ddac8ea5b0c4788dc2ad202f3ccb2887742f?s=96&d=wp_user_avatar&r=g","caption":"Reda\u00e7\u00e3o JO"},"url":"https:\/\/jornaldasoficinas.com\/pt\/author\/joredacao\/"}]}},"_links":{"self":[{"href":"https:\/\/jornaldasoficinas.com\/pt\/wp-json\/wp\/v2\/posts\/90867","targetHints":{"allow":["GET"]}}],"collection":[{"href":"https:\/\/jornaldasoficinas.com\/pt\/wp-json\/wp\/v2\/posts"}],"about":[{"href":"https:\/\/jornaldasoficinas.com\/pt\/wp-json\/wp\/v2\/types\/post"}],"author":[{"embeddable":true,"href":"https:\/\/jornaldasoficinas.com\/pt\/wp-json\/wp\/v2\/users\/15"}],"replies":[{"embeddable":true,"href":"https:\/\/jornaldasoficinas.com\/pt\/wp-json\/wp\/v2\/comments?post=90867"}],"version-history":[{"count":0,"href":"https:\/\/jornaldasoficinas.com\/pt\/wp-json\/wp\/v2\/posts\/90867\/revisions"}],"wp:featuredmedia":[{"embeddable":true,"href":"https:\/\/jornaldasoficinas.com\/pt\/wp-json\/wp\/v2\/media\/90868"}],"wp:attachment":[{"href":"https:\/\/jornaldasoficinas.com\/pt\/wp-json\/wp\/v2\/media?parent=90867"}],"wp:term":[{"taxonomy":"category","embeddable":true,"href":"https:\/\/jornaldasoficinas.com\/pt\/wp-json\/wp\/v2\/categories?post=90867"},{"taxonomy":"post_tag","embeddable":true,"href":"https:\/\/jornaldasoficinas.com\/pt\/wp-json\/wp\/v2\/tags?post=90867"}],"curies":[{"name":"wp","href":"https:\/\/api.w.org\/{rel}","templated":true}]}}