{"id":90932,"date":"2024-09-12T19:21:17","date_gmt":"2024-09-12T18:21:17","guid":{"rendered":"https:\/\/jornaldasoficinas.com\/pt\/?p=90932"},"modified":"2024-09-12T19:50:40","modified_gmt":"2024-09-12T18:50:40","slug":"automechanika-mostra-visao-sobre-o-futuro-das-oficinas","status":"publish","type":"post","link":"https:\/\/jornaldasoficinas.com\/pt\/automechanika-mostra-visao-sobre-o-futuro-das-oficinas\/","title":{"rendered":"Automechanika mostra vis\u00e3o sobre o futuro das oficinas"},"content":{"rendered":"<p><strong><img loading=\"lazy\" decoding=\"async\" class=\"alignnone size-full wp-image-90933\" src=\"https:\/\/jornaldasoficinas.com\/pt\/wp-content\/uploads\/2024\/09\/Automechanika-mostra-visao-sobre-o-futuro-das-oficinas.jpeg\" alt=\"09 - Automechanika mostra visao sobre o futuro das oficinas\" width=\"1024\" height=\"581\" srcset=\"https:\/\/jornaldasoficinas.com\/pt\/wp-content\/uploads\/2024\/09\/Automechanika-mostra-visao-sobre-o-futuro-das-oficinas.jpeg 1024w, https:\/\/jornaldasoficinas.com\/pt\/wp-content\/uploads\/2024\/09\/Automechanika-mostra-visao-sobre-o-futuro-das-oficinas-300x170.jpeg 300w, https:\/\/jornaldasoficinas.com\/pt\/wp-content\/uploads\/2024\/09\/Automechanika-mostra-visao-sobre-o-futuro-das-oficinas-150x85.jpeg 150w, https:\/\/jornaldasoficinas.com\/pt\/wp-content\/uploads\/2024\/09\/Automechanika-mostra-visao-sobre-o-futuro-das-oficinas-768x436.jpeg 768w\" sizes=\"auto, (max-width: 1024px) 100vw, 1024px\" \/><\/strong><\/p>\n<p><strong>Para apoiar as oficinas a dominar a transforma\u00e7\u00e3o, a <a href=\"https:\/\/automechanika.messefrankfurt.com\/frankfurt\/en.html\" target=\"_blank\" rel=\"noopener\">Automechanika<\/a> preparou um espa\u00e7o com mais de 1.000 metros quadrados, onde os visitantes puderam experimentar ao vivo como poder\u00e1 ser uma visita a uma oficina num futuro pr\u00f3ximo<\/strong><\/p>\n<p>O objetivo foi apresentar o tema da \u201coficina do futuro\u201d de uma forma atrativa para os visitantes, com especialistas a informar sobre t\u00f3picos importantes que v\u00e3o influenciar o neg\u00f3cio p\u00f3s-venda autom\u00f3vel.<\/p>\n<p>A pe\u00e7a central da exposi\u00e7\u00e3o \u00e9 o laborat\u00f3rio de inova\u00e7\u00e3o na sec\u00e7\u00e3o interior, com 300 metros quadrados, onde os visitantes da feira puderam experimentar de perto e ao vivo aplica\u00e7\u00f5es espec\u00edficas de oficinas.<\/p>\n<p>Foram mostradas grandes partes da cadeia de processos de uma visita \u00e0 oficina. Por exemplo, foi poss\u00edvel ver como um ve\u00edculo se move atrav\u00e9s de um scanner, que realiza um diagn\u00f3stico apoiado por IA e alimenta as informa\u00e7\u00f5es interpretadas nos processos subsequentes da oficina.<\/p>\n<p>Numa segunda \u00e1rea de exposi\u00e7\u00e3o separada, v\u00e1rias empresas apresentaram solu\u00e7\u00f5es futuras interessantes para o setor das oficinas em sete \u00e1reas estruturadas tematicamente: diagn\u00f3stico e automa\u00e7\u00e3o, eletromobilidade, automa\u00e7\u00e3o de processos, IA e rob\u00f3tica, realidade aumentada, oficina em rede, forma\u00e7\u00e3o e educa\u00e7\u00e3o cont\u00ednua, fluxo de trabalho digital e sustentabilidade.<\/p>\n<p>Um est\u00fadio, para transmiss\u00f5es em direto dos eventos da feira na Internet, foi ponto central de contacto para todos os visitantes da Automechanika. Durante o certame, v\u00e1rios especialistas forneceram informa\u00e7\u00f5es em di\u00e1logo, com especialistas do sector em apresenta\u00e7\u00f5es t\u00e9cnicas de 30 minutos sobre temas atuais, como a avalia\u00e7\u00e3o do estado de sa\u00fade das baterias de tra\u00e7\u00e3o, calibra\u00e7\u00e3o de sistemas de assist\u00eancia ao condutor, medi\u00e7\u00e3o de part\u00edculas, higiene do ar condicionado e registo digital de ve\u00edculos.<\/p>\n","protected":false},"excerpt":{"rendered":"<p>Para apoiar as oficinas a dominar&#8230;<\/p>\n","protected":false},"author":15,"featured_media":90933,"comment_status":"closed","ping_status":"closed","sticky":false,"template":"","format":"standard","meta":{"footnotes":""},"categories":[2931,29],"tags":[1758,10545,10547,10546],"class_list":["post-90932","post","type-post","status-publish","format-standard","has-post-thumbnail","hentry","category-automechanika","category-empresas","tag-automechanika","tag-o-futuro-das-oficinas","tag-oficina-do-futuro","tag-transformacao"],"yoast_head":"<!-- This site is optimized with the Yoast SEO plugin v27.5 - https:\/\/yoast.com\/product\/yoast-seo-wordpress\/ -->\n<title>Automechanika mostra vis\u00e3o sobre o futuro das oficinas - Jornal das Oficinas<\/title>\n<meta name=\"description\" content=\"A Automechanika preparou um espa\u00e7o, com mais de 1.000 metros quadrados, onde os visitantes puderam experimentar ao vivo uma oficina do futuro\" \/>\n<meta name=\"robots\" content=\"index, follow, max-snippet:-1, max-image-preview:large, max-video-preview:-1\" \/>\n<link rel=\"canonical\" href=\"https:\/\/jornaldasoficinas.com\/pt\/automechanika-mostra-visao-sobre-o-futuro-das-oficinas\/\" \/>\n<meta property=\"og:locale\" content=\"pt_PT\" \/>\n<meta property=\"og:type\" content=\"article\" \/>\n<meta property=\"og:title\" content=\"Automechanika mostra vis\u00e3o sobre o futuro das oficinas - Jornal das Oficinas\" \/>\n<meta property=\"og:description\" content=\"A Automechanika preparou um espa\u00e7o, com mais de 1.000 metros quadrados, onde os visitantes puderam experimentar ao vivo uma oficina do futuro\" \/>\n<meta property=\"og:url\" content=\"https:\/\/jornaldasoficinas.com\/pt\/automechanika-mostra-visao-sobre-o-futuro-das-oficinas\/\" \/>\n<meta property=\"og:site_name\" content=\"Jornal das Oficinas\" \/>\n<meta property=\"article:publisher\" content=\"https:\/\/www.facebook.com\/jornaloficinas\" \/>\n<meta property=\"article:published_time\" content=\"2024-09-12T18:21:17+00:00\" \/>\n<meta property=\"article:modified_time\" content=\"2024-09-12T18:50:40+00:00\" \/>\n<meta property=\"og:image\" content=\"https:\/\/jornaldasoficinas.com\/pt\/wp-content\/uploads\/2024\/09\/Automechanika-mostra-visao-sobre-o-futuro-das-oficinas.jpeg\" \/>\n\t<meta property=\"og:image:width\" content=\"1024\" \/>\n\t<meta property=\"og:image:height\" content=\"581\" \/>\n\t<meta property=\"og:image:type\" content=\"image\/jpeg\" \/>\n<meta name=\"author\" content=\"Reda\u00e7\u00e3o JO\" \/>\n<meta name=\"twitter:card\" content=\"summary_large_image\" \/>\n<meta name=\"twitter:creator\" content=\"@jornaloficinas\" \/>\n<meta name=\"twitter:site\" content=\"@jornaloficinas\" \/>\n<meta name=\"twitter:label1\" content=\"Escrito por\" \/>\n\t<meta name=\"twitter:data1\" content=\"Reda\u00e7\u00e3o JO\" \/>\n\t<meta name=\"twitter:label2\" content=\"Tempo estimado de leitura\" \/>\n\t<meta name=\"twitter:data2\" content=\"2 minutos\" \/>\n<script type=\"application\/ld+json\" class=\"yoast-schema-graph\">{\"@context\":\"https:\\\/\\\/schema.org\",\"@graph\":[{\"@type\":\"Article\",\"@id\":\"https:\\\/\\\/jornaldasoficinas.com\\\/pt\\\/automechanika-mostra-visao-sobre-o-futuro-das-oficinas\\\/#article\",\"isPartOf\":{\"@id\":\"https:\\\/\\\/jornaldasoficinas.com\\\/pt\\\/automechanika-mostra-visao-sobre-o-futuro-das-oficinas\\\/\"},\"author\":{\"name\":\"Reda\u00e7\u00e3o JO\",\"@id\":\"https:\\\/\\\/jornaldasoficinas.com\\\/pt\\\/#\\\/schema\\\/person\\\/a38eef5de2c41d9e7c9ac10141afddf3\"},\"headline\":\"Automechanika mostra vis\u00e3o sobre o futuro das oficinas\",\"datePublished\":\"2024-09-12T18:21:17+00:00\",\"dateModified\":\"2024-09-12T18:50:40+00:00\",\"mainEntityOfPage\":{\"@id\":\"https:\\\/\\\/jornaldasoficinas.com\\\/pt\\\/automechanika-mostra-visao-sobre-o-futuro-das-oficinas\\\/\"},\"wordCount\":316,\"publisher\":{\"@id\":\"https:\\\/\\\/jornaldasoficinas.com\\\/pt\\\/#organization\"},\"image\":{\"@id\":\"https:\\\/\\\/jornaldasoficinas.com\\\/pt\\\/automechanika-mostra-visao-sobre-o-futuro-das-oficinas\\\/#primaryimage\"},\"thumbnailUrl\":\"https:\\\/\\\/jornaldasoficinas.com\\\/pt\\\/wp-content\\\/uploads\\\/2024\\\/09\\\/Automechanika-mostra-visao-sobre-o-futuro-das-oficinas.jpeg\",\"keywords\":[\"Automechanika\",\"o futuro das oficinas\",\"oficina do futuro\",\"transforma\u00e7\u00e3o\"],\"articleSection\":[\"Automechanika\",\"Empresas\"],\"inLanguage\":\"pt-PT\"},{\"@type\":\"WebPage\",\"@id\":\"https:\\\/\\\/jornaldasoficinas.com\\\/pt\\\/automechanika-mostra-visao-sobre-o-futuro-das-oficinas\\\/\",\"url\":\"https:\\\/\\\/jornaldasoficinas.com\\\/pt\\\/automechanika-mostra-visao-sobre-o-futuro-das-oficinas\\\/\",\"name\":\"Automechanika mostra vis\u00e3o sobre o futuro das oficinas - Jornal das Oficinas\",\"isPartOf\":{\"@id\":\"https:\\\/\\\/jornaldasoficinas.com\\\/pt\\\/#website\"},\"primaryImageOfPage\":{\"@id\":\"https:\\\/\\\/jornaldasoficinas.com\\\/pt\\\/automechanika-mostra-visao-sobre-o-futuro-das-oficinas\\\/#primaryimage\"},\"image\":{\"@id\":\"https:\\\/\\\/jornaldasoficinas.com\\\/pt\\\/automechanika-mostra-visao-sobre-o-futuro-das-oficinas\\\/#primaryimage\"},\"thumbnailUrl\":\"https:\\\/\\\/jornaldasoficinas.com\\\/pt\\\/wp-content\\\/uploads\\\/2024\\\/09\\\/Automechanika-mostra-visao-sobre-o-futuro-das-oficinas.jpeg\",\"datePublished\":\"2024-09-12T18:21:17+00:00\",\"dateModified\":\"2024-09-12T18:50:40+00:00\",\"description\":\"A Automechanika preparou um espa\u00e7o, com mais de 1.000 metros quadrados, onde os visitantes puderam experimentar ao vivo uma oficina do futuro\",\"breadcrumb\":{\"@id\":\"https:\\\/\\\/jornaldasoficinas.com\\\/pt\\\/automechanika-mostra-visao-sobre-o-futuro-das-oficinas\\\/#breadcrumb\"},\"inLanguage\":\"pt-PT\",\"potentialAction\":[{\"@type\":\"ReadAction\",\"target\":[\"https:\\\/\\\/jornaldasoficinas.com\\\/pt\\\/automechanika-mostra-visao-sobre-o-futuro-das-oficinas\\\/\"]}]},{\"@type\":\"ImageObject\",\"inLanguage\":\"pt-PT\",\"@id\":\"https:\\\/\\\/jornaldasoficinas.com\\\/pt\\\/automechanika-mostra-visao-sobre-o-futuro-das-oficinas\\\/#primaryimage\",\"url\":\"https:\\\/\\\/jornaldasoficinas.com\\\/pt\\\/wp-content\\\/uploads\\\/2024\\\/09\\\/Automechanika-mostra-visao-sobre-o-futuro-das-oficinas.jpeg\",\"contentUrl\":\"https:\\\/\\\/jornaldasoficinas.com\\\/pt\\\/wp-content\\\/uploads\\\/2024\\\/09\\\/Automechanika-mostra-visao-sobre-o-futuro-das-oficinas.jpeg\",\"width\":1024,\"height\":581,\"caption\":\"09 - Automechanika mostra visao sobre o futuro das oficinas\"},{\"@type\":\"BreadcrumbList\",\"@id\":\"https:\\\/\\\/jornaldasoficinas.com\\\/pt\\\/automechanika-mostra-visao-sobre-o-futuro-das-oficinas\\\/#breadcrumb\",\"itemListElement\":[{\"@type\":\"ListItem\",\"position\":1,\"name\":\"In\u00edcio\",\"item\":\"https:\\\/\\\/jornaldasoficinas.com\\\/pt\\\/\"},{\"@type\":\"ListItem\",\"position\":2,\"name\":\"Automechanika mostra vis\u00e3o sobre o futuro das oficinas\"}]},{\"@type\":\"WebSite\",\"@id\":\"https:\\\/\\\/jornaldasoficinas.com\\\/pt\\\/#website\",\"url\":\"https:\\\/\\\/jornaldasoficinas.com\\\/pt\\\/\",\"name\":\"Jornal das Oficinas\",\"description\":\"Jornal independente do Aftermarket Autom\u00f3vel em Portugal\",\"publisher\":{\"@id\":\"https:\\\/\\\/jornaldasoficinas.com\\\/pt\\\/#organization\"},\"potentialAction\":[{\"@type\":\"SearchAction\",\"target\":{\"@type\":\"EntryPoint\",\"urlTemplate\":\"https:\\\/\\\/jornaldasoficinas.com\\\/pt\\\/?s={search_term_string}\"},\"query-input\":{\"@type\":\"PropertyValueSpecification\",\"valueRequired\":true,\"valueName\":\"search_term_string\"}}],\"inLanguage\":\"pt-PT\"},{\"@type\":\"Organization\",\"@id\":\"https:\\\/\\\/jornaldasoficinas.com\\\/pt\\\/#organization\",\"name\":\"Jornal das Oficinas\",\"url\":\"https:\\\/\\\/jornaldasoficinas.com\\\/pt\\\/\",\"logo\":{\"@type\":\"ImageObject\",\"inLanguage\":\"pt-PT\",\"@id\":\"https:\\\/\\\/jornaldasoficinas.com\\\/pt\\\/#\\\/schema\\\/logo\\\/image\\\/\",\"url\":\"https:\\\/\\\/jornaldasoficinas.com\\\/pt\\\/wp-content\\\/uploads\\\/logoJO-SEO.png\",\"contentUrl\":\"https:\\\/\\\/jornaldasoficinas.com\\\/pt\\\/wp-content\\\/uploads\\\/logoJO-SEO.png\",\"width\":285,\"height\":450,\"caption\":\"Jornal das Oficinas\"},\"image\":{\"@id\":\"https:\\\/\\\/jornaldasoficinas.com\\\/pt\\\/#\\\/schema\\\/logo\\\/image\\\/\"},\"sameAs\":[\"https:\\\/\\\/www.facebook.com\\\/jornaloficinas\",\"https:\\\/\\\/x.com\\\/jornaloficinas\",\"https:\\\/\\\/www.instagram.com\\\/jornal_oficinas\\\/\",\"https:\\\/\\\/www.linkedin.com\\\/company\\\/jornal-das-oficinas\\\/\",\"https:\\\/\\\/www.youtube.com\\\/channel\\\/UCbQZBqtcvV-oSQrr7RzINGg\"]},{\"@type\":\"Person\",\"@id\":\"https:\\\/\\\/jornaldasoficinas.com\\\/pt\\\/#\\\/schema\\\/person\\\/a38eef5de2c41d9e7c9ac10141afddf3\",\"name\":\"Reda\u00e7\u00e3o JO\",\"image\":{\"@type\":\"ImageObject\",\"inLanguage\":\"pt-PT\",\"@id\":\"https:\\\/\\\/secure.gravatar.com\\\/avatar\\\/71f2fa71737ad68a84fea94bc708ddac8ea5b0c4788dc2ad202f3ccb2887742f?s=96&d=wp_user_avatar&r=g\",\"url\":\"https:\\\/\\\/secure.gravatar.com\\\/avatar\\\/71f2fa71737ad68a84fea94bc708ddac8ea5b0c4788dc2ad202f3ccb2887742f?s=96&d=wp_user_avatar&r=g\",\"contentUrl\":\"https:\\\/\\\/secure.gravatar.com\\\/avatar\\\/71f2fa71737ad68a84fea94bc708ddac8ea5b0c4788dc2ad202f3ccb2887742f?s=96&d=wp_user_avatar&r=g\",\"caption\":\"Reda\u00e7\u00e3o JO\"},\"url\":\"https:\\\/\\\/jornaldasoficinas.com\\\/pt\\\/author\\\/joredacao\\\/\"}]}<\/script>\n<!-- \/ Yoast SEO plugin. -->","yoast_head_json":{"title":"Automechanika mostra vis\u00e3o sobre o futuro das oficinas - Jornal das Oficinas","description":"A Automechanika preparou um espa\u00e7o, com mais de 1.000 metros quadrados, onde os visitantes puderam experimentar ao vivo uma oficina do futuro","robots":{"index":"index","follow":"follow","max-snippet":"max-snippet:-1","max-image-preview":"max-image-preview:large","max-video-preview":"max-video-preview:-1"},"canonical":"https:\/\/jornaldasoficinas.com\/pt\/automechanika-mostra-visao-sobre-o-futuro-das-oficinas\/","og_locale":"pt_PT","og_type":"article","og_title":"Automechanika mostra vis\u00e3o sobre o futuro das oficinas - Jornal das Oficinas","og_description":"A Automechanika preparou um espa\u00e7o, com mais de 1.000 metros quadrados, onde os visitantes puderam experimentar ao vivo uma oficina do futuro","og_url":"https:\/\/jornaldasoficinas.com\/pt\/automechanika-mostra-visao-sobre-o-futuro-das-oficinas\/","og_site_name":"Jornal das Oficinas","article_publisher":"https:\/\/www.facebook.com\/jornaloficinas","article_published_time":"2024-09-12T18:21:17+00:00","article_modified_time":"2024-09-12T18:50:40+00:00","og_image":[{"width":1024,"height":581,"url":"https:\/\/jornaldasoficinas.com\/pt\/wp-content\/uploads\/2024\/09\/Automechanika-mostra-visao-sobre-o-futuro-das-oficinas.jpeg","type":"image\/jpeg"}],"author":"Reda\u00e7\u00e3o JO","twitter_card":"summary_large_image","twitter_creator":"@jornaloficinas","twitter_site":"@jornaloficinas","twitter_misc":{"Escrito por":"Reda\u00e7\u00e3o JO","Tempo estimado de leitura":"2 minutos"},"schema":{"@context":"https:\/\/schema.org","@graph":[{"@type":"Article","@id":"https:\/\/jornaldasoficinas.com\/pt\/automechanika-mostra-visao-sobre-o-futuro-das-oficinas\/#article","isPartOf":{"@id":"https:\/\/jornaldasoficinas.com\/pt\/automechanika-mostra-visao-sobre-o-futuro-das-oficinas\/"},"author":{"name":"Reda\u00e7\u00e3o JO","@id":"https:\/\/jornaldasoficinas.com\/pt\/#\/schema\/person\/a38eef5de2c41d9e7c9ac10141afddf3"},"headline":"Automechanika mostra vis\u00e3o sobre o futuro das oficinas","datePublished":"2024-09-12T18:21:17+00:00","dateModified":"2024-09-12T18:50:40+00:00","mainEntityOfPage":{"@id":"https:\/\/jornaldasoficinas.com\/pt\/automechanika-mostra-visao-sobre-o-futuro-das-oficinas\/"},"wordCount":316,"publisher":{"@id":"https:\/\/jornaldasoficinas.com\/pt\/#organization"},"image":{"@id":"https:\/\/jornaldasoficinas.com\/pt\/automechanika-mostra-visao-sobre-o-futuro-das-oficinas\/#primaryimage"},"thumbnailUrl":"https:\/\/jornaldasoficinas.com\/pt\/wp-content\/uploads\/2024\/09\/Automechanika-mostra-visao-sobre-o-futuro-das-oficinas.jpeg","keywords":["Automechanika","o futuro das oficinas","oficina do futuro","transforma\u00e7\u00e3o"],"articleSection":["Automechanika","Empresas"],"inLanguage":"pt-PT"},{"@type":"WebPage","@id":"https:\/\/jornaldasoficinas.com\/pt\/automechanika-mostra-visao-sobre-o-futuro-das-oficinas\/","url":"https:\/\/jornaldasoficinas.com\/pt\/automechanika-mostra-visao-sobre-o-futuro-das-oficinas\/","name":"Automechanika mostra vis\u00e3o sobre o futuro das oficinas - Jornal das Oficinas","isPartOf":{"@id":"https:\/\/jornaldasoficinas.com\/pt\/#website"},"primaryImageOfPage":{"@id":"https:\/\/jornaldasoficinas.com\/pt\/automechanika-mostra-visao-sobre-o-futuro-das-oficinas\/#primaryimage"},"image":{"@id":"https:\/\/jornaldasoficinas.com\/pt\/automechanika-mostra-visao-sobre-o-futuro-das-oficinas\/#primaryimage"},"thumbnailUrl":"https:\/\/jornaldasoficinas.com\/pt\/wp-content\/uploads\/2024\/09\/Automechanika-mostra-visao-sobre-o-futuro-das-oficinas.jpeg","datePublished":"2024-09-12T18:21:17+00:00","dateModified":"2024-09-12T18:50:40+00:00","description":"A Automechanika preparou um espa\u00e7o, com mais de 1.000 metros quadrados, onde os visitantes puderam experimentar ao vivo uma oficina do futuro","breadcrumb":{"@id":"https:\/\/jornaldasoficinas.com\/pt\/automechanika-mostra-visao-sobre-o-futuro-das-oficinas\/#breadcrumb"},"inLanguage":"pt-PT","potentialAction":[{"@type":"ReadAction","target":["https:\/\/jornaldasoficinas.com\/pt\/automechanika-mostra-visao-sobre-o-futuro-das-oficinas\/"]}]},{"@type":"ImageObject","inLanguage":"pt-PT","@id":"https:\/\/jornaldasoficinas.com\/pt\/automechanika-mostra-visao-sobre-o-futuro-das-oficinas\/#primaryimage","url":"https:\/\/jornaldasoficinas.com\/pt\/wp-content\/uploads\/2024\/09\/Automechanika-mostra-visao-sobre-o-futuro-das-oficinas.jpeg","contentUrl":"https:\/\/jornaldasoficinas.com\/pt\/wp-content\/uploads\/2024\/09\/Automechanika-mostra-visao-sobre-o-futuro-das-oficinas.jpeg","width":1024,"height":581,"caption":"09 - Automechanika mostra visao sobre o futuro das oficinas"},{"@type":"BreadcrumbList","@id":"https:\/\/jornaldasoficinas.com\/pt\/automechanika-mostra-visao-sobre-o-futuro-das-oficinas\/#breadcrumb","itemListElement":[{"@type":"ListItem","position":1,"name":"In\u00edcio","item":"https:\/\/jornaldasoficinas.com\/pt\/"},{"@type":"ListItem","position":2,"name":"Automechanika mostra vis\u00e3o sobre o futuro das oficinas"}]},{"@type":"WebSite","@id":"https:\/\/jornaldasoficinas.com\/pt\/#website","url":"https:\/\/jornaldasoficinas.com\/pt\/","name":"Jornal das Oficinas","description":"Jornal independente do Aftermarket Autom\u00f3vel em Portugal","publisher":{"@id":"https:\/\/jornaldasoficinas.com\/pt\/#organization"},"potentialAction":[{"@type":"SearchAction","target":{"@type":"EntryPoint","urlTemplate":"https:\/\/jornaldasoficinas.com\/pt\/?s={search_term_string}"},"query-input":{"@type":"PropertyValueSpecification","valueRequired":true,"valueName":"search_term_string"}}],"inLanguage":"pt-PT"},{"@type":"Organization","@id":"https:\/\/jornaldasoficinas.com\/pt\/#organization","name":"Jornal das Oficinas","url":"https:\/\/jornaldasoficinas.com\/pt\/","logo":{"@type":"ImageObject","inLanguage":"pt-PT","@id":"https:\/\/jornaldasoficinas.com\/pt\/#\/schema\/logo\/image\/","url":"https:\/\/jornaldasoficinas.com\/pt\/wp-content\/uploads\/logoJO-SEO.png","contentUrl":"https:\/\/jornaldasoficinas.com\/pt\/wp-content\/uploads\/logoJO-SEO.png","width":285,"height":450,"caption":"Jornal das Oficinas"},"image":{"@id":"https:\/\/jornaldasoficinas.com\/pt\/#\/schema\/logo\/image\/"},"sameAs":["https:\/\/www.facebook.com\/jornaloficinas","https:\/\/x.com\/jornaloficinas","https:\/\/www.instagram.com\/jornal_oficinas\/","https:\/\/www.linkedin.com\/company\/jornal-das-oficinas\/","https:\/\/www.youtube.com\/channel\/UCbQZBqtcvV-oSQrr7RzINGg"]},{"@type":"Person","@id":"https:\/\/jornaldasoficinas.com\/pt\/#\/schema\/person\/a38eef5de2c41d9e7c9ac10141afddf3","name":"Reda\u00e7\u00e3o JO","image":{"@type":"ImageObject","inLanguage":"pt-PT","@id":"https:\/\/secure.gravatar.com\/avatar\/71f2fa71737ad68a84fea94bc708ddac8ea5b0c4788dc2ad202f3ccb2887742f?s=96&d=wp_user_avatar&r=g","url":"https:\/\/secure.gravatar.com\/avatar\/71f2fa71737ad68a84fea94bc708ddac8ea5b0c4788dc2ad202f3ccb2887742f?s=96&d=wp_user_avatar&r=g","contentUrl":"https:\/\/secure.gravatar.com\/avatar\/71f2fa71737ad68a84fea94bc708ddac8ea5b0c4788dc2ad202f3ccb2887742f?s=96&d=wp_user_avatar&r=g","caption":"Reda\u00e7\u00e3o JO"},"url":"https:\/\/jornaldasoficinas.com\/pt\/author\/joredacao\/"}]}},"_links":{"self":[{"href":"https:\/\/jornaldasoficinas.com\/pt\/wp-json\/wp\/v2\/posts\/90932","targetHints":{"allow":["GET"]}}],"collection":[{"href":"https:\/\/jornaldasoficinas.com\/pt\/wp-json\/wp\/v2\/posts"}],"about":[{"href":"https:\/\/jornaldasoficinas.com\/pt\/wp-json\/wp\/v2\/types\/post"}],"author":[{"embeddable":true,"href":"https:\/\/jornaldasoficinas.com\/pt\/wp-json\/wp\/v2\/users\/15"}],"replies":[{"embeddable":true,"href":"https:\/\/jornaldasoficinas.com\/pt\/wp-json\/wp\/v2\/comments?post=90932"}],"version-history":[{"count":0,"href":"https:\/\/jornaldasoficinas.com\/pt\/wp-json\/wp\/v2\/posts\/90932\/revisions"}],"wp:featuredmedia":[{"embeddable":true,"href":"https:\/\/jornaldasoficinas.com\/pt\/wp-json\/wp\/v2\/media\/90933"}],"wp:attachment":[{"href":"https:\/\/jornaldasoficinas.com\/pt\/wp-json\/wp\/v2\/media?parent=90932"}],"wp:term":[{"taxonomy":"category","embeddable":true,"href":"https:\/\/jornaldasoficinas.com\/pt\/wp-json\/wp\/v2\/categories?post=90932"},{"taxonomy":"post_tag","embeddable":true,"href":"https:\/\/jornaldasoficinas.com\/pt\/wp-json\/wp\/v2\/tags?post=90932"}],"curies":[{"name":"wp","href":"https:\/\/api.w.org\/{rel}","templated":true}]}}