{"id":91084,"date":"2024-09-15T22:00:42","date_gmt":"2024-09-15T21:00:42","guid":{"rendered":"https:\/\/jornaldasoficinas.com\/pt\/?p=91084"},"modified":"2024-09-15T10:04:48","modified_gmt":"2024-09-15T09:04:48","slug":"automechanika-2024-confirma-bom-momento-do-setor","status":"publish","type":"post","link":"https:\/\/jornaldasoficinas.com\/pt\/automechanika-2024-confirma-bom-momento-do-setor\/","title":{"rendered":"Automechanika 2024 confirma bom momento do setor"},"content":{"rendered":"<p><img loading=\"lazy\" decoding=\"async\" class=\"alignnone size-full wp-image-91085\" src=\"https:\/\/jornaldasoficinas.com\/pt\/wp-content\/uploads\/2024\/09\/foto-noticia-Automechanika.jpg\" alt=\"09 - foto noticia Automechanika\" width=\"1024\" height=\"581\" srcset=\"https:\/\/jornaldasoficinas.com\/pt\/wp-content\/uploads\/2024\/09\/foto-noticia-Automechanika.jpg 1024w, https:\/\/jornaldasoficinas.com\/pt\/wp-content\/uploads\/2024\/09\/foto-noticia-Automechanika-300x170.jpg 300w, https:\/\/jornaldasoficinas.com\/pt\/wp-content\/uploads\/2024\/09\/foto-noticia-Automechanika-150x85.jpg 150w, https:\/\/jornaldasoficinas.com\/pt\/wp-content\/uploads\/2024\/09\/foto-noticia-Automechanika-768x436.jpg 768w\" sizes=\"auto, (max-width: 1024px) 100vw, 1024px\" \/><\/p>\n<p><strong>A maior feira de Aftermaket voltou em for\u00e7a este ano aos pavilh\u00f5es da <a href=\"https:\/\/automechanika.messefrankfurt.com\/frankfurt\/en.html\" target=\"_blank\" rel=\"noopener\">Messe Frankfurt<\/a>, confirmando o bom momento que o setor atravessa. O n\u00famero recorde de expositores (4.200) e visitantes (108.000) s\u00e3o conclusivos<\/strong><\/p>\n<p>Os pavilh\u00f5es do enorme centro de exposi\u00e7\u00f5es da capital econ\u00f3mica da UE encheram-se de visitantes durante os cinco dias da <a href=\"https:\/\/automechanika.messefrankfurt.com\/frankfurt\/en.html\">Automechanika<\/a> e a opini\u00e3o generalizada dos expositores \u00e9 muito positiva relativamente a contactos realizados e perspetivas de mais neg\u00f3cio no futuro.<\/p>\n<p>A Automechanika Frankfurt mostrou mais uma vez em 2024 porque \u00e9 a principal feira internacional do aftermarket. 4.200 empresas de 80 pa\u00edses apresentaram os seus mais recentes produtos e solu\u00e7\u00f5es inovadoras para o retalho, oficinas e ind\u00fastria. Numa \u00e1rea de 320.000 metros quadrados e 26 pisos de pavilh\u00f5es, os visitantes profissionais de 172 pa\u00edses puderam descobrir tecnologias pioneiras e at\u00e9 experimentar algumas delas na \u00e1rea de exposi\u00e7\u00e3o exterior. 94% dos visitantes profissionais &#8211; 70% dos quais vindos do estrangeiro &#8211; ficaram satisfeitos com o certame, tanto com o que a feira tinha para oferecer como com a concretiza\u00e7\u00e3o dos seus objetivos.<\/p>\n<p>As tend\u00eancias deste ano foram a eletrifica\u00e7\u00e3o, a conetividade dos ve\u00edculos, os sistemas de assist\u00eancia ao condutor e a digitaliza\u00e7\u00e3o. Olaf Mu\u00dfhoff, diretor da feira, afirma \u201cMesmo no meio da transforma\u00e7\u00e3o digital, o sector demonstrou mais uma vez a sua capacidade de inova\u00e7\u00e3o, proporcionando in\u00fameros destaques ao longo dos cinco dias do evento. Juntamente com os nossos expositores, conseguimos encontrar os intervenientes certos para apresentar os temas mais importantes &#8211; incluindo sistemas de propuls\u00e3o alternativos, sustentabilidade e a utiliza\u00e7\u00e3o da IA e da rob\u00f3tica no mercado p\u00f3s-venda autom\u00f3vel &#8211; nos palcos e nas salas de exposi\u00e7\u00e3o.\u201d<\/p>\n<p>Um total de cinco palcos acolheu debates sobre tend\u00eancias e desenvolvimentos em v\u00e1rios sectores da ind\u00fastria. No Parque da Mobilidade do Futuro e no respetivo f\u00f3rum de peritos Innovation4Mobility, os visitantes tiveram a oportunidade de experimentar os ve\u00edculos com sistemas de propuls\u00e3o alternativos &#8211; incluindo el\u00e9tricos, a hidrog\u00e9nio e h\u00edbridos.<\/p>\n<p>Nunca antes a Automechanika em Frankfurt tinha tido um programa de apoio e uma gama de eventos como esta. \u201cA nossa lista de apresenta\u00e7\u00f5es e workshops pr\u00e1ticos cobriu um vasto leque de t\u00f3picos, incluindo carro\u00e7aria e pintura, ve\u00edculos el\u00e9tricos, ve\u00edculos comerciais, repara\u00e7\u00e3o de caravanas, impress\u00e3o 3D, detalhe e muito mais. Estes foram muito bem recebidos pelos profissionais, e pelos estudantes e alunos que aproveitaram as oportunidades oferecidas para descobrirem por si pr\u00f3prios como s\u00e3o algumas das profiss\u00f5es do setor autom\u00f3vel. Uma das novidades deste ano foi um programa e uma \u00e1rea especialmente dedicados \u00e0 Gera\u00e7\u00e3o Z. Quisemos chamar a sua aten\u00e7\u00e3o para as oportunidades profissionais que existem no fascinante mundo do p\u00f3s-venda autom\u00f3vel, e fomos muito bem sucedidos\u201d, refor\u00e7a Olaf Mu\u00dfhoff.<\/p>\n<p>O desenvolvimento sustent\u00e1vel foi comum \u00e0 maioria das atividades abrangidas pelos v\u00e1rios expositores. &#8220;O nosso objetivo foi fazer com que este sal\u00e3o beneficie todos os profissionais de todas estas \u00e1reas, fornecendo-lhes informa\u00e7\u00f5es em primeira m\u00e3o. Tudo isto num ambiente de conv\u00edvio, networking e aprendizagem\u201d, continua Olaf Mu\u00dfhoff.<\/p>\n<p>A sustentabilidade do setor autom\u00f3vel esteve presente nos tradicionais Pr\u00e9mios de Inova\u00e7\u00e3o, com um pr\u00e9mio espec\u00edfico. &#8220;Houve um verdadeiro salto em frente a n\u00edvel mundial nesta quest\u00e3o do desenvolvimento sustent\u00e1vel: estamos a senti-lo por parte dos fabricantes, mas tamb\u00e9m come\u00e7a a ser notado do lado das oficinas. E saber como ser sustent\u00e1vel e virtuoso em termos ambientais tamb\u00e9m est\u00e1 a atrair a prefer\u00eancia dos jovens profissionais\u201d, reconhece o diretor da Automechanika.<\/p>\n<p>O slogan da Automechanika deste ano foi \u201cDriving Transformation\u201d, e isso foi evidente em toda a feira: em apresenta\u00e7\u00f5es viradas para o futuro sobre temas-chave como a transforma\u00e7\u00e3o digital, a mobilidade sustent\u00e1vel e a intelig\u00eancia artificial, em workshops de forma\u00e7\u00e3o pr\u00e1tica, e em animados pain\u00e9is de debate &#8211; porque nunca antes foram apresentadas tantas tecnologias inovadoras como em este ano.<\/p>\n<p>Este ano tamb\u00e9m marcou a estreia da \u201cAmbition\u201d, uma \u00e1rea especial para a Gera\u00e7\u00e3o Z, localizada no Pavilh\u00e3o 3.1, com apresenta\u00e7\u00f5es breves e cativantes, pain\u00e9is de discuss\u00e3o e atua\u00e7\u00f5es ao vivo, concebidas para interessar os jovens no setor autom\u00f3vel. Esta iniciativa foi tomada devido \u00e0 conhecida escassez de pessoal qualificado no setor. S\u00e3o necess\u00e1rios novos conceitos para atrair a nova gera\u00e7\u00e3o.<\/p>\n<p>A equipa do Jornal das Oficinas, a exemplo do que tem acontecido nas anteriores edi\u00e7\u00f5es, fez uma reportagem alargada da feira Automechanika, que pode ver no nosso website e redes sociais.<\/p>\n","protected":false},"excerpt":{"rendered":"<p>A maior feira de Aftermaket voltou&#8230;<\/p>\n","protected":false},"author":15,"featured_media":91085,"comment_status":"closed","ping_status":"closed","sticky":false,"template":"","format":"standard","meta":{"footnotes":""},"categories":[2931,29],"tags":[10596,1758,6867,10270,10426,10593,8361,10594,10595],"class_list":["post-91084","post","type-post","status-publish","format-standard","has-post-thumbnail","hentry","category-automechanika","category-empresas","tag-driving-transformation","tag-automechanika","tag-expositores","tag-feedback-positivo","tag-frankfurt","tag-innovation4mobility","tag-mobilidade-do-futuro","tag-olaf-mushoff","tag-visitantes"],"yoast_head":"<!-- This site is optimized with the Yoast SEO plugin v27.5 - https:\/\/yoast.com\/product\/yoast-seo-wordpress\/ -->\n<title>Automechanika 2024 confirma bom momento do setor - Jornal das Oficinas<\/title>\n<meta name=\"description\" content=\"A maior feira de Aftermaket voltou em for\u00e7a este ano aos pavilh\u00f5es da Messe Frankfurt, confirmando o bom momento que o setor atravessa\" \/>\n<meta name=\"robots\" content=\"index, follow, max-snippet:-1, max-image-preview:large, max-video-preview:-1\" \/>\n<link rel=\"canonical\" href=\"https:\/\/jornaldasoficinas.com\/pt\/automechanika-2024-confirma-bom-momento-do-setor\/\" \/>\n<meta property=\"og:locale\" content=\"pt_PT\" \/>\n<meta property=\"og:type\" content=\"article\" \/>\n<meta property=\"og:title\" content=\"Automechanika 2024 confirma bom momento do setor - Jornal das Oficinas\" \/>\n<meta property=\"og:description\" content=\"A maior feira de Aftermaket voltou em for\u00e7a este ano aos pavilh\u00f5es da Messe Frankfurt, confirmando o bom momento que o setor atravessa\" \/>\n<meta property=\"og:url\" content=\"https:\/\/jornaldasoficinas.com\/pt\/automechanika-2024-confirma-bom-momento-do-setor\/\" \/>\n<meta property=\"og:site_name\" content=\"Jornal das Oficinas\" \/>\n<meta property=\"article:publisher\" content=\"https:\/\/www.facebook.com\/jornaloficinas\" \/>\n<meta property=\"article:published_time\" content=\"2024-09-15T21:00:42+00:00\" \/>\n<meta property=\"og:image\" content=\"https:\/\/jornaldasoficinas.com\/pt\/wp-content\/uploads\/2024\/09\/foto-noticia-Automechanika.jpg\" \/>\n\t<meta property=\"og:image:width\" content=\"1024\" \/>\n\t<meta property=\"og:image:height\" content=\"581\" \/>\n\t<meta property=\"og:image:type\" content=\"image\/jpeg\" \/>\n<meta name=\"author\" content=\"Reda\u00e7\u00e3o JO\" \/>\n<meta name=\"twitter:card\" content=\"summary_large_image\" \/>\n<meta name=\"twitter:creator\" content=\"@jornaloficinas\" \/>\n<meta name=\"twitter:site\" content=\"@jornaloficinas\" \/>\n<meta name=\"twitter:label1\" content=\"Escrito por\" \/>\n\t<meta name=\"twitter:data1\" content=\"Reda\u00e7\u00e3o JO\" \/>\n\t<meta name=\"twitter:label2\" content=\"Tempo estimado de leitura\" \/>\n\t<meta name=\"twitter:data2\" content=\"5 minutos\" \/>\n<script type=\"application\/ld+json\" class=\"yoast-schema-graph\">{\"@context\":\"https:\\\/\\\/schema.org\",\"@graph\":[{\"@type\":\"Article\",\"@id\":\"https:\\\/\\\/jornaldasoficinas.com\\\/pt\\\/automechanika-2024-confirma-bom-momento-do-setor\\\/#article\",\"isPartOf\":{\"@id\":\"https:\\\/\\\/jornaldasoficinas.com\\\/pt\\\/automechanika-2024-confirma-bom-momento-do-setor\\\/\"},\"author\":{\"name\":\"Reda\u00e7\u00e3o JO\",\"@id\":\"https:\\\/\\\/jornaldasoficinas.com\\\/pt\\\/#\\\/schema\\\/person\\\/a38eef5de2c41d9e7c9ac10141afddf3\"},\"headline\":\"Automechanika 2024 confirma bom momento do setor\",\"datePublished\":\"2024-09-15T21:00:42+00:00\",\"mainEntityOfPage\":{\"@id\":\"https:\\\/\\\/jornaldasoficinas.com\\\/pt\\\/automechanika-2024-confirma-bom-momento-do-setor\\\/\"},\"wordCount\":802,\"publisher\":{\"@id\":\"https:\\\/\\\/jornaldasoficinas.com\\\/pt\\\/#organization\"},\"image\":{\"@id\":\"https:\\\/\\\/jornaldasoficinas.com\\\/pt\\\/automechanika-2024-confirma-bom-momento-do-setor\\\/#primaryimage\"},\"thumbnailUrl\":\"https:\\\/\\\/jornaldasoficinas.com\\\/pt\\\/wp-content\\\/uploads\\\/2024\\\/09\\\/foto-noticia-Automechanika.jpg\",\"keywords\":[\"\u201cDriving Transformation\u201d\",\"Automechanika\",\"Expositores\",\"feedback positivo\",\"frankfurt\",\"Innovation4Mobility\",\"mobilidade do futuro\",\"Olaf Mu\u00dfhoff\",\"visitantes\"],\"articleSection\":[\"Automechanika\",\"Empresas\"],\"inLanguage\":\"pt-PT\"},{\"@type\":\"WebPage\",\"@id\":\"https:\\\/\\\/jornaldasoficinas.com\\\/pt\\\/automechanika-2024-confirma-bom-momento-do-setor\\\/\",\"url\":\"https:\\\/\\\/jornaldasoficinas.com\\\/pt\\\/automechanika-2024-confirma-bom-momento-do-setor\\\/\",\"name\":\"Automechanika 2024 confirma bom momento do setor - Jornal das Oficinas\",\"isPartOf\":{\"@id\":\"https:\\\/\\\/jornaldasoficinas.com\\\/pt\\\/#website\"},\"primaryImageOfPage\":{\"@id\":\"https:\\\/\\\/jornaldasoficinas.com\\\/pt\\\/automechanika-2024-confirma-bom-momento-do-setor\\\/#primaryimage\"},\"image\":{\"@id\":\"https:\\\/\\\/jornaldasoficinas.com\\\/pt\\\/automechanika-2024-confirma-bom-momento-do-setor\\\/#primaryimage\"},\"thumbnailUrl\":\"https:\\\/\\\/jornaldasoficinas.com\\\/pt\\\/wp-content\\\/uploads\\\/2024\\\/09\\\/foto-noticia-Automechanika.jpg\",\"datePublished\":\"2024-09-15T21:00:42+00:00\",\"description\":\"A maior feira de Aftermaket voltou em for\u00e7a este ano aos pavilh\u00f5es da Messe Frankfurt, confirmando o bom momento que o setor atravessa\",\"breadcrumb\":{\"@id\":\"https:\\\/\\\/jornaldasoficinas.com\\\/pt\\\/automechanika-2024-confirma-bom-momento-do-setor\\\/#breadcrumb\"},\"inLanguage\":\"pt-PT\",\"potentialAction\":[{\"@type\":\"ReadAction\",\"target\":[\"https:\\\/\\\/jornaldasoficinas.com\\\/pt\\\/automechanika-2024-confirma-bom-momento-do-setor\\\/\"]}]},{\"@type\":\"ImageObject\",\"inLanguage\":\"pt-PT\",\"@id\":\"https:\\\/\\\/jornaldasoficinas.com\\\/pt\\\/automechanika-2024-confirma-bom-momento-do-setor\\\/#primaryimage\",\"url\":\"https:\\\/\\\/jornaldasoficinas.com\\\/pt\\\/wp-content\\\/uploads\\\/2024\\\/09\\\/foto-noticia-Automechanika.jpg\",\"contentUrl\":\"https:\\\/\\\/jornaldasoficinas.com\\\/pt\\\/wp-content\\\/uploads\\\/2024\\\/09\\\/foto-noticia-Automechanika.jpg\",\"width\":1024,\"height\":581,\"caption\":\"09 - foto noticia Automechanika\"},{\"@type\":\"BreadcrumbList\",\"@id\":\"https:\\\/\\\/jornaldasoficinas.com\\\/pt\\\/automechanika-2024-confirma-bom-momento-do-setor\\\/#breadcrumb\",\"itemListElement\":[{\"@type\":\"ListItem\",\"position\":1,\"name\":\"In\u00edcio\",\"item\":\"https:\\\/\\\/jornaldasoficinas.com\\\/pt\\\/\"},{\"@type\":\"ListItem\",\"position\":2,\"name\":\"Automechanika 2024 confirma bom momento do setor\"}]},{\"@type\":\"WebSite\",\"@id\":\"https:\\\/\\\/jornaldasoficinas.com\\\/pt\\\/#website\",\"url\":\"https:\\\/\\\/jornaldasoficinas.com\\\/pt\\\/\",\"name\":\"Jornal das Oficinas\",\"description\":\"Jornal independente do Aftermarket Autom\u00f3vel em Portugal\",\"publisher\":{\"@id\":\"https:\\\/\\\/jornaldasoficinas.com\\\/pt\\\/#organization\"},\"potentialAction\":[{\"@type\":\"SearchAction\",\"target\":{\"@type\":\"EntryPoint\",\"urlTemplate\":\"https:\\\/\\\/jornaldasoficinas.com\\\/pt\\\/?s={search_term_string}\"},\"query-input\":{\"@type\":\"PropertyValueSpecification\",\"valueRequired\":true,\"valueName\":\"search_term_string\"}}],\"inLanguage\":\"pt-PT\"},{\"@type\":\"Organization\",\"@id\":\"https:\\\/\\\/jornaldasoficinas.com\\\/pt\\\/#organization\",\"name\":\"Jornal das Oficinas\",\"url\":\"https:\\\/\\\/jornaldasoficinas.com\\\/pt\\\/\",\"logo\":{\"@type\":\"ImageObject\",\"inLanguage\":\"pt-PT\",\"@id\":\"https:\\\/\\\/jornaldasoficinas.com\\\/pt\\\/#\\\/schema\\\/logo\\\/image\\\/\",\"url\":\"https:\\\/\\\/jornaldasoficinas.com\\\/pt\\\/wp-content\\\/uploads\\\/logoJO-SEO.png\",\"contentUrl\":\"https:\\\/\\\/jornaldasoficinas.com\\\/pt\\\/wp-content\\\/uploads\\\/logoJO-SEO.png\",\"width\":285,\"height\":450,\"caption\":\"Jornal das Oficinas\"},\"image\":{\"@id\":\"https:\\\/\\\/jornaldasoficinas.com\\\/pt\\\/#\\\/schema\\\/logo\\\/image\\\/\"},\"sameAs\":[\"https:\\\/\\\/www.facebook.com\\\/jornaloficinas\",\"https:\\\/\\\/x.com\\\/jornaloficinas\",\"https:\\\/\\\/www.instagram.com\\\/jornal_oficinas\\\/\",\"https:\\\/\\\/www.linkedin.com\\\/company\\\/jornal-das-oficinas\\\/\",\"https:\\\/\\\/www.youtube.com\\\/channel\\\/UCbQZBqtcvV-oSQrr7RzINGg\"]},{\"@type\":\"Person\",\"@id\":\"https:\\\/\\\/jornaldasoficinas.com\\\/pt\\\/#\\\/schema\\\/person\\\/a38eef5de2c41d9e7c9ac10141afddf3\",\"name\":\"Reda\u00e7\u00e3o JO\",\"image\":{\"@type\":\"ImageObject\",\"inLanguage\":\"pt-PT\",\"@id\":\"https:\\\/\\\/secure.gravatar.com\\\/avatar\\\/71f2fa71737ad68a84fea94bc708ddac8ea5b0c4788dc2ad202f3ccb2887742f?s=96&d=wp_user_avatar&r=g\",\"url\":\"https:\\\/\\\/secure.gravatar.com\\\/avatar\\\/71f2fa71737ad68a84fea94bc708ddac8ea5b0c4788dc2ad202f3ccb2887742f?s=96&d=wp_user_avatar&r=g\",\"contentUrl\":\"https:\\\/\\\/secure.gravatar.com\\\/avatar\\\/71f2fa71737ad68a84fea94bc708ddac8ea5b0c4788dc2ad202f3ccb2887742f?s=96&d=wp_user_avatar&r=g\",\"caption\":\"Reda\u00e7\u00e3o JO\"},\"url\":\"https:\\\/\\\/jornaldasoficinas.com\\\/pt\\\/author\\\/joredacao\\\/\"}]}<\/script>\n<!-- \/ Yoast SEO plugin. -->","yoast_head_json":{"title":"Automechanika 2024 confirma bom momento do setor - Jornal das Oficinas","description":"A maior feira de Aftermaket voltou em for\u00e7a este ano aos pavilh\u00f5es da Messe Frankfurt, confirmando o bom momento que o setor atravessa","robots":{"index":"index","follow":"follow","max-snippet":"max-snippet:-1","max-image-preview":"max-image-preview:large","max-video-preview":"max-video-preview:-1"},"canonical":"https:\/\/jornaldasoficinas.com\/pt\/automechanika-2024-confirma-bom-momento-do-setor\/","og_locale":"pt_PT","og_type":"article","og_title":"Automechanika 2024 confirma bom momento do setor - Jornal das Oficinas","og_description":"A maior feira de Aftermaket voltou em for\u00e7a este ano aos pavilh\u00f5es da Messe Frankfurt, confirmando o bom momento que o setor atravessa","og_url":"https:\/\/jornaldasoficinas.com\/pt\/automechanika-2024-confirma-bom-momento-do-setor\/","og_site_name":"Jornal das Oficinas","article_publisher":"https:\/\/www.facebook.com\/jornaloficinas","article_published_time":"2024-09-15T21:00:42+00:00","og_image":[{"width":1024,"height":581,"url":"https:\/\/jornaldasoficinas.com\/pt\/wp-content\/uploads\/2024\/09\/foto-noticia-Automechanika.jpg","type":"image\/jpeg"}],"author":"Reda\u00e7\u00e3o JO","twitter_card":"summary_large_image","twitter_creator":"@jornaloficinas","twitter_site":"@jornaloficinas","twitter_misc":{"Escrito por":"Reda\u00e7\u00e3o JO","Tempo estimado de leitura":"5 minutos"},"schema":{"@context":"https:\/\/schema.org","@graph":[{"@type":"Article","@id":"https:\/\/jornaldasoficinas.com\/pt\/automechanika-2024-confirma-bom-momento-do-setor\/#article","isPartOf":{"@id":"https:\/\/jornaldasoficinas.com\/pt\/automechanika-2024-confirma-bom-momento-do-setor\/"},"author":{"name":"Reda\u00e7\u00e3o JO","@id":"https:\/\/jornaldasoficinas.com\/pt\/#\/schema\/person\/a38eef5de2c41d9e7c9ac10141afddf3"},"headline":"Automechanika 2024 confirma bom momento do setor","datePublished":"2024-09-15T21:00:42+00:00","mainEntityOfPage":{"@id":"https:\/\/jornaldasoficinas.com\/pt\/automechanika-2024-confirma-bom-momento-do-setor\/"},"wordCount":802,"publisher":{"@id":"https:\/\/jornaldasoficinas.com\/pt\/#organization"},"image":{"@id":"https:\/\/jornaldasoficinas.com\/pt\/automechanika-2024-confirma-bom-momento-do-setor\/#primaryimage"},"thumbnailUrl":"https:\/\/jornaldasoficinas.com\/pt\/wp-content\/uploads\/2024\/09\/foto-noticia-Automechanika.jpg","keywords":["\u201cDriving Transformation\u201d","Automechanika","Expositores","feedback positivo","frankfurt","Innovation4Mobility","mobilidade do futuro","Olaf Mu\u00dfhoff","visitantes"],"articleSection":["Automechanika","Empresas"],"inLanguage":"pt-PT"},{"@type":"WebPage","@id":"https:\/\/jornaldasoficinas.com\/pt\/automechanika-2024-confirma-bom-momento-do-setor\/","url":"https:\/\/jornaldasoficinas.com\/pt\/automechanika-2024-confirma-bom-momento-do-setor\/","name":"Automechanika 2024 confirma bom momento do setor - Jornal das Oficinas","isPartOf":{"@id":"https:\/\/jornaldasoficinas.com\/pt\/#website"},"primaryImageOfPage":{"@id":"https:\/\/jornaldasoficinas.com\/pt\/automechanika-2024-confirma-bom-momento-do-setor\/#primaryimage"},"image":{"@id":"https:\/\/jornaldasoficinas.com\/pt\/automechanika-2024-confirma-bom-momento-do-setor\/#primaryimage"},"thumbnailUrl":"https:\/\/jornaldasoficinas.com\/pt\/wp-content\/uploads\/2024\/09\/foto-noticia-Automechanika.jpg","datePublished":"2024-09-15T21:00:42+00:00","description":"A maior feira de Aftermaket voltou em for\u00e7a este ano aos pavilh\u00f5es da Messe Frankfurt, confirmando o bom momento que o setor atravessa","breadcrumb":{"@id":"https:\/\/jornaldasoficinas.com\/pt\/automechanika-2024-confirma-bom-momento-do-setor\/#breadcrumb"},"inLanguage":"pt-PT","potentialAction":[{"@type":"ReadAction","target":["https:\/\/jornaldasoficinas.com\/pt\/automechanika-2024-confirma-bom-momento-do-setor\/"]}]},{"@type":"ImageObject","inLanguage":"pt-PT","@id":"https:\/\/jornaldasoficinas.com\/pt\/automechanika-2024-confirma-bom-momento-do-setor\/#primaryimage","url":"https:\/\/jornaldasoficinas.com\/pt\/wp-content\/uploads\/2024\/09\/foto-noticia-Automechanika.jpg","contentUrl":"https:\/\/jornaldasoficinas.com\/pt\/wp-content\/uploads\/2024\/09\/foto-noticia-Automechanika.jpg","width":1024,"height":581,"caption":"09 - foto noticia Automechanika"},{"@type":"BreadcrumbList","@id":"https:\/\/jornaldasoficinas.com\/pt\/automechanika-2024-confirma-bom-momento-do-setor\/#breadcrumb","itemListElement":[{"@type":"ListItem","position":1,"name":"In\u00edcio","item":"https:\/\/jornaldasoficinas.com\/pt\/"},{"@type":"ListItem","position":2,"name":"Automechanika 2024 confirma bom momento do setor"}]},{"@type":"WebSite","@id":"https:\/\/jornaldasoficinas.com\/pt\/#website","url":"https:\/\/jornaldasoficinas.com\/pt\/","name":"Jornal das Oficinas","description":"Jornal independente do Aftermarket Autom\u00f3vel em Portugal","publisher":{"@id":"https:\/\/jornaldasoficinas.com\/pt\/#organization"},"potentialAction":[{"@type":"SearchAction","target":{"@type":"EntryPoint","urlTemplate":"https:\/\/jornaldasoficinas.com\/pt\/?s={search_term_string}"},"query-input":{"@type":"PropertyValueSpecification","valueRequired":true,"valueName":"search_term_string"}}],"inLanguage":"pt-PT"},{"@type":"Organization","@id":"https:\/\/jornaldasoficinas.com\/pt\/#organization","name":"Jornal das Oficinas","url":"https:\/\/jornaldasoficinas.com\/pt\/","logo":{"@type":"ImageObject","inLanguage":"pt-PT","@id":"https:\/\/jornaldasoficinas.com\/pt\/#\/schema\/logo\/image\/","url":"https:\/\/jornaldasoficinas.com\/pt\/wp-content\/uploads\/logoJO-SEO.png","contentUrl":"https:\/\/jornaldasoficinas.com\/pt\/wp-content\/uploads\/logoJO-SEO.png","width":285,"height":450,"caption":"Jornal das Oficinas"},"image":{"@id":"https:\/\/jornaldasoficinas.com\/pt\/#\/schema\/logo\/image\/"},"sameAs":["https:\/\/www.facebook.com\/jornaloficinas","https:\/\/x.com\/jornaloficinas","https:\/\/www.instagram.com\/jornal_oficinas\/","https:\/\/www.linkedin.com\/company\/jornal-das-oficinas\/","https:\/\/www.youtube.com\/channel\/UCbQZBqtcvV-oSQrr7RzINGg"]},{"@type":"Person","@id":"https:\/\/jornaldasoficinas.com\/pt\/#\/schema\/person\/a38eef5de2c41d9e7c9ac10141afddf3","name":"Reda\u00e7\u00e3o JO","image":{"@type":"ImageObject","inLanguage":"pt-PT","@id":"https:\/\/secure.gravatar.com\/avatar\/71f2fa71737ad68a84fea94bc708ddac8ea5b0c4788dc2ad202f3ccb2887742f?s=96&d=wp_user_avatar&r=g","url":"https:\/\/secure.gravatar.com\/avatar\/71f2fa71737ad68a84fea94bc708ddac8ea5b0c4788dc2ad202f3ccb2887742f?s=96&d=wp_user_avatar&r=g","contentUrl":"https:\/\/secure.gravatar.com\/avatar\/71f2fa71737ad68a84fea94bc708ddac8ea5b0c4788dc2ad202f3ccb2887742f?s=96&d=wp_user_avatar&r=g","caption":"Reda\u00e7\u00e3o JO"},"url":"https:\/\/jornaldasoficinas.com\/pt\/author\/joredacao\/"}]}},"_links":{"self":[{"href":"https:\/\/jornaldasoficinas.com\/pt\/wp-json\/wp\/v2\/posts\/91084","targetHints":{"allow":["GET"]}}],"collection":[{"href":"https:\/\/jornaldasoficinas.com\/pt\/wp-json\/wp\/v2\/posts"}],"about":[{"href":"https:\/\/jornaldasoficinas.com\/pt\/wp-json\/wp\/v2\/types\/post"}],"author":[{"embeddable":true,"href":"https:\/\/jornaldasoficinas.com\/pt\/wp-json\/wp\/v2\/users\/15"}],"replies":[{"embeddable":true,"href":"https:\/\/jornaldasoficinas.com\/pt\/wp-json\/wp\/v2\/comments?post=91084"}],"version-history":[{"count":0,"href":"https:\/\/jornaldasoficinas.com\/pt\/wp-json\/wp\/v2\/posts\/91084\/revisions"}],"wp:featuredmedia":[{"embeddable":true,"href":"https:\/\/jornaldasoficinas.com\/pt\/wp-json\/wp\/v2\/media\/91085"}],"wp:attachment":[{"href":"https:\/\/jornaldasoficinas.com\/pt\/wp-json\/wp\/v2\/media?parent=91084"}],"wp:term":[{"taxonomy":"category","embeddable":true,"href":"https:\/\/jornaldasoficinas.com\/pt\/wp-json\/wp\/v2\/categories?post=91084"},{"taxonomy":"post_tag","embeddable":true,"href":"https:\/\/jornaldasoficinas.com\/pt\/wp-json\/wp\/v2\/tags?post=91084"}],"curies":[{"name":"wp","href":"https:\/\/api.w.org\/{rel}","templated":true}]}}