{"id":91209,"date":"2024-09-17T14:00:16","date_gmt":"2024-09-17T13:00:16","guid":{"rendered":"https:\/\/jornaldasoficinas.com\/pt\/?p=91209"},"modified":"2024-09-17T10:57:27","modified_gmt":"2024-09-17T09:57:27","slug":"infopro-digital-automotive-adiciona-funcionalidades-ao-atelio-data","status":"publish","type":"post","link":"https:\/\/jornaldasoficinas.com\/pt\/infopro-digital-automotive-adiciona-funcionalidades-ao-atelio-data\/","title":{"rendered":"Infopro Digital Automotive adiciona funcionalidades ao Atelio Data"},"content":{"rendered":"<p><strong><img loading=\"lazy\" decoding=\"async\" class=\"alignnone size-full wp-image-91217\" src=\"https:\/\/jornaldasoficinas.com\/pt\/wp-content\/uploads\/2024\/09\/Infopro-Digital-Automotive-adiciona-funcionalidades-ao-Atelio-Data.jpg\" alt=\"09 - Infopro Digital Automotive adiciona funcionalidades ao Atelio Data\" width=\"1024\" height=\"581\" srcset=\"https:\/\/jornaldasoficinas.com\/pt\/wp-content\/uploads\/2024\/09\/Infopro-Digital-Automotive-adiciona-funcionalidades-ao-Atelio-Data.jpg 1024w, https:\/\/jornaldasoficinas.com\/pt\/wp-content\/uploads\/2024\/09\/Infopro-Digital-Automotive-adiciona-funcionalidades-ao-Atelio-Data-300x170.jpg 300w, https:\/\/jornaldasoficinas.com\/pt\/wp-content\/uploads\/2024\/09\/Infopro-Digital-Automotive-adiciona-funcionalidades-ao-Atelio-Data-150x85.jpg 150w, https:\/\/jornaldasoficinas.com\/pt\/wp-content\/uploads\/2024\/09\/Infopro-Digital-Automotive-adiciona-funcionalidades-ao-Atelio-Data-768x436.jpg 768w\" sizes=\"auto, (max-width: 1024px) 100vw, 1024px\" \/><\/strong><\/p>\n<p><strong>A <a href=\"https:\/\/www.infopro-digital-automotive.pt\/\" target=\"_blank\" rel=\"noopener\">Infopro Digital Automotive<\/a> acaba de lan\u00e7ar uma vers\u00e3o aprimorada do <a href=\"https:\/\/ateliodata.infopro-digital-automotive.com\/\" target=\"_blank\" rel=\"noopener\">Atelio Data<\/a>, concebida para aumentar a efici\u00eancia nas oficinas<\/strong><\/p>\n<p>A Infopro Digital Automotive, fornecedora global de solu\u00e7\u00f5es de dados e software para o mercado de reposi\u00e7\u00e3o autom\u00f3vel, acaba de anunciar o lan\u00e7amento da nova e melhorada vers\u00e3o do Atelio Data, o seu principal software dedicado a repara\u00e7\u00f5es e \u00e0 manuten\u00e7\u00e3o para as oficinas.<\/p>\n<p>&#8220;O Atelio Data tem sido uma ferramenta vital para oficinas, oferecendo solu\u00e7\u00f5es de m\u00e9todos e dados online que atendem \u00e0s necessidades operacionais di\u00e1rias. O software permite a obten\u00e7\u00e3o r\u00e1pida de dados, melhorando significativamente a produtividade da oficina&#8221;, assegurou a empresa.<\/p>\n<p>Mas n\u00e3o s\u00f3. Fornece tamb\u00e9m &#8220;a identifica\u00e7\u00e3o precisa e ilimitada de ve\u00edculos (at\u00e9 90 crit\u00e9rios), apoio documental totalmente integrado, manuais de repara\u00e7\u00e3o baseados em tarefas, um poderoso motor de busca e um hist\u00f3rico completo de pesquisas por ve\u00edculo e tarefas de manuten\u00e7\u00e3o realizadas&#8221;, acrescentou.<\/p>\n<p>Com uma cobertura de 99% dos ve\u00edculos em circula\u00e7\u00e3o, abrangendo 77 marcas, o Atelio Data assegura que os t\u00e9cnicos conseguem aceder \u00e0s informa\u00e7\u00f5es que precisam, independentemente da marca ou modelo do ve\u00edculo. Com mais de 500.000 diagramas de liga\u00e7\u00f5es e mais de 3 milh\u00f5es de manuais de repara\u00e7\u00e3o na ponta dos dedos, &#8220;as oficinas podem enfrentar qualquer repara\u00e7\u00e3o com confian\u00e7a e velocidade&#8221;, garantiu.<\/p>\n<p>&#8220;O m\u00f3dulo de diagn\u00f3stico guiado apoia ainda mais de 5.000 componentes, assegurando que os reparadores t\u00eam os dados necess\u00e1rios para uma resolu\u00e7\u00e3o de problemas precisa&#8221;, sublinhou.<\/p>\n<p>Com o crescimento continuado do n\u00famero de marcas e modelos dos autom\u00f3veis, o desafio para aceder a dados relevantes torna-se cada vez mais importante. A nova vers\u00e3o do Atelio Data introduz melhorias substanciais, tornando mais f\u00e1cil \u00e0s oficinas aceder rapidamente aos dados dos ve\u00edculos.<\/p>\n<p>Esta atualiza\u00e7\u00e3o permite \u00e0s oficinas melhorar o desempenho com diagn\u00f3sticos mais r\u00e1pidos, simplicar os processos de repara\u00e7\u00e3o para obter uma resposta mais r\u00e1pida e utilizar dados OEM para uma precis\u00e3o e fiabilidade aperfei\u00e7oadas.<\/p>\n<p>As novas funcionalidades e aperfei\u00e7oamentos incluem um software responsivo e personaliz\u00e1vel, criado \u00e0 medida para iniciantes e especialistas de forma a ser mais f\u00e1cil de utilizar. Apoio documental a pedido, com acesso imediato a documenta\u00e7\u00e3o, especialmente para pesquisas e dados incomuns. Um motor de busca de elevada performance, onde os dados se encontram organizados de modo eficiente para uma obten\u00e7\u00e3o mais r\u00e1pida e mais efetiva de resultados. Integra\u00e7\u00e3o de refer\u00eancias de pe\u00e7as OEM, mecanismo avan\u00e7ado de feedback do utilizador e identifica\u00e7\u00e3o do ve\u00edculo de forma mais precisa e ilimitada.<\/p>\n<p>Al\u00e9m disso, tamb\u00e9m oferece uma plataforma de diagn\u00f3stico com um assistente dispon\u00edvel para procedimentos de diagn\u00f3stico e conte\u00fado el\u00e9tronico exclusivo, como diagramas de liga\u00e7\u00f5es, localiza\u00e7\u00f5es de componentes, fus\u00edveis e rel\u00e9s.<\/p>\n<p>&#8220;A nova vers\u00e3o do Atelio Data foi concebida para lidar com as crescentes necessidades do mercado de reposi\u00e7\u00e3o autom\u00f3vel, equipando as oficinas com as ferramentas de que precisam para aumentar a produtividade, minimizar os tempos de paragem, e melhorar a qualidade geral do servi\u00e7o&#8221;, refor\u00e7ou.<\/p>\n<p>&#8220;A Infopro Digital Automotive continua a investir na evolu\u00e7\u00e3o do Atelio Data, com planos para funcionalidades acrescidas e cobertura aumentada de dados em futuras atualiza\u00e7\u00f5es, assegurando que as oficinas continuam equipadas para enfrentar as exig\u00eancias da ind\u00fastria autom\u00f3vel em r\u00e1pida e constante mudan\u00e7a&#8221;, concluiu.<\/p>\n","protected":false},"excerpt":{"rendered":"<p>A Infopro Digital Automotive acaba de&#8230;<\/p>\n","protected":false},"author":15,"featured_media":91217,"comment_status":"closed","ping_status":"closed","sticky":false,"template":"","format":"standard","meta":{"footnotes":""},"categories":[29],"tags":[6425,2690,10617,7294,386,10616],"class_list":["post-91209","post","type-post","status-publish","format-standard","has-post-thumbnail","hentry","category-empresas","tag-atelio-data","tag-infopro-digital-automotive","tag-necessidades-operacionais","tag-novas-funcionalidades","tag-oficinas","tag-versao-aprimorada"],"yoast_head":"<!-- This site is optimized with the Yoast SEO plugin v27.5 - https:\/\/yoast.com\/product\/yoast-seo-wordpress\/ -->\n<title>Infopro Digital Automotive adiciona funcionalidades ao Atelio Data - Jornal das Oficinas<\/title>\n<meta name=\"description\" content=\"A Infopro Digital Automotive acaba de lan\u00e7ar uma vers\u00e3o aprimorada do Atelio Data, concebida para aumentar a efici\u00eancia nas oficinas\" \/>\n<meta name=\"robots\" content=\"index, follow, max-snippet:-1, max-image-preview:large, max-video-preview:-1\" \/>\n<link rel=\"canonical\" href=\"https:\/\/jornaldasoficinas.com\/pt\/infopro-digital-automotive-adiciona-funcionalidades-ao-atelio-data\/\" \/>\n<meta property=\"og:locale\" content=\"pt_PT\" \/>\n<meta property=\"og:type\" content=\"article\" \/>\n<meta property=\"og:title\" content=\"Infopro Digital Automotive adiciona funcionalidades ao Atelio Data - Jornal das Oficinas\" \/>\n<meta property=\"og:description\" content=\"A Infopro Digital Automotive acaba de lan\u00e7ar uma vers\u00e3o aprimorada do Atelio Data, concebida para aumentar a efici\u00eancia nas oficinas\" \/>\n<meta property=\"og:url\" content=\"https:\/\/jornaldasoficinas.com\/pt\/infopro-digital-automotive-adiciona-funcionalidades-ao-atelio-data\/\" \/>\n<meta property=\"og:site_name\" content=\"Jornal das Oficinas\" \/>\n<meta property=\"article:publisher\" content=\"https:\/\/www.facebook.com\/jornaloficinas\" \/>\n<meta property=\"article:published_time\" content=\"2024-09-17T13:00:16+00:00\" \/>\n<meta property=\"og:image\" content=\"https:\/\/jornaldasoficinas.com\/pt\/wp-content\/uploads\/2024\/09\/Infopro-Digital-Automotive-adiciona-funcionalidades-ao-Atelio-Data.jpg\" \/>\n\t<meta property=\"og:image:width\" content=\"1024\" \/>\n\t<meta property=\"og:image:height\" content=\"581\" \/>\n\t<meta property=\"og:image:type\" content=\"image\/jpeg\" \/>\n<meta name=\"author\" content=\"Reda\u00e7\u00e3o JO\" \/>\n<meta name=\"twitter:card\" content=\"summary_large_image\" \/>\n<meta name=\"twitter:creator\" content=\"@jornaloficinas\" \/>\n<meta name=\"twitter:site\" content=\"@jornaloficinas\" \/>\n<meta name=\"twitter:label1\" content=\"Escrito por\" \/>\n\t<meta name=\"twitter:data1\" content=\"Reda\u00e7\u00e3o JO\" \/>\n\t<meta name=\"twitter:label2\" content=\"Tempo estimado de leitura\" \/>\n\t<meta name=\"twitter:data2\" content=\"4 minutos\" \/>\n<script type=\"application\/ld+json\" class=\"yoast-schema-graph\">{\"@context\":\"https:\\\/\\\/schema.org\",\"@graph\":[{\"@type\":\"Article\",\"@id\":\"https:\\\/\\\/jornaldasoficinas.com\\\/pt\\\/infopro-digital-automotive-adiciona-funcionalidades-ao-atelio-data\\\/#article\",\"isPartOf\":{\"@id\":\"https:\\\/\\\/jornaldasoficinas.com\\\/pt\\\/infopro-digital-automotive-adiciona-funcionalidades-ao-atelio-data\\\/\"},\"author\":{\"name\":\"Reda\u00e7\u00e3o JO\",\"@id\":\"https:\\\/\\\/jornaldasoficinas.com\\\/pt\\\/#\\\/schema\\\/person\\\/a38eef5de2c41d9e7c9ac10141afddf3\"},\"headline\":\"Infopro Digital Automotive adiciona funcionalidades ao Atelio Data\",\"datePublished\":\"2024-09-17T13:00:16+00:00\",\"mainEntityOfPage\":{\"@id\":\"https:\\\/\\\/jornaldasoficinas.com\\\/pt\\\/infopro-digital-automotive-adiciona-funcionalidades-ao-atelio-data\\\/\"},\"wordCount\":608,\"publisher\":{\"@id\":\"https:\\\/\\\/jornaldasoficinas.com\\\/pt\\\/#organization\"},\"image\":{\"@id\":\"https:\\\/\\\/jornaldasoficinas.com\\\/pt\\\/infopro-digital-automotive-adiciona-funcionalidades-ao-atelio-data\\\/#primaryimage\"},\"thumbnailUrl\":\"https:\\\/\\\/jornaldasoficinas.com\\\/pt\\\/wp-content\\\/uploads\\\/2024\\\/09\\\/Infopro-Digital-Automotive-adiciona-funcionalidades-ao-Atelio-Data.jpg\",\"keywords\":[\"Atelio Data\",\"Infopro Digital Automotive\",\"necessidades operacionais\",\"novas funcionalidades\",\"Oficinas\",\"vers\u00e3o aprimorada\"],\"articleSection\":[\"Empresas\"],\"inLanguage\":\"pt-PT\"},{\"@type\":\"WebPage\",\"@id\":\"https:\\\/\\\/jornaldasoficinas.com\\\/pt\\\/infopro-digital-automotive-adiciona-funcionalidades-ao-atelio-data\\\/\",\"url\":\"https:\\\/\\\/jornaldasoficinas.com\\\/pt\\\/infopro-digital-automotive-adiciona-funcionalidades-ao-atelio-data\\\/\",\"name\":\"Infopro Digital Automotive adiciona funcionalidades ao Atelio Data - Jornal das Oficinas\",\"isPartOf\":{\"@id\":\"https:\\\/\\\/jornaldasoficinas.com\\\/pt\\\/#website\"},\"primaryImageOfPage\":{\"@id\":\"https:\\\/\\\/jornaldasoficinas.com\\\/pt\\\/infopro-digital-automotive-adiciona-funcionalidades-ao-atelio-data\\\/#primaryimage\"},\"image\":{\"@id\":\"https:\\\/\\\/jornaldasoficinas.com\\\/pt\\\/infopro-digital-automotive-adiciona-funcionalidades-ao-atelio-data\\\/#primaryimage\"},\"thumbnailUrl\":\"https:\\\/\\\/jornaldasoficinas.com\\\/pt\\\/wp-content\\\/uploads\\\/2024\\\/09\\\/Infopro-Digital-Automotive-adiciona-funcionalidades-ao-Atelio-Data.jpg\",\"datePublished\":\"2024-09-17T13:00:16+00:00\",\"description\":\"A Infopro Digital Automotive acaba de lan\u00e7ar uma vers\u00e3o aprimorada do Atelio Data, concebida para aumentar a efici\u00eancia nas oficinas\",\"breadcrumb\":{\"@id\":\"https:\\\/\\\/jornaldasoficinas.com\\\/pt\\\/infopro-digital-automotive-adiciona-funcionalidades-ao-atelio-data\\\/#breadcrumb\"},\"inLanguage\":\"pt-PT\",\"potentialAction\":[{\"@type\":\"ReadAction\",\"target\":[\"https:\\\/\\\/jornaldasoficinas.com\\\/pt\\\/infopro-digital-automotive-adiciona-funcionalidades-ao-atelio-data\\\/\"]}]},{\"@type\":\"ImageObject\",\"inLanguage\":\"pt-PT\",\"@id\":\"https:\\\/\\\/jornaldasoficinas.com\\\/pt\\\/infopro-digital-automotive-adiciona-funcionalidades-ao-atelio-data\\\/#primaryimage\",\"url\":\"https:\\\/\\\/jornaldasoficinas.com\\\/pt\\\/wp-content\\\/uploads\\\/2024\\\/09\\\/Infopro-Digital-Automotive-adiciona-funcionalidades-ao-Atelio-Data.jpg\",\"contentUrl\":\"https:\\\/\\\/jornaldasoficinas.com\\\/pt\\\/wp-content\\\/uploads\\\/2024\\\/09\\\/Infopro-Digital-Automotive-adiciona-funcionalidades-ao-Atelio-Data.jpg\",\"width\":1024,\"height\":581,\"caption\":\"09 - Infopro Digital Automotive adiciona funcionalidades ao Atelio Data\"},{\"@type\":\"BreadcrumbList\",\"@id\":\"https:\\\/\\\/jornaldasoficinas.com\\\/pt\\\/infopro-digital-automotive-adiciona-funcionalidades-ao-atelio-data\\\/#breadcrumb\",\"itemListElement\":[{\"@type\":\"ListItem\",\"position\":1,\"name\":\"In\u00edcio\",\"item\":\"https:\\\/\\\/jornaldasoficinas.com\\\/pt\\\/\"},{\"@type\":\"ListItem\",\"position\":2,\"name\":\"Infopro Digital Automotive adiciona funcionalidades ao Atelio Data\"}]},{\"@type\":\"WebSite\",\"@id\":\"https:\\\/\\\/jornaldasoficinas.com\\\/pt\\\/#website\",\"url\":\"https:\\\/\\\/jornaldasoficinas.com\\\/pt\\\/\",\"name\":\"Jornal das Oficinas\",\"description\":\"Jornal independente do Aftermarket Autom\u00f3vel em Portugal\",\"publisher\":{\"@id\":\"https:\\\/\\\/jornaldasoficinas.com\\\/pt\\\/#organization\"},\"potentialAction\":[{\"@type\":\"SearchAction\",\"target\":{\"@type\":\"EntryPoint\",\"urlTemplate\":\"https:\\\/\\\/jornaldasoficinas.com\\\/pt\\\/?s={search_term_string}\"},\"query-input\":{\"@type\":\"PropertyValueSpecification\",\"valueRequired\":true,\"valueName\":\"search_term_string\"}}],\"inLanguage\":\"pt-PT\"},{\"@type\":\"Organization\",\"@id\":\"https:\\\/\\\/jornaldasoficinas.com\\\/pt\\\/#organization\",\"name\":\"Jornal das Oficinas\",\"url\":\"https:\\\/\\\/jornaldasoficinas.com\\\/pt\\\/\",\"logo\":{\"@type\":\"ImageObject\",\"inLanguage\":\"pt-PT\",\"@id\":\"https:\\\/\\\/jornaldasoficinas.com\\\/pt\\\/#\\\/schema\\\/logo\\\/image\\\/\",\"url\":\"https:\\\/\\\/jornaldasoficinas.com\\\/pt\\\/wp-content\\\/uploads\\\/logoJO-SEO.png\",\"contentUrl\":\"https:\\\/\\\/jornaldasoficinas.com\\\/pt\\\/wp-content\\\/uploads\\\/logoJO-SEO.png\",\"width\":285,\"height\":450,\"caption\":\"Jornal das Oficinas\"},\"image\":{\"@id\":\"https:\\\/\\\/jornaldasoficinas.com\\\/pt\\\/#\\\/schema\\\/logo\\\/image\\\/\"},\"sameAs\":[\"https:\\\/\\\/www.facebook.com\\\/jornaloficinas\",\"https:\\\/\\\/x.com\\\/jornaloficinas\",\"https:\\\/\\\/www.instagram.com\\\/jornal_oficinas\\\/\",\"https:\\\/\\\/www.linkedin.com\\\/company\\\/jornal-das-oficinas\\\/\",\"https:\\\/\\\/www.youtube.com\\\/channel\\\/UCbQZBqtcvV-oSQrr7RzINGg\"]},{\"@type\":\"Person\",\"@id\":\"https:\\\/\\\/jornaldasoficinas.com\\\/pt\\\/#\\\/schema\\\/person\\\/a38eef5de2c41d9e7c9ac10141afddf3\",\"name\":\"Reda\u00e7\u00e3o JO\",\"image\":{\"@type\":\"ImageObject\",\"inLanguage\":\"pt-PT\",\"@id\":\"https:\\\/\\\/secure.gravatar.com\\\/avatar\\\/71f2fa71737ad68a84fea94bc708ddac8ea5b0c4788dc2ad202f3ccb2887742f?s=96&d=wp_user_avatar&r=g\",\"url\":\"https:\\\/\\\/secure.gravatar.com\\\/avatar\\\/71f2fa71737ad68a84fea94bc708ddac8ea5b0c4788dc2ad202f3ccb2887742f?s=96&d=wp_user_avatar&r=g\",\"contentUrl\":\"https:\\\/\\\/secure.gravatar.com\\\/avatar\\\/71f2fa71737ad68a84fea94bc708ddac8ea5b0c4788dc2ad202f3ccb2887742f?s=96&d=wp_user_avatar&r=g\",\"caption\":\"Reda\u00e7\u00e3o JO\"},\"url\":\"https:\\\/\\\/jornaldasoficinas.com\\\/pt\\\/author\\\/joredacao\\\/\"}]}<\/script>\n<!-- \/ Yoast SEO plugin. -->","yoast_head_json":{"title":"Infopro Digital Automotive adiciona funcionalidades ao Atelio Data - Jornal das Oficinas","description":"A Infopro Digital Automotive acaba de lan\u00e7ar uma vers\u00e3o aprimorada do Atelio Data, concebida para aumentar a efici\u00eancia nas oficinas","robots":{"index":"index","follow":"follow","max-snippet":"max-snippet:-1","max-image-preview":"max-image-preview:large","max-video-preview":"max-video-preview:-1"},"canonical":"https:\/\/jornaldasoficinas.com\/pt\/infopro-digital-automotive-adiciona-funcionalidades-ao-atelio-data\/","og_locale":"pt_PT","og_type":"article","og_title":"Infopro Digital Automotive adiciona funcionalidades ao Atelio Data - Jornal das Oficinas","og_description":"A Infopro Digital Automotive acaba de lan\u00e7ar uma vers\u00e3o aprimorada do Atelio Data, concebida para aumentar a efici\u00eancia nas oficinas","og_url":"https:\/\/jornaldasoficinas.com\/pt\/infopro-digital-automotive-adiciona-funcionalidades-ao-atelio-data\/","og_site_name":"Jornal das Oficinas","article_publisher":"https:\/\/www.facebook.com\/jornaloficinas","article_published_time":"2024-09-17T13:00:16+00:00","og_image":[{"width":1024,"height":581,"url":"https:\/\/jornaldasoficinas.com\/pt\/wp-content\/uploads\/2024\/09\/Infopro-Digital-Automotive-adiciona-funcionalidades-ao-Atelio-Data.jpg","type":"image\/jpeg"}],"author":"Reda\u00e7\u00e3o JO","twitter_card":"summary_large_image","twitter_creator":"@jornaloficinas","twitter_site":"@jornaloficinas","twitter_misc":{"Escrito por":"Reda\u00e7\u00e3o JO","Tempo estimado de leitura":"4 minutos"},"schema":{"@context":"https:\/\/schema.org","@graph":[{"@type":"Article","@id":"https:\/\/jornaldasoficinas.com\/pt\/infopro-digital-automotive-adiciona-funcionalidades-ao-atelio-data\/#article","isPartOf":{"@id":"https:\/\/jornaldasoficinas.com\/pt\/infopro-digital-automotive-adiciona-funcionalidades-ao-atelio-data\/"},"author":{"name":"Reda\u00e7\u00e3o JO","@id":"https:\/\/jornaldasoficinas.com\/pt\/#\/schema\/person\/a38eef5de2c41d9e7c9ac10141afddf3"},"headline":"Infopro Digital Automotive adiciona funcionalidades ao Atelio Data","datePublished":"2024-09-17T13:00:16+00:00","mainEntityOfPage":{"@id":"https:\/\/jornaldasoficinas.com\/pt\/infopro-digital-automotive-adiciona-funcionalidades-ao-atelio-data\/"},"wordCount":608,"publisher":{"@id":"https:\/\/jornaldasoficinas.com\/pt\/#organization"},"image":{"@id":"https:\/\/jornaldasoficinas.com\/pt\/infopro-digital-automotive-adiciona-funcionalidades-ao-atelio-data\/#primaryimage"},"thumbnailUrl":"https:\/\/jornaldasoficinas.com\/pt\/wp-content\/uploads\/2024\/09\/Infopro-Digital-Automotive-adiciona-funcionalidades-ao-Atelio-Data.jpg","keywords":["Atelio Data","Infopro Digital Automotive","necessidades operacionais","novas funcionalidades","Oficinas","vers\u00e3o aprimorada"],"articleSection":["Empresas"],"inLanguage":"pt-PT"},{"@type":"WebPage","@id":"https:\/\/jornaldasoficinas.com\/pt\/infopro-digital-automotive-adiciona-funcionalidades-ao-atelio-data\/","url":"https:\/\/jornaldasoficinas.com\/pt\/infopro-digital-automotive-adiciona-funcionalidades-ao-atelio-data\/","name":"Infopro Digital Automotive adiciona funcionalidades ao Atelio Data - Jornal das Oficinas","isPartOf":{"@id":"https:\/\/jornaldasoficinas.com\/pt\/#website"},"primaryImageOfPage":{"@id":"https:\/\/jornaldasoficinas.com\/pt\/infopro-digital-automotive-adiciona-funcionalidades-ao-atelio-data\/#primaryimage"},"image":{"@id":"https:\/\/jornaldasoficinas.com\/pt\/infopro-digital-automotive-adiciona-funcionalidades-ao-atelio-data\/#primaryimage"},"thumbnailUrl":"https:\/\/jornaldasoficinas.com\/pt\/wp-content\/uploads\/2024\/09\/Infopro-Digital-Automotive-adiciona-funcionalidades-ao-Atelio-Data.jpg","datePublished":"2024-09-17T13:00:16+00:00","description":"A Infopro Digital Automotive acaba de lan\u00e7ar uma vers\u00e3o aprimorada do Atelio Data, concebida para aumentar a efici\u00eancia nas oficinas","breadcrumb":{"@id":"https:\/\/jornaldasoficinas.com\/pt\/infopro-digital-automotive-adiciona-funcionalidades-ao-atelio-data\/#breadcrumb"},"inLanguage":"pt-PT","potentialAction":[{"@type":"ReadAction","target":["https:\/\/jornaldasoficinas.com\/pt\/infopro-digital-automotive-adiciona-funcionalidades-ao-atelio-data\/"]}]},{"@type":"ImageObject","inLanguage":"pt-PT","@id":"https:\/\/jornaldasoficinas.com\/pt\/infopro-digital-automotive-adiciona-funcionalidades-ao-atelio-data\/#primaryimage","url":"https:\/\/jornaldasoficinas.com\/pt\/wp-content\/uploads\/2024\/09\/Infopro-Digital-Automotive-adiciona-funcionalidades-ao-Atelio-Data.jpg","contentUrl":"https:\/\/jornaldasoficinas.com\/pt\/wp-content\/uploads\/2024\/09\/Infopro-Digital-Automotive-adiciona-funcionalidades-ao-Atelio-Data.jpg","width":1024,"height":581,"caption":"09 - Infopro Digital Automotive adiciona funcionalidades ao Atelio Data"},{"@type":"BreadcrumbList","@id":"https:\/\/jornaldasoficinas.com\/pt\/infopro-digital-automotive-adiciona-funcionalidades-ao-atelio-data\/#breadcrumb","itemListElement":[{"@type":"ListItem","position":1,"name":"In\u00edcio","item":"https:\/\/jornaldasoficinas.com\/pt\/"},{"@type":"ListItem","position":2,"name":"Infopro Digital Automotive adiciona funcionalidades ao Atelio Data"}]},{"@type":"WebSite","@id":"https:\/\/jornaldasoficinas.com\/pt\/#website","url":"https:\/\/jornaldasoficinas.com\/pt\/","name":"Jornal das Oficinas","description":"Jornal independente do Aftermarket Autom\u00f3vel em Portugal","publisher":{"@id":"https:\/\/jornaldasoficinas.com\/pt\/#organization"},"potentialAction":[{"@type":"SearchAction","target":{"@type":"EntryPoint","urlTemplate":"https:\/\/jornaldasoficinas.com\/pt\/?s={search_term_string}"},"query-input":{"@type":"PropertyValueSpecification","valueRequired":true,"valueName":"search_term_string"}}],"inLanguage":"pt-PT"},{"@type":"Organization","@id":"https:\/\/jornaldasoficinas.com\/pt\/#organization","name":"Jornal das Oficinas","url":"https:\/\/jornaldasoficinas.com\/pt\/","logo":{"@type":"ImageObject","inLanguage":"pt-PT","@id":"https:\/\/jornaldasoficinas.com\/pt\/#\/schema\/logo\/image\/","url":"https:\/\/jornaldasoficinas.com\/pt\/wp-content\/uploads\/logoJO-SEO.png","contentUrl":"https:\/\/jornaldasoficinas.com\/pt\/wp-content\/uploads\/logoJO-SEO.png","width":285,"height":450,"caption":"Jornal das Oficinas"},"image":{"@id":"https:\/\/jornaldasoficinas.com\/pt\/#\/schema\/logo\/image\/"},"sameAs":["https:\/\/www.facebook.com\/jornaloficinas","https:\/\/x.com\/jornaloficinas","https:\/\/www.instagram.com\/jornal_oficinas\/","https:\/\/www.linkedin.com\/company\/jornal-das-oficinas\/","https:\/\/www.youtube.com\/channel\/UCbQZBqtcvV-oSQrr7RzINGg"]},{"@type":"Person","@id":"https:\/\/jornaldasoficinas.com\/pt\/#\/schema\/person\/a38eef5de2c41d9e7c9ac10141afddf3","name":"Reda\u00e7\u00e3o JO","image":{"@type":"ImageObject","inLanguage":"pt-PT","@id":"https:\/\/secure.gravatar.com\/avatar\/71f2fa71737ad68a84fea94bc708ddac8ea5b0c4788dc2ad202f3ccb2887742f?s=96&d=wp_user_avatar&r=g","url":"https:\/\/secure.gravatar.com\/avatar\/71f2fa71737ad68a84fea94bc708ddac8ea5b0c4788dc2ad202f3ccb2887742f?s=96&d=wp_user_avatar&r=g","contentUrl":"https:\/\/secure.gravatar.com\/avatar\/71f2fa71737ad68a84fea94bc708ddac8ea5b0c4788dc2ad202f3ccb2887742f?s=96&d=wp_user_avatar&r=g","caption":"Reda\u00e7\u00e3o JO"},"url":"https:\/\/jornaldasoficinas.com\/pt\/author\/joredacao\/"}]}},"_links":{"self":[{"href":"https:\/\/jornaldasoficinas.com\/pt\/wp-json\/wp\/v2\/posts\/91209","targetHints":{"allow":["GET"]}}],"collection":[{"href":"https:\/\/jornaldasoficinas.com\/pt\/wp-json\/wp\/v2\/posts"}],"about":[{"href":"https:\/\/jornaldasoficinas.com\/pt\/wp-json\/wp\/v2\/types\/post"}],"author":[{"embeddable":true,"href":"https:\/\/jornaldasoficinas.com\/pt\/wp-json\/wp\/v2\/users\/15"}],"replies":[{"embeddable":true,"href":"https:\/\/jornaldasoficinas.com\/pt\/wp-json\/wp\/v2\/comments?post=91209"}],"version-history":[{"count":0,"href":"https:\/\/jornaldasoficinas.com\/pt\/wp-json\/wp\/v2\/posts\/91209\/revisions"}],"wp:featuredmedia":[{"embeddable":true,"href":"https:\/\/jornaldasoficinas.com\/pt\/wp-json\/wp\/v2\/media\/91217"}],"wp:attachment":[{"href":"https:\/\/jornaldasoficinas.com\/pt\/wp-json\/wp\/v2\/media?parent=91209"}],"wp:term":[{"taxonomy":"category","embeddable":true,"href":"https:\/\/jornaldasoficinas.com\/pt\/wp-json\/wp\/v2\/categories?post=91209"},{"taxonomy":"post_tag","embeddable":true,"href":"https:\/\/jornaldasoficinas.com\/pt\/wp-json\/wp\/v2\/tags?post=91209"}],"curies":[{"name":"wp","href":"https:\/\/api.w.org\/{rel}","templated":true}]}}