{"id":91275,"date":"2024-09-18T10:30:27","date_gmt":"2024-09-18T09:30:27","guid":{"rendered":"https:\/\/jornaldasoficinas.com\/pt\/?p=91275"},"modified":"2024-09-18T09:07:10","modified_gmt":"2024-09-18T08:07:10","slug":"tab-spain-tem-novo-diretor-na-divisao-estacionaria","status":"publish","type":"post","link":"https:\/\/jornaldasoficinas.com\/pt\/tab-spain-tem-novo-diretor-na-divisao-estacionaria\/","title":{"rendered":"TAB Spain tem novo diretor na divis\u00e3o estacion\u00e1ria"},"content":{"rendered":"<p><strong><img loading=\"lazy\" decoding=\"async\" class=\"alignnone size-full wp-image-91279\" src=\"https:\/\/jornaldasoficinas.com\/pt\/wp-content\/uploads\/2024\/09\/TAB-Spain-tem-novo-diretor-na-divisao-estacionaria.jpg\" alt=\"09 - TAB Spain tem novo diretor na divisao estacionaria\" width=\"1024\" height=\"581\" srcset=\"https:\/\/jornaldasoficinas.com\/pt\/wp-content\/uploads\/2024\/09\/TAB-Spain-tem-novo-diretor-na-divisao-estacionaria.jpg 1024w, https:\/\/jornaldasoficinas.com\/pt\/wp-content\/uploads\/2024\/09\/TAB-Spain-tem-novo-diretor-na-divisao-estacionaria-300x170.jpg 300w, https:\/\/jornaldasoficinas.com\/pt\/wp-content\/uploads\/2024\/09\/TAB-Spain-tem-novo-diretor-na-divisao-estacionaria-150x85.jpg 150w, https:\/\/jornaldasoficinas.com\/pt\/wp-content\/uploads\/2024\/09\/TAB-Spain-tem-novo-diretor-na-divisao-estacionaria-768x436.jpg 768w\" sizes=\"auto, (max-width: 1024px) 100vw, 1024px\" \/><\/strong><\/p>\n<p><strong>Javier Gaona ir\u00e1 liderar a expans\u00e3o das solu\u00e7\u00f5es de armazenamento estacion\u00e1rio da <a href=\"https:\/\/www.tabspain.com\/\" target=\"_blank\" rel=\"noopener\">TAB<\/a> em mercados-chave como Espanha, Portugal, Am\u00e9rica Latina e Norte de \u00c1frica<\/strong><\/p>\n<p>A TAB Spain anunciou recentemente a nomea\u00e7\u00e3o de Javier Gaona como novo diretor da sua divis\u00e3o estacion\u00e1ria. Com um percurso s\u00f3lido no setor e um profundo conhecimento do mercado, Gaona ser\u00e1 respons\u00e1vel por liderar a organiza\u00e7\u00e3o, estrat\u00e9gia e expans\u00e3o do neg\u00f3cio de solu\u00e7\u00f5es de armazenamento estacion\u00e1rio da TAB em Espanha, Portugal, Am\u00e9rica Latina e Norte de \u00c1frica.<\/p>\n<p>Nascido em Alicante h\u00e1 49 anos, Javier Gaona tem uma vasta experi\u00eancia em empresas-chave do setor como a Tempel, a Cegasa e a Plug &amp; Play Energy, entre outras. A sua carreira profissional foi tamb\u00e9m enriquecida pela sua experi\u00eancia internacional, tendo vivido tr\u00eas anos no M\u00e9xico e trabalhado durante mais de seis anos em toda a regi\u00e3o da Am\u00e9rica Latina, o que o torna uma valiosa mais-valia para a TAB nesta \u00e1rea geogr\u00e1fica.<\/p>\n<p>Como diretor da divis\u00e3o estacion\u00e1ria, Gaona ir\u00e1 promover o crescimento do mercado de armazenamento de energia em instala\u00e7\u00f5es fotovoltaicas, um setor em expans\u00e3o e com enormes possibilidades. &#8220;A sua experi\u00eancia em mercados internacionais permitir-lhe-\u00e1 estabelecer novas sinergias e oferecer solu\u00e7\u00f5es avan\u00e7adas aos clientes LATAM, contribuindo significativamente para o sucesso da TAB nesta regi\u00e3o&#8221;, frisou a TAB Spain.<\/p>\n<p>Javier Gaona destacou a grande relev\u00e2ncia do armazenamento de energia na atualidade: &#8220;O armazenamento em instala\u00e7\u00f5es fotovoltaicas representa uma oportunidade que n\u00e3o pode ser desperdi\u00e7ada em qualquer mercado. Permite acrescentar valor \u00e0s instala\u00e7\u00f5es de autoconsumo existentes e novas, garantindo independ\u00eancia, estabilidade e continuidade do fornecimento, al\u00e9m de reduzir os custos de consumo com tempos de retorno do investimento incrivelmente curtos em compara\u00e7\u00e3o com a vida \u00fatil do pr\u00f3prio sistema. \u00c9 o investimento estrat\u00e9gico que qualquer empresa industrial deve considerar o mais rapidamente poss\u00edvel&#8221;.<\/p>\n<p>Com a chegada do novo respons\u00e1vel, a &#8220;TAB Spain reafirma o seu compromisso com a inova\u00e7\u00e3o e lideran\u00e7a em solu\u00e7\u00f5es de armazenamento de energia, refor\u00e7ando a sua posi\u00e7\u00e3o nos principais mercados e apostando num futuro energ\u00e9tico mais sustent\u00e1vel&#8221;, finalizou a empresa.<\/p>\n","protected":false},"excerpt":{"rendered":"<p>Javier Gaona ir\u00e1 liderar a expans\u00e3o&#8230;<\/p>\n","protected":false},"author":15,"featured_media":91279,"comment_status":"closed","ping_status":"closed","sticky":false,"template":"","format":"standard","meta":{"footnotes":""},"categories":[29],"tags":[10629,7593,10630,7282,564,9773],"class_list":["post-91275","post","type-post","status-publish","format-standard","has-post-thumbnail","hentry","category-empresas","tag-armazenamento-estacionario","tag-expansao-do-negocio","tag-javier-gaona","tag-novo-diretor","tag-tab-spain","tag-vasta-experiencia"],"yoast_head":"<!-- This site is optimized with the Yoast SEO plugin v27.4 - https:\/\/yoast.com\/product\/yoast-seo-wordpress\/ -->\n<title>TAB Spain tem novo diretor na divis\u00e3o estacion\u00e1ria - Jornal das Oficinas<\/title>\n<meta name=\"description\" content=\"Javier Gaona ir\u00e1 liderar a expans\u00e3o das solu\u00e7\u00f5es de armazenamento estacion\u00e1rio da TAB em Espanha, Portugal, Am\u00e9rica Latina e Norte de \u00c1frica\" \/>\n<meta name=\"robots\" content=\"index, follow, max-snippet:-1, max-image-preview:large, max-video-preview:-1\" \/>\n<link rel=\"canonical\" href=\"https:\/\/jornaldasoficinas.com\/pt\/tab-spain-tem-novo-diretor-na-divisao-estacionaria\/\" \/>\n<meta property=\"og:locale\" content=\"pt_PT\" \/>\n<meta property=\"og:type\" content=\"article\" \/>\n<meta property=\"og:title\" content=\"TAB Spain tem novo diretor na divis\u00e3o estacion\u00e1ria - Jornal das Oficinas\" \/>\n<meta property=\"og:description\" content=\"Javier Gaona ir\u00e1 liderar a expans\u00e3o das solu\u00e7\u00f5es de armazenamento estacion\u00e1rio da TAB em Espanha, Portugal, Am\u00e9rica Latina e Norte de \u00c1frica\" \/>\n<meta property=\"og:url\" content=\"https:\/\/jornaldasoficinas.com\/pt\/tab-spain-tem-novo-diretor-na-divisao-estacionaria\/\" \/>\n<meta property=\"og:site_name\" content=\"Jornal das Oficinas\" \/>\n<meta property=\"article:publisher\" content=\"https:\/\/www.facebook.com\/jornaloficinas\" \/>\n<meta property=\"article:published_time\" content=\"2024-09-18T09:30:27+00:00\" \/>\n<meta property=\"og:image\" content=\"https:\/\/jornaldasoficinas.com\/pt\/wp-content\/uploads\/2024\/09\/TAB-Spain-tem-novo-diretor-na-divisao-estacionaria.jpg\" \/>\n\t<meta property=\"og:image:width\" content=\"1024\" \/>\n\t<meta property=\"og:image:height\" content=\"581\" \/>\n\t<meta property=\"og:image:type\" content=\"image\/jpeg\" \/>\n<meta name=\"author\" content=\"Reda\u00e7\u00e3o JO\" \/>\n<meta name=\"twitter:card\" content=\"summary_large_image\" \/>\n<meta name=\"twitter:creator\" content=\"@jornaloficinas\" \/>\n<meta name=\"twitter:site\" content=\"@jornaloficinas\" \/>\n<meta name=\"twitter:label1\" content=\"Escrito por\" \/>\n\t<meta name=\"twitter:data1\" content=\"Reda\u00e7\u00e3o JO\" \/>\n\t<meta name=\"twitter:label2\" content=\"Tempo estimado de leitura\" \/>\n\t<meta name=\"twitter:data2\" content=\"3 minutos\" \/>\n<script type=\"application\/ld+json\" class=\"yoast-schema-graph\">{\"@context\":\"https:\\\/\\\/schema.org\",\"@graph\":[{\"@type\":\"Article\",\"@id\":\"https:\\\/\\\/jornaldasoficinas.com\\\/pt\\\/tab-spain-tem-novo-diretor-na-divisao-estacionaria\\\/#article\",\"isPartOf\":{\"@id\":\"https:\\\/\\\/jornaldasoficinas.com\\\/pt\\\/tab-spain-tem-novo-diretor-na-divisao-estacionaria\\\/\"},\"author\":{\"name\":\"Reda\u00e7\u00e3o JO\",\"@id\":\"https:\\\/\\\/jornaldasoficinas.com\\\/pt\\\/#\\\/schema\\\/person\\\/a38eef5de2c41d9e7c9ac10141afddf3\"},\"headline\":\"TAB Spain tem novo diretor na divis\u00e3o estacion\u00e1ria\",\"datePublished\":\"2024-09-18T09:30:27+00:00\",\"mainEntityOfPage\":{\"@id\":\"https:\\\/\\\/jornaldasoficinas.com\\\/pt\\\/tab-spain-tem-novo-diretor-na-divisao-estacionaria\\\/\"},\"wordCount\":394,\"publisher\":{\"@id\":\"https:\\\/\\\/jornaldasoficinas.com\\\/pt\\\/#organization\"},\"image\":{\"@id\":\"https:\\\/\\\/jornaldasoficinas.com\\\/pt\\\/tab-spain-tem-novo-diretor-na-divisao-estacionaria\\\/#primaryimage\"},\"thumbnailUrl\":\"https:\\\/\\\/jornaldasoficinas.com\\\/pt\\\/wp-content\\\/uploads\\\/2024\\\/09\\\/TAB-Spain-tem-novo-diretor-na-divisao-estacionaria.jpg\",\"keywords\":[\"armazenamento estacion\u00e1rio\",\"expans\u00e3o do neg\u00f3cio\",\"Javier Gaona\",\"novo diretor\",\"TAB Spain\",\"vasta experi\u00eancia\"],\"articleSection\":[\"Empresas\"],\"inLanguage\":\"pt-PT\"},{\"@type\":\"WebPage\",\"@id\":\"https:\\\/\\\/jornaldasoficinas.com\\\/pt\\\/tab-spain-tem-novo-diretor-na-divisao-estacionaria\\\/\",\"url\":\"https:\\\/\\\/jornaldasoficinas.com\\\/pt\\\/tab-spain-tem-novo-diretor-na-divisao-estacionaria\\\/\",\"name\":\"TAB Spain tem novo diretor na divis\u00e3o estacion\u00e1ria - Jornal das Oficinas\",\"isPartOf\":{\"@id\":\"https:\\\/\\\/jornaldasoficinas.com\\\/pt\\\/#website\"},\"primaryImageOfPage\":{\"@id\":\"https:\\\/\\\/jornaldasoficinas.com\\\/pt\\\/tab-spain-tem-novo-diretor-na-divisao-estacionaria\\\/#primaryimage\"},\"image\":{\"@id\":\"https:\\\/\\\/jornaldasoficinas.com\\\/pt\\\/tab-spain-tem-novo-diretor-na-divisao-estacionaria\\\/#primaryimage\"},\"thumbnailUrl\":\"https:\\\/\\\/jornaldasoficinas.com\\\/pt\\\/wp-content\\\/uploads\\\/2024\\\/09\\\/TAB-Spain-tem-novo-diretor-na-divisao-estacionaria.jpg\",\"datePublished\":\"2024-09-18T09:30:27+00:00\",\"description\":\"Javier Gaona ir\u00e1 liderar a expans\u00e3o das solu\u00e7\u00f5es de armazenamento estacion\u00e1rio da TAB em Espanha, Portugal, Am\u00e9rica Latina e Norte de \u00c1frica\",\"breadcrumb\":{\"@id\":\"https:\\\/\\\/jornaldasoficinas.com\\\/pt\\\/tab-spain-tem-novo-diretor-na-divisao-estacionaria\\\/#breadcrumb\"},\"inLanguage\":\"pt-PT\",\"potentialAction\":[{\"@type\":\"ReadAction\",\"target\":[\"https:\\\/\\\/jornaldasoficinas.com\\\/pt\\\/tab-spain-tem-novo-diretor-na-divisao-estacionaria\\\/\"]}]},{\"@type\":\"ImageObject\",\"inLanguage\":\"pt-PT\",\"@id\":\"https:\\\/\\\/jornaldasoficinas.com\\\/pt\\\/tab-spain-tem-novo-diretor-na-divisao-estacionaria\\\/#primaryimage\",\"url\":\"https:\\\/\\\/jornaldasoficinas.com\\\/pt\\\/wp-content\\\/uploads\\\/2024\\\/09\\\/TAB-Spain-tem-novo-diretor-na-divisao-estacionaria.jpg\",\"contentUrl\":\"https:\\\/\\\/jornaldasoficinas.com\\\/pt\\\/wp-content\\\/uploads\\\/2024\\\/09\\\/TAB-Spain-tem-novo-diretor-na-divisao-estacionaria.jpg\",\"width\":1024,\"height\":581,\"caption\":\"09 - TAB Spain tem novo diretor na divisao estacionaria\"},{\"@type\":\"BreadcrumbList\",\"@id\":\"https:\\\/\\\/jornaldasoficinas.com\\\/pt\\\/tab-spain-tem-novo-diretor-na-divisao-estacionaria\\\/#breadcrumb\",\"itemListElement\":[{\"@type\":\"ListItem\",\"position\":1,\"name\":\"In\u00edcio\",\"item\":\"https:\\\/\\\/jornaldasoficinas.com\\\/pt\\\/\"},{\"@type\":\"ListItem\",\"position\":2,\"name\":\"TAB Spain tem novo diretor na divis\u00e3o estacion\u00e1ria\"}]},{\"@type\":\"WebSite\",\"@id\":\"https:\\\/\\\/jornaldasoficinas.com\\\/pt\\\/#website\",\"url\":\"https:\\\/\\\/jornaldasoficinas.com\\\/pt\\\/\",\"name\":\"Jornal das Oficinas\",\"description\":\"Jornal independente do Aftermarket Autom\u00f3vel em Portugal\",\"publisher\":{\"@id\":\"https:\\\/\\\/jornaldasoficinas.com\\\/pt\\\/#organization\"},\"potentialAction\":[{\"@type\":\"SearchAction\",\"target\":{\"@type\":\"EntryPoint\",\"urlTemplate\":\"https:\\\/\\\/jornaldasoficinas.com\\\/pt\\\/?s={search_term_string}\"},\"query-input\":{\"@type\":\"PropertyValueSpecification\",\"valueRequired\":true,\"valueName\":\"search_term_string\"}}],\"inLanguage\":\"pt-PT\"},{\"@type\":\"Organization\",\"@id\":\"https:\\\/\\\/jornaldasoficinas.com\\\/pt\\\/#organization\",\"name\":\"Jornal das Oficinas\",\"url\":\"https:\\\/\\\/jornaldasoficinas.com\\\/pt\\\/\",\"logo\":{\"@type\":\"ImageObject\",\"inLanguage\":\"pt-PT\",\"@id\":\"https:\\\/\\\/jornaldasoficinas.com\\\/pt\\\/#\\\/schema\\\/logo\\\/image\\\/\",\"url\":\"https:\\\/\\\/jornaldasoficinas.com\\\/pt\\\/wp-content\\\/uploads\\\/logoJO-SEO.png\",\"contentUrl\":\"https:\\\/\\\/jornaldasoficinas.com\\\/pt\\\/wp-content\\\/uploads\\\/logoJO-SEO.png\",\"width\":285,\"height\":450,\"caption\":\"Jornal das Oficinas\"},\"image\":{\"@id\":\"https:\\\/\\\/jornaldasoficinas.com\\\/pt\\\/#\\\/schema\\\/logo\\\/image\\\/\"},\"sameAs\":[\"https:\\\/\\\/www.facebook.com\\\/jornaloficinas\",\"https:\\\/\\\/x.com\\\/jornaloficinas\",\"https:\\\/\\\/www.instagram.com\\\/jornal_oficinas\\\/\",\"https:\\\/\\\/www.linkedin.com\\\/company\\\/jornal-das-oficinas\\\/\",\"https:\\\/\\\/www.youtube.com\\\/channel\\\/UCbQZBqtcvV-oSQrr7RzINGg\"]},{\"@type\":\"Person\",\"@id\":\"https:\\\/\\\/jornaldasoficinas.com\\\/pt\\\/#\\\/schema\\\/person\\\/a38eef5de2c41d9e7c9ac10141afddf3\",\"name\":\"Reda\u00e7\u00e3o JO\",\"image\":{\"@type\":\"ImageObject\",\"inLanguage\":\"pt-PT\",\"@id\":\"https:\\\/\\\/secure.gravatar.com\\\/avatar\\\/71f2fa71737ad68a84fea94bc708ddac8ea5b0c4788dc2ad202f3ccb2887742f?s=96&d=wp_user_avatar&r=g\",\"url\":\"https:\\\/\\\/secure.gravatar.com\\\/avatar\\\/71f2fa71737ad68a84fea94bc708ddac8ea5b0c4788dc2ad202f3ccb2887742f?s=96&d=wp_user_avatar&r=g\",\"contentUrl\":\"https:\\\/\\\/secure.gravatar.com\\\/avatar\\\/71f2fa71737ad68a84fea94bc708ddac8ea5b0c4788dc2ad202f3ccb2887742f?s=96&d=wp_user_avatar&r=g\",\"caption\":\"Reda\u00e7\u00e3o JO\"},\"url\":\"https:\\\/\\\/jornaldasoficinas.com\\\/pt\\\/author\\\/joredacao\\\/\"}]}<\/script>\n<!-- \/ Yoast SEO plugin. -->","yoast_head_json":{"title":"TAB Spain tem novo diretor na divis\u00e3o estacion\u00e1ria - Jornal das Oficinas","description":"Javier Gaona ir\u00e1 liderar a expans\u00e3o das solu\u00e7\u00f5es de armazenamento estacion\u00e1rio da TAB em Espanha, Portugal, Am\u00e9rica Latina e Norte de \u00c1frica","robots":{"index":"index","follow":"follow","max-snippet":"max-snippet:-1","max-image-preview":"max-image-preview:large","max-video-preview":"max-video-preview:-1"},"canonical":"https:\/\/jornaldasoficinas.com\/pt\/tab-spain-tem-novo-diretor-na-divisao-estacionaria\/","og_locale":"pt_PT","og_type":"article","og_title":"TAB Spain tem novo diretor na divis\u00e3o estacion\u00e1ria - Jornal das Oficinas","og_description":"Javier Gaona ir\u00e1 liderar a expans\u00e3o das solu\u00e7\u00f5es de armazenamento estacion\u00e1rio da TAB em Espanha, Portugal, Am\u00e9rica Latina e Norte de \u00c1frica","og_url":"https:\/\/jornaldasoficinas.com\/pt\/tab-spain-tem-novo-diretor-na-divisao-estacionaria\/","og_site_name":"Jornal das Oficinas","article_publisher":"https:\/\/www.facebook.com\/jornaloficinas","article_published_time":"2024-09-18T09:30:27+00:00","og_image":[{"width":1024,"height":581,"url":"https:\/\/jornaldasoficinas.com\/pt\/wp-content\/uploads\/2024\/09\/TAB-Spain-tem-novo-diretor-na-divisao-estacionaria.jpg","type":"image\/jpeg"}],"author":"Reda\u00e7\u00e3o JO","twitter_card":"summary_large_image","twitter_creator":"@jornaloficinas","twitter_site":"@jornaloficinas","twitter_misc":{"Escrito por":"Reda\u00e7\u00e3o JO","Tempo estimado de leitura":"3 minutos"},"schema":{"@context":"https:\/\/schema.org","@graph":[{"@type":"Article","@id":"https:\/\/jornaldasoficinas.com\/pt\/tab-spain-tem-novo-diretor-na-divisao-estacionaria\/#article","isPartOf":{"@id":"https:\/\/jornaldasoficinas.com\/pt\/tab-spain-tem-novo-diretor-na-divisao-estacionaria\/"},"author":{"name":"Reda\u00e7\u00e3o JO","@id":"https:\/\/jornaldasoficinas.com\/pt\/#\/schema\/person\/a38eef5de2c41d9e7c9ac10141afddf3"},"headline":"TAB Spain tem novo diretor na divis\u00e3o estacion\u00e1ria","datePublished":"2024-09-18T09:30:27+00:00","mainEntityOfPage":{"@id":"https:\/\/jornaldasoficinas.com\/pt\/tab-spain-tem-novo-diretor-na-divisao-estacionaria\/"},"wordCount":394,"publisher":{"@id":"https:\/\/jornaldasoficinas.com\/pt\/#organization"},"image":{"@id":"https:\/\/jornaldasoficinas.com\/pt\/tab-spain-tem-novo-diretor-na-divisao-estacionaria\/#primaryimage"},"thumbnailUrl":"https:\/\/jornaldasoficinas.com\/pt\/wp-content\/uploads\/2024\/09\/TAB-Spain-tem-novo-diretor-na-divisao-estacionaria.jpg","keywords":["armazenamento estacion\u00e1rio","expans\u00e3o do neg\u00f3cio","Javier Gaona","novo diretor","TAB Spain","vasta experi\u00eancia"],"articleSection":["Empresas"],"inLanguage":"pt-PT"},{"@type":"WebPage","@id":"https:\/\/jornaldasoficinas.com\/pt\/tab-spain-tem-novo-diretor-na-divisao-estacionaria\/","url":"https:\/\/jornaldasoficinas.com\/pt\/tab-spain-tem-novo-diretor-na-divisao-estacionaria\/","name":"TAB Spain tem novo diretor na divis\u00e3o estacion\u00e1ria - Jornal das Oficinas","isPartOf":{"@id":"https:\/\/jornaldasoficinas.com\/pt\/#website"},"primaryImageOfPage":{"@id":"https:\/\/jornaldasoficinas.com\/pt\/tab-spain-tem-novo-diretor-na-divisao-estacionaria\/#primaryimage"},"image":{"@id":"https:\/\/jornaldasoficinas.com\/pt\/tab-spain-tem-novo-diretor-na-divisao-estacionaria\/#primaryimage"},"thumbnailUrl":"https:\/\/jornaldasoficinas.com\/pt\/wp-content\/uploads\/2024\/09\/TAB-Spain-tem-novo-diretor-na-divisao-estacionaria.jpg","datePublished":"2024-09-18T09:30:27+00:00","description":"Javier Gaona ir\u00e1 liderar a expans\u00e3o das solu\u00e7\u00f5es de armazenamento estacion\u00e1rio da TAB em Espanha, Portugal, Am\u00e9rica Latina e Norte de \u00c1frica","breadcrumb":{"@id":"https:\/\/jornaldasoficinas.com\/pt\/tab-spain-tem-novo-diretor-na-divisao-estacionaria\/#breadcrumb"},"inLanguage":"pt-PT","potentialAction":[{"@type":"ReadAction","target":["https:\/\/jornaldasoficinas.com\/pt\/tab-spain-tem-novo-diretor-na-divisao-estacionaria\/"]}]},{"@type":"ImageObject","inLanguage":"pt-PT","@id":"https:\/\/jornaldasoficinas.com\/pt\/tab-spain-tem-novo-diretor-na-divisao-estacionaria\/#primaryimage","url":"https:\/\/jornaldasoficinas.com\/pt\/wp-content\/uploads\/2024\/09\/TAB-Spain-tem-novo-diretor-na-divisao-estacionaria.jpg","contentUrl":"https:\/\/jornaldasoficinas.com\/pt\/wp-content\/uploads\/2024\/09\/TAB-Spain-tem-novo-diretor-na-divisao-estacionaria.jpg","width":1024,"height":581,"caption":"09 - TAB Spain tem novo diretor na divisao estacionaria"},{"@type":"BreadcrumbList","@id":"https:\/\/jornaldasoficinas.com\/pt\/tab-spain-tem-novo-diretor-na-divisao-estacionaria\/#breadcrumb","itemListElement":[{"@type":"ListItem","position":1,"name":"In\u00edcio","item":"https:\/\/jornaldasoficinas.com\/pt\/"},{"@type":"ListItem","position":2,"name":"TAB Spain tem novo diretor na divis\u00e3o estacion\u00e1ria"}]},{"@type":"WebSite","@id":"https:\/\/jornaldasoficinas.com\/pt\/#website","url":"https:\/\/jornaldasoficinas.com\/pt\/","name":"Jornal das Oficinas","description":"Jornal independente do Aftermarket Autom\u00f3vel em Portugal","publisher":{"@id":"https:\/\/jornaldasoficinas.com\/pt\/#organization"},"potentialAction":[{"@type":"SearchAction","target":{"@type":"EntryPoint","urlTemplate":"https:\/\/jornaldasoficinas.com\/pt\/?s={search_term_string}"},"query-input":{"@type":"PropertyValueSpecification","valueRequired":true,"valueName":"search_term_string"}}],"inLanguage":"pt-PT"},{"@type":"Organization","@id":"https:\/\/jornaldasoficinas.com\/pt\/#organization","name":"Jornal das Oficinas","url":"https:\/\/jornaldasoficinas.com\/pt\/","logo":{"@type":"ImageObject","inLanguage":"pt-PT","@id":"https:\/\/jornaldasoficinas.com\/pt\/#\/schema\/logo\/image\/","url":"https:\/\/jornaldasoficinas.com\/pt\/wp-content\/uploads\/logoJO-SEO.png","contentUrl":"https:\/\/jornaldasoficinas.com\/pt\/wp-content\/uploads\/logoJO-SEO.png","width":285,"height":450,"caption":"Jornal das Oficinas"},"image":{"@id":"https:\/\/jornaldasoficinas.com\/pt\/#\/schema\/logo\/image\/"},"sameAs":["https:\/\/www.facebook.com\/jornaloficinas","https:\/\/x.com\/jornaloficinas","https:\/\/www.instagram.com\/jornal_oficinas\/","https:\/\/www.linkedin.com\/company\/jornal-das-oficinas\/","https:\/\/www.youtube.com\/channel\/UCbQZBqtcvV-oSQrr7RzINGg"]},{"@type":"Person","@id":"https:\/\/jornaldasoficinas.com\/pt\/#\/schema\/person\/a38eef5de2c41d9e7c9ac10141afddf3","name":"Reda\u00e7\u00e3o JO","image":{"@type":"ImageObject","inLanguage":"pt-PT","@id":"https:\/\/secure.gravatar.com\/avatar\/71f2fa71737ad68a84fea94bc708ddac8ea5b0c4788dc2ad202f3ccb2887742f?s=96&d=wp_user_avatar&r=g","url":"https:\/\/secure.gravatar.com\/avatar\/71f2fa71737ad68a84fea94bc708ddac8ea5b0c4788dc2ad202f3ccb2887742f?s=96&d=wp_user_avatar&r=g","contentUrl":"https:\/\/secure.gravatar.com\/avatar\/71f2fa71737ad68a84fea94bc708ddac8ea5b0c4788dc2ad202f3ccb2887742f?s=96&d=wp_user_avatar&r=g","caption":"Reda\u00e7\u00e3o JO"},"url":"https:\/\/jornaldasoficinas.com\/pt\/author\/joredacao\/"}]}},"_links":{"self":[{"href":"https:\/\/jornaldasoficinas.com\/pt\/wp-json\/wp\/v2\/posts\/91275","targetHints":{"allow":["GET"]}}],"collection":[{"href":"https:\/\/jornaldasoficinas.com\/pt\/wp-json\/wp\/v2\/posts"}],"about":[{"href":"https:\/\/jornaldasoficinas.com\/pt\/wp-json\/wp\/v2\/types\/post"}],"author":[{"embeddable":true,"href":"https:\/\/jornaldasoficinas.com\/pt\/wp-json\/wp\/v2\/users\/15"}],"replies":[{"embeddable":true,"href":"https:\/\/jornaldasoficinas.com\/pt\/wp-json\/wp\/v2\/comments?post=91275"}],"version-history":[{"count":0,"href":"https:\/\/jornaldasoficinas.com\/pt\/wp-json\/wp\/v2\/posts\/91275\/revisions"}],"wp:featuredmedia":[{"embeddable":true,"href":"https:\/\/jornaldasoficinas.com\/pt\/wp-json\/wp\/v2\/media\/91279"}],"wp:attachment":[{"href":"https:\/\/jornaldasoficinas.com\/pt\/wp-json\/wp\/v2\/media?parent=91275"}],"wp:term":[{"taxonomy":"category","embeddable":true,"href":"https:\/\/jornaldasoficinas.com\/pt\/wp-json\/wp\/v2\/categories?post=91275"},{"taxonomy":"post_tag","embeddable":true,"href":"https:\/\/jornaldasoficinas.com\/pt\/wp-json\/wp\/v2\/tags?post=91275"}],"curies":[{"name":"wp","href":"https:\/\/api.w.org\/{rel}","templated":true}]}}