{"id":91312,"date":"2024-09-18T18:00:55","date_gmt":"2024-09-18T17:00:55","guid":{"rendered":"https:\/\/jornaldasoficinas.com\/pt\/?p=91312"},"modified":"2024-09-18T13:31:43","modified_gmt":"2024-09-18T12:31:43","slug":"xpeng-leva-nova-mobilidade-com-ia-ao-salao-automovel-de-paris","status":"publish","type":"post","link":"https:\/\/jornaldasoficinas.com\/pt\/xpeng-leva-nova-mobilidade-com-ia-ao-salao-automovel-de-paris\/","title":{"rendered":"XPENG leva nova mobilidade com IA ao Sal\u00e3o Autom\u00f3vel de Paris"},"content":{"rendered":"<p><strong><img loading=\"lazy\" decoding=\"async\" class=\"alignnone size-full wp-image-91320\" src=\"https:\/\/jornaldasoficinas.com\/pt\/wp-content\/uploads\/2024\/09\/XPENG-leva-nova-mobilidade-com-IA-ao-Salao-Automovel-de-Paris.jpg\" alt=\"09 - XPENG leva nova mobilidade com IA ao Salao Automovel de Paris\" width=\"1024\" height=\"581\" srcset=\"https:\/\/jornaldasoficinas.com\/pt\/wp-content\/uploads\/2024\/09\/XPENG-leva-nova-mobilidade-com-IA-ao-Salao-Automovel-de-Paris.jpg 1024w, https:\/\/jornaldasoficinas.com\/pt\/wp-content\/uploads\/2024\/09\/XPENG-leva-nova-mobilidade-com-IA-ao-Salao-Automovel-de-Paris-300x170.jpg 300w, https:\/\/jornaldasoficinas.com\/pt\/wp-content\/uploads\/2024\/09\/XPENG-leva-nova-mobilidade-com-IA-ao-Salao-Automovel-de-Paris-150x85.jpg 150w, https:\/\/jornaldasoficinas.com\/pt\/wp-content\/uploads\/2024\/09\/XPENG-leva-nova-mobilidade-com-IA-ao-Salao-Automovel-de-Paris-768x436.jpg 768w\" sizes=\"auto, (max-width: 1024px) 100vw, 1024px\" \/><\/strong><\/p>\n<p><strong>Com foco na mobilidade inteligente, a <a href=\"https:\/\/www.xpeng.com\/\" target=\"_blank\" rel=\"noopener\">XPENG<\/a> est\u00e1 a revelar as novas tecnologias impulsionadas por Intelig\u00eancia Artificial (IA) no <a href=\"https:\/\/www.sortiraparis.com\/pt\/o-que-fazer-em-paris\/feiras-e-exposicoes\/articles\/54625-mondial-de-l-auto-2024-em-paris-bilhetes-datas-precos-e-horarios\">Sal\u00e3o Autom\u00f3vel de Paris 2024<\/a><\/strong><\/p>\n<p>A XPENG Motors, empresa especialista em mobilidade com Intelig\u00eancia Artificial, est\u00e1 a participar no Sal\u00e3o Autom\u00f3vel de Paris 2024, de 14 a 20 de outubro. Apresentando-se sob o tema \u201cEnchant\u00e9, Paris!\u201d, a XPENG est\u00e1 a expor uma gama de novas tecnologias no Stand 6A51, no Hall 6, destacando o seu compromisso para com solu\u00e7\u00f5es de mobilidade inteligentes e sustent\u00e1veis, adaptadas ao mercado europeu.<\/p>\n<p>Durante o Sal\u00e3o, a XPENG vai estar a revelar as suas mais recentes inova\u00e7\u00f5es para o mercado europeu, incluindo o seu sistema operativo inteligente de pr\u00f3xima gera\u00e7\u00e3o, Tianji XOS 5.4. Esta inova\u00e7\u00e3o demonstra os planos da XPENG em trazer experi\u00eancias de condu\u00e7\u00e3o adaptativas e alimentadas por Intelig\u00eancia Artificial para as estradas europeias. Al\u00e9m disso, a XPENG tamb\u00e9m est\u00e1 a demonstrar o seu habit\u00e1culo inteligente de pr\u00f3xima gera\u00e7\u00e3o, que apresenta op\u00e7\u00f5es avan\u00e7adas de personaliza\u00e7\u00e3o dos ecr\u00e3s e atualiza\u00e7\u00f5es Over-the-Air (OTA) frequentes.<\/p>\n<p>&#8220;Os visitantes ter\u00e3o a oportunidade de saber mais sobre os planos futuros da XPENG, incluindo uma vis\u00e3o hol\u00edstica dos planos para a integra\u00e7\u00e3o alargada de IA e os mais recentes modelos que ir\u00e3o incorporar estas inova\u00e7\u00f5es&#8221;, referiu o fabricante chin\u00eas.<\/p>\n<p>&#8220;A participa\u00e7\u00e3o da XPENG no Sal\u00e3o Autom\u00f3vel de Paris refor\u00e7a o seu plano a longo de prazo de se expandir globalmente e tornar a empresa l\u00edder em mobilidade impulsionada por IA. Como parte desta vis\u00e3o, a XPENG continuar\u00e1 a utilizar a sua experi\u00eancia e know-how em Intelig\u00eancia Artificial e inova\u00e7\u00f5es tecnol\u00f3gicas para redefinir o futuro da mobilidade com Intelig\u00eancia Artificial&#8221;, salientou.<\/p>\n<p>&#8220;O mercado autom\u00f3vel europeu est\u00e1 a passar por uma transforma\u00e7\u00e3o da eletrifica\u00e7\u00e3o para a smartifica\u00e7\u00e3o. No Sal\u00e3o Autom\u00f3vel de Paris, n\u00e3o estamos apenas a apresentar destaques do nosso portf\u00f3lio de ve\u00edculos, mas tamb\u00e9m novas solu\u00e7\u00f5es que iremos integrar nos nossos modelos. Estamos profundamente comprometidos com o mercado europeu e estamos entusiasmados com os nossos esfor\u00e7os cont\u00ednuos para expandir a nossa presen\u00e7a na regi\u00e3o&#8221;, afirmou Brian Gu, vice-presidente do conselho de administra\u00e7\u00e3o e presidente da XPENG.<\/p>\n<p>&nbsp;<\/p>\n","protected":false},"excerpt":{"rendered":"<p>Com foco na mobilidade inteligente, a&#8230;<\/p>\n","protected":false},"author":15,"featured_media":91320,"comment_status":"closed","ping_status":"closed","sticky":false,"template":"","format":"standard","meta":{"footnotes":""},"categories":[29],"tags":[1087,5951,5372,4915,10643,8359],"class_list":["post-91312","post","type-post","status-publish","format-standard","has-post-thumbnail","hentry","category-empresas","tag-inteligencia-artificial","tag-mercado-europeu","tag-mobilidade-inteligente","tag-novas-tecnologias","tag-salao-automovel-de-paris-2024","tag-xpeng"],"yoast_head":"<!-- This site is optimized with the Yoast SEO plugin v27.4 - https:\/\/yoast.com\/product\/yoast-seo-wordpress\/ -->\n<title>XPENG leva nova mobilidade com IA ao Sal\u00e3o Autom\u00f3vel de Paris - Jornal das Oficinas<\/title>\n<meta name=\"description\" content=\"Com foco na mobilidade inteligente, a XPENG est\u00e1 a revelar as novas tecnologias impulsionadas por IA no Sal\u00e3o Autom\u00f3vel de Paris\" \/>\n<meta name=\"robots\" content=\"index, follow, max-snippet:-1, max-image-preview:large, max-video-preview:-1\" \/>\n<link rel=\"canonical\" href=\"https:\/\/jornaldasoficinas.com\/pt\/xpeng-leva-nova-mobilidade-com-ia-ao-salao-automovel-de-paris\/\" \/>\n<meta property=\"og:locale\" content=\"pt_PT\" \/>\n<meta property=\"og:type\" content=\"article\" \/>\n<meta property=\"og:title\" content=\"XPENG leva nova mobilidade com IA ao Sal\u00e3o Autom\u00f3vel de Paris - Jornal das Oficinas\" \/>\n<meta property=\"og:description\" content=\"Com foco na mobilidade inteligente, a XPENG est\u00e1 a revelar as novas tecnologias impulsionadas por IA no Sal\u00e3o Autom\u00f3vel de Paris\" \/>\n<meta property=\"og:url\" content=\"https:\/\/jornaldasoficinas.com\/pt\/xpeng-leva-nova-mobilidade-com-ia-ao-salao-automovel-de-paris\/\" \/>\n<meta property=\"og:site_name\" content=\"Jornal das Oficinas\" \/>\n<meta property=\"article:publisher\" content=\"https:\/\/www.facebook.com\/jornaloficinas\" \/>\n<meta property=\"article:published_time\" content=\"2024-09-18T17:00:55+00:00\" \/>\n<meta property=\"og:image\" content=\"https:\/\/jornaldasoficinas.com\/pt\/wp-content\/uploads\/2024\/09\/XPENG-leva-nova-mobilidade-com-IA-ao-Salao-Automovel-de-Paris.jpg\" \/>\n\t<meta property=\"og:image:width\" content=\"1024\" \/>\n\t<meta property=\"og:image:height\" content=\"581\" \/>\n\t<meta property=\"og:image:type\" content=\"image\/jpeg\" \/>\n<meta name=\"author\" content=\"Reda\u00e7\u00e3o JO\" \/>\n<meta name=\"twitter:card\" content=\"summary_large_image\" \/>\n<meta name=\"twitter:creator\" content=\"@jornaloficinas\" \/>\n<meta name=\"twitter:site\" content=\"@jornaloficinas\" \/>\n<meta name=\"twitter:label1\" content=\"Escrito por\" \/>\n\t<meta name=\"twitter:data1\" content=\"Reda\u00e7\u00e3o JO\" \/>\n\t<meta name=\"twitter:label2\" content=\"Tempo estimado de leitura\" \/>\n\t<meta name=\"twitter:data2\" content=\"3 minutos\" \/>\n<script type=\"application\/ld+json\" class=\"yoast-schema-graph\">{\"@context\":\"https:\\\/\\\/schema.org\",\"@graph\":[{\"@type\":\"Article\",\"@id\":\"https:\\\/\\\/jornaldasoficinas.com\\\/pt\\\/xpeng-leva-nova-mobilidade-com-ia-ao-salao-automovel-de-paris\\\/#article\",\"isPartOf\":{\"@id\":\"https:\\\/\\\/jornaldasoficinas.com\\\/pt\\\/xpeng-leva-nova-mobilidade-com-ia-ao-salao-automovel-de-paris\\\/\"},\"author\":{\"name\":\"Reda\u00e7\u00e3o JO\",\"@id\":\"https:\\\/\\\/jornaldasoficinas.com\\\/pt\\\/#\\\/schema\\\/person\\\/a38eef5de2c41d9e7c9ac10141afddf3\"},\"headline\":\"XPENG leva nova mobilidade com IA ao Sal\u00e3o Autom\u00f3vel de Paris\",\"datePublished\":\"2024-09-18T17:00:55+00:00\",\"mainEntityOfPage\":{\"@id\":\"https:\\\/\\\/jornaldasoficinas.com\\\/pt\\\/xpeng-leva-nova-mobilidade-com-ia-ao-salao-automovel-de-paris\\\/\"},\"wordCount\":411,\"publisher\":{\"@id\":\"https:\\\/\\\/jornaldasoficinas.com\\\/pt\\\/#organization\"},\"image\":{\"@id\":\"https:\\\/\\\/jornaldasoficinas.com\\\/pt\\\/xpeng-leva-nova-mobilidade-com-ia-ao-salao-automovel-de-paris\\\/#primaryimage\"},\"thumbnailUrl\":\"https:\\\/\\\/jornaldasoficinas.com\\\/pt\\\/wp-content\\\/uploads\\\/2024\\\/09\\\/XPENG-leva-nova-mobilidade-com-IA-ao-Salao-Automovel-de-Paris.jpg\",\"keywords\":[\"Intelig\u00eancia artificial\",\"Mercado Europeu\",\"mobilidade inteligente\",\"novas tecnologias\",\"Sal\u00e3o Autom\u00f3vel de Paris 2024\",\"XPENG\"],\"articleSection\":[\"Empresas\"],\"inLanguage\":\"pt-PT\"},{\"@type\":\"WebPage\",\"@id\":\"https:\\\/\\\/jornaldasoficinas.com\\\/pt\\\/xpeng-leva-nova-mobilidade-com-ia-ao-salao-automovel-de-paris\\\/\",\"url\":\"https:\\\/\\\/jornaldasoficinas.com\\\/pt\\\/xpeng-leva-nova-mobilidade-com-ia-ao-salao-automovel-de-paris\\\/\",\"name\":\"XPENG leva nova mobilidade com IA ao Sal\u00e3o Autom\u00f3vel de Paris - Jornal das Oficinas\",\"isPartOf\":{\"@id\":\"https:\\\/\\\/jornaldasoficinas.com\\\/pt\\\/#website\"},\"primaryImageOfPage\":{\"@id\":\"https:\\\/\\\/jornaldasoficinas.com\\\/pt\\\/xpeng-leva-nova-mobilidade-com-ia-ao-salao-automovel-de-paris\\\/#primaryimage\"},\"image\":{\"@id\":\"https:\\\/\\\/jornaldasoficinas.com\\\/pt\\\/xpeng-leva-nova-mobilidade-com-ia-ao-salao-automovel-de-paris\\\/#primaryimage\"},\"thumbnailUrl\":\"https:\\\/\\\/jornaldasoficinas.com\\\/pt\\\/wp-content\\\/uploads\\\/2024\\\/09\\\/XPENG-leva-nova-mobilidade-com-IA-ao-Salao-Automovel-de-Paris.jpg\",\"datePublished\":\"2024-09-18T17:00:55+00:00\",\"description\":\"Com foco na mobilidade inteligente, a XPENG est\u00e1 a revelar as novas tecnologias impulsionadas por IA no Sal\u00e3o Autom\u00f3vel de Paris\",\"breadcrumb\":{\"@id\":\"https:\\\/\\\/jornaldasoficinas.com\\\/pt\\\/xpeng-leva-nova-mobilidade-com-ia-ao-salao-automovel-de-paris\\\/#breadcrumb\"},\"inLanguage\":\"pt-PT\",\"potentialAction\":[{\"@type\":\"ReadAction\",\"target\":[\"https:\\\/\\\/jornaldasoficinas.com\\\/pt\\\/xpeng-leva-nova-mobilidade-com-ia-ao-salao-automovel-de-paris\\\/\"]}]},{\"@type\":\"ImageObject\",\"inLanguage\":\"pt-PT\",\"@id\":\"https:\\\/\\\/jornaldasoficinas.com\\\/pt\\\/xpeng-leva-nova-mobilidade-com-ia-ao-salao-automovel-de-paris\\\/#primaryimage\",\"url\":\"https:\\\/\\\/jornaldasoficinas.com\\\/pt\\\/wp-content\\\/uploads\\\/2024\\\/09\\\/XPENG-leva-nova-mobilidade-com-IA-ao-Salao-Automovel-de-Paris.jpg\",\"contentUrl\":\"https:\\\/\\\/jornaldasoficinas.com\\\/pt\\\/wp-content\\\/uploads\\\/2024\\\/09\\\/XPENG-leva-nova-mobilidade-com-IA-ao-Salao-Automovel-de-Paris.jpg\",\"width\":1024,\"height\":581,\"caption\":\"09 - XPENG leva nova mobilidade com IA ao Salao Automovel de Paris\"},{\"@type\":\"BreadcrumbList\",\"@id\":\"https:\\\/\\\/jornaldasoficinas.com\\\/pt\\\/xpeng-leva-nova-mobilidade-com-ia-ao-salao-automovel-de-paris\\\/#breadcrumb\",\"itemListElement\":[{\"@type\":\"ListItem\",\"position\":1,\"name\":\"In\u00edcio\",\"item\":\"https:\\\/\\\/jornaldasoficinas.com\\\/pt\\\/\"},{\"@type\":\"ListItem\",\"position\":2,\"name\":\"XPENG leva nova mobilidade com IA ao Sal\u00e3o Autom\u00f3vel de Paris\"}]},{\"@type\":\"WebSite\",\"@id\":\"https:\\\/\\\/jornaldasoficinas.com\\\/pt\\\/#website\",\"url\":\"https:\\\/\\\/jornaldasoficinas.com\\\/pt\\\/\",\"name\":\"Jornal das Oficinas\",\"description\":\"Jornal independente do Aftermarket Autom\u00f3vel em Portugal\",\"publisher\":{\"@id\":\"https:\\\/\\\/jornaldasoficinas.com\\\/pt\\\/#organization\"},\"potentialAction\":[{\"@type\":\"SearchAction\",\"target\":{\"@type\":\"EntryPoint\",\"urlTemplate\":\"https:\\\/\\\/jornaldasoficinas.com\\\/pt\\\/?s={search_term_string}\"},\"query-input\":{\"@type\":\"PropertyValueSpecification\",\"valueRequired\":true,\"valueName\":\"search_term_string\"}}],\"inLanguage\":\"pt-PT\"},{\"@type\":\"Organization\",\"@id\":\"https:\\\/\\\/jornaldasoficinas.com\\\/pt\\\/#organization\",\"name\":\"Jornal das Oficinas\",\"url\":\"https:\\\/\\\/jornaldasoficinas.com\\\/pt\\\/\",\"logo\":{\"@type\":\"ImageObject\",\"inLanguage\":\"pt-PT\",\"@id\":\"https:\\\/\\\/jornaldasoficinas.com\\\/pt\\\/#\\\/schema\\\/logo\\\/image\\\/\",\"url\":\"https:\\\/\\\/jornaldasoficinas.com\\\/pt\\\/wp-content\\\/uploads\\\/logoJO-SEO.png\",\"contentUrl\":\"https:\\\/\\\/jornaldasoficinas.com\\\/pt\\\/wp-content\\\/uploads\\\/logoJO-SEO.png\",\"width\":285,\"height\":450,\"caption\":\"Jornal das Oficinas\"},\"image\":{\"@id\":\"https:\\\/\\\/jornaldasoficinas.com\\\/pt\\\/#\\\/schema\\\/logo\\\/image\\\/\"},\"sameAs\":[\"https:\\\/\\\/www.facebook.com\\\/jornaloficinas\",\"https:\\\/\\\/x.com\\\/jornaloficinas\",\"https:\\\/\\\/www.instagram.com\\\/jornal_oficinas\\\/\",\"https:\\\/\\\/www.linkedin.com\\\/company\\\/jornal-das-oficinas\\\/\",\"https:\\\/\\\/www.youtube.com\\\/channel\\\/UCbQZBqtcvV-oSQrr7RzINGg\"]},{\"@type\":\"Person\",\"@id\":\"https:\\\/\\\/jornaldasoficinas.com\\\/pt\\\/#\\\/schema\\\/person\\\/a38eef5de2c41d9e7c9ac10141afddf3\",\"name\":\"Reda\u00e7\u00e3o JO\",\"image\":{\"@type\":\"ImageObject\",\"inLanguage\":\"pt-PT\",\"@id\":\"https:\\\/\\\/secure.gravatar.com\\\/avatar\\\/71f2fa71737ad68a84fea94bc708ddac8ea5b0c4788dc2ad202f3ccb2887742f?s=96&d=wp_user_avatar&r=g\",\"url\":\"https:\\\/\\\/secure.gravatar.com\\\/avatar\\\/71f2fa71737ad68a84fea94bc708ddac8ea5b0c4788dc2ad202f3ccb2887742f?s=96&d=wp_user_avatar&r=g\",\"contentUrl\":\"https:\\\/\\\/secure.gravatar.com\\\/avatar\\\/71f2fa71737ad68a84fea94bc708ddac8ea5b0c4788dc2ad202f3ccb2887742f?s=96&d=wp_user_avatar&r=g\",\"caption\":\"Reda\u00e7\u00e3o JO\"},\"url\":\"https:\\\/\\\/jornaldasoficinas.com\\\/pt\\\/author\\\/joredacao\\\/\"}]}<\/script>\n<!-- \/ Yoast SEO plugin. -->","yoast_head_json":{"title":"XPENG leva nova mobilidade com IA ao Sal\u00e3o Autom\u00f3vel de Paris - Jornal das Oficinas","description":"Com foco na mobilidade inteligente, a XPENG est\u00e1 a revelar as novas tecnologias impulsionadas por IA no Sal\u00e3o Autom\u00f3vel de Paris","robots":{"index":"index","follow":"follow","max-snippet":"max-snippet:-1","max-image-preview":"max-image-preview:large","max-video-preview":"max-video-preview:-1"},"canonical":"https:\/\/jornaldasoficinas.com\/pt\/xpeng-leva-nova-mobilidade-com-ia-ao-salao-automovel-de-paris\/","og_locale":"pt_PT","og_type":"article","og_title":"XPENG leva nova mobilidade com IA ao Sal\u00e3o Autom\u00f3vel de Paris - Jornal das Oficinas","og_description":"Com foco na mobilidade inteligente, a XPENG est\u00e1 a revelar as novas tecnologias impulsionadas por IA no Sal\u00e3o Autom\u00f3vel de Paris","og_url":"https:\/\/jornaldasoficinas.com\/pt\/xpeng-leva-nova-mobilidade-com-ia-ao-salao-automovel-de-paris\/","og_site_name":"Jornal das Oficinas","article_publisher":"https:\/\/www.facebook.com\/jornaloficinas","article_published_time":"2024-09-18T17:00:55+00:00","og_image":[{"width":1024,"height":581,"url":"https:\/\/jornaldasoficinas.com\/pt\/wp-content\/uploads\/2024\/09\/XPENG-leva-nova-mobilidade-com-IA-ao-Salao-Automovel-de-Paris.jpg","type":"image\/jpeg"}],"author":"Reda\u00e7\u00e3o JO","twitter_card":"summary_large_image","twitter_creator":"@jornaloficinas","twitter_site":"@jornaloficinas","twitter_misc":{"Escrito por":"Reda\u00e7\u00e3o JO","Tempo estimado de leitura":"3 minutos"},"schema":{"@context":"https:\/\/schema.org","@graph":[{"@type":"Article","@id":"https:\/\/jornaldasoficinas.com\/pt\/xpeng-leva-nova-mobilidade-com-ia-ao-salao-automovel-de-paris\/#article","isPartOf":{"@id":"https:\/\/jornaldasoficinas.com\/pt\/xpeng-leva-nova-mobilidade-com-ia-ao-salao-automovel-de-paris\/"},"author":{"name":"Reda\u00e7\u00e3o JO","@id":"https:\/\/jornaldasoficinas.com\/pt\/#\/schema\/person\/a38eef5de2c41d9e7c9ac10141afddf3"},"headline":"XPENG leva nova mobilidade com IA ao Sal\u00e3o Autom\u00f3vel de Paris","datePublished":"2024-09-18T17:00:55+00:00","mainEntityOfPage":{"@id":"https:\/\/jornaldasoficinas.com\/pt\/xpeng-leva-nova-mobilidade-com-ia-ao-salao-automovel-de-paris\/"},"wordCount":411,"publisher":{"@id":"https:\/\/jornaldasoficinas.com\/pt\/#organization"},"image":{"@id":"https:\/\/jornaldasoficinas.com\/pt\/xpeng-leva-nova-mobilidade-com-ia-ao-salao-automovel-de-paris\/#primaryimage"},"thumbnailUrl":"https:\/\/jornaldasoficinas.com\/pt\/wp-content\/uploads\/2024\/09\/XPENG-leva-nova-mobilidade-com-IA-ao-Salao-Automovel-de-Paris.jpg","keywords":["Intelig\u00eancia artificial","Mercado Europeu","mobilidade inteligente","novas tecnologias","Sal\u00e3o Autom\u00f3vel de Paris 2024","XPENG"],"articleSection":["Empresas"],"inLanguage":"pt-PT"},{"@type":"WebPage","@id":"https:\/\/jornaldasoficinas.com\/pt\/xpeng-leva-nova-mobilidade-com-ia-ao-salao-automovel-de-paris\/","url":"https:\/\/jornaldasoficinas.com\/pt\/xpeng-leva-nova-mobilidade-com-ia-ao-salao-automovel-de-paris\/","name":"XPENG leva nova mobilidade com IA ao Sal\u00e3o Autom\u00f3vel de Paris - Jornal das Oficinas","isPartOf":{"@id":"https:\/\/jornaldasoficinas.com\/pt\/#website"},"primaryImageOfPage":{"@id":"https:\/\/jornaldasoficinas.com\/pt\/xpeng-leva-nova-mobilidade-com-ia-ao-salao-automovel-de-paris\/#primaryimage"},"image":{"@id":"https:\/\/jornaldasoficinas.com\/pt\/xpeng-leva-nova-mobilidade-com-ia-ao-salao-automovel-de-paris\/#primaryimage"},"thumbnailUrl":"https:\/\/jornaldasoficinas.com\/pt\/wp-content\/uploads\/2024\/09\/XPENG-leva-nova-mobilidade-com-IA-ao-Salao-Automovel-de-Paris.jpg","datePublished":"2024-09-18T17:00:55+00:00","description":"Com foco na mobilidade inteligente, a XPENG est\u00e1 a revelar as novas tecnologias impulsionadas por IA no Sal\u00e3o Autom\u00f3vel de Paris","breadcrumb":{"@id":"https:\/\/jornaldasoficinas.com\/pt\/xpeng-leva-nova-mobilidade-com-ia-ao-salao-automovel-de-paris\/#breadcrumb"},"inLanguage":"pt-PT","potentialAction":[{"@type":"ReadAction","target":["https:\/\/jornaldasoficinas.com\/pt\/xpeng-leva-nova-mobilidade-com-ia-ao-salao-automovel-de-paris\/"]}]},{"@type":"ImageObject","inLanguage":"pt-PT","@id":"https:\/\/jornaldasoficinas.com\/pt\/xpeng-leva-nova-mobilidade-com-ia-ao-salao-automovel-de-paris\/#primaryimage","url":"https:\/\/jornaldasoficinas.com\/pt\/wp-content\/uploads\/2024\/09\/XPENG-leva-nova-mobilidade-com-IA-ao-Salao-Automovel-de-Paris.jpg","contentUrl":"https:\/\/jornaldasoficinas.com\/pt\/wp-content\/uploads\/2024\/09\/XPENG-leva-nova-mobilidade-com-IA-ao-Salao-Automovel-de-Paris.jpg","width":1024,"height":581,"caption":"09 - XPENG leva nova mobilidade com IA ao Salao Automovel de Paris"},{"@type":"BreadcrumbList","@id":"https:\/\/jornaldasoficinas.com\/pt\/xpeng-leva-nova-mobilidade-com-ia-ao-salao-automovel-de-paris\/#breadcrumb","itemListElement":[{"@type":"ListItem","position":1,"name":"In\u00edcio","item":"https:\/\/jornaldasoficinas.com\/pt\/"},{"@type":"ListItem","position":2,"name":"XPENG leva nova mobilidade com IA ao Sal\u00e3o Autom\u00f3vel de Paris"}]},{"@type":"WebSite","@id":"https:\/\/jornaldasoficinas.com\/pt\/#website","url":"https:\/\/jornaldasoficinas.com\/pt\/","name":"Jornal das Oficinas","description":"Jornal independente do Aftermarket Autom\u00f3vel em Portugal","publisher":{"@id":"https:\/\/jornaldasoficinas.com\/pt\/#organization"},"potentialAction":[{"@type":"SearchAction","target":{"@type":"EntryPoint","urlTemplate":"https:\/\/jornaldasoficinas.com\/pt\/?s={search_term_string}"},"query-input":{"@type":"PropertyValueSpecification","valueRequired":true,"valueName":"search_term_string"}}],"inLanguage":"pt-PT"},{"@type":"Organization","@id":"https:\/\/jornaldasoficinas.com\/pt\/#organization","name":"Jornal das Oficinas","url":"https:\/\/jornaldasoficinas.com\/pt\/","logo":{"@type":"ImageObject","inLanguage":"pt-PT","@id":"https:\/\/jornaldasoficinas.com\/pt\/#\/schema\/logo\/image\/","url":"https:\/\/jornaldasoficinas.com\/pt\/wp-content\/uploads\/logoJO-SEO.png","contentUrl":"https:\/\/jornaldasoficinas.com\/pt\/wp-content\/uploads\/logoJO-SEO.png","width":285,"height":450,"caption":"Jornal das Oficinas"},"image":{"@id":"https:\/\/jornaldasoficinas.com\/pt\/#\/schema\/logo\/image\/"},"sameAs":["https:\/\/www.facebook.com\/jornaloficinas","https:\/\/x.com\/jornaloficinas","https:\/\/www.instagram.com\/jornal_oficinas\/","https:\/\/www.linkedin.com\/company\/jornal-das-oficinas\/","https:\/\/www.youtube.com\/channel\/UCbQZBqtcvV-oSQrr7RzINGg"]},{"@type":"Person","@id":"https:\/\/jornaldasoficinas.com\/pt\/#\/schema\/person\/a38eef5de2c41d9e7c9ac10141afddf3","name":"Reda\u00e7\u00e3o JO","image":{"@type":"ImageObject","inLanguage":"pt-PT","@id":"https:\/\/secure.gravatar.com\/avatar\/71f2fa71737ad68a84fea94bc708ddac8ea5b0c4788dc2ad202f3ccb2887742f?s=96&d=wp_user_avatar&r=g","url":"https:\/\/secure.gravatar.com\/avatar\/71f2fa71737ad68a84fea94bc708ddac8ea5b0c4788dc2ad202f3ccb2887742f?s=96&d=wp_user_avatar&r=g","contentUrl":"https:\/\/secure.gravatar.com\/avatar\/71f2fa71737ad68a84fea94bc708ddac8ea5b0c4788dc2ad202f3ccb2887742f?s=96&d=wp_user_avatar&r=g","caption":"Reda\u00e7\u00e3o JO"},"url":"https:\/\/jornaldasoficinas.com\/pt\/author\/joredacao\/"}]}},"_links":{"self":[{"href":"https:\/\/jornaldasoficinas.com\/pt\/wp-json\/wp\/v2\/posts\/91312","targetHints":{"allow":["GET"]}}],"collection":[{"href":"https:\/\/jornaldasoficinas.com\/pt\/wp-json\/wp\/v2\/posts"}],"about":[{"href":"https:\/\/jornaldasoficinas.com\/pt\/wp-json\/wp\/v2\/types\/post"}],"author":[{"embeddable":true,"href":"https:\/\/jornaldasoficinas.com\/pt\/wp-json\/wp\/v2\/users\/15"}],"replies":[{"embeddable":true,"href":"https:\/\/jornaldasoficinas.com\/pt\/wp-json\/wp\/v2\/comments?post=91312"}],"version-history":[{"count":0,"href":"https:\/\/jornaldasoficinas.com\/pt\/wp-json\/wp\/v2\/posts\/91312\/revisions"}],"wp:featuredmedia":[{"embeddable":true,"href":"https:\/\/jornaldasoficinas.com\/pt\/wp-json\/wp\/v2\/media\/91320"}],"wp:attachment":[{"href":"https:\/\/jornaldasoficinas.com\/pt\/wp-json\/wp\/v2\/media?parent=91312"}],"wp:term":[{"taxonomy":"category","embeddable":true,"href":"https:\/\/jornaldasoficinas.com\/pt\/wp-json\/wp\/v2\/categories?post=91312"},{"taxonomy":"post_tag","embeddable":true,"href":"https:\/\/jornaldasoficinas.com\/pt\/wp-json\/wp\/v2\/tags?post=91312"}],"curies":[{"name":"wp","href":"https:\/\/api.w.org\/{rel}","templated":true}]}}