{"id":91475,"date":"2024-09-22T20:30:49","date_gmt":"2024-09-22T19:30:49","guid":{"rendered":"https:\/\/jornaldasoficinas.com\/pt\/?p=91475"},"modified":"2024-09-21T10:54:12","modified_gmt":"2024-09-21T09:54:12","slug":"economia-circular-nas-oficinas","status":"publish","type":"post","link":"https:\/\/jornaldasoficinas.com\/pt\/economia-circular-nas-oficinas\/","title":{"rendered":"Economia circular nas oficinas"},"content":{"rendered":"<p><img loading=\"lazy\" decoding=\"async\" class=\"alignnone size-full wp-image-91476\" src=\"https:\/\/jornaldasoficinas.com\/pt\/wp-content\/uploads\/2024\/09\/N1_economia_circular_oficinas_auto.jpg\" alt=\"09 - N1_economia_circular_oficinas_auto\" width=\"1024\" height=\"581\" srcset=\"https:\/\/jornaldasoficinas.com\/pt\/wp-content\/uploads\/2024\/09\/N1_economia_circular_oficinas_auto.jpg 1024w, https:\/\/jornaldasoficinas.com\/pt\/wp-content\/uploads\/2024\/09\/N1_economia_circular_oficinas_auto-300x170.jpg 300w, https:\/\/jornaldasoficinas.com\/pt\/wp-content\/uploads\/2024\/09\/N1_economia_circular_oficinas_auto-150x85.jpg 150w, https:\/\/jornaldasoficinas.com\/pt\/wp-content\/uploads\/2024\/09\/N1_economia_circular_oficinas_auto-768x436.jpg 768w\" sizes=\"auto, (max-width: 1024px) 100vw, 1024px\" \/><\/p>\n<p><strong>S\u00e3o muito poucos os setores que est\u00e3o sujeitos a tanta regulamenta\u00e7\u00e3o como as oficinas de repara\u00e7\u00e3o autom\u00f3vel. Para al\u00e9m das emiss\u00f5es de ru\u00eddo, a sa\u00fade e seguran\u00e7a no trabalho, preven\u00e7\u00e3o de inc\u00eandios, emiss\u00e3o de fumos, garantias, manuseamento de certos equipamentos e produtos, armazenamento e tratamento de res\u00edduos&#8230; Um sem fim de obriga\u00e7\u00f5es fiscais e legais que colocam as oficinas no topo das empresas mais sustent\u00e1veis, e que foi tema no \u00faltimo podcast do JO. Poucos automobilistas est\u00e3o conscientes do que significa o cumprimento destas obriga\u00e7\u00f5es legais e fiscais em termos administrativos, bem como em termos econ\u00f3micos, assim como poucos est\u00e3o conscientes do que a oficina traz para a sociedade em termos de economia circular<\/strong><\/p>\n<p>Est\u00e1 na altura de come\u00e7ar uma viagem de consciencializa\u00e7\u00e3o para um novo modelo de neg\u00f3cio em que a sustentabilidade \u00e9 integrada na estrat\u00e9gia empresarial de forma transversal. As oficinas t\u00eam de promover e divulgar o seu importante contributo para a economia circular, pois os utilizadores cada vez mais est\u00e3o a valorizar este compromisso e empenho nas empresas com as quais interagem. Numa altura de tantas mudan\u00e7as, em que \u00e9 t\u00e3o importante escolher os parceiros certos, vale a pena a oficina associar-se a parceiros que n\u00e3o s\u00f3 est\u00e3o determinados a fazer parte desta nova forma de entender o neg\u00f3cio, mas que compreendam a profunda mudan\u00e7a que ela implica e que podem ajudar os seus colaboradores a aderir, para que, para al\u00e9m de contribu\u00edrem para o ambiente, possam assegurar a sua viabilidade econ\u00f3mica no futuro.<\/p>\n<p>Os empres\u00e1rios do setor n\u00e3o s\u00e3o apenas garantes da seguran\u00e7a rodovi\u00e1ria, s\u00e3o tamb\u00e9m garantes da mobilidade das pessoas. Num parque autom\u00f3vel t\u00e3o antigo como o nosso, que j\u00e1 tem mais de catorze anos e continua a aumentar, a atividade das oficinas torna-se fundamental como garante da sustentabilidade. Se a economia circular n\u00e3o garantir o car\u00e1cter duradouro dos ve\u00edculos, com base na sua capacidade de repara\u00e7\u00e3o, estamos perante um problema de enorme gravidade. Porque n\u00e3o \u00e9 s\u00f3 a venda de ve\u00edculos novos com propulsores el\u00e9tricos que contribui para o objetivo de reduzir as emiss\u00f5es. A repara\u00e7\u00e3o e reutiliza\u00e7\u00e3o de pe\u00e7as, \u00e9 tamb\u00e9m uma medida de est\u00edmulo \u00e0 economia circular.<\/p>\n<p>A importante tarefa de repara\u00e7\u00e3o e manuten\u00e7\u00e3o, permite ve\u00edculos mais duradouros e fi\u00e1veis, salvaguardando, ao mesmo tempo, a seguran\u00e7a rodovi\u00e1ria. O princ\u00edpio da reutiliza\u00e7\u00e3o engloba o recondicionamento de pe\u00e7as usadas, a repara\u00e7\u00e3o de pe\u00e7as defeituosas e a remanufatura de componentes.<\/p>\n<p>Para os ve\u00edculos que estiveram envolvidos num acidente, muitas vezes n\u00e3o \u00e9 economicamente vi\u00e1vel substituir todas as pe\u00e7as defeituosas por novas. No entanto, as pe\u00e7as usadas (mais econ\u00f3micas) podem tornar as repara\u00e7\u00f5es uma op\u00e7\u00e3o sensata, resultando na continua\u00e7\u00e3o da utiliza\u00e7\u00e3o de ve\u00edculos. O princ\u00edpio da reutiliza\u00e7\u00e3o \u00e9 tamb\u00e9m importante nos ve\u00edculos el\u00e9tricos, especialmente no que diz respeito \u00e0s baterias de i\u00f5es de l\u00edtio. A elimina\u00e7\u00e3o prematura das baterias n\u00e3o faz sentido nem do ponto de vista ecol\u00f3gico nem econ\u00f3mico, uma vez que as baterias de alta tens\u00e3o podem continuar a ser utilizadas mesmo ap\u00f3s anos de utiliza\u00e7\u00e3o na estrada.<\/p>\n<p>A sustentabilidade \u00e9 cada vez mais importante, e tendo em conta que na generalidade das oficinas n\u00e3o \u00e9 um valor que seja demasiado explorado, \u00e9 tamb\u00e9m um poss\u00edvel elemento diferenciador em rela\u00e7\u00e3o \u00e0 concorr\u00eancia. A quest\u00e3o n\u00e3o deve ser se a oficina deve tirar partido do que j\u00e1 faz a este respeito, que \u00e9 muito mais do que por vezes parece fazer, para se diferenciar; a quest\u00e3o deve ser antes&#8230; qual \u00e9 a raz\u00e3o para n\u00e3o o fazer? Marketing, redes sociais e a imagem corporativa da oficina s\u00e3o armas muito poderosas para divulgar as pr\u00e1ticas sustent\u00e1veis da oficina, que t\u00eam como principal objetivo contribuir para um mundo melhor e para garantir um futuro em que haja recursos dispon\u00edveis para as futuras gera\u00e7\u00f5es.<\/p>\n<p>Fique a par do artigo completo na edi\u00e7\u00e3o impressa do Jornal das Oficinas de agosto\/setembro,<a href=\"https:\/\/www.yumpu.com\/pt\/document\/read\/68786788\/jornal-das-oficinas-218\/3\" target=\"_blank\" rel=\"noopener\"> aqui<\/a>.<\/p>\n","protected":false},"excerpt":{"rendered":"<p>S\u00e3o muito poucos os setores que&#8230;<\/p>\n","protected":false},"author":15,"featured_media":91476,"comment_status":"closed","ping_status":"closed","sticky":false,"template":"","format":"standard","meta":{"footnotes":""},"categories":[37],"tags":[387,4205,10687,3317,3563,1767,10686],"class_list":["post-91475","post","type-post","status-publish","format-standard","has-post-thumbnail","hentry","category-mercado","tag-economia-circular","tag-manutencao-automovel","tag-obrigacoes-fiscais-e-legais","tag-reparacao-automovel","tag-seguranca-rodoviaria","tag-sustentabilidade","tag-tratamento-de-residuos"],"yoast_head":"<!-- This site is optimized with the Yoast SEO plugin v27.5 - https:\/\/yoast.com\/product\/yoast-seo-wordpress\/ -->\n<title>Economia circular nas oficinas - Jornal das Oficinas<\/title>\n<meta name=\"description\" content=\"S\u00e3o muito poucos os setores que est\u00e3o sujeitos a tanta regulamenta\u00e7\u00e3o como as oficinas de repara\u00e7\u00e3o autom\u00f3vel\" \/>\n<meta name=\"robots\" content=\"index, follow, max-snippet:-1, max-image-preview:large, max-video-preview:-1\" \/>\n<link rel=\"canonical\" href=\"https:\/\/jornaldasoficinas.com\/pt\/economia-circular-nas-oficinas\/\" \/>\n<meta property=\"og:locale\" content=\"pt_PT\" \/>\n<meta property=\"og:type\" content=\"article\" \/>\n<meta property=\"og:title\" content=\"Economia circular nas oficinas - Jornal das Oficinas\" \/>\n<meta property=\"og:description\" content=\"S\u00e3o muito poucos os setores que est\u00e3o sujeitos a tanta regulamenta\u00e7\u00e3o como as oficinas de repara\u00e7\u00e3o autom\u00f3vel\" \/>\n<meta property=\"og:url\" content=\"https:\/\/jornaldasoficinas.com\/pt\/economia-circular-nas-oficinas\/\" \/>\n<meta property=\"og:site_name\" content=\"Jornal das Oficinas\" \/>\n<meta property=\"article:publisher\" content=\"https:\/\/www.facebook.com\/jornaloficinas\" \/>\n<meta property=\"article:published_time\" content=\"2024-09-22T19:30:49+00:00\" \/>\n<meta property=\"og:image\" content=\"https:\/\/jornaldasoficinas.com\/pt\/wp-content\/uploads\/2024\/09\/N1_economia_circular_oficinas_auto.jpg\" \/>\n\t<meta property=\"og:image:width\" content=\"1024\" \/>\n\t<meta property=\"og:image:height\" content=\"581\" \/>\n\t<meta property=\"og:image:type\" content=\"image\/jpeg\" \/>\n<meta name=\"author\" content=\"Reda\u00e7\u00e3o JO\" \/>\n<meta name=\"twitter:card\" content=\"summary_large_image\" \/>\n<meta name=\"twitter:creator\" content=\"@jornaloficinas\" \/>\n<meta name=\"twitter:site\" content=\"@jornaloficinas\" \/>\n<meta name=\"twitter:label1\" content=\"Escrito por\" \/>\n\t<meta name=\"twitter:data1\" content=\"Reda\u00e7\u00e3o JO\" \/>\n\t<meta name=\"twitter:label2\" content=\"Tempo estimado de leitura\" \/>\n\t<meta name=\"twitter:data2\" content=\"4 minutos\" \/>\n<script type=\"application\/ld+json\" class=\"yoast-schema-graph\">{\"@context\":\"https:\\\/\\\/schema.org\",\"@graph\":[{\"@type\":\"Article\",\"@id\":\"https:\\\/\\\/jornaldasoficinas.com\\\/pt\\\/economia-circular-nas-oficinas\\\/#article\",\"isPartOf\":{\"@id\":\"https:\\\/\\\/jornaldasoficinas.com\\\/pt\\\/economia-circular-nas-oficinas\\\/\"},\"author\":{\"name\":\"Reda\u00e7\u00e3o JO\",\"@id\":\"https:\\\/\\\/jornaldasoficinas.com\\\/pt\\\/#\\\/schema\\\/person\\\/a38eef5de2c41d9e7c9ac10141afddf3\"},\"headline\":\"Economia circular nas oficinas\",\"datePublished\":\"2024-09-22T19:30:49+00:00\",\"mainEntityOfPage\":{\"@id\":\"https:\\\/\\\/jornaldasoficinas.com\\\/pt\\\/economia-circular-nas-oficinas\\\/\"},\"wordCount\":734,\"publisher\":{\"@id\":\"https:\\\/\\\/jornaldasoficinas.com\\\/pt\\\/#organization\"},\"image\":{\"@id\":\"https:\\\/\\\/jornaldasoficinas.com\\\/pt\\\/economia-circular-nas-oficinas\\\/#primaryimage\"},\"thumbnailUrl\":\"https:\\\/\\\/jornaldasoficinas.com\\\/pt\\\/wp-content\\\/uploads\\\/2024\\\/09\\\/N1_economia_circular_oficinas_auto.jpg\",\"keywords\":[\"Economia Circular\",\"manuten\u00e7\u00e3o autom\u00f3vel\",\"obriga\u00e7\u00f5es fiscais e legais\",\"Repara\u00e7\u00e3o autom\u00f3vel\",\"Seguran\u00e7a rodovi\u00e1ria\",\"Sustentabilidade\",\"tratamento de res\u00edduos\"],\"articleSection\":[\"Mercado\"],\"inLanguage\":\"pt-PT\"},{\"@type\":\"WebPage\",\"@id\":\"https:\\\/\\\/jornaldasoficinas.com\\\/pt\\\/economia-circular-nas-oficinas\\\/\",\"url\":\"https:\\\/\\\/jornaldasoficinas.com\\\/pt\\\/economia-circular-nas-oficinas\\\/\",\"name\":\"Economia circular nas oficinas - Jornal das Oficinas\",\"isPartOf\":{\"@id\":\"https:\\\/\\\/jornaldasoficinas.com\\\/pt\\\/#website\"},\"primaryImageOfPage\":{\"@id\":\"https:\\\/\\\/jornaldasoficinas.com\\\/pt\\\/economia-circular-nas-oficinas\\\/#primaryimage\"},\"image\":{\"@id\":\"https:\\\/\\\/jornaldasoficinas.com\\\/pt\\\/economia-circular-nas-oficinas\\\/#primaryimage\"},\"thumbnailUrl\":\"https:\\\/\\\/jornaldasoficinas.com\\\/pt\\\/wp-content\\\/uploads\\\/2024\\\/09\\\/N1_economia_circular_oficinas_auto.jpg\",\"datePublished\":\"2024-09-22T19:30:49+00:00\",\"description\":\"S\u00e3o muito poucos os setores que est\u00e3o sujeitos a tanta regulamenta\u00e7\u00e3o como as oficinas de repara\u00e7\u00e3o autom\u00f3vel\",\"breadcrumb\":{\"@id\":\"https:\\\/\\\/jornaldasoficinas.com\\\/pt\\\/economia-circular-nas-oficinas\\\/#breadcrumb\"},\"inLanguage\":\"pt-PT\",\"potentialAction\":[{\"@type\":\"ReadAction\",\"target\":[\"https:\\\/\\\/jornaldasoficinas.com\\\/pt\\\/economia-circular-nas-oficinas\\\/\"]}]},{\"@type\":\"ImageObject\",\"inLanguage\":\"pt-PT\",\"@id\":\"https:\\\/\\\/jornaldasoficinas.com\\\/pt\\\/economia-circular-nas-oficinas\\\/#primaryimage\",\"url\":\"https:\\\/\\\/jornaldasoficinas.com\\\/pt\\\/wp-content\\\/uploads\\\/2024\\\/09\\\/N1_economia_circular_oficinas_auto.jpg\",\"contentUrl\":\"https:\\\/\\\/jornaldasoficinas.com\\\/pt\\\/wp-content\\\/uploads\\\/2024\\\/09\\\/N1_economia_circular_oficinas_auto.jpg\",\"width\":1024,\"height\":581,\"caption\":\"09 - N1_economia_circular_oficinas_auto\"},{\"@type\":\"BreadcrumbList\",\"@id\":\"https:\\\/\\\/jornaldasoficinas.com\\\/pt\\\/economia-circular-nas-oficinas\\\/#breadcrumb\",\"itemListElement\":[{\"@type\":\"ListItem\",\"position\":1,\"name\":\"In\u00edcio\",\"item\":\"https:\\\/\\\/jornaldasoficinas.com\\\/pt\\\/\"},{\"@type\":\"ListItem\",\"position\":2,\"name\":\"Economia circular nas oficinas\"}]},{\"@type\":\"WebSite\",\"@id\":\"https:\\\/\\\/jornaldasoficinas.com\\\/pt\\\/#website\",\"url\":\"https:\\\/\\\/jornaldasoficinas.com\\\/pt\\\/\",\"name\":\"Jornal das Oficinas\",\"description\":\"Jornal independente do Aftermarket Autom\u00f3vel em Portugal\",\"publisher\":{\"@id\":\"https:\\\/\\\/jornaldasoficinas.com\\\/pt\\\/#organization\"},\"potentialAction\":[{\"@type\":\"SearchAction\",\"target\":{\"@type\":\"EntryPoint\",\"urlTemplate\":\"https:\\\/\\\/jornaldasoficinas.com\\\/pt\\\/?s={search_term_string}\"},\"query-input\":{\"@type\":\"PropertyValueSpecification\",\"valueRequired\":true,\"valueName\":\"search_term_string\"}}],\"inLanguage\":\"pt-PT\"},{\"@type\":\"Organization\",\"@id\":\"https:\\\/\\\/jornaldasoficinas.com\\\/pt\\\/#organization\",\"name\":\"Jornal das Oficinas\",\"url\":\"https:\\\/\\\/jornaldasoficinas.com\\\/pt\\\/\",\"logo\":{\"@type\":\"ImageObject\",\"inLanguage\":\"pt-PT\",\"@id\":\"https:\\\/\\\/jornaldasoficinas.com\\\/pt\\\/#\\\/schema\\\/logo\\\/image\\\/\",\"url\":\"https:\\\/\\\/jornaldasoficinas.com\\\/pt\\\/wp-content\\\/uploads\\\/logoJO-SEO.png\",\"contentUrl\":\"https:\\\/\\\/jornaldasoficinas.com\\\/pt\\\/wp-content\\\/uploads\\\/logoJO-SEO.png\",\"width\":285,\"height\":450,\"caption\":\"Jornal das Oficinas\"},\"image\":{\"@id\":\"https:\\\/\\\/jornaldasoficinas.com\\\/pt\\\/#\\\/schema\\\/logo\\\/image\\\/\"},\"sameAs\":[\"https:\\\/\\\/www.facebook.com\\\/jornaloficinas\",\"https:\\\/\\\/x.com\\\/jornaloficinas\",\"https:\\\/\\\/www.instagram.com\\\/jornal_oficinas\\\/\",\"https:\\\/\\\/www.linkedin.com\\\/company\\\/jornal-das-oficinas\\\/\",\"https:\\\/\\\/www.youtube.com\\\/channel\\\/UCbQZBqtcvV-oSQrr7RzINGg\"]},{\"@type\":\"Person\",\"@id\":\"https:\\\/\\\/jornaldasoficinas.com\\\/pt\\\/#\\\/schema\\\/person\\\/a38eef5de2c41d9e7c9ac10141afddf3\",\"name\":\"Reda\u00e7\u00e3o JO\",\"image\":{\"@type\":\"ImageObject\",\"inLanguage\":\"pt-PT\",\"@id\":\"https:\\\/\\\/secure.gravatar.com\\\/avatar\\\/71f2fa71737ad68a84fea94bc708ddac8ea5b0c4788dc2ad202f3ccb2887742f?s=96&d=wp_user_avatar&r=g\",\"url\":\"https:\\\/\\\/secure.gravatar.com\\\/avatar\\\/71f2fa71737ad68a84fea94bc708ddac8ea5b0c4788dc2ad202f3ccb2887742f?s=96&d=wp_user_avatar&r=g\",\"contentUrl\":\"https:\\\/\\\/secure.gravatar.com\\\/avatar\\\/71f2fa71737ad68a84fea94bc708ddac8ea5b0c4788dc2ad202f3ccb2887742f?s=96&d=wp_user_avatar&r=g\",\"caption\":\"Reda\u00e7\u00e3o JO\"},\"url\":\"https:\\\/\\\/jornaldasoficinas.com\\\/pt\\\/author\\\/joredacao\\\/\"}]}<\/script>\n<!-- \/ Yoast SEO plugin. -->","yoast_head_json":{"title":"Economia circular nas oficinas - Jornal das Oficinas","description":"S\u00e3o muito poucos os setores que est\u00e3o sujeitos a tanta regulamenta\u00e7\u00e3o como as oficinas de repara\u00e7\u00e3o autom\u00f3vel","robots":{"index":"index","follow":"follow","max-snippet":"max-snippet:-1","max-image-preview":"max-image-preview:large","max-video-preview":"max-video-preview:-1"},"canonical":"https:\/\/jornaldasoficinas.com\/pt\/economia-circular-nas-oficinas\/","og_locale":"pt_PT","og_type":"article","og_title":"Economia circular nas oficinas - Jornal das Oficinas","og_description":"S\u00e3o muito poucos os setores que est\u00e3o sujeitos a tanta regulamenta\u00e7\u00e3o como as oficinas de repara\u00e7\u00e3o autom\u00f3vel","og_url":"https:\/\/jornaldasoficinas.com\/pt\/economia-circular-nas-oficinas\/","og_site_name":"Jornal das Oficinas","article_publisher":"https:\/\/www.facebook.com\/jornaloficinas","article_published_time":"2024-09-22T19:30:49+00:00","og_image":[{"width":1024,"height":581,"url":"https:\/\/jornaldasoficinas.com\/pt\/wp-content\/uploads\/2024\/09\/N1_economia_circular_oficinas_auto.jpg","type":"image\/jpeg"}],"author":"Reda\u00e7\u00e3o JO","twitter_card":"summary_large_image","twitter_creator":"@jornaloficinas","twitter_site":"@jornaloficinas","twitter_misc":{"Escrito por":"Reda\u00e7\u00e3o JO","Tempo estimado de leitura":"4 minutos"},"schema":{"@context":"https:\/\/schema.org","@graph":[{"@type":"Article","@id":"https:\/\/jornaldasoficinas.com\/pt\/economia-circular-nas-oficinas\/#article","isPartOf":{"@id":"https:\/\/jornaldasoficinas.com\/pt\/economia-circular-nas-oficinas\/"},"author":{"name":"Reda\u00e7\u00e3o JO","@id":"https:\/\/jornaldasoficinas.com\/pt\/#\/schema\/person\/a38eef5de2c41d9e7c9ac10141afddf3"},"headline":"Economia circular nas oficinas","datePublished":"2024-09-22T19:30:49+00:00","mainEntityOfPage":{"@id":"https:\/\/jornaldasoficinas.com\/pt\/economia-circular-nas-oficinas\/"},"wordCount":734,"publisher":{"@id":"https:\/\/jornaldasoficinas.com\/pt\/#organization"},"image":{"@id":"https:\/\/jornaldasoficinas.com\/pt\/economia-circular-nas-oficinas\/#primaryimage"},"thumbnailUrl":"https:\/\/jornaldasoficinas.com\/pt\/wp-content\/uploads\/2024\/09\/N1_economia_circular_oficinas_auto.jpg","keywords":["Economia Circular","manuten\u00e7\u00e3o autom\u00f3vel","obriga\u00e7\u00f5es fiscais e legais","Repara\u00e7\u00e3o autom\u00f3vel","Seguran\u00e7a rodovi\u00e1ria","Sustentabilidade","tratamento de res\u00edduos"],"articleSection":["Mercado"],"inLanguage":"pt-PT"},{"@type":"WebPage","@id":"https:\/\/jornaldasoficinas.com\/pt\/economia-circular-nas-oficinas\/","url":"https:\/\/jornaldasoficinas.com\/pt\/economia-circular-nas-oficinas\/","name":"Economia circular nas oficinas - Jornal das Oficinas","isPartOf":{"@id":"https:\/\/jornaldasoficinas.com\/pt\/#website"},"primaryImageOfPage":{"@id":"https:\/\/jornaldasoficinas.com\/pt\/economia-circular-nas-oficinas\/#primaryimage"},"image":{"@id":"https:\/\/jornaldasoficinas.com\/pt\/economia-circular-nas-oficinas\/#primaryimage"},"thumbnailUrl":"https:\/\/jornaldasoficinas.com\/pt\/wp-content\/uploads\/2024\/09\/N1_economia_circular_oficinas_auto.jpg","datePublished":"2024-09-22T19:30:49+00:00","description":"S\u00e3o muito poucos os setores que est\u00e3o sujeitos a tanta regulamenta\u00e7\u00e3o como as oficinas de repara\u00e7\u00e3o autom\u00f3vel","breadcrumb":{"@id":"https:\/\/jornaldasoficinas.com\/pt\/economia-circular-nas-oficinas\/#breadcrumb"},"inLanguage":"pt-PT","potentialAction":[{"@type":"ReadAction","target":["https:\/\/jornaldasoficinas.com\/pt\/economia-circular-nas-oficinas\/"]}]},{"@type":"ImageObject","inLanguage":"pt-PT","@id":"https:\/\/jornaldasoficinas.com\/pt\/economia-circular-nas-oficinas\/#primaryimage","url":"https:\/\/jornaldasoficinas.com\/pt\/wp-content\/uploads\/2024\/09\/N1_economia_circular_oficinas_auto.jpg","contentUrl":"https:\/\/jornaldasoficinas.com\/pt\/wp-content\/uploads\/2024\/09\/N1_economia_circular_oficinas_auto.jpg","width":1024,"height":581,"caption":"09 - N1_economia_circular_oficinas_auto"},{"@type":"BreadcrumbList","@id":"https:\/\/jornaldasoficinas.com\/pt\/economia-circular-nas-oficinas\/#breadcrumb","itemListElement":[{"@type":"ListItem","position":1,"name":"In\u00edcio","item":"https:\/\/jornaldasoficinas.com\/pt\/"},{"@type":"ListItem","position":2,"name":"Economia circular nas oficinas"}]},{"@type":"WebSite","@id":"https:\/\/jornaldasoficinas.com\/pt\/#website","url":"https:\/\/jornaldasoficinas.com\/pt\/","name":"Jornal das Oficinas","description":"Jornal independente do Aftermarket Autom\u00f3vel em Portugal","publisher":{"@id":"https:\/\/jornaldasoficinas.com\/pt\/#organization"},"potentialAction":[{"@type":"SearchAction","target":{"@type":"EntryPoint","urlTemplate":"https:\/\/jornaldasoficinas.com\/pt\/?s={search_term_string}"},"query-input":{"@type":"PropertyValueSpecification","valueRequired":true,"valueName":"search_term_string"}}],"inLanguage":"pt-PT"},{"@type":"Organization","@id":"https:\/\/jornaldasoficinas.com\/pt\/#organization","name":"Jornal das Oficinas","url":"https:\/\/jornaldasoficinas.com\/pt\/","logo":{"@type":"ImageObject","inLanguage":"pt-PT","@id":"https:\/\/jornaldasoficinas.com\/pt\/#\/schema\/logo\/image\/","url":"https:\/\/jornaldasoficinas.com\/pt\/wp-content\/uploads\/logoJO-SEO.png","contentUrl":"https:\/\/jornaldasoficinas.com\/pt\/wp-content\/uploads\/logoJO-SEO.png","width":285,"height":450,"caption":"Jornal das Oficinas"},"image":{"@id":"https:\/\/jornaldasoficinas.com\/pt\/#\/schema\/logo\/image\/"},"sameAs":["https:\/\/www.facebook.com\/jornaloficinas","https:\/\/x.com\/jornaloficinas","https:\/\/www.instagram.com\/jornal_oficinas\/","https:\/\/www.linkedin.com\/company\/jornal-das-oficinas\/","https:\/\/www.youtube.com\/channel\/UCbQZBqtcvV-oSQrr7RzINGg"]},{"@type":"Person","@id":"https:\/\/jornaldasoficinas.com\/pt\/#\/schema\/person\/a38eef5de2c41d9e7c9ac10141afddf3","name":"Reda\u00e7\u00e3o JO","image":{"@type":"ImageObject","inLanguage":"pt-PT","@id":"https:\/\/secure.gravatar.com\/avatar\/71f2fa71737ad68a84fea94bc708ddac8ea5b0c4788dc2ad202f3ccb2887742f?s=96&d=wp_user_avatar&r=g","url":"https:\/\/secure.gravatar.com\/avatar\/71f2fa71737ad68a84fea94bc708ddac8ea5b0c4788dc2ad202f3ccb2887742f?s=96&d=wp_user_avatar&r=g","contentUrl":"https:\/\/secure.gravatar.com\/avatar\/71f2fa71737ad68a84fea94bc708ddac8ea5b0c4788dc2ad202f3ccb2887742f?s=96&d=wp_user_avatar&r=g","caption":"Reda\u00e7\u00e3o JO"},"url":"https:\/\/jornaldasoficinas.com\/pt\/author\/joredacao\/"}]}},"_links":{"self":[{"href":"https:\/\/jornaldasoficinas.com\/pt\/wp-json\/wp\/v2\/posts\/91475","targetHints":{"allow":["GET"]}}],"collection":[{"href":"https:\/\/jornaldasoficinas.com\/pt\/wp-json\/wp\/v2\/posts"}],"about":[{"href":"https:\/\/jornaldasoficinas.com\/pt\/wp-json\/wp\/v2\/types\/post"}],"author":[{"embeddable":true,"href":"https:\/\/jornaldasoficinas.com\/pt\/wp-json\/wp\/v2\/users\/15"}],"replies":[{"embeddable":true,"href":"https:\/\/jornaldasoficinas.com\/pt\/wp-json\/wp\/v2\/comments?post=91475"}],"version-history":[{"count":0,"href":"https:\/\/jornaldasoficinas.com\/pt\/wp-json\/wp\/v2\/posts\/91475\/revisions"}],"wp:featuredmedia":[{"embeddable":true,"href":"https:\/\/jornaldasoficinas.com\/pt\/wp-json\/wp\/v2\/media\/91476"}],"wp:attachment":[{"href":"https:\/\/jornaldasoficinas.com\/pt\/wp-json\/wp\/v2\/media?parent=91475"}],"wp:term":[{"taxonomy":"category","embeddable":true,"href":"https:\/\/jornaldasoficinas.com\/pt\/wp-json\/wp\/v2\/categories?post=91475"},{"taxonomy":"post_tag","embeddable":true,"href":"https:\/\/jornaldasoficinas.com\/pt\/wp-json\/wp\/v2\/tags?post=91475"}],"curies":[{"name":"wp","href":"https:\/\/api.w.org\/{rel}","templated":true}]}}