{"id":91483,"date":"2024-09-22T21:30:06","date_gmt":"2024-09-22T20:30:06","guid":{"rendered":"https:\/\/jornaldasoficinas.com\/pt\/?p=91483"},"modified":"2024-09-20T18:59:29","modified_gmt":"2024-09-20T17:59:29","slug":"afinal-o-que-e-preciso-para-ser-um-bom-lider","status":"publish","type":"post","link":"https:\/\/jornaldasoficinas.com\/pt\/afinal-o-que-e-preciso-para-ser-um-bom-lider\/","title":{"rendered":"Afinal, o que \u00e9 preciso para ser um bom l\u00edder?"},"content":{"rendered":"<p><img loading=\"lazy\" decoding=\"async\" class=\"alignnone size-full wp-image-91484\" src=\"https:\/\/jornaldasoficinas.com\/pt\/wp-content\/uploads\/2024\/09\/N3_lideranca_aftermarket.jpeg\" alt=\"09 - N3_lideranca_aftermarket\" width=\"1024\" height=\"581\" srcset=\"https:\/\/jornaldasoficinas.com\/pt\/wp-content\/uploads\/2024\/09\/N3_lideranca_aftermarket.jpeg 1024w, https:\/\/jornaldasoficinas.com\/pt\/wp-content\/uploads\/2024\/09\/N3_lideranca_aftermarket-300x170.jpeg 300w, https:\/\/jornaldasoficinas.com\/pt\/wp-content\/uploads\/2024\/09\/N3_lideranca_aftermarket-150x85.jpeg 150w, https:\/\/jornaldasoficinas.com\/pt\/wp-content\/uploads\/2024\/09\/N3_lideranca_aftermarket-768x436.jpeg 768w\" sizes=\"auto, (max-width: 1024px) 100vw, 1024px\" \/><\/p>\n<p><strong>Uma lideran\u00e7a eficaz \u00e9 cada vez mais importante para a reten\u00e7\u00e3o de talentos e um desafio crescente no setor aftermarket. A arte de liderar uma equipa \u00e9 das mais exigentes, mas em \u00faltima an\u00e1lise, uma das mais compensadoras. A parte dif\u00edcil de ser um l\u00edder eficaz \u00e9 saber onde tra\u00e7ar os limites para determinar o que \u00e9 ben\u00e9fico e o que pode n\u00e3o ser<\/strong><\/p>\n<p>Lideran\u00e7a \u00e9 a habilidade de influenciar, motivar e capacitar outras pessoas para alcan\u00e7ar objetivos comuns. Segundo Lauren Landry, diretora de marketing e comunica\u00e7\u00f5es da <a href=\"https:\/\/www.hbs.edu\/\" target=\"_blank\" rel=\"noopener\">Harvard Business School<\/a>, l\u00edderes eficazes possuem caracter\u00edsticas como integridade, capacidade de comunica\u00e7\u00e3o, empatia e adaptabilidade.<\/p>\n<p>Al\u00e9m dessas caracter\u00edsticas, tamb\u00e9m devem reconhecer a import\u00e2ncia de cultivar um ambiente de confian\u00e7a e transpar\u00eancia. Em \u201cGood Leadership? It All Starts With Trust\u201d (Boa lideran\u00e7a? Tudo come\u00e7a com confian\u00e7a), publicado por Abbey Lewis, as empresas com l\u00edderes que promovem uma cultura de confian\u00e7a t\u00eam n\u00edveis mais elevados de inova\u00e7\u00e3o, envolvimento dos colaboradores e desempenho organizacional. Esse tipo de lideran\u00e7a n\u00e3o apenas ret\u00e9m talentos, mas tamb\u00e9m os inspira a que se superem, contribuindo para um ciclo cont\u00ednuo de crescimento e sucesso na empresa. Investir no desenvolvimento de habilidades de lideran\u00e7a, portanto, n\u00e3o \u00e9 apenas uma quest\u00e3o de gest\u00e3o eficaz, mas uma estrat\u00e9gia crucial para a sustentabilidade e prosperidade a longo prazo de qualquer organiza\u00e7\u00e3o.<\/p>\n<p><strong>Um caso de sucesso<\/strong><br \/>\nUm exemplo cl\u00e1ssico de lideran\u00e7a bem-sucedida \u00e9 Lee Iacocca, um executivo que dirigiu a Ford e que salvou a Chrysler da fal\u00eancia. Em 1979, a empresa atravessava um per\u00edodo de crise profunda. Lee Iacocca, nomeado presidente a 20 de setembro de 1979, implementou uma s\u00e9rie cortes or\u00e7amentais e adotou uma estrat\u00e9gia de marketing criativa e ousada para a \u00e9poca. Num dos an\u00fancios publicit\u00e1rios, chegou mesmo a afirmar: \u201cSe encontrar um carro melhor, compre-o.\u201d Esta frase tornou-se c\u00e9lebre e fez desta uma das campanhas corporativas mais famosas da hist\u00f3ria. Al\u00e9m disso, negociou um empr\u00e9stimo com o congresso americano que ficou pago com sete anos de anteced\u00eancia e ainda introduziu novos modelos de carros que se tornaram extremamente populares no mercado.<\/p>\n<p>Gra\u00e7as \u00e0 sua lideran\u00e7a vision\u00e1ria, a Chrysler voltou a ser rent\u00e1vel em 1983. O empres\u00e1rio manteve-se na presid\u00eancia at\u00e9 1992, altura em que se reformou aos 68 anos. Durante o seu mandato, expandiu ainda o portf\u00f3lio ao adquirir a American Motors Corporation (AMC) e a Jeep ao portf\u00f3lio de marcas do grupo. No entanto, o sucesso do CEO n\u00e3o se deveu apenas \u00e0 sua estrat\u00e9gia empresarial, mas tamb\u00e9m \u00e0 forma como transformou a cultura interna da empresa, inspirando os colaboradores a tornarem-se pessoas motivadas e \u201cfamintas\u201d pela vit\u00f3ria e o progresso, tal como ele. O pr\u00f3prio chegava a dizer que: \u201cNo final, todas as opera\u00e7\u00f5es comerciais podem ser reduzidas em tr\u00eas palavras: pessoas, produtos e lucros. As pessoas v\u00eam em primeiro lugar. Se n\u00e3o tiveres uma boa equipa, n\u00e3o poder\u00e1s fazer muito com as outras duas\u201d.<\/p>\n<p><strong>Boa lideran\u00e7a ret\u00e9m talentos<\/strong><br \/>\nProvavelmente j\u00e1 deve ter ouvido a express\u00e3o \u201cas pessoas n\u00e3o pedem demiss\u00e3o das empresas, mas sim dos l\u00edderes\u201d. Na realidade, os n\u00fameros confirmam mesmo essa tend\u00eancia. Em Portugal, 81% dos profissionais admitem ter ponderado sair da empresa devido \u00e0 sua chefia, e 56% (que correspondem a 45% do total dos inquiridos) chegou mesmo a faz\u00ea-lo.<\/p>\n<p>Os dados fazem parte do estudo \u201cQual a qualidade das nossas lideran\u00e7as? A Import\u00e2ncia da Empatia\u201d, de Sara Mid\u00f5es, coordenadora executiva e docente do Curso de Lideran\u00e7a Positiva e Emp\u00e1tica, do Instituto Superior de Ci\u00eancias Sociais e Pol\u00edticas da Universidade de Lisboa (ISCSP). Uma das principais conclus\u00f5es deste estudo, publicado em 2023, \u00e9 que aproximadamente 88% dos inquiridos reconhecem que a sua satisfa\u00e7\u00e3o laboral \u00e9 diretamente impactada (positiva ou negativamente) pela sua lideran\u00e7a e 81% mencionaram que afeta o seu bem-estar.<\/p>\n<p>No entanto, a mesma investiga\u00e7\u00e3o tamb\u00e9m destaca dados interessantes sobre o impacto positivo da lideran\u00e7a na reten\u00e7\u00e3o de talentos. Fique a par destes e de outros dados na edi\u00e7\u00e3o impressa do Jornal das Oficinas de agosto\/setembro, <a href=\"https:\/\/www.yumpu.com\/pt\/document\/read\/68786788\/jornal-das-oficinas-218\/6\">aqui<\/a>.<\/p>\n<p>&nbsp;<\/p>\n<p>&nbsp;<\/p>\n","protected":false},"excerpt":{"rendered":"<p>Uma lideran\u00e7a eficaz \u00e9 cada vez&#8230;<\/p>\n","protected":false},"author":15,"featured_media":91484,"comment_status":"closed","ping_status":"closed","sticky":false,"template":"","format":"standard","meta":{"footnotes":""},"categories":[37],"tags":[10691,10689,10692,10693,10690,6548,10688],"class_list":["post-91483","post","type-post","status-publish","format-standard","has-post-thumbnail","hentry","category-mercado","tag-abbey-lewis","tag-arte-de-liderar","tag-caso-de-sucesso","tag-gestao-eficaz","tag-lauren-landry","tag-lideranca","tag-retencao-de-talentos"],"yoast_head":"<!-- This site is optimized with the Yoast SEO plugin v27.4 - https:\/\/yoast.com\/product\/yoast-seo-wordpress\/ -->\n<title>Afinal, o que \u00e9 preciso para ser um bom l\u00edder? - Jornal das Oficinas<\/title>\n<meta name=\"description\" content=\"Uma lideran\u00e7a eficaz \u00e9 cada vez mais importante para a reten\u00e7\u00e3o de talentos e um desafio crescente no setor aftermarket\" \/>\n<meta name=\"robots\" content=\"index, follow, max-snippet:-1, max-image-preview:large, max-video-preview:-1\" \/>\n<link rel=\"canonical\" href=\"https:\/\/jornaldasoficinas.com\/pt\/afinal-o-que-e-preciso-para-ser-um-bom-lider\/\" \/>\n<meta property=\"og:locale\" content=\"pt_PT\" \/>\n<meta property=\"og:type\" content=\"article\" \/>\n<meta property=\"og:title\" content=\"Afinal, o que \u00e9 preciso para ser um bom l\u00edder? - Jornal das Oficinas\" \/>\n<meta property=\"og:description\" content=\"Uma lideran\u00e7a eficaz \u00e9 cada vez mais importante para a reten\u00e7\u00e3o de talentos e um desafio crescente no setor aftermarket\" \/>\n<meta property=\"og:url\" content=\"https:\/\/jornaldasoficinas.com\/pt\/afinal-o-que-e-preciso-para-ser-um-bom-lider\/\" \/>\n<meta property=\"og:site_name\" content=\"Jornal das Oficinas\" \/>\n<meta property=\"article:publisher\" content=\"https:\/\/www.facebook.com\/jornaloficinas\" \/>\n<meta property=\"article:published_time\" content=\"2024-09-22T20:30:06+00:00\" \/>\n<meta property=\"og:image\" content=\"https:\/\/jornaldasoficinas.com\/pt\/wp-content\/uploads\/2024\/09\/N3_lideranca_aftermarket.jpeg\" \/>\n\t<meta property=\"og:image:width\" content=\"1024\" \/>\n\t<meta property=\"og:image:height\" content=\"581\" \/>\n\t<meta property=\"og:image:type\" content=\"image\/jpeg\" \/>\n<meta name=\"author\" content=\"Reda\u00e7\u00e3o JO\" \/>\n<meta name=\"twitter:card\" content=\"summary_large_image\" \/>\n<meta name=\"twitter:creator\" content=\"@jornaloficinas\" \/>\n<meta name=\"twitter:site\" content=\"@jornaloficinas\" \/>\n<meta name=\"twitter:label1\" content=\"Escrito por\" \/>\n\t<meta name=\"twitter:data1\" content=\"Reda\u00e7\u00e3o JO\" \/>\n\t<meta name=\"twitter:label2\" content=\"Tempo estimado de leitura\" \/>\n\t<meta name=\"twitter:data2\" content=\"5 minutos\" \/>\n<script type=\"application\/ld+json\" class=\"yoast-schema-graph\">{\"@context\":\"https:\\\/\\\/schema.org\",\"@graph\":[{\"@type\":\"Article\",\"@id\":\"https:\\\/\\\/jornaldasoficinas.com\\\/pt\\\/afinal-o-que-e-preciso-para-ser-um-bom-lider\\\/#article\",\"isPartOf\":{\"@id\":\"https:\\\/\\\/jornaldasoficinas.com\\\/pt\\\/afinal-o-que-e-preciso-para-ser-um-bom-lider\\\/\"},\"author\":{\"name\":\"Reda\u00e7\u00e3o JO\",\"@id\":\"https:\\\/\\\/jornaldasoficinas.com\\\/pt\\\/#\\\/schema\\\/person\\\/a38eef5de2c41d9e7c9ac10141afddf3\"},\"headline\":\"Afinal, o que \u00e9 preciso para ser um bom l\u00edder?\",\"datePublished\":\"2024-09-22T20:30:06+00:00\",\"mainEntityOfPage\":{\"@id\":\"https:\\\/\\\/jornaldasoficinas.com\\\/pt\\\/afinal-o-que-e-preciso-para-ser-um-bom-lider\\\/\"},\"wordCount\":737,\"publisher\":{\"@id\":\"https:\\\/\\\/jornaldasoficinas.com\\\/pt\\\/#organization\"},\"image\":{\"@id\":\"https:\\\/\\\/jornaldasoficinas.com\\\/pt\\\/afinal-o-que-e-preciso-para-ser-um-bom-lider\\\/#primaryimage\"},\"thumbnailUrl\":\"https:\\\/\\\/jornaldasoficinas.com\\\/pt\\\/wp-content\\\/uploads\\\/2024\\\/09\\\/N3_lideranca_aftermarket.jpeg\",\"keywords\":[\"Abbey Lewis\",\"arte de liderar\",\"caso de sucesso\",\"gest\u00e3o eficaz\",\"Lauren Landry\",\"Lideran\u00e7a\",\"reten\u00e7\u00e3o de talentos\"],\"articleSection\":[\"Mercado\"],\"inLanguage\":\"pt-PT\"},{\"@type\":\"WebPage\",\"@id\":\"https:\\\/\\\/jornaldasoficinas.com\\\/pt\\\/afinal-o-que-e-preciso-para-ser-um-bom-lider\\\/\",\"url\":\"https:\\\/\\\/jornaldasoficinas.com\\\/pt\\\/afinal-o-que-e-preciso-para-ser-um-bom-lider\\\/\",\"name\":\"Afinal, o que \u00e9 preciso para ser um bom l\u00edder? - Jornal das Oficinas\",\"isPartOf\":{\"@id\":\"https:\\\/\\\/jornaldasoficinas.com\\\/pt\\\/#website\"},\"primaryImageOfPage\":{\"@id\":\"https:\\\/\\\/jornaldasoficinas.com\\\/pt\\\/afinal-o-que-e-preciso-para-ser-um-bom-lider\\\/#primaryimage\"},\"image\":{\"@id\":\"https:\\\/\\\/jornaldasoficinas.com\\\/pt\\\/afinal-o-que-e-preciso-para-ser-um-bom-lider\\\/#primaryimage\"},\"thumbnailUrl\":\"https:\\\/\\\/jornaldasoficinas.com\\\/pt\\\/wp-content\\\/uploads\\\/2024\\\/09\\\/N3_lideranca_aftermarket.jpeg\",\"datePublished\":\"2024-09-22T20:30:06+00:00\",\"description\":\"Uma lideran\u00e7a eficaz \u00e9 cada vez mais importante para a reten\u00e7\u00e3o de talentos e um desafio crescente no setor aftermarket\",\"breadcrumb\":{\"@id\":\"https:\\\/\\\/jornaldasoficinas.com\\\/pt\\\/afinal-o-que-e-preciso-para-ser-um-bom-lider\\\/#breadcrumb\"},\"inLanguage\":\"pt-PT\",\"potentialAction\":[{\"@type\":\"ReadAction\",\"target\":[\"https:\\\/\\\/jornaldasoficinas.com\\\/pt\\\/afinal-o-que-e-preciso-para-ser-um-bom-lider\\\/\"]}]},{\"@type\":\"ImageObject\",\"inLanguage\":\"pt-PT\",\"@id\":\"https:\\\/\\\/jornaldasoficinas.com\\\/pt\\\/afinal-o-que-e-preciso-para-ser-um-bom-lider\\\/#primaryimage\",\"url\":\"https:\\\/\\\/jornaldasoficinas.com\\\/pt\\\/wp-content\\\/uploads\\\/2024\\\/09\\\/N3_lideranca_aftermarket.jpeg\",\"contentUrl\":\"https:\\\/\\\/jornaldasoficinas.com\\\/pt\\\/wp-content\\\/uploads\\\/2024\\\/09\\\/N3_lideranca_aftermarket.jpeg\",\"width\":1024,\"height\":581,\"caption\":\"09 - N3_lideranca_aftermarket\"},{\"@type\":\"BreadcrumbList\",\"@id\":\"https:\\\/\\\/jornaldasoficinas.com\\\/pt\\\/afinal-o-que-e-preciso-para-ser-um-bom-lider\\\/#breadcrumb\",\"itemListElement\":[{\"@type\":\"ListItem\",\"position\":1,\"name\":\"In\u00edcio\",\"item\":\"https:\\\/\\\/jornaldasoficinas.com\\\/pt\\\/\"},{\"@type\":\"ListItem\",\"position\":2,\"name\":\"Afinal, o que \u00e9 preciso para ser um bom l\u00edder?\"}]},{\"@type\":\"WebSite\",\"@id\":\"https:\\\/\\\/jornaldasoficinas.com\\\/pt\\\/#website\",\"url\":\"https:\\\/\\\/jornaldasoficinas.com\\\/pt\\\/\",\"name\":\"Jornal das Oficinas\",\"description\":\"Jornal independente do Aftermarket Autom\u00f3vel em Portugal\",\"publisher\":{\"@id\":\"https:\\\/\\\/jornaldasoficinas.com\\\/pt\\\/#organization\"},\"potentialAction\":[{\"@type\":\"SearchAction\",\"target\":{\"@type\":\"EntryPoint\",\"urlTemplate\":\"https:\\\/\\\/jornaldasoficinas.com\\\/pt\\\/?s={search_term_string}\"},\"query-input\":{\"@type\":\"PropertyValueSpecification\",\"valueRequired\":true,\"valueName\":\"search_term_string\"}}],\"inLanguage\":\"pt-PT\"},{\"@type\":\"Organization\",\"@id\":\"https:\\\/\\\/jornaldasoficinas.com\\\/pt\\\/#organization\",\"name\":\"Jornal das Oficinas\",\"url\":\"https:\\\/\\\/jornaldasoficinas.com\\\/pt\\\/\",\"logo\":{\"@type\":\"ImageObject\",\"inLanguage\":\"pt-PT\",\"@id\":\"https:\\\/\\\/jornaldasoficinas.com\\\/pt\\\/#\\\/schema\\\/logo\\\/image\\\/\",\"url\":\"https:\\\/\\\/jornaldasoficinas.com\\\/pt\\\/wp-content\\\/uploads\\\/logoJO-SEO.png\",\"contentUrl\":\"https:\\\/\\\/jornaldasoficinas.com\\\/pt\\\/wp-content\\\/uploads\\\/logoJO-SEO.png\",\"width\":285,\"height\":450,\"caption\":\"Jornal das Oficinas\"},\"image\":{\"@id\":\"https:\\\/\\\/jornaldasoficinas.com\\\/pt\\\/#\\\/schema\\\/logo\\\/image\\\/\"},\"sameAs\":[\"https:\\\/\\\/www.facebook.com\\\/jornaloficinas\",\"https:\\\/\\\/x.com\\\/jornaloficinas\",\"https:\\\/\\\/www.instagram.com\\\/jornal_oficinas\\\/\",\"https:\\\/\\\/www.linkedin.com\\\/company\\\/jornal-das-oficinas\\\/\",\"https:\\\/\\\/www.youtube.com\\\/channel\\\/UCbQZBqtcvV-oSQrr7RzINGg\"]},{\"@type\":\"Person\",\"@id\":\"https:\\\/\\\/jornaldasoficinas.com\\\/pt\\\/#\\\/schema\\\/person\\\/a38eef5de2c41d9e7c9ac10141afddf3\",\"name\":\"Reda\u00e7\u00e3o JO\",\"image\":{\"@type\":\"ImageObject\",\"inLanguage\":\"pt-PT\",\"@id\":\"https:\\\/\\\/secure.gravatar.com\\\/avatar\\\/71f2fa71737ad68a84fea94bc708ddac8ea5b0c4788dc2ad202f3ccb2887742f?s=96&d=wp_user_avatar&r=g\",\"url\":\"https:\\\/\\\/secure.gravatar.com\\\/avatar\\\/71f2fa71737ad68a84fea94bc708ddac8ea5b0c4788dc2ad202f3ccb2887742f?s=96&d=wp_user_avatar&r=g\",\"contentUrl\":\"https:\\\/\\\/secure.gravatar.com\\\/avatar\\\/71f2fa71737ad68a84fea94bc708ddac8ea5b0c4788dc2ad202f3ccb2887742f?s=96&d=wp_user_avatar&r=g\",\"caption\":\"Reda\u00e7\u00e3o JO\"},\"url\":\"https:\\\/\\\/jornaldasoficinas.com\\\/pt\\\/author\\\/joredacao\\\/\"}]}<\/script>\n<!-- \/ Yoast SEO plugin. -->","yoast_head_json":{"title":"Afinal, o que \u00e9 preciso para ser um bom l\u00edder? - Jornal das Oficinas","description":"Uma lideran\u00e7a eficaz \u00e9 cada vez mais importante para a reten\u00e7\u00e3o de talentos e um desafio crescente no setor aftermarket","robots":{"index":"index","follow":"follow","max-snippet":"max-snippet:-1","max-image-preview":"max-image-preview:large","max-video-preview":"max-video-preview:-1"},"canonical":"https:\/\/jornaldasoficinas.com\/pt\/afinal-o-que-e-preciso-para-ser-um-bom-lider\/","og_locale":"pt_PT","og_type":"article","og_title":"Afinal, o que \u00e9 preciso para ser um bom l\u00edder? - Jornal das Oficinas","og_description":"Uma lideran\u00e7a eficaz \u00e9 cada vez mais importante para a reten\u00e7\u00e3o de talentos e um desafio crescente no setor aftermarket","og_url":"https:\/\/jornaldasoficinas.com\/pt\/afinal-o-que-e-preciso-para-ser-um-bom-lider\/","og_site_name":"Jornal das Oficinas","article_publisher":"https:\/\/www.facebook.com\/jornaloficinas","article_published_time":"2024-09-22T20:30:06+00:00","og_image":[{"width":1024,"height":581,"url":"https:\/\/jornaldasoficinas.com\/pt\/wp-content\/uploads\/2024\/09\/N3_lideranca_aftermarket.jpeg","type":"image\/jpeg"}],"author":"Reda\u00e7\u00e3o JO","twitter_card":"summary_large_image","twitter_creator":"@jornaloficinas","twitter_site":"@jornaloficinas","twitter_misc":{"Escrito por":"Reda\u00e7\u00e3o JO","Tempo estimado de leitura":"5 minutos"},"schema":{"@context":"https:\/\/schema.org","@graph":[{"@type":"Article","@id":"https:\/\/jornaldasoficinas.com\/pt\/afinal-o-que-e-preciso-para-ser-um-bom-lider\/#article","isPartOf":{"@id":"https:\/\/jornaldasoficinas.com\/pt\/afinal-o-que-e-preciso-para-ser-um-bom-lider\/"},"author":{"name":"Reda\u00e7\u00e3o JO","@id":"https:\/\/jornaldasoficinas.com\/pt\/#\/schema\/person\/a38eef5de2c41d9e7c9ac10141afddf3"},"headline":"Afinal, o que \u00e9 preciso para ser um bom l\u00edder?","datePublished":"2024-09-22T20:30:06+00:00","mainEntityOfPage":{"@id":"https:\/\/jornaldasoficinas.com\/pt\/afinal-o-que-e-preciso-para-ser-um-bom-lider\/"},"wordCount":737,"publisher":{"@id":"https:\/\/jornaldasoficinas.com\/pt\/#organization"},"image":{"@id":"https:\/\/jornaldasoficinas.com\/pt\/afinal-o-que-e-preciso-para-ser-um-bom-lider\/#primaryimage"},"thumbnailUrl":"https:\/\/jornaldasoficinas.com\/pt\/wp-content\/uploads\/2024\/09\/N3_lideranca_aftermarket.jpeg","keywords":["Abbey Lewis","arte de liderar","caso de sucesso","gest\u00e3o eficaz","Lauren Landry","Lideran\u00e7a","reten\u00e7\u00e3o de talentos"],"articleSection":["Mercado"],"inLanguage":"pt-PT"},{"@type":"WebPage","@id":"https:\/\/jornaldasoficinas.com\/pt\/afinal-o-que-e-preciso-para-ser-um-bom-lider\/","url":"https:\/\/jornaldasoficinas.com\/pt\/afinal-o-que-e-preciso-para-ser-um-bom-lider\/","name":"Afinal, o que \u00e9 preciso para ser um bom l\u00edder? - Jornal das Oficinas","isPartOf":{"@id":"https:\/\/jornaldasoficinas.com\/pt\/#website"},"primaryImageOfPage":{"@id":"https:\/\/jornaldasoficinas.com\/pt\/afinal-o-que-e-preciso-para-ser-um-bom-lider\/#primaryimage"},"image":{"@id":"https:\/\/jornaldasoficinas.com\/pt\/afinal-o-que-e-preciso-para-ser-um-bom-lider\/#primaryimage"},"thumbnailUrl":"https:\/\/jornaldasoficinas.com\/pt\/wp-content\/uploads\/2024\/09\/N3_lideranca_aftermarket.jpeg","datePublished":"2024-09-22T20:30:06+00:00","description":"Uma lideran\u00e7a eficaz \u00e9 cada vez mais importante para a reten\u00e7\u00e3o de talentos e um desafio crescente no setor aftermarket","breadcrumb":{"@id":"https:\/\/jornaldasoficinas.com\/pt\/afinal-o-que-e-preciso-para-ser-um-bom-lider\/#breadcrumb"},"inLanguage":"pt-PT","potentialAction":[{"@type":"ReadAction","target":["https:\/\/jornaldasoficinas.com\/pt\/afinal-o-que-e-preciso-para-ser-um-bom-lider\/"]}]},{"@type":"ImageObject","inLanguage":"pt-PT","@id":"https:\/\/jornaldasoficinas.com\/pt\/afinal-o-que-e-preciso-para-ser-um-bom-lider\/#primaryimage","url":"https:\/\/jornaldasoficinas.com\/pt\/wp-content\/uploads\/2024\/09\/N3_lideranca_aftermarket.jpeg","contentUrl":"https:\/\/jornaldasoficinas.com\/pt\/wp-content\/uploads\/2024\/09\/N3_lideranca_aftermarket.jpeg","width":1024,"height":581,"caption":"09 - N3_lideranca_aftermarket"},{"@type":"BreadcrumbList","@id":"https:\/\/jornaldasoficinas.com\/pt\/afinal-o-que-e-preciso-para-ser-um-bom-lider\/#breadcrumb","itemListElement":[{"@type":"ListItem","position":1,"name":"In\u00edcio","item":"https:\/\/jornaldasoficinas.com\/pt\/"},{"@type":"ListItem","position":2,"name":"Afinal, o que \u00e9 preciso para ser um bom l\u00edder?"}]},{"@type":"WebSite","@id":"https:\/\/jornaldasoficinas.com\/pt\/#website","url":"https:\/\/jornaldasoficinas.com\/pt\/","name":"Jornal das Oficinas","description":"Jornal independente do Aftermarket Autom\u00f3vel em Portugal","publisher":{"@id":"https:\/\/jornaldasoficinas.com\/pt\/#organization"},"potentialAction":[{"@type":"SearchAction","target":{"@type":"EntryPoint","urlTemplate":"https:\/\/jornaldasoficinas.com\/pt\/?s={search_term_string}"},"query-input":{"@type":"PropertyValueSpecification","valueRequired":true,"valueName":"search_term_string"}}],"inLanguage":"pt-PT"},{"@type":"Organization","@id":"https:\/\/jornaldasoficinas.com\/pt\/#organization","name":"Jornal das Oficinas","url":"https:\/\/jornaldasoficinas.com\/pt\/","logo":{"@type":"ImageObject","inLanguage":"pt-PT","@id":"https:\/\/jornaldasoficinas.com\/pt\/#\/schema\/logo\/image\/","url":"https:\/\/jornaldasoficinas.com\/pt\/wp-content\/uploads\/logoJO-SEO.png","contentUrl":"https:\/\/jornaldasoficinas.com\/pt\/wp-content\/uploads\/logoJO-SEO.png","width":285,"height":450,"caption":"Jornal das Oficinas"},"image":{"@id":"https:\/\/jornaldasoficinas.com\/pt\/#\/schema\/logo\/image\/"},"sameAs":["https:\/\/www.facebook.com\/jornaloficinas","https:\/\/x.com\/jornaloficinas","https:\/\/www.instagram.com\/jornal_oficinas\/","https:\/\/www.linkedin.com\/company\/jornal-das-oficinas\/","https:\/\/www.youtube.com\/channel\/UCbQZBqtcvV-oSQrr7RzINGg"]},{"@type":"Person","@id":"https:\/\/jornaldasoficinas.com\/pt\/#\/schema\/person\/a38eef5de2c41d9e7c9ac10141afddf3","name":"Reda\u00e7\u00e3o JO","image":{"@type":"ImageObject","inLanguage":"pt-PT","@id":"https:\/\/secure.gravatar.com\/avatar\/71f2fa71737ad68a84fea94bc708ddac8ea5b0c4788dc2ad202f3ccb2887742f?s=96&d=wp_user_avatar&r=g","url":"https:\/\/secure.gravatar.com\/avatar\/71f2fa71737ad68a84fea94bc708ddac8ea5b0c4788dc2ad202f3ccb2887742f?s=96&d=wp_user_avatar&r=g","contentUrl":"https:\/\/secure.gravatar.com\/avatar\/71f2fa71737ad68a84fea94bc708ddac8ea5b0c4788dc2ad202f3ccb2887742f?s=96&d=wp_user_avatar&r=g","caption":"Reda\u00e7\u00e3o JO"},"url":"https:\/\/jornaldasoficinas.com\/pt\/author\/joredacao\/"}]}},"_links":{"self":[{"href":"https:\/\/jornaldasoficinas.com\/pt\/wp-json\/wp\/v2\/posts\/91483","targetHints":{"allow":["GET"]}}],"collection":[{"href":"https:\/\/jornaldasoficinas.com\/pt\/wp-json\/wp\/v2\/posts"}],"about":[{"href":"https:\/\/jornaldasoficinas.com\/pt\/wp-json\/wp\/v2\/types\/post"}],"author":[{"embeddable":true,"href":"https:\/\/jornaldasoficinas.com\/pt\/wp-json\/wp\/v2\/users\/15"}],"replies":[{"embeddable":true,"href":"https:\/\/jornaldasoficinas.com\/pt\/wp-json\/wp\/v2\/comments?post=91483"}],"version-history":[{"count":0,"href":"https:\/\/jornaldasoficinas.com\/pt\/wp-json\/wp\/v2\/posts\/91483\/revisions"}],"wp:featuredmedia":[{"embeddable":true,"href":"https:\/\/jornaldasoficinas.com\/pt\/wp-json\/wp\/v2\/media\/91484"}],"wp:attachment":[{"href":"https:\/\/jornaldasoficinas.com\/pt\/wp-json\/wp\/v2\/media?parent=91483"}],"wp:term":[{"taxonomy":"category","embeddable":true,"href":"https:\/\/jornaldasoficinas.com\/pt\/wp-json\/wp\/v2\/categories?post=91483"},{"taxonomy":"post_tag","embeddable":true,"href":"https:\/\/jornaldasoficinas.com\/pt\/wp-json\/wp\/v2\/tags?post=91483"}],"curies":[{"name":"wp","href":"https:\/\/api.w.org\/{rel}","templated":true}]}}