{"id":91491,"date":"2024-09-22T21:00:42","date_gmt":"2024-09-22T20:00:42","guid":{"rendered":"https:\/\/jornaldasoficinas.com\/pt\/?p=91491"},"modified":"2024-09-20T19:00:21","modified_gmt":"2024-09-20T18:00:21","slug":"a-academia-e-como-uma-locomotiva-da-empresa-luis-santos-impoeste","status":"publish","type":"post","link":"https:\/\/jornaldasoficinas.com\/pt\/a-academia-e-como-uma-locomotiva-da-empresa-luis-santos-impoeste\/","title":{"rendered":"&#8220;A Academia \u00e9 como uma locomotiva da empresa&#8221;, Lu\u00eds Santos, Impoeste"},"content":{"rendered":"<p><img loading=\"lazy\" decoding=\"async\" class=\"alignnone size-full wp-image-91485\" src=\"https:\/\/jornaldasoficinas.com\/pt\/wp-content\/uploads\/2024\/09\/N2_Impoeste_luis-santos.jpeg\" alt=\"09 - N2_Impoeste_luis santos\" width=\"1024\" height=\"581\" srcset=\"https:\/\/jornaldasoficinas.com\/pt\/wp-content\/uploads\/2024\/09\/N2_Impoeste_luis-santos.jpeg 1024w, https:\/\/jornaldasoficinas.com\/pt\/wp-content\/uploads\/2024\/09\/N2_Impoeste_luis-santos-300x170.jpeg 300w, https:\/\/jornaldasoficinas.com\/pt\/wp-content\/uploads\/2024\/09\/N2_Impoeste_luis-santos-150x85.jpeg 150w, https:\/\/jornaldasoficinas.com\/pt\/wp-content\/uploads\/2024\/09\/N2_Impoeste_luis-santos-768x436.jpeg 768w\" sizes=\"auto, (max-width: 1024px) 100vw, 1024px\" \/><\/p>\n<p><strong>A <a href=\"https:\/\/www.facebook.com\/impoeste.pintura\" target=\"_blank\" rel=\"noopener\">Impoeste<\/a> foi a primeira empresa portuguesa a criar um centro de forma\u00e7\u00e3o independente. Nos seus anos \u00e1ureos, na d\u00e9cada de 90, formou entre 200 a 300 participantes por ano. Com a evolu\u00e7\u00e3o do mercado, a empresa decidiu reformular a filosofia da Academia e a sua estrat\u00e9gia de neg\u00f3cio, apresentando agora v\u00e1rias novidades ao setor de repintura autom\u00f3vel<\/strong><\/p>\n<p>O setor de repintura autom\u00f3vel tem enfrentado desafios significativos nos \u00faltimos tempos, com mudan\u00e7as no mercado que trazem incertezas e preocupa\u00e7\u00f5es. A evolu\u00e7\u00e3o das tecnologias, as flutua\u00e7\u00f5es econ\u00f3micas, e as novas exig\u00eancias ambientais t\u00eam impactado a rentabilidade e a forma como as oficinas operam. Apesar deste cen\u00e1rio menos otimista, a Impoeste tem-se destacado por antecipar estas transforma\u00e7\u00f5es, apostando fortemente na digitaliza\u00e7\u00e3o dos processos e na ado\u00e7\u00e3o de solu\u00e7\u00f5es inovadoras. Em entrevista ao JO, Lu\u00eds Santos, diretor geral da Impoeste, destacou o compromisso da empresa em fornecer novos produtos, ferramentas e servi\u00e7os \u2013 como um novo conte\u00fado program\u00e1tico \u2013 no Centro de Forma\u00e7\u00e3o, que ajudar\u00e3o as oficinas a enfrentar os desafios atuais e a assegurar um futuro mais sustent\u00e1vel.<\/p>\n<p><strong>Quais as marcas de tintas para repintura autom\u00f3vel comercializadas pela Impoeste e qual o seu posicionamento no mercado?<\/strong><br \/>\nA nossa decis\u00e3o de reorganizar a oferta ao mercado foi baseada na clara perce\u00e7\u00e3o da bipolariza\u00e7\u00e3o existente. De um lado, temos as grandes oficinas, organiza\u00e7\u00f5es e marcas; de outro, as pequenas oficinas, organiza\u00e7\u00f5es e marcas. Observamos que h\u00e1 muitas organiza\u00e7\u00f5es que est\u00e3o focadas nos processos, rentabilidade e produtividade, enquanto uma parte significativa do mercado est\u00e1 muito centrada no pre\u00e7o do produto e no custo da repara\u00e7\u00e3o. Dito isso, decidimos reorganizar a nossa oferta para se alinhar a esses dois segmentos do mercado. A primeira marca \u00e9 a <a href=\"https:\/\/value-pro.ppg.com\/en\/\" target=\"_blank\" rel=\"noopener\">VALUE-PRO<\/a>, do <a href=\"https:\/\/pt.ppgrefinish.com\/pt\/sobre-a-ppg\/o-grupo\/\" target=\"_blank\" rel=\"noopener\">grupo PPG<\/a>, que oferece uma excelente rela\u00e7\u00e3o qualidade\/pre\u00e7o, focada no mercado multimarca de pequena dimens\u00e3o. Disp\u00f5e de ferramentas digitais de cor, forma\u00e7\u00e3o e acompanhamento, sendo ideal para pequenas oficinas de repintura autom\u00f3vel. Por outro lado, temos a <a href=\"https:\/\/pt.nexaautocolor.com\/pt\/\" target=\"_blank\" rel=\"noopener\">NEXA AUTOCOLOR<\/a>, tamb\u00e9m do grupo PPG, que tem feito investimentos poderos\u00edssimos em ferramentas de digitaliza\u00e7\u00e3o da cor e da atividade de pintura, e estamos comprometidos em fortalecer a sua presen\u00e7a no mercado.<\/p>\n<p><strong>Para al\u00e9m das marcas de tintas, quais os outros produtos e equipamentos que comercializam para as oficinas de repintura?<\/strong><br \/>\nEstamos fortemente focados na produtividade e na rentabilidade, por isso trabalhamos principalmente com as marcas Colad e 3M, que constituem a maior parte dos consum\u00edveis e produtos auxiliares para pintura. Oferecemos uma ampla gama de produtos essenciais, como fitas de papel e pl\u00e1stico para isolamento, m\u00e1scaras de pintura, lixas, scotch-brite e copos descart\u00e1veis. Estes s\u00e3o itens de grande consumo, fundamentais para o trabalho di\u00e1rio nas oficinas. Paralelamente a estas duas marcas, temos tamb\u00e9m algumas que distribu\u00edmos em exclusivo, como \u00e9 o caso da VABER, um fabricante italiano de mastiques e produtos qu\u00edmicos, altamente especializado na ind\u00fastria e na repara\u00e7\u00e3o autom\u00f3vel. Por fim, contamos com os pequenos equipamentos, como pistolas de pintura e m\u00e1quinas de lixar, com destaque para a IWATA e a gama de equipamentos da 3M.<\/p>\n<p><strong>Como caracteriza as solu\u00e7\u00f5es de gest\u00e3o digital da cor que a nova marca VALUE-PRO disponibiliza para as oficinas de colis\u00e3o?<\/strong><br \/>\nA VALUE-PRO oferece solu\u00e7\u00f5es de mercado que, na minha opini\u00e3o, s\u00e3o de topo no que diz respeito \u00e0 digitaliza\u00e7\u00e3o de todo o processo. A marca conta com um espectrofot\u00f3metro e um sistema inform\u00e1tico avan\u00e7ado de \u00faltima gera\u00e7\u00e3o. Al\u00e9m disso, as ferramentas de cor da PPG s\u00e3o compartilhadas com todas as marcas. A gama VALUE-PRO possui uma linha completa de produtos para ajudar a oficina a obter facilmente os melhores acabamentos em repara\u00e7\u00f5es de qualquer tamanho e durante esta\u00e7\u00f5es quentes ou frias. Entre eles, poder\u00e1 encontrar o Verniz UHS \u2013 VP390-4050, para grandes repara\u00e7\u00f5es, ou o Verniz R\u00e1pido UHS \u2013 VP390-4060, para pequenos trabalhos gra\u00e7as \u00e0 sua capacidade de secagem em 15 minutos a 60\u00baC. O profissional tem ainda \u00e0 sua disposi\u00e7\u00e3o cinco aparelhos e prim\u00e1rios para diferentes necessidades e m\u00e9todos de aplica\u00e7\u00e3o. Uma gama cuidadosamente selecionada de diluentes, catalisadores e produtos de limpeza completa a solu\u00e7\u00e3o VALUE-PRO.<\/p>\n<p><strong>A Impoeste sempre foi reconhecida pela forma\u00e7\u00e3o disponibilizada aos clientes. Como funciona atualmente a Academia de Forma\u00e7\u00e3o?<\/strong><br \/>\nA Impoeste foi a primeira empresa a ter um centro de forma\u00e7\u00e3o independente, formando 200 a 300 participantes por ano, um grande sucesso entre 1990 e 2008. Houve um percurso not\u00e1vel, com forma\u00e7\u00f5es sempre cheias e profundas transforma\u00e7\u00f5es no mercado. No entanto, com a estagna\u00e7\u00e3o da ind\u00fastria, tivemos que repensar o significado do centro de forma\u00e7\u00e3o para n\u00f3s e para os nossos clientes. Renovamos a imagem e o conte\u00fado program\u00e1tico, adotando uma nova filosofia refletida no nosso novo log\u00f3tipo. Essa mudan\u00e7a alinha-se ao desenvolvimento estrat\u00e9gico da empresa para os pr\u00f3ximos 10 anos. O conceito que orienta o Centro de Forma\u00e7\u00e3o \u00e9 o mesmo que guia o nosso caminho comercial, pois entendemos a Academia como a locomotiva da empresa, que deve puxar e indicar o caminho para quem vem atr\u00e1s.<\/p>\n<p><strong>Como \u00e9 constitu\u00edda a vossa rede de distribuidores e como tem sido o seu desempenho?<\/strong><br \/>\nA rede de distribuidores \u00e9, no fundo, a heran\u00e7a dos neg\u00f3cios anteriores. Est\u00e1 constitu\u00edda por pequenos distribuidores regionais, que lutam para promover a marca ou as marcas na sua \u00e1rea de influ\u00eancia regional. No entanto, o que tem vindo a acontecer \u00e9 que o mercado \u00e9 muito ingrato em rela\u00e7\u00e3o a custos, pre\u00e7os, condi\u00e7\u00f5es e tipos de produtos. Nota-se que a grande franja de distribuidores come\u00e7a a ter uma caracter\u00edstica multimarca, para al\u00e9m daquilo que \u00e9 a marca pr\u00f3pria. E, essa tend\u00eancia, faz com que a distribui\u00e7\u00e3o se torne ref\u00e9m das suas pr\u00f3prias decis\u00f5es, optando por solu\u00e7\u00f5es mais baratas que resultam em menores margens de lucro, reduzindo a capacidade de investimento e de sustentabilidade do neg\u00f3cio.<\/p>\n<p><strong>Que novidades podemos esperar da Impoeste nos pr\u00f3ximos tempos? <\/strong>Saiba a resposta a esta e a outras quest\u00f5es na edi\u00e7\u00e3o impressa do Jornal das Oficinas de agosto\/setembro, <a href=\"https:\/\/www.yumpu.com\/pt\/document\/read\/68786788\/jornal-das-oficinas-218\/61\">aqui<\/a>.<\/p>\n<p>&nbsp;<\/p>\n","protected":false},"excerpt":{"rendered":"<p>A Impoeste foi a primeira empresa&#8230;<\/p>\n","protected":false},"author":15,"featured_media":91485,"comment_status":"closed","ping_status":"closed","sticky":false,"template":"","format":"standard","meta":{"footnotes":""},"categories":[38],"tags":[212,10694,739,8646,444,5412,5628,148,9854],"class_list":["post-91491","post","type-post","status-publish","format-standard","has-post-thumbnail","hentry","category-entrevistas","tag-formacao","tag-grupo-ppg","tag-impoeste","tag-luis-santos","tag-nexa-autocolor","tag-produtividade","tag-rentabilidade","tag-repintura","tag-value-pro"],"yoast_head":"<!-- This site is optimized with the Yoast SEO plugin v27.4 - https:\/\/yoast.com\/product\/yoast-seo-wordpress\/ -->\n<title>&quot;A Academia \u00e9 como uma locomotiva da empresa&quot;, Lu\u00eds Santos, Impoeste - Jornal das Oficinas<\/title>\n<meta name=\"description\" content=\"A Impoeste foi a primeira empresa portuguesa a criar um centro de forma\u00e7\u00e3o. Na d\u00e9cada de 90, formou entre 200 a 300 participantes por ano\" \/>\n<meta name=\"robots\" content=\"index, follow, max-snippet:-1, max-image-preview:large, max-video-preview:-1\" \/>\n<link rel=\"canonical\" href=\"https:\/\/jornaldasoficinas.com\/pt\/a-academia-e-como-uma-locomotiva-da-empresa-luis-santos-impoeste\/\" \/>\n<meta property=\"og:locale\" content=\"pt_PT\" \/>\n<meta property=\"og:type\" content=\"article\" \/>\n<meta property=\"og:title\" content=\"&quot;A Academia \u00e9 como uma locomotiva da empresa&quot;, Lu\u00eds Santos, Impoeste - Jornal das Oficinas\" \/>\n<meta property=\"og:description\" content=\"A Impoeste foi a primeira empresa portuguesa a criar um centro de forma\u00e7\u00e3o. Na d\u00e9cada de 90, formou entre 200 a 300 participantes por ano\" \/>\n<meta property=\"og:url\" content=\"https:\/\/jornaldasoficinas.com\/pt\/a-academia-e-como-uma-locomotiva-da-empresa-luis-santos-impoeste\/\" \/>\n<meta property=\"og:site_name\" content=\"Jornal das Oficinas\" \/>\n<meta property=\"article:publisher\" content=\"https:\/\/www.facebook.com\/jornaloficinas\" \/>\n<meta property=\"article:published_time\" content=\"2024-09-22T20:00:42+00:00\" \/>\n<meta property=\"og:image\" content=\"https:\/\/jornaldasoficinas.com\/pt\/wp-content\/uploads\/2024\/09\/N2_Impoeste_luis-santos.jpeg\" \/>\n\t<meta property=\"og:image:width\" content=\"1024\" \/>\n\t<meta property=\"og:image:height\" content=\"581\" \/>\n\t<meta property=\"og:image:type\" content=\"image\/jpeg\" \/>\n<meta name=\"author\" content=\"Reda\u00e7\u00e3o JO\" \/>\n<meta name=\"twitter:card\" content=\"summary_large_image\" \/>\n<meta name=\"twitter:creator\" content=\"@jornaloficinas\" \/>\n<meta name=\"twitter:site\" content=\"@jornaloficinas\" \/>\n<meta name=\"twitter:label1\" content=\"Escrito por\" \/>\n\t<meta name=\"twitter:data1\" content=\"Reda\u00e7\u00e3o JO\" \/>\n\t<meta name=\"twitter:label2\" content=\"Tempo estimado de leitura\" \/>\n\t<meta name=\"twitter:data2\" content=\"6 minutos\" \/>\n<script type=\"application\/ld+json\" class=\"yoast-schema-graph\">{\"@context\":\"https:\\\/\\\/schema.org\",\"@graph\":[{\"@type\":\"Article\",\"@id\":\"https:\\\/\\\/jornaldasoficinas.com\\\/pt\\\/a-academia-e-como-uma-locomotiva-da-empresa-luis-santos-impoeste\\\/#article\",\"isPartOf\":{\"@id\":\"https:\\\/\\\/jornaldasoficinas.com\\\/pt\\\/a-academia-e-como-uma-locomotiva-da-empresa-luis-santos-impoeste\\\/\"},\"author\":{\"name\":\"Reda\u00e7\u00e3o JO\",\"@id\":\"https:\\\/\\\/jornaldasoficinas.com\\\/pt\\\/#\\\/schema\\\/person\\\/a38eef5de2c41d9e7c9ac10141afddf3\"},\"headline\":\"&#8220;A Academia \u00e9 como uma locomotiva da empresa&#8221;, Lu\u00eds Santos, Impoeste\",\"datePublished\":\"2024-09-22T20:00:42+00:00\",\"mainEntityOfPage\":{\"@id\":\"https:\\\/\\\/jornaldasoficinas.com\\\/pt\\\/a-academia-e-como-uma-locomotiva-da-empresa-luis-santos-impoeste\\\/\"},\"wordCount\":1086,\"publisher\":{\"@id\":\"https:\\\/\\\/jornaldasoficinas.com\\\/pt\\\/#organization\"},\"image\":{\"@id\":\"https:\\\/\\\/jornaldasoficinas.com\\\/pt\\\/a-academia-e-como-uma-locomotiva-da-empresa-luis-santos-impoeste\\\/#primaryimage\"},\"thumbnailUrl\":\"https:\\\/\\\/jornaldasoficinas.com\\\/pt\\\/wp-content\\\/uploads\\\/2024\\\/09\\\/N2_Impoeste_luis-santos.jpeg\",\"keywords\":[\"Forma\u00e7\u00e3o\",\"grupo PPG\",\"Impoeste\",\"Lu\u00eds Santos\",\"Nexa Autocolor\",\"Produtividade\",\"Rentabilidade\",\"Repintura\",\"VALUE-PRO\"],\"articleSection\":[\"Entrevistas\"],\"inLanguage\":\"pt-PT\"},{\"@type\":\"WebPage\",\"@id\":\"https:\\\/\\\/jornaldasoficinas.com\\\/pt\\\/a-academia-e-como-uma-locomotiva-da-empresa-luis-santos-impoeste\\\/\",\"url\":\"https:\\\/\\\/jornaldasoficinas.com\\\/pt\\\/a-academia-e-como-uma-locomotiva-da-empresa-luis-santos-impoeste\\\/\",\"name\":\"\\\"A Academia \u00e9 como uma locomotiva da empresa\\\", Lu\u00eds Santos, Impoeste - Jornal das Oficinas\",\"isPartOf\":{\"@id\":\"https:\\\/\\\/jornaldasoficinas.com\\\/pt\\\/#website\"},\"primaryImageOfPage\":{\"@id\":\"https:\\\/\\\/jornaldasoficinas.com\\\/pt\\\/a-academia-e-como-uma-locomotiva-da-empresa-luis-santos-impoeste\\\/#primaryimage\"},\"image\":{\"@id\":\"https:\\\/\\\/jornaldasoficinas.com\\\/pt\\\/a-academia-e-como-uma-locomotiva-da-empresa-luis-santos-impoeste\\\/#primaryimage\"},\"thumbnailUrl\":\"https:\\\/\\\/jornaldasoficinas.com\\\/pt\\\/wp-content\\\/uploads\\\/2024\\\/09\\\/N2_Impoeste_luis-santos.jpeg\",\"datePublished\":\"2024-09-22T20:00:42+00:00\",\"description\":\"A Impoeste foi a primeira empresa portuguesa a criar um centro de forma\u00e7\u00e3o. Na d\u00e9cada de 90, formou entre 200 a 300 participantes por ano\",\"breadcrumb\":{\"@id\":\"https:\\\/\\\/jornaldasoficinas.com\\\/pt\\\/a-academia-e-como-uma-locomotiva-da-empresa-luis-santos-impoeste\\\/#breadcrumb\"},\"inLanguage\":\"pt-PT\",\"potentialAction\":[{\"@type\":\"ReadAction\",\"target\":[\"https:\\\/\\\/jornaldasoficinas.com\\\/pt\\\/a-academia-e-como-uma-locomotiva-da-empresa-luis-santos-impoeste\\\/\"]}]},{\"@type\":\"ImageObject\",\"inLanguage\":\"pt-PT\",\"@id\":\"https:\\\/\\\/jornaldasoficinas.com\\\/pt\\\/a-academia-e-como-uma-locomotiva-da-empresa-luis-santos-impoeste\\\/#primaryimage\",\"url\":\"https:\\\/\\\/jornaldasoficinas.com\\\/pt\\\/wp-content\\\/uploads\\\/2024\\\/09\\\/N2_Impoeste_luis-santos.jpeg\",\"contentUrl\":\"https:\\\/\\\/jornaldasoficinas.com\\\/pt\\\/wp-content\\\/uploads\\\/2024\\\/09\\\/N2_Impoeste_luis-santos.jpeg\",\"width\":1024,\"height\":581,\"caption\":\"09 - N2_Impoeste_luis santos\"},{\"@type\":\"BreadcrumbList\",\"@id\":\"https:\\\/\\\/jornaldasoficinas.com\\\/pt\\\/a-academia-e-como-uma-locomotiva-da-empresa-luis-santos-impoeste\\\/#breadcrumb\",\"itemListElement\":[{\"@type\":\"ListItem\",\"position\":1,\"name\":\"In\u00edcio\",\"item\":\"https:\\\/\\\/jornaldasoficinas.com\\\/pt\\\/\"},{\"@type\":\"ListItem\",\"position\":2,\"name\":\"&#8220;A Academia \u00e9 como uma locomotiva da empresa&#8221;, Lu\u00eds Santos, Impoeste\"}]},{\"@type\":\"WebSite\",\"@id\":\"https:\\\/\\\/jornaldasoficinas.com\\\/pt\\\/#website\",\"url\":\"https:\\\/\\\/jornaldasoficinas.com\\\/pt\\\/\",\"name\":\"Jornal das Oficinas\",\"description\":\"Jornal independente do Aftermarket Autom\u00f3vel em Portugal\",\"publisher\":{\"@id\":\"https:\\\/\\\/jornaldasoficinas.com\\\/pt\\\/#organization\"},\"potentialAction\":[{\"@type\":\"SearchAction\",\"target\":{\"@type\":\"EntryPoint\",\"urlTemplate\":\"https:\\\/\\\/jornaldasoficinas.com\\\/pt\\\/?s={search_term_string}\"},\"query-input\":{\"@type\":\"PropertyValueSpecification\",\"valueRequired\":true,\"valueName\":\"search_term_string\"}}],\"inLanguage\":\"pt-PT\"},{\"@type\":\"Organization\",\"@id\":\"https:\\\/\\\/jornaldasoficinas.com\\\/pt\\\/#organization\",\"name\":\"Jornal das Oficinas\",\"url\":\"https:\\\/\\\/jornaldasoficinas.com\\\/pt\\\/\",\"logo\":{\"@type\":\"ImageObject\",\"inLanguage\":\"pt-PT\",\"@id\":\"https:\\\/\\\/jornaldasoficinas.com\\\/pt\\\/#\\\/schema\\\/logo\\\/image\\\/\",\"url\":\"https:\\\/\\\/jornaldasoficinas.com\\\/pt\\\/wp-content\\\/uploads\\\/logoJO-SEO.png\",\"contentUrl\":\"https:\\\/\\\/jornaldasoficinas.com\\\/pt\\\/wp-content\\\/uploads\\\/logoJO-SEO.png\",\"width\":285,\"height\":450,\"caption\":\"Jornal das Oficinas\"},\"image\":{\"@id\":\"https:\\\/\\\/jornaldasoficinas.com\\\/pt\\\/#\\\/schema\\\/logo\\\/image\\\/\"},\"sameAs\":[\"https:\\\/\\\/www.facebook.com\\\/jornaloficinas\",\"https:\\\/\\\/x.com\\\/jornaloficinas\",\"https:\\\/\\\/www.instagram.com\\\/jornal_oficinas\\\/\",\"https:\\\/\\\/www.linkedin.com\\\/company\\\/jornal-das-oficinas\\\/\",\"https:\\\/\\\/www.youtube.com\\\/channel\\\/UCbQZBqtcvV-oSQrr7RzINGg\"]},{\"@type\":\"Person\",\"@id\":\"https:\\\/\\\/jornaldasoficinas.com\\\/pt\\\/#\\\/schema\\\/person\\\/a38eef5de2c41d9e7c9ac10141afddf3\",\"name\":\"Reda\u00e7\u00e3o JO\",\"image\":{\"@type\":\"ImageObject\",\"inLanguage\":\"pt-PT\",\"@id\":\"https:\\\/\\\/secure.gravatar.com\\\/avatar\\\/71f2fa71737ad68a84fea94bc708ddac8ea5b0c4788dc2ad202f3ccb2887742f?s=96&d=wp_user_avatar&r=g\",\"url\":\"https:\\\/\\\/secure.gravatar.com\\\/avatar\\\/71f2fa71737ad68a84fea94bc708ddac8ea5b0c4788dc2ad202f3ccb2887742f?s=96&d=wp_user_avatar&r=g\",\"contentUrl\":\"https:\\\/\\\/secure.gravatar.com\\\/avatar\\\/71f2fa71737ad68a84fea94bc708ddac8ea5b0c4788dc2ad202f3ccb2887742f?s=96&d=wp_user_avatar&r=g\",\"caption\":\"Reda\u00e7\u00e3o JO\"},\"url\":\"https:\\\/\\\/jornaldasoficinas.com\\\/pt\\\/author\\\/joredacao\\\/\"}]}<\/script>\n<!-- \/ Yoast SEO plugin. -->","yoast_head_json":{"title":"\"A Academia \u00e9 como uma locomotiva da empresa\", Lu\u00eds Santos, Impoeste - Jornal das Oficinas","description":"A Impoeste foi a primeira empresa portuguesa a criar um centro de forma\u00e7\u00e3o. Na d\u00e9cada de 90, formou entre 200 a 300 participantes por ano","robots":{"index":"index","follow":"follow","max-snippet":"max-snippet:-1","max-image-preview":"max-image-preview:large","max-video-preview":"max-video-preview:-1"},"canonical":"https:\/\/jornaldasoficinas.com\/pt\/a-academia-e-como-uma-locomotiva-da-empresa-luis-santos-impoeste\/","og_locale":"pt_PT","og_type":"article","og_title":"\"A Academia \u00e9 como uma locomotiva da empresa\", Lu\u00eds Santos, Impoeste - Jornal das Oficinas","og_description":"A Impoeste foi a primeira empresa portuguesa a criar um centro de forma\u00e7\u00e3o. Na d\u00e9cada de 90, formou entre 200 a 300 participantes por ano","og_url":"https:\/\/jornaldasoficinas.com\/pt\/a-academia-e-como-uma-locomotiva-da-empresa-luis-santos-impoeste\/","og_site_name":"Jornal das Oficinas","article_publisher":"https:\/\/www.facebook.com\/jornaloficinas","article_published_time":"2024-09-22T20:00:42+00:00","og_image":[{"width":1024,"height":581,"url":"https:\/\/jornaldasoficinas.com\/pt\/wp-content\/uploads\/2024\/09\/N2_Impoeste_luis-santos.jpeg","type":"image\/jpeg"}],"author":"Reda\u00e7\u00e3o JO","twitter_card":"summary_large_image","twitter_creator":"@jornaloficinas","twitter_site":"@jornaloficinas","twitter_misc":{"Escrito por":"Reda\u00e7\u00e3o JO","Tempo estimado de leitura":"6 minutos"},"schema":{"@context":"https:\/\/schema.org","@graph":[{"@type":"Article","@id":"https:\/\/jornaldasoficinas.com\/pt\/a-academia-e-como-uma-locomotiva-da-empresa-luis-santos-impoeste\/#article","isPartOf":{"@id":"https:\/\/jornaldasoficinas.com\/pt\/a-academia-e-como-uma-locomotiva-da-empresa-luis-santos-impoeste\/"},"author":{"name":"Reda\u00e7\u00e3o JO","@id":"https:\/\/jornaldasoficinas.com\/pt\/#\/schema\/person\/a38eef5de2c41d9e7c9ac10141afddf3"},"headline":"&#8220;A Academia \u00e9 como uma locomotiva da empresa&#8221;, Lu\u00eds Santos, Impoeste","datePublished":"2024-09-22T20:00:42+00:00","mainEntityOfPage":{"@id":"https:\/\/jornaldasoficinas.com\/pt\/a-academia-e-como-uma-locomotiva-da-empresa-luis-santos-impoeste\/"},"wordCount":1086,"publisher":{"@id":"https:\/\/jornaldasoficinas.com\/pt\/#organization"},"image":{"@id":"https:\/\/jornaldasoficinas.com\/pt\/a-academia-e-como-uma-locomotiva-da-empresa-luis-santos-impoeste\/#primaryimage"},"thumbnailUrl":"https:\/\/jornaldasoficinas.com\/pt\/wp-content\/uploads\/2024\/09\/N2_Impoeste_luis-santos.jpeg","keywords":["Forma\u00e7\u00e3o","grupo PPG","Impoeste","Lu\u00eds Santos","Nexa Autocolor","Produtividade","Rentabilidade","Repintura","VALUE-PRO"],"articleSection":["Entrevistas"],"inLanguage":"pt-PT"},{"@type":"WebPage","@id":"https:\/\/jornaldasoficinas.com\/pt\/a-academia-e-como-uma-locomotiva-da-empresa-luis-santos-impoeste\/","url":"https:\/\/jornaldasoficinas.com\/pt\/a-academia-e-como-uma-locomotiva-da-empresa-luis-santos-impoeste\/","name":"\"A Academia \u00e9 como uma locomotiva da empresa\", Lu\u00eds Santos, Impoeste - Jornal das Oficinas","isPartOf":{"@id":"https:\/\/jornaldasoficinas.com\/pt\/#website"},"primaryImageOfPage":{"@id":"https:\/\/jornaldasoficinas.com\/pt\/a-academia-e-como-uma-locomotiva-da-empresa-luis-santos-impoeste\/#primaryimage"},"image":{"@id":"https:\/\/jornaldasoficinas.com\/pt\/a-academia-e-como-uma-locomotiva-da-empresa-luis-santos-impoeste\/#primaryimage"},"thumbnailUrl":"https:\/\/jornaldasoficinas.com\/pt\/wp-content\/uploads\/2024\/09\/N2_Impoeste_luis-santos.jpeg","datePublished":"2024-09-22T20:00:42+00:00","description":"A Impoeste foi a primeira empresa portuguesa a criar um centro de forma\u00e7\u00e3o. Na d\u00e9cada de 90, formou entre 200 a 300 participantes por ano","breadcrumb":{"@id":"https:\/\/jornaldasoficinas.com\/pt\/a-academia-e-como-uma-locomotiva-da-empresa-luis-santos-impoeste\/#breadcrumb"},"inLanguage":"pt-PT","potentialAction":[{"@type":"ReadAction","target":["https:\/\/jornaldasoficinas.com\/pt\/a-academia-e-como-uma-locomotiva-da-empresa-luis-santos-impoeste\/"]}]},{"@type":"ImageObject","inLanguage":"pt-PT","@id":"https:\/\/jornaldasoficinas.com\/pt\/a-academia-e-como-uma-locomotiva-da-empresa-luis-santos-impoeste\/#primaryimage","url":"https:\/\/jornaldasoficinas.com\/pt\/wp-content\/uploads\/2024\/09\/N2_Impoeste_luis-santos.jpeg","contentUrl":"https:\/\/jornaldasoficinas.com\/pt\/wp-content\/uploads\/2024\/09\/N2_Impoeste_luis-santos.jpeg","width":1024,"height":581,"caption":"09 - N2_Impoeste_luis santos"},{"@type":"BreadcrumbList","@id":"https:\/\/jornaldasoficinas.com\/pt\/a-academia-e-como-uma-locomotiva-da-empresa-luis-santos-impoeste\/#breadcrumb","itemListElement":[{"@type":"ListItem","position":1,"name":"In\u00edcio","item":"https:\/\/jornaldasoficinas.com\/pt\/"},{"@type":"ListItem","position":2,"name":"&#8220;A Academia \u00e9 como uma locomotiva da empresa&#8221;, Lu\u00eds Santos, Impoeste"}]},{"@type":"WebSite","@id":"https:\/\/jornaldasoficinas.com\/pt\/#website","url":"https:\/\/jornaldasoficinas.com\/pt\/","name":"Jornal das Oficinas","description":"Jornal independente do Aftermarket Autom\u00f3vel em Portugal","publisher":{"@id":"https:\/\/jornaldasoficinas.com\/pt\/#organization"},"potentialAction":[{"@type":"SearchAction","target":{"@type":"EntryPoint","urlTemplate":"https:\/\/jornaldasoficinas.com\/pt\/?s={search_term_string}"},"query-input":{"@type":"PropertyValueSpecification","valueRequired":true,"valueName":"search_term_string"}}],"inLanguage":"pt-PT"},{"@type":"Organization","@id":"https:\/\/jornaldasoficinas.com\/pt\/#organization","name":"Jornal das Oficinas","url":"https:\/\/jornaldasoficinas.com\/pt\/","logo":{"@type":"ImageObject","inLanguage":"pt-PT","@id":"https:\/\/jornaldasoficinas.com\/pt\/#\/schema\/logo\/image\/","url":"https:\/\/jornaldasoficinas.com\/pt\/wp-content\/uploads\/logoJO-SEO.png","contentUrl":"https:\/\/jornaldasoficinas.com\/pt\/wp-content\/uploads\/logoJO-SEO.png","width":285,"height":450,"caption":"Jornal das Oficinas"},"image":{"@id":"https:\/\/jornaldasoficinas.com\/pt\/#\/schema\/logo\/image\/"},"sameAs":["https:\/\/www.facebook.com\/jornaloficinas","https:\/\/x.com\/jornaloficinas","https:\/\/www.instagram.com\/jornal_oficinas\/","https:\/\/www.linkedin.com\/company\/jornal-das-oficinas\/","https:\/\/www.youtube.com\/channel\/UCbQZBqtcvV-oSQrr7RzINGg"]},{"@type":"Person","@id":"https:\/\/jornaldasoficinas.com\/pt\/#\/schema\/person\/a38eef5de2c41d9e7c9ac10141afddf3","name":"Reda\u00e7\u00e3o JO","image":{"@type":"ImageObject","inLanguage":"pt-PT","@id":"https:\/\/secure.gravatar.com\/avatar\/71f2fa71737ad68a84fea94bc708ddac8ea5b0c4788dc2ad202f3ccb2887742f?s=96&d=wp_user_avatar&r=g","url":"https:\/\/secure.gravatar.com\/avatar\/71f2fa71737ad68a84fea94bc708ddac8ea5b0c4788dc2ad202f3ccb2887742f?s=96&d=wp_user_avatar&r=g","contentUrl":"https:\/\/secure.gravatar.com\/avatar\/71f2fa71737ad68a84fea94bc708ddac8ea5b0c4788dc2ad202f3ccb2887742f?s=96&d=wp_user_avatar&r=g","caption":"Reda\u00e7\u00e3o JO"},"url":"https:\/\/jornaldasoficinas.com\/pt\/author\/joredacao\/"}]}},"_links":{"self":[{"href":"https:\/\/jornaldasoficinas.com\/pt\/wp-json\/wp\/v2\/posts\/91491","targetHints":{"allow":["GET"]}}],"collection":[{"href":"https:\/\/jornaldasoficinas.com\/pt\/wp-json\/wp\/v2\/posts"}],"about":[{"href":"https:\/\/jornaldasoficinas.com\/pt\/wp-json\/wp\/v2\/types\/post"}],"author":[{"embeddable":true,"href":"https:\/\/jornaldasoficinas.com\/pt\/wp-json\/wp\/v2\/users\/15"}],"replies":[{"embeddable":true,"href":"https:\/\/jornaldasoficinas.com\/pt\/wp-json\/wp\/v2\/comments?post=91491"}],"version-history":[{"count":0,"href":"https:\/\/jornaldasoficinas.com\/pt\/wp-json\/wp\/v2\/posts\/91491\/revisions"}],"wp:featuredmedia":[{"embeddable":true,"href":"https:\/\/jornaldasoficinas.com\/pt\/wp-json\/wp\/v2\/media\/91485"}],"wp:attachment":[{"href":"https:\/\/jornaldasoficinas.com\/pt\/wp-json\/wp\/v2\/media?parent=91491"}],"wp:term":[{"taxonomy":"category","embeddable":true,"href":"https:\/\/jornaldasoficinas.com\/pt\/wp-json\/wp\/v2\/categories?post=91491"},{"taxonomy":"post_tag","embeddable":true,"href":"https:\/\/jornaldasoficinas.com\/pt\/wp-json\/wp\/v2\/tags?post=91491"}],"curies":[{"name":"wp","href":"https:\/\/api.w.org\/{rel}","templated":true}]}}