{"id":91497,"date":"2024-09-22T22:00:52","date_gmt":"2024-09-22T21:00:52","guid":{"rendered":"https:\/\/jornaldasoficinas.com\/pt\/?p=91497"},"modified":"2024-09-22T19:39:00","modified_gmt":"2024-09-22T18:39:00","slug":"a-lideranca-eficaz-e-fundamental-para-enfrentar-os-desafios-modernos-rita-castano-e-patricia-barardo-go-coaching","status":"publish","type":"post","link":"https:\/\/jornaldasoficinas.com\/pt\/a-lideranca-eficaz-e-fundamental-para-enfrentar-os-desafios-modernos-rita-castano-e-patricia-barardo-go-coaching\/","title":{"rendered":"&#8220;A lideran\u00e7a eficaz \u00e9 fundamental para enfrentar os desafios modernos&#8221;, Rita Casta\u00f1o e Patr\u00edcia Barardo, GO Coaching"},"content":{"rendered":"<p><img loading=\"lazy\" decoding=\"async\" class=\"alignnone size-full wp-image-91486\" src=\"https:\/\/jornaldasoficinas.com\/pt\/wp-content\/uploads\/2024\/09\/N4_Go_coaching.jpeg\" alt=\"09 - N4_Go_coaching\" width=\"1024\" height=\"581\" srcset=\"https:\/\/jornaldasoficinas.com\/pt\/wp-content\/uploads\/2024\/09\/N4_Go_coaching.jpeg 1024w, https:\/\/jornaldasoficinas.com\/pt\/wp-content\/uploads\/2024\/09\/N4_Go_coaching-300x170.jpeg 300w, https:\/\/jornaldasoficinas.com\/pt\/wp-content\/uploads\/2024\/09\/N4_Go_coaching-150x85.jpeg 150w, https:\/\/jornaldasoficinas.com\/pt\/wp-content\/uploads\/2024\/09\/N4_Go_coaching-768x436.jpeg 768w\" sizes=\"auto, (max-width: 1024px) 100vw, 1024px\" \/><\/p>\n<p><strong>Liderada por mulheres, a <a href=\"https:\/\/www.gocoaching.pt\/\" target=\"_blank\" rel=\"noopener\">GO Coaching<\/a> \u00e9 uma empresa portuguesa que oferece solu\u00e7\u00f5es inovadoras de forma\u00e7\u00e3o e coaching. Utilizando o modelo GROW, reconhecido mundialmente, a empresa consegue potenciar talentos e desfazer obst\u00e1culos. Quem o diz s\u00e3o as pr\u00f3prias organiza\u00e7\u00f5es com quem trabalham<\/strong><\/p>\n<p>Em 2013, Rita Casta\u00f1o, formada em Psicologia Organizacional e p\u00f3s-graduada em Marketing Management e Coaching Psicol\u00f3gico, fundou a GO Coaching, movida pela paix\u00e3o de trabalhar o potencial humano e desenvolver talentos. Ao longo da sua carreira, colaborou com as principais consultoras de RH do pa\u00eds, gerindo projetos formativos para grandes empresas como a <a href=\"https:\/\/www.cgd.pt\/Particulares\/Pages\/Particulares_v2.aspx\" target=\"_blank\" rel=\"noopener\">Caixa Geral de Dep\u00f3sitos<\/a>, <a href=\"https:\/\/www.ana.pt\/pt\" target=\"_blank\" rel=\"noopener\">ANA Aeroportos<\/a>, <a href=\"https:\/\/www.edp.pt\/particulares\/\" target=\"_blank\" rel=\"noopener\">EDP<\/a> e <a href=\"https:\/\/www.farfetch.com\/pt\/\" target=\"_blank\" rel=\"noopener\">Farfetch<\/a>.<\/p>\n<p>Patr\u00edcia Barardo \u00e9 formada em Psicologia Educacional e p\u00f3s-graduada em Ci\u00eancias da Educa\u00e7\u00e3o, com especializa\u00e7\u00e3o em Forma\u00e7\u00e3o de Adultos e Coaching Psicol\u00f3gico. Trabalhou com diversas consultoras de RH em projetos para clientes como Adidas, EDP e SONAE, al\u00e9m de ter experi\u00eancias internacionais em Angola. A partir de 2010, come\u00e7ou a desenvolver a\u00e7\u00f5es de consultoria e forma\u00e7\u00f5es em \u00e1reas como lideran\u00e7a, gest\u00e3o da mudan\u00e7a, trabalho em equipa e gest\u00e3o de Conflitos. Em 2017, aceitou o convite de Rita Casta\u00f1o para juntar-se ao seu projeto de sonho \u2013 a GO Coaching \u2013 e fazer a diferen\u00e7a na vida de tantas pessoas e empresas.<\/p>\n<p>Com base na \u00e1rea da psicologia, a empresa ajuda l\u00edderes a maximizar o desempenho das suas equipas utilizando o modelo GROW, que significa Goals (Metas ou Objetivos), Reality (Realidade), Options (Op\u00e7\u00f5es) e Will (Compromisso). Este m\u00e9todo, amplamente reconhecido, potencia o desenvolvimento de compet\u00eancias individuais, permitindo avaliar a realidade atual, definir objetivos claros, explorar op\u00e7\u00f5es e estabelecer um compromisso com a\u00e7\u00f5es espec\u00edficas. Dessa forma, permite facilitar o desenvolvimento e empoderamento pessoal, bem como profissional, de indiv\u00edduos, equipas e organiza\u00e7\u00f5es. Atualmente, a empresa conta com uma carteira de mais de 27 clientes, incluindo empresas como Carglass, Critical Manufacturing, IKEA, Hospital da Luz, EDP, REN e Leroy Merlin. No setor do aftermarket, uma lideran\u00e7a eficaz n\u00e3o se restringe apenas \u00e0 gest\u00e3o eficiente das opera\u00e7\u00f5es di\u00e1rias. Envolve tamb\u00e9m a capacidade de inovar, adaptar-se rapidamente \u00e0s mudan\u00e7as de mercado e construir equipas coesas e motivadas.<\/p>\n<p>Para entender melhor o perfil de lideran\u00e7a necess\u00e1rio num ambiente t\u00e3o din\u00e2mico e competitivo como o do p\u00f3s-venda autom\u00f3vel, o JO conversou com Rita Casta\u00f1o e Patr\u00edcia Barardo, Psic\u00f3logas e Coaches na GO Coaching.<\/p>\n<p><strong>Quais s\u00e3o as principais caracter\u00edsticas que um l\u00edder deve possuir para ser bem sucedido?<\/strong><br \/>\nUm l\u00edder bem-sucedido deve possuir uma combina\u00e7\u00e3o de v\u00e1rias caracter\u00edsticas essenciais. Do nosso ponto de vista, e em primeiro lugar, \u00e9 essencial uma vis\u00e3o estrat\u00e9gica bem clara e definida, pois permite ao l\u00edder visualizar o futuro da organiza\u00e7\u00e3o e definir uma dire\u00e7\u00e3o clara para alcan\u00e7\u00e1-lo. A comunica\u00e7\u00e3o eficaz \u00e9 outra caracter\u00edstica indispens\u00e1vel de modo a ser capaz de comunicar as suas ideias de forma clara, transparente e honesta. A empatia \u00e9 igualmente crucial para compreender os sentimentos e perspetivas dos outros, fortalecendo a coes\u00e3o e o alinhamento da equipa. Por \u00faltimo, temos tr\u00eas caracter\u00edsticas que tamb\u00e9m consideramos importantes atendendo \u00e0 experi\u00eancia nos acompanhamentos que temos em clientes de diferentes \u00e1reas de neg\u00f3cio: a integridade &#8211; vital para demonstrar honestidade e \u00e9tica em todas as a\u00e7\u00f5es; a adaptabilidade \u2013 que permite que o l\u00edder se ajuste rapidamente a novas situa\u00e7\u00f5es e desafios e a resili\u00eancia \u2013 que promove a forma como se lida com os contratempos e a persistir diante das adversidades.<\/p>\n<p><strong>De que forma um l\u00edder pode motivar uma equipa num ambiente t\u00e3o competitivo como o do aftermarket?<\/strong><br \/>\nMotivar uma equipa num ambiente competitivo como o do aftermarket requer estrat\u00e9gias espec\u00edficas. Reconhecimento e recompensa s\u00e3o essenciais; celebrar as conquistas da equipa e oferecer recompensas significativas (n\u00e3o s\u00f3 financeiras) s\u00e3o alguns dos alicerces para manter os colaboradores motivados e alinhados com a empresa. O desenvolvimento profissional, principalmente de soft skills, \u00e9 igualmente importante, proporcionando oportunidades de crescimento e aprendizagem cont\u00ednua. Estabelecer objetivos claros direciona e motiva a equipa, enquanto criar um ambiente de trabalho positivo e com seguran\u00e7a psicol\u00f3gica promove rela\u00e7\u00f5es saud\u00e1veis, colaborativas e de suporte. Um enorme desafio \u00e9 garantir o alinhamento dos diferentes elementos da equipa nas decis\u00f5es e processos. Mas sabemos que ao promovermos uma maior sensa\u00e7\u00e3o de propriedade e responsabilidade, bem como fornecer feedback constante, ajuda as equipas a estarem aptas a dar uma resposta eficaz \u00e0s quest\u00f5es di\u00e1rias e a manter a motiva\u00e7\u00e3o de todos.<\/p>\n<p><strong>Como pode o gestor da empresa ser tamb\u00e9m um gestor de pessoas eficaz?<\/strong><br \/>\nDa nossa perspetiva, dir\u00edamos que este \u00e9 um dos maiores desafios atuais que os l\u00edderes vivenciam no seu dia a dia. Em diferentes processos de coaching individual que acompanhamos, n\u00e3o s\u00f3 orientados \u00e0s equipas, como tamb\u00e9m aos seus l\u00edderes, \u00e9 usual surgir esta quest\u00e3o. O que normalmente trabalhamos junto destes l\u00edderes \u00e9 a consci\u00eancia e a necessidade de investirem em relacionamentos significativos, conhecendo a sua equipa e construindo rela\u00e7\u00f5es de confian\u00e7a. Para que estas rela\u00e7\u00f5es de confian\u00e7a sejam sustentadas e duradouras, a comunica\u00e7\u00e3o clara \u00e9 fundamental, mantendo linhas de comunica\u00e7\u00e3o abertas e claras. Delegar responsabilidades demonstra confian\u00e7a na equipa, permitindo que os diferentes elementos assumam responsabilidades e tomem decis\u00f5es. Gerir pessoas passa tamb\u00e9m por incentivar o seu pr\u00f3prio desenvolvimento, tanto pessoal quanto profissional. Assim, o l\u00edder deve tamb\u00e9m estar atento em oferecer suporte e estar dispon\u00edvel para apoiar a equipa em momentos de necessidade, promovendo um ambiente positivo e inclusivo de forma a cultivar uma cultura organizacional saud\u00e1vel.<\/p>\n<p><strong>Quais s\u00e3o os maiores desafios enfrentados pelos l\u00edderes empresariais na atualidade e como podem ser superados?<\/strong><br \/>\nNaturalmente que os desafios que os l\u00edderes empresariais enfrentam atualmente, varia de acordo com a \u00e1rea de neg\u00f3cio, o mercado em si, a din\u00e2mica da empresa e as caracter\u00edsticas do pr\u00f3prio l\u00edder. De forma global, as r\u00e1pidas mudan\u00e7as tecnol\u00f3gicas exigem que os l\u00edderes se mantenham atualizados com as inova\u00e7\u00f5es e as integrem no dia a dia das suas equipas, sendo que esta globaliza\u00e7\u00e3o imp\u00f5e a necessidade de competir num mercado cada vez mais diversificado, exigindo estrat\u00e9gias de internacionaliza\u00e7\u00e3o (em algumas situa\u00e7\u00f5es) e sensibilidade cultural. Outro ponto que consideramos, \u00e9 a gest\u00e3o de talentos. Este tema exige atrair e reter talentos num mercado altamente competitivo, o que pode ser colmatado com a aposta no desenvolvimento de carreira e benef\u00edcios competitivos. Neste aspeto, \u00e9 onde trabalhamos de forma direta com as equipas e empresas de modo a identificar o que, para cada colaborador, pode ser o caminho para a sua reten\u00e7\u00e3o. Paralelamente, a sustentabilidade \u00e9 um desafio que pode ser superado ao integrar pr\u00e1ticas empresariais sustent\u00e1veis nas pol\u00edticas e pr\u00e1ticas da empresa, que cada vez mais os pr\u00f3prios colaboradores valorizam.<\/p>\n<p><strong>Quais s\u00e3o as compet\u00eancias espec\u00edficas de lideran\u00e7a necess\u00e1rias para gerir crises e tomada de decis\u00f5es mais dif\u00edceis?<\/strong><br \/>\nInvariavelmente, estas compet\u00eancia s\u00e3o vol\u00e1teis e devem ser ajustadas \u00e0s especificidades das situa\u00e7\u00f5es e das caracter\u00edsticas basilares das empresas. No entanto, e na nossa vis\u00e3o, consideramos que em situa\u00e7\u00f5es de crise, uma tomada de decis\u00e3o r\u00e1pida \u00e9 crucial, permitindo analisar rapidamente a situa\u00e7\u00e3o e tomar decis\u00f5es informadas. Mas n\u00e3o basta tomar s\u00f3 decis\u00f5es \u2013 \u00e9 necess\u00e1rio que a comunica\u00e7\u00e3o (interna e externa) seja eficaz para esclarecer as decis\u00f5es e a\u00e7\u00f5es a serem tomadas. De uma perspetiva mais emocional, manter a calma sob press\u00e3o \u00e9 vital para garantir as respostas adequadas e a racionalidade em situa\u00e7\u00f5es de maior press\u00e3o. S\u00f3 este lado racional \u00e9 que poder\u00e1 trazer um pensamento cr\u00edtico que permitir\u00e1 avaliar todas as op\u00e7\u00f5es e consequ\u00eancias antes de agir. A empatia \u00e9 necess\u00e1ria para compreender e gerir as emo\u00e7\u00f5es das pessoas afetadas pela crise, e a adaptabilidade permite ajustar estrat\u00e9gias conforme o evoluir da situa\u00e7\u00e3o.<\/p>\n<p><strong>Em que medida a lideran\u00e7a pode impactar a sustentabilidade e responsabilidade social?<\/strong><br \/>\nSaiba a resposta a esta e outras quest\u00f5es na edi\u00e7\u00e3o impressa do Jornal das Oficinas de agosto\/setembro, <a href=\"https:\/\/www.yumpu.com\/pt\/document\/read\/68786788\/jornal-das-oficinas-218\/11\">aqui<\/a>.<\/p>\n<p>&nbsp;<\/p>\n","protected":false},"excerpt":{"rendered":"<p>Liderada por mulheres, a GO Coaching&#8230;<\/p>\n","protected":false},"author":15,"featured_media":91486,"comment_status":"closed","ping_status":"closed","sticky":false,"template":"","format":"standard","meta":{"footnotes":""},"categories":[38],"tags":[10696,212,10697,10695,10699,5320,10698,2998,1767],"class_list":["post-91497","post","type-post","status-publish","format-standard","has-post-thumbnail","hentry","category-entrevistas","tag-coaching","tag-formacao","tag-go-coaching","tag-modelo-grow","tag-patricia-barardo","tag-responsabilidade-social","tag-rita-castano","tag-solucoes-inovadoras","tag-sustentabilidade"],"yoast_head":"<!-- This site is optimized with the Yoast SEO plugin v27.4 - https:\/\/yoast.com\/product\/yoast-seo-wordpress\/ -->\n<title>&quot;A lideran\u00e7a eficaz \u00e9 fundamental para enfrentar os desafios modernos&quot;, Rita Casta\u00f1o e Patr\u00edcia Barardo, GO Coaching - Jornal das Oficinas<\/title>\n<meta name=\"description\" content=\"Liderada por mulheres, a GO Coaching \u00e9 uma empresa portuguesa que oferece solu\u00e7\u00f5es inovadoras de forma\u00e7\u00e3o e coaching que utiliza o GROW\" \/>\n<meta name=\"robots\" content=\"index, follow, max-snippet:-1, max-image-preview:large, max-video-preview:-1\" \/>\n<link rel=\"canonical\" href=\"https:\/\/jornaldasoficinas.com\/pt\/a-lideranca-eficaz-e-fundamental-para-enfrentar-os-desafios-modernos-rita-castano-e-patricia-barardo-go-coaching\/\" \/>\n<meta property=\"og:locale\" content=\"pt_PT\" \/>\n<meta property=\"og:type\" content=\"article\" \/>\n<meta property=\"og:title\" content=\"&quot;A lideran\u00e7a eficaz \u00e9 fundamental para enfrentar os desafios modernos&quot;, Rita Casta\u00f1o e Patr\u00edcia Barardo, GO Coaching - Jornal das Oficinas\" \/>\n<meta property=\"og:description\" content=\"Liderada por mulheres, a GO Coaching \u00e9 uma empresa portuguesa que oferece solu\u00e7\u00f5es inovadoras de forma\u00e7\u00e3o e coaching que utiliza o GROW\" \/>\n<meta property=\"og:url\" content=\"https:\/\/jornaldasoficinas.com\/pt\/a-lideranca-eficaz-e-fundamental-para-enfrentar-os-desafios-modernos-rita-castano-e-patricia-barardo-go-coaching\/\" \/>\n<meta property=\"og:site_name\" content=\"Jornal das Oficinas\" \/>\n<meta property=\"article:publisher\" content=\"https:\/\/www.facebook.com\/jornaloficinas\" \/>\n<meta property=\"article:published_time\" content=\"2024-09-22T21:00:52+00:00\" \/>\n<meta property=\"og:image\" content=\"https:\/\/jornaldasoficinas.com\/pt\/wp-content\/uploads\/2024\/09\/N4_Go_coaching.jpeg\" \/>\n\t<meta property=\"og:image:width\" content=\"1024\" \/>\n\t<meta property=\"og:image:height\" content=\"581\" \/>\n\t<meta property=\"og:image:type\" content=\"image\/jpeg\" \/>\n<meta name=\"author\" content=\"Reda\u00e7\u00e3o JO\" \/>\n<meta name=\"twitter:card\" content=\"summary_large_image\" \/>\n<meta name=\"twitter:creator\" content=\"@jornaloficinas\" \/>\n<meta name=\"twitter:site\" content=\"@jornaloficinas\" \/>\n<meta name=\"twitter:label1\" content=\"Escrito por\" \/>\n\t<meta name=\"twitter:data1\" content=\"Reda\u00e7\u00e3o JO\" \/>\n\t<meta name=\"twitter:label2\" content=\"Tempo estimado de leitura\" \/>\n\t<meta name=\"twitter:data2\" content=\"8 minutos\" \/>\n<script type=\"application\/ld+json\" class=\"yoast-schema-graph\">{\"@context\":\"https:\\\/\\\/schema.org\",\"@graph\":[{\"@type\":\"Article\",\"@id\":\"https:\\\/\\\/jornaldasoficinas.com\\\/pt\\\/a-lideranca-eficaz-e-fundamental-para-enfrentar-os-desafios-modernos-rita-castano-e-patricia-barardo-go-coaching\\\/#article\",\"isPartOf\":{\"@id\":\"https:\\\/\\\/jornaldasoficinas.com\\\/pt\\\/a-lideranca-eficaz-e-fundamental-para-enfrentar-os-desafios-modernos-rita-castano-e-patricia-barardo-go-coaching\\\/\"},\"author\":{\"name\":\"Reda\u00e7\u00e3o JO\",\"@id\":\"https:\\\/\\\/jornaldasoficinas.com\\\/pt\\\/#\\\/schema\\\/person\\\/a38eef5de2c41d9e7c9ac10141afddf3\"},\"headline\":\"&#8220;A lideran\u00e7a eficaz \u00e9 fundamental para enfrentar os desafios modernos&#8221;, Rita Casta\u00f1o e Patr\u00edcia Barardo, GO Coaching\",\"datePublished\":\"2024-09-22T21:00:52+00:00\",\"mainEntityOfPage\":{\"@id\":\"https:\\\/\\\/jornaldasoficinas.com\\\/pt\\\/a-lideranca-eficaz-e-fundamental-para-enfrentar-os-desafios-modernos-rita-castano-e-patricia-barardo-go-coaching\\\/\"},\"wordCount\":1445,\"publisher\":{\"@id\":\"https:\\\/\\\/jornaldasoficinas.com\\\/pt\\\/#organization\"},\"image\":{\"@id\":\"https:\\\/\\\/jornaldasoficinas.com\\\/pt\\\/a-lideranca-eficaz-e-fundamental-para-enfrentar-os-desafios-modernos-rita-castano-e-patricia-barardo-go-coaching\\\/#primaryimage\"},\"thumbnailUrl\":\"https:\\\/\\\/jornaldasoficinas.com\\\/pt\\\/wp-content\\\/uploads\\\/2024\\\/09\\\/N4_Go_coaching.jpeg\",\"keywords\":[\"Coaching\",\"Forma\u00e7\u00e3o\",\"GO Coaching\",\"modelo GROW\",\"Patr\u00edcia Barardo\",\"responsabilidade social\",\"Rita Casta\u00f1o\",\"Solu\u00e7\u00f5es Inovadoras\",\"Sustentabilidade\"],\"articleSection\":[\"Entrevistas\"],\"inLanguage\":\"pt-PT\"},{\"@type\":\"WebPage\",\"@id\":\"https:\\\/\\\/jornaldasoficinas.com\\\/pt\\\/a-lideranca-eficaz-e-fundamental-para-enfrentar-os-desafios-modernos-rita-castano-e-patricia-barardo-go-coaching\\\/\",\"url\":\"https:\\\/\\\/jornaldasoficinas.com\\\/pt\\\/a-lideranca-eficaz-e-fundamental-para-enfrentar-os-desafios-modernos-rita-castano-e-patricia-barardo-go-coaching\\\/\",\"name\":\"\\\"A lideran\u00e7a eficaz \u00e9 fundamental para enfrentar os desafios modernos\\\", Rita Casta\u00f1o e Patr\u00edcia Barardo, GO Coaching - Jornal das Oficinas\",\"isPartOf\":{\"@id\":\"https:\\\/\\\/jornaldasoficinas.com\\\/pt\\\/#website\"},\"primaryImageOfPage\":{\"@id\":\"https:\\\/\\\/jornaldasoficinas.com\\\/pt\\\/a-lideranca-eficaz-e-fundamental-para-enfrentar-os-desafios-modernos-rita-castano-e-patricia-barardo-go-coaching\\\/#primaryimage\"},\"image\":{\"@id\":\"https:\\\/\\\/jornaldasoficinas.com\\\/pt\\\/a-lideranca-eficaz-e-fundamental-para-enfrentar-os-desafios-modernos-rita-castano-e-patricia-barardo-go-coaching\\\/#primaryimage\"},\"thumbnailUrl\":\"https:\\\/\\\/jornaldasoficinas.com\\\/pt\\\/wp-content\\\/uploads\\\/2024\\\/09\\\/N4_Go_coaching.jpeg\",\"datePublished\":\"2024-09-22T21:00:52+00:00\",\"description\":\"Liderada por mulheres, a GO Coaching \u00e9 uma empresa portuguesa que oferece solu\u00e7\u00f5es inovadoras de forma\u00e7\u00e3o e coaching que utiliza o GROW\",\"breadcrumb\":{\"@id\":\"https:\\\/\\\/jornaldasoficinas.com\\\/pt\\\/a-lideranca-eficaz-e-fundamental-para-enfrentar-os-desafios-modernos-rita-castano-e-patricia-barardo-go-coaching\\\/#breadcrumb\"},\"inLanguage\":\"pt-PT\",\"potentialAction\":[{\"@type\":\"ReadAction\",\"target\":[\"https:\\\/\\\/jornaldasoficinas.com\\\/pt\\\/a-lideranca-eficaz-e-fundamental-para-enfrentar-os-desafios-modernos-rita-castano-e-patricia-barardo-go-coaching\\\/\"]}]},{\"@type\":\"ImageObject\",\"inLanguage\":\"pt-PT\",\"@id\":\"https:\\\/\\\/jornaldasoficinas.com\\\/pt\\\/a-lideranca-eficaz-e-fundamental-para-enfrentar-os-desafios-modernos-rita-castano-e-patricia-barardo-go-coaching\\\/#primaryimage\",\"url\":\"https:\\\/\\\/jornaldasoficinas.com\\\/pt\\\/wp-content\\\/uploads\\\/2024\\\/09\\\/N4_Go_coaching.jpeg\",\"contentUrl\":\"https:\\\/\\\/jornaldasoficinas.com\\\/pt\\\/wp-content\\\/uploads\\\/2024\\\/09\\\/N4_Go_coaching.jpeg\",\"width\":1024,\"height\":581,\"caption\":\"09 - N4_Go_coaching\"},{\"@type\":\"BreadcrumbList\",\"@id\":\"https:\\\/\\\/jornaldasoficinas.com\\\/pt\\\/a-lideranca-eficaz-e-fundamental-para-enfrentar-os-desafios-modernos-rita-castano-e-patricia-barardo-go-coaching\\\/#breadcrumb\",\"itemListElement\":[{\"@type\":\"ListItem\",\"position\":1,\"name\":\"In\u00edcio\",\"item\":\"https:\\\/\\\/jornaldasoficinas.com\\\/pt\\\/\"},{\"@type\":\"ListItem\",\"position\":2,\"name\":\"&#8220;A lideran\u00e7a eficaz \u00e9 fundamental para enfrentar os desafios modernos&#8221;, Rita Casta\u00f1o e Patr\u00edcia Barardo, GO Coaching\"}]},{\"@type\":\"WebSite\",\"@id\":\"https:\\\/\\\/jornaldasoficinas.com\\\/pt\\\/#website\",\"url\":\"https:\\\/\\\/jornaldasoficinas.com\\\/pt\\\/\",\"name\":\"Jornal das Oficinas\",\"description\":\"Jornal independente do Aftermarket Autom\u00f3vel em Portugal\",\"publisher\":{\"@id\":\"https:\\\/\\\/jornaldasoficinas.com\\\/pt\\\/#organization\"},\"potentialAction\":[{\"@type\":\"SearchAction\",\"target\":{\"@type\":\"EntryPoint\",\"urlTemplate\":\"https:\\\/\\\/jornaldasoficinas.com\\\/pt\\\/?s={search_term_string}\"},\"query-input\":{\"@type\":\"PropertyValueSpecification\",\"valueRequired\":true,\"valueName\":\"search_term_string\"}}],\"inLanguage\":\"pt-PT\"},{\"@type\":\"Organization\",\"@id\":\"https:\\\/\\\/jornaldasoficinas.com\\\/pt\\\/#organization\",\"name\":\"Jornal das Oficinas\",\"url\":\"https:\\\/\\\/jornaldasoficinas.com\\\/pt\\\/\",\"logo\":{\"@type\":\"ImageObject\",\"inLanguage\":\"pt-PT\",\"@id\":\"https:\\\/\\\/jornaldasoficinas.com\\\/pt\\\/#\\\/schema\\\/logo\\\/image\\\/\",\"url\":\"https:\\\/\\\/jornaldasoficinas.com\\\/pt\\\/wp-content\\\/uploads\\\/logoJO-SEO.png\",\"contentUrl\":\"https:\\\/\\\/jornaldasoficinas.com\\\/pt\\\/wp-content\\\/uploads\\\/logoJO-SEO.png\",\"width\":285,\"height\":450,\"caption\":\"Jornal das Oficinas\"},\"image\":{\"@id\":\"https:\\\/\\\/jornaldasoficinas.com\\\/pt\\\/#\\\/schema\\\/logo\\\/image\\\/\"},\"sameAs\":[\"https:\\\/\\\/www.facebook.com\\\/jornaloficinas\",\"https:\\\/\\\/x.com\\\/jornaloficinas\",\"https:\\\/\\\/www.instagram.com\\\/jornal_oficinas\\\/\",\"https:\\\/\\\/www.linkedin.com\\\/company\\\/jornal-das-oficinas\\\/\",\"https:\\\/\\\/www.youtube.com\\\/channel\\\/UCbQZBqtcvV-oSQrr7RzINGg\"]},{\"@type\":\"Person\",\"@id\":\"https:\\\/\\\/jornaldasoficinas.com\\\/pt\\\/#\\\/schema\\\/person\\\/a38eef5de2c41d9e7c9ac10141afddf3\",\"name\":\"Reda\u00e7\u00e3o JO\",\"image\":{\"@type\":\"ImageObject\",\"inLanguage\":\"pt-PT\",\"@id\":\"https:\\\/\\\/secure.gravatar.com\\\/avatar\\\/71f2fa71737ad68a84fea94bc708ddac8ea5b0c4788dc2ad202f3ccb2887742f?s=96&d=wp_user_avatar&r=g\",\"url\":\"https:\\\/\\\/secure.gravatar.com\\\/avatar\\\/71f2fa71737ad68a84fea94bc708ddac8ea5b0c4788dc2ad202f3ccb2887742f?s=96&d=wp_user_avatar&r=g\",\"contentUrl\":\"https:\\\/\\\/secure.gravatar.com\\\/avatar\\\/71f2fa71737ad68a84fea94bc708ddac8ea5b0c4788dc2ad202f3ccb2887742f?s=96&d=wp_user_avatar&r=g\",\"caption\":\"Reda\u00e7\u00e3o JO\"},\"url\":\"https:\\\/\\\/jornaldasoficinas.com\\\/pt\\\/author\\\/joredacao\\\/\"}]}<\/script>\n<!-- \/ Yoast SEO plugin. -->","yoast_head_json":{"title":"\"A lideran\u00e7a eficaz \u00e9 fundamental para enfrentar os desafios modernos\", Rita Casta\u00f1o e Patr\u00edcia Barardo, GO Coaching - Jornal das Oficinas","description":"Liderada por mulheres, a GO Coaching \u00e9 uma empresa portuguesa que oferece solu\u00e7\u00f5es inovadoras de forma\u00e7\u00e3o e coaching que utiliza o GROW","robots":{"index":"index","follow":"follow","max-snippet":"max-snippet:-1","max-image-preview":"max-image-preview:large","max-video-preview":"max-video-preview:-1"},"canonical":"https:\/\/jornaldasoficinas.com\/pt\/a-lideranca-eficaz-e-fundamental-para-enfrentar-os-desafios-modernos-rita-castano-e-patricia-barardo-go-coaching\/","og_locale":"pt_PT","og_type":"article","og_title":"\"A lideran\u00e7a eficaz \u00e9 fundamental para enfrentar os desafios modernos\", Rita Casta\u00f1o e Patr\u00edcia Barardo, GO Coaching - Jornal das Oficinas","og_description":"Liderada por mulheres, a GO Coaching \u00e9 uma empresa portuguesa que oferece solu\u00e7\u00f5es inovadoras de forma\u00e7\u00e3o e coaching que utiliza o GROW","og_url":"https:\/\/jornaldasoficinas.com\/pt\/a-lideranca-eficaz-e-fundamental-para-enfrentar-os-desafios-modernos-rita-castano-e-patricia-barardo-go-coaching\/","og_site_name":"Jornal das Oficinas","article_publisher":"https:\/\/www.facebook.com\/jornaloficinas","article_published_time":"2024-09-22T21:00:52+00:00","og_image":[{"width":1024,"height":581,"url":"https:\/\/jornaldasoficinas.com\/pt\/wp-content\/uploads\/2024\/09\/N4_Go_coaching.jpeg","type":"image\/jpeg"}],"author":"Reda\u00e7\u00e3o JO","twitter_card":"summary_large_image","twitter_creator":"@jornaloficinas","twitter_site":"@jornaloficinas","twitter_misc":{"Escrito por":"Reda\u00e7\u00e3o JO","Tempo estimado de leitura":"8 minutos"},"schema":{"@context":"https:\/\/schema.org","@graph":[{"@type":"Article","@id":"https:\/\/jornaldasoficinas.com\/pt\/a-lideranca-eficaz-e-fundamental-para-enfrentar-os-desafios-modernos-rita-castano-e-patricia-barardo-go-coaching\/#article","isPartOf":{"@id":"https:\/\/jornaldasoficinas.com\/pt\/a-lideranca-eficaz-e-fundamental-para-enfrentar-os-desafios-modernos-rita-castano-e-patricia-barardo-go-coaching\/"},"author":{"name":"Reda\u00e7\u00e3o JO","@id":"https:\/\/jornaldasoficinas.com\/pt\/#\/schema\/person\/a38eef5de2c41d9e7c9ac10141afddf3"},"headline":"&#8220;A lideran\u00e7a eficaz \u00e9 fundamental para enfrentar os desafios modernos&#8221;, Rita Casta\u00f1o e Patr\u00edcia Barardo, GO Coaching","datePublished":"2024-09-22T21:00:52+00:00","mainEntityOfPage":{"@id":"https:\/\/jornaldasoficinas.com\/pt\/a-lideranca-eficaz-e-fundamental-para-enfrentar-os-desafios-modernos-rita-castano-e-patricia-barardo-go-coaching\/"},"wordCount":1445,"publisher":{"@id":"https:\/\/jornaldasoficinas.com\/pt\/#organization"},"image":{"@id":"https:\/\/jornaldasoficinas.com\/pt\/a-lideranca-eficaz-e-fundamental-para-enfrentar-os-desafios-modernos-rita-castano-e-patricia-barardo-go-coaching\/#primaryimage"},"thumbnailUrl":"https:\/\/jornaldasoficinas.com\/pt\/wp-content\/uploads\/2024\/09\/N4_Go_coaching.jpeg","keywords":["Coaching","Forma\u00e7\u00e3o","GO Coaching","modelo GROW","Patr\u00edcia Barardo","responsabilidade social","Rita Casta\u00f1o","Solu\u00e7\u00f5es Inovadoras","Sustentabilidade"],"articleSection":["Entrevistas"],"inLanguage":"pt-PT"},{"@type":"WebPage","@id":"https:\/\/jornaldasoficinas.com\/pt\/a-lideranca-eficaz-e-fundamental-para-enfrentar-os-desafios-modernos-rita-castano-e-patricia-barardo-go-coaching\/","url":"https:\/\/jornaldasoficinas.com\/pt\/a-lideranca-eficaz-e-fundamental-para-enfrentar-os-desafios-modernos-rita-castano-e-patricia-barardo-go-coaching\/","name":"\"A lideran\u00e7a eficaz \u00e9 fundamental para enfrentar os desafios modernos\", Rita Casta\u00f1o e Patr\u00edcia Barardo, GO Coaching - Jornal das Oficinas","isPartOf":{"@id":"https:\/\/jornaldasoficinas.com\/pt\/#website"},"primaryImageOfPage":{"@id":"https:\/\/jornaldasoficinas.com\/pt\/a-lideranca-eficaz-e-fundamental-para-enfrentar-os-desafios-modernos-rita-castano-e-patricia-barardo-go-coaching\/#primaryimage"},"image":{"@id":"https:\/\/jornaldasoficinas.com\/pt\/a-lideranca-eficaz-e-fundamental-para-enfrentar-os-desafios-modernos-rita-castano-e-patricia-barardo-go-coaching\/#primaryimage"},"thumbnailUrl":"https:\/\/jornaldasoficinas.com\/pt\/wp-content\/uploads\/2024\/09\/N4_Go_coaching.jpeg","datePublished":"2024-09-22T21:00:52+00:00","description":"Liderada por mulheres, a GO Coaching \u00e9 uma empresa portuguesa que oferece solu\u00e7\u00f5es inovadoras de forma\u00e7\u00e3o e coaching que utiliza o GROW","breadcrumb":{"@id":"https:\/\/jornaldasoficinas.com\/pt\/a-lideranca-eficaz-e-fundamental-para-enfrentar-os-desafios-modernos-rita-castano-e-patricia-barardo-go-coaching\/#breadcrumb"},"inLanguage":"pt-PT","potentialAction":[{"@type":"ReadAction","target":["https:\/\/jornaldasoficinas.com\/pt\/a-lideranca-eficaz-e-fundamental-para-enfrentar-os-desafios-modernos-rita-castano-e-patricia-barardo-go-coaching\/"]}]},{"@type":"ImageObject","inLanguage":"pt-PT","@id":"https:\/\/jornaldasoficinas.com\/pt\/a-lideranca-eficaz-e-fundamental-para-enfrentar-os-desafios-modernos-rita-castano-e-patricia-barardo-go-coaching\/#primaryimage","url":"https:\/\/jornaldasoficinas.com\/pt\/wp-content\/uploads\/2024\/09\/N4_Go_coaching.jpeg","contentUrl":"https:\/\/jornaldasoficinas.com\/pt\/wp-content\/uploads\/2024\/09\/N4_Go_coaching.jpeg","width":1024,"height":581,"caption":"09 - N4_Go_coaching"},{"@type":"BreadcrumbList","@id":"https:\/\/jornaldasoficinas.com\/pt\/a-lideranca-eficaz-e-fundamental-para-enfrentar-os-desafios-modernos-rita-castano-e-patricia-barardo-go-coaching\/#breadcrumb","itemListElement":[{"@type":"ListItem","position":1,"name":"In\u00edcio","item":"https:\/\/jornaldasoficinas.com\/pt\/"},{"@type":"ListItem","position":2,"name":"&#8220;A lideran\u00e7a eficaz \u00e9 fundamental para enfrentar os desafios modernos&#8221;, Rita Casta\u00f1o e Patr\u00edcia Barardo, GO Coaching"}]},{"@type":"WebSite","@id":"https:\/\/jornaldasoficinas.com\/pt\/#website","url":"https:\/\/jornaldasoficinas.com\/pt\/","name":"Jornal das Oficinas","description":"Jornal independente do Aftermarket Autom\u00f3vel em Portugal","publisher":{"@id":"https:\/\/jornaldasoficinas.com\/pt\/#organization"},"potentialAction":[{"@type":"SearchAction","target":{"@type":"EntryPoint","urlTemplate":"https:\/\/jornaldasoficinas.com\/pt\/?s={search_term_string}"},"query-input":{"@type":"PropertyValueSpecification","valueRequired":true,"valueName":"search_term_string"}}],"inLanguage":"pt-PT"},{"@type":"Organization","@id":"https:\/\/jornaldasoficinas.com\/pt\/#organization","name":"Jornal das Oficinas","url":"https:\/\/jornaldasoficinas.com\/pt\/","logo":{"@type":"ImageObject","inLanguage":"pt-PT","@id":"https:\/\/jornaldasoficinas.com\/pt\/#\/schema\/logo\/image\/","url":"https:\/\/jornaldasoficinas.com\/pt\/wp-content\/uploads\/logoJO-SEO.png","contentUrl":"https:\/\/jornaldasoficinas.com\/pt\/wp-content\/uploads\/logoJO-SEO.png","width":285,"height":450,"caption":"Jornal das Oficinas"},"image":{"@id":"https:\/\/jornaldasoficinas.com\/pt\/#\/schema\/logo\/image\/"},"sameAs":["https:\/\/www.facebook.com\/jornaloficinas","https:\/\/x.com\/jornaloficinas","https:\/\/www.instagram.com\/jornal_oficinas\/","https:\/\/www.linkedin.com\/company\/jornal-das-oficinas\/","https:\/\/www.youtube.com\/channel\/UCbQZBqtcvV-oSQrr7RzINGg"]},{"@type":"Person","@id":"https:\/\/jornaldasoficinas.com\/pt\/#\/schema\/person\/a38eef5de2c41d9e7c9ac10141afddf3","name":"Reda\u00e7\u00e3o JO","image":{"@type":"ImageObject","inLanguage":"pt-PT","@id":"https:\/\/secure.gravatar.com\/avatar\/71f2fa71737ad68a84fea94bc708ddac8ea5b0c4788dc2ad202f3ccb2887742f?s=96&d=wp_user_avatar&r=g","url":"https:\/\/secure.gravatar.com\/avatar\/71f2fa71737ad68a84fea94bc708ddac8ea5b0c4788dc2ad202f3ccb2887742f?s=96&d=wp_user_avatar&r=g","contentUrl":"https:\/\/secure.gravatar.com\/avatar\/71f2fa71737ad68a84fea94bc708ddac8ea5b0c4788dc2ad202f3ccb2887742f?s=96&d=wp_user_avatar&r=g","caption":"Reda\u00e7\u00e3o JO"},"url":"https:\/\/jornaldasoficinas.com\/pt\/author\/joredacao\/"}]}},"_links":{"self":[{"href":"https:\/\/jornaldasoficinas.com\/pt\/wp-json\/wp\/v2\/posts\/91497","targetHints":{"allow":["GET"]}}],"collection":[{"href":"https:\/\/jornaldasoficinas.com\/pt\/wp-json\/wp\/v2\/posts"}],"about":[{"href":"https:\/\/jornaldasoficinas.com\/pt\/wp-json\/wp\/v2\/types\/post"}],"author":[{"embeddable":true,"href":"https:\/\/jornaldasoficinas.com\/pt\/wp-json\/wp\/v2\/users\/15"}],"replies":[{"embeddable":true,"href":"https:\/\/jornaldasoficinas.com\/pt\/wp-json\/wp\/v2\/comments?post=91497"}],"version-history":[{"count":0,"href":"https:\/\/jornaldasoficinas.com\/pt\/wp-json\/wp\/v2\/posts\/91497\/revisions"}],"wp:featuredmedia":[{"embeddable":true,"href":"https:\/\/jornaldasoficinas.com\/pt\/wp-json\/wp\/v2\/media\/91486"}],"wp:attachment":[{"href":"https:\/\/jornaldasoficinas.com\/pt\/wp-json\/wp\/v2\/media?parent=91497"}],"wp:term":[{"taxonomy":"category","embeddable":true,"href":"https:\/\/jornaldasoficinas.com\/pt\/wp-json\/wp\/v2\/categories?post=91497"},{"taxonomy":"post_tag","embeddable":true,"href":"https:\/\/jornaldasoficinas.com\/pt\/wp-json\/wp\/v2\/tags?post=91497"}],"curies":[{"name":"wp","href":"https:\/\/api.w.org\/{rel}","templated":true}]}}