{"id":91545,"date":"2024-09-23T14:00:48","date_gmt":"2024-09-23T13:00:48","guid":{"rendered":"https:\/\/jornaldasoficinas.com\/pt\/?p=91545"},"modified":"2024-09-23T12:26:21","modified_gmt":"2024-09-23T11:26:21","slug":"6a-edicao-automotive-summit-da-opco-chega-em-outubro","status":"publish","type":"post","link":"https:\/\/jornaldasoficinas.com\/pt\/6a-edicao-automotive-summit-da-opco-chega-em-outubro\/","title":{"rendered":"6\u00aa edi\u00e7\u00e3o Automotive Summit da OPCO chega em outubro"},"content":{"rendered":"<p><strong><img loading=\"lazy\" decoding=\"async\" class=\"alignnone size-full wp-image-91551\" src=\"https:\/\/jornaldasoficinas.com\/pt\/wp-content\/uploads\/2024\/09\/6-edicao-do-Automotive-Summit-da-OPCO-chega-em-outubro.jpg\" alt=\"09 - 6 edicao do Automotive Summit da OPCO chega em outubro\" width=\"1024\" height=\"581\" srcset=\"https:\/\/jornaldasoficinas.com\/pt\/wp-content\/uploads\/2024\/09\/6-edicao-do-Automotive-Summit-da-OPCO-chega-em-outubro.jpg 1024w, https:\/\/jornaldasoficinas.com\/pt\/wp-content\/uploads\/2024\/09\/6-edicao-do-Automotive-Summit-da-OPCO-chega-em-outubro-300x170.jpg 300w, https:\/\/jornaldasoficinas.com\/pt\/wp-content\/uploads\/2024\/09\/6-edicao-do-Automotive-Summit-da-OPCO-chega-em-outubro-150x85.jpg 150w, https:\/\/jornaldasoficinas.com\/pt\/wp-content\/uploads\/2024\/09\/6-edicao-do-Automotive-Summit-da-OPCO-chega-em-outubro-768x436.jpg 768w\" sizes=\"auto, (max-width: 1024px) 100vw, 1024px\" \/><\/strong><\/p>\n<p><strong>Este ano, a cimeira da <a href=\"https:\/\/opco.pt\/\" target=\"_blank\" rel=\"noopener\">OPCO<\/a> vai estar a dar destaque ao tema do ecossistema do setor autom\u00f3vel nas \u00e1reas da mobilidade, fabricantes e construtores, servi\u00e7os de apoio e p\u00f3s-venda<\/strong><\/p>\n<p>A sexta edi\u00e7\u00e3o do <a href=\"https:\/\/automotivesummit.pt\/\" target=\"_blank\" rel=\"noopener\">Automotive Summit<\/a>, da OPCO, acontecer\u00e1 de 29 a 31 de outubro em \u00c1gueda. Tr\u00eas dias e tr\u00eas espa\u00e7os da cidade dedicados \u00e0 partilha de informa\u00e7\u00e3o, ao debate e ao networking neste evento especializado promovido pela empresa de consultoria, forma\u00e7\u00e3o e auditoria a operar em Portugal desde 2006.<\/p>\n<p>O tema da edi\u00e7\u00e3o 2024 \u00e9 o ecossistema do setor autom\u00f3vel nas suas quatro grandes \u00e1reas: mobilidade, fabricantes e construtores, servi\u00e7os de apoio e p\u00f3s-venda.<\/p>\n<p>&#8220;A ind\u00fastria autom\u00f3vel em Portugal tem uma express\u00e3o significativa, mas caracteriza-se essencialmente por multinacionais ou por empresas nacionais que produzem aquilo que outros desenvolvem&#8221;, explicou Pedro Silva, diretor-geral da OPCO.<\/p>\n<p>&#8220;H\u00e1 um elevado grau de exporta\u00e7\u00e3o e uma depend\u00eancia de quem desenha os produtos, as grandes OEM ou os grandes Tier 1 da ind\u00fastria, que s\u00e3o quem define as regras. Para conseguirmos que Portugal desempenhe outro papel a n\u00edvel nacional e internacional, temos de nos unir e especializar, tamb\u00e9m para isso serve o Summit, para al\u00e9m de partilhar conhecimento, experi\u00eancia e novas tend\u00eancias&#8221;, acrescentou.<\/p>\n<p>O palco do primeiro dia, 29 de outubro, \u00e9 o Centro de Artes de \u00c1gueda. O programa conta com apresenta\u00e7\u00f5es, debates, entrevistas e termina com a realiza\u00e7\u00e3o de visitas a unidades fabris.<\/p>\n<p>V\u00e3o ser explorados temas como internacionaliza\u00e7\u00e3o, sustentabilidade na ind\u00fastria autom\u00f3vel, standards VDA QMC, normas IATF e Ind\u00fastria 4.0.<\/p>\n<p>O painel \u00e9 composto por especialistas como Jorge Rosa da MOBINOV, Jos\u00e9 Couto da AFIA, um representante da AICEP e Assun\u00e7\u00e3o Cristas, enquanto keynote speaker, em representa\u00e7\u00e3o da Vieira de Almeida, Sociedade de Advogados. Yulia Prakopchick e Teresa M\u00fcller-Ott apresentam as normas VDA QMC e Paul Hardiman as normas IATF.<\/p>\n<p>No dia 30 de outubro, o evento passa para o Centro de Inova\u00e7\u00e3o e Tecnologia de \u00c1gueda e o programa distribui-se pelo audit\u00f3rio e duas salas. Esta \u00e9 a nova forma de fomentar o networking durante o Automotive Summit, j\u00e1 que as pessoas v\u00e3o circular entre os espa\u00e7os sem perder nenhuma das apresenta\u00e7\u00f5es.<\/p>\n<p>O programa prev\u00ea temas como Intelig\u00eancia Artificial, Gest\u00e3o de Cadeia Log\u00edstica, Metrologia, Conformidade do Produto VDA QMC, Agenda da Microeletr\u00f3nica e Clube de Auditores. No fim do dia h\u00e1 novamente visitas a unidades fabris.<\/p>\n<p>O encerramento do Automotive Summit 2024 \u00e9 feito pela equipa especializada da OPCO na manh\u00e3 de 31 de outubro, na Escola Superior de Tecnologia e Gest\u00e3o de \u00c1gueda (ESTGA).<\/p>\n<p>Sempre com o foco na qualifica\u00e7\u00e3o da ind\u00fastria autom\u00f3vel e com uma m\u00e9dia superior a 1.200 profissionais qualificados por ano, Pedro Silva, Marcelo Cl\u00e1udio e V\u00e2nia Azevedo da OPCO apresentam duas Masterclasses que &#8220;acrescentam valor aos profissionais do setor autom\u00f3vel&#8221;, sublinhou Pedro Silva.<\/p>\n<p>O diretor-geral da OPCO considera que &#8220;dentro da atividade dos construtores e das cadeias de fornecimento, uma das caracter\u00edsticas da ind\u00fastria autom\u00f3vel \u00e9 a uniformiza\u00e7\u00e3o, e, para isso, s\u00e3o exigidas certifica\u00e7\u00f5es espec\u00edficas a n\u00edvel mundial. Para al\u00e9m das entidades presentes no Summit, queremos nestas Masterclasses partilhar a nossa experi\u00eancia no terreno e conhecimento especializado com todas as pessoas que escolhem estar connosco&#8221;.<\/p>\n<p>A OPCO promove anualmente o Automotive Summit com o objetivo de contribuir para o crescimento e a notoriedade do setor autom\u00f3vel em Portugal e o seu reconhecimento al\u00e9m-fronteiras. O evento tem origem na Confer\u00eancia Regional da VDA-QMC em 2018 no Porto.<\/p>\n<p>&#8220;Depois da excelente experi\u00eancia, a OPCO tomou a iniciativa de realizar esta cimeira anual que tem vindo a crescer&#8221;, revelou a mesma fonte.<\/p>\n<p>As inscri\u00e7\u00f5es para o Automotive Summit da OPCO est\u00e3o a decorrer online, para saber mais, clique <a href=\"https:\/\/automotivesummit.pt\/\" target=\"_blank\" rel=\"noopener\">aqui<\/a>.<\/p>\n","protected":false},"excerpt":{"rendered":"<p>Este ano, a cimeira da OPCO&#8230;<\/p>\n","protected":false},"author":15,"featured_media":91551,"comment_status":"closed","ping_status":"closed","sticky":false,"template":"","format":"standard","meta":{"footnotes":""},"categories":[29],"tags":[6609,4077,10700,6363,2849,1497],"class_list":["post-91545","post","type-post","status-publish","format-standard","has-post-thumbnail","hentry","category-empresas","tag-automotive-summit","tag-centro-de-artes-de-agueda","tag-cimeira","tag-mobilidade-automovel","tag-opco","tag-setor-automovel"],"yoast_head":"<!-- This site is optimized with the Yoast SEO plugin v27.4 - https:\/\/yoast.com\/product\/yoast-seo-wordpress\/ -->\n<title>6\u00aa edi\u00e7\u00e3o Automotive Summit da OPCO chega em outubro - Jornal das Oficinas<\/title>\n<meta name=\"description\" content=\"Este ano, a cimeira da OPCO vai estar a dar destaque ao tema do ecossistema do setor autom\u00f3vel com foco em diversas \u00e1reas\" \/>\n<meta name=\"robots\" content=\"index, follow, max-snippet:-1, max-image-preview:large, max-video-preview:-1\" \/>\n<link rel=\"canonical\" href=\"https:\/\/jornaldasoficinas.com\/pt\/6a-edicao-automotive-summit-da-opco-chega-em-outubro\/\" \/>\n<meta property=\"og:locale\" content=\"pt_PT\" \/>\n<meta property=\"og:type\" content=\"article\" \/>\n<meta property=\"og:title\" content=\"6\u00aa edi\u00e7\u00e3o Automotive Summit da OPCO chega em outubro - Jornal das Oficinas\" \/>\n<meta property=\"og:description\" content=\"Este ano, a cimeira da OPCO vai estar a dar destaque ao tema do ecossistema do setor autom\u00f3vel com foco em diversas \u00e1reas\" \/>\n<meta property=\"og:url\" content=\"https:\/\/jornaldasoficinas.com\/pt\/6a-edicao-automotive-summit-da-opco-chega-em-outubro\/\" \/>\n<meta property=\"og:site_name\" content=\"Jornal das Oficinas\" \/>\n<meta property=\"article:publisher\" content=\"https:\/\/www.facebook.com\/jornaloficinas\" \/>\n<meta property=\"article:published_time\" content=\"2024-09-23T13:00:48+00:00\" \/>\n<meta property=\"og:image\" content=\"https:\/\/jornaldasoficinas.com\/pt\/wp-content\/uploads\/2024\/09\/6-edicao-do-Automotive-Summit-da-OPCO-chega-em-outubro.jpg\" \/>\n\t<meta property=\"og:image:width\" content=\"1024\" \/>\n\t<meta property=\"og:image:height\" content=\"581\" \/>\n\t<meta property=\"og:image:type\" content=\"image\/jpeg\" \/>\n<meta name=\"author\" content=\"Reda\u00e7\u00e3o JO\" \/>\n<meta name=\"twitter:card\" content=\"summary_large_image\" \/>\n<meta name=\"twitter:creator\" content=\"@jornaloficinas\" \/>\n<meta name=\"twitter:site\" content=\"@jornaloficinas\" \/>\n<meta name=\"twitter:label1\" content=\"Escrito por\" \/>\n\t<meta name=\"twitter:data1\" content=\"Reda\u00e7\u00e3o JO\" \/>\n\t<meta name=\"twitter:label2\" content=\"Tempo estimado de leitura\" \/>\n\t<meta name=\"twitter:data2\" content=\"4 minutos\" \/>\n<script type=\"application\/ld+json\" class=\"yoast-schema-graph\">{\"@context\":\"https:\\\/\\\/schema.org\",\"@graph\":[{\"@type\":\"Article\",\"@id\":\"https:\\\/\\\/jornaldasoficinas.com\\\/pt\\\/6a-edicao-automotive-summit-da-opco-chega-em-outubro\\\/#article\",\"isPartOf\":{\"@id\":\"https:\\\/\\\/jornaldasoficinas.com\\\/pt\\\/6a-edicao-automotive-summit-da-opco-chega-em-outubro\\\/\"},\"author\":{\"name\":\"Reda\u00e7\u00e3o JO\",\"@id\":\"https:\\\/\\\/jornaldasoficinas.com\\\/pt\\\/#\\\/schema\\\/person\\\/a38eef5de2c41d9e7c9ac10141afddf3\"},\"headline\":\"6\u00aa edi\u00e7\u00e3o Automotive Summit da OPCO chega em outubro\",\"datePublished\":\"2024-09-23T13:00:48+00:00\",\"mainEntityOfPage\":{\"@id\":\"https:\\\/\\\/jornaldasoficinas.com\\\/pt\\\/6a-edicao-automotive-summit-da-opco-chega-em-outubro\\\/\"},\"wordCount\":660,\"publisher\":{\"@id\":\"https:\\\/\\\/jornaldasoficinas.com\\\/pt\\\/#organization\"},\"image\":{\"@id\":\"https:\\\/\\\/jornaldasoficinas.com\\\/pt\\\/6a-edicao-automotive-summit-da-opco-chega-em-outubro\\\/#primaryimage\"},\"thumbnailUrl\":\"https:\\\/\\\/jornaldasoficinas.com\\\/pt\\\/wp-content\\\/uploads\\\/2024\\\/09\\\/6-edicao-do-Automotive-Summit-da-OPCO-chega-em-outubro.jpg\",\"keywords\":[\"Automotive Summit\",\"Centro de Artes de \u00c1gueda\",\"cimeira\",\"mobilidade autom\u00f3vel\",\"OPCO\",\"Setor Autom\u00f3vel\"],\"articleSection\":[\"Empresas\"],\"inLanguage\":\"pt-PT\"},{\"@type\":\"WebPage\",\"@id\":\"https:\\\/\\\/jornaldasoficinas.com\\\/pt\\\/6a-edicao-automotive-summit-da-opco-chega-em-outubro\\\/\",\"url\":\"https:\\\/\\\/jornaldasoficinas.com\\\/pt\\\/6a-edicao-automotive-summit-da-opco-chega-em-outubro\\\/\",\"name\":\"6\u00aa edi\u00e7\u00e3o Automotive Summit da OPCO chega em outubro - Jornal das Oficinas\",\"isPartOf\":{\"@id\":\"https:\\\/\\\/jornaldasoficinas.com\\\/pt\\\/#website\"},\"primaryImageOfPage\":{\"@id\":\"https:\\\/\\\/jornaldasoficinas.com\\\/pt\\\/6a-edicao-automotive-summit-da-opco-chega-em-outubro\\\/#primaryimage\"},\"image\":{\"@id\":\"https:\\\/\\\/jornaldasoficinas.com\\\/pt\\\/6a-edicao-automotive-summit-da-opco-chega-em-outubro\\\/#primaryimage\"},\"thumbnailUrl\":\"https:\\\/\\\/jornaldasoficinas.com\\\/pt\\\/wp-content\\\/uploads\\\/2024\\\/09\\\/6-edicao-do-Automotive-Summit-da-OPCO-chega-em-outubro.jpg\",\"datePublished\":\"2024-09-23T13:00:48+00:00\",\"description\":\"Este ano, a cimeira da OPCO vai estar a dar destaque ao tema do ecossistema do setor autom\u00f3vel com foco em diversas \u00e1reas\",\"breadcrumb\":{\"@id\":\"https:\\\/\\\/jornaldasoficinas.com\\\/pt\\\/6a-edicao-automotive-summit-da-opco-chega-em-outubro\\\/#breadcrumb\"},\"inLanguage\":\"pt-PT\",\"potentialAction\":[{\"@type\":\"ReadAction\",\"target\":[\"https:\\\/\\\/jornaldasoficinas.com\\\/pt\\\/6a-edicao-automotive-summit-da-opco-chega-em-outubro\\\/\"]}]},{\"@type\":\"ImageObject\",\"inLanguage\":\"pt-PT\",\"@id\":\"https:\\\/\\\/jornaldasoficinas.com\\\/pt\\\/6a-edicao-automotive-summit-da-opco-chega-em-outubro\\\/#primaryimage\",\"url\":\"https:\\\/\\\/jornaldasoficinas.com\\\/pt\\\/wp-content\\\/uploads\\\/2024\\\/09\\\/6-edicao-do-Automotive-Summit-da-OPCO-chega-em-outubro.jpg\",\"contentUrl\":\"https:\\\/\\\/jornaldasoficinas.com\\\/pt\\\/wp-content\\\/uploads\\\/2024\\\/09\\\/6-edicao-do-Automotive-Summit-da-OPCO-chega-em-outubro.jpg\",\"width\":1024,\"height\":581,\"caption\":\"09 - 6 edicao do Automotive Summit da OPCO chega em outubro\"},{\"@type\":\"BreadcrumbList\",\"@id\":\"https:\\\/\\\/jornaldasoficinas.com\\\/pt\\\/6a-edicao-automotive-summit-da-opco-chega-em-outubro\\\/#breadcrumb\",\"itemListElement\":[{\"@type\":\"ListItem\",\"position\":1,\"name\":\"In\u00edcio\",\"item\":\"https:\\\/\\\/jornaldasoficinas.com\\\/pt\\\/\"},{\"@type\":\"ListItem\",\"position\":2,\"name\":\"6\u00aa edi\u00e7\u00e3o Automotive Summit da OPCO chega em outubro\"}]},{\"@type\":\"WebSite\",\"@id\":\"https:\\\/\\\/jornaldasoficinas.com\\\/pt\\\/#website\",\"url\":\"https:\\\/\\\/jornaldasoficinas.com\\\/pt\\\/\",\"name\":\"Jornal das Oficinas\",\"description\":\"Jornal independente do Aftermarket Autom\u00f3vel em Portugal\",\"publisher\":{\"@id\":\"https:\\\/\\\/jornaldasoficinas.com\\\/pt\\\/#organization\"},\"potentialAction\":[{\"@type\":\"SearchAction\",\"target\":{\"@type\":\"EntryPoint\",\"urlTemplate\":\"https:\\\/\\\/jornaldasoficinas.com\\\/pt\\\/?s={search_term_string}\"},\"query-input\":{\"@type\":\"PropertyValueSpecification\",\"valueRequired\":true,\"valueName\":\"search_term_string\"}}],\"inLanguage\":\"pt-PT\"},{\"@type\":\"Organization\",\"@id\":\"https:\\\/\\\/jornaldasoficinas.com\\\/pt\\\/#organization\",\"name\":\"Jornal das Oficinas\",\"url\":\"https:\\\/\\\/jornaldasoficinas.com\\\/pt\\\/\",\"logo\":{\"@type\":\"ImageObject\",\"inLanguage\":\"pt-PT\",\"@id\":\"https:\\\/\\\/jornaldasoficinas.com\\\/pt\\\/#\\\/schema\\\/logo\\\/image\\\/\",\"url\":\"https:\\\/\\\/jornaldasoficinas.com\\\/pt\\\/wp-content\\\/uploads\\\/logoJO-SEO.png\",\"contentUrl\":\"https:\\\/\\\/jornaldasoficinas.com\\\/pt\\\/wp-content\\\/uploads\\\/logoJO-SEO.png\",\"width\":285,\"height\":450,\"caption\":\"Jornal das Oficinas\"},\"image\":{\"@id\":\"https:\\\/\\\/jornaldasoficinas.com\\\/pt\\\/#\\\/schema\\\/logo\\\/image\\\/\"},\"sameAs\":[\"https:\\\/\\\/www.facebook.com\\\/jornaloficinas\",\"https:\\\/\\\/x.com\\\/jornaloficinas\",\"https:\\\/\\\/www.instagram.com\\\/jornal_oficinas\\\/\",\"https:\\\/\\\/www.linkedin.com\\\/company\\\/jornal-das-oficinas\\\/\",\"https:\\\/\\\/www.youtube.com\\\/channel\\\/UCbQZBqtcvV-oSQrr7RzINGg\"]},{\"@type\":\"Person\",\"@id\":\"https:\\\/\\\/jornaldasoficinas.com\\\/pt\\\/#\\\/schema\\\/person\\\/a38eef5de2c41d9e7c9ac10141afddf3\",\"name\":\"Reda\u00e7\u00e3o JO\",\"image\":{\"@type\":\"ImageObject\",\"inLanguage\":\"pt-PT\",\"@id\":\"https:\\\/\\\/secure.gravatar.com\\\/avatar\\\/71f2fa71737ad68a84fea94bc708ddac8ea5b0c4788dc2ad202f3ccb2887742f?s=96&d=wp_user_avatar&r=g\",\"url\":\"https:\\\/\\\/secure.gravatar.com\\\/avatar\\\/71f2fa71737ad68a84fea94bc708ddac8ea5b0c4788dc2ad202f3ccb2887742f?s=96&d=wp_user_avatar&r=g\",\"contentUrl\":\"https:\\\/\\\/secure.gravatar.com\\\/avatar\\\/71f2fa71737ad68a84fea94bc708ddac8ea5b0c4788dc2ad202f3ccb2887742f?s=96&d=wp_user_avatar&r=g\",\"caption\":\"Reda\u00e7\u00e3o JO\"},\"url\":\"https:\\\/\\\/jornaldasoficinas.com\\\/pt\\\/author\\\/joredacao\\\/\"}]}<\/script>\n<!-- \/ Yoast SEO plugin. -->","yoast_head_json":{"title":"6\u00aa edi\u00e7\u00e3o Automotive Summit da OPCO chega em outubro - Jornal das Oficinas","description":"Este ano, a cimeira da OPCO vai estar a dar destaque ao tema do ecossistema do setor autom\u00f3vel com foco em diversas \u00e1reas","robots":{"index":"index","follow":"follow","max-snippet":"max-snippet:-1","max-image-preview":"max-image-preview:large","max-video-preview":"max-video-preview:-1"},"canonical":"https:\/\/jornaldasoficinas.com\/pt\/6a-edicao-automotive-summit-da-opco-chega-em-outubro\/","og_locale":"pt_PT","og_type":"article","og_title":"6\u00aa edi\u00e7\u00e3o Automotive Summit da OPCO chega em outubro - Jornal das Oficinas","og_description":"Este ano, a cimeira da OPCO vai estar a dar destaque ao tema do ecossistema do setor autom\u00f3vel com foco em diversas \u00e1reas","og_url":"https:\/\/jornaldasoficinas.com\/pt\/6a-edicao-automotive-summit-da-opco-chega-em-outubro\/","og_site_name":"Jornal das Oficinas","article_publisher":"https:\/\/www.facebook.com\/jornaloficinas","article_published_time":"2024-09-23T13:00:48+00:00","og_image":[{"width":1024,"height":581,"url":"https:\/\/jornaldasoficinas.com\/pt\/wp-content\/uploads\/2024\/09\/6-edicao-do-Automotive-Summit-da-OPCO-chega-em-outubro.jpg","type":"image\/jpeg"}],"author":"Reda\u00e7\u00e3o JO","twitter_card":"summary_large_image","twitter_creator":"@jornaloficinas","twitter_site":"@jornaloficinas","twitter_misc":{"Escrito por":"Reda\u00e7\u00e3o JO","Tempo estimado de leitura":"4 minutos"},"schema":{"@context":"https:\/\/schema.org","@graph":[{"@type":"Article","@id":"https:\/\/jornaldasoficinas.com\/pt\/6a-edicao-automotive-summit-da-opco-chega-em-outubro\/#article","isPartOf":{"@id":"https:\/\/jornaldasoficinas.com\/pt\/6a-edicao-automotive-summit-da-opco-chega-em-outubro\/"},"author":{"name":"Reda\u00e7\u00e3o JO","@id":"https:\/\/jornaldasoficinas.com\/pt\/#\/schema\/person\/a38eef5de2c41d9e7c9ac10141afddf3"},"headline":"6\u00aa edi\u00e7\u00e3o Automotive Summit da OPCO chega em outubro","datePublished":"2024-09-23T13:00:48+00:00","mainEntityOfPage":{"@id":"https:\/\/jornaldasoficinas.com\/pt\/6a-edicao-automotive-summit-da-opco-chega-em-outubro\/"},"wordCount":660,"publisher":{"@id":"https:\/\/jornaldasoficinas.com\/pt\/#organization"},"image":{"@id":"https:\/\/jornaldasoficinas.com\/pt\/6a-edicao-automotive-summit-da-opco-chega-em-outubro\/#primaryimage"},"thumbnailUrl":"https:\/\/jornaldasoficinas.com\/pt\/wp-content\/uploads\/2024\/09\/6-edicao-do-Automotive-Summit-da-OPCO-chega-em-outubro.jpg","keywords":["Automotive Summit","Centro de Artes de \u00c1gueda","cimeira","mobilidade autom\u00f3vel","OPCO","Setor Autom\u00f3vel"],"articleSection":["Empresas"],"inLanguage":"pt-PT"},{"@type":"WebPage","@id":"https:\/\/jornaldasoficinas.com\/pt\/6a-edicao-automotive-summit-da-opco-chega-em-outubro\/","url":"https:\/\/jornaldasoficinas.com\/pt\/6a-edicao-automotive-summit-da-opco-chega-em-outubro\/","name":"6\u00aa edi\u00e7\u00e3o Automotive Summit da OPCO chega em outubro - Jornal das Oficinas","isPartOf":{"@id":"https:\/\/jornaldasoficinas.com\/pt\/#website"},"primaryImageOfPage":{"@id":"https:\/\/jornaldasoficinas.com\/pt\/6a-edicao-automotive-summit-da-opco-chega-em-outubro\/#primaryimage"},"image":{"@id":"https:\/\/jornaldasoficinas.com\/pt\/6a-edicao-automotive-summit-da-opco-chega-em-outubro\/#primaryimage"},"thumbnailUrl":"https:\/\/jornaldasoficinas.com\/pt\/wp-content\/uploads\/2024\/09\/6-edicao-do-Automotive-Summit-da-OPCO-chega-em-outubro.jpg","datePublished":"2024-09-23T13:00:48+00:00","description":"Este ano, a cimeira da OPCO vai estar a dar destaque ao tema do ecossistema do setor autom\u00f3vel com foco em diversas \u00e1reas","breadcrumb":{"@id":"https:\/\/jornaldasoficinas.com\/pt\/6a-edicao-automotive-summit-da-opco-chega-em-outubro\/#breadcrumb"},"inLanguage":"pt-PT","potentialAction":[{"@type":"ReadAction","target":["https:\/\/jornaldasoficinas.com\/pt\/6a-edicao-automotive-summit-da-opco-chega-em-outubro\/"]}]},{"@type":"ImageObject","inLanguage":"pt-PT","@id":"https:\/\/jornaldasoficinas.com\/pt\/6a-edicao-automotive-summit-da-opco-chega-em-outubro\/#primaryimage","url":"https:\/\/jornaldasoficinas.com\/pt\/wp-content\/uploads\/2024\/09\/6-edicao-do-Automotive-Summit-da-OPCO-chega-em-outubro.jpg","contentUrl":"https:\/\/jornaldasoficinas.com\/pt\/wp-content\/uploads\/2024\/09\/6-edicao-do-Automotive-Summit-da-OPCO-chega-em-outubro.jpg","width":1024,"height":581,"caption":"09 - 6 edicao do Automotive Summit da OPCO chega em outubro"},{"@type":"BreadcrumbList","@id":"https:\/\/jornaldasoficinas.com\/pt\/6a-edicao-automotive-summit-da-opco-chega-em-outubro\/#breadcrumb","itemListElement":[{"@type":"ListItem","position":1,"name":"In\u00edcio","item":"https:\/\/jornaldasoficinas.com\/pt\/"},{"@type":"ListItem","position":2,"name":"6\u00aa edi\u00e7\u00e3o Automotive Summit da OPCO chega em outubro"}]},{"@type":"WebSite","@id":"https:\/\/jornaldasoficinas.com\/pt\/#website","url":"https:\/\/jornaldasoficinas.com\/pt\/","name":"Jornal das Oficinas","description":"Jornal independente do Aftermarket Autom\u00f3vel em Portugal","publisher":{"@id":"https:\/\/jornaldasoficinas.com\/pt\/#organization"},"potentialAction":[{"@type":"SearchAction","target":{"@type":"EntryPoint","urlTemplate":"https:\/\/jornaldasoficinas.com\/pt\/?s={search_term_string}"},"query-input":{"@type":"PropertyValueSpecification","valueRequired":true,"valueName":"search_term_string"}}],"inLanguage":"pt-PT"},{"@type":"Organization","@id":"https:\/\/jornaldasoficinas.com\/pt\/#organization","name":"Jornal das Oficinas","url":"https:\/\/jornaldasoficinas.com\/pt\/","logo":{"@type":"ImageObject","inLanguage":"pt-PT","@id":"https:\/\/jornaldasoficinas.com\/pt\/#\/schema\/logo\/image\/","url":"https:\/\/jornaldasoficinas.com\/pt\/wp-content\/uploads\/logoJO-SEO.png","contentUrl":"https:\/\/jornaldasoficinas.com\/pt\/wp-content\/uploads\/logoJO-SEO.png","width":285,"height":450,"caption":"Jornal das Oficinas"},"image":{"@id":"https:\/\/jornaldasoficinas.com\/pt\/#\/schema\/logo\/image\/"},"sameAs":["https:\/\/www.facebook.com\/jornaloficinas","https:\/\/x.com\/jornaloficinas","https:\/\/www.instagram.com\/jornal_oficinas\/","https:\/\/www.linkedin.com\/company\/jornal-das-oficinas\/","https:\/\/www.youtube.com\/channel\/UCbQZBqtcvV-oSQrr7RzINGg"]},{"@type":"Person","@id":"https:\/\/jornaldasoficinas.com\/pt\/#\/schema\/person\/a38eef5de2c41d9e7c9ac10141afddf3","name":"Reda\u00e7\u00e3o JO","image":{"@type":"ImageObject","inLanguage":"pt-PT","@id":"https:\/\/secure.gravatar.com\/avatar\/71f2fa71737ad68a84fea94bc708ddac8ea5b0c4788dc2ad202f3ccb2887742f?s=96&d=wp_user_avatar&r=g","url":"https:\/\/secure.gravatar.com\/avatar\/71f2fa71737ad68a84fea94bc708ddac8ea5b0c4788dc2ad202f3ccb2887742f?s=96&d=wp_user_avatar&r=g","contentUrl":"https:\/\/secure.gravatar.com\/avatar\/71f2fa71737ad68a84fea94bc708ddac8ea5b0c4788dc2ad202f3ccb2887742f?s=96&d=wp_user_avatar&r=g","caption":"Reda\u00e7\u00e3o JO"},"url":"https:\/\/jornaldasoficinas.com\/pt\/author\/joredacao\/"}]}},"_links":{"self":[{"href":"https:\/\/jornaldasoficinas.com\/pt\/wp-json\/wp\/v2\/posts\/91545","targetHints":{"allow":["GET"]}}],"collection":[{"href":"https:\/\/jornaldasoficinas.com\/pt\/wp-json\/wp\/v2\/posts"}],"about":[{"href":"https:\/\/jornaldasoficinas.com\/pt\/wp-json\/wp\/v2\/types\/post"}],"author":[{"embeddable":true,"href":"https:\/\/jornaldasoficinas.com\/pt\/wp-json\/wp\/v2\/users\/15"}],"replies":[{"embeddable":true,"href":"https:\/\/jornaldasoficinas.com\/pt\/wp-json\/wp\/v2\/comments?post=91545"}],"version-history":[{"count":0,"href":"https:\/\/jornaldasoficinas.com\/pt\/wp-json\/wp\/v2\/posts\/91545\/revisions"}],"wp:featuredmedia":[{"embeddable":true,"href":"https:\/\/jornaldasoficinas.com\/pt\/wp-json\/wp\/v2\/media\/91551"}],"wp:attachment":[{"href":"https:\/\/jornaldasoficinas.com\/pt\/wp-json\/wp\/v2\/media?parent=91545"}],"wp:term":[{"taxonomy":"category","embeddable":true,"href":"https:\/\/jornaldasoficinas.com\/pt\/wp-json\/wp\/v2\/categories?post=91545"},{"taxonomy":"post_tag","embeddable":true,"href":"https:\/\/jornaldasoficinas.com\/pt\/wp-json\/wp\/v2\/tags?post=91545"}],"curies":[{"name":"wp","href":"https:\/\/api.w.org\/{rel}","templated":true}]}}