{"id":91568,"date":"2024-09-23T12:23:28","date_gmt":"2024-09-23T11:23:28","guid":{"rendered":"https:\/\/jornaldasoficinas.com\/pt\/?p=91568"},"modified":"2024-09-23T12:23:28","modified_gmt":"2024-09-23T11:23:28","slug":"pro4matic-nomeada-distribuidor-oficial-autorizado-da-hr","status":"publish","type":"post","link":"https:\/\/jornaldasoficinas.com\/pt\/pro4matic-nomeada-distribuidor-oficial-autorizado-da-hr\/","title":{"rendered":"Pro4matic nomeada distribuidor oficial autorizado da H&#038;R"},"content":{"rendered":"<p><strong><img loading=\"lazy\" decoding=\"async\" class=\"alignnone size-full wp-image-91570\" src=\"https:\/\/jornaldasoficinas.com\/pt\/wp-content\/uploads\/2024\/09\/Pro4matic-nomeada-distribuidor-oficial-autorizado-da-HR.png\" alt=\"09 - Pro4matic nomeada distribuidor oficial autorizado da HR\" width=\"1024\" height=\"581\" srcset=\"https:\/\/jornaldasoficinas.com\/pt\/wp-content\/uploads\/2024\/09\/Pro4matic-nomeada-distribuidor-oficial-autorizado-da-HR.png 1024w, https:\/\/jornaldasoficinas.com\/pt\/wp-content\/uploads\/2024\/09\/Pro4matic-nomeada-distribuidor-oficial-autorizado-da-HR-300x170.png 300w, https:\/\/jornaldasoficinas.com\/pt\/wp-content\/uploads\/2024\/09\/Pro4matic-nomeada-distribuidor-oficial-autorizado-da-HR-150x85.png 150w, https:\/\/jornaldasoficinas.com\/pt\/wp-content\/uploads\/2024\/09\/Pro4matic-nomeada-distribuidor-oficial-autorizado-da-HR-768x436.png 768w\" sizes=\"auto, (max-width: 1024px) 100vw, 1024px\" \/><\/strong><\/p>\n<p><strong>A <a href=\"https:\/\/pro4matic.com\/pt\/\" target=\"_blank\" rel=\"noopener\">Pro4matic<\/a> acaba de ser nomeada para distribuidor oficial autorizado da <a href=\"https:\/\/www.h-r.com\/en\/\">H&amp;R<\/a>, reconhecida marca de desenvolvimento e produ\u00e7\u00e3o de sistemas de suspens\u00e3o desportivos<\/strong><\/p>\n<p>Com 44 anos de experi\u00eancia no desenvolvimento de suspens\u00f5es desportivas, a H&amp;R produz uma gama alargada de componentes para suspens\u00e3o, como: molas de rebaixamento, molas ajust\u00e1veis em altura; espa\u00e7adores de rodas, barras estabilizadoras, molas de corrida e aplica\u00e7\u00f5es especiais e kits molas de eleva\u00e7\u00e3o, entre outros.<\/p>\n<p>A produ\u00e7\u00e3o das molas de suspens\u00e3o \u00e9 efetuada inteiramente na sua f\u00e1brica no cora\u00e7\u00e3o da regi\u00e3o de Sauerland, na Alemanha. Oferece componentes de suspens\u00e3o espec\u00edficos para quase todos os modelos de ve\u00edculos logo ap\u00f3s o lan\u00e7amento no mercado.<\/p>\n<p><strong>Pequena hist\u00f3ria da empresa<\/strong><\/p>\n<p>Os fundadores da empresa H&amp;R, Werner Heine e Heinrich Remmen, tinham uma grande vis\u00e3o: melhorar o desempenho atrav\u00e9s do rebaixamento de carros de estrada com homologa\u00e7\u00e3o. Uma inova\u00e7\u00e3o para a \u00e9poca e um precursor do rebaixamento atual com homologa\u00e7\u00e3o de pe\u00e7as.<\/p>\n<p>Os corajosos jovens empres\u00e1rios depressa perceberam que tinham acertado no alvo com o seu projeto! Gra\u00e7as \u00e0 sua ideia inovadora, a empresa cresceu e tornou-se numa empresa familiar bem estabelecida.<\/p>\n<p>Atualmente, os componentes de suspens\u00e3o &#8220;Made by H&amp;R&#8221; s\u00e3o muito apreciados pelos clientes em todo o mundo. A empresa conseguiu transferir a tecnologia dos desportos motorizados internacionais de topo para o desenvolvimento de componentes de suspens\u00e3o inovadores para autom\u00f3veis de estrada.<\/p>\n<p>Na competi\u00e7\u00e3o, s\u00e3o colocadas imensas exig\u00eancias ao material utilizado devido \u00e0s cargas extremamente din\u00e2micas sobre os elementos da suspens\u00e3o. A experi\u00eancia adquirida no palco das competi\u00e7\u00f5es autom\u00f3vel flui diretamente para o processo de desenvolvimento e fabrico dos produtos, e o resultado destes esfor\u00e7os pode ser \u201cexperimentado\u201d, no verdadeiro sentido da palavra, por qualquer condutor desportivo.<\/p>\n<p>A empresa \u00e9 agora gerida pela segunda e terceira gera\u00e7\u00f5es exatamente com a mesma paix\u00e3o e dedica\u00e7\u00e3o.<\/p>\n","protected":false},"excerpt":{"rendered":"<p>A Pro4matic acaba de ser nomeada&#8230;<\/p>\n","protected":false},"author":15,"featured_media":91570,"comment_status":"closed","ping_status":"closed","sticky":false,"template":"","format":"standard","meta":{"footnotes":""},"categories":[29],"tags":[5598,10709,10334,10708,531,10710],"class_list":["post-91568","post","type-post","status-publish","format-standard","has-post-thumbnail","hentry","category-empresas","tag-componentes-de-suspensao","tag-distribuidor-oficial-autorizado","tag-gama-alargada","tag-hr","tag-pro4matic","tag-sistemas-de-suspensao-desportivos"],"yoast_head":"<!-- This site is optimized with the Yoast SEO plugin v27.4 - https:\/\/yoast.com\/product\/yoast-seo-wordpress\/ -->\n<title>Pro4matic nomeada distribuidor oficial autorizado da H&amp;R - Jornal das Oficinas<\/title>\n<meta name=\"description\" content=\"A Pro4matic acaba de ser nomeada para distribuidor oficial autorizado da H&amp;R, reconhecida marca de sistemas de suspens\u00e3o desportivos\" \/>\n<meta name=\"robots\" content=\"index, follow, max-snippet:-1, max-image-preview:large, max-video-preview:-1\" \/>\n<link rel=\"canonical\" href=\"https:\/\/jornaldasoficinas.com\/pt\/pro4matic-nomeada-distribuidor-oficial-autorizado-da-hr\/\" \/>\n<meta property=\"og:locale\" content=\"pt_PT\" \/>\n<meta property=\"og:type\" content=\"article\" \/>\n<meta property=\"og:title\" content=\"Pro4matic nomeada distribuidor oficial autorizado da H&amp;R - Jornal das Oficinas\" \/>\n<meta property=\"og:description\" content=\"A Pro4matic acaba de ser nomeada para distribuidor oficial autorizado da H&amp;R, reconhecida marca de sistemas de suspens\u00e3o desportivos\" \/>\n<meta property=\"og:url\" content=\"https:\/\/jornaldasoficinas.com\/pt\/pro4matic-nomeada-distribuidor-oficial-autorizado-da-hr\/\" \/>\n<meta property=\"og:site_name\" content=\"Jornal das Oficinas\" \/>\n<meta property=\"article:publisher\" content=\"https:\/\/www.facebook.com\/jornaloficinas\" \/>\n<meta property=\"article:published_time\" content=\"2024-09-23T11:23:28+00:00\" \/>\n<meta property=\"og:image\" content=\"https:\/\/jornaldasoficinas.com\/pt\/wp-content\/uploads\/2024\/09\/Pro4matic-nomeada-distribuidor-oficial-autorizado-da-HR.png\" \/>\n\t<meta property=\"og:image:width\" content=\"1024\" \/>\n\t<meta property=\"og:image:height\" content=\"581\" \/>\n\t<meta property=\"og:image:type\" content=\"image\/png\" \/>\n<meta name=\"author\" content=\"Reda\u00e7\u00e3o JO\" \/>\n<meta name=\"twitter:card\" content=\"summary_large_image\" \/>\n<meta name=\"twitter:creator\" content=\"@jornaloficinas\" \/>\n<meta name=\"twitter:site\" content=\"@jornaloficinas\" \/>\n<meta name=\"twitter:label1\" content=\"Escrito por\" \/>\n\t<meta name=\"twitter:data1\" content=\"Reda\u00e7\u00e3o JO\" \/>\n\t<meta name=\"twitter:label2\" content=\"Tempo estimado de leitura\" \/>\n\t<meta name=\"twitter:data2\" content=\"3 minutos\" \/>\n<script type=\"application\/ld+json\" class=\"yoast-schema-graph\">{\"@context\":\"https:\\\/\\\/schema.org\",\"@graph\":[{\"@type\":\"Article\",\"@id\":\"https:\\\/\\\/jornaldasoficinas.com\\\/pt\\\/pro4matic-nomeada-distribuidor-oficial-autorizado-da-hr\\\/#article\",\"isPartOf\":{\"@id\":\"https:\\\/\\\/jornaldasoficinas.com\\\/pt\\\/pro4matic-nomeada-distribuidor-oficial-autorizado-da-hr\\\/\"},\"author\":{\"name\":\"Reda\u00e7\u00e3o JO\",\"@id\":\"https:\\\/\\\/jornaldasoficinas.com\\\/pt\\\/#\\\/schema\\\/person\\\/a38eef5de2c41d9e7c9ac10141afddf3\"},\"headline\":\"Pro4matic nomeada distribuidor oficial autorizado da H&#038;R\",\"datePublished\":\"2024-09-23T11:23:28+00:00\",\"mainEntityOfPage\":{\"@id\":\"https:\\\/\\\/jornaldasoficinas.com\\\/pt\\\/pro4matic-nomeada-distribuidor-oficial-autorizado-da-hr\\\/\"},\"wordCount\":353,\"publisher\":{\"@id\":\"https:\\\/\\\/jornaldasoficinas.com\\\/pt\\\/#organization\"},\"image\":{\"@id\":\"https:\\\/\\\/jornaldasoficinas.com\\\/pt\\\/pro4matic-nomeada-distribuidor-oficial-autorizado-da-hr\\\/#primaryimage\"},\"thumbnailUrl\":\"https:\\\/\\\/jornaldasoficinas.com\\\/pt\\\/wp-content\\\/uploads\\\/2024\\\/09\\\/Pro4matic-nomeada-distribuidor-oficial-autorizado-da-HR.png\",\"keywords\":[\"Componentes de suspens\u00e3o\",\"distribuidor oficial autorizado\",\"gama alargada\",\"H&amp;R\",\"Pro4Matic\",\"sistemas de suspens\u00e3o desportivos\"],\"articleSection\":[\"Empresas\"],\"inLanguage\":\"pt-PT\"},{\"@type\":\"WebPage\",\"@id\":\"https:\\\/\\\/jornaldasoficinas.com\\\/pt\\\/pro4matic-nomeada-distribuidor-oficial-autorizado-da-hr\\\/\",\"url\":\"https:\\\/\\\/jornaldasoficinas.com\\\/pt\\\/pro4matic-nomeada-distribuidor-oficial-autorizado-da-hr\\\/\",\"name\":\"Pro4matic nomeada distribuidor oficial autorizado da H&R - Jornal das Oficinas\",\"isPartOf\":{\"@id\":\"https:\\\/\\\/jornaldasoficinas.com\\\/pt\\\/#website\"},\"primaryImageOfPage\":{\"@id\":\"https:\\\/\\\/jornaldasoficinas.com\\\/pt\\\/pro4matic-nomeada-distribuidor-oficial-autorizado-da-hr\\\/#primaryimage\"},\"image\":{\"@id\":\"https:\\\/\\\/jornaldasoficinas.com\\\/pt\\\/pro4matic-nomeada-distribuidor-oficial-autorizado-da-hr\\\/#primaryimage\"},\"thumbnailUrl\":\"https:\\\/\\\/jornaldasoficinas.com\\\/pt\\\/wp-content\\\/uploads\\\/2024\\\/09\\\/Pro4matic-nomeada-distribuidor-oficial-autorizado-da-HR.png\",\"datePublished\":\"2024-09-23T11:23:28+00:00\",\"description\":\"A Pro4matic acaba de ser nomeada para distribuidor oficial autorizado da H&R, reconhecida marca de sistemas de suspens\u00e3o desportivos\",\"breadcrumb\":{\"@id\":\"https:\\\/\\\/jornaldasoficinas.com\\\/pt\\\/pro4matic-nomeada-distribuidor-oficial-autorizado-da-hr\\\/#breadcrumb\"},\"inLanguage\":\"pt-PT\",\"potentialAction\":[{\"@type\":\"ReadAction\",\"target\":[\"https:\\\/\\\/jornaldasoficinas.com\\\/pt\\\/pro4matic-nomeada-distribuidor-oficial-autorizado-da-hr\\\/\"]}]},{\"@type\":\"ImageObject\",\"inLanguage\":\"pt-PT\",\"@id\":\"https:\\\/\\\/jornaldasoficinas.com\\\/pt\\\/pro4matic-nomeada-distribuidor-oficial-autorizado-da-hr\\\/#primaryimage\",\"url\":\"https:\\\/\\\/jornaldasoficinas.com\\\/pt\\\/wp-content\\\/uploads\\\/2024\\\/09\\\/Pro4matic-nomeada-distribuidor-oficial-autorizado-da-HR.png\",\"contentUrl\":\"https:\\\/\\\/jornaldasoficinas.com\\\/pt\\\/wp-content\\\/uploads\\\/2024\\\/09\\\/Pro4matic-nomeada-distribuidor-oficial-autorizado-da-HR.png\",\"width\":1024,\"height\":581,\"caption\":\"09 - Pro4matic nomeada distribuidor oficial autorizado da HR\"},{\"@type\":\"BreadcrumbList\",\"@id\":\"https:\\\/\\\/jornaldasoficinas.com\\\/pt\\\/pro4matic-nomeada-distribuidor-oficial-autorizado-da-hr\\\/#breadcrumb\",\"itemListElement\":[{\"@type\":\"ListItem\",\"position\":1,\"name\":\"In\u00edcio\",\"item\":\"https:\\\/\\\/jornaldasoficinas.com\\\/pt\\\/\"},{\"@type\":\"ListItem\",\"position\":2,\"name\":\"Pro4matic nomeada distribuidor oficial autorizado da H&#038;R\"}]},{\"@type\":\"WebSite\",\"@id\":\"https:\\\/\\\/jornaldasoficinas.com\\\/pt\\\/#website\",\"url\":\"https:\\\/\\\/jornaldasoficinas.com\\\/pt\\\/\",\"name\":\"Jornal das Oficinas\",\"description\":\"Jornal independente do Aftermarket Autom\u00f3vel em Portugal\",\"publisher\":{\"@id\":\"https:\\\/\\\/jornaldasoficinas.com\\\/pt\\\/#organization\"},\"potentialAction\":[{\"@type\":\"SearchAction\",\"target\":{\"@type\":\"EntryPoint\",\"urlTemplate\":\"https:\\\/\\\/jornaldasoficinas.com\\\/pt\\\/?s={search_term_string}\"},\"query-input\":{\"@type\":\"PropertyValueSpecification\",\"valueRequired\":true,\"valueName\":\"search_term_string\"}}],\"inLanguage\":\"pt-PT\"},{\"@type\":\"Organization\",\"@id\":\"https:\\\/\\\/jornaldasoficinas.com\\\/pt\\\/#organization\",\"name\":\"Jornal das Oficinas\",\"url\":\"https:\\\/\\\/jornaldasoficinas.com\\\/pt\\\/\",\"logo\":{\"@type\":\"ImageObject\",\"inLanguage\":\"pt-PT\",\"@id\":\"https:\\\/\\\/jornaldasoficinas.com\\\/pt\\\/#\\\/schema\\\/logo\\\/image\\\/\",\"url\":\"https:\\\/\\\/jornaldasoficinas.com\\\/pt\\\/wp-content\\\/uploads\\\/logoJO-SEO.png\",\"contentUrl\":\"https:\\\/\\\/jornaldasoficinas.com\\\/pt\\\/wp-content\\\/uploads\\\/logoJO-SEO.png\",\"width\":285,\"height\":450,\"caption\":\"Jornal das Oficinas\"},\"image\":{\"@id\":\"https:\\\/\\\/jornaldasoficinas.com\\\/pt\\\/#\\\/schema\\\/logo\\\/image\\\/\"},\"sameAs\":[\"https:\\\/\\\/www.facebook.com\\\/jornaloficinas\",\"https:\\\/\\\/x.com\\\/jornaloficinas\",\"https:\\\/\\\/www.instagram.com\\\/jornal_oficinas\\\/\",\"https:\\\/\\\/www.linkedin.com\\\/company\\\/jornal-das-oficinas\\\/\",\"https:\\\/\\\/www.youtube.com\\\/channel\\\/UCbQZBqtcvV-oSQrr7RzINGg\"]},{\"@type\":\"Person\",\"@id\":\"https:\\\/\\\/jornaldasoficinas.com\\\/pt\\\/#\\\/schema\\\/person\\\/a38eef5de2c41d9e7c9ac10141afddf3\",\"name\":\"Reda\u00e7\u00e3o JO\",\"image\":{\"@type\":\"ImageObject\",\"inLanguage\":\"pt-PT\",\"@id\":\"https:\\\/\\\/secure.gravatar.com\\\/avatar\\\/71f2fa71737ad68a84fea94bc708ddac8ea5b0c4788dc2ad202f3ccb2887742f?s=96&d=wp_user_avatar&r=g\",\"url\":\"https:\\\/\\\/secure.gravatar.com\\\/avatar\\\/71f2fa71737ad68a84fea94bc708ddac8ea5b0c4788dc2ad202f3ccb2887742f?s=96&d=wp_user_avatar&r=g\",\"contentUrl\":\"https:\\\/\\\/secure.gravatar.com\\\/avatar\\\/71f2fa71737ad68a84fea94bc708ddac8ea5b0c4788dc2ad202f3ccb2887742f?s=96&d=wp_user_avatar&r=g\",\"caption\":\"Reda\u00e7\u00e3o JO\"},\"url\":\"https:\\\/\\\/jornaldasoficinas.com\\\/pt\\\/author\\\/joredacao\\\/\"}]}<\/script>\n<!-- \/ Yoast SEO plugin. -->","yoast_head_json":{"title":"Pro4matic nomeada distribuidor oficial autorizado da H&R - Jornal das Oficinas","description":"A Pro4matic acaba de ser nomeada para distribuidor oficial autorizado da H&R, reconhecida marca de sistemas de suspens\u00e3o desportivos","robots":{"index":"index","follow":"follow","max-snippet":"max-snippet:-1","max-image-preview":"max-image-preview:large","max-video-preview":"max-video-preview:-1"},"canonical":"https:\/\/jornaldasoficinas.com\/pt\/pro4matic-nomeada-distribuidor-oficial-autorizado-da-hr\/","og_locale":"pt_PT","og_type":"article","og_title":"Pro4matic nomeada distribuidor oficial autorizado da H&R - Jornal das Oficinas","og_description":"A Pro4matic acaba de ser nomeada para distribuidor oficial autorizado da H&R, reconhecida marca de sistemas de suspens\u00e3o desportivos","og_url":"https:\/\/jornaldasoficinas.com\/pt\/pro4matic-nomeada-distribuidor-oficial-autorizado-da-hr\/","og_site_name":"Jornal das Oficinas","article_publisher":"https:\/\/www.facebook.com\/jornaloficinas","article_published_time":"2024-09-23T11:23:28+00:00","og_image":[{"width":1024,"height":581,"url":"https:\/\/jornaldasoficinas.com\/pt\/wp-content\/uploads\/2024\/09\/Pro4matic-nomeada-distribuidor-oficial-autorizado-da-HR.png","type":"image\/png"}],"author":"Reda\u00e7\u00e3o JO","twitter_card":"summary_large_image","twitter_creator":"@jornaloficinas","twitter_site":"@jornaloficinas","twitter_misc":{"Escrito por":"Reda\u00e7\u00e3o JO","Tempo estimado de leitura":"3 minutos"},"schema":{"@context":"https:\/\/schema.org","@graph":[{"@type":"Article","@id":"https:\/\/jornaldasoficinas.com\/pt\/pro4matic-nomeada-distribuidor-oficial-autorizado-da-hr\/#article","isPartOf":{"@id":"https:\/\/jornaldasoficinas.com\/pt\/pro4matic-nomeada-distribuidor-oficial-autorizado-da-hr\/"},"author":{"name":"Reda\u00e7\u00e3o JO","@id":"https:\/\/jornaldasoficinas.com\/pt\/#\/schema\/person\/a38eef5de2c41d9e7c9ac10141afddf3"},"headline":"Pro4matic nomeada distribuidor oficial autorizado da H&#038;R","datePublished":"2024-09-23T11:23:28+00:00","mainEntityOfPage":{"@id":"https:\/\/jornaldasoficinas.com\/pt\/pro4matic-nomeada-distribuidor-oficial-autorizado-da-hr\/"},"wordCount":353,"publisher":{"@id":"https:\/\/jornaldasoficinas.com\/pt\/#organization"},"image":{"@id":"https:\/\/jornaldasoficinas.com\/pt\/pro4matic-nomeada-distribuidor-oficial-autorizado-da-hr\/#primaryimage"},"thumbnailUrl":"https:\/\/jornaldasoficinas.com\/pt\/wp-content\/uploads\/2024\/09\/Pro4matic-nomeada-distribuidor-oficial-autorizado-da-HR.png","keywords":["Componentes de suspens\u00e3o","distribuidor oficial autorizado","gama alargada","H&amp;R","Pro4Matic","sistemas de suspens\u00e3o desportivos"],"articleSection":["Empresas"],"inLanguage":"pt-PT"},{"@type":"WebPage","@id":"https:\/\/jornaldasoficinas.com\/pt\/pro4matic-nomeada-distribuidor-oficial-autorizado-da-hr\/","url":"https:\/\/jornaldasoficinas.com\/pt\/pro4matic-nomeada-distribuidor-oficial-autorizado-da-hr\/","name":"Pro4matic nomeada distribuidor oficial autorizado da H&R - Jornal das Oficinas","isPartOf":{"@id":"https:\/\/jornaldasoficinas.com\/pt\/#website"},"primaryImageOfPage":{"@id":"https:\/\/jornaldasoficinas.com\/pt\/pro4matic-nomeada-distribuidor-oficial-autorizado-da-hr\/#primaryimage"},"image":{"@id":"https:\/\/jornaldasoficinas.com\/pt\/pro4matic-nomeada-distribuidor-oficial-autorizado-da-hr\/#primaryimage"},"thumbnailUrl":"https:\/\/jornaldasoficinas.com\/pt\/wp-content\/uploads\/2024\/09\/Pro4matic-nomeada-distribuidor-oficial-autorizado-da-HR.png","datePublished":"2024-09-23T11:23:28+00:00","description":"A Pro4matic acaba de ser nomeada para distribuidor oficial autorizado da H&R, reconhecida marca de sistemas de suspens\u00e3o desportivos","breadcrumb":{"@id":"https:\/\/jornaldasoficinas.com\/pt\/pro4matic-nomeada-distribuidor-oficial-autorizado-da-hr\/#breadcrumb"},"inLanguage":"pt-PT","potentialAction":[{"@type":"ReadAction","target":["https:\/\/jornaldasoficinas.com\/pt\/pro4matic-nomeada-distribuidor-oficial-autorizado-da-hr\/"]}]},{"@type":"ImageObject","inLanguage":"pt-PT","@id":"https:\/\/jornaldasoficinas.com\/pt\/pro4matic-nomeada-distribuidor-oficial-autorizado-da-hr\/#primaryimage","url":"https:\/\/jornaldasoficinas.com\/pt\/wp-content\/uploads\/2024\/09\/Pro4matic-nomeada-distribuidor-oficial-autorizado-da-HR.png","contentUrl":"https:\/\/jornaldasoficinas.com\/pt\/wp-content\/uploads\/2024\/09\/Pro4matic-nomeada-distribuidor-oficial-autorizado-da-HR.png","width":1024,"height":581,"caption":"09 - Pro4matic nomeada distribuidor oficial autorizado da HR"},{"@type":"BreadcrumbList","@id":"https:\/\/jornaldasoficinas.com\/pt\/pro4matic-nomeada-distribuidor-oficial-autorizado-da-hr\/#breadcrumb","itemListElement":[{"@type":"ListItem","position":1,"name":"In\u00edcio","item":"https:\/\/jornaldasoficinas.com\/pt\/"},{"@type":"ListItem","position":2,"name":"Pro4matic nomeada distribuidor oficial autorizado da H&#038;R"}]},{"@type":"WebSite","@id":"https:\/\/jornaldasoficinas.com\/pt\/#website","url":"https:\/\/jornaldasoficinas.com\/pt\/","name":"Jornal das Oficinas","description":"Jornal independente do Aftermarket Autom\u00f3vel em Portugal","publisher":{"@id":"https:\/\/jornaldasoficinas.com\/pt\/#organization"},"potentialAction":[{"@type":"SearchAction","target":{"@type":"EntryPoint","urlTemplate":"https:\/\/jornaldasoficinas.com\/pt\/?s={search_term_string}"},"query-input":{"@type":"PropertyValueSpecification","valueRequired":true,"valueName":"search_term_string"}}],"inLanguage":"pt-PT"},{"@type":"Organization","@id":"https:\/\/jornaldasoficinas.com\/pt\/#organization","name":"Jornal das Oficinas","url":"https:\/\/jornaldasoficinas.com\/pt\/","logo":{"@type":"ImageObject","inLanguage":"pt-PT","@id":"https:\/\/jornaldasoficinas.com\/pt\/#\/schema\/logo\/image\/","url":"https:\/\/jornaldasoficinas.com\/pt\/wp-content\/uploads\/logoJO-SEO.png","contentUrl":"https:\/\/jornaldasoficinas.com\/pt\/wp-content\/uploads\/logoJO-SEO.png","width":285,"height":450,"caption":"Jornal das Oficinas"},"image":{"@id":"https:\/\/jornaldasoficinas.com\/pt\/#\/schema\/logo\/image\/"},"sameAs":["https:\/\/www.facebook.com\/jornaloficinas","https:\/\/x.com\/jornaloficinas","https:\/\/www.instagram.com\/jornal_oficinas\/","https:\/\/www.linkedin.com\/company\/jornal-das-oficinas\/","https:\/\/www.youtube.com\/channel\/UCbQZBqtcvV-oSQrr7RzINGg"]},{"@type":"Person","@id":"https:\/\/jornaldasoficinas.com\/pt\/#\/schema\/person\/a38eef5de2c41d9e7c9ac10141afddf3","name":"Reda\u00e7\u00e3o JO","image":{"@type":"ImageObject","inLanguage":"pt-PT","@id":"https:\/\/secure.gravatar.com\/avatar\/71f2fa71737ad68a84fea94bc708ddac8ea5b0c4788dc2ad202f3ccb2887742f?s=96&d=wp_user_avatar&r=g","url":"https:\/\/secure.gravatar.com\/avatar\/71f2fa71737ad68a84fea94bc708ddac8ea5b0c4788dc2ad202f3ccb2887742f?s=96&d=wp_user_avatar&r=g","contentUrl":"https:\/\/secure.gravatar.com\/avatar\/71f2fa71737ad68a84fea94bc708ddac8ea5b0c4788dc2ad202f3ccb2887742f?s=96&d=wp_user_avatar&r=g","caption":"Reda\u00e7\u00e3o JO"},"url":"https:\/\/jornaldasoficinas.com\/pt\/author\/joredacao\/"}]}},"_links":{"self":[{"href":"https:\/\/jornaldasoficinas.com\/pt\/wp-json\/wp\/v2\/posts\/91568","targetHints":{"allow":["GET"]}}],"collection":[{"href":"https:\/\/jornaldasoficinas.com\/pt\/wp-json\/wp\/v2\/posts"}],"about":[{"href":"https:\/\/jornaldasoficinas.com\/pt\/wp-json\/wp\/v2\/types\/post"}],"author":[{"embeddable":true,"href":"https:\/\/jornaldasoficinas.com\/pt\/wp-json\/wp\/v2\/users\/15"}],"replies":[{"embeddable":true,"href":"https:\/\/jornaldasoficinas.com\/pt\/wp-json\/wp\/v2\/comments?post=91568"}],"version-history":[{"count":0,"href":"https:\/\/jornaldasoficinas.com\/pt\/wp-json\/wp\/v2\/posts\/91568\/revisions"}],"wp:featuredmedia":[{"embeddable":true,"href":"https:\/\/jornaldasoficinas.com\/pt\/wp-json\/wp\/v2\/media\/91570"}],"wp:attachment":[{"href":"https:\/\/jornaldasoficinas.com\/pt\/wp-json\/wp\/v2\/media?parent=91568"}],"wp:term":[{"taxonomy":"category","embeddable":true,"href":"https:\/\/jornaldasoficinas.com\/pt\/wp-json\/wp\/v2\/categories?post=91568"},{"taxonomy":"post_tag","embeddable":true,"href":"https:\/\/jornaldasoficinas.com\/pt\/wp-json\/wp\/v2\/tags?post=91568"}],"curies":[{"name":"wp","href":"https:\/\/api.w.org\/{rel}","templated":true}]}}