{"id":9169,"date":"2020-01-31T00:54:34","date_gmt":"2020-01-31T00:54:34","guid":{"rendered":"https:\/\/jornaldasoficinas.com\/pt\/?p=9169"},"modified":"2020-01-31T00:54:34","modified_gmt":"2020-01-31T00:54:34","slug":"as-12-causas-aser-abrangem-a-travagem-no-mes-de-fevereiro","status":"publish","type":"post","link":"https:\/\/jornaldasoficinas.com\/pt\/as-12-causas-aser-abrangem-a-travagem-no-mes-de-fevereiro\/","title":{"rendered":"\u201cAs 12 Causas ASER\u201d abrangem a travagem no m\u00eas de fevereiro"},"content":{"rendered":"<p><img loading=\"lazy\" decoding=\"async\" class=\"alignnone wp-image-9166 size-full\" src=\"https:\/\/jornaldasoficinas.com\/pt\/wp-content\/uploads\/2020\/01\/aser12causasfevereiro.png\" alt=\"01 - aser12causasfevereiro\" width=\"1024\" height=\"581\" srcset=\"https:\/\/jornaldasoficinas.com\/pt\/wp-content\/uploads\/2020\/01\/aser12causasfevereiro.png 1024w, https:\/\/jornaldasoficinas.com\/pt\/wp-content\/uploads\/2020\/01\/aser12causasfevereiro-300x170.png 300w, https:\/\/jornaldasoficinas.com\/pt\/wp-content\/uploads\/2020\/01\/aser12causasfevereiro-150x85.png 150w, https:\/\/jornaldasoficinas.com\/pt\/wp-content\/uploads\/2020\/01\/aser12causasfevereiro-768x436.png 768w\" sizes=\"auto, (max-width: 1024px) 100vw, 1024px\" \/><\/p>\n<p><strong>Sabia que um em cada cinco ve\u00edculos circula com trav\u00f5es em mau estado? No segundo m\u00eas da campanha \u201cAs 12 Causas ASER\u201d, a \u00e1rea em destaque \u00e9, por isso, a travagem.<\/strong><\/p>\n<p>A falha dos trav\u00f5es pode estar relacionada com o funcionamento de qualquer componente do sistema de travagem ou com o desgaste dos seus elementos, como pastilhas, cal\u00e7os, discos ou tambores. Escusado ser\u00e1 dizer que este n\u00e3o representa apenas um perigo para o ve\u00edculo, mas, tamb\u00e9m, para todos os utentes da via p\u00fablica.<\/p>\n<p>Os trav\u00f5es fazem parte do sistema de seguran\u00e7a ativa mais importante do ve\u00edculo e s\u00e3o vistos como uma das suas principais \u00e1reas. O sistema de travagem \u00e9 respons\u00e1vel por parar o ve\u00edculo no menor tempo e espa\u00e7o poss\u00edveis. Conv\u00e9m relembrar que o sistema de travagem \u00e9 o \u201csalva-vidas\u201d de condutor, passageiros, motociclistas e pe\u00f5es. Por esse motivo, deve ser mantido em perfeito estado de funcionamento.<\/p>\n<p>Sabia que o material de atrito deve estar em conformidade com o regulamento ECE-R90 da legisla\u00e7\u00e3o europeia e deve ser ecol\u00f3gico? Um material de atrito ecol\u00f3gico de elevada qualidade garante bom controlo e efici\u00eancia de travagem. E ajuda, tamb\u00e9m, a preservar o meio ambiente.<\/p>\n<p>Outro aspeto relevante do regulamento da ECE R-90, al\u00e9m do ambiental, diz respeito ao desempenho dos sistemas de travagem e \u00e0 sua qualidade. Para os fabricantes, superar esse regulamento implica elevado investimento em diferentes testes e controlos, aos quais se devemos adicionar os testes realizados pelas equipas de pesquisa e desenvolvimento.<\/p>\n<p>Um dos principais elementos do sistema de travagem \u00e9 o \u201cfluido de trav\u00f5es\u201d, que, caso esteja em bom estado, evita a corros\u00e3o e aumenta a vida \u00fatil dos componentes (bomba de trav\u00e3o, unidade ABS, tubos). Quando o l\u00edquido dos trav\u00f5es ferve, o pedal fica esponjoso (efeito chamado &#8220;Steam Lock&#8221;). Por norma, o fluido de trav\u00f5es deve ser mudado, no m\u00e1ximo, a dois anos e sempre respeitando o recomendado pelo fabricante do ve\u00edculo.<\/p>\n<p>De m\u00e3os dadas com os parceiros do <a href=\"http:\/\/aserautomotive.com\/\" target=\"_blank\" rel=\"noopener noreferrer\">Grupo ASER<\/a> em Portugal, <a href=\"https:\/\/humberpecas.pt\/pt\/\" target=\"_blank\" rel=\"noopener noreferrer\">Humberpe\u00e7as<\/a>, <a href=\"http:\/\/www.npecas.com.pt\/\" target=\"_blank\" rel=\"noopener noreferrer\">N Pe\u00e7as<\/a> e <a href=\"https:\/\/samiparts.pt\/\" target=\"_blank\" rel=\"noopener noreferrer\">Samiparts<\/a>, &#8220;As 12 Causas ASER&#8221; promovem a manuten\u00e7\u00e3o respons\u00e1vel do ve\u00edculo entre os utilizadores. &#8220;Pela sua seguran\u00e7a e meio ambiente\u201d.<\/p>\n<p>Esta campanha conta com a colabora\u00e7\u00e3o da plataforma &#8220;Escolha qualidade, escolha confian\u00e7a&#8221;, uma iniciativa que visa aumentar a consciencializa\u00e7\u00e3o entre oficinas e clientes finais de que apenas marcas de n\u00edvel superior podem oferecer a mais elevada qualidade.<\/p>\n","protected":false},"excerpt":{"rendered":"<p>Sabia que um em cada cinco&#8230;<\/p>\n","protected":false},"author":15,"featured_media":9166,"comment_status":"closed","ping_status":"closed","sticky":false,"template":"","format":"standard","meta":{"footnotes":""},"categories":[29],"tags":[1131,419,256,418,417,803],"class_list":["post-9169","post","type-post","status-publish","format-standard","has-post-thumbnail","hentry","category-empresas","tag-as-12-causas-aser","tag-aser-aftermarket-automotive","tag-humberpecas","tag-n-pecas","tag-samiparts","tag-travagem"],"yoast_head":"<!-- This site is optimized with the Yoast SEO plugin v27.4 - https:\/\/yoast.com\/product\/yoast-seo-wordpress\/ -->\n<title>\u201cAs 12 Causas ASER\u201d abrangem a travagem no m\u00eas de fevereiro - Jornal das Oficinas<\/title>\n<meta name=\"robots\" content=\"index, follow, max-snippet:-1, max-image-preview:large, max-video-preview:-1\" \/>\n<link rel=\"canonical\" href=\"https:\/\/jornaldasoficinas.com\/pt\/as-12-causas-aser-abrangem-a-travagem-no-mes-de-fevereiro\/\" \/>\n<meta property=\"og:locale\" content=\"pt_PT\" \/>\n<meta property=\"og:type\" content=\"article\" \/>\n<meta property=\"og:title\" content=\"\u201cAs 12 Causas ASER\u201d abrangem a travagem no m\u00eas de fevereiro - Jornal das Oficinas\" \/>\n<meta property=\"og:description\" content=\"Sabia que um em cada cinco...\" \/>\n<meta property=\"og:url\" content=\"https:\/\/jornaldasoficinas.com\/pt\/as-12-causas-aser-abrangem-a-travagem-no-mes-de-fevereiro\/\" \/>\n<meta property=\"og:site_name\" content=\"Jornal das Oficinas\" \/>\n<meta property=\"article:publisher\" content=\"https:\/\/www.facebook.com\/jornaloficinas\" \/>\n<meta property=\"article:published_time\" content=\"2020-01-31T00:54:34+00:00\" \/>\n<meta property=\"og:image\" content=\"https:\/\/jornaldasoficinas.com\/pt\/wp-content\/uploads\/2020\/01\/aser12causasfevereiro.png\" \/>\n\t<meta property=\"og:image:width\" content=\"1024\" \/>\n\t<meta property=\"og:image:height\" content=\"581\" \/>\n\t<meta property=\"og:image:type\" content=\"image\/png\" \/>\n<meta name=\"author\" content=\"Reda\u00e7\u00e3o JO\" \/>\n<meta name=\"twitter:card\" content=\"summary_large_image\" \/>\n<meta name=\"twitter:creator\" content=\"@jornaloficinas\" \/>\n<meta name=\"twitter:site\" content=\"@jornaloficinas\" \/>\n<meta name=\"twitter:label1\" content=\"Escrito por\" \/>\n\t<meta name=\"twitter:data1\" content=\"Reda\u00e7\u00e3o JO\" \/>\n\t<meta name=\"twitter:label2\" content=\"Tempo estimado de leitura\" \/>\n\t<meta name=\"twitter:data2\" content=\"2 minutos\" \/>\n<script type=\"application\/ld+json\" class=\"yoast-schema-graph\">{\"@context\":\"https:\\\/\\\/schema.org\",\"@graph\":[{\"@type\":\"Article\",\"@id\":\"https:\\\/\\\/jornaldasoficinas.com\\\/pt\\\/as-12-causas-aser-abrangem-a-travagem-no-mes-de-fevereiro\\\/#article\",\"isPartOf\":{\"@id\":\"https:\\\/\\\/jornaldasoficinas.com\\\/pt\\\/as-12-causas-aser-abrangem-a-travagem-no-mes-de-fevereiro\\\/\"},\"author\":{\"name\":\"Reda\u00e7\u00e3o JO\",\"@id\":\"https:\\\/\\\/jornaldasoficinas.com\\\/pt\\\/#\\\/schema\\\/person\\\/a38eef5de2c41d9e7c9ac10141afddf3\"},\"headline\":\"\u201cAs 12 Causas ASER\u201d abrangem a travagem no m\u00eas de fevereiro\",\"datePublished\":\"2020-01-31T00:54:34+00:00\",\"mainEntityOfPage\":{\"@id\":\"https:\\\/\\\/jornaldasoficinas.com\\\/pt\\\/as-12-causas-aser-abrangem-a-travagem-no-mes-de-fevereiro\\\/\"},\"wordCount\":435,\"publisher\":{\"@id\":\"https:\\\/\\\/jornaldasoficinas.com\\\/pt\\\/#organization\"},\"image\":{\"@id\":\"https:\\\/\\\/jornaldasoficinas.com\\\/pt\\\/as-12-causas-aser-abrangem-a-travagem-no-mes-de-fevereiro\\\/#primaryimage\"},\"thumbnailUrl\":\"https:\\\/\\\/jornaldasoficinas.com\\\/pt\\\/wp-content\\\/uploads\\\/2020\\\/01\\\/aser12causasfevereiro.png\",\"keywords\":[\"As 12 Causas ASER\",\"ASER Aftermarket Automotive\",\"HUMBERPE\u00c7AS\",\"N Pe\u00e7as\",\"Samiparts\",\"Travagem\"],\"articleSection\":[\"Empresas\"],\"inLanguage\":\"pt-PT\"},{\"@type\":\"WebPage\",\"@id\":\"https:\\\/\\\/jornaldasoficinas.com\\\/pt\\\/as-12-causas-aser-abrangem-a-travagem-no-mes-de-fevereiro\\\/\",\"url\":\"https:\\\/\\\/jornaldasoficinas.com\\\/pt\\\/as-12-causas-aser-abrangem-a-travagem-no-mes-de-fevereiro\\\/\",\"name\":\"\u201cAs 12 Causas ASER\u201d abrangem a travagem no m\u00eas de fevereiro - Jornal das Oficinas\",\"isPartOf\":{\"@id\":\"https:\\\/\\\/jornaldasoficinas.com\\\/pt\\\/#website\"},\"primaryImageOfPage\":{\"@id\":\"https:\\\/\\\/jornaldasoficinas.com\\\/pt\\\/as-12-causas-aser-abrangem-a-travagem-no-mes-de-fevereiro\\\/#primaryimage\"},\"image\":{\"@id\":\"https:\\\/\\\/jornaldasoficinas.com\\\/pt\\\/as-12-causas-aser-abrangem-a-travagem-no-mes-de-fevereiro\\\/#primaryimage\"},\"thumbnailUrl\":\"https:\\\/\\\/jornaldasoficinas.com\\\/pt\\\/wp-content\\\/uploads\\\/2020\\\/01\\\/aser12causasfevereiro.png\",\"datePublished\":\"2020-01-31T00:54:34+00:00\",\"breadcrumb\":{\"@id\":\"https:\\\/\\\/jornaldasoficinas.com\\\/pt\\\/as-12-causas-aser-abrangem-a-travagem-no-mes-de-fevereiro\\\/#breadcrumb\"},\"inLanguage\":\"pt-PT\",\"potentialAction\":[{\"@type\":\"ReadAction\",\"target\":[\"https:\\\/\\\/jornaldasoficinas.com\\\/pt\\\/as-12-causas-aser-abrangem-a-travagem-no-mes-de-fevereiro\\\/\"]}]},{\"@type\":\"ImageObject\",\"inLanguage\":\"pt-PT\",\"@id\":\"https:\\\/\\\/jornaldasoficinas.com\\\/pt\\\/as-12-causas-aser-abrangem-a-travagem-no-mes-de-fevereiro\\\/#primaryimage\",\"url\":\"https:\\\/\\\/jornaldasoficinas.com\\\/pt\\\/wp-content\\\/uploads\\\/2020\\\/01\\\/aser12causasfevereiro.png\",\"contentUrl\":\"https:\\\/\\\/jornaldasoficinas.com\\\/pt\\\/wp-content\\\/uploads\\\/2020\\\/01\\\/aser12causasfevereiro.png\",\"width\":1024,\"height\":581,\"caption\":\"01 - aser12causasfevereiro\"},{\"@type\":\"BreadcrumbList\",\"@id\":\"https:\\\/\\\/jornaldasoficinas.com\\\/pt\\\/as-12-causas-aser-abrangem-a-travagem-no-mes-de-fevereiro\\\/#breadcrumb\",\"itemListElement\":[{\"@type\":\"ListItem\",\"position\":1,\"name\":\"In\u00edcio\",\"item\":\"https:\\\/\\\/jornaldasoficinas.com\\\/pt\\\/\"},{\"@type\":\"ListItem\",\"position\":2,\"name\":\"\u201cAs 12 Causas ASER\u201d abrangem a travagem no m\u00eas de fevereiro\"}]},{\"@type\":\"WebSite\",\"@id\":\"https:\\\/\\\/jornaldasoficinas.com\\\/pt\\\/#website\",\"url\":\"https:\\\/\\\/jornaldasoficinas.com\\\/pt\\\/\",\"name\":\"Jornal das Oficinas\",\"description\":\"Jornal independente do Aftermarket Autom\u00f3vel em Portugal\",\"publisher\":{\"@id\":\"https:\\\/\\\/jornaldasoficinas.com\\\/pt\\\/#organization\"},\"potentialAction\":[{\"@type\":\"SearchAction\",\"target\":{\"@type\":\"EntryPoint\",\"urlTemplate\":\"https:\\\/\\\/jornaldasoficinas.com\\\/pt\\\/?s={search_term_string}\"},\"query-input\":{\"@type\":\"PropertyValueSpecification\",\"valueRequired\":true,\"valueName\":\"search_term_string\"}}],\"inLanguage\":\"pt-PT\"},{\"@type\":\"Organization\",\"@id\":\"https:\\\/\\\/jornaldasoficinas.com\\\/pt\\\/#organization\",\"name\":\"Jornal das Oficinas\",\"url\":\"https:\\\/\\\/jornaldasoficinas.com\\\/pt\\\/\",\"logo\":{\"@type\":\"ImageObject\",\"inLanguage\":\"pt-PT\",\"@id\":\"https:\\\/\\\/jornaldasoficinas.com\\\/pt\\\/#\\\/schema\\\/logo\\\/image\\\/\",\"url\":\"https:\\\/\\\/jornaldasoficinas.com\\\/pt\\\/wp-content\\\/uploads\\\/logoJO-SEO.png\",\"contentUrl\":\"https:\\\/\\\/jornaldasoficinas.com\\\/pt\\\/wp-content\\\/uploads\\\/logoJO-SEO.png\",\"width\":285,\"height\":450,\"caption\":\"Jornal das Oficinas\"},\"image\":{\"@id\":\"https:\\\/\\\/jornaldasoficinas.com\\\/pt\\\/#\\\/schema\\\/logo\\\/image\\\/\"},\"sameAs\":[\"https:\\\/\\\/www.facebook.com\\\/jornaloficinas\",\"https:\\\/\\\/x.com\\\/jornaloficinas\",\"https:\\\/\\\/www.instagram.com\\\/jornal_oficinas\\\/\",\"https:\\\/\\\/www.linkedin.com\\\/company\\\/jornal-das-oficinas\\\/\",\"https:\\\/\\\/www.youtube.com\\\/channel\\\/UCbQZBqtcvV-oSQrr7RzINGg\"]},{\"@type\":\"Person\",\"@id\":\"https:\\\/\\\/jornaldasoficinas.com\\\/pt\\\/#\\\/schema\\\/person\\\/a38eef5de2c41d9e7c9ac10141afddf3\",\"name\":\"Reda\u00e7\u00e3o JO\",\"image\":{\"@type\":\"ImageObject\",\"inLanguage\":\"pt-PT\",\"@id\":\"https:\\\/\\\/secure.gravatar.com\\\/avatar\\\/71f2fa71737ad68a84fea94bc708ddac8ea5b0c4788dc2ad202f3ccb2887742f?s=96&d=wp_user_avatar&r=g\",\"url\":\"https:\\\/\\\/secure.gravatar.com\\\/avatar\\\/71f2fa71737ad68a84fea94bc708ddac8ea5b0c4788dc2ad202f3ccb2887742f?s=96&d=wp_user_avatar&r=g\",\"contentUrl\":\"https:\\\/\\\/secure.gravatar.com\\\/avatar\\\/71f2fa71737ad68a84fea94bc708ddac8ea5b0c4788dc2ad202f3ccb2887742f?s=96&d=wp_user_avatar&r=g\",\"caption\":\"Reda\u00e7\u00e3o JO\"},\"url\":\"https:\\\/\\\/jornaldasoficinas.com\\\/pt\\\/author\\\/joredacao\\\/\"}]}<\/script>\n<!-- \/ Yoast SEO plugin. -->","yoast_head_json":{"title":"\u201cAs 12 Causas ASER\u201d abrangem a travagem no m\u00eas de fevereiro - Jornal das Oficinas","robots":{"index":"index","follow":"follow","max-snippet":"max-snippet:-1","max-image-preview":"max-image-preview:large","max-video-preview":"max-video-preview:-1"},"canonical":"https:\/\/jornaldasoficinas.com\/pt\/as-12-causas-aser-abrangem-a-travagem-no-mes-de-fevereiro\/","og_locale":"pt_PT","og_type":"article","og_title":"\u201cAs 12 Causas ASER\u201d abrangem a travagem no m\u00eas de fevereiro - Jornal das Oficinas","og_description":"Sabia que um em cada cinco...","og_url":"https:\/\/jornaldasoficinas.com\/pt\/as-12-causas-aser-abrangem-a-travagem-no-mes-de-fevereiro\/","og_site_name":"Jornal das Oficinas","article_publisher":"https:\/\/www.facebook.com\/jornaloficinas","article_published_time":"2020-01-31T00:54:34+00:00","og_image":[{"width":1024,"height":581,"url":"https:\/\/jornaldasoficinas.com\/pt\/wp-content\/uploads\/2020\/01\/aser12causasfevereiro.png","type":"image\/png"}],"author":"Reda\u00e7\u00e3o JO","twitter_card":"summary_large_image","twitter_creator":"@jornaloficinas","twitter_site":"@jornaloficinas","twitter_misc":{"Escrito por":"Reda\u00e7\u00e3o JO","Tempo estimado de leitura":"2 minutos"},"schema":{"@context":"https:\/\/schema.org","@graph":[{"@type":"Article","@id":"https:\/\/jornaldasoficinas.com\/pt\/as-12-causas-aser-abrangem-a-travagem-no-mes-de-fevereiro\/#article","isPartOf":{"@id":"https:\/\/jornaldasoficinas.com\/pt\/as-12-causas-aser-abrangem-a-travagem-no-mes-de-fevereiro\/"},"author":{"name":"Reda\u00e7\u00e3o JO","@id":"https:\/\/jornaldasoficinas.com\/pt\/#\/schema\/person\/a38eef5de2c41d9e7c9ac10141afddf3"},"headline":"\u201cAs 12 Causas ASER\u201d abrangem a travagem no m\u00eas de fevereiro","datePublished":"2020-01-31T00:54:34+00:00","mainEntityOfPage":{"@id":"https:\/\/jornaldasoficinas.com\/pt\/as-12-causas-aser-abrangem-a-travagem-no-mes-de-fevereiro\/"},"wordCount":435,"publisher":{"@id":"https:\/\/jornaldasoficinas.com\/pt\/#organization"},"image":{"@id":"https:\/\/jornaldasoficinas.com\/pt\/as-12-causas-aser-abrangem-a-travagem-no-mes-de-fevereiro\/#primaryimage"},"thumbnailUrl":"https:\/\/jornaldasoficinas.com\/pt\/wp-content\/uploads\/2020\/01\/aser12causasfevereiro.png","keywords":["As 12 Causas ASER","ASER Aftermarket Automotive","HUMBERPE\u00c7AS","N Pe\u00e7as","Samiparts","Travagem"],"articleSection":["Empresas"],"inLanguage":"pt-PT"},{"@type":"WebPage","@id":"https:\/\/jornaldasoficinas.com\/pt\/as-12-causas-aser-abrangem-a-travagem-no-mes-de-fevereiro\/","url":"https:\/\/jornaldasoficinas.com\/pt\/as-12-causas-aser-abrangem-a-travagem-no-mes-de-fevereiro\/","name":"\u201cAs 12 Causas ASER\u201d abrangem a travagem no m\u00eas de fevereiro - Jornal das Oficinas","isPartOf":{"@id":"https:\/\/jornaldasoficinas.com\/pt\/#website"},"primaryImageOfPage":{"@id":"https:\/\/jornaldasoficinas.com\/pt\/as-12-causas-aser-abrangem-a-travagem-no-mes-de-fevereiro\/#primaryimage"},"image":{"@id":"https:\/\/jornaldasoficinas.com\/pt\/as-12-causas-aser-abrangem-a-travagem-no-mes-de-fevereiro\/#primaryimage"},"thumbnailUrl":"https:\/\/jornaldasoficinas.com\/pt\/wp-content\/uploads\/2020\/01\/aser12causasfevereiro.png","datePublished":"2020-01-31T00:54:34+00:00","breadcrumb":{"@id":"https:\/\/jornaldasoficinas.com\/pt\/as-12-causas-aser-abrangem-a-travagem-no-mes-de-fevereiro\/#breadcrumb"},"inLanguage":"pt-PT","potentialAction":[{"@type":"ReadAction","target":["https:\/\/jornaldasoficinas.com\/pt\/as-12-causas-aser-abrangem-a-travagem-no-mes-de-fevereiro\/"]}]},{"@type":"ImageObject","inLanguage":"pt-PT","@id":"https:\/\/jornaldasoficinas.com\/pt\/as-12-causas-aser-abrangem-a-travagem-no-mes-de-fevereiro\/#primaryimage","url":"https:\/\/jornaldasoficinas.com\/pt\/wp-content\/uploads\/2020\/01\/aser12causasfevereiro.png","contentUrl":"https:\/\/jornaldasoficinas.com\/pt\/wp-content\/uploads\/2020\/01\/aser12causasfevereiro.png","width":1024,"height":581,"caption":"01 - aser12causasfevereiro"},{"@type":"BreadcrumbList","@id":"https:\/\/jornaldasoficinas.com\/pt\/as-12-causas-aser-abrangem-a-travagem-no-mes-de-fevereiro\/#breadcrumb","itemListElement":[{"@type":"ListItem","position":1,"name":"In\u00edcio","item":"https:\/\/jornaldasoficinas.com\/pt\/"},{"@type":"ListItem","position":2,"name":"\u201cAs 12 Causas ASER\u201d abrangem a travagem no m\u00eas de fevereiro"}]},{"@type":"WebSite","@id":"https:\/\/jornaldasoficinas.com\/pt\/#website","url":"https:\/\/jornaldasoficinas.com\/pt\/","name":"Jornal das Oficinas","description":"Jornal independente do Aftermarket Autom\u00f3vel em Portugal","publisher":{"@id":"https:\/\/jornaldasoficinas.com\/pt\/#organization"},"potentialAction":[{"@type":"SearchAction","target":{"@type":"EntryPoint","urlTemplate":"https:\/\/jornaldasoficinas.com\/pt\/?s={search_term_string}"},"query-input":{"@type":"PropertyValueSpecification","valueRequired":true,"valueName":"search_term_string"}}],"inLanguage":"pt-PT"},{"@type":"Organization","@id":"https:\/\/jornaldasoficinas.com\/pt\/#organization","name":"Jornal das Oficinas","url":"https:\/\/jornaldasoficinas.com\/pt\/","logo":{"@type":"ImageObject","inLanguage":"pt-PT","@id":"https:\/\/jornaldasoficinas.com\/pt\/#\/schema\/logo\/image\/","url":"https:\/\/jornaldasoficinas.com\/pt\/wp-content\/uploads\/logoJO-SEO.png","contentUrl":"https:\/\/jornaldasoficinas.com\/pt\/wp-content\/uploads\/logoJO-SEO.png","width":285,"height":450,"caption":"Jornal das Oficinas"},"image":{"@id":"https:\/\/jornaldasoficinas.com\/pt\/#\/schema\/logo\/image\/"},"sameAs":["https:\/\/www.facebook.com\/jornaloficinas","https:\/\/x.com\/jornaloficinas","https:\/\/www.instagram.com\/jornal_oficinas\/","https:\/\/www.linkedin.com\/company\/jornal-das-oficinas\/","https:\/\/www.youtube.com\/channel\/UCbQZBqtcvV-oSQrr7RzINGg"]},{"@type":"Person","@id":"https:\/\/jornaldasoficinas.com\/pt\/#\/schema\/person\/a38eef5de2c41d9e7c9ac10141afddf3","name":"Reda\u00e7\u00e3o JO","image":{"@type":"ImageObject","inLanguage":"pt-PT","@id":"https:\/\/secure.gravatar.com\/avatar\/71f2fa71737ad68a84fea94bc708ddac8ea5b0c4788dc2ad202f3ccb2887742f?s=96&d=wp_user_avatar&r=g","url":"https:\/\/secure.gravatar.com\/avatar\/71f2fa71737ad68a84fea94bc708ddac8ea5b0c4788dc2ad202f3ccb2887742f?s=96&d=wp_user_avatar&r=g","contentUrl":"https:\/\/secure.gravatar.com\/avatar\/71f2fa71737ad68a84fea94bc708ddac8ea5b0c4788dc2ad202f3ccb2887742f?s=96&d=wp_user_avatar&r=g","caption":"Reda\u00e7\u00e3o JO"},"url":"https:\/\/jornaldasoficinas.com\/pt\/author\/joredacao\/"}]}},"_links":{"self":[{"href":"https:\/\/jornaldasoficinas.com\/pt\/wp-json\/wp\/v2\/posts\/9169","targetHints":{"allow":["GET"]}}],"collection":[{"href":"https:\/\/jornaldasoficinas.com\/pt\/wp-json\/wp\/v2\/posts"}],"about":[{"href":"https:\/\/jornaldasoficinas.com\/pt\/wp-json\/wp\/v2\/types\/post"}],"author":[{"embeddable":true,"href":"https:\/\/jornaldasoficinas.com\/pt\/wp-json\/wp\/v2\/users\/15"}],"replies":[{"embeddable":true,"href":"https:\/\/jornaldasoficinas.com\/pt\/wp-json\/wp\/v2\/comments?post=9169"}],"version-history":[{"count":0,"href":"https:\/\/jornaldasoficinas.com\/pt\/wp-json\/wp\/v2\/posts\/9169\/revisions"}],"wp:featuredmedia":[{"embeddable":true,"href":"https:\/\/jornaldasoficinas.com\/pt\/wp-json\/wp\/v2\/media\/9166"}],"wp:attachment":[{"href":"https:\/\/jornaldasoficinas.com\/pt\/wp-json\/wp\/v2\/media?parent=9169"}],"wp:term":[{"taxonomy":"category","embeddable":true,"href":"https:\/\/jornaldasoficinas.com\/pt\/wp-json\/wp\/v2\/categories?post=9169"},{"taxonomy":"post_tag","embeddable":true,"href":"https:\/\/jornaldasoficinas.com\/pt\/wp-json\/wp\/v2\/tags?post=9169"}],"curies":[{"name":"wp","href":"https:\/\/api.w.org\/{rel}","templated":true}]}}