{"id":91776,"date":"2024-09-26T18:00:40","date_gmt":"2024-09-26T17:00:40","guid":{"rendered":"https:\/\/jornaldasoficinas.com\/pt\/?p=91776"},"modified":"2024-09-26T15:54:32","modified_gmt":"2024-09-26T14:54:32","slug":"gs-yuasa-destaca-participacao-na-automechanika-frankfurt","status":"publish","type":"post","link":"https:\/\/jornaldasoficinas.com\/pt\/gs-yuasa-destaca-participacao-na-automechanika-frankfurt\/","title":{"rendered":"GS Yuasa destaca participa\u00e7\u00e3o na Automechanika Frankfurt"},"content":{"rendered":"<p><strong><img loading=\"lazy\" decoding=\"async\" class=\"alignnone size-full wp-image-91783\" src=\"https:\/\/jornaldasoficinas.com\/pt\/wp-content\/uploads\/2024\/09\/GS-Yuasa-destaca-participacao-na-Automechanika-Frankfurt.jpg\" alt=\"09 - GS Yuasa destaca participacao na Automechanika Frankfurt\" width=\"1024\" height=\"581\" srcset=\"https:\/\/jornaldasoficinas.com\/pt\/wp-content\/uploads\/2024\/09\/GS-Yuasa-destaca-participacao-na-Automechanika-Frankfurt.jpg 1024w, https:\/\/jornaldasoficinas.com\/pt\/wp-content\/uploads\/2024\/09\/GS-Yuasa-destaca-participacao-na-Automechanika-Frankfurt-300x170.jpg 300w, https:\/\/jornaldasoficinas.com\/pt\/wp-content\/uploads\/2024\/09\/GS-Yuasa-destaca-participacao-na-Automechanika-Frankfurt-150x85.jpg 150w, https:\/\/jornaldasoficinas.com\/pt\/wp-content\/uploads\/2024\/09\/GS-Yuasa-destaca-participacao-na-Automechanika-Frankfurt-768x436.jpg 768w\" sizes=\"auto, (max-width: 1024px) 100vw, 1024px\" \/><\/strong><\/p>\n<p><strong>A <a href=\"https:\/\/www.yuasa.pt\/\" target=\"_blank\" rel=\"noopener\">GS Yuasa<\/a> reafirmou na <a href=\"https:\/\/automechanika.messefrankfurt.com\/frankfurt\/en.html\">Automechanika Frankfurt<\/a> o seu compromisso com a inova\u00e7\u00e3o, crescimento no mercado europeu e lideran\u00e7a com solu\u00e7\u00f5es de bateria para o setor autom\u00f3vel\u00a0<\/strong><\/p>\n<p>A GS Yuasa, atrav\u00e9s das suas marcas Yuasa e GS, marcou presen\u00e7a na Automechanika Frankfurt, reafirmando o seu compromisso com a excel\u00eancia no setor autom\u00f3vel. A empresa demonstrou que pretende continuar a consolidar-se como a &#8220;escolha preferida a n\u00edvel mundial, tanto pelo servi\u00e7o ao cliente como pelo suporte t\u00e9cnico que disponibiliza&#8221;, avan\u00e7ou a marca em comunicado.<\/p>\n<p>No stand da GS Yuasa, todos os visitantes tiveram a oportunidade de conhecer as novidades da empresa. Em conversa com\u00a0Juan Ignacio Egea, que compartilhou a sua experi\u00eancia na feira e falou sobre a estrat\u00e9gia do grupo, foi destacado o seguinte: &#8220;A\u00a0nossa presen\u00e7a na Automechanika \u00e9 muito significativa e investimos bastante nisso. O nosso crescimento na Europa \u00e9 not\u00e1vel em todos os pa\u00edses, e a nova estrat\u00e9gia das marcas Yuasa e GS tem uma excelente recep\u00e7\u00e3o no mercado. A GS \u00e9 uma marca de equipamento original, com uma identidade s\u00f3lida e uma presen\u00e7a dominante em determinados mercados, apoiada por duas f\u00e1bricas dedicadas exclusivamente \u00e0 produ\u00e7\u00e3o de baterias GS&#8221;.<\/p>\n<p>Tanto as marcas GS como a Yuasa s\u00e3o de n\u00edvel Premium, mas segundo a empresa a GS Yuasa vai &#8220;mais al\u00e9m&#8221; na venda de baterias. &#8220;N\u00e3o vendemos apenas baterias de alt\u00edssima qualidade, o que por si s\u00f3 j\u00e1 \u00e9 significativo, mas tamb\u00e9m oferecemos tecnologia de ponta e inova\u00e7\u00e3o cont\u00ednua. Os nossos produtos AGM e EFB est\u00e3o a ser constantemente melhorados, e estamos a desenvolver baterias auxiliares, homologadas com a eletrifica\u00e7\u00e3o e a hibridiza\u00e7\u00e3o do mercado. Em Espanha, por exemplo, os ve\u00edculos h\u00edbridos j\u00e1 representam 45% das novas matr\u00edculas mensais, um n\u00famero que continua a crescer&#8221;, explicou.<\/p>\n<p>Os novos produtos da GS Yuasa beneficiam da integra\u00e7\u00e3o com os fabricantes nas linhas de montagem, em particular no Jap\u00e3o, mas tamb\u00e9m noutras geografias, onde o grupo possui tr\u00eas f\u00e1bricas de baterias para ve\u00edculos el\u00e9tricos. Essa proximidade com os fabricantes permite que suas baterias sejam inclu\u00eddas em sintonia com as mais recentes exig\u00eancias tecnol\u00f3gicas dos novos sistemas de propuls\u00e3o.<\/p>\n<p>Posicionando-se como &#8220;Fornecedor de Solu\u00e7\u00f5es&#8221;, a GS Yuasa oferece um programa completo de apoio ao profissional de p\u00f3s-venda, que inclui carregadores, testadores, configuradores e a GS Yuasa Academy, uma plataforma de forma\u00e7\u00e3o online com v\u00eddeos tutoriais. Adicionalmente, a empresa tamb\u00e9m promoveu o programa Kyoto Workshops, que oferece uma s\u00e9rie de vantagens aos seus parceiros distribuidores, bem como um extenso programa de marketing, com merchandising, promo\u00e7\u00f5es e patroc\u00ednios, tanto em Espanha como em Portugal, incluindo uma presen\u00e7a ativa nas redes sociais.<\/p>\n<p>O diretor da GS Yuasa Battery Iberia, refor\u00e7ou ainda que a distribui\u00e7\u00e3o \u00e9 realizada maioritariamente atrav\u00e9s de canais agregados: &#8220;Estamos focados no aftermarket e mantemos parcerias com todos os principais grupos de compra, tanto a n\u00edvel nacional como internacional. A concentra\u00e7\u00e3o de que o mercado vive \u00e9 positiva para n\u00f3s, pois permite criar rela\u00e7\u00f5es fortes com empresas que acrescentam valor e garantem uma margem sustent\u00e1vel. A nossa presen\u00e7a na Europa est\u00e1 orientada para clientes Premium&#8221;.<\/p>\n<p>Por fim, o diretor-geral da empresa na Pen\u00ednsula Ib\u00e9rica refor\u00e7ou a mensagem &#8220;Evoluir com a Yuasa&#8221;, destacando o momento de crescimento da marca e a sua posi\u00e7\u00e3o cada vez mais consolidada como l\u00edder no mercado autom\u00f3vel.<\/p>\n","protected":false},"excerpt":{"rendered":"<p>A GS Yuasa reafirmou na Automechanika&#8230;<\/p>\n","protected":false},"author":15,"featured_media":91783,"comment_status":"closed","ping_status":"closed","sticky":false,"template":"","format":"standard","meta":{"footnotes":""},"categories":[29],"tags":[845,2075,10775,5951,6929,1497,10766],"class_list":["post-91776","post","type-post","status-publish","format-standard","has-post-thumbnail","hentry","category-empresas","tag-automechanika-frankfurt","tag-gs-yuasa","tag-juan-ignacio-egea","tag-mercado-europeu","tag-novidades","tag-setor-automovel","tag-solucoes-de-bateria"],"yoast_head":"<!-- This site is optimized with the Yoast SEO plugin v27.4 - https:\/\/yoast.com\/product\/yoast-seo-wordpress\/ -->\n<title>GS Yuasa destaca participa\u00e7\u00e3o na Automechanika Frankfurt - Jornal das Oficinas<\/title>\n<meta name=\"description\" content=\"A GS Yuasa reafirmou o seu compromisso com a inova\u00e7\u00e3o no mercado europeu com a sua presen\u00e7a na Automechanika Frankfurt\" \/>\n<meta name=\"robots\" content=\"index, follow, max-snippet:-1, max-image-preview:large, max-video-preview:-1\" \/>\n<link rel=\"canonical\" href=\"https:\/\/jornaldasoficinas.com\/pt\/gs-yuasa-destaca-participacao-na-automechanika-frankfurt\/\" \/>\n<meta property=\"og:locale\" content=\"pt_PT\" \/>\n<meta property=\"og:type\" content=\"article\" \/>\n<meta property=\"og:title\" content=\"GS Yuasa destaca participa\u00e7\u00e3o na Automechanika Frankfurt - Jornal das Oficinas\" \/>\n<meta property=\"og:description\" content=\"A GS Yuasa reafirmou o seu compromisso com a inova\u00e7\u00e3o no mercado europeu com a sua presen\u00e7a na Automechanika Frankfurt\" \/>\n<meta property=\"og:url\" content=\"https:\/\/jornaldasoficinas.com\/pt\/gs-yuasa-destaca-participacao-na-automechanika-frankfurt\/\" \/>\n<meta property=\"og:site_name\" content=\"Jornal das Oficinas\" \/>\n<meta property=\"article:publisher\" content=\"https:\/\/www.facebook.com\/jornaloficinas\" \/>\n<meta property=\"article:published_time\" content=\"2024-09-26T17:00:40+00:00\" \/>\n<meta property=\"og:image\" content=\"https:\/\/jornaldasoficinas.com\/pt\/wp-content\/uploads\/2024\/09\/GS-Yuasa-destaca-participacao-na-Automechanika-Frankfurt.jpg\" \/>\n\t<meta property=\"og:image:width\" content=\"1024\" \/>\n\t<meta property=\"og:image:height\" content=\"581\" \/>\n\t<meta property=\"og:image:type\" content=\"image\/jpeg\" \/>\n<meta name=\"author\" content=\"Reda\u00e7\u00e3o JO\" \/>\n<meta name=\"twitter:card\" content=\"summary_large_image\" \/>\n<meta name=\"twitter:creator\" content=\"@jornaloficinas\" \/>\n<meta name=\"twitter:site\" content=\"@jornaloficinas\" \/>\n<meta name=\"twitter:label1\" content=\"Escrito por\" \/>\n\t<meta name=\"twitter:data1\" content=\"Reda\u00e7\u00e3o JO\" \/>\n\t<meta name=\"twitter:label2\" content=\"Tempo estimado de leitura\" \/>\n\t<meta name=\"twitter:data2\" content=\"4 minutos\" \/>\n<script type=\"application\/ld+json\" class=\"yoast-schema-graph\">{\"@context\":\"https:\\\/\\\/schema.org\",\"@graph\":[{\"@type\":\"Article\",\"@id\":\"https:\\\/\\\/jornaldasoficinas.com\\\/pt\\\/gs-yuasa-destaca-participacao-na-automechanika-frankfurt\\\/#article\",\"isPartOf\":{\"@id\":\"https:\\\/\\\/jornaldasoficinas.com\\\/pt\\\/gs-yuasa-destaca-participacao-na-automechanika-frankfurt\\\/\"},\"author\":{\"name\":\"Reda\u00e7\u00e3o JO\",\"@id\":\"https:\\\/\\\/jornaldasoficinas.com\\\/pt\\\/#\\\/schema\\\/person\\\/a38eef5de2c41d9e7c9ac10141afddf3\"},\"headline\":\"GS Yuasa destaca participa\u00e7\u00e3o na Automechanika Frankfurt\",\"datePublished\":\"2024-09-26T17:00:40+00:00\",\"mainEntityOfPage\":{\"@id\":\"https:\\\/\\\/jornaldasoficinas.com\\\/pt\\\/gs-yuasa-destaca-participacao-na-automechanika-frankfurt\\\/\"},\"wordCount\":611,\"publisher\":{\"@id\":\"https:\\\/\\\/jornaldasoficinas.com\\\/pt\\\/#organization\"},\"image\":{\"@id\":\"https:\\\/\\\/jornaldasoficinas.com\\\/pt\\\/gs-yuasa-destaca-participacao-na-automechanika-frankfurt\\\/#primaryimage\"},\"thumbnailUrl\":\"https:\\\/\\\/jornaldasoficinas.com\\\/pt\\\/wp-content\\\/uploads\\\/2024\\\/09\\\/GS-Yuasa-destaca-participacao-na-Automechanika-Frankfurt.jpg\",\"keywords\":[\"Automechanika Frankfurt\",\"GS Yuasa\",\"Juan Ignacio Egea\",\"Mercado Europeu\",\"Novidades\",\"Setor Autom\u00f3vel\",\"solu\u00e7\u00f5es de bateria\"],\"articleSection\":[\"Empresas\"],\"inLanguage\":\"pt-PT\"},{\"@type\":\"WebPage\",\"@id\":\"https:\\\/\\\/jornaldasoficinas.com\\\/pt\\\/gs-yuasa-destaca-participacao-na-automechanika-frankfurt\\\/\",\"url\":\"https:\\\/\\\/jornaldasoficinas.com\\\/pt\\\/gs-yuasa-destaca-participacao-na-automechanika-frankfurt\\\/\",\"name\":\"GS Yuasa destaca participa\u00e7\u00e3o na Automechanika Frankfurt - Jornal das Oficinas\",\"isPartOf\":{\"@id\":\"https:\\\/\\\/jornaldasoficinas.com\\\/pt\\\/#website\"},\"primaryImageOfPage\":{\"@id\":\"https:\\\/\\\/jornaldasoficinas.com\\\/pt\\\/gs-yuasa-destaca-participacao-na-automechanika-frankfurt\\\/#primaryimage\"},\"image\":{\"@id\":\"https:\\\/\\\/jornaldasoficinas.com\\\/pt\\\/gs-yuasa-destaca-participacao-na-automechanika-frankfurt\\\/#primaryimage\"},\"thumbnailUrl\":\"https:\\\/\\\/jornaldasoficinas.com\\\/pt\\\/wp-content\\\/uploads\\\/2024\\\/09\\\/GS-Yuasa-destaca-participacao-na-Automechanika-Frankfurt.jpg\",\"datePublished\":\"2024-09-26T17:00:40+00:00\",\"description\":\"A GS Yuasa reafirmou o seu compromisso com a inova\u00e7\u00e3o no mercado europeu com a sua presen\u00e7a na Automechanika Frankfurt\",\"breadcrumb\":{\"@id\":\"https:\\\/\\\/jornaldasoficinas.com\\\/pt\\\/gs-yuasa-destaca-participacao-na-automechanika-frankfurt\\\/#breadcrumb\"},\"inLanguage\":\"pt-PT\",\"potentialAction\":[{\"@type\":\"ReadAction\",\"target\":[\"https:\\\/\\\/jornaldasoficinas.com\\\/pt\\\/gs-yuasa-destaca-participacao-na-automechanika-frankfurt\\\/\"]}]},{\"@type\":\"ImageObject\",\"inLanguage\":\"pt-PT\",\"@id\":\"https:\\\/\\\/jornaldasoficinas.com\\\/pt\\\/gs-yuasa-destaca-participacao-na-automechanika-frankfurt\\\/#primaryimage\",\"url\":\"https:\\\/\\\/jornaldasoficinas.com\\\/pt\\\/wp-content\\\/uploads\\\/2024\\\/09\\\/GS-Yuasa-destaca-participacao-na-Automechanika-Frankfurt.jpg\",\"contentUrl\":\"https:\\\/\\\/jornaldasoficinas.com\\\/pt\\\/wp-content\\\/uploads\\\/2024\\\/09\\\/GS-Yuasa-destaca-participacao-na-Automechanika-Frankfurt.jpg\",\"width\":1024,\"height\":581,\"caption\":\"09 - GS Yuasa destaca participacao na Automechanika Frankfurt\"},{\"@type\":\"BreadcrumbList\",\"@id\":\"https:\\\/\\\/jornaldasoficinas.com\\\/pt\\\/gs-yuasa-destaca-participacao-na-automechanika-frankfurt\\\/#breadcrumb\",\"itemListElement\":[{\"@type\":\"ListItem\",\"position\":1,\"name\":\"In\u00edcio\",\"item\":\"https:\\\/\\\/jornaldasoficinas.com\\\/pt\\\/\"},{\"@type\":\"ListItem\",\"position\":2,\"name\":\"GS Yuasa destaca participa\u00e7\u00e3o na Automechanika Frankfurt\"}]},{\"@type\":\"WebSite\",\"@id\":\"https:\\\/\\\/jornaldasoficinas.com\\\/pt\\\/#website\",\"url\":\"https:\\\/\\\/jornaldasoficinas.com\\\/pt\\\/\",\"name\":\"Jornal das Oficinas\",\"description\":\"Jornal independente do Aftermarket Autom\u00f3vel em Portugal\",\"publisher\":{\"@id\":\"https:\\\/\\\/jornaldasoficinas.com\\\/pt\\\/#organization\"},\"potentialAction\":[{\"@type\":\"SearchAction\",\"target\":{\"@type\":\"EntryPoint\",\"urlTemplate\":\"https:\\\/\\\/jornaldasoficinas.com\\\/pt\\\/?s={search_term_string}\"},\"query-input\":{\"@type\":\"PropertyValueSpecification\",\"valueRequired\":true,\"valueName\":\"search_term_string\"}}],\"inLanguage\":\"pt-PT\"},{\"@type\":\"Organization\",\"@id\":\"https:\\\/\\\/jornaldasoficinas.com\\\/pt\\\/#organization\",\"name\":\"Jornal das Oficinas\",\"url\":\"https:\\\/\\\/jornaldasoficinas.com\\\/pt\\\/\",\"logo\":{\"@type\":\"ImageObject\",\"inLanguage\":\"pt-PT\",\"@id\":\"https:\\\/\\\/jornaldasoficinas.com\\\/pt\\\/#\\\/schema\\\/logo\\\/image\\\/\",\"url\":\"https:\\\/\\\/jornaldasoficinas.com\\\/pt\\\/wp-content\\\/uploads\\\/logoJO-SEO.png\",\"contentUrl\":\"https:\\\/\\\/jornaldasoficinas.com\\\/pt\\\/wp-content\\\/uploads\\\/logoJO-SEO.png\",\"width\":285,\"height\":450,\"caption\":\"Jornal das Oficinas\"},\"image\":{\"@id\":\"https:\\\/\\\/jornaldasoficinas.com\\\/pt\\\/#\\\/schema\\\/logo\\\/image\\\/\"},\"sameAs\":[\"https:\\\/\\\/www.facebook.com\\\/jornaloficinas\",\"https:\\\/\\\/x.com\\\/jornaloficinas\",\"https:\\\/\\\/www.instagram.com\\\/jornal_oficinas\\\/\",\"https:\\\/\\\/www.linkedin.com\\\/company\\\/jornal-das-oficinas\\\/\",\"https:\\\/\\\/www.youtube.com\\\/channel\\\/UCbQZBqtcvV-oSQrr7RzINGg\"]},{\"@type\":\"Person\",\"@id\":\"https:\\\/\\\/jornaldasoficinas.com\\\/pt\\\/#\\\/schema\\\/person\\\/a38eef5de2c41d9e7c9ac10141afddf3\",\"name\":\"Reda\u00e7\u00e3o JO\",\"image\":{\"@type\":\"ImageObject\",\"inLanguage\":\"pt-PT\",\"@id\":\"https:\\\/\\\/secure.gravatar.com\\\/avatar\\\/71f2fa71737ad68a84fea94bc708ddac8ea5b0c4788dc2ad202f3ccb2887742f?s=96&d=wp_user_avatar&r=g\",\"url\":\"https:\\\/\\\/secure.gravatar.com\\\/avatar\\\/71f2fa71737ad68a84fea94bc708ddac8ea5b0c4788dc2ad202f3ccb2887742f?s=96&d=wp_user_avatar&r=g\",\"contentUrl\":\"https:\\\/\\\/secure.gravatar.com\\\/avatar\\\/71f2fa71737ad68a84fea94bc708ddac8ea5b0c4788dc2ad202f3ccb2887742f?s=96&d=wp_user_avatar&r=g\",\"caption\":\"Reda\u00e7\u00e3o JO\"},\"url\":\"https:\\\/\\\/jornaldasoficinas.com\\\/pt\\\/author\\\/joredacao\\\/\"}]}<\/script>\n<!-- \/ Yoast SEO plugin. -->","yoast_head_json":{"title":"GS Yuasa destaca participa\u00e7\u00e3o na Automechanika Frankfurt - Jornal das Oficinas","description":"A GS Yuasa reafirmou o seu compromisso com a inova\u00e7\u00e3o no mercado europeu com a sua presen\u00e7a na Automechanika Frankfurt","robots":{"index":"index","follow":"follow","max-snippet":"max-snippet:-1","max-image-preview":"max-image-preview:large","max-video-preview":"max-video-preview:-1"},"canonical":"https:\/\/jornaldasoficinas.com\/pt\/gs-yuasa-destaca-participacao-na-automechanika-frankfurt\/","og_locale":"pt_PT","og_type":"article","og_title":"GS Yuasa destaca participa\u00e7\u00e3o na Automechanika Frankfurt - Jornal das Oficinas","og_description":"A GS Yuasa reafirmou o seu compromisso com a inova\u00e7\u00e3o no mercado europeu com a sua presen\u00e7a na Automechanika Frankfurt","og_url":"https:\/\/jornaldasoficinas.com\/pt\/gs-yuasa-destaca-participacao-na-automechanika-frankfurt\/","og_site_name":"Jornal das Oficinas","article_publisher":"https:\/\/www.facebook.com\/jornaloficinas","article_published_time":"2024-09-26T17:00:40+00:00","og_image":[{"width":1024,"height":581,"url":"https:\/\/jornaldasoficinas.com\/pt\/wp-content\/uploads\/2024\/09\/GS-Yuasa-destaca-participacao-na-Automechanika-Frankfurt.jpg","type":"image\/jpeg"}],"author":"Reda\u00e7\u00e3o JO","twitter_card":"summary_large_image","twitter_creator":"@jornaloficinas","twitter_site":"@jornaloficinas","twitter_misc":{"Escrito por":"Reda\u00e7\u00e3o JO","Tempo estimado de leitura":"4 minutos"},"schema":{"@context":"https:\/\/schema.org","@graph":[{"@type":"Article","@id":"https:\/\/jornaldasoficinas.com\/pt\/gs-yuasa-destaca-participacao-na-automechanika-frankfurt\/#article","isPartOf":{"@id":"https:\/\/jornaldasoficinas.com\/pt\/gs-yuasa-destaca-participacao-na-automechanika-frankfurt\/"},"author":{"name":"Reda\u00e7\u00e3o JO","@id":"https:\/\/jornaldasoficinas.com\/pt\/#\/schema\/person\/a38eef5de2c41d9e7c9ac10141afddf3"},"headline":"GS Yuasa destaca participa\u00e7\u00e3o na Automechanika Frankfurt","datePublished":"2024-09-26T17:00:40+00:00","mainEntityOfPage":{"@id":"https:\/\/jornaldasoficinas.com\/pt\/gs-yuasa-destaca-participacao-na-automechanika-frankfurt\/"},"wordCount":611,"publisher":{"@id":"https:\/\/jornaldasoficinas.com\/pt\/#organization"},"image":{"@id":"https:\/\/jornaldasoficinas.com\/pt\/gs-yuasa-destaca-participacao-na-automechanika-frankfurt\/#primaryimage"},"thumbnailUrl":"https:\/\/jornaldasoficinas.com\/pt\/wp-content\/uploads\/2024\/09\/GS-Yuasa-destaca-participacao-na-Automechanika-Frankfurt.jpg","keywords":["Automechanika Frankfurt","GS Yuasa","Juan Ignacio Egea","Mercado Europeu","Novidades","Setor Autom\u00f3vel","solu\u00e7\u00f5es de bateria"],"articleSection":["Empresas"],"inLanguage":"pt-PT"},{"@type":"WebPage","@id":"https:\/\/jornaldasoficinas.com\/pt\/gs-yuasa-destaca-participacao-na-automechanika-frankfurt\/","url":"https:\/\/jornaldasoficinas.com\/pt\/gs-yuasa-destaca-participacao-na-automechanika-frankfurt\/","name":"GS Yuasa destaca participa\u00e7\u00e3o na Automechanika Frankfurt - Jornal das Oficinas","isPartOf":{"@id":"https:\/\/jornaldasoficinas.com\/pt\/#website"},"primaryImageOfPage":{"@id":"https:\/\/jornaldasoficinas.com\/pt\/gs-yuasa-destaca-participacao-na-automechanika-frankfurt\/#primaryimage"},"image":{"@id":"https:\/\/jornaldasoficinas.com\/pt\/gs-yuasa-destaca-participacao-na-automechanika-frankfurt\/#primaryimage"},"thumbnailUrl":"https:\/\/jornaldasoficinas.com\/pt\/wp-content\/uploads\/2024\/09\/GS-Yuasa-destaca-participacao-na-Automechanika-Frankfurt.jpg","datePublished":"2024-09-26T17:00:40+00:00","description":"A GS Yuasa reafirmou o seu compromisso com a inova\u00e7\u00e3o no mercado europeu com a sua presen\u00e7a na Automechanika Frankfurt","breadcrumb":{"@id":"https:\/\/jornaldasoficinas.com\/pt\/gs-yuasa-destaca-participacao-na-automechanika-frankfurt\/#breadcrumb"},"inLanguage":"pt-PT","potentialAction":[{"@type":"ReadAction","target":["https:\/\/jornaldasoficinas.com\/pt\/gs-yuasa-destaca-participacao-na-automechanika-frankfurt\/"]}]},{"@type":"ImageObject","inLanguage":"pt-PT","@id":"https:\/\/jornaldasoficinas.com\/pt\/gs-yuasa-destaca-participacao-na-automechanika-frankfurt\/#primaryimage","url":"https:\/\/jornaldasoficinas.com\/pt\/wp-content\/uploads\/2024\/09\/GS-Yuasa-destaca-participacao-na-Automechanika-Frankfurt.jpg","contentUrl":"https:\/\/jornaldasoficinas.com\/pt\/wp-content\/uploads\/2024\/09\/GS-Yuasa-destaca-participacao-na-Automechanika-Frankfurt.jpg","width":1024,"height":581,"caption":"09 - GS Yuasa destaca participacao na Automechanika Frankfurt"},{"@type":"BreadcrumbList","@id":"https:\/\/jornaldasoficinas.com\/pt\/gs-yuasa-destaca-participacao-na-automechanika-frankfurt\/#breadcrumb","itemListElement":[{"@type":"ListItem","position":1,"name":"In\u00edcio","item":"https:\/\/jornaldasoficinas.com\/pt\/"},{"@type":"ListItem","position":2,"name":"GS Yuasa destaca participa\u00e7\u00e3o na Automechanika Frankfurt"}]},{"@type":"WebSite","@id":"https:\/\/jornaldasoficinas.com\/pt\/#website","url":"https:\/\/jornaldasoficinas.com\/pt\/","name":"Jornal das Oficinas","description":"Jornal independente do Aftermarket Autom\u00f3vel em Portugal","publisher":{"@id":"https:\/\/jornaldasoficinas.com\/pt\/#organization"},"potentialAction":[{"@type":"SearchAction","target":{"@type":"EntryPoint","urlTemplate":"https:\/\/jornaldasoficinas.com\/pt\/?s={search_term_string}"},"query-input":{"@type":"PropertyValueSpecification","valueRequired":true,"valueName":"search_term_string"}}],"inLanguage":"pt-PT"},{"@type":"Organization","@id":"https:\/\/jornaldasoficinas.com\/pt\/#organization","name":"Jornal das Oficinas","url":"https:\/\/jornaldasoficinas.com\/pt\/","logo":{"@type":"ImageObject","inLanguage":"pt-PT","@id":"https:\/\/jornaldasoficinas.com\/pt\/#\/schema\/logo\/image\/","url":"https:\/\/jornaldasoficinas.com\/pt\/wp-content\/uploads\/logoJO-SEO.png","contentUrl":"https:\/\/jornaldasoficinas.com\/pt\/wp-content\/uploads\/logoJO-SEO.png","width":285,"height":450,"caption":"Jornal das Oficinas"},"image":{"@id":"https:\/\/jornaldasoficinas.com\/pt\/#\/schema\/logo\/image\/"},"sameAs":["https:\/\/www.facebook.com\/jornaloficinas","https:\/\/x.com\/jornaloficinas","https:\/\/www.instagram.com\/jornal_oficinas\/","https:\/\/www.linkedin.com\/company\/jornal-das-oficinas\/","https:\/\/www.youtube.com\/channel\/UCbQZBqtcvV-oSQrr7RzINGg"]},{"@type":"Person","@id":"https:\/\/jornaldasoficinas.com\/pt\/#\/schema\/person\/a38eef5de2c41d9e7c9ac10141afddf3","name":"Reda\u00e7\u00e3o JO","image":{"@type":"ImageObject","inLanguage":"pt-PT","@id":"https:\/\/secure.gravatar.com\/avatar\/71f2fa71737ad68a84fea94bc708ddac8ea5b0c4788dc2ad202f3ccb2887742f?s=96&d=wp_user_avatar&r=g","url":"https:\/\/secure.gravatar.com\/avatar\/71f2fa71737ad68a84fea94bc708ddac8ea5b0c4788dc2ad202f3ccb2887742f?s=96&d=wp_user_avatar&r=g","contentUrl":"https:\/\/secure.gravatar.com\/avatar\/71f2fa71737ad68a84fea94bc708ddac8ea5b0c4788dc2ad202f3ccb2887742f?s=96&d=wp_user_avatar&r=g","caption":"Reda\u00e7\u00e3o JO"},"url":"https:\/\/jornaldasoficinas.com\/pt\/author\/joredacao\/"}]}},"_links":{"self":[{"href":"https:\/\/jornaldasoficinas.com\/pt\/wp-json\/wp\/v2\/posts\/91776","targetHints":{"allow":["GET"]}}],"collection":[{"href":"https:\/\/jornaldasoficinas.com\/pt\/wp-json\/wp\/v2\/posts"}],"about":[{"href":"https:\/\/jornaldasoficinas.com\/pt\/wp-json\/wp\/v2\/types\/post"}],"author":[{"embeddable":true,"href":"https:\/\/jornaldasoficinas.com\/pt\/wp-json\/wp\/v2\/users\/15"}],"replies":[{"embeddable":true,"href":"https:\/\/jornaldasoficinas.com\/pt\/wp-json\/wp\/v2\/comments?post=91776"}],"version-history":[{"count":0,"href":"https:\/\/jornaldasoficinas.com\/pt\/wp-json\/wp\/v2\/posts\/91776\/revisions"}],"wp:featuredmedia":[{"embeddable":true,"href":"https:\/\/jornaldasoficinas.com\/pt\/wp-json\/wp\/v2\/media\/91783"}],"wp:attachment":[{"href":"https:\/\/jornaldasoficinas.com\/pt\/wp-json\/wp\/v2\/media?parent=91776"}],"wp:term":[{"taxonomy":"category","embeddable":true,"href":"https:\/\/jornaldasoficinas.com\/pt\/wp-json\/wp\/v2\/categories?post=91776"},{"taxonomy":"post_tag","embeddable":true,"href":"https:\/\/jornaldasoficinas.com\/pt\/wp-json\/wp\/v2\/tags?post=91776"}],"curies":[{"name":"wp","href":"https:\/\/api.w.org\/{rel}","templated":true}]}}