{"id":91805,"date":"2024-09-26T22:00:00","date_gmt":"2024-09-26T21:00:00","guid":{"rendered":"https:\/\/jornaldasoficinas.com\/pt\/?p=91805"},"modified":"2024-09-26T19:10:40","modified_gmt":"2024-09-26T18:10:40","slug":"renting-no-pos-venda-automovel-nuno-pereira-arval","status":"publish","type":"post","link":"https:\/\/jornaldasoficinas.com\/pt\/renting-no-pos-venda-automovel-nuno-pereira-arval\/","title":{"rendered":"&#8220;Renting no P\u00f3s Venda Autom\u00f3vel&#8221; Nuno Pereira, ARVAL"},"content":{"rendered":"<p><img loading=\"lazy\" decoding=\"async\" class=\"alignnone size-full wp-image-91806\" src=\"https:\/\/jornaldasoficinas.com\/pt\/wp-content\/uploads\/2024\/09\/Nuno-Pereira-Site.jpg\" alt=\"09 - Nuno Pereira Site\" width=\"1024\" height=\"581\" srcset=\"https:\/\/jornaldasoficinas.com\/pt\/wp-content\/uploads\/2024\/09\/Nuno-Pereira-Site.jpg 1024w, https:\/\/jornaldasoficinas.com\/pt\/wp-content\/uploads\/2024\/09\/Nuno-Pereira-Site-300x170.jpg 300w, https:\/\/jornaldasoficinas.com\/pt\/wp-content\/uploads\/2024\/09\/Nuno-Pereira-Site-150x85.jpg 150w, https:\/\/jornaldasoficinas.com\/pt\/wp-content\/uploads\/2024\/09\/Nuno-Pereira-Site-768x436.jpg 768w\" sizes=\"auto, (max-width: 1024px) 100vw, 1024px\" \/><\/p>\n<p><strong>Esta semana damos-lhe a ouvir o \u00faltimo Podcast do &#8220;Dar Voz ao Aftermarket&#8221; sob o tema &#8220;Renting no P\u00f3s-Venda Autom\u00f3vel&#8221;. Para terminarmos, estivemos \u00e0 conversa com a <a href=\"https:\/\/www.arval.pt\/\" target=\"_blank\" rel=\"noopener\">ARVAL<\/a>,\u00a0uma empresa especializada em financiamento e gest\u00e3o de frotas autom\u00f3veis com um servi\u00e7o completo e novas solu\u00e7\u00f5es de mobilidade. Nuno Soares Pereira, Head of Procurement da ARVAL, foi nosso convidado.\u00a0<\/strong><\/p>\n<p><strong>Oi\u00e7a toda a conversa aqui, no <a href=\"https:\/\/open.spotify.com\/episode\/5SOemfIyAFpM0ILV8f0Xz3?si=446a1c7d3161472b\" target=\"_blank\" rel=\"noopener\">Spotify<\/a> e nas nossas redes sociais.<\/strong><\/p>\n<p><iframe loading=\"lazy\" style=\"border-radius: 12px;\" src=\"https:\/\/open.spotify.com\/embed\/episode\/5SOemfIyAFpM0ILV8f0Xz3?utm_source=generator&amp;theme=0\" width=\"100%\" height=\"152\" frameborder=\"0\" allowfullscreen=\"allowfullscreen\"><\/iframe><\/p>\n","protected":false},"excerpt":{"rendered":"<p>Esta semana damos-lhe a ouvir o&#8230;<\/p>\n","protected":false},"author":15,"featured_media":91806,"comment_status":"closed","ping_status":"closed","sticky":false,"template":"","format":"standard","meta":{"footnotes":""},"categories":[2803],"tags":[364,3161,1410,4298,10777,10412,4720],"class_list":["post-91805","post","type-post","status-publish","format-standard","has-post-thumbnail","hentry","category-podcasts","tag-arval","tag-dar-voz-ao-aftermarket","tag-gestao-de-frotas","tag-jo-podcast","tag-nuno-soares-pereira","tag-renting-no-pos-venda","tag-solucoes-de-mobilidade"],"yoast_head":"<!-- This site is optimized with the Yoast SEO plugin v27.4 - https:\/\/yoast.com\/product\/yoast-seo-wordpress\/ -->\n<title>&quot;Renting no P\u00f3s Venda Autom\u00f3vel&quot; Nuno Pereira, ARVAL - Jornal das Oficinas<\/title>\n<meta name=\"description\" content=\"Esta semana damos-lhe a ouvir o \u00faltimo Podcast do &quot;Dar Voz ao Aftermarket&quot; sob o tema &quot;Renting no P\u00f3s-Venda Autom\u00f3vel&quot;\" \/>\n<meta name=\"robots\" content=\"index, follow, max-snippet:-1, max-image-preview:large, max-video-preview:-1\" \/>\n<link rel=\"canonical\" href=\"https:\/\/jornaldasoficinas.com\/pt\/renting-no-pos-venda-automovel-nuno-pereira-arval\/\" \/>\n<meta property=\"og:locale\" content=\"pt_PT\" \/>\n<meta property=\"og:type\" content=\"article\" \/>\n<meta property=\"og:title\" content=\"&quot;Renting no P\u00f3s Venda Autom\u00f3vel&quot; Nuno Pereira, ARVAL - Jornal das Oficinas\" \/>\n<meta property=\"og:description\" content=\"Esta semana damos-lhe a ouvir o \u00faltimo Podcast do &quot;Dar Voz ao Aftermarket&quot; sob o tema &quot;Renting no P\u00f3s-Venda Autom\u00f3vel&quot;\" \/>\n<meta property=\"og:url\" content=\"https:\/\/jornaldasoficinas.com\/pt\/renting-no-pos-venda-automovel-nuno-pereira-arval\/\" \/>\n<meta property=\"og:site_name\" content=\"Jornal das Oficinas\" \/>\n<meta property=\"article:publisher\" content=\"https:\/\/www.facebook.com\/jornaloficinas\" \/>\n<meta property=\"article:published_time\" content=\"2024-09-26T21:00:00+00:00\" \/>\n<meta property=\"og:image\" content=\"https:\/\/jornaldasoficinas.com\/pt\/wp-content\/uploads\/2024\/09\/Nuno-Pereira-Site.jpg\" \/>\n\t<meta property=\"og:image:width\" content=\"1024\" \/>\n\t<meta property=\"og:image:height\" content=\"581\" \/>\n\t<meta property=\"og:image:type\" content=\"image\/jpeg\" \/>\n<meta name=\"author\" content=\"Reda\u00e7\u00e3o JO\" \/>\n<meta name=\"twitter:card\" content=\"summary_large_image\" \/>\n<meta name=\"twitter:creator\" content=\"@jornaloficinas\" \/>\n<meta name=\"twitter:site\" content=\"@jornaloficinas\" \/>\n<meta name=\"twitter:label1\" content=\"Escrito por\" \/>\n\t<meta name=\"twitter:data1\" content=\"Reda\u00e7\u00e3o JO\" \/>\n\t<meta name=\"twitter:label2\" content=\"Tempo estimado de leitura\" \/>\n\t<meta name=\"twitter:data2\" content=\"1 minuto\" \/>\n<script type=\"application\/ld+json\" class=\"yoast-schema-graph\">{\"@context\":\"https:\\\/\\\/schema.org\",\"@graph\":[{\"@type\":\"Article\",\"@id\":\"https:\\\/\\\/jornaldasoficinas.com\\\/pt\\\/renting-no-pos-venda-automovel-nuno-pereira-arval\\\/#article\",\"isPartOf\":{\"@id\":\"https:\\\/\\\/jornaldasoficinas.com\\\/pt\\\/renting-no-pos-venda-automovel-nuno-pereira-arval\\\/\"},\"author\":{\"name\":\"Reda\u00e7\u00e3o JO\",\"@id\":\"https:\\\/\\\/jornaldasoficinas.com\\\/pt\\\/#\\\/schema\\\/person\\\/a38eef5de2c41d9e7c9ac10141afddf3\"},\"headline\":\"&#8220;Renting no P\u00f3s Venda Autom\u00f3vel&#8221; Nuno Pereira, ARVAL\",\"datePublished\":\"2024-09-26T21:00:00+00:00\",\"mainEntityOfPage\":{\"@id\":\"https:\\\/\\\/jornaldasoficinas.com\\\/pt\\\/renting-no-pos-venda-automovel-nuno-pereira-arval\\\/\"},\"wordCount\":86,\"publisher\":{\"@id\":\"https:\\\/\\\/jornaldasoficinas.com\\\/pt\\\/#organization\"},\"image\":{\"@id\":\"https:\\\/\\\/jornaldasoficinas.com\\\/pt\\\/renting-no-pos-venda-automovel-nuno-pereira-arval\\\/#primaryimage\"},\"thumbnailUrl\":\"https:\\\/\\\/jornaldasoficinas.com\\\/pt\\\/wp-content\\\/uploads\\\/2024\\\/09\\\/Nuno-Pereira-Site.jpg\",\"keywords\":[\"Arval\",\"Dar Voz ao Aftermarket\",\"Gest\u00e3o de Frotas\",\"JO Podcast\",\"Nuno Soares Pereira\",\"Renting no P\u00f3s-Venda\",\"solu\u00e7\u00f5es de mobilidade\"],\"articleSection\":[\"Podcasts\"],\"inLanguage\":\"pt-PT\"},{\"@type\":\"WebPage\",\"@id\":\"https:\\\/\\\/jornaldasoficinas.com\\\/pt\\\/renting-no-pos-venda-automovel-nuno-pereira-arval\\\/\",\"url\":\"https:\\\/\\\/jornaldasoficinas.com\\\/pt\\\/renting-no-pos-venda-automovel-nuno-pereira-arval\\\/\",\"name\":\"\\\"Renting no P\u00f3s Venda Autom\u00f3vel\\\" Nuno Pereira, ARVAL - Jornal das Oficinas\",\"isPartOf\":{\"@id\":\"https:\\\/\\\/jornaldasoficinas.com\\\/pt\\\/#website\"},\"primaryImageOfPage\":{\"@id\":\"https:\\\/\\\/jornaldasoficinas.com\\\/pt\\\/renting-no-pos-venda-automovel-nuno-pereira-arval\\\/#primaryimage\"},\"image\":{\"@id\":\"https:\\\/\\\/jornaldasoficinas.com\\\/pt\\\/renting-no-pos-venda-automovel-nuno-pereira-arval\\\/#primaryimage\"},\"thumbnailUrl\":\"https:\\\/\\\/jornaldasoficinas.com\\\/pt\\\/wp-content\\\/uploads\\\/2024\\\/09\\\/Nuno-Pereira-Site.jpg\",\"datePublished\":\"2024-09-26T21:00:00+00:00\",\"description\":\"Esta semana damos-lhe a ouvir o \u00faltimo Podcast do \\\"Dar Voz ao Aftermarket\\\" sob o tema \\\"Renting no P\u00f3s-Venda Autom\u00f3vel\\\"\",\"breadcrumb\":{\"@id\":\"https:\\\/\\\/jornaldasoficinas.com\\\/pt\\\/renting-no-pos-venda-automovel-nuno-pereira-arval\\\/#breadcrumb\"},\"inLanguage\":\"pt-PT\",\"potentialAction\":[{\"@type\":\"ReadAction\",\"target\":[\"https:\\\/\\\/jornaldasoficinas.com\\\/pt\\\/renting-no-pos-venda-automovel-nuno-pereira-arval\\\/\"]}]},{\"@type\":\"ImageObject\",\"inLanguage\":\"pt-PT\",\"@id\":\"https:\\\/\\\/jornaldasoficinas.com\\\/pt\\\/renting-no-pos-venda-automovel-nuno-pereira-arval\\\/#primaryimage\",\"url\":\"https:\\\/\\\/jornaldasoficinas.com\\\/pt\\\/wp-content\\\/uploads\\\/2024\\\/09\\\/Nuno-Pereira-Site.jpg\",\"contentUrl\":\"https:\\\/\\\/jornaldasoficinas.com\\\/pt\\\/wp-content\\\/uploads\\\/2024\\\/09\\\/Nuno-Pereira-Site.jpg\",\"width\":1024,\"height\":581,\"caption\":\"09 - Nuno Pereira Site\"},{\"@type\":\"BreadcrumbList\",\"@id\":\"https:\\\/\\\/jornaldasoficinas.com\\\/pt\\\/renting-no-pos-venda-automovel-nuno-pereira-arval\\\/#breadcrumb\",\"itemListElement\":[{\"@type\":\"ListItem\",\"position\":1,\"name\":\"In\u00edcio\",\"item\":\"https:\\\/\\\/jornaldasoficinas.com\\\/pt\\\/\"},{\"@type\":\"ListItem\",\"position\":2,\"name\":\"&#8220;Renting no P\u00f3s Venda Autom\u00f3vel&#8221; Nuno Pereira, ARVAL\"}]},{\"@type\":\"WebSite\",\"@id\":\"https:\\\/\\\/jornaldasoficinas.com\\\/pt\\\/#website\",\"url\":\"https:\\\/\\\/jornaldasoficinas.com\\\/pt\\\/\",\"name\":\"Jornal das Oficinas\",\"description\":\"Jornal independente do Aftermarket Autom\u00f3vel em Portugal\",\"publisher\":{\"@id\":\"https:\\\/\\\/jornaldasoficinas.com\\\/pt\\\/#organization\"},\"potentialAction\":[{\"@type\":\"SearchAction\",\"target\":{\"@type\":\"EntryPoint\",\"urlTemplate\":\"https:\\\/\\\/jornaldasoficinas.com\\\/pt\\\/?s={search_term_string}\"},\"query-input\":{\"@type\":\"PropertyValueSpecification\",\"valueRequired\":true,\"valueName\":\"search_term_string\"}}],\"inLanguage\":\"pt-PT\"},{\"@type\":\"Organization\",\"@id\":\"https:\\\/\\\/jornaldasoficinas.com\\\/pt\\\/#organization\",\"name\":\"Jornal das Oficinas\",\"url\":\"https:\\\/\\\/jornaldasoficinas.com\\\/pt\\\/\",\"logo\":{\"@type\":\"ImageObject\",\"inLanguage\":\"pt-PT\",\"@id\":\"https:\\\/\\\/jornaldasoficinas.com\\\/pt\\\/#\\\/schema\\\/logo\\\/image\\\/\",\"url\":\"https:\\\/\\\/jornaldasoficinas.com\\\/pt\\\/wp-content\\\/uploads\\\/logoJO-SEO.png\",\"contentUrl\":\"https:\\\/\\\/jornaldasoficinas.com\\\/pt\\\/wp-content\\\/uploads\\\/logoJO-SEO.png\",\"width\":285,\"height\":450,\"caption\":\"Jornal das Oficinas\"},\"image\":{\"@id\":\"https:\\\/\\\/jornaldasoficinas.com\\\/pt\\\/#\\\/schema\\\/logo\\\/image\\\/\"},\"sameAs\":[\"https:\\\/\\\/www.facebook.com\\\/jornaloficinas\",\"https:\\\/\\\/x.com\\\/jornaloficinas\",\"https:\\\/\\\/www.instagram.com\\\/jornal_oficinas\\\/\",\"https:\\\/\\\/www.linkedin.com\\\/company\\\/jornal-das-oficinas\\\/\",\"https:\\\/\\\/www.youtube.com\\\/channel\\\/UCbQZBqtcvV-oSQrr7RzINGg\"]},{\"@type\":\"Person\",\"@id\":\"https:\\\/\\\/jornaldasoficinas.com\\\/pt\\\/#\\\/schema\\\/person\\\/a38eef5de2c41d9e7c9ac10141afddf3\",\"name\":\"Reda\u00e7\u00e3o JO\",\"image\":{\"@type\":\"ImageObject\",\"inLanguage\":\"pt-PT\",\"@id\":\"https:\\\/\\\/secure.gravatar.com\\\/avatar\\\/71f2fa71737ad68a84fea94bc708ddac8ea5b0c4788dc2ad202f3ccb2887742f?s=96&d=wp_user_avatar&r=g\",\"url\":\"https:\\\/\\\/secure.gravatar.com\\\/avatar\\\/71f2fa71737ad68a84fea94bc708ddac8ea5b0c4788dc2ad202f3ccb2887742f?s=96&d=wp_user_avatar&r=g\",\"contentUrl\":\"https:\\\/\\\/secure.gravatar.com\\\/avatar\\\/71f2fa71737ad68a84fea94bc708ddac8ea5b0c4788dc2ad202f3ccb2887742f?s=96&d=wp_user_avatar&r=g\",\"caption\":\"Reda\u00e7\u00e3o JO\"},\"url\":\"https:\\\/\\\/jornaldasoficinas.com\\\/pt\\\/author\\\/joredacao\\\/\"}]}<\/script>\n<!-- \/ Yoast SEO plugin. -->","yoast_head_json":{"title":"\"Renting no P\u00f3s Venda Autom\u00f3vel\" Nuno Pereira, ARVAL - Jornal das Oficinas","description":"Esta semana damos-lhe a ouvir o \u00faltimo Podcast do \"Dar Voz ao Aftermarket\" sob o tema \"Renting no P\u00f3s-Venda Autom\u00f3vel\"","robots":{"index":"index","follow":"follow","max-snippet":"max-snippet:-1","max-image-preview":"max-image-preview:large","max-video-preview":"max-video-preview:-1"},"canonical":"https:\/\/jornaldasoficinas.com\/pt\/renting-no-pos-venda-automovel-nuno-pereira-arval\/","og_locale":"pt_PT","og_type":"article","og_title":"\"Renting no P\u00f3s Venda Autom\u00f3vel\" Nuno Pereira, ARVAL - Jornal das Oficinas","og_description":"Esta semana damos-lhe a ouvir o \u00faltimo Podcast do \"Dar Voz ao Aftermarket\" sob o tema \"Renting no P\u00f3s-Venda Autom\u00f3vel\"","og_url":"https:\/\/jornaldasoficinas.com\/pt\/renting-no-pos-venda-automovel-nuno-pereira-arval\/","og_site_name":"Jornal das Oficinas","article_publisher":"https:\/\/www.facebook.com\/jornaloficinas","article_published_time":"2024-09-26T21:00:00+00:00","og_image":[{"width":1024,"height":581,"url":"https:\/\/jornaldasoficinas.com\/pt\/wp-content\/uploads\/2024\/09\/Nuno-Pereira-Site.jpg","type":"image\/jpeg"}],"author":"Reda\u00e7\u00e3o JO","twitter_card":"summary_large_image","twitter_creator":"@jornaloficinas","twitter_site":"@jornaloficinas","twitter_misc":{"Escrito por":"Reda\u00e7\u00e3o JO","Tempo estimado de leitura":"1 minuto"},"schema":{"@context":"https:\/\/schema.org","@graph":[{"@type":"Article","@id":"https:\/\/jornaldasoficinas.com\/pt\/renting-no-pos-venda-automovel-nuno-pereira-arval\/#article","isPartOf":{"@id":"https:\/\/jornaldasoficinas.com\/pt\/renting-no-pos-venda-automovel-nuno-pereira-arval\/"},"author":{"name":"Reda\u00e7\u00e3o JO","@id":"https:\/\/jornaldasoficinas.com\/pt\/#\/schema\/person\/a38eef5de2c41d9e7c9ac10141afddf3"},"headline":"&#8220;Renting no P\u00f3s Venda Autom\u00f3vel&#8221; Nuno Pereira, ARVAL","datePublished":"2024-09-26T21:00:00+00:00","mainEntityOfPage":{"@id":"https:\/\/jornaldasoficinas.com\/pt\/renting-no-pos-venda-automovel-nuno-pereira-arval\/"},"wordCount":86,"publisher":{"@id":"https:\/\/jornaldasoficinas.com\/pt\/#organization"},"image":{"@id":"https:\/\/jornaldasoficinas.com\/pt\/renting-no-pos-venda-automovel-nuno-pereira-arval\/#primaryimage"},"thumbnailUrl":"https:\/\/jornaldasoficinas.com\/pt\/wp-content\/uploads\/2024\/09\/Nuno-Pereira-Site.jpg","keywords":["Arval","Dar Voz ao Aftermarket","Gest\u00e3o de Frotas","JO Podcast","Nuno Soares Pereira","Renting no P\u00f3s-Venda","solu\u00e7\u00f5es de mobilidade"],"articleSection":["Podcasts"],"inLanguage":"pt-PT"},{"@type":"WebPage","@id":"https:\/\/jornaldasoficinas.com\/pt\/renting-no-pos-venda-automovel-nuno-pereira-arval\/","url":"https:\/\/jornaldasoficinas.com\/pt\/renting-no-pos-venda-automovel-nuno-pereira-arval\/","name":"\"Renting no P\u00f3s Venda Autom\u00f3vel\" Nuno Pereira, ARVAL - Jornal das Oficinas","isPartOf":{"@id":"https:\/\/jornaldasoficinas.com\/pt\/#website"},"primaryImageOfPage":{"@id":"https:\/\/jornaldasoficinas.com\/pt\/renting-no-pos-venda-automovel-nuno-pereira-arval\/#primaryimage"},"image":{"@id":"https:\/\/jornaldasoficinas.com\/pt\/renting-no-pos-venda-automovel-nuno-pereira-arval\/#primaryimage"},"thumbnailUrl":"https:\/\/jornaldasoficinas.com\/pt\/wp-content\/uploads\/2024\/09\/Nuno-Pereira-Site.jpg","datePublished":"2024-09-26T21:00:00+00:00","description":"Esta semana damos-lhe a ouvir o \u00faltimo Podcast do \"Dar Voz ao Aftermarket\" sob o tema \"Renting no P\u00f3s-Venda Autom\u00f3vel\"","breadcrumb":{"@id":"https:\/\/jornaldasoficinas.com\/pt\/renting-no-pos-venda-automovel-nuno-pereira-arval\/#breadcrumb"},"inLanguage":"pt-PT","potentialAction":[{"@type":"ReadAction","target":["https:\/\/jornaldasoficinas.com\/pt\/renting-no-pos-venda-automovel-nuno-pereira-arval\/"]}]},{"@type":"ImageObject","inLanguage":"pt-PT","@id":"https:\/\/jornaldasoficinas.com\/pt\/renting-no-pos-venda-automovel-nuno-pereira-arval\/#primaryimage","url":"https:\/\/jornaldasoficinas.com\/pt\/wp-content\/uploads\/2024\/09\/Nuno-Pereira-Site.jpg","contentUrl":"https:\/\/jornaldasoficinas.com\/pt\/wp-content\/uploads\/2024\/09\/Nuno-Pereira-Site.jpg","width":1024,"height":581,"caption":"09 - Nuno Pereira Site"},{"@type":"BreadcrumbList","@id":"https:\/\/jornaldasoficinas.com\/pt\/renting-no-pos-venda-automovel-nuno-pereira-arval\/#breadcrumb","itemListElement":[{"@type":"ListItem","position":1,"name":"In\u00edcio","item":"https:\/\/jornaldasoficinas.com\/pt\/"},{"@type":"ListItem","position":2,"name":"&#8220;Renting no P\u00f3s Venda Autom\u00f3vel&#8221; Nuno Pereira, ARVAL"}]},{"@type":"WebSite","@id":"https:\/\/jornaldasoficinas.com\/pt\/#website","url":"https:\/\/jornaldasoficinas.com\/pt\/","name":"Jornal das Oficinas","description":"Jornal independente do Aftermarket Autom\u00f3vel em Portugal","publisher":{"@id":"https:\/\/jornaldasoficinas.com\/pt\/#organization"},"potentialAction":[{"@type":"SearchAction","target":{"@type":"EntryPoint","urlTemplate":"https:\/\/jornaldasoficinas.com\/pt\/?s={search_term_string}"},"query-input":{"@type":"PropertyValueSpecification","valueRequired":true,"valueName":"search_term_string"}}],"inLanguage":"pt-PT"},{"@type":"Organization","@id":"https:\/\/jornaldasoficinas.com\/pt\/#organization","name":"Jornal das Oficinas","url":"https:\/\/jornaldasoficinas.com\/pt\/","logo":{"@type":"ImageObject","inLanguage":"pt-PT","@id":"https:\/\/jornaldasoficinas.com\/pt\/#\/schema\/logo\/image\/","url":"https:\/\/jornaldasoficinas.com\/pt\/wp-content\/uploads\/logoJO-SEO.png","contentUrl":"https:\/\/jornaldasoficinas.com\/pt\/wp-content\/uploads\/logoJO-SEO.png","width":285,"height":450,"caption":"Jornal das Oficinas"},"image":{"@id":"https:\/\/jornaldasoficinas.com\/pt\/#\/schema\/logo\/image\/"},"sameAs":["https:\/\/www.facebook.com\/jornaloficinas","https:\/\/x.com\/jornaloficinas","https:\/\/www.instagram.com\/jornal_oficinas\/","https:\/\/www.linkedin.com\/company\/jornal-das-oficinas\/","https:\/\/www.youtube.com\/channel\/UCbQZBqtcvV-oSQrr7RzINGg"]},{"@type":"Person","@id":"https:\/\/jornaldasoficinas.com\/pt\/#\/schema\/person\/a38eef5de2c41d9e7c9ac10141afddf3","name":"Reda\u00e7\u00e3o JO","image":{"@type":"ImageObject","inLanguage":"pt-PT","@id":"https:\/\/secure.gravatar.com\/avatar\/71f2fa71737ad68a84fea94bc708ddac8ea5b0c4788dc2ad202f3ccb2887742f?s=96&d=wp_user_avatar&r=g","url":"https:\/\/secure.gravatar.com\/avatar\/71f2fa71737ad68a84fea94bc708ddac8ea5b0c4788dc2ad202f3ccb2887742f?s=96&d=wp_user_avatar&r=g","contentUrl":"https:\/\/secure.gravatar.com\/avatar\/71f2fa71737ad68a84fea94bc708ddac8ea5b0c4788dc2ad202f3ccb2887742f?s=96&d=wp_user_avatar&r=g","caption":"Reda\u00e7\u00e3o JO"},"url":"https:\/\/jornaldasoficinas.com\/pt\/author\/joredacao\/"}]}},"_links":{"self":[{"href":"https:\/\/jornaldasoficinas.com\/pt\/wp-json\/wp\/v2\/posts\/91805","targetHints":{"allow":["GET"]}}],"collection":[{"href":"https:\/\/jornaldasoficinas.com\/pt\/wp-json\/wp\/v2\/posts"}],"about":[{"href":"https:\/\/jornaldasoficinas.com\/pt\/wp-json\/wp\/v2\/types\/post"}],"author":[{"embeddable":true,"href":"https:\/\/jornaldasoficinas.com\/pt\/wp-json\/wp\/v2\/users\/15"}],"replies":[{"embeddable":true,"href":"https:\/\/jornaldasoficinas.com\/pt\/wp-json\/wp\/v2\/comments?post=91805"}],"version-history":[{"count":1,"href":"https:\/\/jornaldasoficinas.com\/pt\/wp-json\/wp\/v2\/posts\/91805\/revisions"}],"predecessor-version":[{"id":95162,"href":"https:\/\/jornaldasoficinas.com\/pt\/wp-json\/wp\/v2\/posts\/91805\/revisions\/95162"}],"wp:featuredmedia":[{"embeddable":true,"href":"https:\/\/jornaldasoficinas.com\/pt\/wp-json\/wp\/v2\/media\/91806"}],"wp:attachment":[{"href":"https:\/\/jornaldasoficinas.com\/pt\/wp-json\/wp\/v2\/media?parent=91805"}],"wp:term":[{"taxonomy":"category","embeddable":true,"href":"https:\/\/jornaldasoficinas.com\/pt\/wp-json\/wp\/v2\/categories?post=91805"},{"taxonomy":"post_tag","embeddable":true,"href":"https:\/\/jornaldasoficinas.com\/pt\/wp-json\/wp\/v2\/tags?post=91805"}],"curies":[{"name":"wp","href":"https:\/\/api.w.org\/{rel}","templated":true}]}}