{"id":92082,"date":"2024-10-04T12:30:11","date_gmt":"2024-10-04T11:30:11","guid":{"rendered":"https:\/\/jornaldasoficinas.com\/pt\/?p=92082"},"modified":"2024-10-04T12:35:41","modified_gmt":"2024-10-04T11:35:41","slug":"fuchs-e-a-escolha-de-eleicao-da-oficina-amsport","status":"publish","type":"post","link":"https:\/\/jornaldasoficinas.com\/pt\/fuchs-e-a-escolha-de-eleicao-da-oficina-amsport\/","title":{"rendered":"FUCHS \u00e9 a escolha de elei\u00e7\u00e3o da oficina AMSPORT"},"content":{"rendered":"<p><strong><img loading=\"lazy\" decoding=\"async\" class=\"alignnone size-full wp-image-92091\" src=\"https:\/\/jornaldasoficinas.com\/pt\/wp-content\/uploads\/2024\/10\/FUCHS-e-a-escolha-de-eleicao-da-oficina-AMSPORT.jpg\" alt=\"10 - FUCHS e a escolha de eleicao da oficina AMSPORT\" width=\"1024\" height=\"581\" srcset=\"https:\/\/jornaldasoficinas.com\/pt\/wp-content\/uploads\/2024\/10\/FUCHS-e-a-escolha-de-eleicao-da-oficina-AMSPORT.jpg 1024w, https:\/\/jornaldasoficinas.com\/pt\/wp-content\/uploads\/2024\/10\/FUCHS-e-a-escolha-de-eleicao-da-oficina-AMSPORT-300x170.jpg 300w, https:\/\/jornaldasoficinas.com\/pt\/wp-content\/uploads\/2024\/10\/FUCHS-e-a-escolha-de-eleicao-da-oficina-AMSPORT-150x85.jpg 150w, https:\/\/jornaldasoficinas.com\/pt\/wp-content\/uploads\/2024\/10\/FUCHS-e-a-escolha-de-eleicao-da-oficina-AMSPORT-768x436.jpg 768w\" sizes=\"auto, (max-width: 1024px) 100vw, 1024px\" \/><\/strong><\/p>\n<p><strong>Em entrevista \u00e0 <a href=\"https:\/\/www.buss.pt\/\" target=\"_blank\" rel=\"noopener\">BUSS<\/a>, Jos\u00e9 Cruz explicou como tem sido a sua experi\u00eancia desde que come\u00e7ou a utilizar os produtos da <a href=\"https:\/\/www.fuchs.com\/pt\/pt\/\" target=\"_blank\" rel=\"noopener\">FUCHS<\/a> na <\/strong><a href=\"https:\/\/www.facebook.com\/AMSPORT.VISEU\/?locale=pt_PT\" target=\"_blank\" rel=\"noopener\"><strong>AMSPORT<\/strong><\/a><\/p>\n<p>H\u00e1 um ano, Jos\u00e9 Cruz tomou a decis\u00e3o de passar a utilizar, exclusivamente, a FUCHS na oficina AMSPORT, fundada h\u00e1 37 anos. Para saber como tem evolu\u00eddo esta parceria, o respons\u00e1vel deu uma entrevista \u00e0 ag\u00eancia de comunica\u00e7\u00e3o BUSS.<\/p>\n<p><strong>Qual a experi\u00eancia da conceituada oficina de Viseu com a marca das oficinas? Como reagiram os clientes?<\/strong><\/p>\n<p>&#8220;O nosso profissionalismo est\u00e1 agora ainda mais vis\u00edvel. Os produtos FUCHS est\u00e3o em todo lado na oficina e tamb\u00e9m no pr\u00f3prio livro de revis\u00f5es, onde os clientes veem que o \u00f3leo que metemos \u00e9 o TITAN da FUCHS. Quem quiser ser profissional tem que trabalhar com produtos de qualidade. FUCHS \u00e9 sempre uma marca boa e as pessoas sentem-se bem&#8221;, sublinhou Jos\u00e9 Cruz, e acrescentou: &#8220;O cliente final quer um conselho nosso e confia em n\u00f3s e n\u00f3s confiamos na FUCHS&#8221;.<\/p>\n<p>Esta confian\u00e7a resulta da parceria entre as duas empresas a n\u00edvel da competi\u00e7\u00e3o, j\u00e1 que as exig\u00eancias e condi\u00e7\u00f5es extremas nas corridas s\u00e3o a melhor forma de testar a qualidade dos lubrificantes. Desde 2020, a AMSPORT utiliza os \u00f3leos de alta tecnologia da marca alem\u00e3 na sua vertente de competi\u00e7\u00e3o. &#8220;Nos anos 1990, meti-me na competi\u00e7\u00e3o, na brincadeira. Fomos crescendo com os pilotos e entr\u00e1mos a s\u00e9rio na competi\u00e7\u00e3o. Hoje, acompanhamos dezenas de pilotos de velocidade, montanha e Rally Cross com autom\u00f3veis de diferentes marcas&#8221;, informou Jos\u00e9 Cruz que tamb\u00e9m corre e acabou de ganhar no <a href=\"https:\/\/www.caramulo-motorfestival.com\/pt\/\" target=\"_blank\" rel=\"noopener\">Caramulo Motorfestival<\/a> com o seu Porsche 911 Rs de 1976.<\/p>\n<p>Para o empres\u00e1rio e mec\u00e2nico autom\u00f3vel, a amplia\u00e7\u00e3o da parceria com a FUCHS para toda a oficina foi &#8220;o caminho natural&#8221; depois da experi\u00eancia positiva sob condi\u00e7\u00f5es extremas. Agora tudo \u00e9 mais pr\u00e1tico, a AMSPORT trabalha com uma marca de lubrificantes s\u00f3 e os 13 mec\u00e2nicos beneficiam do Oil Chooser. &#8220;A FUCHS d\u00e1 muita ajuda e temos acesso f\u00e1cil ao produto. Seja um Porsche, um Mercedes, um BMW, seja o que for, vamos ao Oil Chooser e encontramos l\u00e1 todos os passos&#8221;, referiu Jos\u00e9 Cruz. O balan\u00e7o que faz desta parceria \u00e9 claro: &#8220;Queremos manter a parceria. Estou muito satisfeito&#8221;<\/p>\n","protected":false},"excerpt":{"rendered":"<p>Em entrevista \u00e0 BUSS, Jos\u00e9 Cruz&#8230;<\/p>\n","protected":false},"author":15,"featured_media":92091,"comment_status":"closed","ping_status":"closed","sticky":false,"template":"","format":"standard","meta":{"footnotes":""},"categories":[38],"tags":[10158,10823,10825,277,155,10824,3217],"class_list":["post-92082","post","type-post","status-publish","format-standard","has-post-thumbnail","hentry","category-entrevistas","tag-alta-tecnologia","tag-amsporth","tag-buss","tag-fuchs","tag-lubrificantes","tag-marca-de-eleicao","tag-parceria"],"yoast_head":"<!-- This site is optimized with the Yoast SEO plugin v27.4 - https:\/\/yoast.com\/product\/yoast-seo-wordpress\/ -->\n<title>FUCHS \u00e9 a escolha de elei\u00e7\u00e3o da oficina AMSPORT - Jornal das Oficinas<\/title>\n<meta name=\"description\" content=\"Em entrevista \u00e0 BUSS, Jos\u00e9 Cruz explicou como tem sido a sua experi\u00eancia desde que come\u00e7ou a utilizar os produtos da marca na AMSPORTH\" \/>\n<meta name=\"robots\" content=\"index, follow, max-snippet:-1, max-image-preview:large, max-video-preview:-1\" \/>\n<link rel=\"canonical\" href=\"https:\/\/jornaldasoficinas.com\/pt\/fuchs-e-a-escolha-de-eleicao-da-oficina-amsport\/\" \/>\n<meta property=\"og:locale\" content=\"pt_PT\" \/>\n<meta property=\"og:type\" content=\"article\" \/>\n<meta property=\"og:title\" content=\"FUCHS \u00e9 a escolha de elei\u00e7\u00e3o da oficina AMSPORT - Jornal das Oficinas\" \/>\n<meta property=\"og:description\" content=\"Em entrevista \u00e0 BUSS, Jos\u00e9 Cruz explicou como tem sido a sua experi\u00eancia desde que come\u00e7ou a utilizar os produtos da marca na AMSPORTH\" \/>\n<meta property=\"og:url\" content=\"https:\/\/jornaldasoficinas.com\/pt\/fuchs-e-a-escolha-de-eleicao-da-oficina-amsport\/\" \/>\n<meta property=\"og:site_name\" content=\"Jornal das Oficinas\" \/>\n<meta property=\"article:publisher\" content=\"https:\/\/www.facebook.com\/jornaloficinas\" \/>\n<meta property=\"article:published_time\" content=\"2024-10-04T11:30:11+00:00\" \/>\n<meta property=\"article:modified_time\" content=\"2024-10-04T11:35:41+00:00\" \/>\n<meta property=\"og:image\" content=\"https:\/\/jornaldasoficinas.com\/pt\/wp-content\/uploads\/2024\/10\/FUCHS-e-a-escolha-de-eleicao-da-oficina-AMSPORT.jpg\" \/>\n\t<meta property=\"og:image:width\" content=\"1024\" \/>\n\t<meta property=\"og:image:height\" content=\"581\" \/>\n\t<meta property=\"og:image:type\" content=\"image\/jpeg\" \/>\n<meta name=\"author\" content=\"Reda\u00e7\u00e3o JO\" \/>\n<meta name=\"twitter:card\" content=\"summary_large_image\" \/>\n<meta name=\"twitter:creator\" content=\"@jornaloficinas\" \/>\n<meta name=\"twitter:site\" content=\"@jornaloficinas\" \/>\n<meta name=\"twitter:label1\" content=\"Escrito por\" \/>\n\t<meta name=\"twitter:data1\" content=\"Reda\u00e7\u00e3o JO\" \/>\n\t<meta name=\"twitter:label2\" content=\"Tempo estimado de leitura\" \/>\n\t<meta name=\"twitter:data2\" content=\"3 minutos\" \/>\n<script type=\"application\/ld+json\" class=\"yoast-schema-graph\">{\"@context\":\"https:\\\/\\\/schema.org\",\"@graph\":[{\"@type\":\"Article\",\"@id\":\"https:\\\/\\\/jornaldasoficinas.com\\\/pt\\\/fuchs-e-a-escolha-de-eleicao-da-oficina-amsport\\\/#article\",\"isPartOf\":{\"@id\":\"https:\\\/\\\/jornaldasoficinas.com\\\/pt\\\/fuchs-e-a-escolha-de-eleicao-da-oficina-amsport\\\/\"},\"author\":{\"name\":\"Reda\u00e7\u00e3o JO\",\"@id\":\"https:\\\/\\\/jornaldasoficinas.com\\\/pt\\\/#\\\/schema\\\/person\\\/a38eef5de2c41d9e7c9ac10141afddf3\"},\"headline\":\"FUCHS \u00e9 a escolha de elei\u00e7\u00e3o da oficina AMSPORT\",\"datePublished\":\"2024-10-04T11:30:11+00:00\",\"dateModified\":\"2024-10-04T11:35:41+00:00\",\"mainEntityOfPage\":{\"@id\":\"https:\\\/\\\/jornaldasoficinas.com\\\/pt\\\/fuchs-e-a-escolha-de-eleicao-da-oficina-amsport\\\/\"},\"wordCount\":402,\"publisher\":{\"@id\":\"https:\\\/\\\/jornaldasoficinas.com\\\/pt\\\/#organization\"},\"image\":{\"@id\":\"https:\\\/\\\/jornaldasoficinas.com\\\/pt\\\/fuchs-e-a-escolha-de-eleicao-da-oficina-amsport\\\/#primaryimage\"},\"thumbnailUrl\":\"https:\\\/\\\/jornaldasoficinas.com\\\/pt\\\/wp-content\\\/uploads\\\/2024\\\/10\\\/FUCHS-e-a-escolha-de-eleicao-da-oficina-AMSPORT.jpg\",\"keywords\":[\"alta tecnologia\",\"AMSPORTH\",\"BUSS\",\"Fuchs\",\"Lubrificantes\",\"marca de elei\u00e7\u00e3o\",\"Parceria\"],\"articleSection\":[\"Entrevistas\"],\"inLanguage\":\"pt-PT\"},{\"@type\":\"WebPage\",\"@id\":\"https:\\\/\\\/jornaldasoficinas.com\\\/pt\\\/fuchs-e-a-escolha-de-eleicao-da-oficina-amsport\\\/\",\"url\":\"https:\\\/\\\/jornaldasoficinas.com\\\/pt\\\/fuchs-e-a-escolha-de-eleicao-da-oficina-amsport\\\/\",\"name\":\"FUCHS \u00e9 a escolha de elei\u00e7\u00e3o da oficina AMSPORT - Jornal das Oficinas\",\"isPartOf\":{\"@id\":\"https:\\\/\\\/jornaldasoficinas.com\\\/pt\\\/#website\"},\"primaryImageOfPage\":{\"@id\":\"https:\\\/\\\/jornaldasoficinas.com\\\/pt\\\/fuchs-e-a-escolha-de-eleicao-da-oficina-amsport\\\/#primaryimage\"},\"image\":{\"@id\":\"https:\\\/\\\/jornaldasoficinas.com\\\/pt\\\/fuchs-e-a-escolha-de-eleicao-da-oficina-amsport\\\/#primaryimage\"},\"thumbnailUrl\":\"https:\\\/\\\/jornaldasoficinas.com\\\/pt\\\/wp-content\\\/uploads\\\/2024\\\/10\\\/FUCHS-e-a-escolha-de-eleicao-da-oficina-AMSPORT.jpg\",\"datePublished\":\"2024-10-04T11:30:11+00:00\",\"dateModified\":\"2024-10-04T11:35:41+00:00\",\"description\":\"Em entrevista \u00e0 BUSS, Jos\u00e9 Cruz explicou como tem sido a sua experi\u00eancia desde que come\u00e7ou a utilizar os produtos da marca na AMSPORTH\",\"breadcrumb\":{\"@id\":\"https:\\\/\\\/jornaldasoficinas.com\\\/pt\\\/fuchs-e-a-escolha-de-eleicao-da-oficina-amsport\\\/#breadcrumb\"},\"inLanguage\":\"pt-PT\",\"potentialAction\":[{\"@type\":\"ReadAction\",\"target\":[\"https:\\\/\\\/jornaldasoficinas.com\\\/pt\\\/fuchs-e-a-escolha-de-eleicao-da-oficina-amsport\\\/\"]}]},{\"@type\":\"ImageObject\",\"inLanguage\":\"pt-PT\",\"@id\":\"https:\\\/\\\/jornaldasoficinas.com\\\/pt\\\/fuchs-e-a-escolha-de-eleicao-da-oficina-amsport\\\/#primaryimage\",\"url\":\"https:\\\/\\\/jornaldasoficinas.com\\\/pt\\\/wp-content\\\/uploads\\\/2024\\\/10\\\/FUCHS-e-a-escolha-de-eleicao-da-oficina-AMSPORT.jpg\",\"contentUrl\":\"https:\\\/\\\/jornaldasoficinas.com\\\/pt\\\/wp-content\\\/uploads\\\/2024\\\/10\\\/FUCHS-e-a-escolha-de-eleicao-da-oficina-AMSPORT.jpg\",\"width\":1024,\"height\":581,\"caption\":\"10 - FUCHS e a escolha de eleicao da oficina AMSPORT\"},{\"@type\":\"BreadcrumbList\",\"@id\":\"https:\\\/\\\/jornaldasoficinas.com\\\/pt\\\/fuchs-e-a-escolha-de-eleicao-da-oficina-amsport\\\/#breadcrumb\",\"itemListElement\":[{\"@type\":\"ListItem\",\"position\":1,\"name\":\"In\u00edcio\",\"item\":\"https:\\\/\\\/jornaldasoficinas.com\\\/pt\\\/\"},{\"@type\":\"ListItem\",\"position\":2,\"name\":\"FUCHS \u00e9 a escolha de elei\u00e7\u00e3o da oficina AMSPORT\"}]},{\"@type\":\"WebSite\",\"@id\":\"https:\\\/\\\/jornaldasoficinas.com\\\/pt\\\/#website\",\"url\":\"https:\\\/\\\/jornaldasoficinas.com\\\/pt\\\/\",\"name\":\"Jornal das Oficinas\",\"description\":\"Jornal independente do Aftermarket Autom\u00f3vel em Portugal\",\"publisher\":{\"@id\":\"https:\\\/\\\/jornaldasoficinas.com\\\/pt\\\/#organization\"},\"potentialAction\":[{\"@type\":\"SearchAction\",\"target\":{\"@type\":\"EntryPoint\",\"urlTemplate\":\"https:\\\/\\\/jornaldasoficinas.com\\\/pt\\\/?s={search_term_string}\"},\"query-input\":{\"@type\":\"PropertyValueSpecification\",\"valueRequired\":true,\"valueName\":\"search_term_string\"}}],\"inLanguage\":\"pt-PT\"},{\"@type\":\"Organization\",\"@id\":\"https:\\\/\\\/jornaldasoficinas.com\\\/pt\\\/#organization\",\"name\":\"Jornal das Oficinas\",\"url\":\"https:\\\/\\\/jornaldasoficinas.com\\\/pt\\\/\",\"logo\":{\"@type\":\"ImageObject\",\"inLanguage\":\"pt-PT\",\"@id\":\"https:\\\/\\\/jornaldasoficinas.com\\\/pt\\\/#\\\/schema\\\/logo\\\/image\\\/\",\"url\":\"https:\\\/\\\/jornaldasoficinas.com\\\/pt\\\/wp-content\\\/uploads\\\/logoJO-SEO.png\",\"contentUrl\":\"https:\\\/\\\/jornaldasoficinas.com\\\/pt\\\/wp-content\\\/uploads\\\/logoJO-SEO.png\",\"width\":285,\"height\":450,\"caption\":\"Jornal das Oficinas\"},\"image\":{\"@id\":\"https:\\\/\\\/jornaldasoficinas.com\\\/pt\\\/#\\\/schema\\\/logo\\\/image\\\/\"},\"sameAs\":[\"https:\\\/\\\/www.facebook.com\\\/jornaloficinas\",\"https:\\\/\\\/x.com\\\/jornaloficinas\",\"https:\\\/\\\/www.instagram.com\\\/jornal_oficinas\\\/\",\"https:\\\/\\\/www.linkedin.com\\\/company\\\/jornal-das-oficinas\\\/\",\"https:\\\/\\\/www.youtube.com\\\/channel\\\/UCbQZBqtcvV-oSQrr7RzINGg\"]},{\"@type\":\"Person\",\"@id\":\"https:\\\/\\\/jornaldasoficinas.com\\\/pt\\\/#\\\/schema\\\/person\\\/a38eef5de2c41d9e7c9ac10141afddf3\",\"name\":\"Reda\u00e7\u00e3o JO\",\"image\":{\"@type\":\"ImageObject\",\"inLanguage\":\"pt-PT\",\"@id\":\"https:\\\/\\\/secure.gravatar.com\\\/avatar\\\/71f2fa71737ad68a84fea94bc708ddac8ea5b0c4788dc2ad202f3ccb2887742f?s=96&d=wp_user_avatar&r=g\",\"url\":\"https:\\\/\\\/secure.gravatar.com\\\/avatar\\\/71f2fa71737ad68a84fea94bc708ddac8ea5b0c4788dc2ad202f3ccb2887742f?s=96&d=wp_user_avatar&r=g\",\"contentUrl\":\"https:\\\/\\\/secure.gravatar.com\\\/avatar\\\/71f2fa71737ad68a84fea94bc708ddac8ea5b0c4788dc2ad202f3ccb2887742f?s=96&d=wp_user_avatar&r=g\",\"caption\":\"Reda\u00e7\u00e3o JO\"},\"url\":\"https:\\\/\\\/jornaldasoficinas.com\\\/pt\\\/author\\\/joredacao\\\/\"}]}<\/script>\n<!-- \/ Yoast SEO plugin. -->","yoast_head_json":{"title":"FUCHS \u00e9 a escolha de elei\u00e7\u00e3o da oficina AMSPORT - Jornal das Oficinas","description":"Em entrevista \u00e0 BUSS, Jos\u00e9 Cruz explicou como tem sido a sua experi\u00eancia desde que come\u00e7ou a utilizar os produtos da marca na AMSPORTH","robots":{"index":"index","follow":"follow","max-snippet":"max-snippet:-1","max-image-preview":"max-image-preview:large","max-video-preview":"max-video-preview:-1"},"canonical":"https:\/\/jornaldasoficinas.com\/pt\/fuchs-e-a-escolha-de-eleicao-da-oficina-amsport\/","og_locale":"pt_PT","og_type":"article","og_title":"FUCHS \u00e9 a escolha de elei\u00e7\u00e3o da oficina AMSPORT - Jornal das Oficinas","og_description":"Em entrevista \u00e0 BUSS, Jos\u00e9 Cruz explicou como tem sido a sua experi\u00eancia desde que come\u00e7ou a utilizar os produtos da marca na AMSPORTH","og_url":"https:\/\/jornaldasoficinas.com\/pt\/fuchs-e-a-escolha-de-eleicao-da-oficina-amsport\/","og_site_name":"Jornal das Oficinas","article_publisher":"https:\/\/www.facebook.com\/jornaloficinas","article_published_time":"2024-10-04T11:30:11+00:00","article_modified_time":"2024-10-04T11:35:41+00:00","og_image":[{"width":1024,"height":581,"url":"https:\/\/jornaldasoficinas.com\/pt\/wp-content\/uploads\/2024\/10\/FUCHS-e-a-escolha-de-eleicao-da-oficina-AMSPORT.jpg","type":"image\/jpeg"}],"author":"Reda\u00e7\u00e3o JO","twitter_card":"summary_large_image","twitter_creator":"@jornaloficinas","twitter_site":"@jornaloficinas","twitter_misc":{"Escrito por":"Reda\u00e7\u00e3o JO","Tempo estimado de leitura":"3 minutos"},"schema":{"@context":"https:\/\/schema.org","@graph":[{"@type":"Article","@id":"https:\/\/jornaldasoficinas.com\/pt\/fuchs-e-a-escolha-de-eleicao-da-oficina-amsport\/#article","isPartOf":{"@id":"https:\/\/jornaldasoficinas.com\/pt\/fuchs-e-a-escolha-de-eleicao-da-oficina-amsport\/"},"author":{"name":"Reda\u00e7\u00e3o JO","@id":"https:\/\/jornaldasoficinas.com\/pt\/#\/schema\/person\/a38eef5de2c41d9e7c9ac10141afddf3"},"headline":"FUCHS \u00e9 a escolha de elei\u00e7\u00e3o da oficina AMSPORT","datePublished":"2024-10-04T11:30:11+00:00","dateModified":"2024-10-04T11:35:41+00:00","mainEntityOfPage":{"@id":"https:\/\/jornaldasoficinas.com\/pt\/fuchs-e-a-escolha-de-eleicao-da-oficina-amsport\/"},"wordCount":402,"publisher":{"@id":"https:\/\/jornaldasoficinas.com\/pt\/#organization"},"image":{"@id":"https:\/\/jornaldasoficinas.com\/pt\/fuchs-e-a-escolha-de-eleicao-da-oficina-amsport\/#primaryimage"},"thumbnailUrl":"https:\/\/jornaldasoficinas.com\/pt\/wp-content\/uploads\/2024\/10\/FUCHS-e-a-escolha-de-eleicao-da-oficina-AMSPORT.jpg","keywords":["alta tecnologia","AMSPORTH","BUSS","Fuchs","Lubrificantes","marca de elei\u00e7\u00e3o","Parceria"],"articleSection":["Entrevistas"],"inLanguage":"pt-PT"},{"@type":"WebPage","@id":"https:\/\/jornaldasoficinas.com\/pt\/fuchs-e-a-escolha-de-eleicao-da-oficina-amsport\/","url":"https:\/\/jornaldasoficinas.com\/pt\/fuchs-e-a-escolha-de-eleicao-da-oficina-amsport\/","name":"FUCHS \u00e9 a escolha de elei\u00e7\u00e3o da oficina AMSPORT - Jornal das Oficinas","isPartOf":{"@id":"https:\/\/jornaldasoficinas.com\/pt\/#website"},"primaryImageOfPage":{"@id":"https:\/\/jornaldasoficinas.com\/pt\/fuchs-e-a-escolha-de-eleicao-da-oficina-amsport\/#primaryimage"},"image":{"@id":"https:\/\/jornaldasoficinas.com\/pt\/fuchs-e-a-escolha-de-eleicao-da-oficina-amsport\/#primaryimage"},"thumbnailUrl":"https:\/\/jornaldasoficinas.com\/pt\/wp-content\/uploads\/2024\/10\/FUCHS-e-a-escolha-de-eleicao-da-oficina-AMSPORT.jpg","datePublished":"2024-10-04T11:30:11+00:00","dateModified":"2024-10-04T11:35:41+00:00","description":"Em entrevista \u00e0 BUSS, Jos\u00e9 Cruz explicou como tem sido a sua experi\u00eancia desde que come\u00e7ou a utilizar os produtos da marca na AMSPORTH","breadcrumb":{"@id":"https:\/\/jornaldasoficinas.com\/pt\/fuchs-e-a-escolha-de-eleicao-da-oficina-amsport\/#breadcrumb"},"inLanguage":"pt-PT","potentialAction":[{"@type":"ReadAction","target":["https:\/\/jornaldasoficinas.com\/pt\/fuchs-e-a-escolha-de-eleicao-da-oficina-amsport\/"]}]},{"@type":"ImageObject","inLanguage":"pt-PT","@id":"https:\/\/jornaldasoficinas.com\/pt\/fuchs-e-a-escolha-de-eleicao-da-oficina-amsport\/#primaryimage","url":"https:\/\/jornaldasoficinas.com\/pt\/wp-content\/uploads\/2024\/10\/FUCHS-e-a-escolha-de-eleicao-da-oficina-AMSPORT.jpg","contentUrl":"https:\/\/jornaldasoficinas.com\/pt\/wp-content\/uploads\/2024\/10\/FUCHS-e-a-escolha-de-eleicao-da-oficina-AMSPORT.jpg","width":1024,"height":581,"caption":"10 - FUCHS e a escolha de eleicao da oficina AMSPORT"},{"@type":"BreadcrumbList","@id":"https:\/\/jornaldasoficinas.com\/pt\/fuchs-e-a-escolha-de-eleicao-da-oficina-amsport\/#breadcrumb","itemListElement":[{"@type":"ListItem","position":1,"name":"In\u00edcio","item":"https:\/\/jornaldasoficinas.com\/pt\/"},{"@type":"ListItem","position":2,"name":"FUCHS \u00e9 a escolha de elei\u00e7\u00e3o da oficina AMSPORT"}]},{"@type":"WebSite","@id":"https:\/\/jornaldasoficinas.com\/pt\/#website","url":"https:\/\/jornaldasoficinas.com\/pt\/","name":"Jornal das Oficinas","description":"Jornal independente do Aftermarket Autom\u00f3vel em Portugal","publisher":{"@id":"https:\/\/jornaldasoficinas.com\/pt\/#organization"},"potentialAction":[{"@type":"SearchAction","target":{"@type":"EntryPoint","urlTemplate":"https:\/\/jornaldasoficinas.com\/pt\/?s={search_term_string}"},"query-input":{"@type":"PropertyValueSpecification","valueRequired":true,"valueName":"search_term_string"}}],"inLanguage":"pt-PT"},{"@type":"Organization","@id":"https:\/\/jornaldasoficinas.com\/pt\/#organization","name":"Jornal das Oficinas","url":"https:\/\/jornaldasoficinas.com\/pt\/","logo":{"@type":"ImageObject","inLanguage":"pt-PT","@id":"https:\/\/jornaldasoficinas.com\/pt\/#\/schema\/logo\/image\/","url":"https:\/\/jornaldasoficinas.com\/pt\/wp-content\/uploads\/logoJO-SEO.png","contentUrl":"https:\/\/jornaldasoficinas.com\/pt\/wp-content\/uploads\/logoJO-SEO.png","width":285,"height":450,"caption":"Jornal das Oficinas"},"image":{"@id":"https:\/\/jornaldasoficinas.com\/pt\/#\/schema\/logo\/image\/"},"sameAs":["https:\/\/www.facebook.com\/jornaloficinas","https:\/\/x.com\/jornaloficinas","https:\/\/www.instagram.com\/jornal_oficinas\/","https:\/\/www.linkedin.com\/company\/jornal-das-oficinas\/","https:\/\/www.youtube.com\/channel\/UCbQZBqtcvV-oSQrr7RzINGg"]},{"@type":"Person","@id":"https:\/\/jornaldasoficinas.com\/pt\/#\/schema\/person\/a38eef5de2c41d9e7c9ac10141afddf3","name":"Reda\u00e7\u00e3o JO","image":{"@type":"ImageObject","inLanguage":"pt-PT","@id":"https:\/\/secure.gravatar.com\/avatar\/71f2fa71737ad68a84fea94bc708ddac8ea5b0c4788dc2ad202f3ccb2887742f?s=96&d=wp_user_avatar&r=g","url":"https:\/\/secure.gravatar.com\/avatar\/71f2fa71737ad68a84fea94bc708ddac8ea5b0c4788dc2ad202f3ccb2887742f?s=96&d=wp_user_avatar&r=g","contentUrl":"https:\/\/secure.gravatar.com\/avatar\/71f2fa71737ad68a84fea94bc708ddac8ea5b0c4788dc2ad202f3ccb2887742f?s=96&d=wp_user_avatar&r=g","caption":"Reda\u00e7\u00e3o JO"},"url":"https:\/\/jornaldasoficinas.com\/pt\/author\/joredacao\/"}]}},"_links":{"self":[{"href":"https:\/\/jornaldasoficinas.com\/pt\/wp-json\/wp\/v2\/posts\/92082","targetHints":{"allow":["GET"]}}],"collection":[{"href":"https:\/\/jornaldasoficinas.com\/pt\/wp-json\/wp\/v2\/posts"}],"about":[{"href":"https:\/\/jornaldasoficinas.com\/pt\/wp-json\/wp\/v2\/types\/post"}],"author":[{"embeddable":true,"href":"https:\/\/jornaldasoficinas.com\/pt\/wp-json\/wp\/v2\/users\/15"}],"replies":[{"embeddable":true,"href":"https:\/\/jornaldasoficinas.com\/pt\/wp-json\/wp\/v2\/comments?post=92082"}],"version-history":[{"count":0,"href":"https:\/\/jornaldasoficinas.com\/pt\/wp-json\/wp\/v2\/posts\/92082\/revisions"}],"wp:featuredmedia":[{"embeddable":true,"href":"https:\/\/jornaldasoficinas.com\/pt\/wp-json\/wp\/v2\/media\/92091"}],"wp:attachment":[{"href":"https:\/\/jornaldasoficinas.com\/pt\/wp-json\/wp\/v2\/media?parent=92082"}],"wp:term":[{"taxonomy":"category","embeddable":true,"href":"https:\/\/jornaldasoficinas.com\/pt\/wp-json\/wp\/v2\/categories?post=92082"},{"taxonomy":"post_tag","embeddable":true,"href":"https:\/\/jornaldasoficinas.com\/pt\/wp-json\/wp\/v2\/tags?post=92082"}],"curies":[{"name":"wp","href":"https:\/\/api.w.org\/{rel}","templated":true}]}}